{"id":139307,"date":"2021-04-05T18:23:55","date_gmt":"2021-04-05T21:23:55","guid":{"rendered":"https:\/\/experienciadevida.com.ar\/portalurbano\/?p=139307"},"modified":"2021-04-05T18:25:20","modified_gmt":"2021-04-05T21:25:20","slug":"durante-el-mes-de-marzo-se-produjeron-22-siniestros-viales","status":"publish","type":"post","link":"https:\/\/experienciadevida.com.ar\/portalurbano\/durante-el-mes-de-marzo-se-produjeron-22-siniestros-viales\/","title":{"rendered":"Durante el mes de marzo se produjeron 22 siniestros viales"},"content":{"rendered":"<p>Durante el mes de marzo se produjeron 22 siniestros viales, seg\u00fan los datos relevados por el Ingeniero Marcos Pascua de portales digitales de nuestra ciudad durante el mes de marzo se produjeron esa cantidad de siniestros viales, que dejaron como\u00a0 consecuencia 22 personas heridas, 20 leves y 2\u00a0 graves, y una persona fallecida.<\/p>\n<p>Las zonas donde m\u00e1s siniestros viales se produjeron fueron el centro y microcentro alrededor de un 44% de los siniestros, seguido por el barrio Luj\u00e1n con el 19% de los eventos.<\/p>\n<p>De los siniestros ocurridos en marzo el 60% se produjeron en intersecciones, en su mayor\u00eda en cruces de calles con calles.<\/p>\n<p>La Avenida con mayor cantidad de eventos ocurridos fue Pringles con dos siniestros.<\/p>\n<p>Distribuci\u00f3n horaria:<\/p>\n<p>Seg\u00fan los datos analizados las franjas horarias con m\u00e1s siniestros ocurridos fueron en primer lugar la que abarca los horarios de entre las 10 y las 12 con el 28% seguida por la franja de entre las 18- 20 con el 22%.<\/p>\n<p>Usuarios involucrados:<\/p>\n<p>Seg\u00fan el an\u00e1lisis realizado respecto a los usuarios que se vieron involucrados en los siniestros se puede observar una gran implicancia de autom\u00f3viles (50%) seguidos de motocicletas (26%), sumando entre ambos (76%).<\/p>\n<p>La presencia de bicicletas se ubica en un tercer lugar con un 10%. Sobre este punto es importante destacar que los siniestros no se dan entre bicicletas, en cada uno de ellos hay un autom\u00f3vil involucrado.<\/p>\n<p>Costos sociales:<\/p>\n<p>Si de los costos sociales hablamos, las seis v\u00edctimas fatales, adem\u00e1s del valor humano que cada uno de ellos representa para sus familiares y amigos, le implicaron al Estado Municipal un total de $183.324.078 en car\u00e1cter de costos m\u00e9dicos, humanos, de p\u00e9rdida de productividad, costos de la propiedad y administrativos. Claro que este c\u00e1lculo es sin considerar a las personas heridas que implican en su mayor\u00eda costos m\u00e9dicos y una alta ocupaci\u00f3n de camas en un momento que ese es un recurso indispensable.<\/p>\n<p>Foto: archivo<\/p>\n","protected":false},"excerpt":{"rendered":"<p>Durante el mes de marzo se produjeron 22 siniestros viales, seg\u00fan los datos relevados por&#8230;<\/p>\n","protected":false},"author":1,"featured_media":135256,"comment_status":"closed","ping_status":"closed","sticky":false,"template":"","format":"standard","meta":{"content-type":""},"categories":[27,64],"tags":[],"nelio_content":{"isAutoShareEnabled":false,"autoShareEndMode":"default","automationSources":{"useContentSentences":true,"useSocialTemplates":true,"useCustomSentences":false,"customSentences":[]},"followers":[1],"suggestedReferences":[],"includedReferences":[],"efiUrl":"","efiAlt":"","highlights":[]},"yoast_head":"<!-- This site is optimized with the Yoast SEO plugin v20.7 - https:\/\/yoast.com\/wordpress\/plugins\/seo\/ -->\n<title>Durante el mes de marzo se produjeron 22 siniestros viales<\/title>\n<meta name=\"description\" content=\"Durante el mes de marzo se produjeron 22 siniestros viales, seg\u00fan los datos relevados por el Ingeniero Marcos Pascua de portales digitales\" \/>\n<meta name=\"robots\" content=\"index, follow, max-snippet:-1, max-image-preview:large, max-video-preview:-1\" \/>\n<link rel=\"canonical\" href=\"https:\/\/experienciadevida.com.ar\/portalurbano\/durante-el-mes-de-marzo-se-produjeron-22-siniestros-viales\/\" \/>\n<meta property=\"og:locale\" content=\"es_ES\" \/>\n<meta property=\"og:type\" content=\"article\" \/>\n<meta property=\"og:title\" content=\"Durante el mes de marzo se produjeron 22 siniestros viales\" \/>\n<meta property=\"og:description\" content=\"Durante el mes de marzo se produjeron 22 siniestros viales, seg\u00fan los datos relevados por el Ingeniero Marcos Pascua de portales digitales\" \/>\n<meta property=\"og:url\" content=\"https:\/\/experienciadevida.com.ar\/portalurbano\/durante-el-mes-de-marzo-se-produjeron-22-siniestros-viales\/\" \/>\n<meta property=\"article:publisher\" content=\"https:\/\/www.facebook.com\/Portal-Urbano-171542830093757\/\" \/>\n<meta property=\"article:published_time\" content=\"2021-04-05T21:23:55+00:00\" \/>\n<meta property=\"article:modified_time\" content=\"2021-04-05T21:25:20+00:00\" \/>\n<meta property=\"og:image\" content=\"https:\/\/experienciadevida.com.ar\/portalurbano\/wp-content\/uploads\/2021\/02\/Accidente-frente-a-la-terminal.jpg\" \/>\n\t<meta property=\"og:image:width\" content=\"952\" \/>\n\t<meta property=\"og:image:height\" content=\"635\" \/>\n\t<meta property=\"og:image:type\" content=\"image\/jpeg\" \/>\n<meta name=\"author\" content=\"admpu17wp\" \/>\n<meta name=\"twitter:card\" content=\"summary_large_image\" \/>\n<meta name=\"twitter:creator\" content=\"@portalurbanook\" \/>\n<meta name=\"twitter:site\" content=\"@portalurbanook\" \/>\n<meta name=\"twitter:label1\" content=\"Escrito por\" \/>\n\t<meta name=\"twitter:data1\" content=\"admpu17wp\" \/>\n\t<meta name=\"twitter:label2\" content=\"Tiempo de lectura\" \/>\n\t<meta name=\"twitter:data2\" content=\"2 minutos\" \/>\n<script type=\"application\/ld+json\" class=\"yoast-schema-graph\">{\"@context\":\"https:\/\/schema.org\",\"@graph\":[{\"@type\":\"Article\",\"@id\":\"https:\/\/experienciadevida.com.ar\/portalurbano\/durante-el-mes-de-marzo-se-produjeron-22-siniestros-viales\/#article\",\"isPartOf\":{\"@id\":\"https:\/\/experienciadevida.com.ar\/portalurbano\/durante-el-mes-de-marzo-se-produjeron-22-siniestros-viales\/\"},\"author\":{\"name\":\"admpu17wp\",\"@id\":\"https:\/\/experienciadevida.com.ar\/portalurbano\/#\/schema\/person\/02dd326b1c4b056e9cc972486934a3a7\"},\"headline\":\"Durante el mes de marzo se produjeron 22 siniestros viales\",\"datePublished\":\"2021-04-05T21:23:55+00:00\",\"dateModified\":\"2021-04-05T21:25:20+00:00\",\"mainEntityOfPage\":{\"@id\":\"https:\/\/experienciadevida.com.ar\/portalurbano\/durante-el-mes-de-marzo-se-produjeron-22-siniestros-viales\/\"},\"wordCount\":331,\"publisher\":{\"@id\":\"https:\/\/experienciadevida.com.ar\/portalurbano\/#organization\"},\"articleSection\":[\"Ciudad\",\"Destacadas 2\"],\"inLanguage\":\"es\"},{\"@type\":\"WebPage\",\"@id\":\"https:\/\/experienciadevida.com.ar\/portalurbano\/durante-el-mes-de-marzo-se-produjeron-22-siniestros-viales\/\",\"url\":\"https:\/\/experienciadevida.com.ar\/portalurbano\/durante-el-mes-de-marzo-se-produjeron-22-siniestros-viales\/\",\"name\":\"Durante el mes de marzo se produjeron 22 siniestros viales\",\"isPartOf\":{\"@id\":\"https:\/\/experienciadevida.com.ar\/portalurbano\/#website\"},\"datePublished\":\"2021-04-05T21:23:55+00:00\",\"dateModified\":\"2021-04-05T21:25:20+00:00\",\"description\":\"Durante el mes de marzo se produjeron 22 siniestros viales, seg\u00fan los datos relevados por el Ingeniero Marcos Pascua de portales digitales\",\"breadcrumb\":{\"@id\":\"https:\/\/experienciadevida.com.ar\/portalurbano\/durante-el-mes-de-marzo-se-produjeron-22-siniestros-viales\/#breadcrumb\"},\"inLanguage\":\"es\",\"potentialAction\":[{\"@type\":\"ReadAction\",\"target\":[\"https:\/\/experienciadevida.com.ar\/portalurbano\/durante-el-mes-de-marzo-se-produjeron-22-siniestros-viales\/\"]}]},{\"@type\":\"BreadcrumbList\",\"@id\":\"https:\/\/experienciadevida.com.ar\/portalurbano\/durante-el-mes-de-marzo-se-produjeron-22-siniestros-viales\/#breadcrumb\",\"itemListElement\":[{\"@type\":\"ListItem\",\"position\":1,\"name\":\"Portada\",\"item\":\"https:\/\/experienciadevida.com.ar\/portalurbano\/\"},{\"@type\":\"ListItem\",\"position\":2,\"name\":\"Durante el mes de marzo se produjeron 22 siniestros viales\"}]},{\"@type\":\"WebSite\",\"@id\":\"https:\/\/experienciadevida.com.ar\/portalurbano\/#website\",\"url\":\"https:\/\/experienciadevida.com.ar\/portalurbano\/\",\"name\":\"\",\"description\":\"\",\"publisher\":{\"@id\":\"https:\/\/experienciadevida.com.ar\/portalurbano\/#organization\"},\"potentialAction\":[{\"@type\":\"SearchAction\",\"target\":{\"@type\":\"EntryPoint\",\"urlTemplate\":\"https:\/\/experienciadevida.com.ar\/portalurbano\/?s={search_term_string}\"},\"query-input\":\"required name=search_term_string\"}],\"inLanguage\":\"es\"},{\"@type\":\"Organization\",\"@id\":\"https:\/\/experienciadevida.com.ar\/portalurbano\/#organization\",\"name\":\"Portal Urbano\",\"url\":\"https:\/\/experienciadevida.com.ar\/portalurbano\/\",\"logo\":{\"@type\":\"ImageObject\",\"inLanguage\":\"es\",\"@id\":\"https:\/\/experienciadevida.com.ar\/portalurbano\/#\/schema\/logo\/image\/\",\"url\":\"https:\/\/experienciadevida.com.ar\/portalurbano\/wp-content\/uploads\/2019\/09\/Logo-Original.png\",\"contentUrl\":\"https:\/\/experienciadevida.com.ar\/portalurbano\/wp-content\/uploads\/2019\/09\/Logo-Original.png\",\"width\":2236,\"height\":1216,\"caption\":\"Portal Urbano\"},\"image\":{\"@id\":\"https:\/\/experienciadevida.com.ar\/portalurbano\/#\/schema\/logo\/image\/\"},\"sameAs\":[\"https:\/\/www.facebook.com\/Portal-Urbano-171542830093757\/\",\"https:\/\/twitter.com\/portalurbanook\",\"https:\/\/www.instagram.com\/_portalurbano\/\",\"https:\/\/www.youtube.com\/channel\/UCXhagIfszH8KxFiOok79zbA?view_as=subscriber\"]},{\"@type\":\"Person\",\"@id\":\"https:\/\/experienciadevida.com.ar\/portalurbano\/#\/schema\/person\/02dd326b1c4b056e9cc972486934a3a7\",\"name\":\"admpu17wp\",\"image\":{\"@type\":\"ImageObject\",\"inLanguage\":\"es\",\"@id\":\"https:\/\/experienciadevida.com.ar\/portalurbano\/#\/schema\/person\/image\/\",\"url\":\"https:\/\/secure.gravatar.com\/avatar\/830d4c57adaae6630765e449a6908047?s=96&d=mm&r=g\",\"contentUrl\":\"https:\/\/secure.gravatar.com\/avatar\/830d4c57adaae6630765e449a6908047?s=96&d=mm&r=g\",\"caption\":\"admpu17wp\"}}]}<\/script>\n<!-- \/ Yoast SEO plugin. -->","yoast_head_json":{"title":"Durante el mes de marzo se produjeron 22 siniestros viales","description":"Durante el mes de marzo se produjeron 22 siniestros viales, seg\u00fan los datos relevados por el Ingeniero Marcos Pascua de portales digitales","robots":{"index":"index","follow":"follow","max-snippet":"max-snippet:-1","max-image-preview":"max-image-preview:large","max-video-preview":"max-video-preview:-1"},"canonical":"https:\/\/experienciadevida.com.ar\/portalurbano\/durante-el-mes-de-marzo-se-produjeron-22-siniestros-viales\/","og_locale":"es_ES","og_type":"article","og_title":"Durante el mes de marzo se produjeron 22 siniestros viales","og_description":"Durante el mes de marzo se produjeron 22 siniestros viales, seg\u00fan los datos relevados por el Ingeniero Marcos Pascua de portales digitales","og_url":"https:\/\/experienciadevida.com.ar\/portalurbano\/durante-el-mes-de-marzo-se-produjeron-22-siniestros-viales\/","article_publisher":"https:\/\/www.facebook.com\/Portal-Urbano-171542830093757\/","article_published_time":"2021-04-05T21:23:55+00:00","article_modified_time":"2021-04-05T21:25:20+00:00","og_image":[{"width":952,"height":635,"url":"https:\/\/experienciadevida.com.ar\/portalurbano\/wp-content\/uploads\/2021\/02\/Accidente-frente-a-la-terminal.jpg","type":"image\/jpeg"}],"author":"admpu17wp","twitter_card":"summary_large_image","twitter_creator":"@portalurbanook","twitter_site":"@portalurbanook","twitter_misc":{"Escrito por":"admpu17wp","Tiempo de lectura":"2 minutos"},"schema":{"@context":"https:\/\/schema.org","@graph":[{"@type":"Article","@id":"https:\/\/experienciadevida.com.ar\/portalurbano\/durante-el-mes-de-marzo-se-produjeron-22-siniestros-viales\/#article","isPartOf":{"@id":"https:\/\/experienciadevida.com.ar\/portalurbano\/durante-el-mes-de-marzo-se-produjeron-22-siniestros-viales\/"},"author":{"name":"admpu17wp","@id":"https:\/\/experienciadevida.com.ar\/portalurbano\/#\/schema\/person\/02dd326b1c4b056e9cc972486934a3a7"},"headline":"Durante el mes de marzo se produjeron 22 siniestros viales","datePublished":"2021-04-05T21:23:55+00:00","dateModified":"2021-04-05T21:25:20+00:00","mainEntityOfPage":{"@id":"https:\/\/experienciadevida.com.ar\/portalurbano\/durante-el-mes-de-marzo-se-produjeron-22-siniestros-viales\/"},"wordCount":331,"publisher":{"@id":"https:\/\/experienciadevida.com.ar\/portalurbano\/#organization"},"articleSection":["Ciudad","Destacadas 2"],"inLanguage":"es"},{"@type":"WebPage","@id":"https:\/\/experienciadevida.com.ar\/portalurbano\/durante-el-mes-de-marzo-se-produjeron-22-siniestros-viales\/","url":"https:\/\/experienciadevida.com.ar\/portalurbano\/durante-el-mes-de-marzo-se-produjeron-22-siniestros-viales\/","name":"Durante el mes de marzo se produjeron 22 siniestros viales","isPartOf":{"@id":"https:\/\/experienciadevida.com.ar\/portalurbano\/#website"},"datePublished":"2021-04-05T21:23:55+00:00","dateModified":"2021-04-05T21:25:20+00:00","description":"Durante el mes de marzo se produjeron 22 siniestros viales, seg\u00fan los datos relevados por el Ingeniero Marcos Pascua de portales digitales","breadcrumb":{"@id":"https:\/\/experienciadevida.com.ar\/portalurbano\/durante-el-mes-de-marzo-se-produjeron-22-siniestros-viales\/#breadcrumb"},"inLanguage":"es","potentialAction":[{"@type":"ReadAction","target":["https:\/\/experienciadevida.com.ar\/portalurbano\/durante-el-mes-de-marzo-se-produjeron-22-siniestros-viales\/"]}]},{"@type":"BreadcrumbList","@id":"https:\/\/experienciadevida.com.ar\/portalurbano\/durante-el-mes-de-marzo-se-produjeron-22-siniestros-viales\/#breadcrumb","itemListElement":[{"@type":"ListItem","position":1,"name":"Portada","item":"https:\/\/experienciadevida.com.ar\/portalurbano\/"},{"@type":"ListItem","position":2,"name":"Durante el mes de marzo se produjeron 22 siniestros viales"}]},{"@type":"WebSite","@id":"https:\/\/experienciadevida.com.ar\/portalurbano\/#website","url":"https:\/\/experienciadevida.com.ar\/portalurbano\/","name":"","description":"","publisher":{"@id":"https:\/\/experienciadevida.com.ar\/portalurbano\/#organization"},"potentialAction":[{"@type":"SearchAction","target":{"@type":"EntryPoint","urlTemplate":"https:\/\/experienciadevida.com.ar\/portalurbano\/?s={search_term_string}"},"query-input":"required name=search_term_string"}],"inLanguage":"es"},{"@type":"Organization","@id":"https:\/\/experienciadevida.com.ar\/portalurbano\/#organization","name":"Portal Urbano","url":"https:\/\/experienciadevida.com.ar\/portalurbano\/","logo":{"@type":"ImageObject","inLanguage":"es","@id":"https:\/\/experienciadevida.com.ar\/portalurbano\/#\/schema\/logo\/image\/","url":"https:\/\/experienciadevida.com.ar\/portalurbano\/wp-content\/uploads\/2019\/09\/Logo-Original.png","contentUrl":"https:\/\/experienciadevida.com.ar\/portalurbano\/wp-content\/uploads\/2019\/09\/Logo-Original.png","width":2236,"height":1216,"caption":"Portal Urbano"},"image":{"@id":"https:\/\/experienciadevida.com.ar\/portalurbano\/#\/schema\/logo\/image\/"},"sameAs":["https:\/\/www.facebook.com\/Portal-Urbano-171542830093757\/","https:\/\/twitter.com\/portalurbanook","https:\/\/www.instagram.com\/_portalurbano\/","https:\/\/www.youtube.com\/channel\/UCXhagIfszH8KxFiOok79zbA?view_as=subscriber"]},{"@type":"Person","@id":"https:\/\/experienciadevida.com.ar\/portalurbano\/#\/schema\/person\/02dd326b1c4b056e9cc972486934a3a7","name":"admpu17wp","image":{"@type":"ImageObject","inLanguage":"es","@id":"https:\/\/experienciadevida.com.ar\/portalurbano\/#\/schema\/person\/image\/","url":"https:\/\/secure.gravatar.com\/avatar\/830d4c57adaae6630765e449a6908047?s=96&d=mm&r=g","contentUrl":"https:\/\/secure.gravatar.com\/avatar\/830d4c57adaae6630765e449a6908047?s=96&d=mm&r=g","caption":"admpu17wp"}}]}},"featured_image_urls":{"full":["https:\/\/experienciadevida.com.ar\/portalurbano\/wp-content\/uploads\/2021\/02\/Accidente-frente-a-la-terminal.jpg",952,635,false],"thumbnail":["https:\/\/experienciadevida.com.ar\/portalurbano\/wp-content\/uploads\/2021\/02\/Accidente-frente-a-la-terminal-150x150.jpg",150,150,true],"medium":["https:\/\/experienciadevida.com.ar\/portalurbano\/wp-content\/uploads\/2021\/02\/Accidente-frente-a-la-terminal-300x200.jpg",300,200,true],"medium_large":["https:\/\/experienciadevida.com.ar\/portalurbano\/wp-content\/uploads\/2021\/02\/Accidente-frente-a-la-terminal-768x512.jpg",640,427,true],"large":["https:\/\/experienciadevida.com.ar\/portalurbano\/wp-content\/uploads\/2021\/02\/Accidente-frente-a-la-terminal.jpg",640,427,false],"ug_big":["https:\/\/experienciadevida.com.ar\/portalurbano\/wp-content\/uploads\/2021\/02\/Accidente-frente-a-la-terminal-768x512.jpg",768,512,true],"1536x1536":["https:\/\/experienciadevida.com.ar\/portalurbano\/wp-content\/uploads\/2021\/02\/Accidente-frente-a-la-terminal.jpg",952,635,false],"2048x2048":["https:\/\/experienciadevida.com.ar\/portalurbano\/wp-content\/uploads\/2021\/02\/Accidente-frente-a-la-terminal.jpg",952,635,false],"newsever-slider-full":["https:\/\/experienciadevida.com.ar\/portalurbano\/wp-content\/uploads\/2021\/02\/Accidente-frente-a-la-terminal.jpg",952,635,false],"newsever-featured":["https:\/\/experienciadevida.com.ar\/portalurbano\/wp-content\/uploads\/2021\/02\/Accidente-frente-a-la-terminal.jpg",952,635,false],"newsever-medium":["https:\/\/experienciadevida.com.ar\/portalurbano\/wp-content\/uploads\/2021\/02\/Accidente-frente-a-la-terminal.jpg",712,475,false],"web-stories-poster-portrait":["https:\/\/experienciadevida.com.ar\/portalurbano\/wp-content\/uploads\/2021\/02\/Accidente-frente-a-la-terminal.jpg",640,427,false],"web-stories-publisher-logo":["https:\/\/experienciadevida.com.ar\/portalurbano\/wp-content\/uploads\/2021\/02\/Accidente-frente-a-la-terminal.jpg",96,64,false],"web-stories-thumbnail":["https:\/\/experienciadevida.com.ar\/portalurbano\/wp-content\/uploads\/2021\/02\/Accidente-frente-a-la-terminal.jpg",150,100,false]},"author_info":{"display_name":"admpu17wp","author_link":"https:\/\/experienciadevida.com.ar\/portalurbano\/author\/admpu17wp\/"},"category_info":"<a href=\"https:\/\/experienciadevida.com.ar\/portalurbano\/category\/ciudad\/\" rel=\"category tag\">Ciudad<\/a> <a href=\"https:\/\/experienciadevida.com.ar\/portalurbano\/category\/destacadas-2\/\" rel=\"category tag\">Destacadas 2<\/a>","tag_info":"Destacadas 2","comment_count":"0","amp_enabled":true,"_links":{"self":[{"href":"https:\/\/experienciadevida.com.ar\/portalurbano\/wp-json\/wp\/v2\/posts\/139307"}],"collection":[{"href":"https:\/\/experienciadevida.com.ar\/portalurbano\/wp-json\/wp\/v2\/posts"}],"about":[{"href":"https:\/\/experienciadevida.com.ar\/portalurbano\/wp-json\/wp\/v2\/types\/post"}],"author":[{"embeddable":true,"href":"https:\/\/experienciadevida.com.ar\/portalurbano\/wp-json\/wp\/v2\/users\/1"}],"replies":[{"embeddable":true,"href":"https:\/\/experienciadevida.com.ar\/portalurbano\/wp-json\/wp\/v2\/comments?post=139307"}],"version-history":[{"count":1,"href":"https:\/\/experienciadevida.com.ar\/portalurbano\/wp-json\/wp\/v2\/posts\/139307\/revisions"}],"predecessor-version":[{"id":139311,"href":"https:\/\/experienciadevida.com.ar\/portalurbano\/wp-json\/wp\/v2\/posts\/139307\/revisions\/139311"}],"wp:featuredmedia":[{"embeddable":true,"href":"https:\/\/experienciadevida.com.ar\/portalurbano\/wp-json\/wp\/v2\/media\/135256"}],"wp:attachment":[{"href":"https:\/\/experienciadevida.com.ar\/portalurbano\/wp-json\/wp\/v2\/media?parent=139307"}],"wp:term":[{"taxonomy":"category","embeddable":true,"href":"https:\/\/experienciadevida.com.ar\/portalurbano\/wp-json\/wp\/v2\/categories?post=139307"},{"taxonomy":"post_tag","embeddable":true,"href":"https:\/\/experienciadevida.com.ar\/portalurbano\/wp-json\/wp\/v2\/tags?post=139307"}],"curies":[{"name":"wp","href":"https:\/\/api.w.org\/{rel}","templated":true}]}}