{"id":139291,"date":"2021-04-05T12:53:11","date_gmt":"2021-04-05T15:53:11","guid":{"rendered":"https:\/\/experienciadevida.com.ar\/portalurbano\/?p=139291"},"modified":"2021-04-05T13:03:33","modified_gmt":"2021-04-05T16:03:33","slug":"con-una-inversion-de-mas-de-20-millones-se-inicio-la-obra-de-cloacas-en-loma-negra","status":"publish","type":"post","link":"https:\/\/experienciadevida.com.ar\/portalurbano\/con-una-inversion-de-mas-de-20-millones-se-inicio-la-obra-de-cloacas-en-loma-negra\/","title":{"rendered":"Con una inversi\u00f3n de m\u00e1s de $20 millones se inici\u00f3 la obra de cloacas en Loma Negra"},"content":{"rendered":"<p>Con una inversi\u00f3n de m\u00e1s de $20 millones se inici\u00f3 la obra de cloacas en Loma Negra, en la ma\u00f1ana de este lunes el Intendente Ezequiel Galli visit\u00f3 la localidad de Loma Negra, donde actualmente se encuentra en marcha la obra de ampliaci\u00f3n de la red cloacal, que permitir\u00e1 beneficiar a futuro a una poblaci\u00f3n de 760 habitantes.<\/p>\n<p>Se trata de la primera parte de la segunda etapa que abarca un total de 20 manzanas aproximadamente, con una inversi\u00f3n calculada en $21.299.578,76, proveniente de recursos provinciales.<\/p>\n<p>La ampliaci\u00f3n incluye las redes de desag\u00fces cloacales comprendidas entre: Av. Libertad, Av. de los Inmigrantes, calle J. Becker y Av. Alberdi. Cabe aclarar que en Av. Libertad el servicio llegar\u00e1 a ambas aceras desde Av. Alberdi hasta Av. 9 de Julio donde el proyecto tiene su salida hacia el colector de 250 mm existente. De esta manera, se lograr\u00e1 cubrir con el servicio sanitario unas 318 conexiones.<\/p>\n<p>Las redes se conectar\u00e1n al colector existente en la Avda. 9 de Julio y calle Libertad y las mismas podr\u00e1n habilitarse inmediatamente luego de la finalizaci\u00f3n de la obra.<\/p>\n<p>Durante la recorrida el Intendente estuvo acompa\u00f1ado por el secretario de Mantenimiento y Obras P\u00fablicas de la Municipalidad Julio Ferraro, quien agreg\u00f3 que la obra se encuentra adjudicada a la empresa Obras Civiles Alis. S.A.<\/p>\n<p>Puntualmente, la obra comprende las calles: Alberdi entre Av. De los Inmigrantes y Av. Libertad, Santa Elena entre Av. De los Inmigrantes y Av. Libertad, Sarmiento entre Av. De los Inmigrantes y Av. Libertad, Brown entre Av. De los Inmigrantes y Av. Libertad, Av. 25 de mayo entre Av. De los Inmigrantes y Av. Libertad, A. Argentina entre Av. De los Inmigrantes y Av. Libertad, J. Becker entre Pte. H. Yrigoyen y Av. Libertad, 1\u00b0 de Mayo entre Alberdi y J. Becker, Pte. H. Yrigoyen entre Alberdi y J. Becker y Av. Libertad entre Alberdi y Av. 9 de julio.<\/p>\n","protected":false},"excerpt":{"rendered":"<p>Con una inversi\u00f3n de m\u00e1s de $20 millones se inici\u00f3 la obra de cloacas en&#8230;<\/p>\n","protected":false},"author":1,"featured_media":139292,"comment_status":"closed","ping_status":"closed","sticky":false,"template":"","format":"standard","meta":{"content-type":""},"categories":[27,64],"tags":[],"nelio_content":{"isAutoShareEnabled":false,"autoShareEndMode":"default","automationSources":{"useContentSentences":true,"useSocialTemplates":true,"useCustomSentences":false,"customSentences":[]},"followers":[1],"suggestedReferences":[],"includedReferences":[],"efiUrl":"","efiAlt":"","highlights":[]},"yoast_head":"<!-- This site is optimized with the Yoast SEO plugin v20.7 - https:\/\/yoast.com\/wordpress\/plugins\/seo\/ -->\n<title>Con una inversi\u00f3n de m\u00e1s de 20 millones se inici\u00f3 la obra de cloacas<\/title>\n<meta name=\"description\" content=\"Con una inversi\u00f3n de m\u00e1s de $20 millones se inici\u00f3 la obra de cloacas en Loma Negra, se encuentra en marcha la obra que beneficiar\u00e1 a futuro.\" \/>\n<meta name=\"robots\" content=\"index, follow, max-snippet:-1, max-image-preview:large, max-video-preview:-1\" \/>\n<link rel=\"canonical\" href=\"https:\/\/experienciadevida.com.ar\/portalurbano\/con-una-inversion-de-mas-de-20-millones-se-inicio-la-obra-de-cloacas-en-loma-negra\/\" \/>\n<meta property=\"og:locale\" content=\"es_ES\" \/>\n<meta property=\"og:type\" content=\"article\" \/>\n<meta property=\"og:title\" content=\"Con una inversi\u00f3n de m\u00e1s de 20 millones se inici\u00f3 la obra de cloacas\" \/>\n<meta property=\"og:description\" content=\"Con una inversi\u00f3n de m\u00e1s de $20 millones se inici\u00f3 la obra de cloacas en Loma Negra, se encuentra en marcha la obra que beneficiar\u00e1 a futuro.\" \/>\n<meta property=\"og:url\" content=\"https:\/\/experienciadevida.com.ar\/portalurbano\/con-una-inversion-de-mas-de-20-millones-se-inicio-la-obra-de-cloacas-en-loma-negra\/\" \/>\n<meta property=\"article:publisher\" content=\"https:\/\/www.facebook.com\/Portal-Urbano-171542830093757\/\" \/>\n<meta property=\"article:published_time\" content=\"2021-04-05T15:53:11+00:00\" \/>\n<meta property=\"article:modified_time\" content=\"2021-04-05T16:03:33+00:00\" \/>\n<meta property=\"og:image\" content=\"https:\/\/experienciadevida.com.ar\/portalurbano\/wp-content\/uploads\/2021\/04\/Con-una-inversion-de-mas.jpg\" \/>\n\t<meta property=\"og:image:width\" content=\"2560\" \/>\n\t<meta property=\"og:image:height\" content=\"1711\" \/>\n\t<meta property=\"og:image:type\" content=\"image\/jpeg\" \/>\n<meta name=\"author\" content=\"admpu17wp\" \/>\n<meta name=\"twitter:card\" content=\"summary_large_image\" \/>\n<meta name=\"twitter:creator\" content=\"@portalurbanook\" \/>\n<meta name=\"twitter:site\" content=\"@portalurbanook\" \/>\n<meta name=\"twitter:label1\" content=\"Escrito por\" \/>\n\t<meta name=\"twitter:data1\" content=\"admpu17wp\" \/>\n\t<meta name=\"twitter:label2\" content=\"Tiempo de lectura\" \/>\n\t<meta name=\"twitter:data2\" content=\"2 minutos\" \/>\n<script type=\"application\/ld+json\" class=\"yoast-schema-graph\">{\"@context\":\"https:\/\/schema.org\",\"@graph\":[{\"@type\":\"Article\",\"@id\":\"https:\/\/experienciadevida.com.ar\/portalurbano\/con-una-inversion-de-mas-de-20-millones-se-inicio-la-obra-de-cloacas-en-loma-negra\/#article\",\"isPartOf\":{\"@id\":\"https:\/\/experienciadevida.com.ar\/portalurbano\/con-una-inversion-de-mas-de-20-millones-se-inicio-la-obra-de-cloacas-en-loma-negra\/\"},\"author\":{\"name\":\"admpu17wp\",\"@id\":\"https:\/\/experienciadevida.com.ar\/portalurbano\/#\/schema\/person\/02dd326b1c4b056e9cc972486934a3a7\"},\"headline\":\"Con una inversi\u00f3n de m\u00e1s de $20 millones se inici\u00f3 la obra de cloacas en Loma Negra\",\"datePublished\":\"2021-04-05T15:53:11+00:00\",\"dateModified\":\"2021-04-05T16:03:33+00:00\",\"mainEntityOfPage\":{\"@id\":\"https:\/\/experienciadevida.com.ar\/portalurbano\/con-una-inversion-de-mas-de-20-millones-se-inicio-la-obra-de-cloacas-en-loma-negra\/\"},\"wordCount\":339,\"publisher\":{\"@id\":\"https:\/\/experienciadevida.com.ar\/portalurbano\/#organization\"},\"articleSection\":[\"Ciudad\",\"Destacadas 2\"],\"inLanguage\":\"es\"},{\"@type\":\"WebPage\",\"@id\":\"https:\/\/experienciadevida.com.ar\/portalurbano\/con-una-inversion-de-mas-de-20-millones-se-inicio-la-obra-de-cloacas-en-loma-negra\/\",\"url\":\"https:\/\/experienciadevida.com.ar\/portalurbano\/con-una-inversion-de-mas-de-20-millones-se-inicio-la-obra-de-cloacas-en-loma-negra\/\",\"name\":\"Con una inversi\u00f3n de m\u00e1s de 20 millones se inici\u00f3 la obra de cloacas\",\"isPartOf\":{\"@id\":\"https:\/\/experienciadevida.com.ar\/portalurbano\/#website\"},\"datePublished\":\"2021-04-05T15:53:11+00:00\",\"dateModified\":\"2021-04-05T16:03:33+00:00\",\"description\":\"Con una inversi\u00f3n de m\u00e1s de $20 millones se inici\u00f3 la obra de cloacas en Loma Negra, se encuentra en marcha la obra que beneficiar\u00e1 a futuro.\",\"breadcrumb\":{\"@id\":\"https:\/\/experienciadevida.com.ar\/portalurbano\/con-una-inversion-de-mas-de-20-millones-se-inicio-la-obra-de-cloacas-en-loma-negra\/#breadcrumb\"},\"inLanguage\":\"es\",\"potentialAction\":[{\"@type\":\"ReadAction\",\"target\":[\"https:\/\/experienciadevida.com.ar\/portalurbano\/con-una-inversion-de-mas-de-20-millones-se-inicio-la-obra-de-cloacas-en-loma-negra\/\"]}]},{\"@type\":\"BreadcrumbList\",\"@id\":\"https:\/\/experienciadevida.com.ar\/portalurbano\/con-una-inversion-de-mas-de-20-millones-se-inicio-la-obra-de-cloacas-en-loma-negra\/#breadcrumb\",\"itemListElement\":[{\"@type\":\"ListItem\",\"position\":1,\"name\":\"Portada\",\"item\":\"https:\/\/experienciadevida.com.ar\/portalurbano\/\"},{\"@type\":\"ListItem\",\"position\":2,\"name\":\"Con una inversi\u00f3n de m\u00e1s de $20 millones se inici\u00f3 la obra de cloacas en Loma Negra\"}]},{\"@type\":\"WebSite\",\"@id\":\"https:\/\/experienciadevida.com.ar\/portalurbano\/#website\",\"url\":\"https:\/\/experienciadevida.com.ar\/portalurbano\/\",\"name\":\"\",\"description\":\"\",\"publisher\":{\"@id\":\"https:\/\/experienciadevida.com.ar\/portalurbano\/#organization\"},\"potentialAction\":[{\"@type\":\"SearchAction\",\"target\":{\"@type\":\"EntryPoint\",\"urlTemplate\":\"https:\/\/experienciadevida.com.ar\/portalurbano\/?s={search_term_string}\"},\"query-input\":\"required name=search_term_string\"}],\"inLanguage\":\"es\"},{\"@type\":\"Organization\",\"@id\":\"https:\/\/experienciadevida.com.ar\/portalurbano\/#organization\",\"name\":\"Portal Urbano\",\"url\":\"https:\/\/experienciadevida.com.ar\/portalurbano\/\",\"logo\":{\"@type\":\"ImageObject\",\"inLanguage\":\"es\",\"@id\":\"https:\/\/experienciadevida.com.ar\/portalurbano\/#\/schema\/logo\/image\/\",\"url\":\"https:\/\/experienciadevida.com.ar\/portalurbano\/wp-content\/uploads\/2019\/09\/Logo-Original.png\",\"contentUrl\":\"https:\/\/experienciadevida.com.ar\/portalurbano\/wp-content\/uploads\/2019\/09\/Logo-Original.png\",\"width\":2236,\"height\":1216,\"caption\":\"Portal Urbano\"},\"image\":{\"@id\":\"https:\/\/experienciadevida.com.ar\/portalurbano\/#\/schema\/logo\/image\/\"},\"sameAs\":[\"https:\/\/www.facebook.com\/Portal-Urbano-171542830093757\/\",\"https:\/\/twitter.com\/portalurbanook\",\"https:\/\/www.instagram.com\/_portalurbano\/\",\"https:\/\/www.youtube.com\/channel\/UCXhagIfszH8KxFiOok79zbA?view_as=subscriber\"]},{\"@type\":\"Person\",\"@id\":\"https:\/\/experienciadevida.com.ar\/portalurbano\/#\/schema\/person\/02dd326b1c4b056e9cc972486934a3a7\",\"name\":\"admpu17wp\",\"image\":{\"@type\":\"ImageObject\",\"inLanguage\":\"es\",\"@id\":\"https:\/\/experienciadevida.com.ar\/portalurbano\/#\/schema\/person\/image\/\",\"url\":\"https:\/\/secure.gravatar.com\/avatar\/830d4c57adaae6630765e449a6908047?s=96&d=mm&r=g\",\"contentUrl\":\"https:\/\/secure.gravatar.com\/avatar\/830d4c57adaae6630765e449a6908047?s=96&d=mm&r=g\",\"caption\":\"admpu17wp\"}}]}<\/script>\n<!-- \/ Yoast SEO plugin. -->","yoast_head_json":{"title":"Con una inversi\u00f3n de m\u00e1s de 20 millones se inici\u00f3 la obra de cloacas","description":"Con una inversi\u00f3n de m\u00e1s de $20 millones se inici\u00f3 la obra de cloacas en Loma Negra, se encuentra en marcha la obra que beneficiar\u00e1 a futuro.","robots":{"index":"index","follow":"follow","max-snippet":"max-snippet:-1","max-image-preview":"max-image-preview:large","max-video-preview":"max-video-preview:-1"},"canonical":"https:\/\/experienciadevida.com.ar\/portalurbano\/con-una-inversion-de-mas-de-20-millones-se-inicio-la-obra-de-cloacas-en-loma-negra\/","og_locale":"es_ES","og_type":"article","og_title":"Con una inversi\u00f3n de m\u00e1s de 20 millones se inici\u00f3 la obra de cloacas","og_description":"Con una inversi\u00f3n de m\u00e1s de $20 millones se inici\u00f3 la obra de cloacas en Loma Negra, se encuentra en marcha la obra que beneficiar\u00e1 a futuro.","og_url":"https:\/\/experienciadevida.com.ar\/portalurbano\/con-una-inversion-de-mas-de-20-millones-se-inicio-la-obra-de-cloacas-en-loma-negra\/","article_publisher":"https:\/\/www.facebook.com\/Portal-Urbano-171542830093757\/","article_published_time":"2021-04-05T15:53:11+00:00","article_modified_time":"2021-04-05T16:03:33+00:00","og_image":[{"width":2560,"height":1711,"url":"https:\/\/experienciadevida.com.ar\/portalurbano\/wp-content\/uploads\/2021\/04\/Con-una-inversion-de-mas.jpg","type":"image\/jpeg"}],"author":"admpu17wp","twitter_card":"summary_large_image","twitter_creator":"@portalurbanook","twitter_site":"@portalurbanook","twitter_misc":{"Escrito por":"admpu17wp","Tiempo de lectura":"2 minutos"},"schema":{"@context":"https:\/\/schema.org","@graph":[{"@type":"Article","@id":"https:\/\/experienciadevida.com.ar\/portalurbano\/con-una-inversion-de-mas-de-20-millones-se-inicio-la-obra-de-cloacas-en-loma-negra\/#article","isPartOf":{"@id":"https:\/\/experienciadevida.com.ar\/portalurbano\/con-una-inversion-de-mas-de-20-millones-se-inicio-la-obra-de-cloacas-en-loma-negra\/"},"author":{"name":"admpu17wp","@id":"https:\/\/experienciadevida.com.ar\/portalurbano\/#\/schema\/person\/02dd326b1c4b056e9cc972486934a3a7"},"headline":"Con una inversi\u00f3n de m\u00e1s de $20 millones se inici\u00f3 la obra de cloacas en Loma Negra","datePublished":"2021-04-05T15:53:11+00:00","dateModified":"2021-04-05T16:03:33+00:00","mainEntityOfPage":{"@id":"https:\/\/experienciadevida.com.ar\/portalurbano\/con-una-inversion-de-mas-de-20-millones-se-inicio-la-obra-de-cloacas-en-loma-negra\/"},"wordCount":339,"publisher":{"@id":"https:\/\/experienciadevida.com.ar\/portalurbano\/#organization"},"articleSection":["Ciudad","Destacadas 2"],"inLanguage":"es"},{"@type":"WebPage","@id":"https:\/\/experienciadevida.com.ar\/portalurbano\/con-una-inversion-de-mas-de-20-millones-se-inicio-la-obra-de-cloacas-en-loma-negra\/","url":"https:\/\/experienciadevida.com.ar\/portalurbano\/con-una-inversion-de-mas-de-20-millones-se-inicio-la-obra-de-cloacas-en-loma-negra\/","name":"Con una inversi\u00f3n de m\u00e1s de 20 millones se inici\u00f3 la obra de cloacas","isPartOf":{"@id":"https:\/\/experienciadevida.com.ar\/portalurbano\/#website"},"datePublished":"2021-04-05T15:53:11+00:00","dateModified":"2021-04-05T16:03:33+00:00","description":"Con una inversi\u00f3n de m\u00e1s de $20 millones se inici\u00f3 la obra de cloacas en Loma Negra, se encuentra en marcha la obra que beneficiar\u00e1 a futuro.","breadcrumb":{"@id":"https:\/\/experienciadevida.com.ar\/portalurbano\/con-una-inversion-de-mas-de-20-millones-se-inicio-la-obra-de-cloacas-en-loma-negra\/#breadcrumb"},"inLanguage":"es","potentialAction":[{"@type":"ReadAction","target":["https:\/\/experienciadevida.com.ar\/portalurbano\/con-una-inversion-de-mas-de-20-millones-se-inicio-la-obra-de-cloacas-en-loma-negra\/"]}]},{"@type":"BreadcrumbList","@id":"https:\/\/experienciadevida.com.ar\/portalurbano\/con-una-inversion-de-mas-de-20-millones-se-inicio-la-obra-de-cloacas-en-loma-negra\/#breadcrumb","itemListElement":[{"@type":"ListItem","position":1,"name":"Portada","item":"https:\/\/experienciadevida.com.ar\/portalurbano\/"},{"@type":"ListItem","position":2,"name":"Con una inversi\u00f3n de m\u00e1s de $20 millones se inici\u00f3 la obra de cloacas en Loma Negra"}]},{"@type":"WebSite","@id":"https:\/\/experienciadevida.com.ar\/portalurbano\/#website","url":"https:\/\/experienciadevida.com.ar\/portalurbano\/","name":"","description":"","publisher":{"@id":"https:\/\/experienciadevida.com.ar\/portalurbano\/#organization"},"potentialAction":[{"@type":"SearchAction","target":{"@type":"EntryPoint","urlTemplate":"https:\/\/experienciadevida.com.ar\/portalurbano\/?s={search_term_string}"},"query-input":"required name=search_term_string"}],"inLanguage":"es"},{"@type":"Organization","@id":"https:\/\/experienciadevida.com.ar\/portalurbano\/#organization","name":"Portal Urbano","url":"https:\/\/experienciadevida.com.ar\/portalurbano\/","logo":{"@type":"ImageObject","inLanguage":"es","@id":"https:\/\/experienciadevida.com.ar\/portalurbano\/#\/schema\/logo\/image\/","url":"https:\/\/experienciadevida.com.ar\/portalurbano\/wp-content\/uploads\/2019\/09\/Logo-Original.png","contentUrl":"https:\/\/experienciadevida.com.ar\/portalurbano\/wp-content\/uploads\/2019\/09\/Logo-Original.png","width":2236,"height":1216,"caption":"Portal Urbano"},"image":{"@id":"https:\/\/experienciadevida.com.ar\/portalurbano\/#\/schema\/logo\/image\/"},"sameAs":["https:\/\/www.facebook.com\/Portal-Urbano-171542830093757\/","https:\/\/twitter.com\/portalurbanook","https:\/\/www.instagram.com\/_portalurbano\/","https:\/\/www.youtube.com\/channel\/UCXhagIfszH8KxFiOok79zbA?view_as=subscriber"]},{"@type":"Person","@id":"https:\/\/experienciadevida.com.ar\/portalurbano\/#\/schema\/person\/02dd326b1c4b056e9cc972486934a3a7","name":"admpu17wp","image":{"@type":"ImageObject","inLanguage":"es","@id":"https:\/\/experienciadevida.com.ar\/portalurbano\/#\/schema\/person\/image\/","url":"https:\/\/secure.gravatar.com\/avatar\/830d4c57adaae6630765e449a6908047?s=96&d=mm&r=g","contentUrl":"https:\/\/secure.gravatar.com\/avatar\/830d4c57adaae6630765e449a6908047?s=96&d=mm&r=g","caption":"admpu17wp"}}]}},"featured_image_urls":{"full":["https:\/\/experienciadevida.com.ar\/portalurbano\/wp-content\/uploads\/2021\/04\/Con-una-inversion-de-mas.jpg",2560,1711,false],"thumbnail":["https:\/\/experienciadevida.com.ar\/portalurbano\/wp-content\/uploads\/2021\/04\/Con-una-inversion-de-mas-150x150.jpg",150,150,true],"medium":["https:\/\/experienciadevida.com.ar\/portalurbano\/wp-content\/uploads\/2021\/04\/Con-una-inversion-de-mas-300x201.jpg",300,201,true],"medium_large":["https:\/\/experienciadevida.com.ar\/portalurbano\/wp-content\/uploads\/2021\/04\/Con-una-inversion-de-mas-768x513.jpg",640,428,true],"large":["https:\/\/experienciadevida.com.ar\/portalurbano\/wp-content\/uploads\/2021\/04\/Con-una-inversion-de-mas-1024x684.jpg",640,428,true],"ug_big":["https:\/\/experienciadevida.com.ar\/portalurbano\/wp-content\/uploads\/2021\/04\/Con-una-inversion-de-mas-768x513.jpg",768,513,true],"1536x1536":["https:\/\/experienciadevida.com.ar\/portalurbano\/wp-content\/uploads\/2021\/04\/Con-una-inversion-de-mas-1536x1027.jpg",1536,1027,true],"2048x2048":["https:\/\/experienciadevida.com.ar\/portalurbano\/wp-content\/uploads\/2021\/04\/Con-una-inversion-de-mas-2048x1369.jpg",2048,1369,true],"newsever-slider-full":["https:\/\/experienciadevida.com.ar\/portalurbano\/wp-content\/uploads\/2021\/04\/Con-una-inversion-de-mas.jpg",1264,845,false],"newsever-featured":["https:\/\/experienciadevida.com.ar\/portalurbano\/wp-content\/uploads\/2021\/04\/Con-una-inversion-de-mas.jpg",1024,684,false],"newsever-medium":["https:\/\/experienciadevida.com.ar\/portalurbano\/wp-content\/uploads\/2021\/04\/Con-una-inversion-de-mas.jpg",711,475,false],"web-stories-poster-portrait":["https:\/\/experienciadevida.com.ar\/portalurbano\/wp-content\/uploads\/2021\/04\/Con-una-inversion-de-mas.jpg",640,428,false],"web-stories-publisher-logo":["https:\/\/experienciadevida.com.ar\/portalurbano\/wp-content\/uploads\/2021\/04\/Con-una-inversion-de-mas.jpg",96,64,false],"web-stories-thumbnail":["https:\/\/experienciadevida.com.ar\/portalurbano\/wp-content\/uploads\/2021\/04\/Con-una-inversion-de-mas.jpg",150,100,false]},"author_info":{"display_name":"admpu17wp","author_link":"https:\/\/experienciadevida.com.ar\/portalurbano\/author\/admpu17wp\/"},"category_info":"<a href=\"https:\/\/experienciadevida.com.ar\/portalurbano\/category\/ciudad\/\" rel=\"category tag\">Ciudad<\/a> <a href=\"https:\/\/experienciadevida.com.ar\/portalurbano\/category\/destacadas-2\/\" rel=\"category tag\">Destacadas 2<\/a>","tag_info":"Destacadas 2","comment_count":"0","amp_enabled":true,"_links":{"self":[{"href":"https:\/\/experienciadevida.com.ar\/portalurbano\/wp-json\/wp\/v2\/posts\/139291"}],"collection":[{"href":"https:\/\/experienciadevida.com.ar\/portalurbano\/wp-json\/wp\/v2\/posts"}],"about":[{"href":"https:\/\/experienciadevida.com.ar\/portalurbano\/wp-json\/wp\/v2\/types\/post"}],"author":[{"embeddable":true,"href":"https:\/\/experienciadevida.com.ar\/portalurbano\/wp-json\/wp\/v2\/users\/1"}],"replies":[{"embeddable":true,"href":"https:\/\/experienciadevida.com.ar\/portalurbano\/wp-json\/wp\/v2\/comments?post=139291"}],"version-history":[{"count":2,"href":"https:\/\/experienciadevida.com.ar\/portalurbano\/wp-json\/wp\/v2\/posts\/139291\/revisions"}],"predecessor-version":[{"id":139294,"href":"https:\/\/experienciadevida.com.ar\/portalurbano\/wp-json\/wp\/v2\/posts\/139291\/revisions\/139294"}],"wp:featuredmedia":[{"embeddable":true,"href":"https:\/\/experienciadevida.com.ar\/portalurbano\/wp-json\/wp\/v2\/media\/139292"}],"wp:attachment":[{"href":"https:\/\/experienciadevida.com.ar\/portalurbano\/wp-json\/wp\/v2\/media?parent=139291"}],"wp:term":[{"taxonomy":"category","embeddable":true,"href":"https:\/\/experienciadevida.com.ar\/portalurbano\/wp-json\/wp\/v2\/categories?post=139291"},{"taxonomy":"post_tag","embeddable":true,"href":"https:\/\/experienciadevida.com.ar\/portalurbano\/wp-json\/wp\/v2\/tags?post=139291"}],"curies":[{"name":"wp","href":"https:\/\/api.w.org\/{rel}","templated":true}]}}