{"id":139283,"date":"2021-04-05T12:28:43","date_gmt":"2021-04-05T15:28:43","guid":{"rendered":"https:\/\/experienciadevida.com.ar\/portalurbano\/?p=139283"},"modified":"2021-04-05T12:30:42","modified_gmt":"2021-04-05T15:30:42","slug":"nacion-convoco-a-autoridades-de-la-provincia-y-de-caba-ante-el-aumento-de-caso","status":"publish","type":"post","link":"https:\/\/experienciadevida.com.ar\/portalurbano\/nacion-convoco-a-autoridades-de-la-provincia-y-de-caba-ante-el-aumento-de-caso\/","title":{"rendered":"Naci\u00f3n convoc\u00f3 a autoridades de la Provincia y de  CABA ante el aumento de caso"},"content":{"rendered":"<p>Naci\u00f3n convoc\u00f3 a autoridades de la Provincia y de CABA ante el aumento de casos, el encuentro ser\u00e1 encabezado esta tarde por el jefe de Gabinete, Santiago Cafiero. Se da en el marco del aumento exponencial de casos y ante la preocupaci\u00f3n que genera el AMBA.<\/p>\n<p>El Gobierno nacional convoc\u00f3 a una reuni\u00f3n a las autoridades bonaerenses y porte\u00f1as en medio del crecimiento de los casos de coronavirus y tras las conversaciones que mantuvo durante el fin de semana el presidente Alberto Fern\u00e1ndez con el gobernador Axel Kicillof y con el jefe de Gobierno de la CABA, Horacio Rodr\u00edguez Larreta.<\/p>\n<p>El encuentro fue confirmado por fuentes oficiales y, seg\u00fan trascendi\u00f3, se realizar\u00e1 a las 16 horas en la Casa Rosada. El mismo ser\u00e1 encabezado por el jefe de Gabinete de la Naci\u00f3n, Santiago Cafiero, y contar\u00e1 con la participaci\u00f3n de sus pares de Provincia y Ciudad, Carlos Bianco y Felipe Miguel.<\/p>\n<p>Naci\u00f3n convoc\u00f3 a autoridades de la provincia y de CABA, en tanto tambi\u00e9n se espera por la presencia de la ministra de Salud, Carla Vizzotti, y del titular de la cartera sanitaria bonaerense, Daniel Gollan, y de la porte\u00f1a, Fern\u00e1n Quir\u00f3s. Kicillof y Rodr\u00edguez Larreta no ser\u00e1n parte del encuentro.<\/p>\n<p>La reuni\u00f3n se da en el marco de un aumento exponencial de los casos de coronavirus y ante la preocupaci\u00f3n que genera la situaci\u00f3n del \u00c1rea Metropolitana de Buenos Aires (AMBA), el aglomerado que conforman la CABA y 40 distritos bonaerenses con alrededor de 15 millones de habitantes.<\/p>\n<p>Provincia confirm\u00f3 hoy que durante la \u00faltima semana tuvo su r\u00e9cord de contagios en el promedio diario, con unos 6.020. Ayer, Kicillof, indic\u00f3 que \u201clos n\u00fameros son alarmantes\u201d y cont\u00f3 que \u201cya se ha detectado la variante de Manaos en la provincia\u201d.<\/p>\n<p>\u201cLa idea es evitar el crecimiento de los contagios hasta que lleguen nuevas vacunas. Estamos tratando de coordinar medidas porque donde arrecian los contagios es en el AMBA\u201d, adelant\u00f3, aunque no dio detalles.<\/p>\n<p>Naci\u00f3n convoc\u00f3 a autoridades de la provincia y de CABA, la provincia implement\u00f3 la semana pasada dos cambios para los distritos que se encuentran en fase 4: el corte actividades de 2 a 6 de la ma\u00f1ana (salvo industriales, agropecuarias y esenciales) y la disminuci\u00f3n de 20 a 10 personas en el l\u00edmite para reuniones sociales, mientras que eval\u00faa volver a implementar la fase 3 (hoy en desuso) con mayores restricciones.<\/p>\n<p>En las \u00faltimas horas, el viceministro de Salud bonaerense, Nicol\u00e1s Kreplak, dijo que \u201clo m\u00e1s efectivo es disminuir la movilidad\u201d y que \u201cahora que la zona metropolitana vuelve a ser el foco de los contagios, necesitamos preservar al resto de la Provincia mientas avanza la vacunaci\u00f3n\u201d.<\/p>\n<p>A priori, el Gobierno porte\u00f1o parece m\u00e1s reacio a plantear nuevas restricciones. El ministro de Salud de la Ciudad, Fern\u00e1n Quir\u00f3s, dijo este domingo que es necesario \u201cvolver a las medidas que ya hay\u201d, \u201chacer cumplir lo que tenemos\u201d y \u201cponer en debate\u201d los cuidados intradomiciliarios.<\/p>\n<p>Por su parte, el vicejefe de Gobierno porte\u00f1o, Diego Santilli, sostuvo que la CABA tiene que \u201ctomar una decisi\u00f3n coordinada\u201d con Naci\u00f3n y Provincia, y que la posici\u00f3n de la Ciudad es apelar \u201ca la salud integral de las personas\u201d y tener en cuenta las complicaciones econ\u00f3micas que pueden conllevar las restricciones.<\/p>\n<p>Fuente: DIB<\/p>\n","protected":false},"excerpt":{"rendered":"<p>Naci\u00f3n convoc\u00f3 a autoridades de la Provincia y de CABA ante el aumento de casos,&#8230;<\/p>\n","protected":false},"author":1,"featured_media":139284,"comment_status":"closed","ping_status":"closed","sticky":false,"template":"","format":"standard","meta":{"content-type":""},"categories":[71,39],"tags":[],"nelio_content":{"isAutoShareEnabled":false,"autoShareEndMode":"default","automationSources":{"useContentSentences":true,"useSocialTemplates":true,"useCustomSentences":false,"customSentences":[]},"followers":[1],"suggestedReferences":[],"includedReferences":[],"efiUrl":"","efiAlt":"","highlights":[]},"yoast_head":"<!-- This site is optimized with the Yoast SEO plugin v20.7 - https:\/\/yoast.com\/wordpress\/plugins\/seo\/ -->\n<title>Naci\u00f3n convoc\u00f3 a autoridades de la Provincia y de CABA ante el aumento<\/title>\n<meta name=\"description\" content=\"Naci\u00f3n convoc\u00f3 a autoridades de la Provincia y de CABA ante el aumento de casos, el mismo ser\u00e1 encabezado esta tarde por Santiago Cafiero.\" \/>\n<meta name=\"robots\" content=\"index, follow, max-snippet:-1, max-image-preview:large, max-video-preview:-1\" \/>\n<link rel=\"canonical\" href=\"https:\/\/experienciadevida.com.ar\/portalurbano\/nacion-convoco-a-autoridades-de-la-provincia-y-de-caba-ante-el-aumento-de-caso\/\" \/>\n<meta property=\"og:locale\" content=\"es_ES\" \/>\n<meta property=\"og:type\" content=\"article\" \/>\n<meta property=\"og:title\" content=\"Naci\u00f3n convoc\u00f3 a autoridades de la Provincia y de CABA ante el aumento\" \/>\n<meta property=\"og:description\" content=\"Naci\u00f3n convoc\u00f3 a autoridades de la Provincia y de CABA ante el aumento de casos, el mismo ser\u00e1 encabezado esta tarde por Santiago Cafiero.\" \/>\n<meta property=\"og:url\" content=\"https:\/\/experienciadevida.com.ar\/portalurbano\/nacion-convoco-a-autoridades-de-la-provincia-y-de-caba-ante-el-aumento-de-caso\/\" \/>\n<meta property=\"article:publisher\" content=\"https:\/\/www.facebook.com\/Portal-Urbano-171542830093757\/\" \/>\n<meta property=\"article:published_time\" content=\"2021-04-05T15:28:43+00:00\" \/>\n<meta property=\"article:modified_time\" content=\"2021-04-05T15:30:42+00:00\" \/>\n<meta property=\"og:image\" content=\"https:\/\/experienciadevida.com.ar\/portalurbano\/wp-content\/uploads\/2021\/04\/Nacion-convoco-a-autoridades-de.jpg\" \/>\n\t<meta property=\"og:image:width\" content=\"696\" \/>\n\t<meta property=\"og:image:height\" content=\"464\" \/>\n\t<meta property=\"og:image:type\" content=\"image\/jpeg\" \/>\n<meta name=\"author\" content=\"admpu17wp\" \/>\n<meta name=\"twitter:card\" content=\"summary_large_image\" \/>\n<meta name=\"twitter:creator\" content=\"@portalurbanook\" \/>\n<meta name=\"twitter:site\" content=\"@portalurbanook\" \/>\n<meta name=\"twitter:label1\" content=\"Escrito por\" \/>\n\t<meta name=\"twitter:data1\" content=\"admpu17wp\" \/>\n\t<meta name=\"twitter:label2\" content=\"Tiempo de lectura\" \/>\n\t<meta name=\"twitter:data2\" content=\"3 minutos\" \/>\n<script type=\"application\/ld+json\" class=\"yoast-schema-graph\">{\"@context\":\"https:\/\/schema.org\",\"@graph\":[{\"@type\":\"Article\",\"@id\":\"https:\/\/experienciadevida.com.ar\/portalurbano\/nacion-convoco-a-autoridades-de-la-provincia-y-de-caba-ante-el-aumento-de-caso\/#article\",\"isPartOf\":{\"@id\":\"https:\/\/experienciadevida.com.ar\/portalurbano\/nacion-convoco-a-autoridades-de-la-provincia-y-de-caba-ante-el-aumento-de-caso\/\"},\"author\":{\"name\":\"admpu17wp\",\"@id\":\"https:\/\/experienciadevida.com.ar\/portalurbano\/#\/schema\/person\/02dd326b1c4b056e9cc972486934a3a7\"},\"headline\":\"Naci\u00f3n convoc\u00f3 a autoridades de la Provincia y de CABA ante el aumento de caso\",\"datePublished\":\"2021-04-05T15:28:43+00:00\",\"dateModified\":\"2021-04-05T15:30:42+00:00\",\"mainEntityOfPage\":{\"@id\":\"https:\/\/experienciadevida.com.ar\/portalurbano\/nacion-convoco-a-autoridades-de-la-provincia-y-de-caba-ante-el-aumento-de-caso\/\"},\"wordCount\":585,\"publisher\":{\"@id\":\"https:\/\/experienciadevida.com.ar\/portalurbano\/#organization\"},\"articleSection\":[\"Coronavirus\",\"Naci\u00f3n\"],\"inLanguage\":\"es\"},{\"@type\":\"WebPage\",\"@id\":\"https:\/\/experienciadevida.com.ar\/portalurbano\/nacion-convoco-a-autoridades-de-la-provincia-y-de-caba-ante-el-aumento-de-caso\/\",\"url\":\"https:\/\/experienciadevida.com.ar\/portalurbano\/nacion-convoco-a-autoridades-de-la-provincia-y-de-caba-ante-el-aumento-de-caso\/\",\"name\":\"Naci\u00f3n convoc\u00f3 a autoridades de la Provincia y de CABA ante el aumento\",\"isPartOf\":{\"@id\":\"https:\/\/experienciadevida.com.ar\/portalurbano\/#website\"},\"datePublished\":\"2021-04-05T15:28:43+00:00\",\"dateModified\":\"2021-04-05T15:30:42+00:00\",\"description\":\"Naci\u00f3n convoc\u00f3 a autoridades de la Provincia y de CABA ante el aumento de casos, el mismo ser\u00e1 encabezado esta tarde por Santiago Cafiero.\",\"breadcrumb\":{\"@id\":\"https:\/\/experienciadevida.com.ar\/portalurbano\/nacion-convoco-a-autoridades-de-la-provincia-y-de-caba-ante-el-aumento-de-caso\/#breadcrumb\"},\"inLanguage\":\"es\",\"potentialAction\":[{\"@type\":\"ReadAction\",\"target\":[\"https:\/\/experienciadevida.com.ar\/portalurbano\/nacion-convoco-a-autoridades-de-la-provincia-y-de-caba-ante-el-aumento-de-caso\/\"]}]},{\"@type\":\"BreadcrumbList\",\"@id\":\"https:\/\/experienciadevida.com.ar\/portalurbano\/nacion-convoco-a-autoridades-de-la-provincia-y-de-caba-ante-el-aumento-de-caso\/#breadcrumb\",\"itemListElement\":[{\"@type\":\"ListItem\",\"position\":1,\"name\":\"Portada\",\"item\":\"https:\/\/experienciadevida.com.ar\/portalurbano\/\"},{\"@type\":\"ListItem\",\"position\":2,\"name\":\"Naci\u00f3n convoc\u00f3 a autoridades de la Provincia y de CABA ante el aumento de caso\"}]},{\"@type\":\"WebSite\",\"@id\":\"https:\/\/experienciadevida.com.ar\/portalurbano\/#website\",\"url\":\"https:\/\/experienciadevida.com.ar\/portalurbano\/\",\"name\":\"\",\"description\":\"\",\"publisher\":{\"@id\":\"https:\/\/experienciadevida.com.ar\/portalurbano\/#organization\"},\"potentialAction\":[{\"@type\":\"SearchAction\",\"target\":{\"@type\":\"EntryPoint\",\"urlTemplate\":\"https:\/\/experienciadevida.com.ar\/portalurbano\/?s={search_term_string}\"},\"query-input\":\"required name=search_term_string\"}],\"inLanguage\":\"es\"},{\"@type\":\"Organization\",\"@id\":\"https:\/\/experienciadevida.com.ar\/portalurbano\/#organization\",\"name\":\"Portal Urbano\",\"url\":\"https:\/\/experienciadevida.com.ar\/portalurbano\/\",\"logo\":{\"@type\":\"ImageObject\",\"inLanguage\":\"es\",\"@id\":\"https:\/\/experienciadevida.com.ar\/portalurbano\/#\/schema\/logo\/image\/\",\"url\":\"https:\/\/experienciadevida.com.ar\/portalurbano\/wp-content\/uploads\/2019\/09\/Logo-Original.png\",\"contentUrl\":\"https:\/\/experienciadevida.com.ar\/portalurbano\/wp-content\/uploads\/2019\/09\/Logo-Original.png\",\"width\":2236,\"height\":1216,\"caption\":\"Portal Urbano\"},\"image\":{\"@id\":\"https:\/\/experienciadevida.com.ar\/portalurbano\/#\/schema\/logo\/image\/\"},\"sameAs\":[\"https:\/\/www.facebook.com\/Portal-Urbano-171542830093757\/\",\"https:\/\/twitter.com\/portalurbanook\",\"https:\/\/www.instagram.com\/_portalurbano\/\",\"https:\/\/www.youtube.com\/channel\/UCXhagIfszH8KxFiOok79zbA?view_as=subscriber\"]},{\"@type\":\"Person\",\"@id\":\"https:\/\/experienciadevida.com.ar\/portalurbano\/#\/schema\/person\/02dd326b1c4b056e9cc972486934a3a7\",\"name\":\"admpu17wp\",\"image\":{\"@type\":\"ImageObject\",\"inLanguage\":\"es\",\"@id\":\"https:\/\/experienciadevida.com.ar\/portalurbano\/#\/schema\/person\/image\/\",\"url\":\"https:\/\/secure.gravatar.com\/avatar\/830d4c57adaae6630765e449a6908047?s=96&d=mm&r=g\",\"contentUrl\":\"https:\/\/secure.gravatar.com\/avatar\/830d4c57adaae6630765e449a6908047?s=96&d=mm&r=g\",\"caption\":\"admpu17wp\"}}]}<\/script>\n<!-- \/ Yoast SEO plugin. -->","yoast_head_json":{"title":"Naci\u00f3n convoc\u00f3 a autoridades de la Provincia y de CABA ante el aumento","description":"Naci\u00f3n convoc\u00f3 a autoridades de la Provincia y de CABA ante el aumento de casos, el mismo ser\u00e1 encabezado esta tarde por Santiago Cafiero.","robots":{"index":"index","follow":"follow","max-snippet":"max-snippet:-1","max-image-preview":"max-image-preview:large","max-video-preview":"max-video-preview:-1"},"canonical":"https:\/\/experienciadevida.com.ar\/portalurbano\/nacion-convoco-a-autoridades-de-la-provincia-y-de-caba-ante-el-aumento-de-caso\/","og_locale":"es_ES","og_type":"article","og_title":"Naci\u00f3n convoc\u00f3 a autoridades de la Provincia y de CABA ante el aumento","og_description":"Naci\u00f3n convoc\u00f3 a autoridades de la Provincia y de CABA ante el aumento de casos, el mismo ser\u00e1 encabezado esta tarde por Santiago Cafiero.","og_url":"https:\/\/experienciadevida.com.ar\/portalurbano\/nacion-convoco-a-autoridades-de-la-provincia-y-de-caba-ante-el-aumento-de-caso\/","article_publisher":"https:\/\/www.facebook.com\/Portal-Urbano-171542830093757\/","article_published_time":"2021-04-05T15:28:43+00:00","article_modified_time":"2021-04-05T15:30:42+00:00","og_image":[{"width":696,"height":464,"url":"https:\/\/experienciadevida.com.ar\/portalurbano\/wp-content\/uploads\/2021\/04\/Nacion-convoco-a-autoridades-de.jpg","type":"image\/jpeg"}],"author":"admpu17wp","twitter_card":"summary_large_image","twitter_creator":"@portalurbanook","twitter_site":"@portalurbanook","twitter_misc":{"Escrito por":"admpu17wp","Tiempo de lectura":"3 minutos"},"schema":{"@context":"https:\/\/schema.org","@graph":[{"@type":"Article","@id":"https:\/\/experienciadevida.com.ar\/portalurbano\/nacion-convoco-a-autoridades-de-la-provincia-y-de-caba-ante-el-aumento-de-caso\/#article","isPartOf":{"@id":"https:\/\/experienciadevida.com.ar\/portalurbano\/nacion-convoco-a-autoridades-de-la-provincia-y-de-caba-ante-el-aumento-de-caso\/"},"author":{"name":"admpu17wp","@id":"https:\/\/experienciadevida.com.ar\/portalurbano\/#\/schema\/person\/02dd326b1c4b056e9cc972486934a3a7"},"headline":"Naci\u00f3n convoc\u00f3 a autoridades de la Provincia y de CABA ante el aumento de caso","datePublished":"2021-04-05T15:28:43+00:00","dateModified":"2021-04-05T15:30:42+00:00","mainEntityOfPage":{"@id":"https:\/\/experienciadevida.com.ar\/portalurbano\/nacion-convoco-a-autoridades-de-la-provincia-y-de-caba-ante-el-aumento-de-caso\/"},"wordCount":585,"publisher":{"@id":"https:\/\/experienciadevida.com.ar\/portalurbano\/#organization"},"articleSection":["Coronavirus","Naci\u00f3n"],"inLanguage":"es"},{"@type":"WebPage","@id":"https:\/\/experienciadevida.com.ar\/portalurbano\/nacion-convoco-a-autoridades-de-la-provincia-y-de-caba-ante-el-aumento-de-caso\/","url":"https:\/\/experienciadevida.com.ar\/portalurbano\/nacion-convoco-a-autoridades-de-la-provincia-y-de-caba-ante-el-aumento-de-caso\/","name":"Naci\u00f3n convoc\u00f3 a autoridades de la Provincia y de CABA ante el aumento","isPartOf":{"@id":"https:\/\/experienciadevida.com.ar\/portalurbano\/#website"},"datePublished":"2021-04-05T15:28:43+00:00","dateModified":"2021-04-05T15:30:42+00:00","description":"Naci\u00f3n convoc\u00f3 a autoridades de la Provincia y de CABA ante el aumento de casos, el mismo ser\u00e1 encabezado esta tarde por Santiago Cafiero.","breadcrumb":{"@id":"https:\/\/experienciadevida.com.ar\/portalurbano\/nacion-convoco-a-autoridades-de-la-provincia-y-de-caba-ante-el-aumento-de-caso\/#breadcrumb"},"inLanguage":"es","potentialAction":[{"@type":"ReadAction","target":["https:\/\/experienciadevida.com.ar\/portalurbano\/nacion-convoco-a-autoridades-de-la-provincia-y-de-caba-ante-el-aumento-de-caso\/"]}]},{"@type":"BreadcrumbList","@id":"https:\/\/experienciadevida.com.ar\/portalurbano\/nacion-convoco-a-autoridades-de-la-provincia-y-de-caba-ante-el-aumento-de-caso\/#breadcrumb","itemListElement":[{"@type":"ListItem","position":1,"name":"Portada","item":"https:\/\/experienciadevida.com.ar\/portalurbano\/"},{"@type":"ListItem","position":2,"name":"Naci\u00f3n convoc\u00f3 a autoridades de la Provincia y de CABA ante el aumento de caso"}]},{"@type":"WebSite","@id":"https:\/\/experienciadevida.com.ar\/portalurbano\/#website","url":"https:\/\/experienciadevida.com.ar\/portalurbano\/","name":"","description":"","publisher":{"@id":"https:\/\/experienciadevida.com.ar\/portalurbano\/#organization"},"potentialAction":[{"@type":"SearchAction","target":{"@type":"EntryPoint","urlTemplate":"https:\/\/experienciadevida.com.ar\/portalurbano\/?s={search_term_string}"},"query-input":"required name=search_term_string"}],"inLanguage":"es"},{"@type":"Organization","@id":"https:\/\/experienciadevida.com.ar\/portalurbano\/#organization","name":"Portal Urbano","url":"https:\/\/experienciadevida.com.ar\/portalurbano\/","logo":{"@type":"ImageObject","inLanguage":"es","@id":"https:\/\/experienciadevida.com.ar\/portalurbano\/#\/schema\/logo\/image\/","url":"https:\/\/experienciadevida.com.ar\/portalurbano\/wp-content\/uploads\/2019\/09\/Logo-Original.png","contentUrl":"https:\/\/experienciadevida.com.ar\/portalurbano\/wp-content\/uploads\/2019\/09\/Logo-Original.png","width":2236,"height":1216,"caption":"Portal Urbano"},"image":{"@id":"https:\/\/experienciadevida.com.ar\/portalurbano\/#\/schema\/logo\/image\/"},"sameAs":["https:\/\/www.facebook.com\/Portal-Urbano-171542830093757\/","https:\/\/twitter.com\/portalurbanook","https:\/\/www.instagram.com\/_portalurbano\/","https:\/\/www.youtube.com\/channel\/UCXhagIfszH8KxFiOok79zbA?view_as=subscriber"]},{"@type":"Person","@id":"https:\/\/experienciadevida.com.ar\/portalurbano\/#\/schema\/person\/02dd326b1c4b056e9cc972486934a3a7","name":"admpu17wp","image":{"@type":"ImageObject","inLanguage":"es","@id":"https:\/\/experienciadevida.com.ar\/portalurbano\/#\/schema\/person\/image\/","url":"https:\/\/secure.gravatar.com\/avatar\/830d4c57adaae6630765e449a6908047?s=96&d=mm&r=g","contentUrl":"https:\/\/secure.gravatar.com\/avatar\/830d4c57adaae6630765e449a6908047?s=96&d=mm&r=g","caption":"admpu17wp"}}]}},"featured_image_urls":{"full":["https:\/\/experienciadevida.com.ar\/portalurbano\/wp-content\/uploads\/2021\/04\/Nacion-convoco-a-autoridades-de.jpg",696,464,false],"thumbnail":["https:\/\/experienciadevida.com.ar\/portalurbano\/wp-content\/uploads\/2021\/04\/Nacion-convoco-a-autoridades-de-150x150.jpg",150,150,true],"medium":["https:\/\/experienciadevida.com.ar\/portalurbano\/wp-content\/uploads\/2021\/04\/Nacion-convoco-a-autoridades-de-300x200.jpg",300,200,true],"medium_large":["https:\/\/experienciadevida.com.ar\/portalurbano\/wp-content\/uploads\/2021\/04\/Nacion-convoco-a-autoridades-de.jpg",640,427,false],"large":["https:\/\/experienciadevida.com.ar\/portalurbano\/wp-content\/uploads\/2021\/04\/Nacion-convoco-a-autoridades-de.jpg",640,427,false],"ug_big":["https:\/\/experienciadevida.com.ar\/portalurbano\/wp-content\/uploads\/2021\/04\/Nacion-convoco-a-autoridades-de.jpg",696,464,false],"1536x1536":["https:\/\/experienciadevida.com.ar\/portalurbano\/wp-content\/uploads\/2021\/04\/Nacion-convoco-a-autoridades-de.jpg",696,464,false],"2048x2048":["https:\/\/experienciadevida.com.ar\/portalurbano\/wp-content\/uploads\/2021\/04\/Nacion-convoco-a-autoridades-de.jpg",696,464,false],"newsever-slider-full":["https:\/\/experienciadevida.com.ar\/portalurbano\/wp-content\/uploads\/2021\/04\/Nacion-convoco-a-autoridades-de.jpg",696,464,false],"newsever-featured":["https:\/\/experienciadevida.com.ar\/portalurbano\/wp-content\/uploads\/2021\/04\/Nacion-convoco-a-autoridades-de.jpg",696,464,false],"newsever-medium":["https:\/\/experienciadevida.com.ar\/portalurbano\/wp-content\/uploads\/2021\/04\/Nacion-convoco-a-autoridades-de.jpg",696,464,false],"web-stories-poster-portrait":["https:\/\/experienciadevida.com.ar\/portalurbano\/wp-content\/uploads\/2021\/04\/Nacion-convoco-a-autoridades-de.jpg",640,427,false],"web-stories-publisher-logo":["https:\/\/experienciadevida.com.ar\/portalurbano\/wp-content\/uploads\/2021\/04\/Nacion-convoco-a-autoridades-de.jpg",96,64,false],"web-stories-thumbnail":["https:\/\/experienciadevida.com.ar\/portalurbano\/wp-content\/uploads\/2021\/04\/Nacion-convoco-a-autoridades-de.jpg",150,100,false]},"author_info":{"display_name":"admpu17wp","author_link":"https:\/\/experienciadevida.com.ar\/portalurbano\/author\/admpu17wp\/"},"category_info":"<a href=\"https:\/\/experienciadevida.com.ar\/portalurbano\/category\/nacion\/coronavirus\/\" rel=\"category tag\">Coronavirus<\/a> <a href=\"https:\/\/experienciadevida.com.ar\/portalurbano\/category\/nacion\/\" rel=\"category tag\">Naci\u00f3n<\/a>","tag_info":"Naci\u00f3n","comment_count":"0","amp_enabled":true,"_links":{"self":[{"href":"https:\/\/experienciadevida.com.ar\/portalurbano\/wp-json\/wp\/v2\/posts\/139283"}],"collection":[{"href":"https:\/\/experienciadevida.com.ar\/portalurbano\/wp-json\/wp\/v2\/posts"}],"about":[{"href":"https:\/\/experienciadevida.com.ar\/portalurbano\/wp-json\/wp\/v2\/types\/post"}],"author":[{"embeddable":true,"href":"https:\/\/experienciadevida.com.ar\/portalurbano\/wp-json\/wp\/v2\/users\/1"}],"replies":[{"embeddable":true,"href":"https:\/\/experienciadevida.com.ar\/portalurbano\/wp-json\/wp\/v2\/comments?post=139283"}],"version-history":[{"count":1,"href":"https:\/\/experienciadevida.com.ar\/portalurbano\/wp-json\/wp\/v2\/posts\/139283\/revisions"}],"predecessor-version":[{"id":139285,"href":"https:\/\/experienciadevida.com.ar\/portalurbano\/wp-json\/wp\/v2\/posts\/139283\/revisions\/139285"}],"wp:featuredmedia":[{"embeddable":true,"href":"https:\/\/experienciadevida.com.ar\/portalurbano\/wp-json\/wp\/v2\/media\/139284"}],"wp:attachment":[{"href":"https:\/\/experienciadevida.com.ar\/portalurbano\/wp-json\/wp\/v2\/media?parent=139283"}],"wp:term":[{"taxonomy":"category","embeddable":true,"href":"https:\/\/experienciadevida.com.ar\/portalurbano\/wp-json\/wp\/v2\/categories?post=139283"},{"taxonomy":"post_tag","embeddable":true,"href":"https:\/\/experienciadevida.com.ar\/portalurbano\/wp-json\/wp\/v2\/tags?post=139283"}],"curies":[{"name":"wp","href":"https:\/\/api.w.org\/{rel}","templated":true}]}}