{"id":139256,"date":"2021-04-05T11:54:17","date_gmt":"2021-04-05T14:54:17","guid":{"rendered":"https:\/\/experienciadevida.com.ar\/portalurbano\/?p=139256"},"modified":"2021-04-05T11:54:41","modified_gmt":"2021-04-05T14:54:41","slug":"a-partir-de-abril-no-se-cobraran-las-contribuciones-accionarias","status":"publish","type":"post","link":"https:\/\/experienciadevida.com.ar\/portalurbano\/a-partir-de-abril-no-se-cobraran-las-contribuciones-accionarias\/","title":{"rendered":"A partir de abril no se cobrar\u00e1n las contribuciones accionarias"},"content":{"rendered":"<p>A partir de abril no se cobrar\u00e1n las contribuciones accionarias. Tal como fue anticipado, la gesti\u00f3n de la Lista Amarilla nuevamente cumpli\u00f3 con su palabra y elimin\u00f3 la totalidad de las contribuciones accionarias en el servicio de agua potable. Adem\u00e1s, implement\u00f3 la Tarifa Social de forma autom\u00e1tica a los asociados.<\/p>\n<p>La Lista Amarilla confirm\u00f3, tras lo informado por Coopelectric, que se cumpli\u00f3 con la palabra y desde el mes de abril no se cobrar\u00e1n m\u00e1s las contribuciones accionarias que estaban incluidas en la tarifa de Obras Sanitarias.<\/p>\n<p>A partir de abril no se cobrar\u00e1n las contribuciones accionarias, la entidad cooperativa ha eliminado la totalidad de las Contribuciones Accionarias, lo que muestra la importancia del compromiso con la palabra asumida.<\/p>\n<p>Cabe se\u00f1alar que esta medida adoptada por la Lista Amarilla que gestiona en Coopelectric es una \u201cpromesa de campa\u00f1a\u201d de la oposici\u00f3n en voz de Luis Cavalli, siendo algo ya cumplido por la actual gesti\u00f3n en base a un trabajo responsable y pensando en el asociado, tal como sucedi\u00f3 desde el primer momento.<\/p>\n<p>Para gestionar una Cooperativa, un ente tan importante para la vida de los olavarrienses, se debe conocer de administraci\u00f3n, tener la capacidad para poder tomar decisiones en el momento justo y pensando en los asociados, quienes hacen de Coopelectric una realidad.<\/p>\n<p>Otro punto a destacar desde la Lista Amarilla es el trabajo para modificar la facturaci\u00f3n de todo el servicio que hace que sea mensual, a pesar de que los consumos continuar\u00e1n midi\u00e9ndose de forma bimestral.<\/p>\n<p>Adem\u00e1s, otro importante trabajo realizado tras la aprobaci\u00f3n de la Ordenanza 4604\/20 es la implementaci\u00f3n de la Tarifa Social del Agua, donde se traslad\u00f3 autom\u00e1ticamente haciendo un paralelismo con quienes perciben este beneficio en el Servicio El\u00e9ctrico, tambi\u00e9n gestionado por la entidad cooperativa.<\/p>\n<p>Incluso, este listado no ser\u00e1 cerrado ya que aquellos usuarios que perciban el beneficio en el Servicio El\u00e9ctrico y el mismo no sea trasladado al Servicio de Agua debido a diferencias en la titularidad o por alg\u00fan otro motivo, podr\u00e1n sacar un turno online en la p\u00e1gina de Coopelectric para que en la sede ubicada en Belgrano 2850 puedan ser atendidos por personal que acompa\u00f1ar\u00e1 y agilizar\u00e1 este tr\u00e1mite.<\/p>\n","protected":false},"excerpt":{"rendered":"<p>A partir de abril no se cobrar\u00e1n las contribuciones accionarias. Tal como fue anticipado, la&#8230;<\/p>\n","protected":false},"author":1,"featured_media":0,"comment_status":"closed","ping_status":"closed","sticky":false,"template":"","format":"standard","meta":{"content-type":""},"categories":[27,64],"tags":[],"nelio_content":{"isAutoShareEnabled":false,"autoShareEndMode":"default","automationSources":{"useContentSentences":true,"useSocialTemplates":true,"useCustomSentences":false,"customSentences":[]},"followers":[1],"suggestedReferences":[],"includedReferences":[],"efiUrl":"","efiAlt":"","highlights":[]},"yoast_head":"<!-- This site is optimized with the Yoast SEO plugin v20.7 - https:\/\/yoast.com\/wordpress\/plugins\/seo\/ -->\n<title>A partir de abril no se cobrar\u00e1n las contribuciones accionarias<\/title>\n<meta name=\"description\" content=\"A partir de abril no se cobrar\u00e1n las contribuciones accionarias. Tal como fue anticipado, la gesti\u00f3n de la Lista Amarilla.\" \/>\n<meta name=\"robots\" content=\"index, follow, max-snippet:-1, max-image-preview:large, max-video-preview:-1\" \/>\n<link rel=\"canonical\" href=\"https:\/\/experienciadevida.com.ar\/portalurbano\/a-partir-de-abril-no-se-cobraran-las-contribuciones-accionarias\/\" \/>\n<meta property=\"og:locale\" content=\"es_ES\" \/>\n<meta property=\"og:type\" content=\"article\" \/>\n<meta property=\"og:title\" content=\"A partir de abril no se cobrar\u00e1n las contribuciones accionarias\" \/>\n<meta property=\"og:description\" content=\"A partir de abril no se cobrar\u00e1n las contribuciones accionarias. Tal como fue anticipado, la gesti\u00f3n de la Lista Amarilla.\" \/>\n<meta property=\"og:url\" content=\"https:\/\/experienciadevida.com.ar\/portalurbano\/a-partir-de-abril-no-se-cobraran-las-contribuciones-accionarias\/\" \/>\n<meta property=\"article:publisher\" content=\"https:\/\/www.facebook.com\/Portal-Urbano-171542830093757\/\" \/>\n<meta property=\"article:published_time\" content=\"2021-04-05T14:54:17+00:00\" \/>\n<meta property=\"article:modified_time\" content=\"2021-04-05T14:54:41+00:00\" \/>\n<meta property=\"og:image\" content=\"https:\/\/experienciadevida.com.ar\/portalurbano\/wp-content\/uploads\/2018\/09\/PARO2-1-5.jpg\" \/>\n\t<meta property=\"og:image:width\" content=\"667\" \/>\n\t<meta property=\"og:image:height\" content=\"445\" \/>\n\t<meta property=\"og:image:type\" content=\"image\/jpeg\" \/>\n<meta name=\"author\" content=\"admpu17wp\" \/>\n<meta name=\"twitter:card\" content=\"summary_large_image\" \/>\n<meta name=\"twitter:creator\" content=\"@portalurbanook\" \/>\n<meta name=\"twitter:site\" content=\"@portalurbanook\" \/>\n<meta name=\"twitter:label1\" content=\"Escrito por\" \/>\n\t<meta name=\"twitter:data1\" content=\"admpu17wp\" \/>\n\t<meta name=\"twitter:label2\" content=\"Tiempo de lectura\" \/>\n\t<meta name=\"twitter:data2\" content=\"2 minutos\" \/>\n<script type=\"application\/ld+json\" class=\"yoast-schema-graph\">{\"@context\":\"https:\/\/schema.org\",\"@graph\":[{\"@type\":\"Article\",\"@id\":\"https:\/\/experienciadevida.com.ar\/portalurbano\/a-partir-de-abril-no-se-cobraran-las-contribuciones-accionarias\/#article\",\"isPartOf\":{\"@id\":\"https:\/\/experienciadevida.com.ar\/portalurbano\/a-partir-de-abril-no-se-cobraran-las-contribuciones-accionarias\/\"},\"author\":{\"name\":\"admpu17wp\",\"@id\":\"https:\/\/experienciadevida.com.ar\/portalurbano\/#\/schema\/person\/02dd326b1c4b056e9cc972486934a3a7\"},\"headline\":\"A partir de abril no se cobrar\u00e1n las contribuciones accionarias\",\"datePublished\":\"2021-04-05T14:54:17+00:00\",\"dateModified\":\"2021-04-05T14:54:41+00:00\",\"mainEntityOfPage\":{\"@id\":\"https:\/\/experienciadevida.com.ar\/portalurbano\/a-partir-de-abril-no-se-cobraran-las-contribuciones-accionarias\/\"},\"wordCount\":396,\"publisher\":{\"@id\":\"https:\/\/experienciadevida.com.ar\/portalurbano\/#organization\"},\"articleSection\":[\"Ciudad\",\"Destacadas 2\"],\"inLanguage\":\"es\"},{\"@type\":\"WebPage\",\"@id\":\"https:\/\/experienciadevida.com.ar\/portalurbano\/a-partir-de-abril-no-se-cobraran-las-contribuciones-accionarias\/\",\"url\":\"https:\/\/experienciadevida.com.ar\/portalurbano\/a-partir-de-abril-no-se-cobraran-las-contribuciones-accionarias\/\",\"name\":\"A partir de abril no se cobrar\u00e1n las contribuciones accionarias\",\"isPartOf\":{\"@id\":\"https:\/\/experienciadevida.com.ar\/portalurbano\/#website\"},\"datePublished\":\"2021-04-05T14:54:17+00:00\",\"dateModified\":\"2021-04-05T14:54:41+00:00\",\"description\":\"A partir de abril no se cobrar\u00e1n las contribuciones accionarias. Tal como fue anticipado, la gesti\u00f3n de la Lista Amarilla.\",\"breadcrumb\":{\"@id\":\"https:\/\/experienciadevida.com.ar\/portalurbano\/a-partir-de-abril-no-se-cobraran-las-contribuciones-accionarias\/#breadcrumb\"},\"inLanguage\":\"es\",\"potentialAction\":[{\"@type\":\"ReadAction\",\"target\":[\"https:\/\/experienciadevida.com.ar\/portalurbano\/a-partir-de-abril-no-se-cobraran-las-contribuciones-accionarias\/\"]}]},{\"@type\":\"BreadcrumbList\",\"@id\":\"https:\/\/experienciadevida.com.ar\/portalurbano\/a-partir-de-abril-no-se-cobraran-las-contribuciones-accionarias\/#breadcrumb\",\"itemListElement\":[{\"@type\":\"ListItem\",\"position\":1,\"name\":\"Portada\",\"item\":\"https:\/\/experienciadevida.com.ar\/portalurbano\/\"},{\"@type\":\"ListItem\",\"position\":2,\"name\":\"A partir de abril no se cobrar\u00e1n las contribuciones accionarias\"}]},{\"@type\":\"WebSite\",\"@id\":\"https:\/\/experienciadevida.com.ar\/portalurbano\/#website\",\"url\":\"https:\/\/experienciadevida.com.ar\/portalurbano\/\",\"name\":\"\",\"description\":\"\",\"publisher\":{\"@id\":\"https:\/\/experienciadevida.com.ar\/portalurbano\/#organization\"},\"potentialAction\":[{\"@type\":\"SearchAction\",\"target\":{\"@type\":\"EntryPoint\",\"urlTemplate\":\"https:\/\/experienciadevida.com.ar\/portalurbano\/?s={search_term_string}\"},\"query-input\":\"required name=search_term_string\"}],\"inLanguage\":\"es\"},{\"@type\":\"Organization\",\"@id\":\"https:\/\/experienciadevida.com.ar\/portalurbano\/#organization\",\"name\":\"Portal Urbano\",\"url\":\"https:\/\/experienciadevida.com.ar\/portalurbano\/\",\"logo\":{\"@type\":\"ImageObject\",\"inLanguage\":\"es\",\"@id\":\"https:\/\/experienciadevida.com.ar\/portalurbano\/#\/schema\/logo\/image\/\",\"url\":\"https:\/\/experienciadevida.com.ar\/portalurbano\/wp-content\/uploads\/2019\/09\/Logo-Original.png\",\"contentUrl\":\"https:\/\/experienciadevida.com.ar\/portalurbano\/wp-content\/uploads\/2019\/09\/Logo-Original.png\",\"width\":2236,\"height\":1216,\"caption\":\"Portal Urbano\"},\"image\":{\"@id\":\"https:\/\/experienciadevida.com.ar\/portalurbano\/#\/schema\/logo\/image\/\"},\"sameAs\":[\"https:\/\/www.facebook.com\/Portal-Urbano-171542830093757\/\",\"https:\/\/twitter.com\/portalurbanook\",\"https:\/\/www.instagram.com\/_portalurbano\/\",\"https:\/\/www.youtube.com\/channel\/UCXhagIfszH8KxFiOok79zbA?view_as=subscriber\"]},{\"@type\":\"Person\",\"@id\":\"https:\/\/experienciadevida.com.ar\/portalurbano\/#\/schema\/person\/02dd326b1c4b056e9cc972486934a3a7\",\"name\":\"admpu17wp\",\"image\":{\"@type\":\"ImageObject\",\"inLanguage\":\"es\",\"@id\":\"https:\/\/experienciadevida.com.ar\/portalurbano\/#\/schema\/person\/image\/\",\"url\":\"https:\/\/secure.gravatar.com\/avatar\/830d4c57adaae6630765e449a6908047?s=96&d=mm&r=g\",\"contentUrl\":\"https:\/\/secure.gravatar.com\/avatar\/830d4c57adaae6630765e449a6908047?s=96&d=mm&r=g\",\"caption\":\"admpu17wp\"}}]}<\/script>\n<!-- \/ Yoast SEO plugin. -->","yoast_head_json":{"title":"A partir de abril no se cobrar\u00e1n las contribuciones accionarias","description":"A partir de abril no se cobrar\u00e1n las contribuciones accionarias. Tal como fue anticipado, la gesti\u00f3n de la Lista Amarilla.","robots":{"index":"index","follow":"follow","max-snippet":"max-snippet:-1","max-image-preview":"max-image-preview:large","max-video-preview":"max-video-preview:-1"},"canonical":"https:\/\/experienciadevida.com.ar\/portalurbano\/a-partir-de-abril-no-se-cobraran-las-contribuciones-accionarias\/","og_locale":"es_ES","og_type":"article","og_title":"A partir de abril no se cobrar\u00e1n las contribuciones accionarias","og_description":"A partir de abril no se cobrar\u00e1n las contribuciones accionarias. Tal como fue anticipado, la gesti\u00f3n de la Lista Amarilla.","og_url":"https:\/\/experienciadevida.com.ar\/portalurbano\/a-partir-de-abril-no-se-cobraran-las-contribuciones-accionarias\/","article_publisher":"https:\/\/www.facebook.com\/Portal-Urbano-171542830093757\/","article_published_time":"2021-04-05T14:54:17+00:00","article_modified_time":"2021-04-05T14:54:41+00:00","og_image":[{"width":667,"height":445,"url":"https:\/\/experienciadevida.com.ar\/portalurbano\/wp-content\/uploads\/2018\/09\/PARO2-1-5.jpg","type":"image\/jpeg"}],"author":"admpu17wp","twitter_card":"summary_large_image","twitter_creator":"@portalurbanook","twitter_site":"@portalurbanook","twitter_misc":{"Escrito por":"admpu17wp","Tiempo de lectura":"2 minutos"},"schema":{"@context":"https:\/\/schema.org","@graph":[{"@type":"Article","@id":"https:\/\/experienciadevida.com.ar\/portalurbano\/a-partir-de-abril-no-se-cobraran-las-contribuciones-accionarias\/#article","isPartOf":{"@id":"https:\/\/experienciadevida.com.ar\/portalurbano\/a-partir-de-abril-no-se-cobraran-las-contribuciones-accionarias\/"},"author":{"name":"admpu17wp","@id":"https:\/\/experienciadevida.com.ar\/portalurbano\/#\/schema\/person\/02dd326b1c4b056e9cc972486934a3a7"},"headline":"A partir de abril no se cobrar\u00e1n las contribuciones accionarias","datePublished":"2021-04-05T14:54:17+00:00","dateModified":"2021-04-05T14:54:41+00:00","mainEntityOfPage":{"@id":"https:\/\/experienciadevida.com.ar\/portalurbano\/a-partir-de-abril-no-se-cobraran-las-contribuciones-accionarias\/"},"wordCount":396,"publisher":{"@id":"https:\/\/experienciadevida.com.ar\/portalurbano\/#organization"},"articleSection":["Ciudad","Destacadas 2"],"inLanguage":"es"},{"@type":"WebPage","@id":"https:\/\/experienciadevida.com.ar\/portalurbano\/a-partir-de-abril-no-se-cobraran-las-contribuciones-accionarias\/","url":"https:\/\/experienciadevida.com.ar\/portalurbano\/a-partir-de-abril-no-se-cobraran-las-contribuciones-accionarias\/","name":"A partir de abril no se cobrar\u00e1n las contribuciones accionarias","isPartOf":{"@id":"https:\/\/experienciadevida.com.ar\/portalurbano\/#website"},"datePublished":"2021-04-05T14:54:17+00:00","dateModified":"2021-04-05T14:54:41+00:00","description":"A partir de abril no se cobrar\u00e1n las contribuciones accionarias. Tal como fue anticipado, la gesti\u00f3n de la Lista Amarilla.","breadcrumb":{"@id":"https:\/\/experienciadevida.com.ar\/portalurbano\/a-partir-de-abril-no-se-cobraran-las-contribuciones-accionarias\/#breadcrumb"},"inLanguage":"es","potentialAction":[{"@type":"ReadAction","target":["https:\/\/experienciadevida.com.ar\/portalurbano\/a-partir-de-abril-no-se-cobraran-las-contribuciones-accionarias\/"]}]},{"@type":"BreadcrumbList","@id":"https:\/\/experienciadevida.com.ar\/portalurbano\/a-partir-de-abril-no-se-cobraran-las-contribuciones-accionarias\/#breadcrumb","itemListElement":[{"@type":"ListItem","position":1,"name":"Portada","item":"https:\/\/experienciadevida.com.ar\/portalurbano\/"},{"@type":"ListItem","position":2,"name":"A partir de abril no se cobrar\u00e1n las contribuciones accionarias"}]},{"@type":"WebSite","@id":"https:\/\/experienciadevida.com.ar\/portalurbano\/#website","url":"https:\/\/experienciadevida.com.ar\/portalurbano\/","name":"","description":"","publisher":{"@id":"https:\/\/experienciadevida.com.ar\/portalurbano\/#organization"},"potentialAction":[{"@type":"SearchAction","target":{"@type":"EntryPoint","urlTemplate":"https:\/\/experienciadevida.com.ar\/portalurbano\/?s={search_term_string}"},"query-input":"required name=search_term_string"}],"inLanguage":"es"},{"@type":"Organization","@id":"https:\/\/experienciadevida.com.ar\/portalurbano\/#organization","name":"Portal Urbano","url":"https:\/\/experienciadevida.com.ar\/portalurbano\/","logo":{"@type":"ImageObject","inLanguage":"es","@id":"https:\/\/experienciadevida.com.ar\/portalurbano\/#\/schema\/logo\/image\/","url":"https:\/\/experienciadevida.com.ar\/portalurbano\/wp-content\/uploads\/2019\/09\/Logo-Original.png","contentUrl":"https:\/\/experienciadevida.com.ar\/portalurbano\/wp-content\/uploads\/2019\/09\/Logo-Original.png","width":2236,"height":1216,"caption":"Portal Urbano"},"image":{"@id":"https:\/\/experienciadevida.com.ar\/portalurbano\/#\/schema\/logo\/image\/"},"sameAs":["https:\/\/www.facebook.com\/Portal-Urbano-171542830093757\/","https:\/\/twitter.com\/portalurbanook","https:\/\/www.instagram.com\/_portalurbano\/","https:\/\/www.youtube.com\/channel\/UCXhagIfszH8KxFiOok79zbA?view_as=subscriber"]},{"@type":"Person","@id":"https:\/\/experienciadevida.com.ar\/portalurbano\/#\/schema\/person\/02dd326b1c4b056e9cc972486934a3a7","name":"admpu17wp","image":{"@type":"ImageObject","inLanguage":"es","@id":"https:\/\/experienciadevida.com.ar\/portalurbano\/#\/schema\/person\/image\/","url":"https:\/\/secure.gravatar.com\/avatar\/830d4c57adaae6630765e449a6908047?s=96&d=mm&r=g","contentUrl":"https:\/\/secure.gravatar.com\/avatar\/830d4c57adaae6630765e449a6908047?s=96&d=mm&r=g","caption":"admpu17wp"}}]}},"featured_image_urls":{"full":"","thumbnail":"","medium":"","medium_large":"","large":"","ug_big":"","1536x1536":"","2048x2048":"","newsever-slider-full":"","newsever-featured":"","newsever-medium":"","web-stories-poster-portrait":"","web-stories-publisher-logo":"","web-stories-thumbnail":""},"author_info":{"display_name":"admpu17wp","author_link":"https:\/\/experienciadevida.com.ar\/portalurbano\/author\/admpu17wp\/"},"category_info":"<a href=\"https:\/\/experienciadevida.com.ar\/portalurbano\/category\/ciudad\/\" rel=\"category tag\">Ciudad<\/a> <a href=\"https:\/\/experienciadevida.com.ar\/portalurbano\/category\/destacadas-2\/\" rel=\"category tag\">Destacadas 2<\/a>","tag_info":"Destacadas 2","comment_count":"0","amp_enabled":true,"_links":{"self":[{"href":"https:\/\/experienciadevida.com.ar\/portalurbano\/wp-json\/wp\/v2\/posts\/139256"}],"collection":[{"href":"https:\/\/experienciadevida.com.ar\/portalurbano\/wp-json\/wp\/v2\/posts"}],"about":[{"href":"https:\/\/experienciadevida.com.ar\/portalurbano\/wp-json\/wp\/v2\/types\/post"}],"author":[{"embeddable":true,"href":"https:\/\/experienciadevida.com.ar\/portalurbano\/wp-json\/wp\/v2\/users\/1"}],"replies":[{"embeddable":true,"href":"https:\/\/experienciadevida.com.ar\/portalurbano\/wp-json\/wp\/v2\/comments?post=139256"}],"version-history":[{"count":2,"href":"https:\/\/experienciadevida.com.ar\/portalurbano\/wp-json\/wp\/v2\/posts\/139256\/revisions"}],"predecessor-version":[{"id":139258,"href":"https:\/\/experienciadevida.com.ar\/portalurbano\/wp-json\/wp\/v2\/posts\/139256\/revisions\/139258"}],"wp:attachment":[{"href":"https:\/\/experienciadevida.com.ar\/portalurbano\/wp-json\/wp\/v2\/media?parent=139256"}],"wp:term":[{"taxonomy":"category","embeddable":true,"href":"https:\/\/experienciadevida.com.ar\/portalurbano\/wp-json\/wp\/v2\/categories?post=139256"},{"taxonomy":"post_tag","embeddable":true,"href":"https:\/\/experienciadevida.com.ar\/portalurbano\/wp-json\/wp\/v2\/tags?post=139256"}],"curies":[{"name":"wp","href":"https:\/\/api.w.org\/{rel}","templated":true}]}}