{"id":139219,"date":"2021-04-04T20:45:11","date_gmt":"2021-04-04T23:45:11","guid":{"rendered":"https:\/\/experienciadevida.com.ar\/portalurbano\/?p=139219"},"modified":"2021-04-04T20:46:05","modified_gmt":"2021-04-04T23:46:05","slug":"guzman-la-economia-no-podria-soportar-un-cierre-total","status":"publish","type":"post","link":"https:\/\/experienciadevida.com.ar\/portalurbano\/guzman-la-economia-no-podria-soportar-un-cierre-total\/","title":{"rendered":"Guzm\u00e1n: \u201cLa econom\u00eda no podr\u00eda soportar un cierre total\u201d"},"content":{"rendered":"<p>Guzm\u00e1n: \u201cLa econom\u00eda no podr\u00eda soportar un cierre total\u201d. El ministro de Econom\u00eda dijo que Argentina es uno de los pa\u00edses de la regi\u00f3n \u201cque m\u00e1s se est\u00e1 recuperando\u201d.<\/p>\n<p>El ministro de Econom\u00eda de la Naci\u00f3n, Mart\u00edn Guzm\u00e1n, sostuvo hoy que \u201cla econom\u00eda no podr\u00eda soportar un cierre total\u201d como el que se llev\u00f3 adelante durante la cuarentena estricta de 2020 por la pandemia de coronavirus.<\/p>\n<p>\u201cTodav\u00eda estamos en pandemia, y la econom\u00eda lleva 9 meses consecutivos de actividad creciendo. Lleva una mejora en la gran mayor\u00eda de los indicadores. Hay sectores que a\u00fan est\u00e1n sufriendo pero hay otros que se est\u00e1n recuperado de manera muy fuerte\u201d, indic\u00f3 el funcionario nacional.<\/p>\n<p>&#8220;La econom\u00eda no podr\u00eda soportar un cierre total&#8221;, &#8220;estamos con capacidades distintas para lidiar con la situaci\u00f3n pura de la salud. Hoy la econom\u00eda no podr\u00eda soportar un cierre total; una cuarentena estricta como la que se implement\u00f3 en marzo de 2020\u201d.<\/p>\n<p>Guzm\u00e1n sostuvo que \u201cla Argentina es una de las econom\u00edas que m\u00e1s se est\u00e1 recuperando en la regi\u00f3n\u201d por las medidas adoptadas en 2020. \u201cHemos revisado hacia el alta el crecimiento; era 5,5% la proyecci\u00f3n en septiembre de 2020 y hoy es de 7%\u201d, asegur\u00f3.<\/p>\n<p>El ministro tambi\u00e9n se refiri\u00f3 a las deudas que tom\u00f3 el gobierno de Mauricio Macri y sostuvo que Argentina no puede pagarle al Fondo Monetario Internacional US$ 45.000 millones entre septiembre de 2021 y 2024.<\/p>\n<p>\u201cEl FMI le prest\u00f3 a la Argentina US$ 45.000 millones. Un monto r\u00e9cord hist\u00f3rico. Es equivalente a lo que se desembols\u00f3 en 2020 para todos los pa\u00edses en el contexto de la pandemia. Es tan grande el monto, que desde el punto de vista macroecon\u00f3mico, de la capacidad de pago del pa\u00eds, se pone en tensi\u00f3n con los programas est\u00e1ndar del FMI\u201d, explic\u00f3.<\/p>\n<p>&#8220;La econom\u00eda no podr\u00eda soportar un cierre total&#8221;, y consider\u00f3 que &#8220;si ahora se llega a un acuerdo, es importante que si despu\u00e9s hay cambios en las l\u00edneas de cr\u00e9dito, Argentina pueda acceder a esas mejores condiciones\u201d.<\/p>\n<p>Fuente: DIB<\/p>\n","protected":false},"excerpt":{"rendered":"<p>Guzm\u00e1n: \u201cLa econom\u00eda no podr\u00eda soportar un cierre total\u201d. El ministro de Econom\u00eda dijo que&#8230;<\/p>\n","protected":false},"author":1,"featured_media":139220,"comment_status":"closed","ping_status":"closed","sticky":false,"template":"","format":"standard","meta":{"content-type":""},"categories":[39],"tags":[],"nelio_content":{"isAutoShareEnabled":false,"autoShareEndMode":"default","automationSources":{"useContentSentences":true,"useSocialTemplates":true,"useCustomSentences":false,"customSentences":[]},"followers":[1],"suggestedReferences":[],"includedReferences":[],"efiUrl":"","efiAlt":"","highlights":[]},"yoast_head":"<!-- This site is optimized with the Yoast SEO plugin v20.7 - https:\/\/yoast.com\/wordpress\/plugins\/seo\/ -->\n<title>Guzm\u00e1n: &quot;La econom\u00eda no podr\u00eda soportar un cierre total&quot;<\/title>\n<meta name=\"description\" content=\"Guzm\u00e1n: \u201cLa econom\u00eda no podr\u00eda soportar un cierre total\u201d, Argentina es uno de los pa\u00edses de la regi\u00f3n que m\u00e1s se est\u00e1 recuperando.\" \/>\n<meta name=\"robots\" content=\"index, follow, max-snippet:-1, max-image-preview:large, max-video-preview:-1\" \/>\n<link rel=\"canonical\" href=\"https:\/\/experienciadevida.com.ar\/portalurbano\/guzman-la-economia-no-podria-soportar-un-cierre-total\/\" \/>\n<meta property=\"og:locale\" content=\"es_ES\" \/>\n<meta property=\"og:type\" content=\"article\" \/>\n<meta property=\"og:title\" content=\"Guzm\u00e1n: &quot;La econom\u00eda no podr\u00eda soportar un cierre total&quot;\" \/>\n<meta property=\"og:description\" content=\"Guzm\u00e1n: \u201cLa econom\u00eda no podr\u00eda soportar un cierre total\u201d, Argentina es uno de los pa\u00edses de la regi\u00f3n que m\u00e1s se est\u00e1 recuperando.\" \/>\n<meta property=\"og:url\" content=\"https:\/\/experienciadevida.com.ar\/portalurbano\/guzman-la-economia-no-podria-soportar-un-cierre-total\/\" \/>\n<meta property=\"article:publisher\" content=\"https:\/\/www.facebook.com\/Portal-Urbano-171542830093757\/\" \/>\n<meta property=\"article:published_time\" content=\"2021-04-04T23:45:11+00:00\" \/>\n<meta property=\"article:modified_time\" content=\"2021-04-04T23:46:05+00:00\" \/>\n<meta property=\"og:image\" content=\"https:\/\/experienciadevida.com.ar\/portalurbano\/wp-content\/uploads\/2021\/04\/La-economia-no-podria-soportar.jpg\" \/>\n\t<meta property=\"og:image:width\" content=\"696\" \/>\n\t<meta property=\"og:image:height\" content=\"465\" \/>\n\t<meta property=\"og:image:type\" content=\"image\/jpeg\" \/>\n<meta name=\"author\" content=\"admpu17wp\" \/>\n<meta name=\"twitter:card\" content=\"summary_large_image\" \/>\n<meta name=\"twitter:creator\" content=\"@portalurbanook\" \/>\n<meta name=\"twitter:site\" content=\"@portalurbanook\" \/>\n<meta name=\"twitter:label1\" content=\"Escrito por\" \/>\n\t<meta name=\"twitter:data1\" content=\"admpu17wp\" \/>\n\t<meta name=\"twitter:label2\" content=\"Tiempo de lectura\" \/>\n\t<meta name=\"twitter:data2\" content=\"2 minutos\" \/>\n<script type=\"application\/ld+json\" class=\"yoast-schema-graph\">{\"@context\":\"https:\/\/schema.org\",\"@graph\":[{\"@type\":\"Article\",\"@id\":\"https:\/\/experienciadevida.com.ar\/portalurbano\/guzman-la-economia-no-podria-soportar-un-cierre-total\/#article\",\"isPartOf\":{\"@id\":\"https:\/\/experienciadevida.com.ar\/portalurbano\/guzman-la-economia-no-podria-soportar-un-cierre-total\/\"},\"author\":{\"name\":\"admpu17wp\",\"@id\":\"https:\/\/experienciadevida.com.ar\/portalurbano\/#\/schema\/person\/02dd326b1c4b056e9cc972486934a3a7\"},\"headline\":\"Guzm\u00e1n: \u201cLa econom\u00eda no podr\u00eda soportar un cierre total\u201d\",\"datePublished\":\"2021-04-04T23:45:11+00:00\",\"dateModified\":\"2021-04-04T23:46:05+00:00\",\"mainEntityOfPage\":{\"@id\":\"https:\/\/experienciadevida.com.ar\/portalurbano\/guzman-la-economia-no-podria-soportar-un-cierre-total\/\"},\"wordCount\":377,\"publisher\":{\"@id\":\"https:\/\/experienciadevida.com.ar\/portalurbano\/#organization\"},\"articleSection\":[\"Naci\u00f3n\"],\"inLanguage\":\"es\"},{\"@type\":\"WebPage\",\"@id\":\"https:\/\/experienciadevida.com.ar\/portalurbano\/guzman-la-economia-no-podria-soportar-un-cierre-total\/\",\"url\":\"https:\/\/experienciadevida.com.ar\/portalurbano\/guzman-la-economia-no-podria-soportar-un-cierre-total\/\",\"name\":\"Guzm\u00e1n: \\\"La econom\u00eda no podr\u00eda soportar un cierre total\\\"\",\"isPartOf\":{\"@id\":\"https:\/\/experienciadevida.com.ar\/portalurbano\/#website\"},\"datePublished\":\"2021-04-04T23:45:11+00:00\",\"dateModified\":\"2021-04-04T23:46:05+00:00\",\"description\":\"Guzm\u00e1n: \u201cLa econom\u00eda no podr\u00eda soportar un cierre total\u201d, Argentina es uno de los pa\u00edses de la regi\u00f3n que m\u00e1s se est\u00e1 recuperando.\",\"breadcrumb\":{\"@id\":\"https:\/\/experienciadevida.com.ar\/portalurbano\/guzman-la-economia-no-podria-soportar-un-cierre-total\/#breadcrumb\"},\"inLanguage\":\"es\",\"potentialAction\":[{\"@type\":\"ReadAction\",\"target\":[\"https:\/\/experienciadevida.com.ar\/portalurbano\/guzman-la-economia-no-podria-soportar-un-cierre-total\/\"]}]},{\"@type\":\"BreadcrumbList\",\"@id\":\"https:\/\/experienciadevida.com.ar\/portalurbano\/guzman-la-economia-no-podria-soportar-un-cierre-total\/#breadcrumb\",\"itemListElement\":[{\"@type\":\"ListItem\",\"position\":1,\"name\":\"Portada\",\"item\":\"https:\/\/experienciadevida.com.ar\/portalurbano\/\"},{\"@type\":\"ListItem\",\"position\":2,\"name\":\"Guzm\u00e1n: \u201cLa econom\u00eda no podr\u00eda soportar un cierre total\u201d\"}]},{\"@type\":\"WebSite\",\"@id\":\"https:\/\/experienciadevida.com.ar\/portalurbano\/#website\",\"url\":\"https:\/\/experienciadevida.com.ar\/portalurbano\/\",\"name\":\"\",\"description\":\"\",\"publisher\":{\"@id\":\"https:\/\/experienciadevida.com.ar\/portalurbano\/#organization\"},\"potentialAction\":[{\"@type\":\"SearchAction\",\"target\":{\"@type\":\"EntryPoint\",\"urlTemplate\":\"https:\/\/experienciadevida.com.ar\/portalurbano\/?s={search_term_string}\"},\"query-input\":\"required name=search_term_string\"}],\"inLanguage\":\"es\"},{\"@type\":\"Organization\",\"@id\":\"https:\/\/experienciadevida.com.ar\/portalurbano\/#organization\",\"name\":\"Portal Urbano\",\"url\":\"https:\/\/experienciadevida.com.ar\/portalurbano\/\",\"logo\":{\"@type\":\"ImageObject\",\"inLanguage\":\"es\",\"@id\":\"https:\/\/experienciadevida.com.ar\/portalurbano\/#\/schema\/logo\/image\/\",\"url\":\"https:\/\/experienciadevida.com.ar\/portalurbano\/wp-content\/uploads\/2019\/09\/Logo-Original.png\",\"contentUrl\":\"https:\/\/experienciadevida.com.ar\/portalurbano\/wp-content\/uploads\/2019\/09\/Logo-Original.png\",\"width\":2236,\"height\":1216,\"caption\":\"Portal Urbano\"},\"image\":{\"@id\":\"https:\/\/experienciadevida.com.ar\/portalurbano\/#\/schema\/logo\/image\/\"},\"sameAs\":[\"https:\/\/www.facebook.com\/Portal-Urbano-171542830093757\/\",\"https:\/\/twitter.com\/portalurbanook\",\"https:\/\/www.instagram.com\/_portalurbano\/\",\"https:\/\/www.youtube.com\/channel\/UCXhagIfszH8KxFiOok79zbA?view_as=subscriber\"]},{\"@type\":\"Person\",\"@id\":\"https:\/\/experienciadevida.com.ar\/portalurbano\/#\/schema\/person\/02dd326b1c4b056e9cc972486934a3a7\",\"name\":\"admpu17wp\",\"image\":{\"@type\":\"ImageObject\",\"inLanguage\":\"es\",\"@id\":\"https:\/\/experienciadevida.com.ar\/portalurbano\/#\/schema\/person\/image\/\",\"url\":\"https:\/\/secure.gravatar.com\/avatar\/830d4c57adaae6630765e449a6908047?s=96&d=mm&r=g\",\"contentUrl\":\"https:\/\/secure.gravatar.com\/avatar\/830d4c57adaae6630765e449a6908047?s=96&d=mm&r=g\",\"caption\":\"admpu17wp\"}}]}<\/script>\n<!-- \/ Yoast SEO plugin. -->","yoast_head_json":{"title":"Guzm\u00e1n: \"La econom\u00eda no podr\u00eda soportar un cierre total\"","description":"Guzm\u00e1n: \u201cLa econom\u00eda no podr\u00eda soportar un cierre total\u201d, Argentina es uno de los pa\u00edses de la regi\u00f3n que m\u00e1s se est\u00e1 recuperando.","robots":{"index":"index","follow":"follow","max-snippet":"max-snippet:-1","max-image-preview":"max-image-preview:large","max-video-preview":"max-video-preview:-1"},"canonical":"https:\/\/experienciadevida.com.ar\/portalurbano\/guzman-la-economia-no-podria-soportar-un-cierre-total\/","og_locale":"es_ES","og_type":"article","og_title":"Guzm\u00e1n: \"La econom\u00eda no podr\u00eda soportar un cierre total\"","og_description":"Guzm\u00e1n: \u201cLa econom\u00eda no podr\u00eda soportar un cierre total\u201d, Argentina es uno de los pa\u00edses de la regi\u00f3n que m\u00e1s se est\u00e1 recuperando.","og_url":"https:\/\/experienciadevida.com.ar\/portalurbano\/guzman-la-economia-no-podria-soportar-un-cierre-total\/","article_publisher":"https:\/\/www.facebook.com\/Portal-Urbano-171542830093757\/","article_published_time":"2021-04-04T23:45:11+00:00","article_modified_time":"2021-04-04T23:46:05+00:00","og_image":[{"width":696,"height":465,"url":"https:\/\/experienciadevida.com.ar\/portalurbano\/wp-content\/uploads\/2021\/04\/La-economia-no-podria-soportar.jpg","type":"image\/jpeg"}],"author":"admpu17wp","twitter_card":"summary_large_image","twitter_creator":"@portalurbanook","twitter_site":"@portalurbanook","twitter_misc":{"Escrito por":"admpu17wp","Tiempo de lectura":"2 minutos"},"schema":{"@context":"https:\/\/schema.org","@graph":[{"@type":"Article","@id":"https:\/\/experienciadevida.com.ar\/portalurbano\/guzman-la-economia-no-podria-soportar-un-cierre-total\/#article","isPartOf":{"@id":"https:\/\/experienciadevida.com.ar\/portalurbano\/guzman-la-economia-no-podria-soportar-un-cierre-total\/"},"author":{"name":"admpu17wp","@id":"https:\/\/experienciadevida.com.ar\/portalurbano\/#\/schema\/person\/02dd326b1c4b056e9cc972486934a3a7"},"headline":"Guzm\u00e1n: \u201cLa econom\u00eda no podr\u00eda soportar un cierre total\u201d","datePublished":"2021-04-04T23:45:11+00:00","dateModified":"2021-04-04T23:46:05+00:00","mainEntityOfPage":{"@id":"https:\/\/experienciadevida.com.ar\/portalurbano\/guzman-la-economia-no-podria-soportar-un-cierre-total\/"},"wordCount":377,"publisher":{"@id":"https:\/\/experienciadevida.com.ar\/portalurbano\/#organization"},"articleSection":["Naci\u00f3n"],"inLanguage":"es"},{"@type":"WebPage","@id":"https:\/\/experienciadevida.com.ar\/portalurbano\/guzman-la-economia-no-podria-soportar-un-cierre-total\/","url":"https:\/\/experienciadevida.com.ar\/portalurbano\/guzman-la-economia-no-podria-soportar-un-cierre-total\/","name":"Guzm\u00e1n: \"La econom\u00eda no podr\u00eda soportar un cierre total\"","isPartOf":{"@id":"https:\/\/experienciadevida.com.ar\/portalurbano\/#website"},"datePublished":"2021-04-04T23:45:11+00:00","dateModified":"2021-04-04T23:46:05+00:00","description":"Guzm\u00e1n: \u201cLa econom\u00eda no podr\u00eda soportar un cierre total\u201d, Argentina es uno de los pa\u00edses de la regi\u00f3n que m\u00e1s se est\u00e1 recuperando.","breadcrumb":{"@id":"https:\/\/experienciadevida.com.ar\/portalurbano\/guzman-la-economia-no-podria-soportar-un-cierre-total\/#breadcrumb"},"inLanguage":"es","potentialAction":[{"@type":"ReadAction","target":["https:\/\/experienciadevida.com.ar\/portalurbano\/guzman-la-economia-no-podria-soportar-un-cierre-total\/"]}]},{"@type":"BreadcrumbList","@id":"https:\/\/experienciadevida.com.ar\/portalurbano\/guzman-la-economia-no-podria-soportar-un-cierre-total\/#breadcrumb","itemListElement":[{"@type":"ListItem","position":1,"name":"Portada","item":"https:\/\/experienciadevida.com.ar\/portalurbano\/"},{"@type":"ListItem","position":2,"name":"Guzm\u00e1n: \u201cLa econom\u00eda no podr\u00eda soportar un cierre total\u201d"}]},{"@type":"WebSite","@id":"https:\/\/experienciadevida.com.ar\/portalurbano\/#website","url":"https:\/\/experienciadevida.com.ar\/portalurbano\/","name":"","description":"","publisher":{"@id":"https:\/\/experienciadevida.com.ar\/portalurbano\/#organization"},"potentialAction":[{"@type":"SearchAction","target":{"@type":"EntryPoint","urlTemplate":"https:\/\/experienciadevida.com.ar\/portalurbano\/?s={search_term_string}"},"query-input":"required name=search_term_string"}],"inLanguage":"es"},{"@type":"Organization","@id":"https:\/\/experienciadevida.com.ar\/portalurbano\/#organization","name":"Portal Urbano","url":"https:\/\/experienciadevida.com.ar\/portalurbano\/","logo":{"@type":"ImageObject","inLanguage":"es","@id":"https:\/\/experienciadevida.com.ar\/portalurbano\/#\/schema\/logo\/image\/","url":"https:\/\/experienciadevida.com.ar\/portalurbano\/wp-content\/uploads\/2019\/09\/Logo-Original.png","contentUrl":"https:\/\/experienciadevida.com.ar\/portalurbano\/wp-content\/uploads\/2019\/09\/Logo-Original.png","width":2236,"height":1216,"caption":"Portal Urbano"},"image":{"@id":"https:\/\/experienciadevida.com.ar\/portalurbano\/#\/schema\/logo\/image\/"},"sameAs":["https:\/\/www.facebook.com\/Portal-Urbano-171542830093757\/","https:\/\/twitter.com\/portalurbanook","https:\/\/www.instagram.com\/_portalurbano\/","https:\/\/www.youtube.com\/channel\/UCXhagIfszH8KxFiOok79zbA?view_as=subscriber"]},{"@type":"Person","@id":"https:\/\/experienciadevida.com.ar\/portalurbano\/#\/schema\/person\/02dd326b1c4b056e9cc972486934a3a7","name":"admpu17wp","image":{"@type":"ImageObject","inLanguage":"es","@id":"https:\/\/experienciadevida.com.ar\/portalurbano\/#\/schema\/person\/image\/","url":"https:\/\/secure.gravatar.com\/avatar\/830d4c57adaae6630765e449a6908047?s=96&d=mm&r=g","contentUrl":"https:\/\/secure.gravatar.com\/avatar\/830d4c57adaae6630765e449a6908047?s=96&d=mm&r=g","caption":"admpu17wp"}}]}},"featured_image_urls":{"full":["https:\/\/experienciadevida.com.ar\/portalurbano\/wp-content\/uploads\/2021\/04\/La-economia-no-podria-soportar.jpg",696,465,false],"thumbnail":["https:\/\/experienciadevida.com.ar\/portalurbano\/wp-content\/uploads\/2021\/04\/La-economia-no-podria-soportar-150x150.jpg",150,150,true],"medium":["https:\/\/experienciadevida.com.ar\/portalurbano\/wp-content\/uploads\/2021\/04\/La-economia-no-podria-soportar-300x200.jpg",300,200,true],"medium_large":["https:\/\/experienciadevida.com.ar\/portalurbano\/wp-content\/uploads\/2021\/04\/La-economia-no-podria-soportar.jpg",640,428,false],"large":["https:\/\/experienciadevida.com.ar\/portalurbano\/wp-content\/uploads\/2021\/04\/La-economia-no-podria-soportar.jpg",640,428,false],"ug_big":["https:\/\/experienciadevida.com.ar\/portalurbano\/wp-content\/uploads\/2021\/04\/La-economia-no-podria-soportar.jpg",696,465,false],"1536x1536":["https:\/\/experienciadevida.com.ar\/portalurbano\/wp-content\/uploads\/2021\/04\/La-economia-no-podria-soportar.jpg",696,465,false],"2048x2048":["https:\/\/experienciadevida.com.ar\/portalurbano\/wp-content\/uploads\/2021\/04\/La-economia-no-podria-soportar.jpg",696,465,false],"newsever-slider-full":["https:\/\/experienciadevida.com.ar\/portalurbano\/wp-content\/uploads\/2021\/04\/La-economia-no-podria-soportar.jpg",696,465,false],"newsever-featured":["https:\/\/experienciadevida.com.ar\/portalurbano\/wp-content\/uploads\/2021\/04\/La-economia-no-podria-soportar.jpg",696,465,false],"newsever-medium":["https:\/\/experienciadevida.com.ar\/portalurbano\/wp-content\/uploads\/2021\/04\/La-economia-no-podria-soportar.jpg",696,465,false],"web-stories-poster-portrait":["https:\/\/experienciadevida.com.ar\/portalurbano\/wp-content\/uploads\/2021\/04\/La-economia-no-podria-soportar.jpg",640,428,false],"web-stories-publisher-logo":["https:\/\/experienciadevida.com.ar\/portalurbano\/wp-content\/uploads\/2021\/04\/La-economia-no-podria-soportar.jpg",96,64,false],"web-stories-thumbnail":["https:\/\/experienciadevida.com.ar\/portalurbano\/wp-content\/uploads\/2021\/04\/La-economia-no-podria-soportar.jpg",150,100,false]},"author_info":{"display_name":"admpu17wp","author_link":"https:\/\/experienciadevida.com.ar\/portalurbano\/author\/admpu17wp\/"},"category_info":"<a href=\"https:\/\/experienciadevida.com.ar\/portalurbano\/category\/nacion\/\" rel=\"category tag\">Naci\u00f3n<\/a>","tag_info":"Naci\u00f3n","comment_count":"0","amp_enabled":true,"_links":{"self":[{"href":"https:\/\/experienciadevida.com.ar\/portalurbano\/wp-json\/wp\/v2\/posts\/139219"}],"collection":[{"href":"https:\/\/experienciadevida.com.ar\/portalurbano\/wp-json\/wp\/v2\/posts"}],"about":[{"href":"https:\/\/experienciadevida.com.ar\/portalurbano\/wp-json\/wp\/v2\/types\/post"}],"author":[{"embeddable":true,"href":"https:\/\/experienciadevida.com.ar\/portalurbano\/wp-json\/wp\/v2\/users\/1"}],"replies":[{"embeddable":true,"href":"https:\/\/experienciadevida.com.ar\/portalurbano\/wp-json\/wp\/v2\/comments?post=139219"}],"version-history":[{"count":2,"href":"https:\/\/experienciadevida.com.ar\/portalurbano\/wp-json\/wp\/v2\/posts\/139219\/revisions"}],"predecessor-version":[{"id":139222,"href":"https:\/\/experienciadevida.com.ar\/portalurbano\/wp-json\/wp\/v2\/posts\/139219\/revisions\/139222"}],"wp:featuredmedia":[{"embeddable":true,"href":"https:\/\/experienciadevida.com.ar\/portalurbano\/wp-json\/wp\/v2\/media\/139220"}],"wp:attachment":[{"href":"https:\/\/experienciadevida.com.ar\/portalurbano\/wp-json\/wp\/v2\/media?parent=139219"}],"wp:term":[{"taxonomy":"category","embeddable":true,"href":"https:\/\/experienciadevida.com.ar\/portalurbano\/wp-json\/wp\/v2\/categories?post=139219"},{"taxonomy":"post_tag","embeddable":true,"href":"https:\/\/experienciadevida.com.ar\/portalurbano\/wp-json\/wp\/v2\/tags?post=139219"}],"curies":[{"name":"wp","href":"https:\/\/api.w.org\/{rel}","templated":true}]}}