{"id":139192,"date":"2021-04-04T12:00:25","date_gmt":"2021-04-04T15:00:25","guid":{"rendered":"https:\/\/experienciadevida.com.ar\/portalurbano\/?p=139192"},"modified":"2021-04-04T12:03:38","modified_gmt":"2021-04-04T15:03:38","slug":"kicillof-se-reunio-con-intendentes-y-evaluaron-los-pasos-a-seguir-ante-el-aumento-de-casos","status":"publish","type":"post","link":"https:\/\/experienciadevida.com.ar\/portalurbano\/kicillof-se-reunio-con-intendentes-y-evaluaron-los-pasos-a-seguir-ante-el-aumento-de-casos\/","title":{"rendered":"Kicillof se reuni\u00f3 con intendentes y evaluaron los pasos a seguir ante el aumento de casos"},"content":{"rendered":"<p>Kicillof se reuni\u00f3 con intendentes y evaluaron los pasos a seguir ante el aumento de casos. De forma virtual, evaluaron los pasos a seguir ante el aumento de los casos, mientras contin\u00faa del plan de vacunaci\u00f3n.<\/p>\n<p>El gobernador Axel Kicillof se reuni\u00f3 de manera virtual con m\u00e1s de cien intendentes de todas las fuerzas pol\u00edticas para evaluar la situaci\u00f3n epidemiol\u00f3gica de la provincia de Buenos Aires y abordar los pasos a seguir ante la segunda ola de contagios de coronavirus.<\/p>\n<p>Kicillof ponder\u00f3 el uso del sistema de fases que implementa la provincia y el trabajo coordinado con los jefes comunales, y dijo que la primera ola de casos servir\u00e1 para actuar en esta etapa.<\/p>\n<p>\u201cEstamos analizando el impacto que implicar\u00edan medidas en tres ejes: la nocturnidad, el transporte p\u00fablico y las actividades recreativas en las que se aglomera mucha gente\u201d, dijo. Y agreg\u00f3: \u201cEste es el momento de hacer un esfuerzo que nos permita retrasar los contagios\u201d.<\/p>\n<p>El gobernador subray\u00f3 que las pautas establecidas para cada de una de las fases indican un piso de cumplimiento respecto de las medidas necesarias para disminuir los contagios, y explic\u00f3 que los alcaldes pueden optar luego por criterios m\u00e1s estrictos en los casos que se requiera debido a la din\u00e1mica del virus en cada territorio. \u201cEstamos en una carrera contra la segunda ola, en la cual necesitamos implementar las medidas que nos permitan aminorar el ritmo de contagios mientras seguimos vacunando a toda velocidad\u201d, afirm\u00f3 Kicillof.<\/p>\n<p>Por su parte, el ministro de Salud, Daniel Gollan pidi\u00f3 no hacerse \u201clos distra\u00eddos cuando vemos que nuestros pa\u00edses lim\u00edtrofes est\u00e1n viviendo situaciones dram\u00e1ticas\u201d.<\/p>\n<p>Mientras que el vice ministro, Nicol\u00e1s Kreplak, sostuvo que \u201clo m\u00e1s efectivo es disminuir la movilidad y ahora que la zona metropolitana vuelve a ser el foco de los contagios, necesitamos preservar al resto de la Provincia mientas avanza la vacunaci\u00f3n\u201d. Y a\u00f1adi\u00f3: \u201cPese a que ya ve\u00edamos un crecimiento de los casos, desde la semana anterior se observa una duplicaci\u00f3n d\u00eda contra d\u00eda que da cuenta de que se quebr\u00f3 la din\u00e1mica de la curva de contagios\u201d.<\/p>\n<p>Participaron tambi\u00e9n el jefe de Gabinete, Carlos Bianco; la ministra de Gobierno, Teresa Garc\u00eda; la directora general de Cultura y Educaci\u00f3n, Agustina Vila; y el ministro de Desarrollo de la Comunidad, Andr\u00e9s Larroque.<\/p>\n<p>Fuente: DIB<\/p>\n","protected":false},"excerpt":{"rendered":"<p>Kicillof se reuni\u00f3 con intendentes y evaluaron los pasos a seguir ante el aumento de&#8230;<\/p>\n","protected":false},"author":1,"featured_media":139193,"comment_status":"closed","ping_status":"closed","sticky":false,"template":"","format":"standard","meta":{"content-type":""},"categories":[64,44],"tags":[],"nelio_content":{"isAutoShareEnabled":false,"autoShareEndMode":"default","automationSources":{"useContentSentences":true,"useSocialTemplates":true,"useCustomSentences":false,"customSentences":[]},"followers":[1],"suggestedReferences":[],"includedReferences":[],"efiUrl":"","efiAlt":"","highlights":[]},"yoast_head":"<!-- This site is optimized with the Yoast SEO plugin v20.7 - https:\/\/yoast.com\/wordpress\/plugins\/seo\/ -->\n<title>Kicillof se reuni\u00f3 con Intendentes y evaluaron los pasos a seguir<\/title>\n<meta name=\"description\" content=\"Kicillof se reuni\u00f3 con intendentes y evaluaron los pasos a seguir ante el aumento de casos, de forma virtual analizaron las medidas.\" \/>\n<meta name=\"robots\" content=\"index, follow, max-snippet:-1, max-image-preview:large, max-video-preview:-1\" \/>\n<link rel=\"canonical\" href=\"https:\/\/experienciadevida.com.ar\/portalurbano\/kicillof-se-reunio-con-intendentes-y-evaluaron-los-pasos-a-seguir-ante-el-aumento-de-casos\/\" \/>\n<meta property=\"og:locale\" content=\"es_ES\" \/>\n<meta property=\"og:type\" content=\"article\" \/>\n<meta property=\"og:title\" content=\"Kicillof se reuni\u00f3 con Intendentes y evaluaron los pasos a seguir\" \/>\n<meta property=\"og:description\" content=\"Kicillof se reuni\u00f3 con intendentes y evaluaron los pasos a seguir ante el aumento de casos, de forma virtual analizaron las medidas.\" \/>\n<meta property=\"og:url\" content=\"https:\/\/experienciadevida.com.ar\/portalurbano\/kicillof-se-reunio-con-intendentes-y-evaluaron-los-pasos-a-seguir-ante-el-aumento-de-casos\/\" \/>\n<meta property=\"article:publisher\" content=\"https:\/\/www.facebook.com\/Portal-Urbano-171542830093757\/\" \/>\n<meta property=\"article:published_time\" content=\"2021-04-04T15:00:25+00:00\" \/>\n<meta property=\"article:modified_time\" content=\"2021-04-04T15:03:38+00:00\" \/>\n<meta property=\"og:image\" content=\"https:\/\/experienciadevida.com.ar\/portalurbano\/wp-content\/uploads\/2021\/04\/Kicillof-se-reunio-con-intendentes.jpg\" \/>\n\t<meta property=\"og:image:width\" content=\"696\" \/>\n\t<meta property=\"og:image:height\" content=\"464\" \/>\n\t<meta property=\"og:image:type\" content=\"image\/jpeg\" \/>\n<meta name=\"author\" content=\"admpu17wp\" \/>\n<meta name=\"twitter:card\" content=\"summary_large_image\" \/>\n<meta name=\"twitter:creator\" content=\"@portalurbanook\" \/>\n<meta name=\"twitter:site\" content=\"@portalurbanook\" \/>\n<meta name=\"twitter:label1\" content=\"Escrito por\" \/>\n\t<meta name=\"twitter:data1\" content=\"admpu17wp\" \/>\n\t<meta name=\"twitter:label2\" content=\"Tiempo de lectura\" \/>\n\t<meta name=\"twitter:data2\" content=\"2 minutos\" \/>\n<script type=\"application\/ld+json\" class=\"yoast-schema-graph\">{\"@context\":\"https:\/\/schema.org\",\"@graph\":[{\"@type\":\"Article\",\"@id\":\"https:\/\/experienciadevida.com.ar\/portalurbano\/kicillof-se-reunio-con-intendentes-y-evaluaron-los-pasos-a-seguir-ante-el-aumento-de-casos\/#article\",\"isPartOf\":{\"@id\":\"https:\/\/experienciadevida.com.ar\/portalurbano\/kicillof-se-reunio-con-intendentes-y-evaluaron-los-pasos-a-seguir-ante-el-aumento-de-casos\/\"},\"author\":{\"name\":\"admpu17wp\",\"@id\":\"https:\/\/experienciadevida.com.ar\/portalurbano\/#\/schema\/person\/02dd326b1c4b056e9cc972486934a3a7\"},\"headline\":\"Kicillof se reuni\u00f3 con intendentes y evaluaron los pasos a seguir ante el aumento de casos\",\"datePublished\":\"2021-04-04T15:00:25+00:00\",\"dateModified\":\"2021-04-04T15:03:38+00:00\",\"mainEntityOfPage\":{\"@id\":\"https:\/\/experienciadevida.com.ar\/portalurbano\/kicillof-se-reunio-con-intendentes-y-evaluaron-los-pasos-a-seguir-ante-el-aumento-de-casos\/\"},\"wordCount\":424,\"publisher\":{\"@id\":\"https:\/\/experienciadevida.com.ar\/portalurbano\/#organization\"},\"articleSection\":[\"Destacadas 2\",\"Provincia\"],\"inLanguage\":\"es\"},{\"@type\":\"WebPage\",\"@id\":\"https:\/\/experienciadevida.com.ar\/portalurbano\/kicillof-se-reunio-con-intendentes-y-evaluaron-los-pasos-a-seguir-ante-el-aumento-de-casos\/\",\"url\":\"https:\/\/experienciadevida.com.ar\/portalurbano\/kicillof-se-reunio-con-intendentes-y-evaluaron-los-pasos-a-seguir-ante-el-aumento-de-casos\/\",\"name\":\"Kicillof se reuni\u00f3 con Intendentes y evaluaron los pasos a seguir\",\"isPartOf\":{\"@id\":\"https:\/\/experienciadevida.com.ar\/portalurbano\/#website\"},\"datePublished\":\"2021-04-04T15:00:25+00:00\",\"dateModified\":\"2021-04-04T15:03:38+00:00\",\"description\":\"Kicillof se reuni\u00f3 con intendentes y evaluaron los pasos a seguir ante el aumento de casos, de forma virtual analizaron las medidas.\",\"breadcrumb\":{\"@id\":\"https:\/\/experienciadevida.com.ar\/portalurbano\/kicillof-se-reunio-con-intendentes-y-evaluaron-los-pasos-a-seguir-ante-el-aumento-de-casos\/#breadcrumb\"},\"inLanguage\":\"es\",\"potentialAction\":[{\"@type\":\"ReadAction\",\"target\":[\"https:\/\/experienciadevida.com.ar\/portalurbano\/kicillof-se-reunio-con-intendentes-y-evaluaron-los-pasos-a-seguir-ante-el-aumento-de-casos\/\"]}]},{\"@type\":\"BreadcrumbList\",\"@id\":\"https:\/\/experienciadevida.com.ar\/portalurbano\/kicillof-se-reunio-con-intendentes-y-evaluaron-los-pasos-a-seguir-ante-el-aumento-de-casos\/#breadcrumb\",\"itemListElement\":[{\"@type\":\"ListItem\",\"position\":1,\"name\":\"Portada\",\"item\":\"https:\/\/experienciadevida.com.ar\/portalurbano\/\"},{\"@type\":\"ListItem\",\"position\":2,\"name\":\"Kicillof se reuni\u00f3 con intendentes y evaluaron los pasos a seguir ante el aumento de casos\"}]},{\"@type\":\"WebSite\",\"@id\":\"https:\/\/experienciadevida.com.ar\/portalurbano\/#website\",\"url\":\"https:\/\/experienciadevida.com.ar\/portalurbano\/\",\"name\":\"\",\"description\":\"\",\"publisher\":{\"@id\":\"https:\/\/experienciadevida.com.ar\/portalurbano\/#organization\"},\"potentialAction\":[{\"@type\":\"SearchAction\",\"target\":{\"@type\":\"EntryPoint\",\"urlTemplate\":\"https:\/\/experienciadevida.com.ar\/portalurbano\/?s={search_term_string}\"},\"query-input\":\"required name=search_term_string\"}],\"inLanguage\":\"es\"},{\"@type\":\"Organization\",\"@id\":\"https:\/\/experienciadevida.com.ar\/portalurbano\/#organization\",\"name\":\"Portal Urbano\",\"url\":\"https:\/\/experienciadevida.com.ar\/portalurbano\/\",\"logo\":{\"@type\":\"ImageObject\",\"inLanguage\":\"es\",\"@id\":\"https:\/\/experienciadevida.com.ar\/portalurbano\/#\/schema\/logo\/image\/\",\"url\":\"https:\/\/experienciadevida.com.ar\/portalurbano\/wp-content\/uploads\/2019\/09\/Logo-Original.png\",\"contentUrl\":\"https:\/\/experienciadevida.com.ar\/portalurbano\/wp-content\/uploads\/2019\/09\/Logo-Original.png\",\"width\":2236,\"height\":1216,\"caption\":\"Portal Urbano\"},\"image\":{\"@id\":\"https:\/\/experienciadevida.com.ar\/portalurbano\/#\/schema\/logo\/image\/\"},\"sameAs\":[\"https:\/\/www.facebook.com\/Portal-Urbano-171542830093757\/\",\"https:\/\/twitter.com\/portalurbanook\",\"https:\/\/www.instagram.com\/_portalurbano\/\",\"https:\/\/www.youtube.com\/channel\/UCXhagIfszH8KxFiOok79zbA?view_as=subscriber\"]},{\"@type\":\"Person\",\"@id\":\"https:\/\/experienciadevida.com.ar\/portalurbano\/#\/schema\/person\/02dd326b1c4b056e9cc972486934a3a7\",\"name\":\"admpu17wp\",\"image\":{\"@type\":\"ImageObject\",\"inLanguage\":\"es\",\"@id\":\"https:\/\/experienciadevida.com.ar\/portalurbano\/#\/schema\/person\/image\/\",\"url\":\"https:\/\/secure.gravatar.com\/avatar\/830d4c57adaae6630765e449a6908047?s=96&d=mm&r=g\",\"contentUrl\":\"https:\/\/secure.gravatar.com\/avatar\/830d4c57adaae6630765e449a6908047?s=96&d=mm&r=g\",\"caption\":\"admpu17wp\"}}]}<\/script>\n<!-- \/ Yoast SEO plugin. -->","yoast_head_json":{"title":"Kicillof se reuni\u00f3 con Intendentes y evaluaron los pasos a seguir","description":"Kicillof se reuni\u00f3 con intendentes y evaluaron los pasos a seguir ante el aumento de casos, de forma virtual analizaron las medidas.","robots":{"index":"index","follow":"follow","max-snippet":"max-snippet:-1","max-image-preview":"max-image-preview:large","max-video-preview":"max-video-preview:-1"},"canonical":"https:\/\/experienciadevida.com.ar\/portalurbano\/kicillof-se-reunio-con-intendentes-y-evaluaron-los-pasos-a-seguir-ante-el-aumento-de-casos\/","og_locale":"es_ES","og_type":"article","og_title":"Kicillof se reuni\u00f3 con Intendentes y evaluaron los pasos a seguir","og_description":"Kicillof se reuni\u00f3 con intendentes y evaluaron los pasos a seguir ante el aumento de casos, de forma virtual analizaron las medidas.","og_url":"https:\/\/experienciadevida.com.ar\/portalurbano\/kicillof-se-reunio-con-intendentes-y-evaluaron-los-pasos-a-seguir-ante-el-aumento-de-casos\/","article_publisher":"https:\/\/www.facebook.com\/Portal-Urbano-171542830093757\/","article_published_time":"2021-04-04T15:00:25+00:00","article_modified_time":"2021-04-04T15:03:38+00:00","og_image":[{"width":696,"height":464,"url":"https:\/\/experienciadevida.com.ar\/portalurbano\/wp-content\/uploads\/2021\/04\/Kicillof-se-reunio-con-intendentes.jpg","type":"image\/jpeg"}],"author":"admpu17wp","twitter_card":"summary_large_image","twitter_creator":"@portalurbanook","twitter_site":"@portalurbanook","twitter_misc":{"Escrito por":"admpu17wp","Tiempo de lectura":"2 minutos"},"schema":{"@context":"https:\/\/schema.org","@graph":[{"@type":"Article","@id":"https:\/\/experienciadevida.com.ar\/portalurbano\/kicillof-se-reunio-con-intendentes-y-evaluaron-los-pasos-a-seguir-ante-el-aumento-de-casos\/#article","isPartOf":{"@id":"https:\/\/experienciadevida.com.ar\/portalurbano\/kicillof-se-reunio-con-intendentes-y-evaluaron-los-pasos-a-seguir-ante-el-aumento-de-casos\/"},"author":{"name":"admpu17wp","@id":"https:\/\/experienciadevida.com.ar\/portalurbano\/#\/schema\/person\/02dd326b1c4b056e9cc972486934a3a7"},"headline":"Kicillof se reuni\u00f3 con intendentes y evaluaron los pasos a seguir ante el aumento de casos","datePublished":"2021-04-04T15:00:25+00:00","dateModified":"2021-04-04T15:03:38+00:00","mainEntityOfPage":{"@id":"https:\/\/experienciadevida.com.ar\/portalurbano\/kicillof-se-reunio-con-intendentes-y-evaluaron-los-pasos-a-seguir-ante-el-aumento-de-casos\/"},"wordCount":424,"publisher":{"@id":"https:\/\/experienciadevida.com.ar\/portalurbano\/#organization"},"articleSection":["Destacadas 2","Provincia"],"inLanguage":"es"},{"@type":"WebPage","@id":"https:\/\/experienciadevida.com.ar\/portalurbano\/kicillof-se-reunio-con-intendentes-y-evaluaron-los-pasos-a-seguir-ante-el-aumento-de-casos\/","url":"https:\/\/experienciadevida.com.ar\/portalurbano\/kicillof-se-reunio-con-intendentes-y-evaluaron-los-pasos-a-seguir-ante-el-aumento-de-casos\/","name":"Kicillof se reuni\u00f3 con Intendentes y evaluaron los pasos a seguir","isPartOf":{"@id":"https:\/\/experienciadevida.com.ar\/portalurbano\/#website"},"datePublished":"2021-04-04T15:00:25+00:00","dateModified":"2021-04-04T15:03:38+00:00","description":"Kicillof se reuni\u00f3 con intendentes y evaluaron los pasos a seguir ante el aumento de casos, de forma virtual analizaron las medidas.","breadcrumb":{"@id":"https:\/\/experienciadevida.com.ar\/portalurbano\/kicillof-se-reunio-con-intendentes-y-evaluaron-los-pasos-a-seguir-ante-el-aumento-de-casos\/#breadcrumb"},"inLanguage":"es","potentialAction":[{"@type":"ReadAction","target":["https:\/\/experienciadevida.com.ar\/portalurbano\/kicillof-se-reunio-con-intendentes-y-evaluaron-los-pasos-a-seguir-ante-el-aumento-de-casos\/"]}]},{"@type":"BreadcrumbList","@id":"https:\/\/experienciadevida.com.ar\/portalurbano\/kicillof-se-reunio-con-intendentes-y-evaluaron-los-pasos-a-seguir-ante-el-aumento-de-casos\/#breadcrumb","itemListElement":[{"@type":"ListItem","position":1,"name":"Portada","item":"https:\/\/experienciadevida.com.ar\/portalurbano\/"},{"@type":"ListItem","position":2,"name":"Kicillof se reuni\u00f3 con intendentes y evaluaron los pasos a seguir ante el aumento de casos"}]},{"@type":"WebSite","@id":"https:\/\/experienciadevida.com.ar\/portalurbano\/#website","url":"https:\/\/experienciadevida.com.ar\/portalurbano\/","name":"","description":"","publisher":{"@id":"https:\/\/experienciadevida.com.ar\/portalurbano\/#organization"},"potentialAction":[{"@type":"SearchAction","target":{"@type":"EntryPoint","urlTemplate":"https:\/\/experienciadevida.com.ar\/portalurbano\/?s={search_term_string}"},"query-input":"required name=search_term_string"}],"inLanguage":"es"},{"@type":"Organization","@id":"https:\/\/experienciadevida.com.ar\/portalurbano\/#organization","name":"Portal Urbano","url":"https:\/\/experienciadevida.com.ar\/portalurbano\/","logo":{"@type":"ImageObject","inLanguage":"es","@id":"https:\/\/experienciadevida.com.ar\/portalurbano\/#\/schema\/logo\/image\/","url":"https:\/\/experienciadevida.com.ar\/portalurbano\/wp-content\/uploads\/2019\/09\/Logo-Original.png","contentUrl":"https:\/\/experienciadevida.com.ar\/portalurbano\/wp-content\/uploads\/2019\/09\/Logo-Original.png","width":2236,"height":1216,"caption":"Portal Urbano"},"image":{"@id":"https:\/\/experienciadevida.com.ar\/portalurbano\/#\/schema\/logo\/image\/"},"sameAs":["https:\/\/www.facebook.com\/Portal-Urbano-171542830093757\/","https:\/\/twitter.com\/portalurbanook","https:\/\/www.instagram.com\/_portalurbano\/","https:\/\/www.youtube.com\/channel\/UCXhagIfszH8KxFiOok79zbA?view_as=subscriber"]},{"@type":"Person","@id":"https:\/\/experienciadevida.com.ar\/portalurbano\/#\/schema\/person\/02dd326b1c4b056e9cc972486934a3a7","name":"admpu17wp","image":{"@type":"ImageObject","inLanguage":"es","@id":"https:\/\/experienciadevida.com.ar\/portalurbano\/#\/schema\/person\/image\/","url":"https:\/\/secure.gravatar.com\/avatar\/830d4c57adaae6630765e449a6908047?s=96&d=mm&r=g","contentUrl":"https:\/\/secure.gravatar.com\/avatar\/830d4c57adaae6630765e449a6908047?s=96&d=mm&r=g","caption":"admpu17wp"}}]}},"featured_image_urls":{"full":["https:\/\/experienciadevida.com.ar\/portalurbano\/wp-content\/uploads\/2021\/04\/Kicillof-se-reunio-con-intendentes.jpg",696,464,false],"thumbnail":["https:\/\/experienciadevida.com.ar\/portalurbano\/wp-content\/uploads\/2021\/04\/Kicillof-se-reunio-con-intendentes-150x150.jpg",150,150,true],"medium":["https:\/\/experienciadevida.com.ar\/portalurbano\/wp-content\/uploads\/2021\/04\/Kicillof-se-reunio-con-intendentes-300x200.jpg",300,200,true],"medium_large":["https:\/\/experienciadevida.com.ar\/portalurbano\/wp-content\/uploads\/2021\/04\/Kicillof-se-reunio-con-intendentes.jpg",640,427,false],"large":["https:\/\/experienciadevida.com.ar\/portalurbano\/wp-content\/uploads\/2021\/04\/Kicillof-se-reunio-con-intendentes.jpg",640,427,false],"ug_big":["https:\/\/experienciadevida.com.ar\/portalurbano\/wp-content\/uploads\/2021\/04\/Kicillof-se-reunio-con-intendentes.jpg",696,464,false],"1536x1536":["https:\/\/experienciadevida.com.ar\/portalurbano\/wp-content\/uploads\/2021\/04\/Kicillof-se-reunio-con-intendentes.jpg",696,464,false],"2048x2048":["https:\/\/experienciadevida.com.ar\/portalurbano\/wp-content\/uploads\/2021\/04\/Kicillof-se-reunio-con-intendentes.jpg",696,464,false],"newsever-slider-full":["https:\/\/experienciadevida.com.ar\/portalurbano\/wp-content\/uploads\/2021\/04\/Kicillof-se-reunio-con-intendentes.jpg",696,464,false],"newsever-featured":["https:\/\/experienciadevida.com.ar\/portalurbano\/wp-content\/uploads\/2021\/04\/Kicillof-se-reunio-con-intendentes.jpg",696,464,false],"newsever-medium":["https:\/\/experienciadevida.com.ar\/portalurbano\/wp-content\/uploads\/2021\/04\/Kicillof-se-reunio-con-intendentes.jpg",696,464,false],"web-stories-poster-portrait":["https:\/\/experienciadevida.com.ar\/portalurbano\/wp-content\/uploads\/2021\/04\/Kicillof-se-reunio-con-intendentes.jpg",640,427,false],"web-stories-publisher-logo":["https:\/\/experienciadevida.com.ar\/portalurbano\/wp-content\/uploads\/2021\/04\/Kicillof-se-reunio-con-intendentes.jpg",96,64,false],"web-stories-thumbnail":["https:\/\/experienciadevida.com.ar\/portalurbano\/wp-content\/uploads\/2021\/04\/Kicillof-se-reunio-con-intendentes.jpg",150,100,false]},"author_info":{"display_name":"admpu17wp","author_link":"https:\/\/experienciadevida.com.ar\/portalurbano\/author\/admpu17wp\/"},"category_info":"<a href=\"https:\/\/experienciadevida.com.ar\/portalurbano\/category\/destacadas-2\/\" rel=\"category tag\">Destacadas 2<\/a> <a href=\"https:\/\/experienciadevida.com.ar\/portalurbano\/category\/provincia\/\" rel=\"category tag\">Provincia<\/a>","tag_info":"Provincia","comment_count":"0","amp_enabled":true,"_links":{"self":[{"href":"https:\/\/experienciadevida.com.ar\/portalurbano\/wp-json\/wp\/v2\/posts\/139192"}],"collection":[{"href":"https:\/\/experienciadevida.com.ar\/portalurbano\/wp-json\/wp\/v2\/posts"}],"about":[{"href":"https:\/\/experienciadevida.com.ar\/portalurbano\/wp-json\/wp\/v2\/types\/post"}],"author":[{"embeddable":true,"href":"https:\/\/experienciadevida.com.ar\/portalurbano\/wp-json\/wp\/v2\/users\/1"}],"replies":[{"embeddable":true,"href":"https:\/\/experienciadevida.com.ar\/portalurbano\/wp-json\/wp\/v2\/comments?post=139192"}],"version-history":[{"count":2,"href":"https:\/\/experienciadevida.com.ar\/portalurbano\/wp-json\/wp\/v2\/posts\/139192\/revisions"}],"predecessor-version":[{"id":139197,"href":"https:\/\/experienciadevida.com.ar\/portalurbano\/wp-json\/wp\/v2\/posts\/139192\/revisions\/139197"}],"wp:featuredmedia":[{"embeddable":true,"href":"https:\/\/experienciadevida.com.ar\/portalurbano\/wp-json\/wp\/v2\/media\/139193"}],"wp:attachment":[{"href":"https:\/\/experienciadevida.com.ar\/portalurbano\/wp-json\/wp\/v2\/media?parent=139192"}],"wp:term":[{"taxonomy":"category","embeddable":true,"href":"https:\/\/experienciadevida.com.ar\/portalurbano\/wp-json\/wp\/v2\/categories?post=139192"},{"taxonomy":"post_tag","embeddable":true,"href":"https:\/\/experienciadevida.com.ar\/portalurbano\/wp-json\/wp\/v2\/tags?post=139192"}],"curies":[{"name":"wp","href":"https:\/\/api.w.org\/{rel}","templated":true}]}}