{"id":138885,"date":"2021-03-30T19:03:22","date_gmt":"2021-03-30T22:03:22","guid":{"rendered":"https:\/\/experienciadevida.com.ar\/portalurbano\/?p=138885"},"modified":"2021-03-30T19:06:13","modified_gmt":"2021-03-30T22:06:13","slug":"el-intendente-ezequiel-galli-firmo-la-rendicion-de-cuentas-de-2020","status":"publish","type":"post","link":"https:\/\/experienciadevida.com.ar\/portalurbano\/el-intendente-ezequiel-galli-firmo-la-rendicion-de-cuentas-de-2020\/","title":{"rendered":"El intendente Ezequiel Galli firm\u00f3 la rendici\u00f3n de cuentas de 2020"},"content":{"rendered":"<p>El intendente Ezequiel <a href=\"https:\/\/www.facebook.com\/galliezequiel\/\">Galli<\/a> firm\u00f3 la rendici\u00f3n de cuentas de 2020.<\/p>\n<p>Este lunes el intendente municipal Ezequiel Galli firm\u00f3 en el palacio San Mart\u00edn la rendici\u00f3n de cuentas por el ejercicio cerrado el 31 de diciembre de 2020.<\/p>\n<p>Seg\u00fan informaron, la rendici\u00f3n, que se presentar\u00e1 ma\u00f1ana en el Honorable Concejo Deliberante en cumplimiento de lo dispuesto en el Art\u00edculo 165\u00ba inc. 5\u00ba de la Ley Org\u00e1nica de las Municipalidades, arroj\u00f3 un resultado presupuestario superavitario de $ 132.815.963,18.<\/p>\n<p>Asimismo, desde la Secretar\u00eda de Hacienda explicaron que es una rendici\u00f3n enmarcada en un a\u00f1o peculiar producto de la pandemia de Covid-19, y donde al \u00e1rea de salud tuvo la mayor participaci\u00f3n en los gastos totales, alcanzando un 43% respecto de los gastos totales corrientes y de capital.<\/p>\n<p>En este sentido, aseguraron que el recurso humano y el gasto de personal asociado tuvo una incidencia significativa sobre el total de los gastos corrientes.<\/p>\n<p>Adem\u00e1s, indicaron que fue un a\u00f1o con ca\u00eddas de recaudaci\u00f3n pero la participaci\u00f3n de los ingresos municipales continu\u00f3 siendo la m\u00e1s importante, con un 52% de participaci\u00f3n sobre el total de ingresos, y logrando mantener los porcentajes hist\u00f3ricos de recaudaci\u00f3n de los principales tributos municipales.<\/p>\n<p>Por otro lado, y pese a la complejidad econ\u00f3mica ocasionada por la pandemia, se pudo revertir el d\u00e9ficit ejecutado del ejercicio 2019 en un 87%.<\/p>\n<p>Al respecto, el intendente Ezequiel Galli dijo que esta \u201ces una rendici\u00f3n que sin lugar a dudas refleja un arduo trabajo de todo el equipo municipal, con la prioridad puesta en materia de salud y contenci\u00f3n social, y un ordenamiento de las finanzas municipales\u201d.<\/p>\n<p>&nbsp;<\/p>\n","protected":false},"excerpt":{"rendered":"<p>El intendente Ezequiel Galli firm\u00f3 la rendici\u00f3n de cuentas de 2020. Este lunes el intendente&#8230;<\/p>\n","protected":false},"author":1,"featured_media":138886,"comment_status":"closed","ping_status":"closed","sticky":false,"template":"","format":"standard","meta":{"content-type":""},"categories":[27,64],"tags":[],"nelio_content":{"isAutoShareEnabled":false,"autoShareEndMode":"default","automationSources":{"useContentSentences":true,"useSocialTemplates":true,"useCustomSentences":false,"customSentences":[]},"followers":[1],"suggestedReferences":[],"includedReferences":[],"efiUrl":"","efiAlt":"","highlights":[]},"yoast_head":"<!-- This site is optimized with the Yoast SEO plugin v20.7 - https:\/\/yoast.com\/wordpress\/plugins\/seo\/ -->\n<title>El Intendente Ezequiel Galli firm\u00f3 la rendici\u00f3n de cuentas de 2020<\/title>\n<meta name=\"description\" content=\"El intendente Ezequiel Galli firm\u00f3 la rendici\u00f3n de cuentas de 2020, en el palacio San Mart\u00edn la rendici\u00f3n de cuentas por el ejercicio cerrado\" \/>\n<meta name=\"robots\" content=\"index, follow, max-snippet:-1, max-image-preview:large, max-video-preview:-1\" \/>\n<link rel=\"canonical\" href=\"https:\/\/experienciadevida.com.ar\/portalurbano\/el-intendente-ezequiel-galli-firmo-la-rendicion-de-cuentas-de-2020\/\" \/>\n<meta property=\"og:locale\" content=\"es_ES\" \/>\n<meta property=\"og:type\" content=\"article\" \/>\n<meta property=\"og:title\" content=\"El Intendente Ezequiel Galli firm\u00f3 la rendici\u00f3n de cuentas de 2020\" \/>\n<meta property=\"og:description\" content=\"El intendente Ezequiel Galli firm\u00f3 la rendici\u00f3n de cuentas de 2020, en el palacio San Mart\u00edn la rendici\u00f3n de cuentas por el ejercicio cerrado\" \/>\n<meta property=\"og:url\" content=\"https:\/\/experienciadevida.com.ar\/portalurbano\/el-intendente-ezequiel-galli-firmo-la-rendicion-de-cuentas-de-2020\/\" \/>\n<meta property=\"article:publisher\" content=\"https:\/\/www.facebook.com\/Portal-Urbano-171542830093757\/\" \/>\n<meta property=\"article:published_time\" content=\"2021-03-30T22:03:22+00:00\" \/>\n<meta property=\"article:modified_time\" content=\"2021-03-30T22:06:13+00:00\" \/>\n<meta property=\"og:image\" content=\"https:\/\/experienciadevida.com.ar\/portalurbano\/wp-content\/uploads\/2021\/03\/El-intendente-Ezequiel-Galli-firmo.jpg\" \/>\n\t<meta property=\"og:image:width\" content=\"1024\" \/>\n\t<meta property=\"og:image:height\" content=\"685\" \/>\n\t<meta property=\"og:image:type\" content=\"image\/jpeg\" \/>\n<meta name=\"author\" content=\"admpu17wp\" \/>\n<meta name=\"twitter:card\" content=\"summary_large_image\" \/>\n<meta name=\"twitter:creator\" content=\"@portalurbanook\" \/>\n<meta name=\"twitter:site\" content=\"@portalurbanook\" \/>\n<meta name=\"twitter:label1\" content=\"Escrito por\" \/>\n\t<meta name=\"twitter:data1\" content=\"admpu17wp\" \/>\n\t<meta name=\"twitter:label2\" content=\"Tiempo de lectura\" \/>\n\t<meta name=\"twitter:data2\" content=\"2 minutos\" \/>\n<script type=\"application\/ld+json\" class=\"yoast-schema-graph\">{\"@context\":\"https:\/\/schema.org\",\"@graph\":[{\"@type\":\"Article\",\"@id\":\"https:\/\/experienciadevida.com.ar\/portalurbano\/el-intendente-ezequiel-galli-firmo-la-rendicion-de-cuentas-de-2020\/#article\",\"isPartOf\":{\"@id\":\"https:\/\/experienciadevida.com.ar\/portalurbano\/el-intendente-ezequiel-galli-firmo-la-rendicion-de-cuentas-de-2020\/\"},\"author\":{\"name\":\"admpu17wp\",\"@id\":\"https:\/\/experienciadevida.com.ar\/portalurbano\/#\/schema\/person\/02dd326b1c4b056e9cc972486934a3a7\"},\"headline\":\"El intendente Ezequiel Galli firm\u00f3 la rendici\u00f3n de cuentas de 2020\",\"datePublished\":\"2021-03-30T22:03:22+00:00\",\"dateModified\":\"2021-03-30T22:06:13+00:00\",\"mainEntityOfPage\":{\"@id\":\"https:\/\/experienciadevida.com.ar\/portalurbano\/el-intendente-ezequiel-galli-firmo-la-rendicion-de-cuentas-de-2020\/\"},\"wordCount\":290,\"publisher\":{\"@id\":\"https:\/\/experienciadevida.com.ar\/portalurbano\/#organization\"},\"articleSection\":[\"Ciudad\",\"Destacadas 2\"],\"inLanguage\":\"es\"},{\"@type\":\"WebPage\",\"@id\":\"https:\/\/experienciadevida.com.ar\/portalurbano\/el-intendente-ezequiel-galli-firmo-la-rendicion-de-cuentas-de-2020\/\",\"url\":\"https:\/\/experienciadevida.com.ar\/portalurbano\/el-intendente-ezequiel-galli-firmo-la-rendicion-de-cuentas-de-2020\/\",\"name\":\"El Intendente Ezequiel Galli firm\u00f3 la rendici\u00f3n de cuentas de 2020\",\"isPartOf\":{\"@id\":\"https:\/\/experienciadevida.com.ar\/portalurbano\/#website\"},\"datePublished\":\"2021-03-30T22:03:22+00:00\",\"dateModified\":\"2021-03-30T22:06:13+00:00\",\"description\":\"El intendente Ezequiel Galli firm\u00f3 la rendici\u00f3n de cuentas de 2020, en el palacio San Mart\u00edn la rendici\u00f3n de cuentas por el ejercicio cerrado\",\"breadcrumb\":{\"@id\":\"https:\/\/experienciadevida.com.ar\/portalurbano\/el-intendente-ezequiel-galli-firmo-la-rendicion-de-cuentas-de-2020\/#breadcrumb\"},\"inLanguage\":\"es\",\"potentialAction\":[{\"@type\":\"ReadAction\",\"target\":[\"https:\/\/experienciadevida.com.ar\/portalurbano\/el-intendente-ezequiel-galli-firmo-la-rendicion-de-cuentas-de-2020\/\"]}]},{\"@type\":\"BreadcrumbList\",\"@id\":\"https:\/\/experienciadevida.com.ar\/portalurbano\/el-intendente-ezequiel-galli-firmo-la-rendicion-de-cuentas-de-2020\/#breadcrumb\",\"itemListElement\":[{\"@type\":\"ListItem\",\"position\":1,\"name\":\"Portada\",\"item\":\"https:\/\/experienciadevida.com.ar\/portalurbano\/\"},{\"@type\":\"ListItem\",\"position\":2,\"name\":\"El intendente Ezequiel Galli firm\u00f3 la rendici\u00f3n de cuentas de 2020\"}]},{\"@type\":\"WebSite\",\"@id\":\"https:\/\/experienciadevida.com.ar\/portalurbano\/#website\",\"url\":\"https:\/\/experienciadevida.com.ar\/portalurbano\/\",\"name\":\"\",\"description\":\"\",\"publisher\":{\"@id\":\"https:\/\/experienciadevida.com.ar\/portalurbano\/#organization\"},\"potentialAction\":[{\"@type\":\"SearchAction\",\"target\":{\"@type\":\"EntryPoint\",\"urlTemplate\":\"https:\/\/experienciadevida.com.ar\/portalurbano\/?s={search_term_string}\"},\"query-input\":\"required name=search_term_string\"}],\"inLanguage\":\"es\"},{\"@type\":\"Organization\",\"@id\":\"https:\/\/experienciadevida.com.ar\/portalurbano\/#organization\",\"name\":\"Portal Urbano\",\"url\":\"https:\/\/experienciadevida.com.ar\/portalurbano\/\",\"logo\":{\"@type\":\"ImageObject\",\"inLanguage\":\"es\",\"@id\":\"https:\/\/experienciadevida.com.ar\/portalurbano\/#\/schema\/logo\/image\/\",\"url\":\"https:\/\/experienciadevida.com.ar\/portalurbano\/wp-content\/uploads\/2019\/09\/Logo-Original.png\",\"contentUrl\":\"https:\/\/experienciadevida.com.ar\/portalurbano\/wp-content\/uploads\/2019\/09\/Logo-Original.png\",\"width\":2236,\"height\":1216,\"caption\":\"Portal Urbano\"},\"image\":{\"@id\":\"https:\/\/experienciadevida.com.ar\/portalurbano\/#\/schema\/logo\/image\/\"},\"sameAs\":[\"https:\/\/www.facebook.com\/Portal-Urbano-171542830093757\/\",\"https:\/\/twitter.com\/portalurbanook\",\"https:\/\/www.instagram.com\/_portalurbano\/\",\"https:\/\/www.youtube.com\/channel\/UCXhagIfszH8KxFiOok79zbA?view_as=subscriber\"]},{\"@type\":\"Person\",\"@id\":\"https:\/\/experienciadevida.com.ar\/portalurbano\/#\/schema\/person\/02dd326b1c4b056e9cc972486934a3a7\",\"name\":\"admpu17wp\",\"image\":{\"@type\":\"ImageObject\",\"inLanguage\":\"es\",\"@id\":\"https:\/\/experienciadevida.com.ar\/portalurbano\/#\/schema\/person\/image\/\",\"url\":\"https:\/\/secure.gravatar.com\/avatar\/830d4c57adaae6630765e449a6908047?s=96&d=mm&r=g\",\"contentUrl\":\"https:\/\/secure.gravatar.com\/avatar\/830d4c57adaae6630765e449a6908047?s=96&d=mm&r=g\",\"caption\":\"admpu17wp\"}}]}<\/script>\n<!-- \/ Yoast SEO plugin. -->","yoast_head_json":{"title":"El Intendente Ezequiel Galli firm\u00f3 la rendici\u00f3n de cuentas de 2020","description":"El intendente Ezequiel Galli firm\u00f3 la rendici\u00f3n de cuentas de 2020, en el palacio San Mart\u00edn la rendici\u00f3n de cuentas por el ejercicio cerrado","robots":{"index":"index","follow":"follow","max-snippet":"max-snippet:-1","max-image-preview":"max-image-preview:large","max-video-preview":"max-video-preview:-1"},"canonical":"https:\/\/experienciadevida.com.ar\/portalurbano\/el-intendente-ezequiel-galli-firmo-la-rendicion-de-cuentas-de-2020\/","og_locale":"es_ES","og_type":"article","og_title":"El Intendente Ezequiel Galli firm\u00f3 la rendici\u00f3n de cuentas de 2020","og_description":"El intendente Ezequiel Galli firm\u00f3 la rendici\u00f3n de cuentas de 2020, en el palacio San Mart\u00edn la rendici\u00f3n de cuentas por el ejercicio cerrado","og_url":"https:\/\/experienciadevida.com.ar\/portalurbano\/el-intendente-ezequiel-galli-firmo-la-rendicion-de-cuentas-de-2020\/","article_publisher":"https:\/\/www.facebook.com\/Portal-Urbano-171542830093757\/","article_published_time":"2021-03-30T22:03:22+00:00","article_modified_time":"2021-03-30T22:06:13+00:00","og_image":[{"width":1024,"height":685,"url":"https:\/\/experienciadevida.com.ar\/portalurbano\/wp-content\/uploads\/2021\/03\/El-intendente-Ezequiel-Galli-firmo.jpg","type":"image\/jpeg"}],"author":"admpu17wp","twitter_card":"summary_large_image","twitter_creator":"@portalurbanook","twitter_site":"@portalurbanook","twitter_misc":{"Escrito por":"admpu17wp","Tiempo de lectura":"2 minutos"},"schema":{"@context":"https:\/\/schema.org","@graph":[{"@type":"Article","@id":"https:\/\/experienciadevida.com.ar\/portalurbano\/el-intendente-ezequiel-galli-firmo-la-rendicion-de-cuentas-de-2020\/#article","isPartOf":{"@id":"https:\/\/experienciadevida.com.ar\/portalurbano\/el-intendente-ezequiel-galli-firmo-la-rendicion-de-cuentas-de-2020\/"},"author":{"name":"admpu17wp","@id":"https:\/\/experienciadevida.com.ar\/portalurbano\/#\/schema\/person\/02dd326b1c4b056e9cc972486934a3a7"},"headline":"El intendente Ezequiel Galli firm\u00f3 la rendici\u00f3n de cuentas de 2020","datePublished":"2021-03-30T22:03:22+00:00","dateModified":"2021-03-30T22:06:13+00:00","mainEntityOfPage":{"@id":"https:\/\/experienciadevida.com.ar\/portalurbano\/el-intendente-ezequiel-galli-firmo-la-rendicion-de-cuentas-de-2020\/"},"wordCount":290,"publisher":{"@id":"https:\/\/experienciadevida.com.ar\/portalurbano\/#organization"},"articleSection":["Ciudad","Destacadas 2"],"inLanguage":"es"},{"@type":"WebPage","@id":"https:\/\/experienciadevida.com.ar\/portalurbano\/el-intendente-ezequiel-galli-firmo-la-rendicion-de-cuentas-de-2020\/","url":"https:\/\/experienciadevida.com.ar\/portalurbano\/el-intendente-ezequiel-galli-firmo-la-rendicion-de-cuentas-de-2020\/","name":"El Intendente Ezequiel Galli firm\u00f3 la rendici\u00f3n de cuentas de 2020","isPartOf":{"@id":"https:\/\/experienciadevida.com.ar\/portalurbano\/#website"},"datePublished":"2021-03-30T22:03:22+00:00","dateModified":"2021-03-30T22:06:13+00:00","description":"El intendente Ezequiel Galli firm\u00f3 la rendici\u00f3n de cuentas de 2020, en el palacio San Mart\u00edn la rendici\u00f3n de cuentas por el ejercicio cerrado","breadcrumb":{"@id":"https:\/\/experienciadevida.com.ar\/portalurbano\/el-intendente-ezequiel-galli-firmo-la-rendicion-de-cuentas-de-2020\/#breadcrumb"},"inLanguage":"es","potentialAction":[{"@type":"ReadAction","target":["https:\/\/experienciadevida.com.ar\/portalurbano\/el-intendente-ezequiel-galli-firmo-la-rendicion-de-cuentas-de-2020\/"]}]},{"@type":"BreadcrumbList","@id":"https:\/\/experienciadevida.com.ar\/portalurbano\/el-intendente-ezequiel-galli-firmo-la-rendicion-de-cuentas-de-2020\/#breadcrumb","itemListElement":[{"@type":"ListItem","position":1,"name":"Portada","item":"https:\/\/experienciadevida.com.ar\/portalurbano\/"},{"@type":"ListItem","position":2,"name":"El intendente Ezequiel Galli firm\u00f3 la rendici\u00f3n de cuentas de 2020"}]},{"@type":"WebSite","@id":"https:\/\/experienciadevida.com.ar\/portalurbano\/#website","url":"https:\/\/experienciadevida.com.ar\/portalurbano\/","name":"","description":"","publisher":{"@id":"https:\/\/experienciadevida.com.ar\/portalurbano\/#organization"},"potentialAction":[{"@type":"SearchAction","target":{"@type":"EntryPoint","urlTemplate":"https:\/\/experienciadevida.com.ar\/portalurbano\/?s={search_term_string}"},"query-input":"required name=search_term_string"}],"inLanguage":"es"},{"@type":"Organization","@id":"https:\/\/experienciadevida.com.ar\/portalurbano\/#organization","name":"Portal Urbano","url":"https:\/\/experienciadevida.com.ar\/portalurbano\/","logo":{"@type":"ImageObject","inLanguage":"es","@id":"https:\/\/experienciadevida.com.ar\/portalurbano\/#\/schema\/logo\/image\/","url":"https:\/\/experienciadevida.com.ar\/portalurbano\/wp-content\/uploads\/2019\/09\/Logo-Original.png","contentUrl":"https:\/\/experienciadevida.com.ar\/portalurbano\/wp-content\/uploads\/2019\/09\/Logo-Original.png","width":2236,"height":1216,"caption":"Portal Urbano"},"image":{"@id":"https:\/\/experienciadevida.com.ar\/portalurbano\/#\/schema\/logo\/image\/"},"sameAs":["https:\/\/www.facebook.com\/Portal-Urbano-171542830093757\/","https:\/\/twitter.com\/portalurbanook","https:\/\/www.instagram.com\/_portalurbano\/","https:\/\/www.youtube.com\/channel\/UCXhagIfszH8KxFiOok79zbA?view_as=subscriber"]},{"@type":"Person","@id":"https:\/\/experienciadevida.com.ar\/portalurbano\/#\/schema\/person\/02dd326b1c4b056e9cc972486934a3a7","name":"admpu17wp","image":{"@type":"ImageObject","inLanguage":"es","@id":"https:\/\/experienciadevida.com.ar\/portalurbano\/#\/schema\/person\/image\/","url":"https:\/\/secure.gravatar.com\/avatar\/830d4c57adaae6630765e449a6908047?s=96&d=mm&r=g","contentUrl":"https:\/\/secure.gravatar.com\/avatar\/830d4c57adaae6630765e449a6908047?s=96&d=mm&r=g","caption":"admpu17wp"}}]}},"featured_image_urls":{"full":["https:\/\/experienciadevida.com.ar\/portalurbano\/wp-content\/uploads\/2021\/03\/El-intendente-Ezequiel-Galli-firmo.jpg",1024,685,false],"thumbnail":["https:\/\/experienciadevida.com.ar\/portalurbano\/wp-content\/uploads\/2021\/03\/El-intendente-Ezequiel-Galli-firmo-150x150.jpg",150,150,true],"medium":["https:\/\/experienciadevida.com.ar\/portalurbano\/wp-content\/uploads\/2021\/03\/El-intendente-Ezequiel-Galli-firmo-300x201.jpg",300,201,true],"medium_large":["https:\/\/experienciadevida.com.ar\/portalurbano\/wp-content\/uploads\/2021\/03\/El-intendente-Ezequiel-Galli-firmo-768x514.jpg",640,428,true],"large":["https:\/\/experienciadevida.com.ar\/portalurbano\/wp-content\/uploads\/2021\/03\/El-intendente-Ezequiel-Galli-firmo.jpg",640,428,false],"ug_big":["https:\/\/experienciadevida.com.ar\/portalurbano\/wp-content\/uploads\/2021\/03\/El-intendente-Ezequiel-Galli-firmo-768x514.jpg",768,514,true],"1536x1536":["https:\/\/experienciadevida.com.ar\/portalurbano\/wp-content\/uploads\/2021\/03\/El-intendente-Ezequiel-Galli-firmo.jpg",1024,685,false],"2048x2048":["https:\/\/experienciadevida.com.ar\/portalurbano\/wp-content\/uploads\/2021\/03\/El-intendente-Ezequiel-Galli-firmo.jpg",1024,685,false],"newsever-slider-full":["https:\/\/experienciadevida.com.ar\/portalurbano\/wp-content\/uploads\/2021\/03\/El-intendente-Ezequiel-Galli-firmo.jpg",1024,685,false],"newsever-featured":["https:\/\/experienciadevida.com.ar\/portalurbano\/wp-content\/uploads\/2021\/03\/El-intendente-Ezequiel-Galli-firmo.jpg",1024,685,false],"newsever-medium":["https:\/\/experienciadevida.com.ar\/portalurbano\/wp-content\/uploads\/2021\/03\/El-intendente-Ezequiel-Galli-firmo.jpg",710,475,false],"web-stories-poster-portrait":["https:\/\/experienciadevida.com.ar\/portalurbano\/wp-content\/uploads\/2021\/03\/El-intendente-Ezequiel-Galli-firmo.jpg",640,428,false],"web-stories-publisher-logo":["https:\/\/experienciadevida.com.ar\/portalurbano\/wp-content\/uploads\/2021\/03\/El-intendente-Ezequiel-Galli-firmo.jpg",96,64,false],"web-stories-thumbnail":["https:\/\/experienciadevida.com.ar\/portalurbano\/wp-content\/uploads\/2021\/03\/El-intendente-Ezequiel-Galli-firmo.jpg",150,100,false]},"author_info":{"display_name":"admpu17wp","author_link":"https:\/\/experienciadevida.com.ar\/portalurbano\/author\/admpu17wp\/"},"category_info":"<a href=\"https:\/\/experienciadevida.com.ar\/portalurbano\/category\/ciudad\/\" rel=\"category tag\">Ciudad<\/a> <a href=\"https:\/\/experienciadevida.com.ar\/portalurbano\/category\/destacadas-2\/\" rel=\"category tag\">Destacadas 2<\/a>","tag_info":"Destacadas 2","comment_count":"0","amp_enabled":true,"_links":{"self":[{"href":"https:\/\/experienciadevida.com.ar\/portalurbano\/wp-json\/wp\/v2\/posts\/138885"}],"collection":[{"href":"https:\/\/experienciadevida.com.ar\/portalurbano\/wp-json\/wp\/v2\/posts"}],"about":[{"href":"https:\/\/experienciadevida.com.ar\/portalurbano\/wp-json\/wp\/v2\/types\/post"}],"author":[{"embeddable":true,"href":"https:\/\/experienciadevida.com.ar\/portalurbano\/wp-json\/wp\/v2\/users\/1"}],"replies":[{"embeddable":true,"href":"https:\/\/experienciadevida.com.ar\/portalurbano\/wp-json\/wp\/v2\/comments?post=138885"}],"version-history":[{"count":2,"href":"https:\/\/experienciadevida.com.ar\/portalurbano\/wp-json\/wp\/v2\/posts\/138885\/revisions"}],"predecessor-version":[{"id":138888,"href":"https:\/\/experienciadevida.com.ar\/portalurbano\/wp-json\/wp\/v2\/posts\/138885\/revisions\/138888"}],"wp:featuredmedia":[{"embeddable":true,"href":"https:\/\/experienciadevida.com.ar\/portalurbano\/wp-json\/wp\/v2\/media\/138886"}],"wp:attachment":[{"href":"https:\/\/experienciadevida.com.ar\/portalurbano\/wp-json\/wp\/v2\/media?parent=138885"}],"wp:term":[{"taxonomy":"category","embeddable":true,"href":"https:\/\/experienciadevida.com.ar\/portalurbano\/wp-json\/wp\/v2\/categories?post=138885"},{"taxonomy":"post_tag","embeddable":true,"href":"https:\/\/experienciadevida.com.ar\/portalurbano\/wp-json\/wp\/v2\/tags?post=138885"}],"curies":[{"name":"wp","href":"https:\/\/api.w.org\/{rel}","templated":true}]}}