{"id":138842,"date":"2021-03-30T13:15:49","date_gmt":"2021-03-30T16:15:49","guid":{"rendered":"https:\/\/experienciadevida.com.ar\/portalurbano\/?p=138842"},"modified":"2021-03-30T13:18:32","modified_gmt":"2021-03-30T16:18:32","slug":"el-gobierno-provincial-aumento-un-315-el-presupuesto-para-el-transporte-escolar-en-olavarria","status":"publish","type":"post","link":"https:\/\/experienciadevida.com.ar\/portalurbano\/el-gobierno-provincial-aumento-un-315-el-presupuesto-para-el-transporte-escolar-en-olavarria\/","title":{"rendered":"El gobierno provincial aument\u00f3 un 31,5 % el presupuesto para el transporte escolar en Olavarr\u00eda"},"content":{"rendered":"<p>El gobierno provincial aument\u00f3 un 31,5 % el presupuesto para el transporte escolar en Olavarr\u00eda. La partida contemplar\u00e1 los peajes y los kil\u00f3metros improductivos, la suma destinada ronda los 4,5 millones de pesos mensuales.<\/p>\n<p>Seg\u00fan comunicaron los consejeros escolares del <a href=\"https:\/\/www.facebook.com\/FrenteDeTodosOlavarria\">Frente de Todos<\/a>, el gobierno bonaerense confirm\u00f3 un aumento del 31,5 % para el transporte escolar de Olavarr\u00eda.<\/p>\n<p>El Gobierno provincial aumento un 31,5% el presupuesto para el transporte escolar en Olavarr\u00eda, es en ese sentido Leonardo Wagner explic\u00f3: \u201cEs un aumento significativo ya que adem\u00e1s se contemplar\u00e1n los peajes en el caso de las combis y remises que van a Colonia Nievas e Hinojo y los kil\u00f3metros improductivos, es decir los kil\u00f3metros totales desde que empieza el recorrido y que realizan sin pasajeros\u201d<\/p>\n<p>El transporte escolar de nuestra ciudad tiene un total de 4000 kil\u00f3metros de recorrido diarios y el presupuesto asciende a 4,5 millones de pesos mensuales.<\/p>\n<p>El Gobierno provincial aumento un 31,5% el presupuesto para el transporte escolar en Olavarr\u00eda, cabe destacar que es el tercer aumento de la gesti\u00f3n a cargo de Axel Kicillof, durante el 2020 tambi\u00e9n se realiz\u00f3 un aumento del 31,5 % a principio de a\u00f1o y otro del 7% durante el mes de septiembre.<\/p>\n","protected":false},"excerpt":{"rendered":"<p>El gobierno provincial aument\u00f3 un 31,5 % el presupuesto para el transporte escolar en Olavarr\u00eda&#8230;.<\/p>\n","protected":false},"author":1,"featured_media":138843,"comment_status":"closed","ping_status":"closed","sticky":false,"template":"","format":"standard","meta":{"content-type":""},"categories":[27,64],"tags":[],"nelio_content":{"isAutoShareEnabled":false,"autoShareEndMode":"default","automationSources":{"useContentSentences":true,"useSocialTemplates":true,"useCustomSentences":false,"customSentences":[]},"followers":[1],"suggestedReferences":[],"includedReferences":[],"efiUrl":"","efiAlt":"","highlights":[]},"yoast_head":"<!-- This site is optimized with the Yoast SEO plugin v20.7 - https:\/\/yoast.com\/wordpress\/plugins\/seo\/ -->\n<title>El gobierno provincial aument\u00f3 un 31,5% el presupuesto<\/title>\n<meta name=\"description\" content=\"El gobierno provincial aument\u00f3 un 31,5 % el presupuesto para el transporte escolar en Olavarr\u00eda, la partida contemplar\u00e1 los peajes y km\" \/>\n<meta name=\"robots\" content=\"index, follow, max-snippet:-1, max-image-preview:large, max-video-preview:-1\" \/>\n<link rel=\"canonical\" href=\"https:\/\/experienciadevida.com.ar\/portalurbano\/el-gobierno-provincial-aumento-un-315-el-presupuesto-para-el-transporte-escolar-en-olavarria\/\" \/>\n<meta property=\"og:locale\" content=\"es_ES\" \/>\n<meta property=\"og:type\" content=\"article\" \/>\n<meta property=\"og:title\" content=\"El gobierno provincial aument\u00f3 un 31,5% el presupuesto\" \/>\n<meta property=\"og:description\" content=\"El gobierno provincial aument\u00f3 un 31,5 % el presupuesto para el transporte escolar en Olavarr\u00eda, la partida contemplar\u00e1 los peajes y km\" \/>\n<meta property=\"og:url\" content=\"https:\/\/experienciadevida.com.ar\/portalurbano\/el-gobierno-provincial-aumento-un-315-el-presupuesto-para-el-transporte-escolar-en-olavarria\/\" \/>\n<meta property=\"article:publisher\" content=\"https:\/\/www.facebook.com\/Portal-Urbano-171542830093757\/\" \/>\n<meta property=\"article:published_time\" content=\"2021-03-30T16:15:49+00:00\" \/>\n<meta property=\"article:modified_time\" content=\"2021-03-30T16:18:32+00:00\" \/>\n<meta property=\"og:image\" content=\"https:\/\/experienciadevida.com.ar\/portalurbano\/wp-content\/uploads\/2021\/03\/El-gobierno-provincial-aumento.jpg\" \/>\n\t<meta property=\"og:image:width\" content=\"1280\" \/>\n\t<meta property=\"og:image:height\" content=\"707\" \/>\n\t<meta property=\"og:image:type\" content=\"image\/jpeg\" \/>\n<meta name=\"author\" content=\"admpu17wp\" \/>\n<meta name=\"twitter:card\" content=\"summary_large_image\" \/>\n<meta name=\"twitter:creator\" content=\"@portalurbanook\" \/>\n<meta name=\"twitter:site\" content=\"@portalurbanook\" \/>\n<meta name=\"twitter:label1\" content=\"Escrito por\" \/>\n\t<meta name=\"twitter:data1\" content=\"admpu17wp\" \/>\n\t<meta name=\"twitter:label2\" content=\"Tiempo de lectura\" \/>\n\t<meta name=\"twitter:data2\" content=\"1 minuto\" \/>\n<script type=\"application\/ld+json\" class=\"yoast-schema-graph\">{\"@context\":\"https:\/\/schema.org\",\"@graph\":[{\"@type\":\"Article\",\"@id\":\"https:\/\/experienciadevida.com.ar\/portalurbano\/el-gobierno-provincial-aumento-un-315-el-presupuesto-para-el-transporte-escolar-en-olavarria\/#article\",\"isPartOf\":{\"@id\":\"https:\/\/experienciadevida.com.ar\/portalurbano\/el-gobierno-provincial-aumento-un-315-el-presupuesto-para-el-transporte-escolar-en-olavarria\/\"},\"author\":{\"name\":\"admpu17wp\",\"@id\":\"https:\/\/experienciadevida.com.ar\/portalurbano\/#\/schema\/person\/02dd326b1c4b056e9cc972486934a3a7\"},\"headline\":\"El gobierno provincial aument\u00f3 un 31,5 % el presupuesto para el transporte escolar en Olavarr\u00eda\",\"datePublished\":\"2021-03-30T16:15:49+00:00\",\"dateModified\":\"2021-03-30T16:18:32+00:00\",\"mainEntityOfPage\":{\"@id\":\"https:\/\/experienciadevida.com.ar\/portalurbano\/el-gobierno-provincial-aumento-un-315-el-presupuesto-para-el-transporte-escolar-en-olavarria\/\"},\"wordCount\":217,\"publisher\":{\"@id\":\"https:\/\/experienciadevida.com.ar\/portalurbano\/#organization\"},\"articleSection\":[\"Ciudad\",\"Destacadas 2\"],\"inLanguage\":\"es\"},{\"@type\":\"WebPage\",\"@id\":\"https:\/\/experienciadevida.com.ar\/portalurbano\/el-gobierno-provincial-aumento-un-315-el-presupuesto-para-el-transporte-escolar-en-olavarria\/\",\"url\":\"https:\/\/experienciadevida.com.ar\/portalurbano\/el-gobierno-provincial-aumento-un-315-el-presupuesto-para-el-transporte-escolar-en-olavarria\/\",\"name\":\"El gobierno provincial aument\u00f3 un 31,5% el presupuesto\",\"isPartOf\":{\"@id\":\"https:\/\/experienciadevida.com.ar\/portalurbano\/#website\"},\"datePublished\":\"2021-03-30T16:15:49+00:00\",\"dateModified\":\"2021-03-30T16:18:32+00:00\",\"description\":\"El gobierno provincial aument\u00f3 un 31,5 % el presupuesto para el transporte escolar en Olavarr\u00eda, la partida contemplar\u00e1 los peajes y km\",\"breadcrumb\":{\"@id\":\"https:\/\/experienciadevida.com.ar\/portalurbano\/el-gobierno-provincial-aumento-un-315-el-presupuesto-para-el-transporte-escolar-en-olavarria\/#breadcrumb\"},\"inLanguage\":\"es\",\"potentialAction\":[{\"@type\":\"ReadAction\",\"target\":[\"https:\/\/experienciadevida.com.ar\/portalurbano\/el-gobierno-provincial-aumento-un-315-el-presupuesto-para-el-transporte-escolar-en-olavarria\/\"]}]},{\"@type\":\"BreadcrumbList\",\"@id\":\"https:\/\/experienciadevida.com.ar\/portalurbano\/el-gobierno-provincial-aumento-un-315-el-presupuesto-para-el-transporte-escolar-en-olavarria\/#breadcrumb\",\"itemListElement\":[{\"@type\":\"ListItem\",\"position\":1,\"name\":\"Portada\",\"item\":\"https:\/\/experienciadevida.com.ar\/portalurbano\/\"},{\"@type\":\"ListItem\",\"position\":2,\"name\":\"El gobierno provincial aument\u00f3 un 31,5 % el presupuesto para el transporte escolar en Olavarr\u00eda\"}]},{\"@type\":\"WebSite\",\"@id\":\"https:\/\/experienciadevida.com.ar\/portalurbano\/#website\",\"url\":\"https:\/\/experienciadevida.com.ar\/portalurbano\/\",\"name\":\"\",\"description\":\"\",\"publisher\":{\"@id\":\"https:\/\/experienciadevida.com.ar\/portalurbano\/#organization\"},\"potentialAction\":[{\"@type\":\"SearchAction\",\"target\":{\"@type\":\"EntryPoint\",\"urlTemplate\":\"https:\/\/experienciadevida.com.ar\/portalurbano\/?s={search_term_string}\"},\"query-input\":\"required name=search_term_string\"}],\"inLanguage\":\"es\"},{\"@type\":\"Organization\",\"@id\":\"https:\/\/experienciadevida.com.ar\/portalurbano\/#organization\",\"name\":\"Portal Urbano\",\"url\":\"https:\/\/experienciadevida.com.ar\/portalurbano\/\",\"logo\":{\"@type\":\"ImageObject\",\"inLanguage\":\"es\",\"@id\":\"https:\/\/experienciadevida.com.ar\/portalurbano\/#\/schema\/logo\/image\/\",\"url\":\"https:\/\/experienciadevida.com.ar\/portalurbano\/wp-content\/uploads\/2019\/09\/Logo-Original.png\",\"contentUrl\":\"https:\/\/experienciadevida.com.ar\/portalurbano\/wp-content\/uploads\/2019\/09\/Logo-Original.png\",\"width\":2236,\"height\":1216,\"caption\":\"Portal Urbano\"},\"image\":{\"@id\":\"https:\/\/experienciadevida.com.ar\/portalurbano\/#\/schema\/logo\/image\/\"},\"sameAs\":[\"https:\/\/www.facebook.com\/Portal-Urbano-171542830093757\/\",\"https:\/\/twitter.com\/portalurbanook\",\"https:\/\/www.instagram.com\/_portalurbano\/\",\"https:\/\/www.youtube.com\/channel\/UCXhagIfszH8KxFiOok79zbA?view_as=subscriber\"]},{\"@type\":\"Person\",\"@id\":\"https:\/\/experienciadevida.com.ar\/portalurbano\/#\/schema\/person\/02dd326b1c4b056e9cc972486934a3a7\",\"name\":\"admpu17wp\",\"image\":{\"@type\":\"ImageObject\",\"inLanguage\":\"es\",\"@id\":\"https:\/\/experienciadevida.com.ar\/portalurbano\/#\/schema\/person\/image\/\",\"url\":\"https:\/\/secure.gravatar.com\/avatar\/830d4c57adaae6630765e449a6908047?s=96&d=mm&r=g\",\"contentUrl\":\"https:\/\/secure.gravatar.com\/avatar\/830d4c57adaae6630765e449a6908047?s=96&d=mm&r=g\",\"caption\":\"admpu17wp\"}}]}<\/script>\n<!-- \/ Yoast SEO plugin. -->","yoast_head_json":{"title":"El gobierno provincial aument\u00f3 un 31,5% el presupuesto","description":"El gobierno provincial aument\u00f3 un 31,5 % el presupuesto para el transporte escolar en Olavarr\u00eda, la partida contemplar\u00e1 los peajes y km","robots":{"index":"index","follow":"follow","max-snippet":"max-snippet:-1","max-image-preview":"max-image-preview:large","max-video-preview":"max-video-preview:-1"},"canonical":"https:\/\/experienciadevida.com.ar\/portalurbano\/el-gobierno-provincial-aumento-un-315-el-presupuesto-para-el-transporte-escolar-en-olavarria\/","og_locale":"es_ES","og_type":"article","og_title":"El gobierno provincial aument\u00f3 un 31,5% el presupuesto","og_description":"El gobierno provincial aument\u00f3 un 31,5 % el presupuesto para el transporte escolar en Olavarr\u00eda, la partida contemplar\u00e1 los peajes y km","og_url":"https:\/\/experienciadevida.com.ar\/portalurbano\/el-gobierno-provincial-aumento-un-315-el-presupuesto-para-el-transporte-escolar-en-olavarria\/","article_publisher":"https:\/\/www.facebook.com\/Portal-Urbano-171542830093757\/","article_published_time":"2021-03-30T16:15:49+00:00","article_modified_time":"2021-03-30T16:18:32+00:00","og_image":[{"width":1280,"height":707,"url":"https:\/\/experienciadevida.com.ar\/portalurbano\/wp-content\/uploads\/2021\/03\/El-gobierno-provincial-aumento.jpg","type":"image\/jpeg"}],"author":"admpu17wp","twitter_card":"summary_large_image","twitter_creator":"@portalurbanook","twitter_site":"@portalurbanook","twitter_misc":{"Escrito por":"admpu17wp","Tiempo de lectura":"1 minuto"},"schema":{"@context":"https:\/\/schema.org","@graph":[{"@type":"Article","@id":"https:\/\/experienciadevida.com.ar\/portalurbano\/el-gobierno-provincial-aumento-un-315-el-presupuesto-para-el-transporte-escolar-en-olavarria\/#article","isPartOf":{"@id":"https:\/\/experienciadevida.com.ar\/portalurbano\/el-gobierno-provincial-aumento-un-315-el-presupuesto-para-el-transporte-escolar-en-olavarria\/"},"author":{"name":"admpu17wp","@id":"https:\/\/experienciadevida.com.ar\/portalurbano\/#\/schema\/person\/02dd326b1c4b056e9cc972486934a3a7"},"headline":"El gobierno provincial aument\u00f3 un 31,5 % el presupuesto para el transporte escolar en Olavarr\u00eda","datePublished":"2021-03-30T16:15:49+00:00","dateModified":"2021-03-30T16:18:32+00:00","mainEntityOfPage":{"@id":"https:\/\/experienciadevida.com.ar\/portalurbano\/el-gobierno-provincial-aumento-un-315-el-presupuesto-para-el-transporte-escolar-en-olavarria\/"},"wordCount":217,"publisher":{"@id":"https:\/\/experienciadevida.com.ar\/portalurbano\/#organization"},"articleSection":["Ciudad","Destacadas 2"],"inLanguage":"es"},{"@type":"WebPage","@id":"https:\/\/experienciadevida.com.ar\/portalurbano\/el-gobierno-provincial-aumento-un-315-el-presupuesto-para-el-transporte-escolar-en-olavarria\/","url":"https:\/\/experienciadevida.com.ar\/portalurbano\/el-gobierno-provincial-aumento-un-315-el-presupuesto-para-el-transporte-escolar-en-olavarria\/","name":"El gobierno provincial aument\u00f3 un 31,5% el presupuesto","isPartOf":{"@id":"https:\/\/experienciadevida.com.ar\/portalurbano\/#website"},"datePublished":"2021-03-30T16:15:49+00:00","dateModified":"2021-03-30T16:18:32+00:00","description":"El gobierno provincial aument\u00f3 un 31,5 % el presupuesto para el transporte escolar en Olavarr\u00eda, la partida contemplar\u00e1 los peajes y km","breadcrumb":{"@id":"https:\/\/experienciadevida.com.ar\/portalurbano\/el-gobierno-provincial-aumento-un-315-el-presupuesto-para-el-transporte-escolar-en-olavarria\/#breadcrumb"},"inLanguage":"es","potentialAction":[{"@type":"ReadAction","target":["https:\/\/experienciadevida.com.ar\/portalurbano\/el-gobierno-provincial-aumento-un-315-el-presupuesto-para-el-transporte-escolar-en-olavarria\/"]}]},{"@type":"BreadcrumbList","@id":"https:\/\/experienciadevida.com.ar\/portalurbano\/el-gobierno-provincial-aumento-un-315-el-presupuesto-para-el-transporte-escolar-en-olavarria\/#breadcrumb","itemListElement":[{"@type":"ListItem","position":1,"name":"Portada","item":"https:\/\/experienciadevida.com.ar\/portalurbano\/"},{"@type":"ListItem","position":2,"name":"El gobierno provincial aument\u00f3 un 31,5 % el presupuesto para el transporte escolar en Olavarr\u00eda"}]},{"@type":"WebSite","@id":"https:\/\/experienciadevida.com.ar\/portalurbano\/#website","url":"https:\/\/experienciadevida.com.ar\/portalurbano\/","name":"","description":"","publisher":{"@id":"https:\/\/experienciadevida.com.ar\/portalurbano\/#organization"},"potentialAction":[{"@type":"SearchAction","target":{"@type":"EntryPoint","urlTemplate":"https:\/\/experienciadevida.com.ar\/portalurbano\/?s={search_term_string}"},"query-input":"required name=search_term_string"}],"inLanguage":"es"},{"@type":"Organization","@id":"https:\/\/experienciadevida.com.ar\/portalurbano\/#organization","name":"Portal Urbano","url":"https:\/\/experienciadevida.com.ar\/portalurbano\/","logo":{"@type":"ImageObject","inLanguage":"es","@id":"https:\/\/experienciadevida.com.ar\/portalurbano\/#\/schema\/logo\/image\/","url":"https:\/\/experienciadevida.com.ar\/portalurbano\/wp-content\/uploads\/2019\/09\/Logo-Original.png","contentUrl":"https:\/\/experienciadevida.com.ar\/portalurbano\/wp-content\/uploads\/2019\/09\/Logo-Original.png","width":2236,"height":1216,"caption":"Portal Urbano"},"image":{"@id":"https:\/\/experienciadevida.com.ar\/portalurbano\/#\/schema\/logo\/image\/"},"sameAs":["https:\/\/www.facebook.com\/Portal-Urbano-171542830093757\/","https:\/\/twitter.com\/portalurbanook","https:\/\/www.instagram.com\/_portalurbano\/","https:\/\/www.youtube.com\/channel\/UCXhagIfszH8KxFiOok79zbA?view_as=subscriber"]},{"@type":"Person","@id":"https:\/\/experienciadevida.com.ar\/portalurbano\/#\/schema\/person\/02dd326b1c4b056e9cc972486934a3a7","name":"admpu17wp","image":{"@type":"ImageObject","inLanguage":"es","@id":"https:\/\/experienciadevida.com.ar\/portalurbano\/#\/schema\/person\/image\/","url":"https:\/\/secure.gravatar.com\/avatar\/830d4c57adaae6630765e449a6908047?s=96&d=mm&r=g","contentUrl":"https:\/\/secure.gravatar.com\/avatar\/830d4c57adaae6630765e449a6908047?s=96&d=mm&r=g","caption":"admpu17wp"}}]}},"featured_image_urls":{"full":["https:\/\/experienciadevida.com.ar\/portalurbano\/wp-content\/uploads\/2021\/03\/El-gobierno-provincial-aumento.jpg",1280,707,false],"thumbnail":["https:\/\/experienciadevida.com.ar\/portalurbano\/wp-content\/uploads\/2021\/03\/El-gobierno-provincial-aumento-150x150.jpg",150,150,true],"medium":["https:\/\/experienciadevida.com.ar\/portalurbano\/wp-content\/uploads\/2021\/03\/El-gobierno-provincial-aumento-300x166.jpg",300,166,true],"medium_large":["https:\/\/experienciadevida.com.ar\/portalurbano\/wp-content\/uploads\/2021\/03\/El-gobierno-provincial-aumento-768x424.jpg",640,353,true],"large":["https:\/\/experienciadevida.com.ar\/portalurbano\/wp-content\/uploads\/2021\/03\/El-gobierno-provincial-aumento-1024x566.jpg",640,354,true],"ug_big":["https:\/\/experienciadevida.com.ar\/portalurbano\/wp-content\/uploads\/2021\/03\/El-gobierno-provincial-aumento-768x424.jpg",768,424,true],"1536x1536":["https:\/\/experienciadevida.com.ar\/portalurbano\/wp-content\/uploads\/2021\/03\/El-gobierno-provincial-aumento.jpg",1280,707,false],"2048x2048":["https:\/\/experienciadevida.com.ar\/portalurbano\/wp-content\/uploads\/2021\/03\/El-gobierno-provincial-aumento.jpg",1280,707,false],"newsever-slider-full":["https:\/\/experienciadevida.com.ar\/portalurbano\/wp-content\/uploads\/2021\/03\/El-gobierno-provincial-aumento.jpg",1280,707,false],"newsever-featured":["https:\/\/experienciadevida.com.ar\/portalurbano\/wp-content\/uploads\/2021\/03\/El-gobierno-provincial-aumento.jpg",1024,566,false],"newsever-medium":["https:\/\/experienciadevida.com.ar\/portalurbano\/wp-content\/uploads\/2021\/03\/El-gobierno-provincial-aumento.jpg",720,398,false],"web-stories-poster-portrait":["https:\/\/experienciadevida.com.ar\/portalurbano\/wp-content\/uploads\/2021\/03\/El-gobierno-provincial-aumento.jpg",640,354,false],"web-stories-publisher-logo":["https:\/\/experienciadevida.com.ar\/portalurbano\/wp-content\/uploads\/2021\/03\/El-gobierno-provincial-aumento.jpg",96,53,false],"web-stories-thumbnail":["https:\/\/experienciadevida.com.ar\/portalurbano\/wp-content\/uploads\/2021\/03\/El-gobierno-provincial-aumento.jpg",150,83,false]},"author_info":{"display_name":"admpu17wp","author_link":"https:\/\/experienciadevida.com.ar\/portalurbano\/author\/admpu17wp\/"},"category_info":"<a href=\"https:\/\/experienciadevida.com.ar\/portalurbano\/category\/ciudad\/\" rel=\"category tag\">Ciudad<\/a> <a href=\"https:\/\/experienciadevida.com.ar\/portalurbano\/category\/destacadas-2\/\" rel=\"category tag\">Destacadas 2<\/a>","tag_info":"Destacadas 2","comment_count":"0","amp_enabled":true,"_links":{"self":[{"href":"https:\/\/experienciadevida.com.ar\/portalurbano\/wp-json\/wp\/v2\/posts\/138842"}],"collection":[{"href":"https:\/\/experienciadevida.com.ar\/portalurbano\/wp-json\/wp\/v2\/posts"}],"about":[{"href":"https:\/\/experienciadevida.com.ar\/portalurbano\/wp-json\/wp\/v2\/types\/post"}],"author":[{"embeddable":true,"href":"https:\/\/experienciadevida.com.ar\/portalurbano\/wp-json\/wp\/v2\/users\/1"}],"replies":[{"embeddable":true,"href":"https:\/\/experienciadevida.com.ar\/portalurbano\/wp-json\/wp\/v2\/comments?post=138842"}],"version-history":[{"count":2,"href":"https:\/\/experienciadevida.com.ar\/portalurbano\/wp-json\/wp\/v2\/posts\/138842\/revisions"}],"predecessor-version":[{"id":138846,"href":"https:\/\/experienciadevida.com.ar\/portalurbano\/wp-json\/wp\/v2\/posts\/138842\/revisions\/138846"}],"wp:featuredmedia":[{"embeddable":true,"href":"https:\/\/experienciadevida.com.ar\/portalurbano\/wp-json\/wp\/v2\/media\/138843"}],"wp:attachment":[{"href":"https:\/\/experienciadevida.com.ar\/portalurbano\/wp-json\/wp\/v2\/media?parent=138842"}],"wp:term":[{"taxonomy":"category","embeddable":true,"href":"https:\/\/experienciadevida.com.ar\/portalurbano\/wp-json\/wp\/v2\/categories?post=138842"},{"taxonomy":"post_tag","embeddable":true,"href":"https:\/\/experienciadevida.com.ar\/portalurbano\/wp-json\/wp\/v2\/tags?post=138842"}],"curies":[{"name":"wp","href":"https:\/\/api.w.org\/{rel}","templated":true}]}}