{"id":138801,"date":"2021-03-30T10:28:00","date_gmt":"2021-03-30T13:28:00","guid":{"rendered":"https:\/\/experienciadevida.com.ar\/portalurbano\/?p=138801"},"modified":"2021-03-30T11:23:28","modified_gmt":"2021-03-30T14:23:28","slug":"provincia-anuncio-restriccion-nocturna-y-nuevo-limite-para-reuniones-sociales","status":"publish","type":"post","link":"https:\/\/experienciadevida.com.ar\/portalurbano\/provincia-anuncio-restriccion-nocturna-y-nuevo-limite-para-reuniones-sociales\/","title":{"rendered":"Provincia anunci\u00f3 restricci\u00f3n nocturna y nuevo l\u00edmite para reuniones sociales"},"content":{"rendered":"<p>Provincia anunci\u00f3 restricci\u00f3n nocturna y nuevo l\u00edmite para reuniones sociales. A partir de este mi\u00e9rcoles, los comercios deber\u00e1n cerrar entre las 2 y las 6 de la ma\u00f1ana en los distritos en fase 4. En esos mismos municipios, las reuniones sociales tendr\u00e1n un l\u00edmite de diez personas.<\/p>\n<p>El Gobierno de la provincia de Buenos Aires anunci\u00f3 este martes nuevas restricciones horarias y un l\u00edmite de diez personas para las reuniones sociales para aquellos distritos que se encuentran en fase 4, mientras que anunci\u00f3 la posible vuelta de la fase 3 en el marco de un crecimiento \u201cexplosivo\u201d de los casos de coronavirus.<\/p>\n<p>En una conferencia de prensa realizada esta ma\u00f1ana en la Gobernaci\u00f3n, el jefe de Gabinete, Carlos Bianco, y el ministro de Salud, Daniel Gollan, se mostraron preocupados por el aumento de contagios de Covid-19 al que calificaron como \u201cexplosivo\u201d y anunciaron cambios en las restricciones entre las distintas fases.<\/p>\n<p>Provincia anunci\u00f3 restricci\u00f3n nocturna\u00a0 y nuevo l\u00edmite para reuniones sociales, a partir de ma\u00f1ana, los distritos en fase 4 deber\u00e1n suspender las actividades comerciales, art\u00edsticas, deportivas, culturales, sociales y recreativas en el horario de 2 a 6 de la ma\u00f1ana. Quedar\u00e1n exceptuados de esta restricci\u00f3n los trabajos manufactureros, el agropecuario y todos aquellos definidos como esenciales.<\/p>\n<p>En tanto, tambi\u00e9n para los municipios en fase 4, entrar\u00e1 en vigencia este mi\u00e9rcoles un l\u00edmite de diez personas para las reuniones sociales y familiares. Fase 5 seguir\u00e1 con un l\u00edmite de 20 participantes y sin restricciones horarias.<\/p>\n<p>Bianco tambi\u00e9n anunci\u00f3 que la Provincia se encuentra trabajando en el Comit\u00e9 Operativo de Emergencia para volver a poner en funcionamiento la fase 3, con mayores restricciones a\u00fan. \u201cSi bien hoy no est\u00e1 habilitada, si continua el aumento de casos a este ritmo la vamos a tener que restablecer\u201d, avis\u00f3.<\/p>\n<p>Las medidas se dan en el marco de un crecimiento exponencial de los casos: en una semana pasaron de 3.133 a 4.125. Durante los \u00faltimos meses, la fases 4 y 5 daban cuenta de las situaciones epidemiol\u00f3gicas distintas, pero no presentaban diferencias en cuanto a las actividades habilitadas. La fase 3 hab\u00eda quedado en desuso.<\/p>\n<p>El Gobierno bonaerense adhiri\u00f3 hoy tambi\u00e9n al esquema de teletrabajo para la administraci\u00f3n p\u00fablica impulsado por Naci\u00f3n hasta el mi\u00e9rcoles, en la previa a Semana Santa, y Bianco pidi\u00f3 cumplir con los protocolos y las medidas de prevenci\u00f3n (distanciamiento, uso de barbijo y ventilaci\u00f3n) en los destinos tur\u00edsticos.<\/p>\n<p>\u201cVamos a estar reforzando con los municipios todos los controles para que se cumplan los protocolos y los horarios de las distintas actividades, pero apelamos tambi\u00e9n a la responsabilidad individual y colectiva. No nos podemos relajar porque estamos en el comienzo de una segunda ola\u201d, agreg\u00f3 el funcionario.<\/p>\n<p>Por ahora, Provincia descart\u00f3 cambios al respecto de la presencialidad educativa. \u201cLas escuelas en s\u00ed, hasta ahora, son lugares muy cuidados. No tenemos reportes de que en las escuelas se est\u00e9 produciendo una gran cantidad de contagios. Si est\u00e1 sucediendo que los chicos van a la escuela en un ambiente cuidado, pero despu\u00e9s se van a la casa de los amigos. No debe hacerse eso\u201d, indic\u00f3 Gollan.<\/p>\n<p>Ubicaci\u00f3n de fases:<\/p>\n<p>La Provincia tambi\u00e9n actualiz\u00f3 hoy la ubicaci\u00f3n de municipios en fases con tres cambios: Carmen de Areco y San Cayetano cayeron de la 4 a la 5, y Rauch subi\u00f3 a la etapa m\u00e1s permisiva. De esta manera, 110 distritos quedaron en la 4 y 25 en la 5.<\/p>\n<p>\u201cNosotros hemos trabajado todo este tiempo con una regla de oro: mientras ca\u00edan los casos pod\u00edamos flexibilizar algunas normativas y permitir un mayor aumento de las actividades, y mientras aumentan los casos siempre fuimos restringiendo de a poco\u201d, agreg\u00f3 Bianco sobre las modificaciones en las restricciones.<\/p>\n<p>Fuente: DIB<\/p>\n","protected":false},"excerpt":{"rendered":"<p>Provincia anunci\u00f3 restricci\u00f3n nocturna y nuevo l\u00edmite para reuniones sociales. A partir de este mi\u00e9rcoles,&#8230;<\/p>\n","protected":false},"author":1,"featured_media":138802,"comment_status":"closed","ping_status":"closed","sticky":false,"template":"","format":"standard","meta":{"content-type":""},"categories":[64,44],"tags":[],"nelio_content":{"isAutoShareEnabled":false,"autoShareEndMode":"default","automationSources":{"useContentSentences":true,"useSocialTemplates":true,"useCustomSentences":false,"customSentences":[]},"followers":[1],"suggestedReferences":[],"includedReferences":[],"efiUrl":"","efiAlt":"","highlights":[]},"yoast_head":"<!-- This site is optimized with the Yoast SEO plugin v20.7 - https:\/\/yoast.com\/wordpress\/plugins\/seo\/ -->\n<title>Provincia anunci\u00f3 restricci\u00f3n nocturna y nuevo l\u00edmite para reuniones<\/title>\n<meta name=\"description\" content=\"Provincia anunci\u00f3 restricci\u00f3n nocturna y nuevo l\u00edmite para reuniones sociales, ser\u00e1n a partir de este mi\u00e9rcoles y los comercios tambi\u00e9n.\" \/>\n<meta name=\"robots\" content=\"index, follow, max-snippet:-1, max-image-preview:large, max-video-preview:-1\" \/>\n<link rel=\"canonical\" href=\"https:\/\/experienciadevida.com.ar\/portalurbano\/provincia-anuncio-restriccion-nocturna-y-nuevo-limite-para-reuniones-sociales\/\" \/>\n<meta property=\"og:locale\" content=\"es_ES\" \/>\n<meta property=\"og:type\" content=\"article\" \/>\n<meta property=\"og:title\" content=\"Provincia anunci\u00f3 restricci\u00f3n nocturna y nuevo l\u00edmite para reuniones\" \/>\n<meta property=\"og:description\" content=\"Provincia anunci\u00f3 restricci\u00f3n nocturna y nuevo l\u00edmite para reuniones sociales, ser\u00e1n a partir de este mi\u00e9rcoles y los comercios tambi\u00e9n.\" \/>\n<meta property=\"og:url\" content=\"https:\/\/experienciadevida.com.ar\/portalurbano\/provincia-anuncio-restriccion-nocturna-y-nuevo-limite-para-reuniones-sociales\/\" \/>\n<meta property=\"article:publisher\" content=\"https:\/\/www.facebook.com\/Portal-Urbano-171542830093757\/\" \/>\n<meta property=\"article:published_time\" content=\"2021-03-30T13:28:00+00:00\" \/>\n<meta property=\"article:modified_time\" content=\"2021-03-30T14:23:28+00:00\" \/>\n<meta property=\"og:image\" content=\"https:\/\/experienciadevida.com.ar\/portalurbano\/wp-content\/uploads\/2021\/03\/Provincia-anuncio-restriccion-nocturna.jpg\" \/>\n\t<meta property=\"og:image:width\" content=\"696\" \/>\n\t<meta property=\"og:image:height\" content=\"404\" \/>\n\t<meta property=\"og:image:type\" content=\"image\/jpeg\" \/>\n<meta name=\"author\" content=\"admpu17wp\" \/>\n<meta name=\"twitter:card\" content=\"summary_large_image\" \/>\n<meta name=\"twitter:creator\" content=\"@portalurbanook\" \/>\n<meta name=\"twitter:site\" content=\"@portalurbanook\" \/>\n<meta name=\"twitter:label1\" content=\"Escrito por\" \/>\n\t<meta name=\"twitter:data1\" content=\"admpu17wp\" \/>\n\t<meta name=\"twitter:label2\" content=\"Tiempo de lectura\" \/>\n\t<meta name=\"twitter:data2\" content=\"3 minutos\" \/>\n<script type=\"application\/ld+json\" class=\"yoast-schema-graph\">{\"@context\":\"https:\/\/schema.org\",\"@graph\":[{\"@type\":\"Article\",\"@id\":\"https:\/\/experienciadevida.com.ar\/portalurbano\/provincia-anuncio-restriccion-nocturna-y-nuevo-limite-para-reuniones-sociales\/#article\",\"isPartOf\":{\"@id\":\"https:\/\/experienciadevida.com.ar\/portalurbano\/provincia-anuncio-restriccion-nocturna-y-nuevo-limite-para-reuniones-sociales\/\"},\"author\":{\"name\":\"admpu17wp\",\"@id\":\"https:\/\/experienciadevida.com.ar\/portalurbano\/#\/schema\/person\/02dd326b1c4b056e9cc972486934a3a7\"},\"headline\":\"Provincia anunci\u00f3 restricci\u00f3n nocturna y nuevo l\u00edmite para reuniones sociales\",\"datePublished\":\"2021-03-30T13:28:00+00:00\",\"dateModified\":\"2021-03-30T14:23:28+00:00\",\"mainEntityOfPage\":{\"@id\":\"https:\/\/experienciadevida.com.ar\/portalurbano\/provincia-anuncio-restriccion-nocturna-y-nuevo-limite-para-reuniones-sociales\/\"},\"wordCount\":644,\"publisher\":{\"@id\":\"https:\/\/experienciadevida.com.ar\/portalurbano\/#organization\"},\"articleSection\":[\"Destacadas 2\",\"Provincia\"],\"inLanguage\":\"es\"},{\"@type\":\"WebPage\",\"@id\":\"https:\/\/experienciadevida.com.ar\/portalurbano\/provincia-anuncio-restriccion-nocturna-y-nuevo-limite-para-reuniones-sociales\/\",\"url\":\"https:\/\/experienciadevida.com.ar\/portalurbano\/provincia-anuncio-restriccion-nocturna-y-nuevo-limite-para-reuniones-sociales\/\",\"name\":\"Provincia anunci\u00f3 restricci\u00f3n nocturna y nuevo l\u00edmite para reuniones\",\"isPartOf\":{\"@id\":\"https:\/\/experienciadevida.com.ar\/portalurbano\/#website\"},\"datePublished\":\"2021-03-30T13:28:00+00:00\",\"dateModified\":\"2021-03-30T14:23:28+00:00\",\"description\":\"Provincia anunci\u00f3 restricci\u00f3n nocturna y nuevo l\u00edmite para reuniones sociales, ser\u00e1n a partir de este mi\u00e9rcoles y los comercios tambi\u00e9n.\",\"breadcrumb\":{\"@id\":\"https:\/\/experienciadevida.com.ar\/portalurbano\/provincia-anuncio-restriccion-nocturna-y-nuevo-limite-para-reuniones-sociales\/#breadcrumb\"},\"inLanguage\":\"es\",\"potentialAction\":[{\"@type\":\"ReadAction\",\"target\":[\"https:\/\/experienciadevida.com.ar\/portalurbano\/provincia-anuncio-restriccion-nocturna-y-nuevo-limite-para-reuniones-sociales\/\"]}]},{\"@type\":\"BreadcrumbList\",\"@id\":\"https:\/\/experienciadevida.com.ar\/portalurbano\/provincia-anuncio-restriccion-nocturna-y-nuevo-limite-para-reuniones-sociales\/#breadcrumb\",\"itemListElement\":[{\"@type\":\"ListItem\",\"position\":1,\"name\":\"Portada\",\"item\":\"https:\/\/experienciadevida.com.ar\/portalurbano\/\"},{\"@type\":\"ListItem\",\"position\":2,\"name\":\"Provincia anunci\u00f3 restricci\u00f3n nocturna y nuevo l\u00edmite para reuniones sociales\"}]},{\"@type\":\"WebSite\",\"@id\":\"https:\/\/experienciadevida.com.ar\/portalurbano\/#website\",\"url\":\"https:\/\/experienciadevida.com.ar\/portalurbano\/\",\"name\":\"\",\"description\":\"\",\"publisher\":{\"@id\":\"https:\/\/experienciadevida.com.ar\/portalurbano\/#organization\"},\"potentialAction\":[{\"@type\":\"SearchAction\",\"target\":{\"@type\":\"EntryPoint\",\"urlTemplate\":\"https:\/\/experienciadevida.com.ar\/portalurbano\/?s={search_term_string}\"},\"query-input\":\"required name=search_term_string\"}],\"inLanguage\":\"es\"},{\"@type\":\"Organization\",\"@id\":\"https:\/\/experienciadevida.com.ar\/portalurbano\/#organization\",\"name\":\"Portal Urbano\",\"url\":\"https:\/\/experienciadevida.com.ar\/portalurbano\/\",\"logo\":{\"@type\":\"ImageObject\",\"inLanguage\":\"es\",\"@id\":\"https:\/\/experienciadevida.com.ar\/portalurbano\/#\/schema\/logo\/image\/\",\"url\":\"https:\/\/experienciadevida.com.ar\/portalurbano\/wp-content\/uploads\/2019\/09\/Logo-Original.png\",\"contentUrl\":\"https:\/\/experienciadevida.com.ar\/portalurbano\/wp-content\/uploads\/2019\/09\/Logo-Original.png\",\"width\":2236,\"height\":1216,\"caption\":\"Portal Urbano\"},\"image\":{\"@id\":\"https:\/\/experienciadevida.com.ar\/portalurbano\/#\/schema\/logo\/image\/\"},\"sameAs\":[\"https:\/\/www.facebook.com\/Portal-Urbano-171542830093757\/\",\"https:\/\/twitter.com\/portalurbanook\",\"https:\/\/www.instagram.com\/_portalurbano\/\",\"https:\/\/www.youtube.com\/channel\/UCXhagIfszH8KxFiOok79zbA?view_as=subscriber\"]},{\"@type\":\"Person\",\"@id\":\"https:\/\/experienciadevida.com.ar\/portalurbano\/#\/schema\/person\/02dd326b1c4b056e9cc972486934a3a7\",\"name\":\"admpu17wp\",\"image\":{\"@type\":\"ImageObject\",\"inLanguage\":\"es\",\"@id\":\"https:\/\/experienciadevida.com.ar\/portalurbano\/#\/schema\/person\/image\/\",\"url\":\"https:\/\/secure.gravatar.com\/avatar\/830d4c57adaae6630765e449a6908047?s=96&d=mm&r=g\",\"contentUrl\":\"https:\/\/secure.gravatar.com\/avatar\/830d4c57adaae6630765e449a6908047?s=96&d=mm&r=g\",\"caption\":\"admpu17wp\"}}]}<\/script>\n<!-- \/ Yoast SEO plugin. -->","yoast_head_json":{"title":"Provincia anunci\u00f3 restricci\u00f3n nocturna y nuevo l\u00edmite para reuniones","description":"Provincia anunci\u00f3 restricci\u00f3n nocturna y nuevo l\u00edmite para reuniones sociales, ser\u00e1n a partir de este mi\u00e9rcoles y los comercios tambi\u00e9n.","robots":{"index":"index","follow":"follow","max-snippet":"max-snippet:-1","max-image-preview":"max-image-preview:large","max-video-preview":"max-video-preview:-1"},"canonical":"https:\/\/experienciadevida.com.ar\/portalurbano\/provincia-anuncio-restriccion-nocturna-y-nuevo-limite-para-reuniones-sociales\/","og_locale":"es_ES","og_type":"article","og_title":"Provincia anunci\u00f3 restricci\u00f3n nocturna y nuevo l\u00edmite para reuniones","og_description":"Provincia anunci\u00f3 restricci\u00f3n nocturna y nuevo l\u00edmite para reuniones sociales, ser\u00e1n a partir de este mi\u00e9rcoles y los comercios tambi\u00e9n.","og_url":"https:\/\/experienciadevida.com.ar\/portalurbano\/provincia-anuncio-restriccion-nocturna-y-nuevo-limite-para-reuniones-sociales\/","article_publisher":"https:\/\/www.facebook.com\/Portal-Urbano-171542830093757\/","article_published_time":"2021-03-30T13:28:00+00:00","article_modified_time":"2021-03-30T14:23:28+00:00","og_image":[{"width":696,"height":404,"url":"https:\/\/experienciadevida.com.ar\/portalurbano\/wp-content\/uploads\/2021\/03\/Provincia-anuncio-restriccion-nocturna.jpg","type":"image\/jpeg"}],"author":"admpu17wp","twitter_card":"summary_large_image","twitter_creator":"@portalurbanook","twitter_site":"@portalurbanook","twitter_misc":{"Escrito por":"admpu17wp","Tiempo de lectura":"3 minutos"},"schema":{"@context":"https:\/\/schema.org","@graph":[{"@type":"Article","@id":"https:\/\/experienciadevida.com.ar\/portalurbano\/provincia-anuncio-restriccion-nocturna-y-nuevo-limite-para-reuniones-sociales\/#article","isPartOf":{"@id":"https:\/\/experienciadevida.com.ar\/portalurbano\/provincia-anuncio-restriccion-nocturna-y-nuevo-limite-para-reuniones-sociales\/"},"author":{"name":"admpu17wp","@id":"https:\/\/experienciadevida.com.ar\/portalurbano\/#\/schema\/person\/02dd326b1c4b056e9cc972486934a3a7"},"headline":"Provincia anunci\u00f3 restricci\u00f3n nocturna y nuevo l\u00edmite para reuniones sociales","datePublished":"2021-03-30T13:28:00+00:00","dateModified":"2021-03-30T14:23:28+00:00","mainEntityOfPage":{"@id":"https:\/\/experienciadevida.com.ar\/portalurbano\/provincia-anuncio-restriccion-nocturna-y-nuevo-limite-para-reuniones-sociales\/"},"wordCount":644,"publisher":{"@id":"https:\/\/experienciadevida.com.ar\/portalurbano\/#organization"},"articleSection":["Destacadas 2","Provincia"],"inLanguage":"es"},{"@type":"WebPage","@id":"https:\/\/experienciadevida.com.ar\/portalurbano\/provincia-anuncio-restriccion-nocturna-y-nuevo-limite-para-reuniones-sociales\/","url":"https:\/\/experienciadevida.com.ar\/portalurbano\/provincia-anuncio-restriccion-nocturna-y-nuevo-limite-para-reuniones-sociales\/","name":"Provincia anunci\u00f3 restricci\u00f3n nocturna y nuevo l\u00edmite para reuniones","isPartOf":{"@id":"https:\/\/experienciadevida.com.ar\/portalurbano\/#website"},"datePublished":"2021-03-30T13:28:00+00:00","dateModified":"2021-03-30T14:23:28+00:00","description":"Provincia anunci\u00f3 restricci\u00f3n nocturna y nuevo l\u00edmite para reuniones sociales, ser\u00e1n a partir de este mi\u00e9rcoles y los comercios tambi\u00e9n.","breadcrumb":{"@id":"https:\/\/experienciadevida.com.ar\/portalurbano\/provincia-anuncio-restriccion-nocturna-y-nuevo-limite-para-reuniones-sociales\/#breadcrumb"},"inLanguage":"es","potentialAction":[{"@type":"ReadAction","target":["https:\/\/experienciadevida.com.ar\/portalurbano\/provincia-anuncio-restriccion-nocturna-y-nuevo-limite-para-reuniones-sociales\/"]}]},{"@type":"BreadcrumbList","@id":"https:\/\/experienciadevida.com.ar\/portalurbano\/provincia-anuncio-restriccion-nocturna-y-nuevo-limite-para-reuniones-sociales\/#breadcrumb","itemListElement":[{"@type":"ListItem","position":1,"name":"Portada","item":"https:\/\/experienciadevida.com.ar\/portalurbano\/"},{"@type":"ListItem","position":2,"name":"Provincia anunci\u00f3 restricci\u00f3n nocturna y nuevo l\u00edmite para reuniones sociales"}]},{"@type":"WebSite","@id":"https:\/\/experienciadevida.com.ar\/portalurbano\/#website","url":"https:\/\/experienciadevida.com.ar\/portalurbano\/","name":"","description":"","publisher":{"@id":"https:\/\/experienciadevida.com.ar\/portalurbano\/#organization"},"potentialAction":[{"@type":"SearchAction","target":{"@type":"EntryPoint","urlTemplate":"https:\/\/experienciadevida.com.ar\/portalurbano\/?s={search_term_string}"},"query-input":"required name=search_term_string"}],"inLanguage":"es"},{"@type":"Organization","@id":"https:\/\/experienciadevida.com.ar\/portalurbano\/#organization","name":"Portal Urbano","url":"https:\/\/experienciadevida.com.ar\/portalurbano\/","logo":{"@type":"ImageObject","inLanguage":"es","@id":"https:\/\/experienciadevida.com.ar\/portalurbano\/#\/schema\/logo\/image\/","url":"https:\/\/experienciadevida.com.ar\/portalurbano\/wp-content\/uploads\/2019\/09\/Logo-Original.png","contentUrl":"https:\/\/experienciadevida.com.ar\/portalurbano\/wp-content\/uploads\/2019\/09\/Logo-Original.png","width":2236,"height":1216,"caption":"Portal Urbano"},"image":{"@id":"https:\/\/experienciadevida.com.ar\/portalurbano\/#\/schema\/logo\/image\/"},"sameAs":["https:\/\/www.facebook.com\/Portal-Urbano-171542830093757\/","https:\/\/twitter.com\/portalurbanook","https:\/\/www.instagram.com\/_portalurbano\/","https:\/\/www.youtube.com\/channel\/UCXhagIfszH8KxFiOok79zbA?view_as=subscriber"]},{"@type":"Person","@id":"https:\/\/experienciadevida.com.ar\/portalurbano\/#\/schema\/person\/02dd326b1c4b056e9cc972486934a3a7","name":"admpu17wp","image":{"@type":"ImageObject","inLanguage":"es","@id":"https:\/\/experienciadevida.com.ar\/portalurbano\/#\/schema\/person\/image\/","url":"https:\/\/secure.gravatar.com\/avatar\/830d4c57adaae6630765e449a6908047?s=96&d=mm&r=g","contentUrl":"https:\/\/secure.gravatar.com\/avatar\/830d4c57adaae6630765e449a6908047?s=96&d=mm&r=g","caption":"admpu17wp"}}]}},"featured_image_urls":{"full":["https:\/\/experienciadevida.com.ar\/portalurbano\/wp-content\/uploads\/2021\/03\/Provincia-anuncio-restriccion-nocturna.jpg",696,404,false],"thumbnail":["https:\/\/experienciadevida.com.ar\/portalurbano\/wp-content\/uploads\/2021\/03\/Provincia-anuncio-restriccion-nocturna-150x150.jpg",150,150,true],"medium":["https:\/\/experienciadevida.com.ar\/portalurbano\/wp-content\/uploads\/2021\/03\/Provincia-anuncio-restriccion-nocturna-300x174.jpg",300,174,true],"medium_large":["https:\/\/experienciadevida.com.ar\/portalurbano\/wp-content\/uploads\/2021\/03\/Provincia-anuncio-restriccion-nocturna.jpg",640,371,false],"large":["https:\/\/experienciadevida.com.ar\/portalurbano\/wp-content\/uploads\/2021\/03\/Provincia-anuncio-restriccion-nocturna.jpg",640,371,false],"ug_big":["https:\/\/experienciadevida.com.ar\/portalurbano\/wp-content\/uploads\/2021\/03\/Provincia-anuncio-restriccion-nocturna.jpg",696,404,false],"1536x1536":["https:\/\/experienciadevida.com.ar\/portalurbano\/wp-content\/uploads\/2021\/03\/Provincia-anuncio-restriccion-nocturna.jpg",696,404,false],"2048x2048":["https:\/\/experienciadevida.com.ar\/portalurbano\/wp-content\/uploads\/2021\/03\/Provincia-anuncio-restriccion-nocturna.jpg",696,404,false],"newsever-slider-full":["https:\/\/experienciadevida.com.ar\/portalurbano\/wp-content\/uploads\/2021\/03\/Provincia-anuncio-restriccion-nocturna.jpg",696,404,false],"newsever-featured":["https:\/\/experienciadevida.com.ar\/portalurbano\/wp-content\/uploads\/2021\/03\/Provincia-anuncio-restriccion-nocturna.jpg",696,404,false],"newsever-medium":["https:\/\/experienciadevida.com.ar\/portalurbano\/wp-content\/uploads\/2021\/03\/Provincia-anuncio-restriccion-nocturna.jpg",696,404,false],"web-stories-poster-portrait":["https:\/\/experienciadevida.com.ar\/portalurbano\/wp-content\/uploads\/2021\/03\/Provincia-anuncio-restriccion-nocturna.jpg",640,371,false],"web-stories-publisher-logo":["https:\/\/experienciadevida.com.ar\/portalurbano\/wp-content\/uploads\/2021\/03\/Provincia-anuncio-restriccion-nocturna.jpg",96,56,false],"web-stories-thumbnail":["https:\/\/experienciadevida.com.ar\/portalurbano\/wp-content\/uploads\/2021\/03\/Provincia-anuncio-restriccion-nocturna.jpg",150,87,false]},"author_info":{"display_name":"admpu17wp","author_link":"https:\/\/experienciadevida.com.ar\/portalurbano\/author\/admpu17wp\/"},"category_info":"<a href=\"https:\/\/experienciadevida.com.ar\/portalurbano\/category\/destacadas-2\/\" rel=\"category tag\">Destacadas 2<\/a> <a href=\"https:\/\/experienciadevida.com.ar\/portalurbano\/category\/provincia\/\" rel=\"category tag\">Provincia<\/a>","tag_info":"Provincia","comment_count":"0","amp_enabled":true,"_links":{"self":[{"href":"https:\/\/experienciadevida.com.ar\/portalurbano\/wp-json\/wp\/v2\/posts\/138801"}],"collection":[{"href":"https:\/\/experienciadevida.com.ar\/portalurbano\/wp-json\/wp\/v2\/posts"}],"about":[{"href":"https:\/\/experienciadevida.com.ar\/portalurbano\/wp-json\/wp\/v2\/types\/post"}],"author":[{"embeddable":true,"href":"https:\/\/experienciadevida.com.ar\/portalurbano\/wp-json\/wp\/v2\/users\/1"}],"replies":[{"embeddable":true,"href":"https:\/\/experienciadevida.com.ar\/portalurbano\/wp-json\/wp\/v2\/comments?post=138801"}],"version-history":[{"count":4,"href":"https:\/\/experienciadevida.com.ar\/portalurbano\/wp-json\/wp\/v2\/posts\/138801\/revisions"}],"predecessor-version":[{"id":138813,"href":"https:\/\/experienciadevida.com.ar\/portalurbano\/wp-json\/wp\/v2\/posts\/138801\/revisions\/138813"}],"wp:featuredmedia":[{"embeddable":true,"href":"https:\/\/experienciadevida.com.ar\/portalurbano\/wp-json\/wp\/v2\/media\/138802"}],"wp:attachment":[{"href":"https:\/\/experienciadevida.com.ar\/portalurbano\/wp-json\/wp\/v2\/media?parent=138801"}],"wp:term":[{"taxonomy":"category","embeddable":true,"href":"https:\/\/experienciadevida.com.ar\/portalurbano\/wp-json\/wp\/v2\/categories?post=138801"},{"taxonomy":"post_tag","embeddable":true,"href":"https:\/\/experienciadevida.com.ar\/portalurbano\/wp-json\/wp\/v2\/tags?post=138801"}],"curies":[{"name":"wp","href":"https:\/\/api.w.org\/{rel}","templated":true}]}}