{"id":138710,"date":"2021-03-29T09:43:10","date_gmt":"2021-03-29T12:43:10","guid":{"rendered":"https:\/\/experienciadevida.com.ar\/portalurbano\/?p=138710"},"modified":"2021-03-29T10:20:31","modified_gmt":"2021-03-29T13:20:31","slug":"la-subsecretaria-de-desarrollo-social-y-el-proyecto-giro","status":"publish","type":"post","link":"https:\/\/experienciadevida.com.ar\/portalurbano\/la-subsecretaria-de-desarrollo-social-y-el-proyecto-giro\/","title":{"rendered":"La Subsecretar\u00eda de Desarrollo Social y el Proyecto GIRO"},"content":{"rendered":"<p>La Subsecretar\u00eda de Desarrollo Social y el Proyecto GIRO.<\/p>\n<p>El equipo de Trabajadoras Sociales de la Subsecretar\u00eda de Desarrollo Social particip\u00f3 -una vez m\u00e1s- en la ma\u00f1ana de este viernes, de una reuni\u00f3n para avanzar con el Proyecto GIRO, que tiene por objetivo ayudar al desarrollo de la comunidad para construir un sistema de reciclado sustentable, productivo y socialmente inclusivo, acelerando la transici\u00f3n a una econom\u00eda circular a trav\u00e9s un sistema de reciclaje que maximice los materiales recuperados para uso productivo.<\/p>\n<p>Este proyecto se acompa\u00f1a y trabaja desde los Territoriales, de manera conjunta con la organizaci\u00f3n desde el inicio del mismo, con un trabajo social comprometido que busca lograr -en t\u00e9rminos de proceso- cambios genuinos que apunten a mejorar la calidad de vida de cada uno de los actores.<\/p>\n<p>Su accionar se bas\u00f3 en realizar un relevamiento en los distintos sectores de la ciudad y espec\u00edficamente en los m\u00e1s vulnerables, donde la actividad de reciclado es m\u00e1s prol\u00edfera. Continu\u00f3 con las entrevistas a un grupo de ellos, tarea que form\u00f3 parte de la etapa diagn\u00f3stica del proyecto.<\/p>\n","protected":false},"excerpt":{"rendered":"<p>La Subsecretar\u00eda de Desarrollo Social y el Proyecto GIRO. El equipo de Trabajadoras Sociales de&#8230;<\/p>\n","protected":false},"author":1,"featured_media":138711,"comment_status":"closed","ping_status":"closed","sticky":false,"template":"","format":"standard","meta":{"content-type":""},"categories":[27,64],"tags":[],"nelio_content":{"isAutoShareEnabled":false,"autoShareEndMode":"default","automationSources":{"useContentSentences":true,"useSocialTemplates":true,"useCustomSentences":false,"customSentences":[]},"followers":[1],"suggestedReferences":[],"includedReferences":[],"efiUrl":"","efiAlt":"","highlights":[]},"yoast_head":"<!-- This site is optimized with the Yoast SEO plugin v20.7 - https:\/\/yoast.com\/wordpress\/plugins\/seo\/ -->\n<title>La Subsecretar\u00eda de desarrollo social y el proyecto GIRO<\/title>\n<meta name=\"description\" content=\"La Subsecretar\u00eda de Desarrollo Social y el Proyecto GIRO, que tiene por objetivo ayudar a la comunidad para realizar el reciclado.\" \/>\n<meta name=\"robots\" content=\"index, follow, max-snippet:-1, max-image-preview:large, max-video-preview:-1\" \/>\n<link rel=\"canonical\" href=\"https:\/\/experienciadevida.com.ar\/portalurbano\/la-subsecretaria-de-desarrollo-social-y-el-proyecto-giro\/\" \/>\n<meta property=\"og:locale\" content=\"es_ES\" \/>\n<meta property=\"og:type\" content=\"article\" \/>\n<meta property=\"og:title\" content=\"La Subsecretar\u00eda de desarrollo social y el proyecto GIRO\" \/>\n<meta property=\"og:description\" content=\"La Subsecretar\u00eda de Desarrollo Social y el Proyecto GIRO, que tiene por objetivo ayudar a la comunidad para realizar el reciclado.\" \/>\n<meta property=\"og:url\" content=\"https:\/\/experienciadevida.com.ar\/portalurbano\/la-subsecretaria-de-desarrollo-social-y-el-proyecto-giro\/\" \/>\n<meta property=\"article:publisher\" content=\"https:\/\/www.facebook.com\/Portal-Urbano-171542830093757\/\" \/>\n<meta property=\"article:published_time\" content=\"2021-03-29T12:43:10+00:00\" \/>\n<meta property=\"article:modified_time\" content=\"2021-03-29T13:20:31+00:00\" \/>\n<meta property=\"og:image\" content=\"https:\/\/experienciadevida.com.ar\/portalurbano\/wp-content\/uploads\/2021\/03\/La-Subsecretaria-de-Desarrollo-Social.jpg\" \/>\n\t<meta property=\"og:image:width\" content=\"1181\" \/>\n\t<meta property=\"og:image:height\" content=\"787\" \/>\n\t<meta property=\"og:image:type\" content=\"image\/jpeg\" \/>\n<meta name=\"author\" content=\"admpu17wp\" \/>\n<meta name=\"twitter:card\" content=\"summary_large_image\" \/>\n<meta name=\"twitter:creator\" content=\"@portalurbanook\" \/>\n<meta name=\"twitter:site\" content=\"@portalurbanook\" \/>\n<meta name=\"twitter:label1\" content=\"Escrito por\" \/>\n\t<meta name=\"twitter:data1\" content=\"admpu17wp\" \/>\n\t<meta name=\"twitter:label2\" content=\"Tiempo de lectura\" \/>\n\t<meta name=\"twitter:data2\" content=\"1 minuto\" \/>\n<script type=\"application\/ld+json\" class=\"yoast-schema-graph\">{\"@context\":\"https:\/\/schema.org\",\"@graph\":[{\"@type\":\"Article\",\"@id\":\"https:\/\/experienciadevida.com.ar\/portalurbano\/la-subsecretaria-de-desarrollo-social-y-el-proyecto-giro\/#article\",\"isPartOf\":{\"@id\":\"https:\/\/experienciadevida.com.ar\/portalurbano\/la-subsecretaria-de-desarrollo-social-y-el-proyecto-giro\/\"},\"author\":{\"name\":\"admpu17wp\",\"@id\":\"https:\/\/experienciadevida.com.ar\/portalurbano\/#\/schema\/person\/02dd326b1c4b056e9cc972486934a3a7\"},\"headline\":\"La Subsecretar\u00eda de Desarrollo Social y el Proyecto GIRO\",\"datePublished\":\"2021-03-29T12:43:10+00:00\",\"dateModified\":\"2021-03-29T13:20:31+00:00\",\"mainEntityOfPage\":{\"@id\":\"https:\/\/experienciadevida.com.ar\/portalurbano\/la-subsecretaria-de-desarrollo-social-y-el-proyecto-giro\/\"},\"wordCount\":203,\"publisher\":{\"@id\":\"https:\/\/experienciadevida.com.ar\/portalurbano\/#organization\"},\"articleSection\":[\"Ciudad\",\"Destacadas 2\"],\"inLanguage\":\"es\"},{\"@type\":\"WebPage\",\"@id\":\"https:\/\/experienciadevida.com.ar\/portalurbano\/la-subsecretaria-de-desarrollo-social-y-el-proyecto-giro\/\",\"url\":\"https:\/\/experienciadevida.com.ar\/portalurbano\/la-subsecretaria-de-desarrollo-social-y-el-proyecto-giro\/\",\"name\":\"La Subsecretar\u00eda de desarrollo social y el proyecto GIRO\",\"isPartOf\":{\"@id\":\"https:\/\/experienciadevida.com.ar\/portalurbano\/#website\"},\"datePublished\":\"2021-03-29T12:43:10+00:00\",\"dateModified\":\"2021-03-29T13:20:31+00:00\",\"description\":\"La Subsecretar\u00eda de Desarrollo Social y el Proyecto GIRO, que tiene por objetivo ayudar a la comunidad para realizar el reciclado.\",\"breadcrumb\":{\"@id\":\"https:\/\/experienciadevida.com.ar\/portalurbano\/la-subsecretaria-de-desarrollo-social-y-el-proyecto-giro\/#breadcrumb\"},\"inLanguage\":\"es\",\"potentialAction\":[{\"@type\":\"ReadAction\",\"target\":[\"https:\/\/experienciadevida.com.ar\/portalurbano\/la-subsecretaria-de-desarrollo-social-y-el-proyecto-giro\/\"]}]},{\"@type\":\"BreadcrumbList\",\"@id\":\"https:\/\/experienciadevida.com.ar\/portalurbano\/la-subsecretaria-de-desarrollo-social-y-el-proyecto-giro\/#breadcrumb\",\"itemListElement\":[{\"@type\":\"ListItem\",\"position\":1,\"name\":\"Portada\",\"item\":\"https:\/\/experienciadevida.com.ar\/portalurbano\/\"},{\"@type\":\"ListItem\",\"position\":2,\"name\":\"La Subsecretar\u00eda de Desarrollo Social y el Proyecto GIRO\"}]},{\"@type\":\"WebSite\",\"@id\":\"https:\/\/experienciadevida.com.ar\/portalurbano\/#website\",\"url\":\"https:\/\/experienciadevida.com.ar\/portalurbano\/\",\"name\":\"\",\"description\":\"\",\"publisher\":{\"@id\":\"https:\/\/experienciadevida.com.ar\/portalurbano\/#organization\"},\"potentialAction\":[{\"@type\":\"SearchAction\",\"target\":{\"@type\":\"EntryPoint\",\"urlTemplate\":\"https:\/\/experienciadevida.com.ar\/portalurbano\/?s={search_term_string}\"},\"query-input\":\"required name=search_term_string\"}],\"inLanguage\":\"es\"},{\"@type\":\"Organization\",\"@id\":\"https:\/\/experienciadevida.com.ar\/portalurbano\/#organization\",\"name\":\"Portal Urbano\",\"url\":\"https:\/\/experienciadevida.com.ar\/portalurbano\/\",\"logo\":{\"@type\":\"ImageObject\",\"inLanguage\":\"es\",\"@id\":\"https:\/\/experienciadevida.com.ar\/portalurbano\/#\/schema\/logo\/image\/\",\"url\":\"https:\/\/experienciadevida.com.ar\/portalurbano\/wp-content\/uploads\/2019\/09\/Logo-Original.png\",\"contentUrl\":\"https:\/\/experienciadevida.com.ar\/portalurbano\/wp-content\/uploads\/2019\/09\/Logo-Original.png\",\"width\":2236,\"height\":1216,\"caption\":\"Portal Urbano\"},\"image\":{\"@id\":\"https:\/\/experienciadevida.com.ar\/portalurbano\/#\/schema\/logo\/image\/\"},\"sameAs\":[\"https:\/\/www.facebook.com\/Portal-Urbano-171542830093757\/\",\"https:\/\/twitter.com\/portalurbanook\",\"https:\/\/www.instagram.com\/_portalurbano\/\",\"https:\/\/www.youtube.com\/channel\/UCXhagIfszH8KxFiOok79zbA?view_as=subscriber\"]},{\"@type\":\"Person\",\"@id\":\"https:\/\/experienciadevida.com.ar\/portalurbano\/#\/schema\/person\/02dd326b1c4b056e9cc972486934a3a7\",\"name\":\"admpu17wp\",\"image\":{\"@type\":\"ImageObject\",\"inLanguage\":\"es\",\"@id\":\"https:\/\/experienciadevida.com.ar\/portalurbano\/#\/schema\/person\/image\/\",\"url\":\"https:\/\/secure.gravatar.com\/avatar\/830d4c57adaae6630765e449a6908047?s=96&d=mm&r=g\",\"contentUrl\":\"https:\/\/secure.gravatar.com\/avatar\/830d4c57adaae6630765e449a6908047?s=96&d=mm&r=g\",\"caption\":\"admpu17wp\"}}]}<\/script>\n<!-- \/ Yoast SEO plugin. -->","yoast_head_json":{"title":"La Subsecretar\u00eda de desarrollo social y el proyecto GIRO","description":"La Subsecretar\u00eda de Desarrollo Social y el Proyecto GIRO, que tiene por objetivo ayudar a la comunidad para realizar el reciclado.","robots":{"index":"index","follow":"follow","max-snippet":"max-snippet:-1","max-image-preview":"max-image-preview:large","max-video-preview":"max-video-preview:-1"},"canonical":"https:\/\/experienciadevida.com.ar\/portalurbano\/la-subsecretaria-de-desarrollo-social-y-el-proyecto-giro\/","og_locale":"es_ES","og_type":"article","og_title":"La Subsecretar\u00eda de desarrollo social y el proyecto GIRO","og_description":"La Subsecretar\u00eda de Desarrollo Social y el Proyecto GIRO, que tiene por objetivo ayudar a la comunidad para realizar el reciclado.","og_url":"https:\/\/experienciadevida.com.ar\/portalurbano\/la-subsecretaria-de-desarrollo-social-y-el-proyecto-giro\/","article_publisher":"https:\/\/www.facebook.com\/Portal-Urbano-171542830093757\/","article_published_time":"2021-03-29T12:43:10+00:00","article_modified_time":"2021-03-29T13:20:31+00:00","og_image":[{"width":1181,"height":787,"url":"https:\/\/experienciadevida.com.ar\/portalurbano\/wp-content\/uploads\/2021\/03\/La-Subsecretaria-de-Desarrollo-Social.jpg","type":"image\/jpeg"}],"author":"admpu17wp","twitter_card":"summary_large_image","twitter_creator":"@portalurbanook","twitter_site":"@portalurbanook","twitter_misc":{"Escrito por":"admpu17wp","Tiempo de lectura":"1 minuto"},"schema":{"@context":"https:\/\/schema.org","@graph":[{"@type":"Article","@id":"https:\/\/experienciadevida.com.ar\/portalurbano\/la-subsecretaria-de-desarrollo-social-y-el-proyecto-giro\/#article","isPartOf":{"@id":"https:\/\/experienciadevida.com.ar\/portalurbano\/la-subsecretaria-de-desarrollo-social-y-el-proyecto-giro\/"},"author":{"name":"admpu17wp","@id":"https:\/\/experienciadevida.com.ar\/portalurbano\/#\/schema\/person\/02dd326b1c4b056e9cc972486934a3a7"},"headline":"La Subsecretar\u00eda de Desarrollo Social y el Proyecto GIRO","datePublished":"2021-03-29T12:43:10+00:00","dateModified":"2021-03-29T13:20:31+00:00","mainEntityOfPage":{"@id":"https:\/\/experienciadevida.com.ar\/portalurbano\/la-subsecretaria-de-desarrollo-social-y-el-proyecto-giro\/"},"wordCount":203,"publisher":{"@id":"https:\/\/experienciadevida.com.ar\/portalurbano\/#organization"},"articleSection":["Ciudad","Destacadas 2"],"inLanguage":"es"},{"@type":"WebPage","@id":"https:\/\/experienciadevida.com.ar\/portalurbano\/la-subsecretaria-de-desarrollo-social-y-el-proyecto-giro\/","url":"https:\/\/experienciadevida.com.ar\/portalurbano\/la-subsecretaria-de-desarrollo-social-y-el-proyecto-giro\/","name":"La Subsecretar\u00eda de desarrollo social y el proyecto GIRO","isPartOf":{"@id":"https:\/\/experienciadevida.com.ar\/portalurbano\/#website"},"datePublished":"2021-03-29T12:43:10+00:00","dateModified":"2021-03-29T13:20:31+00:00","description":"La Subsecretar\u00eda de Desarrollo Social y el Proyecto GIRO, que tiene por objetivo ayudar a la comunidad para realizar el reciclado.","breadcrumb":{"@id":"https:\/\/experienciadevida.com.ar\/portalurbano\/la-subsecretaria-de-desarrollo-social-y-el-proyecto-giro\/#breadcrumb"},"inLanguage":"es","potentialAction":[{"@type":"ReadAction","target":["https:\/\/experienciadevida.com.ar\/portalurbano\/la-subsecretaria-de-desarrollo-social-y-el-proyecto-giro\/"]}]},{"@type":"BreadcrumbList","@id":"https:\/\/experienciadevida.com.ar\/portalurbano\/la-subsecretaria-de-desarrollo-social-y-el-proyecto-giro\/#breadcrumb","itemListElement":[{"@type":"ListItem","position":1,"name":"Portada","item":"https:\/\/experienciadevida.com.ar\/portalurbano\/"},{"@type":"ListItem","position":2,"name":"La Subsecretar\u00eda de Desarrollo Social y el Proyecto GIRO"}]},{"@type":"WebSite","@id":"https:\/\/experienciadevida.com.ar\/portalurbano\/#website","url":"https:\/\/experienciadevida.com.ar\/portalurbano\/","name":"","description":"","publisher":{"@id":"https:\/\/experienciadevida.com.ar\/portalurbano\/#organization"},"potentialAction":[{"@type":"SearchAction","target":{"@type":"EntryPoint","urlTemplate":"https:\/\/experienciadevida.com.ar\/portalurbano\/?s={search_term_string}"},"query-input":"required name=search_term_string"}],"inLanguage":"es"},{"@type":"Organization","@id":"https:\/\/experienciadevida.com.ar\/portalurbano\/#organization","name":"Portal Urbano","url":"https:\/\/experienciadevida.com.ar\/portalurbano\/","logo":{"@type":"ImageObject","inLanguage":"es","@id":"https:\/\/experienciadevida.com.ar\/portalurbano\/#\/schema\/logo\/image\/","url":"https:\/\/experienciadevida.com.ar\/portalurbano\/wp-content\/uploads\/2019\/09\/Logo-Original.png","contentUrl":"https:\/\/experienciadevida.com.ar\/portalurbano\/wp-content\/uploads\/2019\/09\/Logo-Original.png","width":2236,"height":1216,"caption":"Portal Urbano"},"image":{"@id":"https:\/\/experienciadevida.com.ar\/portalurbano\/#\/schema\/logo\/image\/"},"sameAs":["https:\/\/www.facebook.com\/Portal-Urbano-171542830093757\/","https:\/\/twitter.com\/portalurbanook","https:\/\/www.instagram.com\/_portalurbano\/","https:\/\/www.youtube.com\/channel\/UCXhagIfszH8KxFiOok79zbA?view_as=subscriber"]},{"@type":"Person","@id":"https:\/\/experienciadevida.com.ar\/portalurbano\/#\/schema\/person\/02dd326b1c4b056e9cc972486934a3a7","name":"admpu17wp","image":{"@type":"ImageObject","inLanguage":"es","@id":"https:\/\/experienciadevida.com.ar\/portalurbano\/#\/schema\/person\/image\/","url":"https:\/\/secure.gravatar.com\/avatar\/830d4c57adaae6630765e449a6908047?s=96&d=mm&r=g","contentUrl":"https:\/\/secure.gravatar.com\/avatar\/830d4c57adaae6630765e449a6908047?s=96&d=mm&r=g","caption":"admpu17wp"}}]}},"featured_image_urls":{"full":["https:\/\/experienciadevida.com.ar\/portalurbano\/wp-content\/uploads\/2021\/03\/La-Subsecretaria-de-Desarrollo-Social.jpg",1181,787,false],"thumbnail":["https:\/\/experienciadevida.com.ar\/portalurbano\/wp-content\/uploads\/2021\/03\/La-Subsecretaria-de-Desarrollo-Social-150x150.jpg",150,150,true],"medium":["https:\/\/experienciadevida.com.ar\/portalurbano\/wp-content\/uploads\/2021\/03\/La-Subsecretaria-de-Desarrollo-Social-300x200.jpg",300,200,true],"medium_large":["https:\/\/experienciadevida.com.ar\/portalurbano\/wp-content\/uploads\/2021\/03\/La-Subsecretaria-de-Desarrollo-Social-768x512.jpg",640,427,true],"large":["https:\/\/experienciadevida.com.ar\/portalurbano\/wp-content\/uploads\/2021\/03\/La-Subsecretaria-de-Desarrollo-Social-1024x682.jpg",640,426,true],"ug_big":["https:\/\/experienciadevida.com.ar\/portalurbano\/wp-content\/uploads\/2021\/03\/La-Subsecretaria-de-Desarrollo-Social-768x512.jpg",768,512,true],"1536x1536":["https:\/\/experienciadevida.com.ar\/portalurbano\/wp-content\/uploads\/2021\/03\/La-Subsecretaria-de-Desarrollo-Social.jpg",1181,787,false],"2048x2048":["https:\/\/experienciadevida.com.ar\/portalurbano\/wp-content\/uploads\/2021\/03\/La-Subsecretaria-de-Desarrollo-Social.jpg",1181,787,false],"newsever-slider-full":["https:\/\/experienciadevida.com.ar\/portalurbano\/wp-content\/uploads\/2021\/03\/La-Subsecretaria-de-Desarrollo-Social.jpg",1181,787,false],"newsever-featured":["https:\/\/experienciadevida.com.ar\/portalurbano\/wp-content\/uploads\/2021\/03\/La-Subsecretaria-de-Desarrollo-Social.jpg",1024,682,false],"newsever-medium":["https:\/\/experienciadevida.com.ar\/portalurbano\/wp-content\/uploads\/2021\/03\/La-Subsecretaria-de-Desarrollo-Social.jpg",713,475,false],"web-stories-poster-portrait":["https:\/\/experienciadevida.com.ar\/portalurbano\/wp-content\/uploads\/2021\/03\/La-Subsecretaria-de-Desarrollo-Social.jpg",640,426,false],"web-stories-publisher-logo":["https:\/\/experienciadevida.com.ar\/portalurbano\/wp-content\/uploads\/2021\/03\/La-Subsecretaria-de-Desarrollo-Social.jpg",96,64,false],"web-stories-thumbnail":["https:\/\/experienciadevida.com.ar\/portalurbano\/wp-content\/uploads\/2021\/03\/La-Subsecretaria-de-Desarrollo-Social.jpg",150,100,false]},"author_info":{"display_name":"admpu17wp","author_link":"https:\/\/experienciadevida.com.ar\/portalurbano\/author\/admpu17wp\/"},"category_info":"<a href=\"https:\/\/experienciadevida.com.ar\/portalurbano\/category\/ciudad\/\" rel=\"category tag\">Ciudad<\/a> <a href=\"https:\/\/experienciadevida.com.ar\/portalurbano\/category\/destacadas-2\/\" rel=\"category tag\">Destacadas 2<\/a>","tag_info":"Destacadas 2","comment_count":"0","amp_enabled":true,"_links":{"self":[{"href":"https:\/\/experienciadevida.com.ar\/portalurbano\/wp-json\/wp\/v2\/posts\/138710"}],"collection":[{"href":"https:\/\/experienciadevida.com.ar\/portalurbano\/wp-json\/wp\/v2\/posts"}],"about":[{"href":"https:\/\/experienciadevida.com.ar\/portalurbano\/wp-json\/wp\/v2\/types\/post"}],"author":[{"embeddable":true,"href":"https:\/\/experienciadevida.com.ar\/portalurbano\/wp-json\/wp\/v2\/users\/1"}],"replies":[{"embeddable":true,"href":"https:\/\/experienciadevida.com.ar\/portalurbano\/wp-json\/wp\/v2\/comments?post=138710"}],"version-history":[{"count":1,"href":"https:\/\/experienciadevida.com.ar\/portalurbano\/wp-json\/wp\/v2\/posts\/138710\/revisions"}],"predecessor-version":[{"id":138712,"href":"https:\/\/experienciadevida.com.ar\/portalurbano\/wp-json\/wp\/v2\/posts\/138710\/revisions\/138712"}],"wp:featuredmedia":[{"embeddable":true,"href":"https:\/\/experienciadevida.com.ar\/portalurbano\/wp-json\/wp\/v2\/media\/138711"}],"wp:attachment":[{"href":"https:\/\/experienciadevida.com.ar\/portalurbano\/wp-json\/wp\/v2\/media?parent=138710"}],"wp:term":[{"taxonomy":"category","embeddable":true,"href":"https:\/\/experienciadevida.com.ar\/portalurbano\/wp-json\/wp\/v2\/categories?post=138710"},{"taxonomy":"post_tag","embeddable":true,"href":"https:\/\/experienciadevida.com.ar\/portalurbano\/wp-json\/wp\/v2\/tags?post=138710"}],"curies":[{"name":"wp","href":"https:\/\/api.w.org\/{rel}","templated":true}]}}