{"id":138572,"date":"2021-03-27T15:27:11","date_gmt":"2021-03-27T18:27:11","guid":{"rendered":"https:\/\/experienciadevida.com.ar\/portalurbano\/?p=138572"},"modified":"2021-03-27T15:30:54","modified_gmt":"2021-03-27T18:30:54","slug":"kreplak-es-muy-probable-que-empecemos-a-tomar-mas-medidas-de-restriccion","status":"publish","type":"post","link":"https:\/\/experienciadevida.com.ar\/portalurbano\/kreplak-es-muy-probable-que-empecemos-a-tomar-mas-medidas-de-restriccion\/","title":{"rendered":"Kreplak: \u201cEs muy probable que empecemos a tomar m\u00e1s medidas de restricci\u00f3n\u201d"},"content":{"rendered":"<p>Kreplak: \u201cEs muy probable que empecemos a tomar m\u00e1s medidas de restricci\u00f3n\u201d. El viceministro de Salud bonaerense pidi\u00f3 a la gente \u201creforzar los cuidados\u201d frente al \u201cascenso significativo de casos\u201d de coronavirus. De todos modos, las medidas que se tomen \u201cno afectar\u00e1n al trabajo ni a la producci\u00f3n, sino al ocio\u201d.<\/p>\n<p>El viceministro de Salud bonaerense, Nicol\u00e1s Kreplak, advirti\u00f3 sobre un aumento de contagios en la regi\u00f3n y no descart\u00f3 que se deban volver a \u201crestringir actividades\u201d, aunque afirm\u00f3 que estas medidas van a estar \u201crelacionadas con el ocio y no con la producci\u00f3n y el trabajo\u201d.<\/p>\n<p>Kreplak &#8220;es muy probable que empecemos a tomar m\u00e1s medidas de restricci\u00f3n&#8221; y pidi\u00f3 a la gente, \u201creforzar los cuidados\u201d y \u201crespetar todos los protocolos vigentes\u201d. \u201cEstamos en un ascenso significativo de casos. Llevamos unas cuantas semanas con aumentos, a una velocidad distinta, lo que nos hace pensar que estamos entrando con un poco m\u00e1s de delay a lo que se est\u00e1 viviendo en toda la regi\u00f3n\u201d, explic\u00f3.<\/p>\n<p>Adem\u00e1s, remarc\u00f3 que las autoridades cuentan con \u201cdos herramientas\u201d para hacer frente a la segunda ola: \u201cUna es la vacunaci\u00f3n y la otra son las medidas de cuidado y distanciamiento; mientras la vacunaci\u00f3n no logre ser el resultado para los grupos de riesgo, tenemos que echar mano a las medidas de distanciamiento\u201d.<\/p>\n<p>Al respecto, asegur\u00f3 que cuando se logre avanzar en la inmunizaci\u00f3n de la sociedad, se va a poder \u201caflojar con las restricciones\u201d.<\/p>\n<p>Limitaciones:<\/p>\n<p>En ese sentido, el viceministro de Salud bonaerense respald\u00f3 la decisi\u00f3n del Gobierno de limitar los viajes al exterior y manifest\u00f3 que \u201chay varias medidas vigentes que no se estaban respetando\u201d. \u201cAhora vamos a hacer el aislamiento con mucha m\u00e1s fuerza\u201d, dijo en ese sentido.<\/p>\n<p>Por \u00faltimo, al ser consultado sobre Semana Santa y la posibilidad de avanzar en nuevas restricciones, el viceministro adelant\u00f3 que \u201cpor el momento no va a haber ninguna prohibici\u00f3n\u201d, aunque remarc\u00f3 la necesidad de cumplir con los protocolos.<\/p>\n<p>\u201cQueremos que la gente que salga lo haga con mucha seguridad y no se exponga\u201d, concluy\u00f3.<\/p>\n<p>Fuente: DIB<\/p>\n","protected":false},"excerpt":{"rendered":"<p>Kreplak: \u201cEs muy probable que empecemos a tomar m\u00e1s medidas de restricci\u00f3n\u201d. El viceministro de&#8230;<\/p>\n","protected":false},"author":1,"featured_media":138573,"comment_status":"closed","ping_status":"closed","sticky":false,"template":"","format":"standard","meta":{"content-type":""},"categories":[64,44],"tags":[],"nelio_content":{"isAutoShareEnabled":false,"autoShareEndMode":"default","automationSources":{"useContentSentences":true,"useSocialTemplates":true,"useCustomSentences":false,"customSentences":[]},"followers":[1],"suggestedReferences":[],"includedReferences":[],"efiUrl":"","efiAlt":"","highlights":[]},"yoast_head":"<!-- This site is optimized with the Yoast SEO plugin v20.7 - https:\/\/yoast.com\/wordpress\/plugins\/seo\/ -->\n<title>Kreplak &quot;es muy probable que empecemos a tomar m\u00e1s medidas&quot;<\/title>\n<meta name=\"description\" content=\"Kreplak: \u201cEs muy probable que empecemos a tomar m\u00e1s medidas de restricci\u00f3n&quot;, as\u00ed lo dijo el viceministro de salud bonaerense por los casos.\" \/>\n<meta name=\"robots\" content=\"index, follow, max-snippet:-1, max-image-preview:large, max-video-preview:-1\" \/>\n<link rel=\"canonical\" href=\"https:\/\/experienciadevida.com.ar\/portalurbano\/kreplak-es-muy-probable-que-empecemos-a-tomar-mas-medidas-de-restriccion\/\" \/>\n<meta property=\"og:locale\" content=\"es_ES\" \/>\n<meta property=\"og:type\" content=\"article\" \/>\n<meta property=\"og:title\" content=\"Kreplak &quot;es muy probable que empecemos a tomar m\u00e1s medidas&quot;\" \/>\n<meta property=\"og:description\" content=\"Kreplak: \u201cEs muy probable que empecemos a tomar m\u00e1s medidas de restricci\u00f3n&quot;, as\u00ed lo dijo el viceministro de salud bonaerense por los casos.\" \/>\n<meta property=\"og:url\" content=\"https:\/\/experienciadevida.com.ar\/portalurbano\/kreplak-es-muy-probable-que-empecemos-a-tomar-mas-medidas-de-restriccion\/\" \/>\n<meta property=\"article:publisher\" content=\"https:\/\/www.facebook.com\/Portal-Urbano-171542830093757\/\" \/>\n<meta property=\"article:published_time\" content=\"2021-03-27T18:27:11+00:00\" \/>\n<meta property=\"article:modified_time\" content=\"2021-03-27T18:30:54+00:00\" \/>\n<meta property=\"og:image\" content=\"https:\/\/experienciadevida.com.ar\/portalurbano\/wp-content\/uploads\/2021\/03\/Es-muy-probable-que-empecemos.jpg\" \/>\n\t<meta property=\"og:image:width\" content=\"696\" \/>\n\t<meta property=\"og:image:height\" content=\"391\" \/>\n\t<meta property=\"og:image:type\" content=\"image\/jpeg\" \/>\n<meta name=\"author\" content=\"admpu17wp\" \/>\n<meta name=\"twitter:card\" content=\"summary_large_image\" \/>\n<meta name=\"twitter:creator\" content=\"@portalurbanook\" \/>\n<meta name=\"twitter:site\" content=\"@portalurbanook\" \/>\n<meta name=\"twitter:label1\" content=\"Escrito por\" \/>\n\t<meta name=\"twitter:data1\" content=\"admpu17wp\" \/>\n\t<meta name=\"twitter:label2\" content=\"Tiempo de lectura\" \/>\n\t<meta name=\"twitter:data2\" content=\"2 minutos\" \/>\n<script type=\"application\/ld+json\" class=\"yoast-schema-graph\">{\"@context\":\"https:\/\/schema.org\",\"@graph\":[{\"@type\":\"Article\",\"@id\":\"https:\/\/experienciadevida.com.ar\/portalurbano\/kreplak-es-muy-probable-que-empecemos-a-tomar-mas-medidas-de-restriccion\/#article\",\"isPartOf\":{\"@id\":\"https:\/\/experienciadevida.com.ar\/portalurbano\/kreplak-es-muy-probable-que-empecemos-a-tomar-mas-medidas-de-restriccion\/\"},\"author\":{\"name\":\"admpu17wp\",\"@id\":\"https:\/\/experienciadevida.com.ar\/portalurbano\/#\/schema\/person\/02dd326b1c4b056e9cc972486934a3a7\"},\"headline\":\"Kreplak: \u201cEs muy probable que empecemos a tomar m\u00e1s medidas de restricci\u00f3n\u201d\",\"datePublished\":\"2021-03-27T18:27:11+00:00\",\"dateModified\":\"2021-03-27T18:30:54+00:00\",\"mainEntityOfPage\":{\"@id\":\"https:\/\/experienciadevida.com.ar\/portalurbano\/kreplak-es-muy-probable-que-empecemos-a-tomar-mas-medidas-de-restriccion\/\"},\"wordCount\":373,\"publisher\":{\"@id\":\"https:\/\/experienciadevida.com.ar\/portalurbano\/#organization\"},\"articleSection\":[\"Destacadas 2\",\"Provincia\"],\"inLanguage\":\"es\"},{\"@type\":\"WebPage\",\"@id\":\"https:\/\/experienciadevida.com.ar\/portalurbano\/kreplak-es-muy-probable-que-empecemos-a-tomar-mas-medidas-de-restriccion\/\",\"url\":\"https:\/\/experienciadevida.com.ar\/portalurbano\/kreplak-es-muy-probable-que-empecemos-a-tomar-mas-medidas-de-restriccion\/\",\"name\":\"Kreplak \\\"es muy probable que empecemos a tomar m\u00e1s medidas\\\"\",\"isPartOf\":{\"@id\":\"https:\/\/experienciadevida.com.ar\/portalurbano\/#website\"},\"datePublished\":\"2021-03-27T18:27:11+00:00\",\"dateModified\":\"2021-03-27T18:30:54+00:00\",\"description\":\"Kreplak: \u201cEs muy probable que empecemos a tomar m\u00e1s medidas de restricci\u00f3n\\\", as\u00ed lo dijo el viceministro de salud bonaerense por los casos.\",\"breadcrumb\":{\"@id\":\"https:\/\/experienciadevida.com.ar\/portalurbano\/kreplak-es-muy-probable-que-empecemos-a-tomar-mas-medidas-de-restriccion\/#breadcrumb\"},\"inLanguage\":\"es\",\"potentialAction\":[{\"@type\":\"ReadAction\",\"target\":[\"https:\/\/experienciadevida.com.ar\/portalurbano\/kreplak-es-muy-probable-que-empecemos-a-tomar-mas-medidas-de-restriccion\/\"]}]},{\"@type\":\"BreadcrumbList\",\"@id\":\"https:\/\/experienciadevida.com.ar\/portalurbano\/kreplak-es-muy-probable-que-empecemos-a-tomar-mas-medidas-de-restriccion\/#breadcrumb\",\"itemListElement\":[{\"@type\":\"ListItem\",\"position\":1,\"name\":\"Portada\",\"item\":\"https:\/\/experienciadevida.com.ar\/portalurbano\/\"},{\"@type\":\"ListItem\",\"position\":2,\"name\":\"Kreplak: \u201cEs muy probable que empecemos a tomar m\u00e1s medidas de restricci\u00f3n\u201d\"}]},{\"@type\":\"WebSite\",\"@id\":\"https:\/\/experienciadevida.com.ar\/portalurbano\/#website\",\"url\":\"https:\/\/experienciadevida.com.ar\/portalurbano\/\",\"name\":\"\",\"description\":\"\",\"publisher\":{\"@id\":\"https:\/\/experienciadevida.com.ar\/portalurbano\/#organization\"},\"potentialAction\":[{\"@type\":\"SearchAction\",\"target\":{\"@type\":\"EntryPoint\",\"urlTemplate\":\"https:\/\/experienciadevida.com.ar\/portalurbano\/?s={search_term_string}\"},\"query-input\":\"required name=search_term_string\"}],\"inLanguage\":\"es\"},{\"@type\":\"Organization\",\"@id\":\"https:\/\/experienciadevida.com.ar\/portalurbano\/#organization\",\"name\":\"Portal Urbano\",\"url\":\"https:\/\/experienciadevida.com.ar\/portalurbano\/\",\"logo\":{\"@type\":\"ImageObject\",\"inLanguage\":\"es\",\"@id\":\"https:\/\/experienciadevida.com.ar\/portalurbano\/#\/schema\/logo\/image\/\",\"url\":\"https:\/\/experienciadevida.com.ar\/portalurbano\/wp-content\/uploads\/2019\/09\/Logo-Original.png\",\"contentUrl\":\"https:\/\/experienciadevida.com.ar\/portalurbano\/wp-content\/uploads\/2019\/09\/Logo-Original.png\",\"width\":2236,\"height\":1216,\"caption\":\"Portal Urbano\"},\"image\":{\"@id\":\"https:\/\/experienciadevida.com.ar\/portalurbano\/#\/schema\/logo\/image\/\"},\"sameAs\":[\"https:\/\/www.facebook.com\/Portal-Urbano-171542830093757\/\",\"https:\/\/twitter.com\/portalurbanook\",\"https:\/\/www.instagram.com\/_portalurbano\/\",\"https:\/\/www.youtube.com\/channel\/UCXhagIfszH8KxFiOok79zbA?view_as=subscriber\"]},{\"@type\":\"Person\",\"@id\":\"https:\/\/experienciadevida.com.ar\/portalurbano\/#\/schema\/person\/02dd326b1c4b056e9cc972486934a3a7\",\"name\":\"admpu17wp\",\"image\":{\"@type\":\"ImageObject\",\"inLanguage\":\"es\",\"@id\":\"https:\/\/experienciadevida.com.ar\/portalurbano\/#\/schema\/person\/image\/\",\"url\":\"https:\/\/secure.gravatar.com\/avatar\/830d4c57adaae6630765e449a6908047?s=96&d=mm&r=g\",\"contentUrl\":\"https:\/\/secure.gravatar.com\/avatar\/830d4c57adaae6630765e449a6908047?s=96&d=mm&r=g\",\"caption\":\"admpu17wp\"}}]}<\/script>\n<!-- \/ Yoast SEO plugin. -->","yoast_head_json":{"title":"Kreplak \"es muy probable que empecemos a tomar m\u00e1s medidas\"","description":"Kreplak: \u201cEs muy probable que empecemos a tomar m\u00e1s medidas de restricci\u00f3n\", as\u00ed lo dijo el viceministro de salud bonaerense por los casos.","robots":{"index":"index","follow":"follow","max-snippet":"max-snippet:-1","max-image-preview":"max-image-preview:large","max-video-preview":"max-video-preview:-1"},"canonical":"https:\/\/experienciadevida.com.ar\/portalurbano\/kreplak-es-muy-probable-que-empecemos-a-tomar-mas-medidas-de-restriccion\/","og_locale":"es_ES","og_type":"article","og_title":"Kreplak \"es muy probable que empecemos a tomar m\u00e1s medidas\"","og_description":"Kreplak: \u201cEs muy probable que empecemos a tomar m\u00e1s medidas de restricci\u00f3n\", as\u00ed lo dijo el viceministro de salud bonaerense por los casos.","og_url":"https:\/\/experienciadevida.com.ar\/portalurbano\/kreplak-es-muy-probable-que-empecemos-a-tomar-mas-medidas-de-restriccion\/","article_publisher":"https:\/\/www.facebook.com\/Portal-Urbano-171542830093757\/","article_published_time":"2021-03-27T18:27:11+00:00","article_modified_time":"2021-03-27T18:30:54+00:00","og_image":[{"width":696,"height":391,"url":"https:\/\/experienciadevida.com.ar\/portalurbano\/wp-content\/uploads\/2021\/03\/Es-muy-probable-que-empecemos.jpg","type":"image\/jpeg"}],"author":"admpu17wp","twitter_card":"summary_large_image","twitter_creator":"@portalurbanook","twitter_site":"@portalurbanook","twitter_misc":{"Escrito por":"admpu17wp","Tiempo de lectura":"2 minutos"},"schema":{"@context":"https:\/\/schema.org","@graph":[{"@type":"Article","@id":"https:\/\/experienciadevida.com.ar\/portalurbano\/kreplak-es-muy-probable-que-empecemos-a-tomar-mas-medidas-de-restriccion\/#article","isPartOf":{"@id":"https:\/\/experienciadevida.com.ar\/portalurbano\/kreplak-es-muy-probable-que-empecemos-a-tomar-mas-medidas-de-restriccion\/"},"author":{"name":"admpu17wp","@id":"https:\/\/experienciadevida.com.ar\/portalurbano\/#\/schema\/person\/02dd326b1c4b056e9cc972486934a3a7"},"headline":"Kreplak: \u201cEs muy probable que empecemos a tomar m\u00e1s medidas de restricci\u00f3n\u201d","datePublished":"2021-03-27T18:27:11+00:00","dateModified":"2021-03-27T18:30:54+00:00","mainEntityOfPage":{"@id":"https:\/\/experienciadevida.com.ar\/portalurbano\/kreplak-es-muy-probable-que-empecemos-a-tomar-mas-medidas-de-restriccion\/"},"wordCount":373,"publisher":{"@id":"https:\/\/experienciadevida.com.ar\/portalurbano\/#organization"},"articleSection":["Destacadas 2","Provincia"],"inLanguage":"es"},{"@type":"WebPage","@id":"https:\/\/experienciadevida.com.ar\/portalurbano\/kreplak-es-muy-probable-que-empecemos-a-tomar-mas-medidas-de-restriccion\/","url":"https:\/\/experienciadevida.com.ar\/portalurbano\/kreplak-es-muy-probable-que-empecemos-a-tomar-mas-medidas-de-restriccion\/","name":"Kreplak \"es muy probable que empecemos a tomar m\u00e1s medidas\"","isPartOf":{"@id":"https:\/\/experienciadevida.com.ar\/portalurbano\/#website"},"datePublished":"2021-03-27T18:27:11+00:00","dateModified":"2021-03-27T18:30:54+00:00","description":"Kreplak: \u201cEs muy probable que empecemos a tomar m\u00e1s medidas de restricci\u00f3n\", as\u00ed lo dijo el viceministro de salud bonaerense por los casos.","breadcrumb":{"@id":"https:\/\/experienciadevida.com.ar\/portalurbano\/kreplak-es-muy-probable-que-empecemos-a-tomar-mas-medidas-de-restriccion\/#breadcrumb"},"inLanguage":"es","potentialAction":[{"@type":"ReadAction","target":["https:\/\/experienciadevida.com.ar\/portalurbano\/kreplak-es-muy-probable-que-empecemos-a-tomar-mas-medidas-de-restriccion\/"]}]},{"@type":"BreadcrumbList","@id":"https:\/\/experienciadevida.com.ar\/portalurbano\/kreplak-es-muy-probable-que-empecemos-a-tomar-mas-medidas-de-restriccion\/#breadcrumb","itemListElement":[{"@type":"ListItem","position":1,"name":"Portada","item":"https:\/\/experienciadevida.com.ar\/portalurbano\/"},{"@type":"ListItem","position":2,"name":"Kreplak: \u201cEs muy probable que empecemos a tomar m\u00e1s medidas de restricci\u00f3n\u201d"}]},{"@type":"WebSite","@id":"https:\/\/experienciadevida.com.ar\/portalurbano\/#website","url":"https:\/\/experienciadevida.com.ar\/portalurbano\/","name":"","description":"","publisher":{"@id":"https:\/\/experienciadevida.com.ar\/portalurbano\/#organization"},"potentialAction":[{"@type":"SearchAction","target":{"@type":"EntryPoint","urlTemplate":"https:\/\/experienciadevida.com.ar\/portalurbano\/?s={search_term_string}"},"query-input":"required name=search_term_string"}],"inLanguage":"es"},{"@type":"Organization","@id":"https:\/\/experienciadevida.com.ar\/portalurbano\/#organization","name":"Portal Urbano","url":"https:\/\/experienciadevida.com.ar\/portalurbano\/","logo":{"@type":"ImageObject","inLanguage":"es","@id":"https:\/\/experienciadevida.com.ar\/portalurbano\/#\/schema\/logo\/image\/","url":"https:\/\/experienciadevida.com.ar\/portalurbano\/wp-content\/uploads\/2019\/09\/Logo-Original.png","contentUrl":"https:\/\/experienciadevida.com.ar\/portalurbano\/wp-content\/uploads\/2019\/09\/Logo-Original.png","width":2236,"height":1216,"caption":"Portal Urbano"},"image":{"@id":"https:\/\/experienciadevida.com.ar\/portalurbano\/#\/schema\/logo\/image\/"},"sameAs":["https:\/\/www.facebook.com\/Portal-Urbano-171542830093757\/","https:\/\/twitter.com\/portalurbanook","https:\/\/www.instagram.com\/_portalurbano\/","https:\/\/www.youtube.com\/channel\/UCXhagIfszH8KxFiOok79zbA?view_as=subscriber"]},{"@type":"Person","@id":"https:\/\/experienciadevida.com.ar\/portalurbano\/#\/schema\/person\/02dd326b1c4b056e9cc972486934a3a7","name":"admpu17wp","image":{"@type":"ImageObject","inLanguage":"es","@id":"https:\/\/experienciadevida.com.ar\/portalurbano\/#\/schema\/person\/image\/","url":"https:\/\/secure.gravatar.com\/avatar\/830d4c57adaae6630765e449a6908047?s=96&d=mm&r=g","contentUrl":"https:\/\/secure.gravatar.com\/avatar\/830d4c57adaae6630765e449a6908047?s=96&d=mm&r=g","caption":"admpu17wp"}}]}},"featured_image_urls":{"full":["https:\/\/experienciadevida.com.ar\/portalurbano\/wp-content\/uploads\/2021\/03\/Es-muy-probable-que-empecemos.jpg",696,391,false],"thumbnail":["https:\/\/experienciadevida.com.ar\/portalurbano\/wp-content\/uploads\/2021\/03\/Es-muy-probable-que-empecemos-150x150.jpg",150,150,true],"medium":["https:\/\/experienciadevida.com.ar\/portalurbano\/wp-content\/uploads\/2021\/03\/Es-muy-probable-que-empecemos-300x169.jpg",300,169,true],"medium_large":["https:\/\/experienciadevida.com.ar\/portalurbano\/wp-content\/uploads\/2021\/03\/Es-muy-probable-que-empecemos.jpg",640,360,false],"large":["https:\/\/experienciadevida.com.ar\/portalurbano\/wp-content\/uploads\/2021\/03\/Es-muy-probable-que-empecemos.jpg",640,360,false],"ug_big":["https:\/\/experienciadevida.com.ar\/portalurbano\/wp-content\/uploads\/2021\/03\/Es-muy-probable-que-empecemos.jpg",696,391,false],"1536x1536":["https:\/\/experienciadevida.com.ar\/portalurbano\/wp-content\/uploads\/2021\/03\/Es-muy-probable-que-empecemos.jpg",696,391,false],"2048x2048":["https:\/\/experienciadevida.com.ar\/portalurbano\/wp-content\/uploads\/2021\/03\/Es-muy-probable-que-empecemos.jpg",696,391,false],"newsever-slider-full":["https:\/\/experienciadevida.com.ar\/portalurbano\/wp-content\/uploads\/2021\/03\/Es-muy-probable-que-empecemos.jpg",696,391,false],"newsever-featured":["https:\/\/experienciadevida.com.ar\/portalurbano\/wp-content\/uploads\/2021\/03\/Es-muy-probable-que-empecemos.jpg",696,391,false],"newsever-medium":["https:\/\/experienciadevida.com.ar\/portalurbano\/wp-content\/uploads\/2021\/03\/Es-muy-probable-que-empecemos.jpg",696,391,false],"web-stories-poster-portrait":["https:\/\/experienciadevida.com.ar\/portalurbano\/wp-content\/uploads\/2021\/03\/Es-muy-probable-que-empecemos.jpg",640,360,false],"web-stories-publisher-logo":["https:\/\/experienciadevida.com.ar\/portalurbano\/wp-content\/uploads\/2021\/03\/Es-muy-probable-que-empecemos.jpg",96,54,false],"web-stories-thumbnail":["https:\/\/experienciadevida.com.ar\/portalurbano\/wp-content\/uploads\/2021\/03\/Es-muy-probable-que-empecemos.jpg",150,84,false]},"author_info":{"display_name":"admpu17wp","author_link":"https:\/\/experienciadevida.com.ar\/portalurbano\/author\/admpu17wp\/"},"category_info":"<a href=\"https:\/\/experienciadevida.com.ar\/portalurbano\/category\/destacadas-2\/\" rel=\"category tag\">Destacadas 2<\/a> <a href=\"https:\/\/experienciadevida.com.ar\/portalurbano\/category\/provincia\/\" rel=\"category tag\">Provincia<\/a>","tag_info":"Provincia","comment_count":"0","amp_enabled":true,"_links":{"self":[{"href":"https:\/\/experienciadevida.com.ar\/portalurbano\/wp-json\/wp\/v2\/posts\/138572"}],"collection":[{"href":"https:\/\/experienciadevida.com.ar\/portalurbano\/wp-json\/wp\/v2\/posts"}],"about":[{"href":"https:\/\/experienciadevida.com.ar\/portalurbano\/wp-json\/wp\/v2\/types\/post"}],"author":[{"embeddable":true,"href":"https:\/\/experienciadevida.com.ar\/portalurbano\/wp-json\/wp\/v2\/users\/1"}],"replies":[{"embeddable":true,"href":"https:\/\/experienciadevida.com.ar\/portalurbano\/wp-json\/wp\/v2\/comments?post=138572"}],"version-history":[{"count":3,"href":"https:\/\/experienciadevida.com.ar\/portalurbano\/wp-json\/wp\/v2\/posts\/138572\/revisions"}],"predecessor-version":[{"id":138576,"href":"https:\/\/experienciadevida.com.ar\/portalurbano\/wp-json\/wp\/v2\/posts\/138572\/revisions\/138576"}],"wp:featuredmedia":[{"embeddable":true,"href":"https:\/\/experienciadevida.com.ar\/portalurbano\/wp-json\/wp\/v2\/media\/138573"}],"wp:attachment":[{"href":"https:\/\/experienciadevida.com.ar\/portalurbano\/wp-json\/wp\/v2\/media?parent=138572"}],"wp:term":[{"taxonomy":"category","embeddable":true,"href":"https:\/\/experienciadevida.com.ar\/portalurbano\/wp-json\/wp\/v2\/categories?post=138572"},{"taxonomy":"post_tag","embeddable":true,"href":"https:\/\/experienciadevida.com.ar\/portalurbano\/wp-json\/wp\/v2\/tags?post=138572"}],"curies":[{"name":"wp","href":"https:\/\/api.w.org\/{rel}","templated":true}]}}