{"id":138528,"date":"2021-03-26T16:54:54","date_gmt":"2021-03-26T19:54:54","guid":{"rendered":"https:\/\/experienciadevida.com.ar\/portalurbano\/?p=138528"},"modified":"2021-03-26T16:56:56","modified_gmt":"2021-03-26T19:56:56","slug":"el-foro-olavarria-llama-a-extremar-los-cuidados-y-cumplir-las-medidas-sanitarias","status":"publish","type":"post","link":"https:\/\/experienciadevida.com.ar\/portalurbano\/el-foro-olavarria-llama-a-extremar-los-cuidados-y-cumplir-las-medidas-sanitarias\/","title":{"rendered":"El Foro Olavarr\u00eda llama a extremar los cuidados y cumplir las medidas sanitarias"},"content":{"rendered":"<p>El Foro Olavarr\u00eda llama a extremar los cuidados y cumplir las medidas sanitarias. Ante el aumento de contagios de Covid-19, el espacio conducido por el Concejal Eduardo Rodr\u00edguez y la Concejala <a href=\"https:\/\/www.facebook.com\/ines.creimer\">In\u00e9s Creimer<\/a> llama a respetar las medidas sanitarias dispuestas por las autoridades.<\/p>\n<p>Debido al importante aumento de contagios por Covid-19 que se dio a conocer en los \u00faltimos d\u00edas, el Foro Olavarr\u00eda llama al respeto de cuidados y al cumplimiento de medidas sanitarias.<\/p>\n<p>Desde el espacio conducido por el Concejal Eduardo Rodr\u00edguez y la Concejal In\u00e9s Creimer manifestaron que &#8220;hacemos un llamado a la responsabilidad y a cuidarnos entre todos&#8221; y sostuvieron que &#8220;para poder seguir desarrollando las actividades laborales, comerciales, productivas y educativas es indispensable extremar las medidas de higiene y cuidado frente al coronavirus&#8221;.<\/p>\n<p>Los principales cuidados a tener en cuenta son:<\/p>\n<p>&#8211; Respetar el distanciamiento social.<br \/>\n&#8211; Buen uso del barbijo.<br \/>\n&#8211; Lavado de manos con agua y jab\u00f3n. De no ser posible, utilizar alcohol en gel.<br \/>\n&#8211; Respetar todas las medidas dispuestas por las autoridades sanitarias.<\/p>\n<p>Por \u00faltimo, el Foro Olavarr\u00eda agradece y reconoce a todos los trabajadores y trabajadoras esenciales, en especial a las y los de nuestro querido y respetado Hospital Municipal &#8220;Dr. H\u00e9ctor Cura&#8221;.<\/p>\n","protected":false},"excerpt":{"rendered":"<p>El Foro Olavarr\u00eda llama a extremar los cuidados y cumplir las medidas sanitarias. Ante el&#8230;<\/p>\n","protected":false},"author":1,"featured_media":138529,"comment_status":"closed","ping_status":"closed","sticky":false,"template":"","format":"standard","meta":{"content-type":""},"categories":[27,64],"tags":[],"nelio_content":{"isAutoShareEnabled":false,"autoShareEndMode":"default","automationSources":{"useContentSentences":true,"useSocialTemplates":true,"useCustomSentences":false,"customSentences":[]},"followers":[1],"suggestedReferences":[],"includedReferences":[],"efiUrl":"","efiAlt":"","highlights":[]},"yoast_head":"<!-- This site is optimized with the Yoast SEO plugin v20.7 - https:\/\/yoast.com\/wordpress\/plugins\/seo\/ -->\n<title>El Foro Olavarr\u00eda llama a extremar los cuidados y cumplir las medidas<\/title>\n<meta name=\"description\" content=\"El Foro Olavarr\u00eda llama a extremar los cuidados y cumplir las medidas sanitarias, ante el aumento de contagios por coronavirus en la ciudad\" \/>\n<meta name=\"robots\" content=\"index, follow, max-snippet:-1, max-image-preview:large, max-video-preview:-1\" \/>\n<link rel=\"canonical\" href=\"https:\/\/experienciadevida.com.ar\/portalurbano\/el-foro-olavarria-llama-a-extremar-los-cuidados-y-cumplir-las-medidas-sanitarias\/\" \/>\n<meta property=\"og:locale\" content=\"es_ES\" \/>\n<meta property=\"og:type\" content=\"article\" \/>\n<meta property=\"og:title\" content=\"El Foro Olavarr\u00eda llama a extremar los cuidados y cumplir las medidas\" \/>\n<meta property=\"og:description\" content=\"El Foro Olavarr\u00eda llama a extremar los cuidados y cumplir las medidas sanitarias, ante el aumento de contagios por coronavirus en la ciudad\" \/>\n<meta property=\"og:url\" content=\"https:\/\/experienciadevida.com.ar\/portalurbano\/el-foro-olavarria-llama-a-extremar-los-cuidados-y-cumplir-las-medidas-sanitarias\/\" \/>\n<meta property=\"article:publisher\" content=\"https:\/\/www.facebook.com\/Portal-Urbano-171542830093757\/\" \/>\n<meta property=\"article:published_time\" content=\"2021-03-26T19:54:54+00:00\" \/>\n<meta property=\"article:modified_time\" content=\"2021-03-26T19:56:56+00:00\" \/>\n<meta property=\"og:image\" content=\"https:\/\/experienciadevida.com.ar\/portalurbano\/wp-content\/uploads\/2021\/03\/El-Foro-Olavarria-llama.jpeg\" \/>\n\t<meta property=\"og:image:width\" content=\"1080\" \/>\n\t<meta property=\"og:image:height\" content=\"642\" \/>\n\t<meta property=\"og:image:type\" content=\"image\/jpeg\" \/>\n<meta name=\"author\" content=\"admpu17wp\" \/>\n<meta name=\"twitter:card\" content=\"summary_large_image\" \/>\n<meta name=\"twitter:creator\" content=\"@portalurbanook\" \/>\n<meta name=\"twitter:site\" content=\"@portalurbanook\" \/>\n<meta name=\"twitter:label1\" content=\"Escrito por\" \/>\n\t<meta name=\"twitter:data1\" content=\"admpu17wp\" \/>\n\t<meta name=\"twitter:label2\" content=\"Tiempo de lectura\" \/>\n\t<meta name=\"twitter:data2\" content=\"1 minuto\" \/>\n<script type=\"application\/ld+json\" class=\"yoast-schema-graph\">{\"@context\":\"https:\/\/schema.org\",\"@graph\":[{\"@type\":\"Article\",\"@id\":\"https:\/\/experienciadevida.com.ar\/portalurbano\/el-foro-olavarria-llama-a-extremar-los-cuidados-y-cumplir-las-medidas-sanitarias\/#article\",\"isPartOf\":{\"@id\":\"https:\/\/experienciadevida.com.ar\/portalurbano\/el-foro-olavarria-llama-a-extremar-los-cuidados-y-cumplir-las-medidas-sanitarias\/\"},\"author\":{\"name\":\"admpu17wp\",\"@id\":\"https:\/\/experienciadevida.com.ar\/portalurbano\/#\/schema\/person\/02dd326b1c4b056e9cc972486934a3a7\"},\"headline\":\"El Foro Olavarr\u00eda llama a extremar los cuidados y cumplir las medidas sanitarias\",\"datePublished\":\"2021-03-26T19:54:54+00:00\",\"dateModified\":\"2021-03-26T19:56:56+00:00\",\"mainEntityOfPage\":{\"@id\":\"https:\/\/experienciadevida.com.ar\/portalurbano\/el-foro-olavarria-llama-a-extremar-los-cuidados-y-cumplir-las-medidas-sanitarias\/\"},\"wordCount\":226,\"publisher\":{\"@id\":\"https:\/\/experienciadevida.com.ar\/portalurbano\/#organization\"},\"articleSection\":[\"Ciudad\",\"Destacadas 2\"],\"inLanguage\":\"es\"},{\"@type\":\"WebPage\",\"@id\":\"https:\/\/experienciadevida.com.ar\/portalurbano\/el-foro-olavarria-llama-a-extremar-los-cuidados-y-cumplir-las-medidas-sanitarias\/\",\"url\":\"https:\/\/experienciadevida.com.ar\/portalurbano\/el-foro-olavarria-llama-a-extremar-los-cuidados-y-cumplir-las-medidas-sanitarias\/\",\"name\":\"El Foro Olavarr\u00eda llama a extremar los cuidados y cumplir las medidas\",\"isPartOf\":{\"@id\":\"https:\/\/experienciadevida.com.ar\/portalurbano\/#website\"},\"datePublished\":\"2021-03-26T19:54:54+00:00\",\"dateModified\":\"2021-03-26T19:56:56+00:00\",\"description\":\"El Foro Olavarr\u00eda llama a extremar los cuidados y cumplir las medidas sanitarias, ante el aumento de contagios por coronavirus en la ciudad\",\"breadcrumb\":{\"@id\":\"https:\/\/experienciadevida.com.ar\/portalurbano\/el-foro-olavarria-llama-a-extremar-los-cuidados-y-cumplir-las-medidas-sanitarias\/#breadcrumb\"},\"inLanguage\":\"es\",\"potentialAction\":[{\"@type\":\"ReadAction\",\"target\":[\"https:\/\/experienciadevida.com.ar\/portalurbano\/el-foro-olavarria-llama-a-extremar-los-cuidados-y-cumplir-las-medidas-sanitarias\/\"]}]},{\"@type\":\"BreadcrumbList\",\"@id\":\"https:\/\/experienciadevida.com.ar\/portalurbano\/el-foro-olavarria-llama-a-extremar-los-cuidados-y-cumplir-las-medidas-sanitarias\/#breadcrumb\",\"itemListElement\":[{\"@type\":\"ListItem\",\"position\":1,\"name\":\"Portada\",\"item\":\"https:\/\/experienciadevida.com.ar\/portalurbano\/\"},{\"@type\":\"ListItem\",\"position\":2,\"name\":\"El Foro Olavarr\u00eda llama a extremar los cuidados y cumplir las medidas sanitarias\"}]},{\"@type\":\"WebSite\",\"@id\":\"https:\/\/experienciadevida.com.ar\/portalurbano\/#website\",\"url\":\"https:\/\/experienciadevida.com.ar\/portalurbano\/\",\"name\":\"\",\"description\":\"\",\"publisher\":{\"@id\":\"https:\/\/experienciadevida.com.ar\/portalurbano\/#organization\"},\"potentialAction\":[{\"@type\":\"SearchAction\",\"target\":{\"@type\":\"EntryPoint\",\"urlTemplate\":\"https:\/\/experienciadevida.com.ar\/portalurbano\/?s={search_term_string}\"},\"query-input\":\"required name=search_term_string\"}],\"inLanguage\":\"es\"},{\"@type\":\"Organization\",\"@id\":\"https:\/\/experienciadevida.com.ar\/portalurbano\/#organization\",\"name\":\"Portal Urbano\",\"url\":\"https:\/\/experienciadevida.com.ar\/portalurbano\/\",\"logo\":{\"@type\":\"ImageObject\",\"inLanguage\":\"es\",\"@id\":\"https:\/\/experienciadevida.com.ar\/portalurbano\/#\/schema\/logo\/image\/\",\"url\":\"https:\/\/experienciadevida.com.ar\/portalurbano\/wp-content\/uploads\/2019\/09\/Logo-Original.png\",\"contentUrl\":\"https:\/\/experienciadevida.com.ar\/portalurbano\/wp-content\/uploads\/2019\/09\/Logo-Original.png\",\"width\":2236,\"height\":1216,\"caption\":\"Portal Urbano\"},\"image\":{\"@id\":\"https:\/\/experienciadevida.com.ar\/portalurbano\/#\/schema\/logo\/image\/\"},\"sameAs\":[\"https:\/\/www.facebook.com\/Portal-Urbano-171542830093757\/\",\"https:\/\/twitter.com\/portalurbanook\",\"https:\/\/www.instagram.com\/_portalurbano\/\",\"https:\/\/www.youtube.com\/channel\/UCXhagIfszH8KxFiOok79zbA?view_as=subscriber\"]},{\"@type\":\"Person\",\"@id\":\"https:\/\/experienciadevida.com.ar\/portalurbano\/#\/schema\/person\/02dd326b1c4b056e9cc972486934a3a7\",\"name\":\"admpu17wp\",\"image\":{\"@type\":\"ImageObject\",\"inLanguage\":\"es\",\"@id\":\"https:\/\/experienciadevida.com.ar\/portalurbano\/#\/schema\/person\/image\/\",\"url\":\"https:\/\/secure.gravatar.com\/avatar\/830d4c57adaae6630765e449a6908047?s=96&d=mm&r=g\",\"contentUrl\":\"https:\/\/secure.gravatar.com\/avatar\/830d4c57adaae6630765e449a6908047?s=96&d=mm&r=g\",\"caption\":\"admpu17wp\"}}]}<\/script>\n<!-- \/ Yoast SEO plugin. -->","yoast_head_json":{"title":"El Foro Olavarr\u00eda llama a extremar los cuidados y cumplir las medidas","description":"El Foro Olavarr\u00eda llama a extremar los cuidados y cumplir las medidas sanitarias, ante el aumento de contagios por coronavirus en la ciudad","robots":{"index":"index","follow":"follow","max-snippet":"max-snippet:-1","max-image-preview":"max-image-preview:large","max-video-preview":"max-video-preview:-1"},"canonical":"https:\/\/experienciadevida.com.ar\/portalurbano\/el-foro-olavarria-llama-a-extremar-los-cuidados-y-cumplir-las-medidas-sanitarias\/","og_locale":"es_ES","og_type":"article","og_title":"El Foro Olavarr\u00eda llama a extremar los cuidados y cumplir las medidas","og_description":"El Foro Olavarr\u00eda llama a extremar los cuidados y cumplir las medidas sanitarias, ante el aumento de contagios por coronavirus en la ciudad","og_url":"https:\/\/experienciadevida.com.ar\/portalurbano\/el-foro-olavarria-llama-a-extremar-los-cuidados-y-cumplir-las-medidas-sanitarias\/","article_publisher":"https:\/\/www.facebook.com\/Portal-Urbano-171542830093757\/","article_published_time":"2021-03-26T19:54:54+00:00","article_modified_time":"2021-03-26T19:56:56+00:00","og_image":[{"width":1080,"height":642,"url":"https:\/\/experienciadevida.com.ar\/portalurbano\/wp-content\/uploads\/2021\/03\/El-Foro-Olavarria-llama.jpeg","type":"image\/jpeg"}],"author":"admpu17wp","twitter_card":"summary_large_image","twitter_creator":"@portalurbanook","twitter_site":"@portalurbanook","twitter_misc":{"Escrito por":"admpu17wp","Tiempo de lectura":"1 minuto"},"schema":{"@context":"https:\/\/schema.org","@graph":[{"@type":"Article","@id":"https:\/\/experienciadevida.com.ar\/portalurbano\/el-foro-olavarria-llama-a-extremar-los-cuidados-y-cumplir-las-medidas-sanitarias\/#article","isPartOf":{"@id":"https:\/\/experienciadevida.com.ar\/portalurbano\/el-foro-olavarria-llama-a-extremar-los-cuidados-y-cumplir-las-medidas-sanitarias\/"},"author":{"name":"admpu17wp","@id":"https:\/\/experienciadevida.com.ar\/portalurbano\/#\/schema\/person\/02dd326b1c4b056e9cc972486934a3a7"},"headline":"El Foro Olavarr\u00eda llama a extremar los cuidados y cumplir las medidas sanitarias","datePublished":"2021-03-26T19:54:54+00:00","dateModified":"2021-03-26T19:56:56+00:00","mainEntityOfPage":{"@id":"https:\/\/experienciadevida.com.ar\/portalurbano\/el-foro-olavarria-llama-a-extremar-los-cuidados-y-cumplir-las-medidas-sanitarias\/"},"wordCount":226,"publisher":{"@id":"https:\/\/experienciadevida.com.ar\/portalurbano\/#organization"},"articleSection":["Ciudad","Destacadas 2"],"inLanguage":"es"},{"@type":"WebPage","@id":"https:\/\/experienciadevida.com.ar\/portalurbano\/el-foro-olavarria-llama-a-extremar-los-cuidados-y-cumplir-las-medidas-sanitarias\/","url":"https:\/\/experienciadevida.com.ar\/portalurbano\/el-foro-olavarria-llama-a-extremar-los-cuidados-y-cumplir-las-medidas-sanitarias\/","name":"El Foro Olavarr\u00eda llama a extremar los cuidados y cumplir las medidas","isPartOf":{"@id":"https:\/\/experienciadevida.com.ar\/portalurbano\/#website"},"datePublished":"2021-03-26T19:54:54+00:00","dateModified":"2021-03-26T19:56:56+00:00","description":"El Foro Olavarr\u00eda llama a extremar los cuidados y cumplir las medidas sanitarias, ante el aumento de contagios por coronavirus en la ciudad","breadcrumb":{"@id":"https:\/\/experienciadevida.com.ar\/portalurbano\/el-foro-olavarria-llama-a-extremar-los-cuidados-y-cumplir-las-medidas-sanitarias\/#breadcrumb"},"inLanguage":"es","potentialAction":[{"@type":"ReadAction","target":["https:\/\/experienciadevida.com.ar\/portalurbano\/el-foro-olavarria-llama-a-extremar-los-cuidados-y-cumplir-las-medidas-sanitarias\/"]}]},{"@type":"BreadcrumbList","@id":"https:\/\/experienciadevida.com.ar\/portalurbano\/el-foro-olavarria-llama-a-extremar-los-cuidados-y-cumplir-las-medidas-sanitarias\/#breadcrumb","itemListElement":[{"@type":"ListItem","position":1,"name":"Portada","item":"https:\/\/experienciadevida.com.ar\/portalurbano\/"},{"@type":"ListItem","position":2,"name":"El Foro Olavarr\u00eda llama a extremar los cuidados y cumplir las medidas sanitarias"}]},{"@type":"WebSite","@id":"https:\/\/experienciadevida.com.ar\/portalurbano\/#website","url":"https:\/\/experienciadevida.com.ar\/portalurbano\/","name":"","description":"","publisher":{"@id":"https:\/\/experienciadevida.com.ar\/portalurbano\/#organization"},"potentialAction":[{"@type":"SearchAction","target":{"@type":"EntryPoint","urlTemplate":"https:\/\/experienciadevida.com.ar\/portalurbano\/?s={search_term_string}"},"query-input":"required name=search_term_string"}],"inLanguage":"es"},{"@type":"Organization","@id":"https:\/\/experienciadevida.com.ar\/portalurbano\/#organization","name":"Portal Urbano","url":"https:\/\/experienciadevida.com.ar\/portalurbano\/","logo":{"@type":"ImageObject","inLanguage":"es","@id":"https:\/\/experienciadevida.com.ar\/portalurbano\/#\/schema\/logo\/image\/","url":"https:\/\/experienciadevida.com.ar\/portalurbano\/wp-content\/uploads\/2019\/09\/Logo-Original.png","contentUrl":"https:\/\/experienciadevida.com.ar\/portalurbano\/wp-content\/uploads\/2019\/09\/Logo-Original.png","width":2236,"height":1216,"caption":"Portal Urbano"},"image":{"@id":"https:\/\/experienciadevida.com.ar\/portalurbano\/#\/schema\/logo\/image\/"},"sameAs":["https:\/\/www.facebook.com\/Portal-Urbano-171542830093757\/","https:\/\/twitter.com\/portalurbanook","https:\/\/www.instagram.com\/_portalurbano\/","https:\/\/www.youtube.com\/channel\/UCXhagIfszH8KxFiOok79zbA?view_as=subscriber"]},{"@type":"Person","@id":"https:\/\/experienciadevida.com.ar\/portalurbano\/#\/schema\/person\/02dd326b1c4b056e9cc972486934a3a7","name":"admpu17wp","image":{"@type":"ImageObject","inLanguage":"es","@id":"https:\/\/experienciadevida.com.ar\/portalurbano\/#\/schema\/person\/image\/","url":"https:\/\/secure.gravatar.com\/avatar\/830d4c57adaae6630765e449a6908047?s=96&d=mm&r=g","contentUrl":"https:\/\/secure.gravatar.com\/avatar\/830d4c57adaae6630765e449a6908047?s=96&d=mm&r=g","caption":"admpu17wp"}}]}},"featured_image_urls":{"full":["https:\/\/experienciadevida.com.ar\/portalurbano\/wp-content\/uploads\/2021\/03\/El-Foro-Olavarria-llama.jpeg",1080,642,false],"thumbnail":["https:\/\/experienciadevida.com.ar\/portalurbano\/wp-content\/uploads\/2021\/03\/El-Foro-Olavarria-llama-150x150.jpeg",150,150,true],"medium":["https:\/\/experienciadevida.com.ar\/portalurbano\/wp-content\/uploads\/2021\/03\/El-Foro-Olavarria-llama-300x178.jpeg",300,178,true],"medium_large":["https:\/\/experienciadevida.com.ar\/portalurbano\/wp-content\/uploads\/2021\/03\/El-Foro-Olavarria-llama-768x457.jpeg",640,381,true],"large":["https:\/\/experienciadevida.com.ar\/portalurbano\/wp-content\/uploads\/2021\/03\/El-Foro-Olavarria-llama-1024x609.jpeg",640,381,true],"ug_big":["https:\/\/experienciadevida.com.ar\/portalurbano\/wp-content\/uploads\/2021\/03\/El-Foro-Olavarria-llama-768x457.jpeg",768,457,true],"1536x1536":["https:\/\/experienciadevida.com.ar\/portalurbano\/wp-content\/uploads\/2021\/03\/El-Foro-Olavarria-llama.jpeg",1080,642,false],"2048x2048":["https:\/\/experienciadevida.com.ar\/portalurbano\/wp-content\/uploads\/2021\/03\/El-Foro-Olavarria-llama.jpeg",1080,642,false],"newsever-slider-full":["https:\/\/experienciadevida.com.ar\/portalurbano\/wp-content\/uploads\/2021\/03\/El-Foro-Olavarria-llama.jpeg",1080,642,false],"newsever-featured":["https:\/\/experienciadevida.com.ar\/portalurbano\/wp-content\/uploads\/2021\/03\/El-Foro-Olavarria-llama.jpeg",1024,609,false],"newsever-medium":["https:\/\/experienciadevida.com.ar\/portalurbano\/wp-content\/uploads\/2021\/03\/El-Foro-Olavarria-llama.jpeg",720,428,false],"web-stories-poster-portrait":["https:\/\/experienciadevida.com.ar\/portalurbano\/wp-content\/uploads\/2021\/03\/El-Foro-Olavarria-llama.jpeg",640,380,false],"web-stories-publisher-logo":["https:\/\/experienciadevida.com.ar\/portalurbano\/wp-content\/uploads\/2021\/03\/El-Foro-Olavarria-llama.jpeg",96,57,false],"web-stories-thumbnail":["https:\/\/experienciadevida.com.ar\/portalurbano\/wp-content\/uploads\/2021\/03\/El-Foro-Olavarria-llama.jpeg",150,89,false]},"author_info":{"display_name":"admpu17wp","author_link":"https:\/\/experienciadevida.com.ar\/portalurbano\/author\/admpu17wp\/"},"category_info":"<a href=\"https:\/\/experienciadevida.com.ar\/portalurbano\/category\/ciudad\/\" rel=\"category tag\">Ciudad<\/a> <a href=\"https:\/\/experienciadevida.com.ar\/portalurbano\/category\/destacadas-2\/\" rel=\"category tag\">Destacadas 2<\/a>","tag_info":"Destacadas 2","comment_count":"0","amp_enabled":true,"_links":{"self":[{"href":"https:\/\/experienciadevida.com.ar\/portalurbano\/wp-json\/wp\/v2\/posts\/138528"}],"collection":[{"href":"https:\/\/experienciadevida.com.ar\/portalurbano\/wp-json\/wp\/v2\/posts"}],"about":[{"href":"https:\/\/experienciadevida.com.ar\/portalurbano\/wp-json\/wp\/v2\/types\/post"}],"author":[{"embeddable":true,"href":"https:\/\/experienciadevida.com.ar\/portalurbano\/wp-json\/wp\/v2\/users\/1"}],"replies":[{"embeddable":true,"href":"https:\/\/experienciadevida.com.ar\/portalurbano\/wp-json\/wp\/v2\/comments?post=138528"}],"version-history":[{"count":3,"href":"https:\/\/experienciadevida.com.ar\/portalurbano\/wp-json\/wp\/v2\/posts\/138528\/revisions"}],"predecessor-version":[{"id":138532,"href":"https:\/\/experienciadevida.com.ar\/portalurbano\/wp-json\/wp\/v2\/posts\/138528\/revisions\/138532"}],"wp:featuredmedia":[{"embeddable":true,"href":"https:\/\/experienciadevida.com.ar\/portalurbano\/wp-json\/wp\/v2\/media\/138529"}],"wp:attachment":[{"href":"https:\/\/experienciadevida.com.ar\/portalurbano\/wp-json\/wp\/v2\/media?parent=138528"}],"wp:term":[{"taxonomy":"category","embeddable":true,"href":"https:\/\/experienciadevida.com.ar\/portalurbano\/wp-json\/wp\/v2\/categories?post=138528"},{"taxonomy":"post_tag","embeddable":true,"href":"https:\/\/experienciadevida.com.ar\/portalurbano\/wp-json\/wp\/v2\/tags?post=138528"}],"curies":[{"name":"wp","href":"https:\/\/api.w.org\/{rel}","templated":true}]}}