{"id":138511,"date":"2021-03-26T14:22:52","date_gmt":"2021-03-26T17:22:52","guid":{"rendered":"https:\/\/experienciadevida.com.ar\/portalurbano\/?p=138511"},"modified":"2021-03-26T14:37:39","modified_gmt":"2021-03-26T17:37:39","slug":"galli-en-intratables-con-las-restricciones-buscamos-aplanar-la-curva","status":"publish","type":"post","link":"https:\/\/experienciadevida.com.ar\/portalurbano\/galli-en-intratables-con-las-restricciones-buscamos-aplanar-la-curva\/","title":{"rendered":"Galli en intratables: &#8220;Con las restricciones buscamos aplanar la curva&#8221;"},"content":{"rendered":"<p>Galli en intratables: &#8220;Con las restricciones buscamos aplanar la curva&#8221;. El<a href=\"https:\/\/www.facebook.com\/galliezequiel\"> Jefe comunal<\/a> de nuestra ciudad Ezequiel Galli, estuvo en el programa televisivo de am\u00e9rica luego de la conferencia realizada esta semana donde impuso nuevas restricciones ante la suba de casos de coronavirus en Olavarr\u00eda.<\/p>\n<p>Ante la pregunta del periodista Pablo Villouta Galli mencion\u00f3 &#8220;<em>el comit\u00e9 de crisis me aconsej\u00f3 de acuerdo al monitoreo de casos que hacemos diariamente y de la situaci\u00f3n hospitalaria, tomar alguna medida restrictiva para no tener que llegar a lo que nadie quiere&#8221;.<\/em><\/p>\n<p><em><strong><\/p>\n<div class=\"penci-pullqoute align-none\">\n<blockquote><p>&#8220;No necesitamos en este momento en el pa\u00eds, que es un confinamiento estricto como tuvimos el a\u00f1o pasado&#8221;.<\/p><\/blockquote>\n<\/div>\n<p><\/strong><\/em><\/p>\n<p>Galli en intratables <em>&#8220;de esta manera estamos intentando restringir el horario de la noche,\u00a0 y tambi\u00e9n suspendiendo visitas a geri\u00e1tricos, y la \u00faltima medida que tomamos es restringir las reuniones sociales de 20 a 10 personas e intentar lograr aplanar la curva que evidentemente est\u00e1 yendo hacia un pico nuevamente como tuvimos en octubre&#8221;.<\/em><\/p>\n<p>Luego dijo &#8220;<em>me parece interesante remarcar algo que es a lo que a nosotros nos tiene algo preocupados con respecto a la ocupaci\u00f3n de camas,\u00a0 nosotros el a\u00f1o pasado tuvimos un oto\u00f1o-invierno con muy baja ocupaci\u00f3n de camas porque la gente estaba encerrada en su casa. No ten\u00edamos enfermedades respiratorias, los chicos no iban ni al jard\u00edn ni a la escuela,\u00a0 por lo tanto tampoco ten\u00edamos bronquiolitis de cada invierno\u00a0 y ten\u00edamos pr\u00e1cticamente nulos los accidentes de tr\u00e1nsito porque no hab\u00eda circulaci\u00f3n en la calle&#8221;<\/em><\/p>\n<p><em>&#8220;Todo eso ocupa las terapias intensivas\u00a0 y las camas de cl\u00ednica del hospital, por lo cual este a\u00f1o teniendo la circulaci\u00f3n que estamos teniendo con una nueva normalidad con la gente fuera de su casa con los chicos en las aulas (nosotros el menor porcentaje de contagiados en el rango etario de 0 a 15 a\u00f1os pr\u00e1cticamente no tenemos chicos lo cual creo que la vuelta a las aulas y la semi presencialidad\u00a0 que est\u00e1 teniendo la provincia de buenos aires con los chicos una semana s\u00ed una semana no no fue una complicaci\u00f3n), nos preocupa la ocupaci\u00f3n de camas&#8221;.<\/em><\/p>\n<p>Galli en intratables <em>&#8220;las restricciones fueron conversadas con el comit\u00e9 de crisis local y el \u00e1rea de salud, nosotros tenemos un marco que establece la provincia que es lo m\u00ednimo que tenemos que establecer pero s\u00ed podemos ir m\u00e1s all\u00e1 en las restricciones no podemos por ah\u00ed liberar m\u00e1s de lo que establece la provincia de buenos aires que es lo que nos enmarca. En este caso es una situaci\u00f3n muy particular, es muy distinta la situaci\u00f3n de los municipios, los sistemas de salud son distintos, el contacto diario de cada uno de los municipios con los lugares donde hay mayor circulaci\u00f3n viral tambi\u00e9n es diferente por lo que nosotros venimos monitoreando y tambi\u00e9n tenemos el testeo de nuestro laboratorio municipal que inauguramos en mayo del a\u00f1o pasado y estamos viendo que hay mayor cantidad de sintom\u00e1ticos, las colas de los hisopados a la ma\u00f1ana en el Hospital est\u00e1n siendo cada vez mas importantes por lo cual es una luz de alerta que se encendi\u00f3\u00a0 y decidimos tomar decisiones&#8221;.<\/em><\/p>\n<p>Por otro lado coment\u00f3 &#8220;<em>los protocolos se cumplen muy estrictamente en cada una de las industrias, Olavarr\u00eda produce el 50% del cemento de la Argentina tenemos un contacto con muchas ciudades con el conurbano, con la ciudad de Buenos Aires, y hay un intercambio econ\u00f3mico importante, tambi\u00e9n tenemos ganader\u00eda\u00a0 y hay intercambio con otros centros urbanos del pa\u00eds. Los protocolos se cumplen y por eso estamos siempre trabajando en tratar de que\u00a0 donde haya un caso sintom\u00e1tico que vengan a hisoparse al hospital y poder aislar a esa empresa\u00a0 o burbuja&#8221;.<\/em><\/p>\n<p>Por \u00faltimo Galli en intratables dijo <em>&#8220;no son decisiones f\u00e1ciles de tomar nosotros siempre estuvimos tratando de encontrar el equilibrio entre lo sanitario\u00a0 y lo econ\u00f3mico, tratamos de que las actividades vuelvan a funcionar si es necesario daremos pasos para atr\u00e1s, y las repercusiones fueron buenas no hubo muchas cr\u00edticas a la medida y siempre remarcar lo mismo en caso de ser necesario ser m\u00e1s restrictivo esperemos que no depende de todos nosotros que nos cuidemos de que podamos cumplir con las reglas b\u00e1sicas, de lavarse las manos, el distanciamiento social, el uso del tapabocas y que ese relajamiento que est\u00e1bamos viendo en la calle se revierta para que todos podamos seguir trabajando y el pa\u00eds pueda seguir adelante&#8221;<\/em><\/p>\n","protected":false},"excerpt":{"rendered":"<p>Galli en intratables: &#8220;Con las restricciones buscamos aplanar la curva&#8221;. El Jefe comunal de nuestra&#8230;<\/p>\n","protected":false},"author":1,"featured_media":138512,"comment_status":"closed","ping_status":"closed","sticky":false,"template":"","format":"standard","meta":{"content-type":""},"categories":[27,64],"tags":[],"nelio_content":{"isAutoShareEnabled":false,"autoShareEndMode":"default","automationSources":{"useContentSentences":true,"useSocialTemplates":true,"useCustomSentences":false,"customSentences":[]},"followers":[1],"suggestedReferences":[],"includedReferences":[],"efiUrl":"","efiAlt":"","highlights":[]},"yoast_head":"<!-- This site is optimized with the Yoast SEO plugin v20.7 - https:\/\/yoast.com\/wordpress\/plugins\/seo\/ -->\n<title>Galli en intratables: &quot;Con las restricciones buscamos aplanar la curva&quot;<\/title>\n<meta name=\"description\" content=\"Galli en intratables: &quot;Con las restricciones buscamos aplanar la curva&quot;, estuvo en el programa televisivo de am\u00e9rica luego de la conferencia.\" \/>\n<meta name=\"robots\" content=\"index, follow, max-snippet:-1, max-image-preview:large, max-video-preview:-1\" \/>\n<link rel=\"canonical\" href=\"https:\/\/experienciadevida.com.ar\/portalurbano\/galli-en-intratables-con-las-restricciones-buscamos-aplanar-la-curva\/\" \/>\n<meta property=\"og:locale\" content=\"es_ES\" \/>\n<meta property=\"og:type\" content=\"article\" \/>\n<meta property=\"og:title\" content=\"Galli en intratables: &quot;Con las restricciones buscamos aplanar la curva&quot;\" \/>\n<meta property=\"og:description\" content=\"Galli en intratables: &quot;Con las restricciones buscamos aplanar la curva&quot;, estuvo en el programa televisivo de am\u00e9rica luego de la conferencia.\" \/>\n<meta property=\"og:url\" content=\"https:\/\/experienciadevida.com.ar\/portalurbano\/galli-en-intratables-con-las-restricciones-buscamos-aplanar-la-curva\/\" \/>\n<meta property=\"article:publisher\" content=\"https:\/\/www.facebook.com\/Portal-Urbano-171542830093757\/\" \/>\n<meta property=\"article:published_time\" content=\"2021-03-26T17:22:52+00:00\" \/>\n<meta property=\"article:modified_time\" content=\"2021-03-26T17:37:39+00:00\" \/>\n<meta property=\"og:image\" content=\"https:\/\/experienciadevida.com.ar\/portalurbano\/wp-content\/uploads\/2021\/03\/GALLI.png\" \/>\n\t<meta property=\"og:image:width\" content=\"787\" \/>\n\t<meta property=\"og:image:height\" content=\"435\" \/>\n\t<meta property=\"og:image:type\" content=\"image\/png\" \/>\n<meta name=\"author\" content=\"admpu17wp\" \/>\n<meta name=\"twitter:card\" content=\"summary_large_image\" \/>\n<meta name=\"twitter:creator\" content=\"@portalurbanook\" \/>\n<meta name=\"twitter:site\" content=\"@portalurbanook\" \/>\n<meta name=\"twitter:label1\" content=\"Escrito por\" \/>\n\t<meta name=\"twitter:data1\" content=\"admpu17wp\" \/>\n\t<meta name=\"twitter:label2\" content=\"Tiempo de lectura\" \/>\n\t<meta name=\"twitter:data2\" content=\"4 minutos\" \/>\n<script type=\"application\/ld+json\" class=\"yoast-schema-graph\">{\"@context\":\"https:\/\/schema.org\",\"@graph\":[{\"@type\":\"Article\",\"@id\":\"https:\/\/experienciadevida.com.ar\/portalurbano\/galli-en-intratables-con-las-restricciones-buscamos-aplanar-la-curva\/#article\",\"isPartOf\":{\"@id\":\"https:\/\/experienciadevida.com.ar\/portalurbano\/galli-en-intratables-con-las-restricciones-buscamos-aplanar-la-curva\/\"},\"author\":{\"name\":\"admpu17wp\",\"@id\":\"https:\/\/experienciadevida.com.ar\/portalurbano\/#\/schema\/person\/02dd326b1c4b056e9cc972486934a3a7\"},\"headline\":\"Galli en intratables: &#8220;Con las restricciones buscamos aplanar la curva&#8221;\",\"datePublished\":\"2021-03-26T17:22:52+00:00\",\"dateModified\":\"2021-03-26T17:37:39+00:00\",\"mainEntityOfPage\":{\"@id\":\"https:\/\/experienciadevida.com.ar\/portalurbano\/galli-en-intratables-con-las-restricciones-buscamos-aplanar-la-curva\/\"},\"wordCount\":784,\"publisher\":{\"@id\":\"https:\/\/experienciadevida.com.ar\/portalurbano\/#organization\"},\"articleSection\":[\"Ciudad\",\"Destacadas 2\"],\"inLanguage\":\"es\"},{\"@type\":\"WebPage\",\"@id\":\"https:\/\/experienciadevida.com.ar\/portalurbano\/galli-en-intratables-con-las-restricciones-buscamos-aplanar-la-curva\/\",\"url\":\"https:\/\/experienciadevida.com.ar\/portalurbano\/galli-en-intratables-con-las-restricciones-buscamos-aplanar-la-curva\/\",\"name\":\"Galli en intratables: \\\"Con las restricciones buscamos aplanar la curva\\\"\",\"isPartOf\":{\"@id\":\"https:\/\/experienciadevida.com.ar\/portalurbano\/#website\"},\"datePublished\":\"2021-03-26T17:22:52+00:00\",\"dateModified\":\"2021-03-26T17:37:39+00:00\",\"description\":\"Galli en intratables: \\\"Con las restricciones buscamos aplanar la curva\\\", estuvo en el programa televisivo de am\u00e9rica luego de la conferencia.\",\"breadcrumb\":{\"@id\":\"https:\/\/experienciadevida.com.ar\/portalurbano\/galli-en-intratables-con-las-restricciones-buscamos-aplanar-la-curva\/#breadcrumb\"},\"inLanguage\":\"es\",\"potentialAction\":[{\"@type\":\"ReadAction\",\"target\":[\"https:\/\/experienciadevida.com.ar\/portalurbano\/galli-en-intratables-con-las-restricciones-buscamos-aplanar-la-curva\/\"]}]},{\"@type\":\"BreadcrumbList\",\"@id\":\"https:\/\/experienciadevida.com.ar\/portalurbano\/galli-en-intratables-con-las-restricciones-buscamos-aplanar-la-curva\/#breadcrumb\",\"itemListElement\":[{\"@type\":\"ListItem\",\"position\":1,\"name\":\"Portada\",\"item\":\"https:\/\/experienciadevida.com.ar\/portalurbano\/\"},{\"@type\":\"ListItem\",\"position\":2,\"name\":\"Galli en intratables: \u00abCon las restricciones buscamos aplanar la curva\u00bb\"}]},{\"@type\":\"WebSite\",\"@id\":\"https:\/\/experienciadevida.com.ar\/portalurbano\/#website\",\"url\":\"https:\/\/experienciadevida.com.ar\/portalurbano\/\",\"name\":\"\",\"description\":\"\",\"publisher\":{\"@id\":\"https:\/\/experienciadevida.com.ar\/portalurbano\/#organization\"},\"potentialAction\":[{\"@type\":\"SearchAction\",\"target\":{\"@type\":\"EntryPoint\",\"urlTemplate\":\"https:\/\/experienciadevida.com.ar\/portalurbano\/?s={search_term_string}\"},\"query-input\":\"required name=search_term_string\"}],\"inLanguage\":\"es\"},{\"@type\":\"Organization\",\"@id\":\"https:\/\/experienciadevida.com.ar\/portalurbano\/#organization\",\"name\":\"Portal Urbano\",\"url\":\"https:\/\/experienciadevida.com.ar\/portalurbano\/\",\"logo\":{\"@type\":\"ImageObject\",\"inLanguage\":\"es\",\"@id\":\"https:\/\/experienciadevida.com.ar\/portalurbano\/#\/schema\/logo\/image\/\",\"url\":\"https:\/\/experienciadevida.com.ar\/portalurbano\/wp-content\/uploads\/2019\/09\/Logo-Original.png\",\"contentUrl\":\"https:\/\/experienciadevida.com.ar\/portalurbano\/wp-content\/uploads\/2019\/09\/Logo-Original.png\",\"width\":2236,\"height\":1216,\"caption\":\"Portal Urbano\"},\"image\":{\"@id\":\"https:\/\/experienciadevida.com.ar\/portalurbano\/#\/schema\/logo\/image\/\"},\"sameAs\":[\"https:\/\/www.facebook.com\/Portal-Urbano-171542830093757\/\",\"https:\/\/twitter.com\/portalurbanook\",\"https:\/\/www.instagram.com\/_portalurbano\/\",\"https:\/\/www.youtube.com\/channel\/UCXhagIfszH8KxFiOok79zbA?view_as=subscriber\"]},{\"@type\":\"Person\",\"@id\":\"https:\/\/experienciadevida.com.ar\/portalurbano\/#\/schema\/person\/02dd326b1c4b056e9cc972486934a3a7\",\"name\":\"admpu17wp\",\"image\":{\"@type\":\"ImageObject\",\"inLanguage\":\"es\",\"@id\":\"https:\/\/experienciadevida.com.ar\/portalurbano\/#\/schema\/person\/image\/\",\"url\":\"https:\/\/secure.gravatar.com\/avatar\/830d4c57adaae6630765e449a6908047?s=96&d=mm&r=g\",\"contentUrl\":\"https:\/\/secure.gravatar.com\/avatar\/830d4c57adaae6630765e449a6908047?s=96&d=mm&r=g\",\"caption\":\"admpu17wp\"}}]}<\/script>\n<!-- \/ Yoast SEO plugin. -->","yoast_head_json":{"title":"Galli en intratables: \"Con las restricciones buscamos aplanar la curva\"","description":"Galli en intratables: \"Con las restricciones buscamos aplanar la curva\", estuvo en el programa televisivo de am\u00e9rica luego de la conferencia.","robots":{"index":"index","follow":"follow","max-snippet":"max-snippet:-1","max-image-preview":"max-image-preview:large","max-video-preview":"max-video-preview:-1"},"canonical":"https:\/\/experienciadevida.com.ar\/portalurbano\/galli-en-intratables-con-las-restricciones-buscamos-aplanar-la-curva\/","og_locale":"es_ES","og_type":"article","og_title":"Galli en intratables: \"Con las restricciones buscamos aplanar la curva\"","og_description":"Galli en intratables: \"Con las restricciones buscamos aplanar la curva\", estuvo en el programa televisivo de am\u00e9rica luego de la conferencia.","og_url":"https:\/\/experienciadevida.com.ar\/portalurbano\/galli-en-intratables-con-las-restricciones-buscamos-aplanar-la-curva\/","article_publisher":"https:\/\/www.facebook.com\/Portal-Urbano-171542830093757\/","article_published_time":"2021-03-26T17:22:52+00:00","article_modified_time":"2021-03-26T17:37:39+00:00","og_image":[{"width":787,"height":435,"url":"https:\/\/experienciadevida.com.ar\/portalurbano\/wp-content\/uploads\/2021\/03\/GALLI.png","type":"image\/png"}],"author":"admpu17wp","twitter_card":"summary_large_image","twitter_creator":"@portalurbanook","twitter_site":"@portalurbanook","twitter_misc":{"Escrito por":"admpu17wp","Tiempo de lectura":"4 minutos"},"schema":{"@context":"https:\/\/schema.org","@graph":[{"@type":"Article","@id":"https:\/\/experienciadevida.com.ar\/portalurbano\/galli-en-intratables-con-las-restricciones-buscamos-aplanar-la-curva\/#article","isPartOf":{"@id":"https:\/\/experienciadevida.com.ar\/portalurbano\/galli-en-intratables-con-las-restricciones-buscamos-aplanar-la-curva\/"},"author":{"name":"admpu17wp","@id":"https:\/\/experienciadevida.com.ar\/portalurbano\/#\/schema\/person\/02dd326b1c4b056e9cc972486934a3a7"},"headline":"Galli en intratables: &#8220;Con las restricciones buscamos aplanar la curva&#8221;","datePublished":"2021-03-26T17:22:52+00:00","dateModified":"2021-03-26T17:37:39+00:00","mainEntityOfPage":{"@id":"https:\/\/experienciadevida.com.ar\/portalurbano\/galli-en-intratables-con-las-restricciones-buscamos-aplanar-la-curva\/"},"wordCount":784,"publisher":{"@id":"https:\/\/experienciadevida.com.ar\/portalurbano\/#organization"},"articleSection":["Ciudad","Destacadas 2"],"inLanguage":"es"},{"@type":"WebPage","@id":"https:\/\/experienciadevida.com.ar\/portalurbano\/galli-en-intratables-con-las-restricciones-buscamos-aplanar-la-curva\/","url":"https:\/\/experienciadevida.com.ar\/portalurbano\/galli-en-intratables-con-las-restricciones-buscamos-aplanar-la-curva\/","name":"Galli en intratables: \"Con las restricciones buscamos aplanar la curva\"","isPartOf":{"@id":"https:\/\/experienciadevida.com.ar\/portalurbano\/#website"},"datePublished":"2021-03-26T17:22:52+00:00","dateModified":"2021-03-26T17:37:39+00:00","description":"Galli en intratables: \"Con las restricciones buscamos aplanar la curva\", estuvo en el programa televisivo de am\u00e9rica luego de la conferencia.","breadcrumb":{"@id":"https:\/\/experienciadevida.com.ar\/portalurbano\/galli-en-intratables-con-las-restricciones-buscamos-aplanar-la-curva\/#breadcrumb"},"inLanguage":"es","potentialAction":[{"@type":"ReadAction","target":["https:\/\/experienciadevida.com.ar\/portalurbano\/galli-en-intratables-con-las-restricciones-buscamos-aplanar-la-curva\/"]}]},{"@type":"BreadcrumbList","@id":"https:\/\/experienciadevida.com.ar\/portalurbano\/galli-en-intratables-con-las-restricciones-buscamos-aplanar-la-curva\/#breadcrumb","itemListElement":[{"@type":"ListItem","position":1,"name":"Portada","item":"https:\/\/experienciadevida.com.ar\/portalurbano\/"},{"@type":"ListItem","position":2,"name":"Galli en intratables: \u00abCon las restricciones buscamos aplanar la curva\u00bb"}]},{"@type":"WebSite","@id":"https:\/\/experienciadevida.com.ar\/portalurbano\/#website","url":"https:\/\/experienciadevida.com.ar\/portalurbano\/","name":"","description":"","publisher":{"@id":"https:\/\/experienciadevida.com.ar\/portalurbano\/#organization"},"potentialAction":[{"@type":"SearchAction","target":{"@type":"EntryPoint","urlTemplate":"https:\/\/experienciadevida.com.ar\/portalurbano\/?s={search_term_string}"},"query-input":"required name=search_term_string"}],"inLanguage":"es"},{"@type":"Organization","@id":"https:\/\/experienciadevida.com.ar\/portalurbano\/#organization","name":"Portal Urbano","url":"https:\/\/experienciadevida.com.ar\/portalurbano\/","logo":{"@type":"ImageObject","inLanguage":"es","@id":"https:\/\/experienciadevida.com.ar\/portalurbano\/#\/schema\/logo\/image\/","url":"https:\/\/experienciadevida.com.ar\/portalurbano\/wp-content\/uploads\/2019\/09\/Logo-Original.png","contentUrl":"https:\/\/experienciadevida.com.ar\/portalurbano\/wp-content\/uploads\/2019\/09\/Logo-Original.png","width":2236,"height":1216,"caption":"Portal Urbano"},"image":{"@id":"https:\/\/experienciadevida.com.ar\/portalurbano\/#\/schema\/logo\/image\/"},"sameAs":["https:\/\/www.facebook.com\/Portal-Urbano-171542830093757\/","https:\/\/twitter.com\/portalurbanook","https:\/\/www.instagram.com\/_portalurbano\/","https:\/\/www.youtube.com\/channel\/UCXhagIfszH8KxFiOok79zbA?view_as=subscriber"]},{"@type":"Person","@id":"https:\/\/experienciadevida.com.ar\/portalurbano\/#\/schema\/person\/02dd326b1c4b056e9cc972486934a3a7","name":"admpu17wp","image":{"@type":"ImageObject","inLanguage":"es","@id":"https:\/\/experienciadevida.com.ar\/portalurbano\/#\/schema\/person\/image\/","url":"https:\/\/secure.gravatar.com\/avatar\/830d4c57adaae6630765e449a6908047?s=96&d=mm&r=g","contentUrl":"https:\/\/secure.gravatar.com\/avatar\/830d4c57adaae6630765e449a6908047?s=96&d=mm&r=g","caption":"admpu17wp"}}]}},"featured_image_urls":{"full":["https:\/\/experienciadevida.com.ar\/portalurbano\/wp-content\/uploads\/2021\/03\/GALLI.png",787,435,false],"thumbnail":["https:\/\/experienciadevida.com.ar\/portalurbano\/wp-content\/uploads\/2021\/03\/GALLI-150x150.png",150,150,true],"medium":["https:\/\/experienciadevida.com.ar\/portalurbano\/wp-content\/uploads\/2021\/03\/GALLI-300x166.png",300,166,true],"medium_large":["https:\/\/experienciadevida.com.ar\/portalurbano\/wp-content\/uploads\/2021\/03\/GALLI-768x424.png",640,353,true],"large":["https:\/\/experienciadevida.com.ar\/portalurbano\/wp-content\/uploads\/2021\/03\/GALLI.png",640,354,false],"ug_big":["https:\/\/experienciadevida.com.ar\/portalurbano\/wp-content\/uploads\/2021\/03\/GALLI-768x424.png",768,424,true],"1536x1536":["https:\/\/experienciadevida.com.ar\/portalurbano\/wp-content\/uploads\/2021\/03\/GALLI.png",787,435,false],"2048x2048":["https:\/\/experienciadevida.com.ar\/portalurbano\/wp-content\/uploads\/2021\/03\/GALLI.png",787,435,false],"newsever-slider-full":["https:\/\/experienciadevida.com.ar\/portalurbano\/wp-content\/uploads\/2021\/03\/GALLI.png",787,435,false],"newsever-featured":["https:\/\/experienciadevida.com.ar\/portalurbano\/wp-content\/uploads\/2021\/03\/GALLI.png",787,435,false],"newsever-medium":["https:\/\/experienciadevida.com.ar\/portalurbano\/wp-content\/uploads\/2021\/03\/GALLI.png",720,398,false],"web-stories-poster-portrait":["https:\/\/experienciadevida.com.ar\/portalurbano\/wp-content\/uploads\/2021\/03\/GALLI.png",640,354,false],"web-stories-publisher-logo":["https:\/\/experienciadevida.com.ar\/portalurbano\/wp-content\/uploads\/2021\/03\/GALLI.png",96,53,false],"web-stories-thumbnail":["https:\/\/experienciadevida.com.ar\/portalurbano\/wp-content\/uploads\/2021\/03\/GALLI.png",150,83,false]},"author_info":{"display_name":"admpu17wp","author_link":"https:\/\/experienciadevida.com.ar\/portalurbano\/author\/admpu17wp\/"},"category_info":"<a href=\"https:\/\/experienciadevida.com.ar\/portalurbano\/category\/ciudad\/\" rel=\"category tag\">Ciudad<\/a> <a href=\"https:\/\/experienciadevida.com.ar\/portalurbano\/category\/destacadas-2\/\" rel=\"category tag\">Destacadas 2<\/a>","tag_info":"Destacadas 2","comment_count":"0","amp_enabled":true,"_links":{"self":[{"href":"https:\/\/experienciadevida.com.ar\/portalurbano\/wp-json\/wp\/v2\/posts\/138511"}],"collection":[{"href":"https:\/\/experienciadevida.com.ar\/portalurbano\/wp-json\/wp\/v2\/posts"}],"about":[{"href":"https:\/\/experienciadevida.com.ar\/portalurbano\/wp-json\/wp\/v2\/types\/post"}],"author":[{"embeddable":true,"href":"https:\/\/experienciadevida.com.ar\/portalurbano\/wp-json\/wp\/v2\/users\/1"}],"replies":[{"embeddable":true,"href":"https:\/\/experienciadevida.com.ar\/portalurbano\/wp-json\/wp\/v2\/comments?post=138511"}],"version-history":[{"count":6,"href":"https:\/\/experienciadevida.com.ar\/portalurbano\/wp-json\/wp\/v2\/posts\/138511\/revisions"}],"predecessor-version":[{"id":138518,"href":"https:\/\/experienciadevida.com.ar\/portalurbano\/wp-json\/wp\/v2\/posts\/138511\/revisions\/138518"}],"wp:featuredmedia":[{"embeddable":true,"href":"https:\/\/experienciadevida.com.ar\/portalurbano\/wp-json\/wp\/v2\/media\/138512"}],"wp:attachment":[{"href":"https:\/\/experienciadevida.com.ar\/portalurbano\/wp-json\/wp\/v2\/media?parent=138511"}],"wp:term":[{"taxonomy":"category","embeddable":true,"href":"https:\/\/experienciadevida.com.ar\/portalurbano\/wp-json\/wp\/v2\/categories?post=138511"},{"taxonomy":"post_tag","embeddable":true,"href":"https:\/\/experienciadevida.com.ar\/portalurbano\/wp-json\/wp\/v2\/tags?post=138511"}],"curies":[{"name":"wp","href":"https:\/\/api.w.org\/{rel}","templated":true}]}}