{"id":138483,"date":"2021-03-26T12:33:51","date_gmt":"2021-03-26T15:33:51","guid":{"rendered":"https:\/\/experienciadevida.com.ar\/portalurbano\/?p=138483"},"modified":"2021-03-26T12:46:23","modified_gmt":"2021-03-26T15:46:23","slug":"se-firmo-un-acta-acuerdo-para-el-tratamiento-responsable-de-noticias","status":"publish","type":"post","link":"https:\/\/experienciadevida.com.ar\/portalurbano\/se-firmo-un-acta-acuerdo-para-el-tratamiento-responsable-de-noticias\/","title":{"rendered":"Se firm\u00f3 un acta acuerdo para el tratamiento responsable de noticias"},"content":{"rendered":"<p>Se firm\u00f3 un acta acuerdo para el tratamiento responsable de noticias.<\/p>\n<p>En la ma\u00f1ana de este viernes se llev\u00f3 a cabo la firma del acta acuerdo entre el Municipio y referentes de medios de comunicaci\u00f3n locales, con el compromiso de realizar un tratamiento responsable de noticias respecto de situaciones de violencia por razones de g\u00e9nero, especialmente vinculadas con mujeres, y\/o contra ni\u00f1as, ni\u00f1os y adolescentes, y\/o personas de la comunidad LGTTTBIQ+.<\/p>\n<p>El acto que tuvo lugar en el Centro Cultural Municipal \u201cSan Jos\u00e9\u201d fue encabezado por el intendente Ezequiel Galli, la directora de Pol\u00edticas de G\u00e9nero Florencia Ju\u00e1rez, Mar\u00eda Eugenia Iturralde, integrante del Frente Ni Una Menos y en representaci\u00f3n de la Mesa Local contra la Violencia Familiar y de G\u00e9nero, el Juez de Familia Santiago Arrondo y el ayudante fiscal Jos\u00e9 Iturralde.<\/p>\n<p>Tambi\u00e9n se encontraban presentes el secretario de Desarrollo Humano y Calidad de Vida Diego Robbiani, funcionarios judiciales, representantes de medios de comunicaci\u00f3n local, periodistas e integrantes de la Mesa contra la Violencia Familiar y de G\u00e9nero.<\/p>\n<p><em>\u201cDesde la Direcci\u00f3n de Prensa del Municipio, a partir de la realizaci\u00f3n de las capacitaciones de la Ley Micaela, una empieza a deconstruirse y sensibilizarse en un mont\u00f3n de cuestiones. A partir de all\u00ed surgi\u00f3 la necesidad de desarrollar una estrategia para un adecuado tratamiento informativo de hechos vinculados a situaciones de violencia por razones de g\u00e9nero, y tambi\u00e9n para no vulnerar derechos de ni\u00f1as, ni\u00f1os y adolescentes en los medios de comunicaci\u00f3n.\u201d,<\/em>\u00a0expres\u00f3 Daiana Coppero, directora de Prensa de la Municipalidad.<\/p>\n<p>Seguidamente la directora de Pol\u00edticas de G\u00e9nero Florencia Ju\u00e1rez habl\u00f3 sobre el trabajo realizado junto a las diferentes instituciones y organizaciones para llegar a este compromiso.<\/p>\n<p>Por su parte, Eugenia Iturralde, en representaci\u00f3n del Frente Ni Una Menos y la Mesa Local brind\u00f3 mayores precisiones acerca del Acta Acuerdo. Luego desde el Juzgado de Familia y Ayudant\u00eda Fiscal se refirieron al marco normativo en cuanto a la confidencialidad de los datos y la protecci\u00f3n de la v\u00edctima, al momento del tratamiento de noticias.<\/p>\n<p>Finalmente el intendente Ezequiel Galli manifest\u00f3:\u00a0<em>\u201ccelebro el trabajo mancomunado entre el Municipio, la Mesa Local y el Poder Judicial, como as\u00ed el compromiso de los medios de comunicaci\u00f3n, que ya se encuentran trabajando responsablemente respecto a los contenidos sobre situaciones de violencia de g\u00e9nero\u201d.<\/em><\/p>\n<p>Finalmente, se invit\u00f3 a representantes de los medios de comunicaci\u00f3n a firmar el acta. Adhieren a la firma del acta acuerdo: El Popular SA., LU32 Radio Olavarr\u00eda, Infoeme, Agencia Comunica, Radio Universidad, Facso Producciones, FM 99.9, FM Integraci\u00f3n 90.7, Radio Sapiens FM 102.7, Radio M 103.9, En L\u00ednea Noticias, Verte TV, Central de Noticias, Olavarr\u00eda Noticias, Planeta Cultural, Miradas del Centro, Portal Urbano y Primera Info.<\/p>\n<p><strong>\u00a0<\/strong><strong>Antecedentes<\/strong><\/p>\n<p>Este acta acuerdo fue consensuada y planificada desde la Mesa Local contra la Violencia Familiar y de G\u00e9nero. La firma se enmarca dentro de las actividades del 8M propuestas por la Direcci\u00f3n de Pol\u00edticas de G\u00e9nero, que tuvo en primer lugar la realizaci\u00f3n de un video institucional en el que se visibilizaron recursos estatales del circuito integral del abordaje de la violencia por motivos de g\u00e9nero.<\/p>\n<p>Luego se lanz\u00f3 una nueva edici\u00f3n de la Ley Micaela (destinada al personal de las Secretar\u00edas de Gobierno y de Desarrollo Econ\u00f3mico del Municipio) y este lanzamiento cont\u00f3 con el apoyo de N\u00e9stor \u00a8Yuyo\u00a8 Garc\u00eda, el pap\u00e1 de Micaela, quien brind\u00f3 una charla.<\/p>\n<p>Adem\u00e1s, se est\u00e1 trabajando en un proyecto de reglamentaci\u00f3n que estipula que las personas que de ahora en m\u00e1s ingresen en la repartici\u00f3n municipal deber\u00e1n tomar la capacitaci\u00f3n de la ley Micaela como requisito obligatorio para trabajar en el Municipio.<\/p>\n<p>Por otra parte, d\u00edas atr\u00e1s se desarroll\u00f3 el conversatorio presencial de masculinidades \u201cV\u00ednculos y Responsabilidad Afectiva.<\/p>\n<p><a href=\"https:\/\/experienciadevida.com.ar\/portalurbano\/se-firmo-un-acta-acuerdo-para-el-tratamiento-responsable-de-noticias\/se-firmo-un-acta\/\" rel=\"attachment wp-att-138486\"><img decoding=\"async\" class=\"alignnone size-full wp-image-138486\" src=\"https:\/\/experienciadevida.com.ar\/portalurbano\/wp-content\/uploads\/2021\/03\/se-firmo-un-acta.jpg\" alt=\"se firmo un acta \" width=\"2560\" height=\"1711\" srcset=\"https:\/\/experienciadevida.com.ar\/portalurbano\/wp-content\/uploads\/2021\/03\/se-firmo-un-acta.jpg 2560w, https:\/\/experienciadevida.com.ar\/portalurbano\/wp-content\/uploads\/2021\/03\/se-firmo-un-acta-300x201.jpg 300w, https:\/\/experienciadevida.com.ar\/portalurbano\/wp-content\/uploads\/2021\/03\/se-firmo-un-acta-1024x684.jpg 1024w, https:\/\/experienciadevida.com.ar\/portalurbano\/wp-content\/uploads\/2021\/03\/se-firmo-un-acta-768x513.jpg 768w, https:\/\/experienciadevida.com.ar\/portalurbano\/wp-content\/uploads\/2021\/03\/se-firmo-un-acta-1536x1027.jpg 1536w, https:\/\/experienciadevida.com.ar\/portalurbano\/wp-content\/uploads\/2021\/03\/se-firmo-un-acta-2048x1369.jpg 2048w\" sizes=\"(max-width: 2560px) 100vw, 2560px\" \/><\/a><\/p>\n<p><a href=\"https:\/\/experienciadevida.com.ar\/portalurbano\/se-firmo-un-acta-acuerdo-para-el-tratamiento-responsable-de-noticias\/acta\/\" rel=\"attachment wp-att-138488\"><img decoding=\"async\" class=\"alignnone size-full wp-image-138488\" src=\"https:\/\/experienciadevida.com.ar\/portalurbano\/wp-content\/uploads\/2021\/03\/acta.jpg\" alt=\"acta \" width=\"2560\" height=\"1711\" srcset=\"https:\/\/experienciadevida.com.ar\/portalurbano\/wp-content\/uploads\/2021\/03\/acta.jpg 2560w, https:\/\/experienciadevida.com.ar\/portalurbano\/wp-content\/uploads\/2021\/03\/acta-300x201.jpg 300w, https:\/\/experienciadevida.com.ar\/portalurbano\/wp-content\/uploads\/2021\/03\/acta-1024x684.jpg 1024w, https:\/\/experienciadevida.com.ar\/portalurbano\/wp-content\/uploads\/2021\/03\/acta-768x513.jpg 768w, https:\/\/experienciadevida.com.ar\/portalurbano\/wp-content\/uploads\/2021\/03\/acta-1536x1027.jpg 1536w, https:\/\/experienciadevida.com.ar\/portalurbano\/wp-content\/uploads\/2021\/03\/acta-2048x1369.jpg 2048w\" sizes=\"(max-width: 2560px) 100vw, 2560px\" \/><\/a><\/p>\n","protected":false},"excerpt":{"rendered":"<p>Se firm\u00f3 un acta acuerdo para el tratamiento responsable de noticias. En la ma\u00f1ana de&#8230;<\/p>\n","protected":false},"author":1,"featured_media":138484,"comment_status":"closed","ping_status":"closed","sticky":false,"template":"","format":"standard","meta":{"content-type":""},"categories":[27,64],"tags":[],"nelio_content":{"isAutoShareEnabled":false,"autoShareEndMode":"default","automationSources":{"useContentSentences":true,"useSocialTemplates":true,"useCustomSentences":false,"customSentences":[]},"followers":[1],"suggestedReferences":[],"includedReferences":[],"efiUrl":"","efiAlt":"","highlights":[]},"yoast_head":"<!-- This site is optimized with the Yoast SEO plugin v20.7 - https:\/\/yoast.com\/wordpress\/plugins\/seo\/ -->\n<title>Se firm\u00f3 un acta acuerdo para el tratamiento responsable de noticias<\/title>\n<meta name=\"description\" content=\"Se firm\u00f3 un acta acuerdo para el tratamiento responsable de noticias, entre el Municipio y referentes de medios de comunicaci\u00f3n locales\" \/>\n<meta name=\"robots\" content=\"index, follow, max-snippet:-1, max-image-preview:large, max-video-preview:-1\" \/>\n<link rel=\"canonical\" href=\"https:\/\/experienciadevida.com.ar\/portalurbano\/se-firmo-un-acta-acuerdo-para-el-tratamiento-responsable-de-noticias\/\" \/>\n<meta property=\"og:locale\" content=\"es_ES\" \/>\n<meta property=\"og:type\" content=\"article\" \/>\n<meta property=\"og:title\" content=\"Se firm\u00f3 un acta acuerdo para el tratamiento responsable de noticias\" \/>\n<meta property=\"og:description\" content=\"Se firm\u00f3 un acta acuerdo para el tratamiento responsable de noticias, entre el Municipio y referentes de medios de comunicaci\u00f3n locales\" \/>\n<meta property=\"og:url\" content=\"https:\/\/experienciadevida.com.ar\/portalurbano\/se-firmo-un-acta-acuerdo-para-el-tratamiento-responsable-de-noticias\/\" \/>\n<meta property=\"article:publisher\" content=\"https:\/\/www.facebook.com\/Portal-Urbano-171542830093757\/\" \/>\n<meta property=\"article:published_time\" content=\"2021-03-26T15:33:51+00:00\" \/>\n<meta property=\"article:modified_time\" content=\"2021-03-26T15:46:23+00:00\" \/>\n<meta property=\"og:image\" content=\"https:\/\/experienciadevida.com.ar\/portalurbano\/wp-content\/uploads\/2021\/03\/Se-firmo-un-acta-acuerdo.jpg\" \/>\n\t<meta property=\"og:image:width\" content=\"2560\" \/>\n\t<meta property=\"og:image:height\" content=\"1711\" \/>\n\t<meta property=\"og:image:type\" content=\"image\/jpeg\" \/>\n<meta name=\"author\" content=\"admpu17wp\" \/>\n<meta name=\"twitter:card\" content=\"summary_large_image\" \/>\n<meta name=\"twitter:creator\" content=\"@portalurbanook\" \/>\n<meta name=\"twitter:site\" content=\"@portalurbanook\" \/>\n<meta name=\"twitter:label1\" content=\"Escrito por\" \/>\n\t<meta name=\"twitter:data1\" content=\"admpu17wp\" \/>\n\t<meta name=\"twitter:label2\" content=\"Tiempo de lectura\" \/>\n\t<meta name=\"twitter:data2\" content=\"4 minutos\" \/>\n<script type=\"application\/ld+json\" class=\"yoast-schema-graph\">{\"@context\":\"https:\/\/schema.org\",\"@graph\":[{\"@type\":\"Article\",\"@id\":\"https:\/\/experienciadevida.com.ar\/portalurbano\/se-firmo-un-acta-acuerdo-para-el-tratamiento-responsable-de-noticias\/#article\",\"isPartOf\":{\"@id\":\"https:\/\/experienciadevida.com.ar\/portalurbano\/se-firmo-un-acta-acuerdo-para-el-tratamiento-responsable-de-noticias\/\"},\"author\":{\"name\":\"admpu17wp\",\"@id\":\"https:\/\/experienciadevida.com.ar\/portalurbano\/#\/schema\/person\/02dd326b1c4b056e9cc972486934a3a7\"},\"headline\":\"Se firm\u00f3 un acta acuerdo para el tratamiento responsable de noticias\",\"datePublished\":\"2021-03-26T15:33:51+00:00\",\"dateModified\":\"2021-03-26T15:46:23+00:00\",\"mainEntityOfPage\":{\"@id\":\"https:\/\/experienciadevida.com.ar\/portalurbano\/se-firmo-un-acta-acuerdo-para-el-tratamiento-responsable-de-noticias\/\"},\"wordCount\":676,\"publisher\":{\"@id\":\"https:\/\/experienciadevida.com.ar\/portalurbano\/#organization\"},\"articleSection\":[\"Ciudad\",\"Destacadas 2\"],\"inLanguage\":\"es\"},{\"@type\":\"WebPage\",\"@id\":\"https:\/\/experienciadevida.com.ar\/portalurbano\/se-firmo-un-acta-acuerdo-para-el-tratamiento-responsable-de-noticias\/\",\"url\":\"https:\/\/experienciadevida.com.ar\/portalurbano\/se-firmo-un-acta-acuerdo-para-el-tratamiento-responsable-de-noticias\/\",\"name\":\"Se firm\u00f3 un acta acuerdo para el tratamiento responsable de noticias\",\"isPartOf\":{\"@id\":\"https:\/\/experienciadevida.com.ar\/portalurbano\/#website\"},\"datePublished\":\"2021-03-26T15:33:51+00:00\",\"dateModified\":\"2021-03-26T15:46:23+00:00\",\"description\":\"Se firm\u00f3 un acta acuerdo para el tratamiento responsable de noticias, entre el Municipio y referentes de medios de comunicaci\u00f3n locales\",\"breadcrumb\":{\"@id\":\"https:\/\/experienciadevida.com.ar\/portalurbano\/se-firmo-un-acta-acuerdo-para-el-tratamiento-responsable-de-noticias\/#breadcrumb\"},\"inLanguage\":\"es\",\"potentialAction\":[{\"@type\":\"ReadAction\",\"target\":[\"https:\/\/experienciadevida.com.ar\/portalurbano\/se-firmo-un-acta-acuerdo-para-el-tratamiento-responsable-de-noticias\/\"]}]},{\"@type\":\"BreadcrumbList\",\"@id\":\"https:\/\/experienciadevida.com.ar\/portalurbano\/se-firmo-un-acta-acuerdo-para-el-tratamiento-responsable-de-noticias\/#breadcrumb\",\"itemListElement\":[{\"@type\":\"ListItem\",\"position\":1,\"name\":\"Portada\",\"item\":\"https:\/\/experienciadevida.com.ar\/portalurbano\/\"},{\"@type\":\"ListItem\",\"position\":2,\"name\":\"Se firm\u00f3 un acta acuerdo para el tratamiento responsable de noticias\"}]},{\"@type\":\"WebSite\",\"@id\":\"https:\/\/experienciadevida.com.ar\/portalurbano\/#website\",\"url\":\"https:\/\/experienciadevida.com.ar\/portalurbano\/\",\"name\":\"\",\"description\":\"\",\"publisher\":{\"@id\":\"https:\/\/experienciadevida.com.ar\/portalurbano\/#organization\"},\"potentialAction\":[{\"@type\":\"SearchAction\",\"target\":{\"@type\":\"EntryPoint\",\"urlTemplate\":\"https:\/\/experienciadevida.com.ar\/portalurbano\/?s={search_term_string}\"},\"query-input\":\"required name=search_term_string\"}],\"inLanguage\":\"es\"},{\"@type\":\"Organization\",\"@id\":\"https:\/\/experienciadevida.com.ar\/portalurbano\/#organization\",\"name\":\"Portal Urbano\",\"url\":\"https:\/\/experienciadevida.com.ar\/portalurbano\/\",\"logo\":{\"@type\":\"ImageObject\",\"inLanguage\":\"es\",\"@id\":\"https:\/\/experienciadevida.com.ar\/portalurbano\/#\/schema\/logo\/image\/\",\"url\":\"https:\/\/experienciadevida.com.ar\/portalurbano\/wp-content\/uploads\/2019\/09\/Logo-Original.png\",\"contentUrl\":\"https:\/\/experienciadevida.com.ar\/portalurbano\/wp-content\/uploads\/2019\/09\/Logo-Original.png\",\"width\":2236,\"height\":1216,\"caption\":\"Portal Urbano\"},\"image\":{\"@id\":\"https:\/\/experienciadevida.com.ar\/portalurbano\/#\/schema\/logo\/image\/\"},\"sameAs\":[\"https:\/\/www.facebook.com\/Portal-Urbano-171542830093757\/\",\"https:\/\/twitter.com\/portalurbanook\",\"https:\/\/www.instagram.com\/_portalurbano\/\",\"https:\/\/www.youtube.com\/channel\/UCXhagIfszH8KxFiOok79zbA?view_as=subscriber\"]},{\"@type\":\"Person\",\"@id\":\"https:\/\/experienciadevida.com.ar\/portalurbano\/#\/schema\/person\/02dd326b1c4b056e9cc972486934a3a7\",\"name\":\"admpu17wp\",\"image\":{\"@type\":\"ImageObject\",\"inLanguage\":\"es\",\"@id\":\"https:\/\/experienciadevida.com.ar\/portalurbano\/#\/schema\/person\/image\/\",\"url\":\"https:\/\/secure.gravatar.com\/avatar\/830d4c57adaae6630765e449a6908047?s=96&d=mm&r=g\",\"contentUrl\":\"https:\/\/secure.gravatar.com\/avatar\/830d4c57adaae6630765e449a6908047?s=96&d=mm&r=g\",\"caption\":\"admpu17wp\"}}]}<\/script>\n<!-- \/ Yoast SEO plugin. -->","yoast_head_json":{"title":"Se firm\u00f3 un acta acuerdo para el tratamiento responsable de noticias","description":"Se firm\u00f3 un acta acuerdo para el tratamiento responsable de noticias, entre el Municipio y referentes de medios de comunicaci\u00f3n locales","robots":{"index":"index","follow":"follow","max-snippet":"max-snippet:-1","max-image-preview":"max-image-preview:large","max-video-preview":"max-video-preview:-1"},"canonical":"https:\/\/experienciadevida.com.ar\/portalurbano\/se-firmo-un-acta-acuerdo-para-el-tratamiento-responsable-de-noticias\/","og_locale":"es_ES","og_type":"article","og_title":"Se firm\u00f3 un acta acuerdo para el tratamiento responsable de noticias","og_description":"Se firm\u00f3 un acta acuerdo para el tratamiento responsable de noticias, entre el Municipio y referentes de medios de comunicaci\u00f3n locales","og_url":"https:\/\/experienciadevida.com.ar\/portalurbano\/se-firmo-un-acta-acuerdo-para-el-tratamiento-responsable-de-noticias\/","article_publisher":"https:\/\/www.facebook.com\/Portal-Urbano-171542830093757\/","article_published_time":"2021-03-26T15:33:51+00:00","article_modified_time":"2021-03-26T15:46:23+00:00","og_image":[{"width":2560,"height":1711,"url":"https:\/\/experienciadevida.com.ar\/portalurbano\/wp-content\/uploads\/2021\/03\/Se-firmo-un-acta-acuerdo.jpg","type":"image\/jpeg"}],"author":"admpu17wp","twitter_card":"summary_large_image","twitter_creator":"@portalurbanook","twitter_site":"@portalurbanook","twitter_misc":{"Escrito por":"admpu17wp","Tiempo de lectura":"4 minutos"},"schema":{"@context":"https:\/\/schema.org","@graph":[{"@type":"Article","@id":"https:\/\/experienciadevida.com.ar\/portalurbano\/se-firmo-un-acta-acuerdo-para-el-tratamiento-responsable-de-noticias\/#article","isPartOf":{"@id":"https:\/\/experienciadevida.com.ar\/portalurbano\/se-firmo-un-acta-acuerdo-para-el-tratamiento-responsable-de-noticias\/"},"author":{"name":"admpu17wp","@id":"https:\/\/experienciadevida.com.ar\/portalurbano\/#\/schema\/person\/02dd326b1c4b056e9cc972486934a3a7"},"headline":"Se firm\u00f3 un acta acuerdo para el tratamiento responsable de noticias","datePublished":"2021-03-26T15:33:51+00:00","dateModified":"2021-03-26T15:46:23+00:00","mainEntityOfPage":{"@id":"https:\/\/experienciadevida.com.ar\/portalurbano\/se-firmo-un-acta-acuerdo-para-el-tratamiento-responsable-de-noticias\/"},"wordCount":676,"publisher":{"@id":"https:\/\/experienciadevida.com.ar\/portalurbano\/#organization"},"articleSection":["Ciudad","Destacadas 2"],"inLanguage":"es"},{"@type":"WebPage","@id":"https:\/\/experienciadevida.com.ar\/portalurbano\/se-firmo-un-acta-acuerdo-para-el-tratamiento-responsable-de-noticias\/","url":"https:\/\/experienciadevida.com.ar\/portalurbano\/se-firmo-un-acta-acuerdo-para-el-tratamiento-responsable-de-noticias\/","name":"Se firm\u00f3 un acta acuerdo para el tratamiento responsable de noticias","isPartOf":{"@id":"https:\/\/experienciadevida.com.ar\/portalurbano\/#website"},"datePublished":"2021-03-26T15:33:51+00:00","dateModified":"2021-03-26T15:46:23+00:00","description":"Se firm\u00f3 un acta acuerdo para el tratamiento responsable de noticias, entre el Municipio y referentes de medios de comunicaci\u00f3n locales","breadcrumb":{"@id":"https:\/\/experienciadevida.com.ar\/portalurbano\/se-firmo-un-acta-acuerdo-para-el-tratamiento-responsable-de-noticias\/#breadcrumb"},"inLanguage":"es","potentialAction":[{"@type":"ReadAction","target":["https:\/\/experienciadevida.com.ar\/portalurbano\/se-firmo-un-acta-acuerdo-para-el-tratamiento-responsable-de-noticias\/"]}]},{"@type":"BreadcrumbList","@id":"https:\/\/experienciadevida.com.ar\/portalurbano\/se-firmo-un-acta-acuerdo-para-el-tratamiento-responsable-de-noticias\/#breadcrumb","itemListElement":[{"@type":"ListItem","position":1,"name":"Portada","item":"https:\/\/experienciadevida.com.ar\/portalurbano\/"},{"@type":"ListItem","position":2,"name":"Se firm\u00f3 un acta acuerdo para el tratamiento responsable de noticias"}]},{"@type":"WebSite","@id":"https:\/\/experienciadevida.com.ar\/portalurbano\/#website","url":"https:\/\/experienciadevida.com.ar\/portalurbano\/","name":"","description":"","publisher":{"@id":"https:\/\/experienciadevida.com.ar\/portalurbano\/#organization"},"potentialAction":[{"@type":"SearchAction","target":{"@type":"EntryPoint","urlTemplate":"https:\/\/experienciadevida.com.ar\/portalurbano\/?s={search_term_string}"},"query-input":"required name=search_term_string"}],"inLanguage":"es"},{"@type":"Organization","@id":"https:\/\/experienciadevida.com.ar\/portalurbano\/#organization","name":"Portal Urbano","url":"https:\/\/experienciadevida.com.ar\/portalurbano\/","logo":{"@type":"ImageObject","inLanguage":"es","@id":"https:\/\/experienciadevida.com.ar\/portalurbano\/#\/schema\/logo\/image\/","url":"https:\/\/experienciadevida.com.ar\/portalurbano\/wp-content\/uploads\/2019\/09\/Logo-Original.png","contentUrl":"https:\/\/experienciadevida.com.ar\/portalurbano\/wp-content\/uploads\/2019\/09\/Logo-Original.png","width":2236,"height":1216,"caption":"Portal Urbano"},"image":{"@id":"https:\/\/experienciadevida.com.ar\/portalurbano\/#\/schema\/logo\/image\/"},"sameAs":["https:\/\/www.facebook.com\/Portal-Urbano-171542830093757\/","https:\/\/twitter.com\/portalurbanook","https:\/\/www.instagram.com\/_portalurbano\/","https:\/\/www.youtube.com\/channel\/UCXhagIfszH8KxFiOok79zbA?view_as=subscriber"]},{"@type":"Person","@id":"https:\/\/experienciadevida.com.ar\/portalurbano\/#\/schema\/person\/02dd326b1c4b056e9cc972486934a3a7","name":"admpu17wp","image":{"@type":"ImageObject","inLanguage":"es","@id":"https:\/\/experienciadevida.com.ar\/portalurbano\/#\/schema\/person\/image\/","url":"https:\/\/secure.gravatar.com\/avatar\/830d4c57adaae6630765e449a6908047?s=96&d=mm&r=g","contentUrl":"https:\/\/secure.gravatar.com\/avatar\/830d4c57adaae6630765e449a6908047?s=96&d=mm&r=g","caption":"admpu17wp"}}]}},"featured_image_urls":{"full":["https:\/\/experienciadevida.com.ar\/portalurbano\/wp-content\/uploads\/2021\/03\/Se-firmo-un-acta-acuerdo.jpg",2560,1711,false],"thumbnail":["https:\/\/experienciadevida.com.ar\/portalurbano\/wp-content\/uploads\/2021\/03\/Se-firmo-un-acta-acuerdo-150x150.jpg",150,150,true],"medium":["https:\/\/experienciadevida.com.ar\/portalurbano\/wp-content\/uploads\/2021\/03\/Se-firmo-un-acta-acuerdo-300x201.jpg",300,201,true],"medium_large":["https:\/\/experienciadevida.com.ar\/portalurbano\/wp-content\/uploads\/2021\/03\/Se-firmo-un-acta-acuerdo-768x513.jpg",640,428,true],"large":["https:\/\/experienciadevida.com.ar\/portalurbano\/wp-content\/uploads\/2021\/03\/Se-firmo-un-acta-acuerdo-1024x684.jpg",640,428,true],"ug_big":["https:\/\/experienciadevida.com.ar\/portalurbano\/wp-content\/uploads\/2021\/03\/Se-firmo-un-acta-acuerdo-768x513.jpg",768,513,true],"1536x1536":["https:\/\/experienciadevida.com.ar\/portalurbano\/wp-content\/uploads\/2021\/03\/Se-firmo-un-acta-acuerdo-1536x1027.jpg",1536,1027,true],"2048x2048":["https:\/\/experienciadevida.com.ar\/portalurbano\/wp-content\/uploads\/2021\/03\/Se-firmo-un-acta-acuerdo-2048x1369.jpg",2048,1369,true],"newsever-slider-full":["https:\/\/experienciadevida.com.ar\/portalurbano\/wp-content\/uploads\/2021\/03\/Se-firmo-un-acta-acuerdo.jpg",1264,845,false],"newsever-featured":["https:\/\/experienciadevida.com.ar\/portalurbano\/wp-content\/uploads\/2021\/03\/Se-firmo-un-acta-acuerdo.jpg",1024,684,false],"newsever-medium":["https:\/\/experienciadevida.com.ar\/portalurbano\/wp-content\/uploads\/2021\/03\/Se-firmo-un-acta-acuerdo.jpg",711,475,false],"web-stories-poster-portrait":["https:\/\/experienciadevida.com.ar\/portalurbano\/wp-content\/uploads\/2021\/03\/Se-firmo-un-acta-acuerdo.jpg",640,428,false],"web-stories-publisher-logo":["https:\/\/experienciadevida.com.ar\/portalurbano\/wp-content\/uploads\/2021\/03\/Se-firmo-un-acta-acuerdo.jpg",96,64,false],"web-stories-thumbnail":["https:\/\/experienciadevida.com.ar\/portalurbano\/wp-content\/uploads\/2021\/03\/Se-firmo-un-acta-acuerdo.jpg",150,100,false]},"author_info":{"display_name":"admpu17wp","author_link":"https:\/\/experienciadevida.com.ar\/portalurbano\/author\/admpu17wp\/"},"category_info":"<a href=\"https:\/\/experienciadevida.com.ar\/portalurbano\/category\/ciudad\/\" rel=\"category tag\">Ciudad<\/a> <a href=\"https:\/\/experienciadevida.com.ar\/portalurbano\/category\/destacadas-2\/\" rel=\"category tag\">Destacadas 2<\/a>","tag_info":"Destacadas 2","comment_count":"0","amp_enabled":true,"_links":{"self":[{"href":"https:\/\/experienciadevida.com.ar\/portalurbano\/wp-json\/wp\/v2\/posts\/138483"}],"collection":[{"href":"https:\/\/experienciadevida.com.ar\/portalurbano\/wp-json\/wp\/v2\/posts"}],"about":[{"href":"https:\/\/experienciadevida.com.ar\/portalurbano\/wp-json\/wp\/v2\/types\/post"}],"author":[{"embeddable":true,"href":"https:\/\/experienciadevida.com.ar\/portalurbano\/wp-json\/wp\/v2\/users\/1"}],"replies":[{"embeddable":true,"href":"https:\/\/experienciadevida.com.ar\/portalurbano\/wp-json\/wp\/v2\/comments?post=138483"}],"version-history":[{"count":3,"href":"https:\/\/experienciadevida.com.ar\/portalurbano\/wp-json\/wp\/v2\/posts\/138483\/revisions"}],"predecessor-version":[{"id":138489,"href":"https:\/\/experienciadevida.com.ar\/portalurbano\/wp-json\/wp\/v2\/posts\/138483\/revisions\/138489"}],"wp:featuredmedia":[{"embeddable":true,"href":"https:\/\/experienciadevida.com.ar\/portalurbano\/wp-json\/wp\/v2\/media\/138484"}],"wp:attachment":[{"href":"https:\/\/experienciadevida.com.ar\/portalurbano\/wp-json\/wp\/v2\/media?parent=138483"}],"wp:term":[{"taxonomy":"category","embeddable":true,"href":"https:\/\/experienciadevida.com.ar\/portalurbano\/wp-json\/wp\/v2\/categories?post=138483"},{"taxonomy":"post_tag","embeddable":true,"href":"https:\/\/experienciadevida.com.ar\/portalurbano\/wp-json\/wp\/v2\/tags?post=138483"}],"curies":[{"name":"wp","href":"https:\/\/api.w.org\/{rel}","templated":true}]}}