{"id":138478,"date":"2021-03-26T08:24:39","date_gmt":"2021-03-26T11:24:39","guid":{"rendered":"https:\/\/experienciadevida.com.ar\/portalurbano\/?p=138478"},"modified":"2021-03-26T08:30:01","modified_gmt":"2021-03-26T11:30:01","slug":"andres-malamud-sobre-la-actualidad-argentina-alberto-fernandez-es-el-funcionario-que-no-funciona","status":"publish","type":"post","link":"https:\/\/experienciadevida.com.ar\/portalurbano\/andres-malamud-sobre-la-actualidad-argentina-alberto-fernandez-es-el-funcionario-que-no-funciona\/","title":{"rendered":"Andr\u00e9s Malamud sobre la actualidad argentina: \u201cAlberto Fern\u00e1ndez es el funcionario que no funciona\u201d"},"content":{"rendered":"<p><strong>El polit\u00f3logo Olavarriense Andr\u00e9s Malamud<\/strong>, que est\u00e1 residiendo en Lisboa, analiz\u00f3 el presente econ\u00f3mico y pol\u00edtico del pa\u00eds. \u201cCristina Kirchner est\u00e1 evitando que le explote el pa\u00eds en las manos\u201d, argument\u00f3<\/p>\n<hr \/>\n<p class=\"paragraph\"><b>Andr\u00e9s Malamud<\/b>\u00a0es un agudo observador de la realidad pol\u00edtica de la Argentina. El prestigio polit\u00f3logo y acad\u00e9mico, radicado en Portugal desde hace tiempo, analiza en detalle la realidad nacional, centrado principalmente en la gesti\u00f3n del presidente Alberto Fern\u00e1ndez y la Cristina Kirchner, su vice.<\/p>\n<p class=\"paragraph\">\u201c<mark class=\"hl_yellow\"><b>Estamos en manos de Mart\u00edn Guzm\u00e1n, lo cual no es malo teniendo en cuenta las alternativas.<\/b><\/mark>\u00a0Pero el presente de Argentina -la econom\u00eda, la gesti\u00f3n, y por lo tanto el futuro- dependen de lo que haga Mart\u00edn Guzm\u00e1n en Washington; y del acuerdo que consiga con el Fondo Monetario Internacional (FMI).\u00a0<mark class=\"hl_yellow\"><b>Es la \u00fanica posibilidad que tiene Argentina de atarse a un m\u00e1stil de confianza<\/b><\/mark>\u00a0que le permita disminuir un valor terrible, que es la inflaci\u00f3n, y aumentar un valor tr\u00e1gico, que es la inflaci\u00f3n\u201d, expres\u00f3 Malamud.<\/p>\n<p class=\"paragraph\">En di\u00e1logo con los periodistas Pablo Rossi y Laura Di Marco, en el programa\u00a0<i>Volviendo a casa (Radio Mitre)<\/i>, el profesor universitario se refiri\u00f3 a las declaraciones de la Vicepresidenta durante el acto del 24 de marzo en la localidad bonaerense de Las Flores: \u201cCristina se dio cuenta. Tiene los ojos en el pasado y en el futuro. El que mira el pasado busca (dicen los suyos) justicia, (y dicen los de enfrente) impunidad.\u00a0<mark class=\"hl_yellow\"><b>El que mira el futuro busca legado; la elecci\u00f3n de un presidente que sea de su agrado. Y se dio cuenta de que Guzm\u00e1n es la \u00fanica herramienta que tiene<\/b><\/mark>\u00a0y el FMI el instrumento que puede servirle\u201d.<\/p>\n<p class=\"paragraph\">Y remarc\u00f3: \u201cPuede fallar Guzm\u00e1n, no hay una garant\u00eda de \u00e9xito.\u00a0<mark class=\"hl_yellow\"><b>Lo que estoy diciendo es que es la \u00fanica persona que tiene claro cu\u00e1l es el rumbo.<\/b><\/mark>\u00a0Y logr\u00f3 que otras personas lo entendieran\u201d.<\/p>\n<div id=\"hybs-mslot-883-0\" class=\"hybs-mslot\"><\/div>\n<div class=\"visual__image image_container\"><img decoding=\"async\" src=\"https:\/\/www.infobae.com\/new-resizer\/aEKducsIGmU_tfJQfK02Y3yoCJ0=\/420x236\/filters:format(jpg):quality(85)\/cloudfront-us-east-1.images.arcpublishing.com\/infobae\/4JOFNFRQZNAELAFYXSV3532OUE.jpg\" sizes=\"(min-width: 800px) 50vw, 90vw\" srcset=\"https:\/\/www.infobae.com\/new-resizer\/aEKducsIGmU_tfJQfK02Y3yoCJ0=\/420x236\/filters:format(jpg):quality(85)\/cloudfront-us-east-1.images.arcpublishing.com\/infobae\/4JOFNFRQZNAELAFYXSV3532OUE.jpg 420w,https:\/\/www.infobae.com\/new-resizer\/fNYWDirpdUB5AdHgfuimgJNIwJk=\/768x432\/filters:format(jpg):quality(85)\/cloudfront-us-east-1.images.arcpublishing.com\/infobae\/4JOFNFRQZNAELAFYXSV3532OUE.jpg 768w,https:\/\/www.infobae.com\/new-resizer\/2GCarqv29PTOyEPakjl-U98QQ7k=\/992x558\/filters:format(jpg):quality(85)\/cloudfront-us-east-1.images.arcpublishing.com\/infobae\/4JOFNFRQZNAELAFYXSV3532OUE.jpg 992w,https:\/\/www.infobae.com\/new-resizer\/aKrcoDizhgCnfKjm1EFumqEh8oE=\/1200x675\/filters:format(jpg):quality(85)\/cloudfront-us-east-1.images.arcpublishing.com\/infobae\/4JOFNFRQZNAELAFYXSV3532OUE.jpg 1200w\" alt=\"El polit\u00f3logo analiz\u00f3 el presente pol\u00edtico, econ\u00f3mico y judicial en la Argentina\" width=\"1920\" height=\"1080\" \/>El polit\u00f3logo Andr\u00e9s Malamud analiz\u00f3 el presente pol\u00edtico, econ\u00f3mico y judicial en la Argentina<\/div>\n<p class=\"paragraph\"><mark class=\"hl_yellow\"><b>11 definiciones de Andr\u00e9s Malamud sobre la pol\u00edtica, la econom\u00eda y la Justicia argentina<\/b><\/mark><\/p>\n<p class=\"paragraph\">1- \u201cEl acuerdo que est\u00e1n buscando permite un horizonte de 10 a\u00f1os.\u00a0<b>En Argentina 10 a\u00f1os no es largo plazo, es largu\u00edsimo plazo. Es m\u00e1s que suficiente. Apuntan a m\u00e1s para generar expectativa, probablemente.<\/b>\u00a010 a\u00f1os en Argentina generan un horizonte de estabilidad como pocas veces tuvimos\u201d.<\/p>\n<p class=\"paragraph\">2- \u201cNo s\u00e9 cu\u00e1nta importancia tiene el riesgo pa\u00eds cuando Argentina est\u00e1 fuera de los mercados. En el corto plazo es irrelevante, porque Argentina no tiene financiamiento. Solo puede emitir\u201d.<\/p>\n<p class=\"paragraph\">3- Sobre Cristina Kirchner: \u201c<b>Ella piensa como Kicillof, siente como Kicillof, su coraz\u00f3n est\u00e1 con Kicillof en varias dimensiones. Pero no es tonta.<\/b>\u00a0Ella se dio cuenta de que del otro lado tiene un monje zen (Guzm\u00e1n), para explicarle qu\u00e9 es lo que necesita hacer Argentina para salir adelante\u201d.<\/p>\n<p class=\"paragraph\">4- \u201c<mark class=\"hl_yellow\"><b>No es que Cristina le est\u00e9 imponiendo sus ministros o sus pol\u00edticas, es Alberto el que no las tiene.<\/b><\/mark>\u00a0Finalmente cuando acepta que se le vaya su socia, su ministra de Justicia, demora una semana en adivinar cu\u00e1l es el ministro que prefer\u00eda Cristina. Y termina nombrando uno que quiz\u00e1 no sea su favorito\u201d.<\/p>\n<p class=\"paragraph\"><mark class=\"hl_yellow\"><b>5- \u201cCristina no est\u00e1 buscando administrar el pa\u00eds. No le est\u00e1 serruchando el piso ni quiere ser presidenta: lo puso ah\u00ed para que resuelva los problemas del presente. Y \u00e9l no le funciona. \u00c9l es el funcionario que no funciona\u201d.<\/b><\/mark><\/p>\n<p class=\"paragraph\">6- \u201cA falta de un presidente que cubra a su ministro, la vicepresidenta es quien toma ese rol.\u00a0<b>Protege al ministro de Econom\u00eda y le ofrece un puente a la oposici\u00f3n y la posibilidad de negociar con el FMI.<\/b>\u00a0Lo que criticaron del gobierno anterior lo est\u00e1n promoviendo en este gobierno. M\u00e1s pro sistema que esto no se entiende.\u00a0<mark class=\"hl_yellow\"><b>Cristina est\u00e1 evitando que le explote el pa\u00eds en las manos<\/b><\/mark>\u201d.<\/p>\n<p class=\"paragraph\">7- \u201c<b>Hasta donde yo s\u00e9, los \u00fanicos que no se sientan con los rivales son Cristina Kirchner y Mauricio Macri.<\/b>\u00a0Hasta donde s\u00e9, todos los dem\u00e1s se sentaron o se sientan con los que est\u00e1n enfrente\u201d.<\/p>\n<p class=\"paragraph\">8- \u201c<mark class=\"hl_yellow\"><b>La grieta es profundamente emocional.<\/b><\/mark>\u00a0En la ciencia pol\u00edtica se lo conoce como polarizaci\u00f3n afectiva: se odia al contrario. No hago juicio de valor, no digo que est\u00e9 bien o mal, es un sentimiento profundo, que viene de adentro. Y eso encarnan Macri y Cristina\u201d.<\/p>\n<p class=\"paragraph\">9- \u201cNo hay nazis ac\u00e1, no hay dictadura.\u00a0<b>Estamos en una disputa democr\u00e1tica en la cual los dos sectores defienden valores que son defendibles en el marco de la Constituci\u00f3n.<\/b>\u00a0Creo que tanto Macri como Cristina, a\u00fan en los extremos, est\u00e1n perfectamente dentro del campo democr\u00e1tico\u201d.<\/p>\n<p class=\"paragraph\"><mark class=\"hl_yellow\"><b>10- \u201cHay un exvicepresidente preso en Argentina. Un exministro preso. Hay bolseros presos, corruptos presos. Con un Poder Judicial como el de Comodoro Py, que nadie cree que sea honesto\u201d.<\/b><\/mark><\/p>\n<p class=\"paragraph\">11- \u201c<mark class=\"hl_yellow\"><b>Lo del\u00a0<\/b><i><b>lawfare<\/b><\/i><b>\u00a0tambi\u00e9n lo cree Macri, que le est\u00e1n usando la Justicia para someterlo. Para dar una se\u00f1al. Lo mismo que cree que Cristina.<\/b><\/mark>\u00a0Creen lo mismo pero al rev\u00e9s. Se puede creer lo que se quiera. Lo que hicieron\u00a0<i>lawfare<\/i>\u00a0no tienen por qu\u00e9 temer la tipificaci\u00f3n del\u00a0<i>lawfare<\/i> para adelante\u201d. ( Cr\u00e9dito Infobae)<\/p>\n","protected":false},"excerpt":{"rendered":"<p>El polit\u00f3logo Olavarriense Andr\u00e9s Malamud, que est\u00e1 residiendo en Lisboa, analiz\u00f3 el presente econ\u00f3mico y&#8230;<\/p>\n","protected":false},"author":1,"featured_media":122206,"comment_status":"closed","ping_status":"closed","sticky":false,"template":"","format":"standard","meta":{"content-type":""},"categories":[51,43],"tags":[622],"nelio_content":{"isAutoShareEnabled":false,"autoShareEndMode":"default","automationSources":{"useContentSentences":true,"useSocialTemplates":true,"useCustomSentences":false,"customSentences":[]},"followers":[1],"suggestedReferences":[],"includedReferences":[],"efiUrl":"","efiAlt":"","highlights":[]},"yoast_head":"<!-- This site is optimized with the Yoast SEO plugin v20.7 - https:\/\/yoast.com\/wordpress\/plugins\/seo\/ -->\n<title>Andr\u00e9s Malamud : \u201cAlberto Fern\u00e1ndez es el funcionario que no funciona\u201d<\/title>\n<meta name=\"description\" content=\"Andr\u00e9s Malamud : analiz\u00f3 el presente econ\u00f3mico y pol\u00edtico del pa\u00eds. \u201cCristina est\u00e1 evitando que le explote el pa\u00eds en las manos\u201d, argument\u00f3\" \/>\n<meta name=\"robots\" content=\"index, follow, max-snippet:-1, max-image-preview:large, max-video-preview:-1\" \/>\n<link rel=\"canonical\" href=\"https:\/\/experienciadevida.com.ar\/portalurbano\/andres-malamud-sobre-la-actualidad-argentina-alberto-fernandez-es-el-funcionario-que-no-funciona\/\" \/>\n<meta property=\"og:locale\" content=\"es_ES\" \/>\n<meta property=\"og:type\" content=\"article\" \/>\n<meta property=\"og:title\" content=\"Andr\u00e9s Malamud : \u201cAlberto Fern\u00e1ndez es el funcionario que no funciona\u201d\" \/>\n<meta property=\"og:description\" content=\"Andr\u00e9s Malamud : analiz\u00f3 el presente econ\u00f3mico y pol\u00edtico del pa\u00eds. \u201cCristina est\u00e1 evitando que le explote el pa\u00eds en las manos\u201d, argument\u00f3\" \/>\n<meta property=\"og:url\" content=\"https:\/\/experienciadevida.com.ar\/portalurbano\/andres-malamud-sobre-la-actualidad-argentina-alberto-fernandez-es-el-funcionario-que-no-funciona\/\" \/>\n<meta property=\"article:publisher\" content=\"https:\/\/www.facebook.com\/Portal-Urbano-171542830093757\/\" \/>\n<meta property=\"article:published_time\" content=\"2021-03-26T11:24:39+00:00\" \/>\n<meta property=\"article:modified_time\" content=\"2021-03-26T11:30:01+00:00\" \/>\n<meta property=\"og:image\" content=\"https:\/\/experienciadevida.com.ar\/portalurbano\/wp-content\/uploads\/2020\/09\/Andres-Malamud1-e1600818834220.jpeg\" \/>\n\t<meta property=\"og:image:width\" content=\"750\" \/>\n\t<meta property=\"og:image:height\" content=\"421\" \/>\n\t<meta property=\"og:image:type\" content=\"image\/jpeg\" \/>\n<meta name=\"author\" content=\"admpu17wp\" \/>\n<meta name=\"twitter:card\" content=\"summary_large_image\" \/>\n<meta name=\"twitter:creator\" content=\"@portalurbanook\" \/>\n<meta name=\"twitter:site\" content=\"@portalurbanook\" \/>\n<meta name=\"twitter:label1\" content=\"Escrito por\" \/>\n\t<meta name=\"twitter:data1\" content=\"admpu17wp\" \/>\n\t<meta name=\"twitter:label2\" content=\"Tiempo de lectura\" \/>\n\t<meta name=\"twitter:data2\" content=\"4 minutos\" \/>\n<script type=\"application\/ld+json\" class=\"yoast-schema-graph\">{\"@context\":\"https:\/\/schema.org\",\"@graph\":[{\"@type\":\"Article\",\"@id\":\"https:\/\/experienciadevida.com.ar\/portalurbano\/andres-malamud-sobre-la-actualidad-argentina-alberto-fernandez-es-el-funcionario-que-no-funciona\/#article\",\"isPartOf\":{\"@id\":\"https:\/\/experienciadevida.com.ar\/portalurbano\/andres-malamud-sobre-la-actualidad-argentina-alberto-fernandez-es-el-funcionario-que-no-funciona\/\"},\"author\":{\"name\":\"admpu17wp\",\"@id\":\"https:\/\/experienciadevida.com.ar\/portalurbano\/#\/schema\/person\/02dd326b1c4b056e9cc972486934a3a7\"},\"headline\":\"Andr\u00e9s Malamud sobre la actualidad argentina: \u201cAlberto Fern\u00e1ndez es el funcionario que no funciona\u201d\",\"datePublished\":\"2021-03-26T11:24:39+00:00\",\"dateModified\":\"2021-03-26T11:30:01+00:00\",\"mainEntityOfPage\":{\"@id\":\"https:\/\/experienciadevida.com.ar\/portalurbano\/andres-malamud-sobre-la-actualidad-argentina-alberto-fernandez-es-el-funcionario-que-no-funciona\/\"},\"wordCount\":924,\"publisher\":{\"@id\":\"https:\/\/experienciadevida.com.ar\/portalurbano\/#organization\"},\"keywords\":[\"Andr\u00e9s Malamud\"],\"articleSection\":[\"Destacadas\",\"Pol\u00edtica\"],\"inLanguage\":\"es\"},{\"@type\":\"WebPage\",\"@id\":\"https:\/\/experienciadevida.com.ar\/portalurbano\/andres-malamud-sobre-la-actualidad-argentina-alberto-fernandez-es-el-funcionario-que-no-funciona\/\",\"url\":\"https:\/\/experienciadevida.com.ar\/portalurbano\/andres-malamud-sobre-la-actualidad-argentina-alberto-fernandez-es-el-funcionario-que-no-funciona\/\",\"name\":\"Andr\u00e9s Malamud : \u201cAlberto Fern\u00e1ndez es el funcionario que no funciona\u201d\",\"isPartOf\":{\"@id\":\"https:\/\/experienciadevida.com.ar\/portalurbano\/#website\"},\"datePublished\":\"2021-03-26T11:24:39+00:00\",\"dateModified\":\"2021-03-26T11:30:01+00:00\",\"description\":\"Andr\u00e9s Malamud : analiz\u00f3 el presente econ\u00f3mico y pol\u00edtico del pa\u00eds. \u201cCristina est\u00e1 evitando que le explote el pa\u00eds en las manos\u201d, argument\u00f3\",\"breadcrumb\":{\"@id\":\"https:\/\/experienciadevida.com.ar\/portalurbano\/andres-malamud-sobre-la-actualidad-argentina-alberto-fernandez-es-el-funcionario-que-no-funciona\/#breadcrumb\"},\"inLanguage\":\"es\",\"potentialAction\":[{\"@type\":\"ReadAction\",\"target\":[\"https:\/\/experienciadevida.com.ar\/portalurbano\/andres-malamud-sobre-la-actualidad-argentina-alberto-fernandez-es-el-funcionario-que-no-funciona\/\"]}]},{\"@type\":\"BreadcrumbList\",\"@id\":\"https:\/\/experienciadevida.com.ar\/portalurbano\/andres-malamud-sobre-la-actualidad-argentina-alberto-fernandez-es-el-funcionario-que-no-funciona\/#breadcrumb\",\"itemListElement\":[{\"@type\":\"ListItem\",\"position\":1,\"name\":\"Portada\",\"item\":\"https:\/\/experienciadevida.com.ar\/portalurbano\/\"},{\"@type\":\"ListItem\",\"position\":2,\"name\":\"Andr\u00e9s Malamud sobre la actualidad argentina: \u201cAlberto Fern\u00e1ndez es el funcionario que no funciona\u201d\"}]},{\"@type\":\"WebSite\",\"@id\":\"https:\/\/experienciadevida.com.ar\/portalurbano\/#website\",\"url\":\"https:\/\/experienciadevida.com.ar\/portalurbano\/\",\"name\":\"\",\"description\":\"\",\"publisher\":{\"@id\":\"https:\/\/experienciadevida.com.ar\/portalurbano\/#organization\"},\"potentialAction\":[{\"@type\":\"SearchAction\",\"target\":{\"@type\":\"EntryPoint\",\"urlTemplate\":\"https:\/\/experienciadevida.com.ar\/portalurbano\/?s={search_term_string}\"},\"query-input\":\"required name=search_term_string\"}],\"inLanguage\":\"es\"},{\"@type\":\"Organization\",\"@id\":\"https:\/\/experienciadevida.com.ar\/portalurbano\/#organization\",\"name\":\"Portal Urbano\",\"url\":\"https:\/\/experienciadevida.com.ar\/portalurbano\/\",\"logo\":{\"@type\":\"ImageObject\",\"inLanguage\":\"es\",\"@id\":\"https:\/\/experienciadevida.com.ar\/portalurbano\/#\/schema\/logo\/image\/\",\"url\":\"https:\/\/experienciadevida.com.ar\/portalurbano\/wp-content\/uploads\/2019\/09\/Logo-Original.png\",\"contentUrl\":\"https:\/\/experienciadevida.com.ar\/portalurbano\/wp-content\/uploads\/2019\/09\/Logo-Original.png\",\"width\":2236,\"height\":1216,\"caption\":\"Portal Urbano\"},\"image\":{\"@id\":\"https:\/\/experienciadevida.com.ar\/portalurbano\/#\/schema\/logo\/image\/\"},\"sameAs\":[\"https:\/\/www.facebook.com\/Portal-Urbano-171542830093757\/\",\"https:\/\/twitter.com\/portalurbanook\",\"https:\/\/www.instagram.com\/_portalurbano\/\",\"https:\/\/www.youtube.com\/channel\/UCXhagIfszH8KxFiOok79zbA?view_as=subscriber\"]},{\"@type\":\"Person\",\"@id\":\"https:\/\/experienciadevida.com.ar\/portalurbano\/#\/schema\/person\/02dd326b1c4b056e9cc972486934a3a7\",\"name\":\"admpu17wp\",\"image\":{\"@type\":\"ImageObject\",\"inLanguage\":\"es\",\"@id\":\"https:\/\/experienciadevida.com.ar\/portalurbano\/#\/schema\/person\/image\/\",\"url\":\"https:\/\/secure.gravatar.com\/avatar\/830d4c57adaae6630765e449a6908047?s=96&d=mm&r=g\",\"contentUrl\":\"https:\/\/secure.gravatar.com\/avatar\/830d4c57adaae6630765e449a6908047?s=96&d=mm&r=g\",\"caption\":\"admpu17wp\"}}]}<\/script>\n<!-- \/ Yoast SEO plugin. -->","yoast_head_json":{"title":"Andr\u00e9s Malamud : \u201cAlberto Fern\u00e1ndez es el funcionario que no funciona\u201d","description":"Andr\u00e9s Malamud : analiz\u00f3 el presente econ\u00f3mico y pol\u00edtico del pa\u00eds. \u201cCristina est\u00e1 evitando que le explote el pa\u00eds en las manos\u201d, argument\u00f3","robots":{"index":"index","follow":"follow","max-snippet":"max-snippet:-1","max-image-preview":"max-image-preview:large","max-video-preview":"max-video-preview:-1"},"canonical":"https:\/\/experienciadevida.com.ar\/portalurbano\/andres-malamud-sobre-la-actualidad-argentina-alberto-fernandez-es-el-funcionario-que-no-funciona\/","og_locale":"es_ES","og_type":"article","og_title":"Andr\u00e9s Malamud : \u201cAlberto Fern\u00e1ndez es el funcionario que no funciona\u201d","og_description":"Andr\u00e9s Malamud : analiz\u00f3 el presente econ\u00f3mico y pol\u00edtico del pa\u00eds. \u201cCristina est\u00e1 evitando que le explote el pa\u00eds en las manos\u201d, argument\u00f3","og_url":"https:\/\/experienciadevida.com.ar\/portalurbano\/andres-malamud-sobre-la-actualidad-argentina-alberto-fernandez-es-el-funcionario-que-no-funciona\/","article_publisher":"https:\/\/www.facebook.com\/Portal-Urbano-171542830093757\/","article_published_time":"2021-03-26T11:24:39+00:00","article_modified_time":"2021-03-26T11:30:01+00:00","og_image":[{"width":750,"height":421,"url":"https:\/\/experienciadevida.com.ar\/portalurbano\/wp-content\/uploads\/2020\/09\/Andres-Malamud1-e1600818834220.jpeg","type":"image\/jpeg"}],"author":"admpu17wp","twitter_card":"summary_large_image","twitter_creator":"@portalurbanook","twitter_site":"@portalurbanook","twitter_misc":{"Escrito por":"admpu17wp","Tiempo de lectura":"4 minutos"},"schema":{"@context":"https:\/\/schema.org","@graph":[{"@type":"Article","@id":"https:\/\/experienciadevida.com.ar\/portalurbano\/andres-malamud-sobre-la-actualidad-argentina-alberto-fernandez-es-el-funcionario-que-no-funciona\/#article","isPartOf":{"@id":"https:\/\/experienciadevida.com.ar\/portalurbano\/andres-malamud-sobre-la-actualidad-argentina-alberto-fernandez-es-el-funcionario-que-no-funciona\/"},"author":{"name":"admpu17wp","@id":"https:\/\/experienciadevida.com.ar\/portalurbano\/#\/schema\/person\/02dd326b1c4b056e9cc972486934a3a7"},"headline":"Andr\u00e9s Malamud sobre la actualidad argentina: \u201cAlberto Fern\u00e1ndez es el funcionario que no funciona\u201d","datePublished":"2021-03-26T11:24:39+00:00","dateModified":"2021-03-26T11:30:01+00:00","mainEntityOfPage":{"@id":"https:\/\/experienciadevida.com.ar\/portalurbano\/andres-malamud-sobre-la-actualidad-argentina-alberto-fernandez-es-el-funcionario-que-no-funciona\/"},"wordCount":924,"publisher":{"@id":"https:\/\/experienciadevida.com.ar\/portalurbano\/#organization"},"keywords":["Andr\u00e9s Malamud"],"articleSection":["Destacadas","Pol\u00edtica"],"inLanguage":"es"},{"@type":"WebPage","@id":"https:\/\/experienciadevida.com.ar\/portalurbano\/andres-malamud-sobre-la-actualidad-argentina-alberto-fernandez-es-el-funcionario-que-no-funciona\/","url":"https:\/\/experienciadevida.com.ar\/portalurbano\/andres-malamud-sobre-la-actualidad-argentina-alberto-fernandez-es-el-funcionario-que-no-funciona\/","name":"Andr\u00e9s Malamud : \u201cAlberto Fern\u00e1ndez es el funcionario que no funciona\u201d","isPartOf":{"@id":"https:\/\/experienciadevida.com.ar\/portalurbano\/#website"},"datePublished":"2021-03-26T11:24:39+00:00","dateModified":"2021-03-26T11:30:01+00:00","description":"Andr\u00e9s Malamud : analiz\u00f3 el presente econ\u00f3mico y pol\u00edtico del pa\u00eds. \u201cCristina est\u00e1 evitando que le explote el pa\u00eds en las manos\u201d, argument\u00f3","breadcrumb":{"@id":"https:\/\/experienciadevida.com.ar\/portalurbano\/andres-malamud-sobre-la-actualidad-argentina-alberto-fernandez-es-el-funcionario-que-no-funciona\/#breadcrumb"},"inLanguage":"es","potentialAction":[{"@type":"ReadAction","target":["https:\/\/experienciadevida.com.ar\/portalurbano\/andres-malamud-sobre-la-actualidad-argentina-alberto-fernandez-es-el-funcionario-que-no-funciona\/"]}]},{"@type":"BreadcrumbList","@id":"https:\/\/experienciadevida.com.ar\/portalurbano\/andres-malamud-sobre-la-actualidad-argentina-alberto-fernandez-es-el-funcionario-que-no-funciona\/#breadcrumb","itemListElement":[{"@type":"ListItem","position":1,"name":"Portada","item":"https:\/\/experienciadevida.com.ar\/portalurbano\/"},{"@type":"ListItem","position":2,"name":"Andr\u00e9s Malamud sobre la actualidad argentina: \u201cAlberto Fern\u00e1ndez es el funcionario que no funciona\u201d"}]},{"@type":"WebSite","@id":"https:\/\/experienciadevida.com.ar\/portalurbano\/#website","url":"https:\/\/experienciadevida.com.ar\/portalurbano\/","name":"","description":"","publisher":{"@id":"https:\/\/experienciadevida.com.ar\/portalurbano\/#organization"},"potentialAction":[{"@type":"SearchAction","target":{"@type":"EntryPoint","urlTemplate":"https:\/\/experienciadevida.com.ar\/portalurbano\/?s={search_term_string}"},"query-input":"required name=search_term_string"}],"inLanguage":"es"},{"@type":"Organization","@id":"https:\/\/experienciadevida.com.ar\/portalurbano\/#organization","name":"Portal Urbano","url":"https:\/\/experienciadevida.com.ar\/portalurbano\/","logo":{"@type":"ImageObject","inLanguage":"es","@id":"https:\/\/experienciadevida.com.ar\/portalurbano\/#\/schema\/logo\/image\/","url":"https:\/\/experienciadevida.com.ar\/portalurbano\/wp-content\/uploads\/2019\/09\/Logo-Original.png","contentUrl":"https:\/\/experienciadevida.com.ar\/portalurbano\/wp-content\/uploads\/2019\/09\/Logo-Original.png","width":2236,"height":1216,"caption":"Portal Urbano"},"image":{"@id":"https:\/\/experienciadevida.com.ar\/portalurbano\/#\/schema\/logo\/image\/"},"sameAs":["https:\/\/www.facebook.com\/Portal-Urbano-171542830093757\/","https:\/\/twitter.com\/portalurbanook","https:\/\/www.instagram.com\/_portalurbano\/","https:\/\/www.youtube.com\/channel\/UCXhagIfszH8KxFiOok79zbA?view_as=subscriber"]},{"@type":"Person","@id":"https:\/\/experienciadevida.com.ar\/portalurbano\/#\/schema\/person\/02dd326b1c4b056e9cc972486934a3a7","name":"admpu17wp","image":{"@type":"ImageObject","inLanguage":"es","@id":"https:\/\/experienciadevida.com.ar\/portalurbano\/#\/schema\/person\/image\/","url":"https:\/\/secure.gravatar.com\/avatar\/830d4c57adaae6630765e449a6908047?s=96&d=mm&r=g","contentUrl":"https:\/\/secure.gravatar.com\/avatar\/830d4c57adaae6630765e449a6908047?s=96&d=mm&r=g","caption":"admpu17wp"}}]}},"featured_image_urls":{"full":["https:\/\/experienciadevida.com.ar\/portalurbano\/wp-content\/uploads\/2020\/09\/Andres-Malamud1-e1600818834220.jpeg",750,421,false],"thumbnail":["https:\/\/experienciadevida.com.ar\/portalurbano\/wp-content\/uploads\/2020\/09\/Andres-Malamud1-150x150.jpeg",150,150,true],"medium":["https:\/\/experienciadevida.com.ar\/portalurbano\/wp-content\/uploads\/2020\/09\/Andres-Malamud1-300x169.jpeg",300,169,true],"medium_large":["https:\/\/experienciadevida.com.ar\/portalurbano\/wp-content\/uploads\/2020\/09\/Andres-Malamud1-768x432.jpeg",640,360,true],"large":["https:\/\/experienciadevida.com.ar\/portalurbano\/wp-content\/uploads\/2020\/09\/Andres-Malamud1-1024x575.jpeg",640,359,true],"ug_big":["https:\/\/experienciadevida.com.ar\/portalurbano\/wp-content\/uploads\/2020\/09\/Andres-Malamud1-768x432.jpeg",768,432,true],"1536x1536":["https:\/\/experienciadevida.com.ar\/portalurbano\/wp-content\/uploads\/2020\/09\/Andres-Malamud1-1536x863.jpeg",1536,863,true],"2048x2048":["https:\/\/experienciadevida.com.ar\/portalurbano\/wp-content\/uploads\/2020\/09\/Andres-Malamud1-e1600818834220.jpeg",750,421,false],"newsever-slider-full":["https:\/\/experienciadevida.com.ar\/portalurbano\/wp-content\/uploads\/2020\/09\/Andres-Malamud1-e1600818834220.jpeg",750,421,false],"newsever-featured":["https:\/\/experienciadevida.com.ar\/portalurbano\/wp-content\/uploads\/2020\/09\/Andres-Malamud1-e1600818834220.jpeg",750,421,false],"newsever-medium":["https:\/\/experienciadevida.com.ar\/portalurbano\/wp-content\/uploads\/2020\/09\/Andres-Malamud1-e1600818834220.jpeg",720,404,false],"web-stories-poster-portrait":["https:\/\/experienciadevida.com.ar\/portalurbano\/wp-content\/uploads\/2020\/09\/Andres-Malamud1-e1600818834220.jpeg",640,359,false],"web-stories-publisher-logo":["https:\/\/experienciadevida.com.ar\/portalurbano\/wp-content\/uploads\/2020\/09\/Andres-Malamud1-e1600818834220.jpeg",96,54,false],"web-stories-thumbnail":["https:\/\/experienciadevida.com.ar\/portalurbano\/wp-content\/uploads\/2020\/09\/Andres-Malamud1-e1600818834220.jpeg",150,84,false]},"author_info":{"display_name":"admpu17wp","author_link":"https:\/\/experienciadevida.com.ar\/portalurbano\/author\/admpu17wp\/"},"category_info":"<a href=\"https:\/\/experienciadevida.com.ar\/portalurbano\/category\/destacadas\/\" rel=\"category tag\">Destacadas<\/a> <a href=\"https:\/\/experienciadevida.com.ar\/portalurbano\/category\/politica\/\" rel=\"category tag\">Pol\u00edtica<\/a>","tag_info":"Pol\u00edtica","comment_count":"0","amp_enabled":true,"_links":{"self":[{"href":"https:\/\/experienciadevida.com.ar\/portalurbano\/wp-json\/wp\/v2\/posts\/138478"}],"collection":[{"href":"https:\/\/experienciadevida.com.ar\/portalurbano\/wp-json\/wp\/v2\/posts"}],"about":[{"href":"https:\/\/experienciadevida.com.ar\/portalurbano\/wp-json\/wp\/v2\/types\/post"}],"author":[{"embeddable":true,"href":"https:\/\/experienciadevida.com.ar\/portalurbano\/wp-json\/wp\/v2\/users\/1"}],"replies":[{"embeddable":true,"href":"https:\/\/experienciadevida.com.ar\/portalurbano\/wp-json\/wp\/v2\/comments?post=138478"}],"version-history":[{"count":4,"href":"https:\/\/experienciadevida.com.ar\/portalurbano\/wp-json\/wp\/v2\/posts\/138478\/revisions"}],"predecessor-version":[{"id":138482,"href":"https:\/\/experienciadevida.com.ar\/portalurbano\/wp-json\/wp\/v2\/posts\/138478\/revisions\/138482"}],"wp:featuredmedia":[{"embeddable":true,"href":"https:\/\/experienciadevida.com.ar\/portalurbano\/wp-json\/wp\/v2\/media\/122206"}],"wp:attachment":[{"href":"https:\/\/experienciadevida.com.ar\/portalurbano\/wp-json\/wp\/v2\/media?parent=138478"}],"wp:term":[{"taxonomy":"category","embeddable":true,"href":"https:\/\/experienciadevida.com.ar\/portalurbano\/wp-json\/wp\/v2\/categories?post=138478"},{"taxonomy":"post_tag","embeddable":true,"href":"https:\/\/experienciadevida.com.ar\/portalurbano\/wp-json\/wp\/v2\/tags?post=138478"}],"curies":[{"name":"wp","href":"https:\/\/api.w.org\/{rel}","templated":true}]}}