{"id":138423,"date":"2021-03-25T12:35:35","date_gmt":"2021-03-25T15:35:35","guid":{"rendered":"https:\/\/experienciadevida.com.ar\/portalurbano\/?p=138423"},"modified":"2021-03-25T12:39:17","modified_gmt":"2021-03-25T15:39:17","slug":"discapacidad-y-personas-mayores-estrategias-de-intervencion-en-forma-conjunta","status":"publish","type":"post","link":"https:\/\/experienciadevida.com.ar\/portalurbano\/discapacidad-y-personas-mayores-estrategias-de-intervencion-en-forma-conjunta\/","title":{"rendered":"Discapacidad y Personas Mayores: estrategias de intervenci\u00f3n en forma conjunta"},"content":{"rendered":"<p>Discapacidad y Personas Mayores: estrategias de intervenci\u00f3n en forma conjunta.<\/p>\n<p>El Municipio de Olavarr\u00eda, a trav\u00e9s de la Subsecretar\u00eda de Derechos, Igualdad y Oportunidades, informa que el equipo del Programa de Promoci\u00f3n de Derechos para Personas con Discapacidad y Personas Mayores, finaliz\u00f3 el cronograma de recorridas por los Servicios Territoriales Municipales.<\/p>\n<p>La iniciativa tuvo como objetivo asesorar a las Trabajadoras Sociales de cada espacio y planificar estrategias de intervenci\u00f3n en materia de derechos, orientadas a las personas con discapacidad y personas mayores, para definir propuestas en corresponsabilidad y gestionar participativamente en cada territorio.<\/p>\n<p>La titular del \u00e1rea Romina Sponer sostuvo que en este tipo de encuentros permiten hacer m\u00e1s fluido el trabajo en conjunto y brindar mayores herramientas a las profesionales para resolver las demandas de manera operativa.<\/p>\n<p><a href=\"https:\/\/experienciadevida.com.ar\/portalurbano\/discapacidad-y-personas-mayores-estrategias-de-intervencion-en-forma-conjunta\/discapacidad-10\/\" rel=\"attachment wp-att-138427\"><img decoding=\"async\" class=\"alignnone size-full wp-image-138427\" src=\"https:\/\/experienciadevida.com.ar\/portalurbano\/wp-content\/uploads\/2021\/03\/Discapacidad.jpg\" alt=\"Discapacidad \" width=\"1181\" height=\"787\" srcset=\"https:\/\/experienciadevida.com.ar\/portalurbano\/wp-content\/uploads\/2021\/03\/Discapacidad.jpg 1181w, https:\/\/experienciadevida.com.ar\/portalurbano\/wp-content\/uploads\/2021\/03\/Discapacidad-300x200.jpg 300w, https:\/\/experienciadevida.com.ar\/portalurbano\/wp-content\/uploads\/2021\/03\/Discapacidad-1024x682.jpg 1024w, https:\/\/experienciadevida.com.ar\/portalurbano\/wp-content\/uploads\/2021\/03\/Discapacidad-768x512.jpg 768w\" sizes=\"(max-width: 1181px) 100vw, 1181px\" \/><\/a><\/p>\n<p><a href=\"https:\/\/experienciadevida.com.ar\/portalurbano\/discapacidad-y-personas-mayores-estrategias-de-intervencion-en-forma-conjunta\/personas-mayores-2\/\" rel=\"attachment wp-att-138428\"><img decoding=\"async\" class=\"alignnone size-full wp-image-138428\" src=\"https:\/\/experienciadevida.com.ar\/portalurbano\/wp-content\/uploads\/2021\/03\/personas-mayores.jpg\" alt=\"personas mayores \" width=\"1181\" height=\"787\" srcset=\"https:\/\/experienciadevida.com.ar\/portalurbano\/wp-content\/uploads\/2021\/03\/personas-mayores.jpg 1181w, https:\/\/experienciadevida.com.ar\/portalurbano\/wp-content\/uploads\/2021\/03\/personas-mayores-300x200.jpg 300w, https:\/\/experienciadevida.com.ar\/portalurbano\/wp-content\/uploads\/2021\/03\/personas-mayores-1024x682.jpg 1024w, https:\/\/experienciadevida.com.ar\/portalurbano\/wp-content\/uploads\/2021\/03\/personas-mayores-768x512.jpg 768w\" sizes=\"(max-width: 1181px) 100vw, 1181px\" \/><\/a><\/p>\n","protected":false},"excerpt":{"rendered":"<p>Discapacidad y Personas Mayores: estrategias de intervenci\u00f3n en forma conjunta. El Municipio de Olavarr\u00eda, a&#8230;<\/p>\n","protected":false},"author":1,"featured_media":138424,"comment_status":"closed","ping_status":"closed","sticky":false,"template":"","format":"standard","meta":{"content-type":""},"categories":[27,64],"tags":[],"nelio_content":{"isAutoShareEnabled":false,"autoShareEndMode":"default","automationSources":{"useContentSentences":true,"useSocialTemplates":true,"useCustomSentences":false,"customSentences":[]},"followers":[1],"suggestedReferences":[],"includedReferences":[],"efiUrl":"","efiAlt":"","highlights":[]},"yoast_head":"<!-- This site is optimized with the Yoast SEO plugin v20.7 - https:\/\/yoast.com\/wordpress\/plugins\/seo\/ -->\n<title>Discapacidad y personas mayores: estrategias de intervenci\u00f3n<\/title>\n<meta name=\"description\" content=\"Discapacidad y Personas Mayores: estrategias de intervenci\u00f3n en forma conjunta, finaliz\u00f3 el programa de recorridas por los territoriales\" \/>\n<meta name=\"robots\" content=\"index, follow, max-snippet:-1, max-image-preview:large, max-video-preview:-1\" \/>\n<link rel=\"canonical\" href=\"https:\/\/experienciadevida.com.ar\/portalurbano\/discapacidad-y-personas-mayores-estrategias-de-intervencion-en-forma-conjunta\/\" \/>\n<meta property=\"og:locale\" content=\"es_ES\" \/>\n<meta property=\"og:type\" content=\"article\" \/>\n<meta property=\"og:title\" content=\"Discapacidad y personas mayores: estrategias de intervenci\u00f3n\" \/>\n<meta property=\"og:description\" content=\"Discapacidad y Personas Mayores: estrategias de intervenci\u00f3n en forma conjunta, finaliz\u00f3 el programa de recorridas por los territoriales\" \/>\n<meta property=\"og:url\" content=\"https:\/\/experienciadevida.com.ar\/portalurbano\/discapacidad-y-personas-mayores-estrategias-de-intervencion-en-forma-conjunta\/\" \/>\n<meta property=\"article:publisher\" content=\"https:\/\/www.facebook.com\/Portal-Urbano-171542830093757\/\" \/>\n<meta property=\"article:published_time\" content=\"2021-03-25T15:35:35+00:00\" \/>\n<meta property=\"article:modified_time\" content=\"2021-03-25T15:39:17+00:00\" \/>\n<meta property=\"og:image\" content=\"https:\/\/experienciadevida.com.ar\/portalurbano\/wp-content\/uploads\/2021\/03\/Discapacidad-y-personas-mayores.jpg\" \/>\n\t<meta property=\"og:image:width\" content=\"1181\" \/>\n\t<meta property=\"og:image:height\" content=\"787\" \/>\n\t<meta property=\"og:image:type\" content=\"image\/jpeg\" \/>\n<meta name=\"author\" content=\"admpu17wp\" \/>\n<meta name=\"twitter:card\" content=\"summary_large_image\" \/>\n<meta name=\"twitter:creator\" content=\"@portalurbanook\" \/>\n<meta name=\"twitter:site\" content=\"@portalurbanook\" \/>\n<meta name=\"twitter:label1\" content=\"Escrito por\" \/>\n\t<meta name=\"twitter:data1\" content=\"admpu17wp\" \/>\n\t<meta name=\"twitter:label2\" content=\"Tiempo de lectura\" \/>\n\t<meta name=\"twitter:data2\" content=\"1 minuto\" \/>\n<script type=\"application\/ld+json\" class=\"yoast-schema-graph\">{\"@context\":\"https:\/\/schema.org\",\"@graph\":[{\"@type\":\"Article\",\"@id\":\"https:\/\/experienciadevida.com.ar\/portalurbano\/discapacidad-y-personas-mayores-estrategias-de-intervencion-en-forma-conjunta\/#article\",\"isPartOf\":{\"@id\":\"https:\/\/experienciadevida.com.ar\/portalurbano\/discapacidad-y-personas-mayores-estrategias-de-intervencion-en-forma-conjunta\/\"},\"author\":{\"name\":\"admpu17wp\",\"@id\":\"https:\/\/experienciadevida.com.ar\/portalurbano\/#\/schema\/person\/02dd326b1c4b056e9cc972486934a3a7\"},\"headline\":\"Discapacidad y Personas Mayores: estrategias de intervenci\u00f3n en forma conjunta\",\"datePublished\":\"2021-03-25T15:35:35+00:00\",\"dateModified\":\"2021-03-25T15:39:17+00:00\",\"mainEntityOfPage\":{\"@id\":\"https:\/\/experienciadevida.com.ar\/portalurbano\/discapacidad-y-personas-mayores-estrategias-de-intervencion-en-forma-conjunta\/\"},\"wordCount\":146,\"publisher\":{\"@id\":\"https:\/\/experienciadevida.com.ar\/portalurbano\/#organization\"},\"articleSection\":[\"Ciudad\",\"Destacadas 2\"],\"inLanguage\":\"es\"},{\"@type\":\"WebPage\",\"@id\":\"https:\/\/experienciadevida.com.ar\/portalurbano\/discapacidad-y-personas-mayores-estrategias-de-intervencion-en-forma-conjunta\/\",\"url\":\"https:\/\/experienciadevida.com.ar\/portalurbano\/discapacidad-y-personas-mayores-estrategias-de-intervencion-en-forma-conjunta\/\",\"name\":\"Discapacidad y personas mayores: estrategias de intervenci\u00f3n\",\"isPartOf\":{\"@id\":\"https:\/\/experienciadevida.com.ar\/portalurbano\/#website\"},\"datePublished\":\"2021-03-25T15:35:35+00:00\",\"dateModified\":\"2021-03-25T15:39:17+00:00\",\"description\":\"Discapacidad y Personas Mayores: estrategias de intervenci\u00f3n en forma conjunta, finaliz\u00f3 el programa de recorridas por los territoriales\",\"breadcrumb\":{\"@id\":\"https:\/\/experienciadevida.com.ar\/portalurbano\/discapacidad-y-personas-mayores-estrategias-de-intervencion-en-forma-conjunta\/#breadcrumb\"},\"inLanguage\":\"es\",\"potentialAction\":[{\"@type\":\"ReadAction\",\"target\":[\"https:\/\/experienciadevida.com.ar\/portalurbano\/discapacidad-y-personas-mayores-estrategias-de-intervencion-en-forma-conjunta\/\"]}]},{\"@type\":\"BreadcrumbList\",\"@id\":\"https:\/\/experienciadevida.com.ar\/portalurbano\/discapacidad-y-personas-mayores-estrategias-de-intervencion-en-forma-conjunta\/#breadcrumb\",\"itemListElement\":[{\"@type\":\"ListItem\",\"position\":1,\"name\":\"Portada\",\"item\":\"https:\/\/experienciadevida.com.ar\/portalurbano\/\"},{\"@type\":\"ListItem\",\"position\":2,\"name\":\"Discapacidad y Personas Mayores: estrategias de intervenci\u00f3n en forma conjunta\"}]},{\"@type\":\"WebSite\",\"@id\":\"https:\/\/experienciadevida.com.ar\/portalurbano\/#website\",\"url\":\"https:\/\/experienciadevida.com.ar\/portalurbano\/\",\"name\":\"\",\"description\":\"\",\"publisher\":{\"@id\":\"https:\/\/experienciadevida.com.ar\/portalurbano\/#organization\"},\"potentialAction\":[{\"@type\":\"SearchAction\",\"target\":{\"@type\":\"EntryPoint\",\"urlTemplate\":\"https:\/\/experienciadevida.com.ar\/portalurbano\/?s={search_term_string}\"},\"query-input\":\"required name=search_term_string\"}],\"inLanguage\":\"es\"},{\"@type\":\"Organization\",\"@id\":\"https:\/\/experienciadevida.com.ar\/portalurbano\/#organization\",\"name\":\"Portal Urbano\",\"url\":\"https:\/\/experienciadevida.com.ar\/portalurbano\/\",\"logo\":{\"@type\":\"ImageObject\",\"inLanguage\":\"es\",\"@id\":\"https:\/\/experienciadevida.com.ar\/portalurbano\/#\/schema\/logo\/image\/\",\"url\":\"https:\/\/experienciadevida.com.ar\/portalurbano\/wp-content\/uploads\/2019\/09\/Logo-Original.png\",\"contentUrl\":\"https:\/\/experienciadevida.com.ar\/portalurbano\/wp-content\/uploads\/2019\/09\/Logo-Original.png\",\"width\":2236,\"height\":1216,\"caption\":\"Portal Urbano\"},\"image\":{\"@id\":\"https:\/\/experienciadevida.com.ar\/portalurbano\/#\/schema\/logo\/image\/\"},\"sameAs\":[\"https:\/\/www.facebook.com\/Portal-Urbano-171542830093757\/\",\"https:\/\/twitter.com\/portalurbanook\",\"https:\/\/www.instagram.com\/_portalurbano\/\",\"https:\/\/www.youtube.com\/channel\/UCXhagIfszH8KxFiOok79zbA?view_as=subscriber\"]},{\"@type\":\"Person\",\"@id\":\"https:\/\/experienciadevida.com.ar\/portalurbano\/#\/schema\/person\/02dd326b1c4b056e9cc972486934a3a7\",\"name\":\"admpu17wp\",\"image\":{\"@type\":\"ImageObject\",\"inLanguage\":\"es\",\"@id\":\"https:\/\/experienciadevida.com.ar\/portalurbano\/#\/schema\/person\/image\/\",\"url\":\"https:\/\/secure.gravatar.com\/avatar\/830d4c57adaae6630765e449a6908047?s=96&d=mm&r=g\",\"contentUrl\":\"https:\/\/secure.gravatar.com\/avatar\/830d4c57adaae6630765e449a6908047?s=96&d=mm&r=g\",\"caption\":\"admpu17wp\"}}]}<\/script>\n<!-- \/ Yoast SEO plugin. -->","yoast_head_json":{"title":"Discapacidad y personas mayores: estrategias de intervenci\u00f3n","description":"Discapacidad y Personas Mayores: estrategias de intervenci\u00f3n en forma conjunta, finaliz\u00f3 el programa de recorridas por los territoriales","robots":{"index":"index","follow":"follow","max-snippet":"max-snippet:-1","max-image-preview":"max-image-preview:large","max-video-preview":"max-video-preview:-1"},"canonical":"https:\/\/experienciadevida.com.ar\/portalurbano\/discapacidad-y-personas-mayores-estrategias-de-intervencion-en-forma-conjunta\/","og_locale":"es_ES","og_type":"article","og_title":"Discapacidad y personas mayores: estrategias de intervenci\u00f3n","og_description":"Discapacidad y Personas Mayores: estrategias de intervenci\u00f3n en forma conjunta, finaliz\u00f3 el programa de recorridas por los territoriales","og_url":"https:\/\/experienciadevida.com.ar\/portalurbano\/discapacidad-y-personas-mayores-estrategias-de-intervencion-en-forma-conjunta\/","article_publisher":"https:\/\/www.facebook.com\/Portal-Urbano-171542830093757\/","article_published_time":"2021-03-25T15:35:35+00:00","article_modified_time":"2021-03-25T15:39:17+00:00","og_image":[{"width":1181,"height":787,"url":"https:\/\/experienciadevida.com.ar\/portalurbano\/wp-content\/uploads\/2021\/03\/Discapacidad-y-personas-mayores.jpg","type":"image\/jpeg"}],"author":"admpu17wp","twitter_card":"summary_large_image","twitter_creator":"@portalurbanook","twitter_site":"@portalurbanook","twitter_misc":{"Escrito por":"admpu17wp","Tiempo de lectura":"1 minuto"},"schema":{"@context":"https:\/\/schema.org","@graph":[{"@type":"Article","@id":"https:\/\/experienciadevida.com.ar\/portalurbano\/discapacidad-y-personas-mayores-estrategias-de-intervencion-en-forma-conjunta\/#article","isPartOf":{"@id":"https:\/\/experienciadevida.com.ar\/portalurbano\/discapacidad-y-personas-mayores-estrategias-de-intervencion-en-forma-conjunta\/"},"author":{"name":"admpu17wp","@id":"https:\/\/experienciadevida.com.ar\/portalurbano\/#\/schema\/person\/02dd326b1c4b056e9cc972486934a3a7"},"headline":"Discapacidad y Personas Mayores: estrategias de intervenci\u00f3n en forma conjunta","datePublished":"2021-03-25T15:35:35+00:00","dateModified":"2021-03-25T15:39:17+00:00","mainEntityOfPage":{"@id":"https:\/\/experienciadevida.com.ar\/portalurbano\/discapacidad-y-personas-mayores-estrategias-de-intervencion-en-forma-conjunta\/"},"wordCount":146,"publisher":{"@id":"https:\/\/experienciadevida.com.ar\/portalurbano\/#organization"},"articleSection":["Ciudad","Destacadas 2"],"inLanguage":"es"},{"@type":"WebPage","@id":"https:\/\/experienciadevida.com.ar\/portalurbano\/discapacidad-y-personas-mayores-estrategias-de-intervencion-en-forma-conjunta\/","url":"https:\/\/experienciadevida.com.ar\/portalurbano\/discapacidad-y-personas-mayores-estrategias-de-intervencion-en-forma-conjunta\/","name":"Discapacidad y personas mayores: estrategias de intervenci\u00f3n","isPartOf":{"@id":"https:\/\/experienciadevida.com.ar\/portalurbano\/#website"},"datePublished":"2021-03-25T15:35:35+00:00","dateModified":"2021-03-25T15:39:17+00:00","description":"Discapacidad y Personas Mayores: estrategias de intervenci\u00f3n en forma conjunta, finaliz\u00f3 el programa de recorridas por los territoriales","breadcrumb":{"@id":"https:\/\/experienciadevida.com.ar\/portalurbano\/discapacidad-y-personas-mayores-estrategias-de-intervencion-en-forma-conjunta\/#breadcrumb"},"inLanguage":"es","potentialAction":[{"@type":"ReadAction","target":["https:\/\/experienciadevida.com.ar\/portalurbano\/discapacidad-y-personas-mayores-estrategias-de-intervencion-en-forma-conjunta\/"]}]},{"@type":"BreadcrumbList","@id":"https:\/\/experienciadevida.com.ar\/portalurbano\/discapacidad-y-personas-mayores-estrategias-de-intervencion-en-forma-conjunta\/#breadcrumb","itemListElement":[{"@type":"ListItem","position":1,"name":"Portada","item":"https:\/\/experienciadevida.com.ar\/portalurbano\/"},{"@type":"ListItem","position":2,"name":"Discapacidad y Personas Mayores: estrategias de intervenci\u00f3n en forma conjunta"}]},{"@type":"WebSite","@id":"https:\/\/experienciadevida.com.ar\/portalurbano\/#website","url":"https:\/\/experienciadevida.com.ar\/portalurbano\/","name":"","description":"","publisher":{"@id":"https:\/\/experienciadevida.com.ar\/portalurbano\/#organization"},"potentialAction":[{"@type":"SearchAction","target":{"@type":"EntryPoint","urlTemplate":"https:\/\/experienciadevida.com.ar\/portalurbano\/?s={search_term_string}"},"query-input":"required name=search_term_string"}],"inLanguage":"es"},{"@type":"Organization","@id":"https:\/\/experienciadevida.com.ar\/portalurbano\/#organization","name":"Portal Urbano","url":"https:\/\/experienciadevida.com.ar\/portalurbano\/","logo":{"@type":"ImageObject","inLanguage":"es","@id":"https:\/\/experienciadevida.com.ar\/portalurbano\/#\/schema\/logo\/image\/","url":"https:\/\/experienciadevida.com.ar\/portalurbano\/wp-content\/uploads\/2019\/09\/Logo-Original.png","contentUrl":"https:\/\/experienciadevida.com.ar\/portalurbano\/wp-content\/uploads\/2019\/09\/Logo-Original.png","width":2236,"height":1216,"caption":"Portal Urbano"},"image":{"@id":"https:\/\/experienciadevida.com.ar\/portalurbano\/#\/schema\/logo\/image\/"},"sameAs":["https:\/\/www.facebook.com\/Portal-Urbano-171542830093757\/","https:\/\/twitter.com\/portalurbanook","https:\/\/www.instagram.com\/_portalurbano\/","https:\/\/www.youtube.com\/channel\/UCXhagIfszH8KxFiOok79zbA?view_as=subscriber"]},{"@type":"Person","@id":"https:\/\/experienciadevida.com.ar\/portalurbano\/#\/schema\/person\/02dd326b1c4b056e9cc972486934a3a7","name":"admpu17wp","image":{"@type":"ImageObject","inLanguage":"es","@id":"https:\/\/experienciadevida.com.ar\/portalurbano\/#\/schema\/person\/image\/","url":"https:\/\/secure.gravatar.com\/avatar\/830d4c57adaae6630765e449a6908047?s=96&d=mm&r=g","contentUrl":"https:\/\/secure.gravatar.com\/avatar\/830d4c57adaae6630765e449a6908047?s=96&d=mm&r=g","caption":"admpu17wp"}}]}},"featured_image_urls":{"full":["https:\/\/experienciadevida.com.ar\/portalurbano\/wp-content\/uploads\/2021\/03\/Discapacidad-y-personas-mayores.jpg",1181,787,false],"thumbnail":["https:\/\/experienciadevida.com.ar\/portalurbano\/wp-content\/uploads\/2021\/03\/Discapacidad-y-personas-mayores-150x150.jpg",150,150,true],"medium":["https:\/\/experienciadevida.com.ar\/portalurbano\/wp-content\/uploads\/2021\/03\/Discapacidad-y-personas-mayores-300x200.jpg",300,200,true],"medium_large":["https:\/\/experienciadevida.com.ar\/portalurbano\/wp-content\/uploads\/2021\/03\/Discapacidad-y-personas-mayores-768x512.jpg",640,427,true],"large":["https:\/\/experienciadevida.com.ar\/portalurbano\/wp-content\/uploads\/2021\/03\/Discapacidad-y-personas-mayores-1024x682.jpg",640,426,true],"ug_big":["https:\/\/experienciadevida.com.ar\/portalurbano\/wp-content\/uploads\/2021\/03\/Discapacidad-y-personas-mayores-768x512.jpg",768,512,true],"1536x1536":["https:\/\/experienciadevida.com.ar\/portalurbano\/wp-content\/uploads\/2021\/03\/Discapacidad-y-personas-mayores.jpg",1181,787,false],"2048x2048":["https:\/\/experienciadevida.com.ar\/portalurbano\/wp-content\/uploads\/2021\/03\/Discapacidad-y-personas-mayores.jpg",1181,787,false],"newsever-slider-full":["https:\/\/experienciadevida.com.ar\/portalurbano\/wp-content\/uploads\/2021\/03\/Discapacidad-y-personas-mayores.jpg",1181,787,false],"newsever-featured":["https:\/\/experienciadevida.com.ar\/portalurbano\/wp-content\/uploads\/2021\/03\/Discapacidad-y-personas-mayores.jpg",1024,682,false],"newsever-medium":["https:\/\/experienciadevida.com.ar\/portalurbano\/wp-content\/uploads\/2021\/03\/Discapacidad-y-personas-mayores.jpg",713,475,false],"web-stories-poster-portrait":["https:\/\/experienciadevida.com.ar\/portalurbano\/wp-content\/uploads\/2021\/03\/Discapacidad-y-personas-mayores.jpg",640,426,false],"web-stories-publisher-logo":["https:\/\/experienciadevida.com.ar\/portalurbano\/wp-content\/uploads\/2021\/03\/Discapacidad-y-personas-mayores.jpg",96,64,false],"web-stories-thumbnail":["https:\/\/experienciadevida.com.ar\/portalurbano\/wp-content\/uploads\/2021\/03\/Discapacidad-y-personas-mayores.jpg",150,100,false]},"author_info":{"display_name":"admpu17wp","author_link":"https:\/\/experienciadevida.com.ar\/portalurbano\/author\/admpu17wp\/"},"category_info":"<a href=\"https:\/\/experienciadevida.com.ar\/portalurbano\/category\/ciudad\/\" rel=\"category tag\">Ciudad<\/a> <a href=\"https:\/\/experienciadevida.com.ar\/portalurbano\/category\/destacadas-2\/\" rel=\"category tag\">Destacadas 2<\/a>","tag_info":"Destacadas 2","comment_count":"0","amp_enabled":true,"_links":{"self":[{"href":"https:\/\/experienciadevida.com.ar\/portalurbano\/wp-json\/wp\/v2\/posts\/138423"}],"collection":[{"href":"https:\/\/experienciadevida.com.ar\/portalurbano\/wp-json\/wp\/v2\/posts"}],"about":[{"href":"https:\/\/experienciadevida.com.ar\/portalurbano\/wp-json\/wp\/v2\/types\/post"}],"author":[{"embeddable":true,"href":"https:\/\/experienciadevida.com.ar\/portalurbano\/wp-json\/wp\/v2\/users\/1"}],"replies":[{"embeddable":true,"href":"https:\/\/experienciadevida.com.ar\/portalurbano\/wp-json\/wp\/v2\/comments?post=138423"}],"version-history":[{"count":2,"href":"https:\/\/experienciadevida.com.ar\/portalurbano\/wp-json\/wp\/v2\/posts\/138423\/revisions"}],"predecessor-version":[{"id":138429,"href":"https:\/\/experienciadevida.com.ar\/portalurbano\/wp-json\/wp\/v2\/posts\/138423\/revisions\/138429"}],"wp:featuredmedia":[{"embeddable":true,"href":"https:\/\/experienciadevida.com.ar\/portalurbano\/wp-json\/wp\/v2\/media\/138424"}],"wp:attachment":[{"href":"https:\/\/experienciadevida.com.ar\/portalurbano\/wp-json\/wp\/v2\/media?parent=138423"}],"wp:term":[{"taxonomy":"category","embeddable":true,"href":"https:\/\/experienciadevida.com.ar\/portalurbano\/wp-json\/wp\/v2\/categories?post=138423"},{"taxonomy":"post_tag","embeddable":true,"href":"https:\/\/experienciadevida.com.ar\/portalurbano\/wp-json\/wp\/v2\/tags?post=138423"}],"curies":[{"name":"wp","href":"https:\/\/api.w.org\/{rel}","templated":true}]}}