{"id":138384,"date":"2021-03-24T22:14:06","date_gmt":"2021-03-25T01:14:06","guid":{"rendered":"https:\/\/experienciadevida.com.ar\/portalurbano\/?p=138384"},"modified":"2021-03-24T22:27:03","modified_gmt":"2021-03-25T01:27:03","slug":"este-miercoles-colocaron-pegatinas-y-un-listado-de-abusadores-en-olavarria","status":"publish","type":"post","link":"https:\/\/experienciadevida.com.ar\/portalurbano\/este-miercoles-colocaron-pegatinas-y-un-listado-de-abusadores-en-olavarria\/","title":{"rendered":"Este mi\u00e9rcoles colocaron pegatinas y un listado de abusadores en Olavarr\u00eda"},"content":{"rendered":"<p>Este mi\u00e9rcoles colocaron pegatinas y un listado de abusadores en Olavarr\u00eda. En la jornada de este mi\u00e9rcoles, madres y familiares de v\u00edctimas de abuso sexual se concentraron en fiscal\u00eda para pedir justicia por todas, all\u00ed colocaron pegatinas y un listado de abusadores en Olavarr\u00eda.<\/p>\n<p>Cerca de las 16hs de este mi\u00e9rcoles un grupo de mujeres se convoc\u00f3 en fiscal\u00eda para colocar pegatinas. Madres de ni\u00f1as y ni\u00f1os v\u00edctimas de abuso sexual que se encuentran esperando que la justicia act\u00fae y proteja las infancias.<\/p>\n<p>Tambi\u00e9n particip\u00f3 de la actividad acompa\u00f1ando al grupo Liliana Cuenca, Presidenta de la Asociaci\u00f3n Civil <a href=\"https:\/\/www.facebook.com\/asociacioncivilanimate\">Animate<\/a> que acompa\u00f1a y asesora v\u00edctimas de abuso sexual en nuestra ciudad.<\/p>\n<p>Este mi\u00e9rcoles colocaron pegatinas y un listado de abusadores en Olavarr\u00eda y este medio dialog\u00f3 con una de las mam\u00e1s que concurri\u00f3 a la actividad, Anabela, quien expres\u00f3 &#8220;<em>soy mam\u00e1 de una v\u00edctima que es menor, el caso fue en el 2017 esta persona es mayor de edad, se que no va a ir preso porque tiene 76 a\u00f1os y su condici\u00f3n de la edad\u00a0 y supuestamente las patolog\u00edas que ha presentado por los m\u00e9dicos es persona de riesgo y no va a ir nunca preso, pero estoy esperando el tiempo que me dio la justicia que son 10 meses desde que a el lo imputan, reci\u00e9n vamos cinco meses, tengo que esperar cinco m\u00e1s o no se cuanto m\u00e1s porque con el tema de la pandemia est\u00e1n suspendiendo un mont\u00f3n de cosas, al menos para que haya un juicio&#8221;.<\/em><\/p>\n<p><em>&#8220;Solamente quiero que \u00e9l est\u00e9 encerrado que pase los \u00faltimos a\u00f1os de vida adentro de su casa, y que no haya nunca m\u00e1s una hija m\u00eda ni ninguna otra que pase por lo mismo, porque no es que solamente es la m\u00eda, hay una lista somos un mont\u00f3n pidiendo justicia, la mayor\u00eda est\u00e1n sueltos porque hay muy pocos detenidos y lo que es la parte de justicia de fiscal\u00eda nos &#8220;pilotean&#8221;, nos dicen &#8220;ma\u00f1ana te llamo&#8221;, nunca nos llaman, tenemos que volver a llamar nosotros siempre con respeto porque nunca vinimos a hacer ning\u00fan tipo de problema, yo siempre hablo con respeto y las chicas tambi\u00e9n. Esperas 15 d\u00edas que es un mont\u00f3n, porque mi hija tuvo crisis, vamos a la psic\u00f3loga, psiquiatra, hay un mont\u00f3n de cosas en el medio, no es solamente que vos haces una denuncia\u00a0 y queda todo atr\u00e1s&#8221;.<\/em><\/p>\n<p>A su vez dijo &#8220;<em>cuando mi hija le pas\u00f3 ten\u00eda 11 a\u00f1os ahora tiene 15, todo un tema para un adolescente para todo para cualquier chico, entonces el juez tiene que &#8220;ponerse los pantalones&#8221; y la fiscal tambi\u00e9n, se tienen que poner un poquito en el lugar de nosotras las mam\u00e1s. En mi caso tengo a mi marido y me apoya much\u00edsimo pero la cara visible siempre soy yo, la denunciante, he sufrido un mont\u00f3n de cosas, situaciones horribles que me la he aguantado porque yo a mi hija le dije que hasta el d\u00eda que no vea justicia no iba a parar, y el d\u00eda que tenga justicia mi hija tambi\u00e9n voy a seguir porque no quiero que haya m\u00e1s abusadores en la calle. Hay mucha &#8220;mierda&#8221; porque estas personas no tienen nada en la cabeza porque le destruyen la adolescencia, ni\u00f1ez y a una familia porque no es que solamente abusan de tu hija abusan de tu familia y de la confianza de la familia&#8221;.<\/em><\/p>\n<p>Este mi\u00e9rcoles colocaron pegatinas y un listado de abusadores en Olavarr\u00eda,<em> &#8220;Despu\u00e9s tenes que seguir vos de fiscal\u00eda te mandan a psic\u00f3logos, psiquiatras que tuvimos una atenci\u00f3n espectacular del Hospital, y la mayor\u00eda de las veces que a mi hija le han agarrado crisis est\u00e1n ah\u00ed, la encargada de la parte de psicolog\u00eda es un espect\u00e1culo, tampoco puedo decir nada de la psiquiatra porque la hemos pasado feo y ellas est\u00e1n enseguida, ahora en pandemia nos llamaron todos los d\u00edas. Tengo que cuidar a mi hija de que ande en la calle porque lamentablemente ahora una perimetral no te sirve de nada o un bot\u00f3n antip\u00e1nico que lo he llegado a tener no me sirve de nada, porque hasta que aprieto el bot\u00f3n ya le pudo haber hecho cualquier cosa&#8221;.<\/em><\/p>\n<p>Adem\u00e1s mencion\u00f3 &#8220;<em>lo devolv\u00ed porque no me serv\u00eda, tenes que explicarle a la polic\u00eda porque lo estas aplicando, como la restricci\u00f3n tienen que controlar al abusador. Yo viv\u00ed un a\u00f1o al\u00a0 lado del abusador hasta que me pude ir del barrio y las padec\u00ed, mi familia sigue viviendo al lado, tengo que dejar de ir&#8221;<\/em><\/p>\n<p><em>&#8220;Lo que quiero es justicia para todos y que los jueces se empiecen a despertar que Olavarr\u00eda se empiece a despertar, nos sentimos muy abandonadas, si no tuvi\u00e9ramos a Liliana no s\u00e9 que hubi\u00e9semos hecho. Con Liliana me contact\u00e9 desde el primer momento, me acompa\u00f1\u00f3 a todos lados&#8221;.<\/em><\/p>\n<p>Por \u00faltimo mencion\u00f3 &#8220;<em>si no fuese por ella no se que ser\u00eda de nosotras, estar\u00edamos cada una con su dolor en su casa, pero hoy podemos expresarlo, somos libres y tenemos derecho de expresarlo. Agradezco a liliana porque de la parte fiscal te abandonan, venis a hacer una denuncia un numero de causa y no te dicen m\u00e1s nada, si no tenes un abogado particular las causas se archivan&#8221;.\u00a0<\/em><\/p>\n<p><a href=\"https:\/\/experienciadevida.com.ar\/portalurbano\/este-miercoles-colocaron-pegatinas-y-un-listado-de-abusadores-en-olavarria\/fiscalia1\/\" rel=\"attachment wp-att-138388\"><img decoding=\"async\" class=\"alignnone size-full wp-image-138388\" src=\"https:\/\/experienciadevida.com.ar\/portalurbano\/wp-content\/uploads\/2021\/03\/FISCALIA1.jpg\" alt=\"\" width=\"765\" height=\"510\" srcset=\"https:\/\/experienciadevida.com.ar\/portalurbano\/wp-content\/uploads\/2021\/03\/FISCALIA1.jpg 765w, https:\/\/experienciadevida.com.ar\/portalurbano\/wp-content\/uploads\/2021\/03\/FISCALIA1-300x200.jpg 300w\" sizes=\"(max-width: 765px) 100vw, 765px\" \/><\/a><\/p>\n<p><a href=\"https:\/\/experienciadevida.com.ar\/portalurbano\/este-miercoles-colocaron-pegatinas-y-un-listado-de-abusadores-en-olavarria\/fiscalia2\/\" rel=\"attachment wp-att-138389\"><img decoding=\"async\" class=\"alignnone size-full wp-image-138389\" src=\"https:\/\/experienciadevida.com.ar\/portalurbano\/wp-content\/uploads\/2021\/03\/FISCALIA2.jpg\" alt=\"\" width=\"765\" height=\"510\" srcset=\"https:\/\/experienciadevida.com.ar\/portalurbano\/wp-content\/uploads\/2021\/03\/FISCALIA2.jpg 765w, https:\/\/experienciadevida.com.ar\/portalurbano\/wp-content\/uploads\/2021\/03\/FISCALIA2-300x200.jpg 300w\" sizes=\"(max-width: 765px) 100vw, 765px\" \/><\/a><\/p>\n<p><a href=\"https:\/\/experienciadevida.com.ar\/portalurbano\/este-miercoles-colocaron-pegatinas-y-un-listado-de-abusadores-en-olavarria\/fiscalia3\/\" rel=\"attachment wp-att-138390\"><img decoding=\"async\" class=\"alignnone size-full wp-image-138390\" src=\"https:\/\/experienciadevida.com.ar\/portalurbano\/wp-content\/uploads\/2021\/03\/FISCALIA3.jpg\" alt=\"\" width=\"765\" height=\"510\" srcset=\"https:\/\/experienciadevida.com.ar\/portalurbano\/wp-content\/uploads\/2021\/03\/FISCALIA3.jpg 765w, https:\/\/experienciadevida.com.ar\/portalurbano\/wp-content\/uploads\/2021\/03\/FISCALIA3-300x200.jpg 300w\" sizes=\"(max-width: 765px) 100vw, 765px\" \/><\/a><\/p>\n<p><a href=\"https:\/\/experienciadevida.com.ar\/portalurbano\/este-miercoles-colocaron-pegatinas-y-un-listado-de-abusadores-en-olavarria\/fiscalia4\/\" rel=\"attachment wp-att-138391\"><img decoding=\"async\" class=\"alignnone size-full wp-image-138391\" src=\"https:\/\/experienciadevida.com.ar\/portalurbano\/wp-content\/uploads\/2021\/03\/FISCALIA4.jpg\" alt=\"\" width=\"765\" height=\"510\" srcset=\"https:\/\/experienciadevida.com.ar\/portalurbano\/wp-content\/uploads\/2021\/03\/FISCALIA4.jpg 765w, https:\/\/experienciadevida.com.ar\/portalurbano\/wp-content\/uploads\/2021\/03\/FISCALIA4-300x200.jpg 300w\" sizes=\"(max-width: 765px) 100vw, 765px\" \/><\/a><\/p>\n<p><a href=\"https:\/\/experienciadevida.com.ar\/portalurbano\/este-miercoles-colocaron-pegatinas-y-un-listado-de-abusadores-en-olavarria\/fiscalia5\/\" rel=\"attachment wp-att-138392\"><img decoding=\"async\" class=\"alignnone size-full wp-image-138392\" src=\"https:\/\/experienciadevida.com.ar\/portalurbano\/wp-content\/uploads\/2021\/03\/FISCALIA5.jpg\" alt=\"\" width=\"765\" height=\"510\" srcset=\"https:\/\/experienciadevida.com.ar\/portalurbano\/wp-content\/uploads\/2021\/03\/FISCALIA5.jpg 765w, https:\/\/experienciadevida.com.ar\/portalurbano\/wp-content\/uploads\/2021\/03\/FISCALIA5-300x200.jpg 300w\" sizes=\"(max-width: 765px) 100vw, 765px\" \/><\/a><\/p>\n<p><a href=\"https:\/\/experienciadevida.com.ar\/portalurbano\/este-miercoles-colocaron-pegatinas-y-un-listado-de-abusadores-en-olavarria\/fiscalia6\/\" rel=\"attachment wp-att-138393\"><img decoding=\"async\" class=\"alignnone size-full wp-image-138393\" src=\"https:\/\/experienciadevida.com.ar\/portalurbano\/wp-content\/uploads\/2021\/03\/FISCALIA6.jpg\" alt=\"\" width=\"765\" height=\"510\" srcset=\"https:\/\/experienciadevida.com.ar\/portalurbano\/wp-content\/uploads\/2021\/03\/FISCALIA6.jpg 765w, https:\/\/experienciadevida.com.ar\/portalurbano\/wp-content\/uploads\/2021\/03\/FISCALIA6-300x200.jpg 300w\" sizes=\"(max-width: 765px) 100vw, 765px\" \/><\/a><\/p>\n<p><a href=\"https:\/\/experienciadevida.com.ar\/portalurbano\/este-miercoles-colocaron-pegatinas-y-un-listado-de-abusadores-en-olavarria\/fiscalia7\/\" rel=\"attachment wp-att-138394\"><img decoding=\"async\" class=\"alignnone size-full wp-image-138394\" src=\"https:\/\/experienciadevida.com.ar\/portalurbano\/wp-content\/uploads\/2021\/03\/FISCALIA7.jpg\" alt=\"\" width=\"765\" height=\"510\" srcset=\"https:\/\/experienciadevida.com.ar\/portalurbano\/wp-content\/uploads\/2021\/03\/FISCALIA7.jpg 765w, https:\/\/experienciadevida.com.ar\/portalurbano\/wp-content\/uploads\/2021\/03\/FISCALIA7-300x200.jpg 300w\" sizes=\"(max-width: 765px) 100vw, 765px\" \/><\/a><\/p>\n<p><a href=\"https:\/\/experienciadevida.com.ar\/portalurbano\/este-miercoles-colocaron-pegatinas-y-un-listado-de-abusadores-en-olavarria\/fiscalia8\/\" rel=\"attachment wp-att-138395\"><img decoding=\"async\" class=\"alignnone size-full wp-image-138395\" src=\"https:\/\/experienciadevida.com.ar\/portalurbano\/wp-content\/uploads\/2021\/03\/FISCALIA8.jpg\" alt=\"\" width=\"765\" height=\"510\" srcset=\"https:\/\/experienciadevida.com.ar\/portalurbano\/wp-content\/uploads\/2021\/03\/FISCALIA8.jpg 765w, https:\/\/experienciadevida.com.ar\/portalurbano\/wp-content\/uploads\/2021\/03\/FISCALIA8-300x200.jpg 300w\" sizes=\"(max-width: 765px) 100vw, 765px\" \/><\/a><\/p>\n<p><a href=\"https:\/\/experienciadevida.com.ar\/portalurbano\/este-miercoles-colocaron-pegatinas-y-un-listado-de-abusadores-en-olavarria\/fiscalia9\/\" rel=\"attachment wp-att-138396\"><img decoding=\"async\" class=\"alignnone size-full wp-image-138396\" src=\"https:\/\/experienciadevida.com.ar\/portalurbano\/wp-content\/uploads\/2021\/03\/FISCALIA9.jpg\" alt=\"\" width=\"765\" height=\"510\" srcset=\"https:\/\/experienciadevida.com.ar\/portalurbano\/wp-content\/uploads\/2021\/03\/FISCALIA9.jpg 765w, https:\/\/experienciadevida.com.ar\/portalurbano\/wp-content\/uploads\/2021\/03\/FISCALIA9-300x200.jpg 300w\" sizes=\"(max-width: 765px) 100vw, 765px\" \/><\/a><\/p>\n<p><a href=\"https:\/\/experienciadevida.com.ar\/portalurbano\/este-miercoles-colocaron-pegatinas-y-un-listado-de-abusadores-en-olavarria\/fiscalia10\/\" rel=\"attachment wp-att-138397\"><img decoding=\"async\" class=\"alignnone size-full wp-image-138397\" src=\"https:\/\/experienciadevida.com.ar\/portalurbano\/wp-content\/uploads\/2021\/03\/FISCALIA10.jpg\" alt=\"\" width=\"765\" height=\"510\" srcset=\"https:\/\/experienciadevida.com.ar\/portalurbano\/wp-content\/uploads\/2021\/03\/FISCALIA10.jpg 765w, https:\/\/experienciadevida.com.ar\/portalurbano\/wp-content\/uploads\/2021\/03\/FISCALIA10-300x200.jpg 300w\" sizes=\"(max-width: 765px) 100vw, 765px\" \/><\/a><\/p>\n<p><a href=\"https:\/\/experienciadevida.com.ar\/portalurbano\/este-miercoles-colocaron-pegatinas-y-un-listado-de-abusadores-en-olavarria\/fiscalia11\/\" rel=\"attachment wp-att-138398\"><img decoding=\"async\" class=\"alignnone size-full wp-image-138398\" src=\"https:\/\/experienciadevida.com.ar\/portalurbano\/wp-content\/uploads\/2021\/03\/FISCALIA11.jpg\" alt=\"\" width=\"765\" height=\"510\" srcset=\"https:\/\/experienciadevida.com.ar\/portalurbano\/wp-content\/uploads\/2021\/03\/FISCALIA11.jpg 765w, https:\/\/experienciadevida.com.ar\/portalurbano\/wp-content\/uploads\/2021\/03\/FISCALIA11-300x200.jpg 300w\" sizes=\"(max-width: 765px) 100vw, 765px\" \/><\/a><\/p>\n<p><a href=\"https:\/\/experienciadevida.com.ar\/portalurbano\/este-miercoles-colocaron-pegatinas-y-un-listado-de-abusadores-en-olavarria\/fiscalia12\/\" rel=\"attachment wp-att-138399\"><img decoding=\"async\" class=\"alignnone size-full wp-image-138399\" src=\"https:\/\/experienciadevida.com.ar\/portalurbano\/wp-content\/uploads\/2021\/03\/FISCALIA12.jpg\" alt=\"\" width=\"765\" height=\"510\" srcset=\"https:\/\/experienciadevida.com.ar\/portalurbano\/wp-content\/uploads\/2021\/03\/FISCALIA12.jpg 765w, https:\/\/experienciadevida.com.ar\/portalurbano\/wp-content\/uploads\/2021\/03\/FISCALIA12-300x200.jpg 300w\" sizes=\"(max-width: 765px) 100vw, 765px\" \/><\/a><\/p>\n","protected":false},"excerpt":{"rendered":"<p>Este mi\u00e9rcoles colocaron pegatinas y un listado de abusadores en Olavarr\u00eda. En la jornada de&#8230;<\/p>\n","protected":false},"author":1,"featured_media":138385,"comment_status":"closed","ping_status":"closed","sticky":false,"template":"","format":"standard","meta":{"content-type":""},"categories":[27,64],"tags":[],"nelio_content":{"isAutoShareEnabled":false,"autoShareEndMode":"default","automationSources":{"useContentSentences":true,"useSocialTemplates":true,"useCustomSentences":false,"customSentences":[]},"followers":[1],"suggestedReferences":[],"includedReferences":[],"efiUrl":"","efiAlt":"","highlights":[]},"yoast_head":"<!-- This site is optimized with the Yoast SEO plugin v20.7 - https:\/\/yoast.com\/wordpress\/plugins\/seo\/ -->\n<title>Este mi\u00e9rcoles colocaron pegatinas y un listado de abusadores<\/title>\n<meta name=\"description\" content=\"Este mi\u00e9rcoles colocaron pegatinas y un listado de abusadores en Olavarr\u00eda, madres y familiares de v\u00edctimas de abuso estuvieron en fsicalia\" \/>\n<meta name=\"robots\" content=\"index, follow, max-snippet:-1, max-image-preview:large, max-video-preview:-1\" \/>\n<link rel=\"canonical\" href=\"https:\/\/experienciadevida.com.ar\/portalurbano\/este-miercoles-colocaron-pegatinas-y-un-listado-de-abusadores-en-olavarria\/\" \/>\n<meta property=\"og:locale\" content=\"es_ES\" \/>\n<meta property=\"og:type\" content=\"article\" \/>\n<meta property=\"og:title\" content=\"Este mi\u00e9rcoles colocaron pegatinas y un listado de abusadores\" \/>\n<meta property=\"og:description\" content=\"Este mi\u00e9rcoles colocaron pegatinas y un listado de abusadores en Olavarr\u00eda, madres y familiares de v\u00edctimas de abuso estuvieron en fsicalia\" \/>\n<meta property=\"og:url\" content=\"https:\/\/experienciadevida.com.ar\/portalurbano\/este-miercoles-colocaron-pegatinas-y-un-listado-de-abusadores-en-olavarria\/\" \/>\n<meta property=\"article:publisher\" content=\"https:\/\/www.facebook.com\/Portal-Urbano-171542830093757\/\" \/>\n<meta property=\"article:published_time\" content=\"2021-03-25T01:14:06+00:00\" \/>\n<meta property=\"article:modified_time\" content=\"2021-03-25T01:27:03+00:00\" \/>\n<meta property=\"og:image\" content=\"https:\/\/experienciadevida.com.ar\/portalurbano\/wp-content\/uploads\/2021\/03\/FISCALIA.jpg\" \/>\n\t<meta property=\"og:image:width\" content=\"765\" \/>\n\t<meta property=\"og:image:height\" content=\"510\" \/>\n\t<meta property=\"og:image:type\" content=\"image\/jpeg\" \/>\n<meta name=\"author\" content=\"admpu17wp\" \/>\n<meta name=\"twitter:card\" content=\"summary_large_image\" \/>\n<meta name=\"twitter:creator\" content=\"@portalurbanook\" \/>\n<meta name=\"twitter:site\" content=\"@portalurbanook\" \/>\n<meta name=\"twitter:label1\" content=\"Escrito por\" \/>\n\t<meta name=\"twitter:data1\" content=\"admpu17wp\" \/>\n\t<meta name=\"twitter:label2\" content=\"Tiempo de lectura\" \/>\n\t<meta name=\"twitter:data2\" content=\"7 minutos\" \/>\n<script type=\"application\/ld+json\" class=\"yoast-schema-graph\">{\"@context\":\"https:\/\/schema.org\",\"@graph\":[{\"@type\":\"Article\",\"@id\":\"https:\/\/experienciadevida.com.ar\/portalurbano\/este-miercoles-colocaron-pegatinas-y-un-listado-de-abusadores-en-olavarria\/#article\",\"isPartOf\":{\"@id\":\"https:\/\/experienciadevida.com.ar\/portalurbano\/este-miercoles-colocaron-pegatinas-y-un-listado-de-abusadores-en-olavarria\/\"},\"author\":{\"name\":\"admpu17wp\",\"@id\":\"https:\/\/experienciadevida.com.ar\/portalurbano\/#\/schema\/person\/02dd326b1c4b056e9cc972486934a3a7\"},\"headline\":\"Este mi\u00e9rcoles colocaron pegatinas y un listado de abusadores en Olavarr\u00eda\",\"datePublished\":\"2021-03-25T01:14:06+00:00\",\"dateModified\":\"2021-03-25T01:27:03+00:00\",\"mainEntityOfPage\":{\"@id\":\"https:\/\/experienciadevida.com.ar\/portalurbano\/este-miercoles-colocaron-pegatinas-y-un-listado-de-abusadores-en-olavarria\/\"},\"wordCount\":952,\"publisher\":{\"@id\":\"https:\/\/experienciadevida.com.ar\/portalurbano\/#organization\"},\"articleSection\":[\"Ciudad\",\"Destacadas 2\"],\"inLanguage\":\"es\"},{\"@type\":\"WebPage\",\"@id\":\"https:\/\/experienciadevida.com.ar\/portalurbano\/este-miercoles-colocaron-pegatinas-y-un-listado-de-abusadores-en-olavarria\/\",\"url\":\"https:\/\/experienciadevida.com.ar\/portalurbano\/este-miercoles-colocaron-pegatinas-y-un-listado-de-abusadores-en-olavarria\/\",\"name\":\"Este mi\u00e9rcoles colocaron pegatinas y un listado de abusadores\",\"isPartOf\":{\"@id\":\"https:\/\/experienciadevida.com.ar\/portalurbano\/#website\"},\"datePublished\":\"2021-03-25T01:14:06+00:00\",\"dateModified\":\"2021-03-25T01:27:03+00:00\",\"description\":\"Este mi\u00e9rcoles colocaron pegatinas y un listado de abusadores en Olavarr\u00eda, madres y familiares de v\u00edctimas de abuso estuvieron en fsicalia\",\"breadcrumb\":{\"@id\":\"https:\/\/experienciadevida.com.ar\/portalurbano\/este-miercoles-colocaron-pegatinas-y-un-listado-de-abusadores-en-olavarria\/#breadcrumb\"},\"inLanguage\":\"es\",\"potentialAction\":[{\"@type\":\"ReadAction\",\"target\":[\"https:\/\/experienciadevida.com.ar\/portalurbano\/este-miercoles-colocaron-pegatinas-y-un-listado-de-abusadores-en-olavarria\/\"]}]},{\"@type\":\"BreadcrumbList\",\"@id\":\"https:\/\/experienciadevida.com.ar\/portalurbano\/este-miercoles-colocaron-pegatinas-y-un-listado-de-abusadores-en-olavarria\/#breadcrumb\",\"itemListElement\":[{\"@type\":\"ListItem\",\"position\":1,\"name\":\"Portada\",\"item\":\"https:\/\/experienciadevida.com.ar\/portalurbano\/\"},{\"@type\":\"ListItem\",\"position\":2,\"name\":\"Este mi\u00e9rcoles colocaron pegatinas y un listado de abusadores en Olavarr\u00eda\"}]},{\"@type\":\"WebSite\",\"@id\":\"https:\/\/experienciadevida.com.ar\/portalurbano\/#website\",\"url\":\"https:\/\/experienciadevida.com.ar\/portalurbano\/\",\"name\":\"\",\"description\":\"\",\"publisher\":{\"@id\":\"https:\/\/experienciadevida.com.ar\/portalurbano\/#organization\"},\"potentialAction\":[{\"@type\":\"SearchAction\",\"target\":{\"@type\":\"EntryPoint\",\"urlTemplate\":\"https:\/\/experienciadevida.com.ar\/portalurbano\/?s={search_term_string}\"},\"query-input\":\"required name=search_term_string\"}],\"inLanguage\":\"es\"},{\"@type\":\"Organization\",\"@id\":\"https:\/\/experienciadevida.com.ar\/portalurbano\/#organization\",\"name\":\"Portal Urbano\",\"url\":\"https:\/\/experienciadevida.com.ar\/portalurbano\/\",\"logo\":{\"@type\":\"ImageObject\",\"inLanguage\":\"es\",\"@id\":\"https:\/\/experienciadevida.com.ar\/portalurbano\/#\/schema\/logo\/image\/\",\"url\":\"https:\/\/experienciadevida.com.ar\/portalurbano\/wp-content\/uploads\/2019\/09\/Logo-Original.png\",\"contentUrl\":\"https:\/\/experienciadevida.com.ar\/portalurbano\/wp-content\/uploads\/2019\/09\/Logo-Original.png\",\"width\":2236,\"height\":1216,\"caption\":\"Portal Urbano\"},\"image\":{\"@id\":\"https:\/\/experienciadevida.com.ar\/portalurbano\/#\/schema\/logo\/image\/\"},\"sameAs\":[\"https:\/\/www.facebook.com\/Portal-Urbano-171542830093757\/\",\"https:\/\/twitter.com\/portalurbanook\",\"https:\/\/www.instagram.com\/_portalurbano\/\",\"https:\/\/www.youtube.com\/channel\/UCXhagIfszH8KxFiOok79zbA?view_as=subscriber\"]},{\"@type\":\"Person\",\"@id\":\"https:\/\/experienciadevida.com.ar\/portalurbano\/#\/schema\/person\/02dd326b1c4b056e9cc972486934a3a7\",\"name\":\"admpu17wp\",\"image\":{\"@type\":\"ImageObject\",\"inLanguage\":\"es\",\"@id\":\"https:\/\/experienciadevida.com.ar\/portalurbano\/#\/schema\/person\/image\/\",\"url\":\"https:\/\/secure.gravatar.com\/avatar\/830d4c57adaae6630765e449a6908047?s=96&d=mm&r=g\",\"contentUrl\":\"https:\/\/secure.gravatar.com\/avatar\/830d4c57adaae6630765e449a6908047?s=96&d=mm&r=g\",\"caption\":\"admpu17wp\"}}]}<\/script>\n<!-- \/ Yoast SEO plugin. -->","yoast_head_json":{"title":"Este mi\u00e9rcoles colocaron pegatinas y un listado de abusadores","description":"Este mi\u00e9rcoles colocaron pegatinas y un listado de abusadores en Olavarr\u00eda, madres y familiares de v\u00edctimas de abuso estuvieron en fsicalia","robots":{"index":"index","follow":"follow","max-snippet":"max-snippet:-1","max-image-preview":"max-image-preview:large","max-video-preview":"max-video-preview:-1"},"canonical":"https:\/\/experienciadevida.com.ar\/portalurbano\/este-miercoles-colocaron-pegatinas-y-un-listado-de-abusadores-en-olavarria\/","og_locale":"es_ES","og_type":"article","og_title":"Este mi\u00e9rcoles colocaron pegatinas y un listado de abusadores","og_description":"Este mi\u00e9rcoles colocaron pegatinas y un listado de abusadores en Olavarr\u00eda, madres y familiares de v\u00edctimas de abuso estuvieron en fsicalia","og_url":"https:\/\/experienciadevida.com.ar\/portalurbano\/este-miercoles-colocaron-pegatinas-y-un-listado-de-abusadores-en-olavarria\/","article_publisher":"https:\/\/www.facebook.com\/Portal-Urbano-171542830093757\/","article_published_time":"2021-03-25T01:14:06+00:00","article_modified_time":"2021-03-25T01:27:03+00:00","og_image":[{"width":765,"height":510,"url":"https:\/\/experienciadevida.com.ar\/portalurbano\/wp-content\/uploads\/2021\/03\/FISCALIA.jpg","type":"image\/jpeg"}],"author":"admpu17wp","twitter_card":"summary_large_image","twitter_creator":"@portalurbanook","twitter_site":"@portalurbanook","twitter_misc":{"Escrito por":"admpu17wp","Tiempo de lectura":"7 minutos"},"schema":{"@context":"https:\/\/schema.org","@graph":[{"@type":"Article","@id":"https:\/\/experienciadevida.com.ar\/portalurbano\/este-miercoles-colocaron-pegatinas-y-un-listado-de-abusadores-en-olavarria\/#article","isPartOf":{"@id":"https:\/\/experienciadevida.com.ar\/portalurbano\/este-miercoles-colocaron-pegatinas-y-un-listado-de-abusadores-en-olavarria\/"},"author":{"name":"admpu17wp","@id":"https:\/\/experienciadevida.com.ar\/portalurbano\/#\/schema\/person\/02dd326b1c4b056e9cc972486934a3a7"},"headline":"Este mi\u00e9rcoles colocaron pegatinas y un listado de abusadores en Olavarr\u00eda","datePublished":"2021-03-25T01:14:06+00:00","dateModified":"2021-03-25T01:27:03+00:00","mainEntityOfPage":{"@id":"https:\/\/experienciadevida.com.ar\/portalurbano\/este-miercoles-colocaron-pegatinas-y-un-listado-de-abusadores-en-olavarria\/"},"wordCount":952,"publisher":{"@id":"https:\/\/experienciadevida.com.ar\/portalurbano\/#organization"},"articleSection":["Ciudad","Destacadas 2"],"inLanguage":"es"},{"@type":"WebPage","@id":"https:\/\/experienciadevida.com.ar\/portalurbano\/este-miercoles-colocaron-pegatinas-y-un-listado-de-abusadores-en-olavarria\/","url":"https:\/\/experienciadevida.com.ar\/portalurbano\/este-miercoles-colocaron-pegatinas-y-un-listado-de-abusadores-en-olavarria\/","name":"Este mi\u00e9rcoles colocaron pegatinas y un listado de abusadores","isPartOf":{"@id":"https:\/\/experienciadevida.com.ar\/portalurbano\/#website"},"datePublished":"2021-03-25T01:14:06+00:00","dateModified":"2021-03-25T01:27:03+00:00","description":"Este mi\u00e9rcoles colocaron pegatinas y un listado de abusadores en Olavarr\u00eda, madres y familiares de v\u00edctimas de abuso estuvieron en fsicalia","breadcrumb":{"@id":"https:\/\/experienciadevida.com.ar\/portalurbano\/este-miercoles-colocaron-pegatinas-y-un-listado-de-abusadores-en-olavarria\/#breadcrumb"},"inLanguage":"es","potentialAction":[{"@type":"ReadAction","target":["https:\/\/experienciadevida.com.ar\/portalurbano\/este-miercoles-colocaron-pegatinas-y-un-listado-de-abusadores-en-olavarria\/"]}]},{"@type":"BreadcrumbList","@id":"https:\/\/experienciadevida.com.ar\/portalurbano\/este-miercoles-colocaron-pegatinas-y-un-listado-de-abusadores-en-olavarria\/#breadcrumb","itemListElement":[{"@type":"ListItem","position":1,"name":"Portada","item":"https:\/\/experienciadevida.com.ar\/portalurbano\/"},{"@type":"ListItem","position":2,"name":"Este mi\u00e9rcoles colocaron pegatinas y un listado de abusadores en Olavarr\u00eda"}]},{"@type":"WebSite","@id":"https:\/\/experienciadevida.com.ar\/portalurbano\/#website","url":"https:\/\/experienciadevida.com.ar\/portalurbano\/","name":"","description":"","publisher":{"@id":"https:\/\/experienciadevida.com.ar\/portalurbano\/#organization"},"potentialAction":[{"@type":"SearchAction","target":{"@type":"EntryPoint","urlTemplate":"https:\/\/experienciadevida.com.ar\/portalurbano\/?s={search_term_string}"},"query-input":"required name=search_term_string"}],"inLanguage":"es"},{"@type":"Organization","@id":"https:\/\/experienciadevida.com.ar\/portalurbano\/#organization","name":"Portal Urbano","url":"https:\/\/experienciadevida.com.ar\/portalurbano\/","logo":{"@type":"ImageObject","inLanguage":"es","@id":"https:\/\/experienciadevida.com.ar\/portalurbano\/#\/schema\/logo\/image\/","url":"https:\/\/experienciadevida.com.ar\/portalurbano\/wp-content\/uploads\/2019\/09\/Logo-Original.png","contentUrl":"https:\/\/experienciadevida.com.ar\/portalurbano\/wp-content\/uploads\/2019\/09\/Logo-Original.png","width":2236,"height":1216,"caption":"Portal Urbano"},"image":{"@id":"https:\/\/experienciadevida.com.ar\/portalurbano\/#\/schema\/logo\/image\/"},"sameAs":["https:\/\/www.facebook.com\/Portal-Urbano-171542830093757\/","https:\/\/twitter.com\/portalurbanook","https:\/\/www.instagram.com\/_portalurbano\/","https:\/\/www.youtube.com\/channel\/UCXhagIfszH8KxFiOok79zbA?view_as=subscriber"]},{"@type":"Person","@id":"https:\/\/experienciadevida.com.ar\/portalurbano\/#\/schema\/person\/02dd326b1c4b056e9cc972486934a3a7","name":"admpu17wp","image":{"@type":"ImageObject","inLanguage":"es","@id":"https:\/\/experienciadevida.com.ar\/portalurbano\/#\/schema\/person\/image\/","url":"https:\/\/secure.gravatar.com\/avatar\/830d4c57adaae6630765e449a6908047?s=96&d=mm&r=g","contentUrl":"https:\/\/secure.gravatar.com\/avatar\/830d4c57adaae6630765e449a6908047?s=96&d=mm&r=g","caption":"admpu17wp"}}]}},"featured_image_urls":{"full":["https:\/\/experienciadevida.com.ar\/portalurbano\/wp-content\/uploads\/2021\/03\/FISCALIA.jpg",765,510,false],"thumbnail":["https:\/\/experienciadevida.com.ar\/portalurbano\/wp-content\/uploads\/2021\/03\/FISCALIA-150x150.jpg",150,150,true],"medium":["https:\/\/experienciadevida.com.ar\/portalurbano\/wp-content\/uploads\/2021\/03\/FISCALIA-300x200.jpg",300,200,true],"medium_large":["https:\/\/experienciadevida.com.ar\/portalurbano\/wp-content\/uploads\/2021\/03\/FISCALIA.jpg",640,427,false],"large":["https:\/\/experienciadevida.com.ar\/portalurbano\/wp-content\/uploads\/2021\/03\/FISCALIA.jpg",640,427,false],"ug_big":["https:\/\/experienciadevida.com.ar\/portalurbano\/wp-content\/uploads\/2021\/03\/FISCALIA.jpg",765,510,false],"1536x1536":["https:\/\/experienciadevida.com.ar\/portalurbano\/wp-content\/uploads\/2021\/03\/FISCALIA.jpg",765,510,false],"2048x2048":["https:\/\/experienciadevida.com.ar\/portalurbano\/wp-content\/uploads\/2021\/03\/FISCALIA.jpg",765,510,false],"newsever-slider-full":["https:\/\/experienciadevida.com.ar\/portalurbano\/wp-content\/uploads\/2021\/03\/FISCALIA.jpg",765,510,false],"newsever-featured":["https:\/\/experienciadevida.com.ar\/portalurbano\/wp-content\/uploads\/2021\/03\/FISCALIA.jpg",765,510,false],"newsever-medium":["https:\/\/experienciadevida.com.ar\/portalurbano\/wp-content\/uploads\/2021\/03\/FISCALIA.jpg",713,475,false],"web-stories-poster-portrait":["https:\/\/experienciadevida.com.ar\/portalurbano\/wp-content\/uploads\/2021\/03\/FISCALIA.jpg",640,427,false],"web-stories-publisher-logo":["https:\/\/experienciadevida.com.ar\/portalurbano\/wp-content\/uploads\/2021\/03\/FISCALIA.jpg",96,64,false],"web-stories-thumbnail":["https:\/\/experienciadevida.com.ar\/portalurbano\/wp-content\/uploads\/2021\/03\/FISCALIA.jpg",150,100,false]},"author_info":{"display_name":"admpu17wp","author_link":"https:\/\/experienciadevida.com.ar\/portalurbano\/author\/admpu17wp\/"},"category_info":"<a href=\"https:\/\/experienciadevida.com.ar\/portalurbano\/category\/ciudad\/\" rel=\"category tag\">Ciudad<\/a> <a href=\"https:\/\/experienciadevida.com.ar\/portalurbano\/category\/destacadas-2\/\" rel=\"category tag\">Destacadas 2<\/a>","tag_info":"Destacadas 2","comment_count":"0","amp_enabled":true,"_links":{"self":[{"href":"https:\/\/experienciadevida.com.ar\/portalurbano\/wp-json\/wp\/v2\/posts\/138384"}],"collection":[{"href":"https:\/\/experienciadevida.com.ar\/portalurbano\/wp-json\/wp\/v2\/posts"}],"about":[{"href":"https:\/\/experienciadevida.com.ar\/portalurbano\/wp-json\/wp\/v2\/types\/post"}],"author":[{"embeddable":true,"href":"https:\/\/experienciadevida.com.ar\/portalurbano\/wp-json\/wp\/v2\/users\/1"}],"replies":[{"embeddable":true,"href":"https:\/\/experienciadevida.com.ar\/portalurbano\/wp-json\/wp\/v2\/comments?post=138384"}],"version-history":[{"count":4,"href":"https:\/\/experienciadevida.com.ar\/portalurbano\/wp-json\/wp\/v2\/posts\/138384\/revisions"}],"predecessor-version":[{"id":138401,"href":"https:\/\/experienciadevida.com.ar\/portalurbano\/wp-json\/wp\/v2\/posts\/138384\/revisions\/138401"}],"wp:featuredmedia":[{"embeddable":true,"href":"https:\/\/experienciadevida.com.ar\/portalurbano\/wp-json\/wp\/v2\/media\/138385"}],"wp:attachment":[{"href":"https:\/\/experienciadevida.com.ar\/portalurbano\/wp-json\/wp\/v2\/media?parent=138384"}],"wp:term":[{"taxonomy":"category","embeddable":true,"href":"https:\/\/experienciadevida.com.ar\/portalurbano\/wp-json\/wp\/v2\/categories?post=138384"},{"taxonomy":"post_tag","embeddable":true,"href":"https:\/\/experienciadevida.com.ar\/portalurbano\/wp-json\/wp\/v2\/tags?post=138384"}],"curies":[{"name":"wp","href":"https:\/\/api.w.org\/{rel}","templated":true}]}}