{"id":138317,"date":"2021-03-24T19:03:41","date_gmt":"2021-03-24T22:03:41","guid":{"rendered":"https:\/\/experienciadevida.com.ar\/portalurbano\/?p=138317"},"modified":"2021-03-24T19:16:52","modified_gmt":"2021-03-24T22:16:52","slug":"el-frente-de-todos-se-sumo-a-la-campana-plantamos-memoria","status":"publish","type":"post","link":"https:\/\/experienciadevida.com.ar\/portalurbano\/el-frente-de-todos-se-sumo-a-la-campana-plantamos-memoria\/","title":{"rendered":"El frente de todos se sum\u00f3 a la campa\u00f1a \u201cPlantamos Memoria\u201d"},"content":{"rendered":"<p>El <a href=\"https:\/\/www.facebook.com\/FrenteDeTodosOlavarria\">frente de todos<\/a> se sum\u00f3 a la campa\u00f1a \u201cPlantamos Memoria\u201d. La actividad se realiz\u00f3 en el D\u00eda Nacional de la Memoria por la Verdad y la Justicia, y a 45 a\u00f1os del golpe de Estado c\u00edvico y militar, participaron distintas organizaciones nucleadas en el Frente de Todos.<\/p>\n<p>La campa\u00f1a nacional de plantaci\u00f3n de \u00e1rboles se realiz\u00f3 en el barrio Pikelado, m\u00e1s de 200 personas entre dirigentes y militantes se sumaron a la campa\u00f1a nacional para conmemorar a los 30.000 compa\u00f1eros v\u00edctimas del terrorismo de Estado.<\/p>\n<p>\u201cPlantamos Memoria\u201d es una iniciativa de Madres y Abuelas de Plaza de Mayo y organismos de derechos humanos que consiste en plantar 30.000 \u00e1rboles por la memoria y el futuro.<\/p>\n<p><a href=\"https:\/\/experienciadevida.com.ar\/portalurbano\/el-frente-de-todos-se-sumo-a-la-campana-plantamos-memoria\/el-frente\/\" rel=\"attachment wp-att-138321\"><img decoding=\"async\" class=\"alignnone size-full wp-image-138321\" src=\"https:\/\/experienciadevida.com.ar\/portalurbano\/wp-content\/uploads\/2021\/03\/El-frente.jpg\" alt=\"El frente \" width=\"1280\" height=\"725\" srcset=\"https:\/\/experienciadevida.com.ar\/portalurbano\/wp-content\/uploads\/2021\/03\/El-frente.jpg 1280w, https:\/\/experienciadevida.com.ar\/portalurbano\/wp-content\/uploads\/2021\/03\/El-frente-300x170.jpg 300w, https:\/\/experienciadevida.com.ar\/portalurbano\/wp-content\/uploads\/2021\/03\/El-frente-1024x580.jpg 1024w, https:\/\/experienciadevida.com.ar\/portalurbano\/wp-content\/uploads\/2021\/03\/El-frente-768x435.jpg 768w\" sizes=\"(max-width: 1280px) 100vw, 1280px\" \/><\/a><\/p>\n<p><a href=\"https:\/\/experienciadevida.com.ar\/portalurbano\/el-frente-de-todos-se-sumo-a-la-campana-plantamos-memoria\/de-todos-2\/\" rel=\"attachment wp-att-138322\"><img decoding=\"async\" class=\"alignnone size-full wp-image-138322\" src=\"https:\/\/experienciadevida.com.ar\/portalurbano\/wp-content\/uploads\/2021\/03\/de-todos-1.jpg\" alt=\"de todos \" width=\"1280\" height=\"847\" srcset=\"https:\/\/experienciadevida.com.ar\/portalurbano\/wp-content\/uploads\/2021\/03\/de-todos-1.jpg 1280w, https:\/\/experienciadevida.com.ar\/portalurbano\/wp-content\/uploads\/2021\/03\/de-todos-1-300x199.jpg 300w, https:\/\/experienciadevida.com.ar\/portalurbano\/wp-content\/uploads\/2021\/03\/de-todos-1-1024x678.jpg 1024w, https:\/\/experienciadevida.com.ar\/portalurbano\/wp-content\/uploads\/2021\/03\/de-todos-1-768x508.jpg 768w\" sizes=\"(max-width: 1280px) 100vw, 1280px\" \/><\/a><\/p>\n<p><a href=\"https:\/\/experienciadevida.com.ar\/portalurbano\/el-frente-de-todos-se-sumo-a-la-campana-plantamos-memoria\/todos-2\/\" rel=\"attachment wp-att-138323\"><img decoding=\"async\" class=\"alignnone size-full wp-image-138323\" src=\"https:\/\/experienciadevida.com.ar\/portalurbano\/wp-content\/uploads\/2021\/03\/todos.jpg\" alt=\"todos \" width=\"1280\" height=\"794\" srcset=\"https:\/\/experienciadevida.com.ar\/portalurbano\/wp-content\/uploads\/2021\/03\/todos.jpg 1280w, https:\/\/experienciadevida.com.ar\/portalurbano\/wp-content\/uploads\/2021\/03\/todos-300x186.jpg 300w, https:\/\/experienciadevida.com.ar\/portalurbano\/wp-content\/uploads\/2021\/03\/todos-1024x635.jpg 1024w, https:\/\/experienciadevida.com.ar\/portalurbano\/wp-content\/uploads\/2021\/03\/todos-768x476.jpg 768w\" sizes=\"(max-width: 1280px) 100vw, 1280px\" \/><\/a><\/p>\n<p><a href=\"https:\/\/experienciadevida.com.ar\/portalurbano\/el-frente-de-todos-se-sumo-a-la-campana-plantamos-memoria\/frente-5\/\" rel=\"attachment wp-att-138324\"><img decoding=\"async\" class=\"alignnone size-full wp-image-138324\" src=\"https:\/\/experienciadevida.com.ar\/portalurbano\/wp-content\/uploads\/2021\/03\/frente.jpg\" alt=\"frente \" width=\"1280\" height=\"810\" srcset=\"https:\/\/experienciadevida.com.ar\/portalurbano\/wp-content\/uploads\/2021\/03\/frente.jpg 1280w, https:\/\/experienciadevida.com.ar\/portalurbano\/wp-content\/uploads\/2021\/03\/frente-300x190.jpg 300w, https:\/\/experienciadevida.com.ar\/portalurbano\/wp-content\/uploads\/2021\/03\/frente-1024x648.jpg 1024w, https:\/\/experienciadevida.com.ar\/portalurbano\/wp-content\/uploads\/2021\/03\/frente-768x486.jpg 768w\" sizes=\"(max-width: 1280px) 100vw, 1280px\" \/><\/a><\/p>\n","protected":false},"excerpt":{"rendered":"<p>El frente de todos se sum\u00f3 a la campa\u00f1a \u201cPlantamos Memoria\u201d. La actividad se realiz\u00f3&#8230;<\/p>\n","protected":false},"author":1,"featured_media":138318,"comment_status":"closed","ping_status":"closed","sticky":false,"template":"","format":"standard","meta":{"content-type":""},"categories":[27,64],"tags":[],"nelio_content":{"isAutoShareEnabled":false,"autoShareEndMode":"default","automationSources":{"useContentSentences":true,"useSocialTemplates":true,"useCustomSentences":false,"customSentences":[]},"followers":[1],"suggestedReferences":[],"includedReferences":[],"efiUrl":"","efiAlt":"","highlights":[]},"yoast_head":"<!-- This site is optimized with the Yoast SEO plugin v20.7 - https:\/\/yoast.com\/wordpress\/plugins\/seo\/ -->\n<title>El Frente de Todos se sum\u00f3 a la campa\u00f1a plantamos memoria<\/title>\n<meta name=\"description\" content=\"El frente de todos se sum\u00f3 a la campa\u00f1a \u201cPlantamos Memoria\u201d. La actividad se realiz\u00f3 en el D\u00eda Nacional de la Memoria, verdad y justicia.\" \/>\n<meta name=\"robots\" content=\"index, follow, max-snippet:-1, max-image-preview:large, max-video-preview:-1\" \/>\n<link rel=\"canonical\" href=\"https:\/\/experienciadevida.com.ar\/portalurbano\/el-frente-de-todos-se-sumo-a-la-campana-plantamos-memoria\/\" \/>\n<meta property=\"og:locale\" content=\"es_ES\" \/>\n<meta property=\"og:type\" content=\"article\" \/>\n<meta property=\"og:title\" content=\"El Frente de Todos se sum\u00f3 a la campa\u00f1a plantamos memoria\" \/>\n<meta property=\"og:description\" content=\"El frente de todos se sum\u00f3 a la campa\u00f1a \u201cPlantamos Memoria\u201d. La actividad se realiz\u00f3 en el D\u00eda Nacional de la Memoria, verdad y justicia.\" \/>\n<meta property=\"og:url\" content=\"https:\/\/experienciadevida.com.ar\/portalurbano\/el-frente-de-todos-se-sumo-a-la-campana-plantamos-memoria\/\" \/>\n<meta property=\"article:publisher\" content=\"https:\/\/www.facebook.com\/Portal-Urbano-171542830093757\/\" \/>\n<meta property=\"article:published_time\" content=\"2021-03-24T22:03:41+00:00\" \/>\n<meta property=\"article:modified_time\" content=\"2021-03-24T22:16:52+00:00\" \/>\n<meta property=\"og:image\" content=\"https:\/\/experienciadevida.com.ar\/portalurbano\/wp-content\/uploads\/2021\/03\/El-frente-de-todos.jpg\" \/>\n\t<meta property=\"og:image:width\" content=\"1280\" \/>\n\t<meta property=\"og:image:height\" content=\"589\" \/>\n\t<meta property=\"og:image:type\" content=\"image\/jpeg\" \/>\n<meta name=\"author\" content=\"admpu17wp\" \/>\n<meta name=\"twitter:card\" content=\"summary_large_image\" \/>\n<meta name=\"twitter:creator\" content=\"@portalurbanook\" \/>\n<meta name=\"twitter:site\" content=\"@portalurbanook\" \/>\n<meta name=\"twitter:label1\" content=\"Escrito por\" \/>\n\t<meta name=\"twitter:data1\" content=\"admpu17wp\" \/>\n\t<meta name=\"twitter:label2\" content=\"Tiempo de lectura\" \/>\n\t<meta name=\"twitter:data2\" content=\"2 minutos\" \/>\n<script type=\"application\/ld+json\" class=\"yoast-schema-graph\">{\"@context\":\"https:\/\/schema.org\",\"@graph\":[{\"@type\":\"Article\",\"@id\":\"https:\/\/experienciadevida.com.ar\/portalurbano\/el-frente-de-todos-se-sumo-a-la-campana-plantamos-memoria\/#article\",\"isPartOf\":{\"@id\":\"https:\/\/experienciadevida.com.ar\/portalurbano\/el-frente-de-todos-se-sumo-a-la-campana-plantamos-memoria\/\"},\"author\":{\"name\":\"admpu17wp\",\"@id\":\"https:\/\/experienciadevida.com.ar\/portalurbano\/#\/schema\/person\/02dd326b1c4b056e9cc972486934a3a7\"},\"headline\":\"El frente de todos se sum\u00f3 a la campa\u00f1a \u201cPlantamos Memoria\u201d\",\"datePublished\":\"2021-03-24T22:03:41+00:00\",\"dateModified\":\"2021-03-24T22:16:52+00:00\",\"mainEntityOfPage\":{\"@id\":\"https:\/\/experienciadevida.com.ar\/portalurbano\/el-frente-de-todos-se-sumo-a-la-campana-plantamos-memoria\/\"},\"wordCount\":134,\"publisher\":{\"@id\":\"https:\/\/experienciadevida.com.ar\/portalurbano\/#organization\"},\"articleSection\":[\"Ciudad\",\"Destacadas 2\"],\"inLanguage\":\"es\"},{\"@type\":\"WebPage\",\"@id\":\"https:\/\/experienciadevida.com.ar\/portalurbano\/el-frente-de-todos-se-sumo-a-la-campana-plantamos-memoria\/\",\"url\":\"https:\/\/experienciadevida.com.ar\/portalurbano\/el-frente-de-todos-se-sumo-a-la-campana-plantamos-memoria\/\",\"name\":\"El Frente de Todos se sum\u00f3 a la campa\u00f1a plantamos memoria\",\"isPartOf\":{\"@id\":\"https:\/\/experienciadevida.com.ar\/portalurbano\/#website\"},\"datePublished\":\"2021-03-24T22:03:41+00:00\",\"dateModified\":\"2021-03-24T22:16:52+00:00\",\"description\":\"El frente de todos se sum\u00f3 a la campa\u00f1a \u201cPlantamos Memoria\u201d. La actividad se realiz\u00f3 en el D\u00eda Nacional de la Memoria, verdad y justicia.\",\"breadcrumb\":{\"@id\":\"https:\/\/experienciadevida.com.ar\/portalurbano\/el-frente-de-todos-se-sumo-a-la-campana-plantamos-memoria\/#breadcrumb\"},\"inLanguage\":\"es\",\"potentialAction\":[{\"@type\":\"ReadAction\",\"target\":[\"https:\/\/experienciadevida.com.ar\/portalurbano\/el-frente-de-todos-se-sumo-a-la-campana-plantamos-memoria\/\"]}]},{\"@type\":\"BreadcrumbList\",\"@id\":\"https:\/\/experienciadevida.com.ar\/portalurbano\/el-frente-de-todos-se-sumo-a-la-campana-plantamos-memoria\/#breadcrumb\",\"itemListElement\":[{\"@type\":\"ListItem\",\"position\":1,\"name\":\"Portada\",\"item\":\"https:\/\/experienciadevida.com.ar\/portalurbano\/\"},{\"@type\":\"ListItem\",\"position\":2,\"name\":\"El frente de todos se sum\u00f3 a la campa\u00f1a \u201cPlantamos Memoria\u201d\"}]},{\"@type\":\"WebSite\",\"@id\":\"https:\/\/experienciadevida.com.ar\/portalurbano\/#website\",\"url\":\"https:\/\/experienciadevida.com.ar\/portalurbano\/\",\"name\":\"\",\"description\":\"\",\"publisher\":{\"@id\":\"https:\/\/experienciadevida.com.ar\/portalurbano\/#organization\"},\"potentialAction\":[{\"@type\":\"SearchAction\",\"target\":{\"@type\":\"EntryPoint\",\"urlTemplate\":\"https:\/\/experienciadevida.com.ar\/portalurbano\/?s={search_term_string}\"},\"query-input\":\"required name=search_term_string\"}],\"inLanguage\":\"es\"},{\"@type\":\"Organization\",\"@id\":\"https:\/\/experienciadevida.com.ar\/portalurbano\/#organization\",\"name\":\"Portal Urbano\",\"url\":\"https:\/\/experienciadevida.com.ar\/portalurbano\/\",\"logo\":{\"@type\":\"ImageObject\",\"inLanguage\":\"es\",\"@id\":\"https:\/\/experienciadevida.com.ar\/portalurbano\/#\/schema\/logo\/image\/\",\"url\":\"https:\/\/experienciadevida.com.ar\/portalurbano\/wp-content\/uploads\/2019\/09\/Logo-Original.png\",\"contentUrl\":\"https:\/\/experienciadevida.com.ar\/portalurbano\/wp-content\/uploads\/2019\/09\/Logo-Original.png\",\"width\":2236,\"height\":1216,\"caption\":\"Portal Urbano\"},\"image\":{\"@id\":\"https:\/\/experienciadevida.com.ar\/portalurbano\/#\/schema\/logo\/image\/\"},\"sameAs\":[\"https:\/\/www.facebook.com\/Portal-Urbano-171542830093757\/\",\"https:\/\/twitter.com\/portalurbanook\",\"https:\/\/www.instagram.com\/_portalurbano\/\",\"https:\/\/www.youtube.com\/channel\/UCXhagIfszH8KxFiOok79zbA?view_as=subscriber\"]},{\"@type\":\"Person\",\"@id\":\"https:\/\/experienciadevida.com.ar\/portalurbano\/#\/schema\/person\/02dd326b1c4b056e9cc972486934a3a7\",\"name\":\"admpu17wp\",\"image\":{\"@type\":\"ImageObject\",\"inLanguage\":\"es\",\"@id\":\"https:\/\/experienciadevida.com.ar\/portalurbano\/#\/schema\/person\/image\/\",\"url\":\"https:\/\/secure.gravatar.com\/avatar\/830d4c57adaae6630765e449a6908047?s=96&d=mm&r=g\",\"contentUrl\":\"https:\/\/secure.gravatar.com\/avatar\/830d4c57adaae6630765e449a6908047?s=96&d=mm&r=g\",\"caption\":\"admpu17wp\"}}]}<\/script>\n<!-- \/ Yoast SEO plugin. -->","yoast_head_json":{"title":"El Frente de Todos se sum\u00f3 a la campa\u00f1a plantamos memoria","description":"El frente de todos se sum\u00f3 a la campa\u00f1a \u201cPlantamos Memoria\u201d. La actividad se realiz\u00f3 en el D\u00eda Nacional de la Memoria, verdad y justicia.","robots":{"index":"index","follow":"follow","max-snippet":"max-snippet:-1","max-image-preview":"max-image-preview:large","max-video-preview":"max-video-preview:-1"},"canonical":"https:\/\/experienciadevida.com.ar\/portalurbano\/el-frente-de-todos-se-sumo-a-la-campana-plantamos-memoria\/","og_locale":"es_ES","og_type":"article","og_title":"El Frente de Todos se sum\u00f3 a la campa\u00f1a plantamos memoria","og_description":"El frente de todos se sum\u00f3 a la campa\u00f1a \u201cPlantamos Memoria\u201d. La actividad se realiz\u00f3 en el D\u00eda Nacional de la Memoria, verdad y justicia.","og_url":"https:\/\/experienciadevida.com.ar\/portalurbano\/el-frente-de-todos-se-sumo-a-la-campana-plantamos-memoria\/","article_publisher":"https:\/\/www.facebook.com\/Portal-Urbano-171542830093757\/","article_published_time":"2021-03-24T22:03:41+00:00","article_modified_time":"2021-03-24T22:16:52+00:00","og_image":[{"width":1280,"height":589,"url":"https:\/\/experienciadevida.com.ar\/portalurbano\/wp-content\/uploads\/2021\/03\/El-frente-de-todos.jpg","type":"image\/jpeg"}],"author":"admpu17wp","twitter_card":"summary_large_image","twitter_creator":"@portalurbanook","twitter_site":"@portalurbanook","twitter_misc":{"Escrito por":"admpu17wp","Tiempo de lectura":"2 minutos"},"schema":{"@context":"https:\/\/schema.org","@graph":[{"@type":"Article","@id":"https:\/\/experienciadevida.com.ar\/portalurbano\/el-frente-de-todos-se-sumo-a-la-campana-plantamos-memoria\/#article","isPartOf":{"@id":"https:\/\/experienciadevida.com.ar\/portalurbano\/el-frente-de-todos-se-sumo-a-la-campana-plantamos-memoria\/"},"author":{"name":"admpu17wp","@id":"https:\/\/experienciadevida.com.ar\/portalurbano\/#\/schema\/person\/02dd326b1c4b056e9cc972486934a3a7"},"headline":"El frente de todos se sum\u00f3 a la campa\u00f1a \u201cPlantamos Memoria\u201d","datePublished":"2021-03-24T22:03:41+00:00","dateModified":"2021-03-24T22:16:52+00:00","mainEntityOfPage":{"@id":"https:\/\/experienciadevida.com.ar\/portalurbano\/el-frente-de-todos-se-sumo-a-la-campana-plantamos-memoria\/"},"wordCount":134,"publisher":{"@id":"https:\/\/experienciadevida.com.ar\/portalurbano\/#organization"},"articleSection":["Ciudad","Destacadas 2"],"inLanguage":"es"},{"@type":"WebPage","@id":"https:\/\/experienciadevida.com.ar\/portalurbano\/el-frente-de-todos-se-sumo-a-la-campana-plantamos-memoria\/","url":"https:\/\/experienciadevida.com.ar\/portalurbano\/el-frente-de-todos-se-sumo-a-la-campana-plantamos-memoria\/","name":"El Frente de Todos se sum\u00f3 a la campa\u00f1a plantamos memoria","isPartOf":{"@id":"https:\/\/experienciadevida.com.ar\/portalurbano\/#website"},"datePublished":"2021-03-24T22:03:41+00:00","dateModified":"2021-03-24T22:16:52+00:00","description":"El frente de todos se sum\u00f3 a la campa\u00f1a \u201cPlantamos Memoria\u201d. La actividad se realiz\u00f3 en el D\u00eda Nacional de la Memoria, verdad y justicia.","breadcrumb":{"@id":"https:\/\/experienciadevida.com.ar\/portalurbano\/el-frente-de-todos-se-sumo-a-la-campana-plantamos-memoria\/#breadcrumb"},"inLanguage":"es","potentialAction":[{"@type":"ReadAction","target":["https:\/\/experienciadevida.com.ar\/portalurbano\/el-frente-de-todos-se-sumo-a-la-campana-plantamos-memoria\/"]}]},{"@type":"BreadcrumbList","@id":"https:\/\/experienciadevida.com.ar\/portalurbano\/el-frente-de-todos-se-sumo-a-la-campana-plantamos-memoria\/#breadcrumb","itemListElement":[{"@type":"ListItem","position":1,"name":"Portada","item":"https:\/\/experienciadevida.com.ar\/portalurbano\/"},{"@type":"ListItem","position":2,"name":"El frente de todos se sum\u00f3 a la campa\u00f1a \u201cPlantamos Memoria\u201d"}]},{"@type":"WebSite","@id":"https:\/\/experienciadevida.com.ar\/portalurbano\/#website","url":"https:\/\/experienciadevida.com.ar\/portalurbano\/","name":"","description":"","publisher":{"@id":"https:\/\/experienciadevida.com.ar\/portalurbano\/#organization"},"potentialAction":[{"@type":"SearchAction","target":{"@type":"EntryPoint","urlTemplate":"https:\/\/experienciadevida.com.ar\/portalurbano\/?s={search_term_string}"},"query-input":"required name=search_term_string"}],"inLanguage":"es"},{"@type":"Organization","@id":"https:\/\/experienciadevida.com.ar\/portalurbano\/#organization","name":"Portal Urbano","url":"https:\/\/experienciadevida.com.ar\/portalurbano\/","logo":{"@type":"ImageObject","inLanguage":"es","@id":"https:\/\/experienciadevida.com.ar\/portalurbano\/#\/schema\/logo\/image\/","url":"https:\/\/experienciadevida.com.ar\/portalurbano\/wp-content\/uploads\/2019\/09\/Logo-Original.png","contentUrl":"https:\/\/experienciadevida.com.ar\/portalurbano\/wp-content\/uploads\/2019\/09\/Logo-Original.png","width":2236,"height":1216,"caption":"Portal Urbano"},"image":{"@id":"https:\/\/experienciadevida.com.ar\/portalurbano\/#\/schema\/logo\/image\/"},"sameAs":["https:\/\/www.facebook.com\/Portal-Urbano-171542830093757\/","https:\/\/twitter.com\/portalurbanook","https:\/\/www.instagram.com\/_portalurbano\/","https:\/\/www.youtube.com\/channel\/UCXhagIfszH8KxFiOok79zbA?view_as=subscriber"]},{"@type":"Person","@id":"https:\/\/experienciadevida.com.ar\/portalurbano\/#\/schema\/person\/02dd326b1c4b056e9cc972486934a3a7","name":"admpu17wp","image":{"@type":"ImageObject","inLanguage":"es","@id":"https:\/\/experienciadevida.com.ar\/portalurbano\/#\/schema\/person\/image\/","url":"https:\/\/secure.gravatar.com\/avatar\/830d4c57adaae6630765e449a6908047?s=96&d=mm&r=g","contentUrl":"https:\/\/secure.gravatar.com\/avatar\/830d4c57adaae6630765e449a6908047?s=96&d=mm&r=g","caption":"admpu17wp"}}]}},"featured_image_urls":{"full":["https:\/\/experienciadevida.com.ar\/portalurbano\/wp-content\/uploads\/2021\/03\/El-frente-de-todos.jpg",1280,589,false],"thumbnail":["https:\/\/experienciadevida.com.ar\/portalurbano\/wp-content\/uploads\/2021\/03\/El-frente-de-todos-150x150.jpg",150,150,true],"medium":["https:\/\/experienciadevida.com.ar\/portalurbano\/wp-content\/uploads\/2021\/03\/El-frente-de-todos-300x138.jpg",300,138,true],"medium_large":["https:\/\/experienciadevida.com.ar\/portalurbano\/wp-content\/uploads\/2021\/03\/El-frente-de-todos-768x353.jpg",640,294,true],"large":["https:\/\/experienciadevida.com.ar\/portalurbano\/wp-content\/uploads\/2021\/03\/El-frente-de-todos-1024x471.jpg",640,294,true],"ug_big":["https:\/\/experienciadevida.com.ar\/portalurbano\/wp-content\/uploads\/2021\/03\/El-frente-de-todos-768x353.jpg",768,353,true],"1536x1536":["https:\/\/experienciadevida.com.ar\/portalurbano\/wp-content\/uploads\/2021\/03\/El-frente-de-todos.jpg",1280,589,false],"2048x2048":["https:\/\/experienciadevida.com.ar\/portalurbano\/wp-content\/uploads\/2021\/03\/El-frente-de-todos.jpg",1280,589,false],"newsever-slider-full":["https:\/\/experienciadevida.com.ar\/portalurbano\/wp-content\/uploads\/2021\/03\/El-frente-de-todos.jpg",1280,589,false],"newsever-featured":["https:\/\/experienciadevida.com.ar\/portalurbano\/wp-content\/uploads\/2021\/03\/El-frente-de-todos.jpg",1024,471,false],"newsever-medium":["https:\/\/experienciadevida.com.ar\/portalurbano\/wp-content\/uploads\/2021\/03\/El-frente-de-todos.jpg",720,331,false],"web-stories-poster-portrait":["https:\/\/experienciadevida.com.ar\/portalurbano\/wp-content\/uploads\/2021\/03\/El-frente-de-todos.jpg",640,295,false],"web-stories-publisher-logo":["https:\/\/experienciadevida.com.ar\/portalurbano\/wp-content\/uploads\/2021\/03\/El-frente-de-todos.jpg",96,44,false],"web-stories-thumbnail":["https:\/\/experienciadevida.com.ar\/portalurbano\/wp-content\/uploads\/2021\/03\/El-frente-de-todos.jpg",150,69,false]},"author_info":{"display_name":"admpu17wp","author_link":"https:\/\/experienciadevida.com.ar\/portalurbano\/author\/admpu17wp\/"},"category_info":"<a href=\"https:\/\/experienciadevida.com.ar\/portalurbano\/category\/ciudad\/\" rel=\"category tag\">Ciudad<\/a> <a href=\"https:\/\/experienciadevida.com.ar\/portalurbano\/category\/destacadas-2\/\" rel=\"category tag\">Destacadas 2<\/a>","tag_info":"Destacadas 2","comment_count":"0","amp_enabled":true,"_links":{"self":[{"href":"https:\/\/experienciadevida.com.ar\/portalurbano\/wp-json\/wp\/v2\/posts\/138317"}],"collection":[{"href":"https:\/\/experienciadevida.com.ar\/portalurbano\/wp-json\/wp\/v2\/posts"}],"about":[{"href":"https:\/\/experienciadevida.com.ar\/portalurbano\/wp-json\/wp\/v2\/types\/post"}],"author":[{"embeddable":true,"href":"https:\/\/experienciadevida.com.ar\/portalurbano\/wp-json\/wp\/v2\/users\/1"}],"replies":[{"embeddable":true,"href":"https:\/\/experienciadevida.com.ar\/portalurbano\/wp-json\/wp\/v2\/comments?post=138317"}],"version-history":[{"count":4,"href":"https:\/\/experienciadevida.com.ar\/portalurbano\/wp-json\/wp\/v2\/posts\/138317\/revisions"}],"predecessor-version":[{"id":138326,"href":"https:\/\/experienciadevida.com.ar\/portalurbano\/wp-json\/wp\/v2\/posts\/138317\/revisions\/138326"}],"wp:featuredmedia":[{"embeddable":true,"href":"https:\/\/experienciadevida.com.ar\/portalurbano\/wp-json\/wp\/v2\/media\/138318"}],"wp:attachment":[{"href":"https:\/\/experienciadevida.com.ar\/portalurbano\/wp-json\/wp\/v2\/media?parent=138317"}],"wp:term":[{"taxonomy":"category","embeddable":true,"href":"https:\/\/experienciadevida.com.ar\/portalurbano\/wp-json\/wp\/v2\/categories?post=138317"},{"taxonomy":"post_tag","embeddable":true,"href":"https:\/\/experienciadevida.com.ar\/portalurbano\/wp-json\/wp\/v2\/tags?post=138317"}],"curies":[{"name":"wp","href":"https:\/\/api.w.org\/{rel}","templated":true}]}}