{"id":138289,"date":"2021-03-24T13:02:41","date_gmt":"2021-03-24T16:02:41","guid":{"rendered":"https:\/\/experienciadevida.com.ar\/portalurbano\/?p=138289"},"modified":"2021-03-24T13:26:41","modified_gmt":"2021-03-24T16:26:41","slug":"ya-rigen-las-restriccciones-impuestas-por-el-municipio-que-dice-el-nuevo-decreto","status":"publish","type":"post","link":"https:\/\/experienciadevida.com.ar\/portalurbano\/ya-rigen-las-restriccciones-impuestas-por-el-municipio-que-dice-el-nuevo-decreto\/","title":{"rendered":"Ya rigen las restriccciones impuestas por el Municipio, \u00bfqu\u00e9 dice el nuevo decreto?"},"content":{"rendered":"<p>Ya rigen las restriccciones impuestas por el Municipio, \u00bfqu\u00e9 dice el nuevo decreto?, tras la conferencia realizada ayer por el <a href=\"https:\/\/www.facebook.com\/galliezequiel\">Intendente<\/a> de nuestra ciudad y el Subsecretario de Salud Germ\u00e1n Caputo este mi\u00e9rcoles sali\u00f3 el decreto con las nuevas restricciones que ya ayer anunciaron.<\/p>\n<p>Esto se debe a que la positividad de los testeos realizados en el territorio del Partido viene sufriendo un aumento sostenido durante los \u00faltimos 10 d\u00edas.<\/p>\n<p>Ya rigen las restricciones impuestas por el Municipio, ya que la cantidad de casos detectados en el d\u00eda de la fecha amerita adoptar medidas acordes con la fase en que la Provincia coloca al partido de Olavarr\u00eda\u00a0 y disponer nuevos l\u00edmites horarios para determinadas actividades comerciales.<\/p>\n<p>Por otro lado, es oportuno resaltar a la comunidad la importancia que reviste el distanciamiento social, el lavado de manos, el uso de barbijo y\/o tapabocas estornudar o toser en el pliegue del codo, para poder continuar avanzando hacia una relativa normalidad es fundamental continuar con los cuidados recomendados y no relajar las normas establecidas para combatir esta pandemia.<\/p>\n<p><strong>Las actividades comerciales exceptuadas son las siguientes:<\/strong><\/p>\n<p>Ya rigen las restricciones impuestas por el Municipio, una de ellas son los\u00a0 Supermercados, almacenes y despensas, carnicer\u00edas, pescader\u00edas, fiambrer\u00edas, granjas y poller\u00edas, verduler\u00edas y fruter\u00edas, panader\u00edas y confiter\u00edas, ferreter\u00edas, art\u00edculos de limpieza y lavander\u00edas, podr\u00e1n funcionar de 8,00 a 22,00 horas.-<\/p>\n<p>2.- Venta de insumos agropecuarios, mayoristas de venta de productos alimenticios, provisi\u00f3n de garrafas y le\u00f1a; podr\u00e1n funcionar de 8,00 a 22,00 horas.<\/p>\n<p>3.- Veterinarias, farmacias, venta de equipamientos m\u00e9dicos y medicamentos; podr\u00e1n funcionar de 8,00 a 22,00 horas; y sin l\u00edmite de horario en el caso de urgencias o aquellas que est\u00e9n de turno.<\/p>\n<p>4.- Kioscos; podr\u00e1n funcionar de 7,00 a 02,00 horas.<\/p>\n<p>5.- M\u00e9dicos, odont\u00f3logos, centros de diagn\u00f3stico por im\u00e1genes, \u00f3pticas, kinesi\u00f3logos, nutricionistas, fonoaudi\u00f3logos, y psic\u00f3logos, de 8,00 a 20,00 horas, con turnos previos y sin l\u00edmite de horario en el caso de urgencias.<\/p>\n<p>6.- Laboratorios de an\u00e1lisis cl\u00ednicos; de 7,30 a 20,00 horas, con turnos previos y sin l\u00edmite de horario en el caso de urgencias.<\/p>\n<p>7.- Comidas elaboradas para llevar; podr\u00e1n funcionar con delivery y con el modo \u201cpara llevar\u201d permitiendo que sus clientes se apersonen a sus establecimientos a retirar los pedidos, hasta las 01,00 horas. Para el retiro de los pedidos los clientes deber\u00e1n respetar el distanciamiento social que nunca podr\u00e1 ser inferior a los dos (2) metros.<\/p>\n<p>7.- Cervecer\u00edas y vinotecas; podr\u00e1n funcionar hasta las 22,00 horas, y hasta las 23,00 podr\u00e1n funcionar con delivery.<\/p>\n<p>8.- Estaciones de servicio, servicios postales y distribuci\u00f3n de paqueter\u00eda funcionar\u00e1n sin restricci\u00f3n horaria alguna.<\/p>\n<p>9.- Registros de la propiedad del automotor, y de las personas; podr\u00e1n funcionar de 8,00 a 18,00.<\/p>\n<p>10.- Talleres para mantenimiento y reparaci\u00f3n de automotores y motocicletas, al igual que, fabricaci\u00f3n, venta y reparaci\u00f3n de neum\u00e1ticos, ambos rubros funcionar\u00e1n, de 8,00 a 20,00 horas.<\/p>\n<p>11.- Venta de repuestos, partes y piezas para automotores, motocicletas y bicicletas, de 8,00 a 20,00 horas.<\/p>\n<p>12.- Venta de art\u00edculos de librer\u00eda e insumos inform\u00e1ticos, de 8,00 a 22,00 horas.<\/p>\n<p>13.- Las oficinas de Obras sociales, mutuales, y\/o medicina prepaga, podr\u00e1n funcionar de 8,00 a 20,00.<\/p>\n<p>14.- Comercios de venta por mayor y menor de 8,00 a 22,00 horas.<\/p>\n<p>15.- Actividad aseguradora desarrollada por compa\u00f1\u00edas aseguradoras, reaseguradoras e intermediarios, de 8,00 a 20,00.<\/p>\n<p>16.- Oficios y profesionales de 8,00 a 20,00.<\/p>\n<p>17.- El personal de servicio dom\u00e9stico, de 8,00 a 20,00 horas.<\/p>\n<p>18.- Establecimiento que desarrollen cobranzas de servicio e impuestos, de 8,00 a 20,00.<\/p>\n<p>19.- Agencias de venta de automotores y veh\u00edculos, de 8,00 a 20,00 horas.<\/p>\n<p>20.- Lavaderos de automotores, funcionar\u00e1n de 8,00 a 20,00 horas.<\/p>\n<p>21.- Peluquer\u00edas, y centros de est\u00e9tica, de 8,00 a 22,00 horas con turnos previamente asignados.<\/p>\n<p>22.- Estacionamiento medido funcionar\u00e1 de 9,00 a 20,00 horas.<\/p>\n<p>23.- Mudanzas y fletes podr\u00e1n funcionar de 8,00 a 20,00 horas.<\/p>\n<p>24.- Agencias de loter\u00edas podr\u00e1n funcionar de 8,00 a 22,00 horas.<\/p>\n<p>25.- Sala de Bingo, podr\u00e1 funcionar de 7,00 a 02,00 horas.<\/p>\n<p>26.- Organizaci\u00f3n de eventos hasta las 02,00 horas. Deber\u00e1n realizarse al aire libre o en\u00a0 espacios cerrados con amplia ventilaci\u00f3n natural habilitados a tal efecto, con un aforo del 50 % de la capacidad del lugar, sin poder superar en ning\u00fan caso un m\u00e1ximo de CIEN (100) personas, y deber\u00e1n cumplir estrictamente con el protocolo elaborado por el Ministerio de Turismo y Deporte de la Naci\u00f3n para Turismo de reuniones.<\/p>\n<p>27.- Salas cinematogr\u00e1ficas, podr\u00e1n funcionar de 8,00 a 2,00 horas.<\/p>\n<p>Ya rigen las restricciones impuestas por el Municipio, todas ellas, deber\u00e1n funcionar conforme los protocolos de bioseguridad establecidos por esta Administraci\u00f3n y los dispuestos en la Resoluci\u00f3n N\u00ba 260\/20 del Jefe de Gabinete de Ministros de la Provincia de Buenos Aires, continuando con el uso obligatorio de barbijos y\/o tapabocas dispuesto en el Decreto N\u00ba 1028\/20 y respetando el distanciamiento social que no podr\u00e1 ser inferior a los 2 metros.<\/p>\n<p><strong>Actividades deportivas.<\/strong><\/p>\n<p>1.- Canchas de Padel, las que podr\u00e1n funcionar de 8,00 a 24,00 horas (debiendo prever un horario exclusivo para mayores de 60 a\u00f1os).<\/p>\n<p>2.- Running.<\/p>\n<p>3.- Ciclismo, se permitir\u00e1 de 6,00 a 20,00 horas.<\/p>\n<p>4.- Pesca en las lagunas Blanca Grande, Blanca Chica, y el Laguito, y La Mostaza se permitir\u00e1 de 7,00 a 20,00 horas.<\/p>\n<p>5.- Pesca en el arroyo, se permitir\u00e1 de 7,00 a 20,00 horas.<\/p>\n<p>6.- Tenis, podr\u00e1 funcionar de 8,00 a 22,00 horas.<\/p>\n<p>7.- Golf, podr\u00e1 funcionar de 8,00 a 20,00 horas.<\/p>\n<p>8.- Tiro individual en espacios abiertos, podr\u00e1 funcionar de 8,00 a 21,00 horas (debiendo prever un horario exclusivo para mayores de 60 a\u00f1os).<\/p>\n<p>9.- Hipismo, podr\u00e1 funcionar de 8,00 a 19,00 horas.<\/p>\n<p>10.- Canotaje, podr\u00e1 funcionar de 8,00 a 19,00 horas.<\/p>\n<p>11.- Pat\u00edn carrera y pat\u00edn art\u00edstico en espacios abiertos.<\/p>\n<p>12.- Arquer\u00eda en espacios abiertos, podr\u00e1 funcionar hasta las 22,00 horas (debiendo prever un horario exclusivo para mayores de 60 a\u00f1os).<\/p>\n<p>13.- Kite Surfing, se permitir\u00e1 de 8,00 a 20,00 horas.<\/p>\n<p>14.- Atletismo.<\/p>\n<p>15.- Skate, podr\u00e1n funcionar de 10,00 a 20,00 horas.<\/p>\n<p>16.- Aeromodelismo, podr\u00e1n funcionar de 8,00 a 19,00 horas.<\/p>\n<p>17.- Preparaci\u00f3n f\u00edsica individual con entrenador personal en espacios abiertos, podr\u00e1n funcionar de 8,00 a 24,00 horas.<\/p>\n<p>18.- Parapente, podr\u00e1 funcionar de 8,00 a 19,00 horas.<\/p>\n<p>19.- Gimnasios, los que podr\u00e1n funcionar de 6,00 a 24,00 horas (debiendo prever un horario exclusivo para mayores de 60 a\u00f1os).<\/p>\n<p>20.- Crossfit, que podr\u00e1 funcionar de 6,00 a 24,00 horas (debiendo prever un horario exclusivo para mayores de 60 a\u00f1os).<\/p>\n<p>21.- Clases de pilates y yoga, las que podr\u00e1n funcionar de 6,00 a 24,00 horas (debiendo prever un horario exclusivo para mayores de 60 a\u00f1os).<\/p>\n<p>22.- Piletas climatizadas y natatorios, las que podr\u00e1n funcionar de 6,00 a 24,00 horas (debiendo prever un horario exclusivo para mayores de 60 a\u00f1os).<\/p>\n<p>23.- Bochas, podr\u00e1 funcionar de 8,00 a 24,00 horas (debiendo prever un horario exclusivo para mayores de 60 a\u00f1os).<\/p>\n<p>24.- Pelota Paleta, podr\u00e1 funcionar de 8,00 a 24,00 horas (debiendo prever un horario exclusivo para mayores de 60 a\u00f1os).<\/p>\n<p>25.- Bowling, podr\u00e1 funcionar de 8,00 a 24,00 horas (debiendo prever un horario exclusivo para mayores de 60 a\u00f1os).<\/p>\n<p>26.- Tenis de Mesa y Badmington, las que podr\u00e1n funcionar de 8,00 a 24,00 horas (debiendo prever un horario exclusivo para mayores de 60 a\u00f1os).<\/p>\n<p>27.- Boxeo y Artes marciales, sin contacto f\u00edsico sujeto a protocolo de gimnasios, las que podr\u00e1n funcionar de 8,00 a 24,00 horas (debiendo prever un horario exclusivo para mayores de 60 a\u00f1os).<\/p>\n<p>28.- Cinco Quillas, que podr\u00e1 funcionar de 8,00 a 24,00 horas (debiendo prever un horario exclusivo para mayores de 60 a\u00f1os).<\/p>\n<p>29.- Reacondicionamiento f\u00edsico de los deportistas pertenecientes a Confederaciones, Asociaciones, Fundaciones y Federaciones, siempre que no implique una concurrencia superior a DIEZ (10) personas y sin contacto f\u00edsico, las que podr\u00e1n realizarse hasta las 22,00 horas.<\/p>\n<p>30.- Colombofilia.<\/p>\n<p>31.- Paintball, que podr\u00e1 funcionar de 8,00 a 20,00 horas (debiendo prever un horario exclusivo para mayores de 60 a\u00f1os).<\/p>\n<p>32.- Natatorios abiertos, tanto en clubes como en espacios privados habilitados a tal efecto, los que podr\u00e1n funcionar de 8,00 a 22,00 horas.<\/p>\n<p>33.- Deportes de conjunto de hasta 10 personas en espacios cerrados de amplia ventilaci\u00f3n natural, los que podr\u00e1n funcionar de 8,00 a 24,00 horas (debiendo prever un horario exclusivo para mayores de 60 a\u00f1os).<\/p>\n<p><strong>Actividades culturales:<\/strong><\/p>\n<p>1.- Producci\u00f3n y\/o grabaci\u00f3n de contenido para transmisi\u00f3n y\/o reproducci\u00f3n a trav\u00e9s de los medios digitales y\/o plataformas web (\u201cStreaming\u201d).<\/p>\n<p>2.- Ensayos de obras musicales y teatrales.<\/p>\n<p>3.- Asistencia a estudios\/ espacios culturales\/ ateliers de parte de sus artistas.<\/p>\n<p>4.- Talleres Culturales.<\/p>\n<p>5.- Ferias de Artesanos y Emprendedores al aire libre, las que se realizar\u00e1n en lugar y fecha que asignar\u00e1 esta administraci\u00f3n a solicitud de los interesados. En ning\u00fan caso podr\u00e1n realizarse en la zona c\u00e9ntrica de la ciudad para evitar la conglomeraci\u00f3n de personas.<\/p>\n<p>6.- Talleres protegidos.<\/p>\n<p>7.- Jardines Maternales.<\/p>\n<p>8.- Institutos de ense\u00f1anza privada, idiomas, m\u00fasica, artesan\u00edas, etc.<\/p>\n<p>Las actividades culturales enumeradas, en los puntos 1 a 4 deber\u00e1n realizarse conforme al protocolo oportunamente publicado. Se llevar\u00e1n a cabo en espacios municipales, con sistema de turnos previamente asignados por la Subsecretar\u00eda de Cultura y Educaci\u00f3n, a las casillas bicentenario@olavarria.gov.ar y teatromunicipal@olavarria.gov.ar y a los tel\u00e9fonos 2284-418454, 2284-431607, los cuales deber\u00e1n llevar un registro de todas las personas con nombre, DNI, y tel\u00e9fono, que concurran al establecimiento especificando fehacientemente<br \/>\nd\u00eda y hora de permanencia, los que deber\u00e1n ser registrados a tal efecto, con un m\u00ednimo de 30 d\u00edas corridos de historia, para llevar a cabo una trazabilidad suficiente en el caso de producirse un contagio.<\/p>\n<p>En todos los casos deber\u00e1 evitar el contacto f\u00edsico, y respetar el correspondiente distanciamiento social, que nunca podr\u00e1 ser inferior a los dos metros de distancia. Asimismo, deber\u00e1n respetar el uso obligatorio de barbijo y\/o tapaboca dispuesto en el Decreto N\u00ba 1028\/20, exceptu\u00e1ndose \u00fanicamente a los artistas que canten, o que ejecuten instrumentos de viento, y a ese s\u00f3lo y \u00fanico efecto.<\/p>\n","protected":false},"excerpt":{"rendered":"<p>Ya rigen las restriccciones impuestas por el Municipio, \u00bfqu\u00e9 dice el nuevo decreto?, tras la&#8230;<\/p>\n","protected":false},"author":1,"featured_media":122046,"comment_status":"closed","ping_status":"closed","sticky":false,"template":"","format":"standard","meta":{"content-type":""},"categories":[27,64],"tags":[],"nelio_content":{"isAutoShareEnabled":false,"autoShareEndMode":"default","automationSources":{"useContentSentences":true,"useSocialTemplates":true,"useCustomSentences":false,"customSentences":[]},"followers":[1],"suggestedReferences":[],"includedReferences":[],"efiUrl":"","efiAlt":"","highlights":[]},"yoast_head":"<!-- This site is optimized with the Yoast SEO plugin v20.7 - https:\/\/yoast.com\/wordpress\/plugins\/seo\/ -->\n<title>Ya rigen las restricciones impuestas por el Municipio, \u00bfqu\u00e9 dice?<\/title>\n<meta name=\"description\" content=\"Ya rigen las restriccciones impuestas por el Municipio, \u00bfqu\u00e9 dice el nuevo decreto?, tras la conferencia realizada en el d\u00eda de ayer.\" \/>\n<meta name=\"robots\" content=\"index, follow, max-snippet:-1, max-image-preview:large, max-video-preview:-1\" \/>\n<link rel=\"canonical\" href=\"https:\/\/experienciadevida.com.ar\/portalurbano\/ya-rigen-las-restriccciones-impuestas-por-el-municipio-que-dice-el-nuevo-decreto\/\" \/>\n<meta property=\"og:locale\" content=\"es_ES\" \/>\n<meta property=\"og:type\" content=\"article\" \/>\n<meta property=\"og:title\" content=\"Ya rigen las restricciones impuestas por el Municipio, \u00bfqu\u00e9 dice?\" \/>\n<meta property=\"og:description\" content=\"Ya rigen las restriccciones impuestas por el Municipio, \u00bfqu\u00e9 dice el nuevo decreto?, tras la conferencia realizada en el d\u00eda de ayer.\" \/>\n<meta property=\"og:url\" content=\"https:\/\/experienciadevida.com.ar\/portalurbano\/ya-rigen-las-restriccciones-impuestas-por-el-municipio-que-dice-el-nuevo-decreto\/\" \/>\n<meta property=\"article:publisher\" content=\"https:\/\/www.facebook.com\/Portal-Urbano-171542830093757\/\" \/>\n<meta property=\"article:published_time\" content=\"2021-03-24T16:02:41+00:00\" \/>\n<meta property=\"article:modified_time\" content=\"2021-03-24T16:26:41+00:00\" \/>\n<meta property=\"og:image\" content=\"https:\/\/experienciadevida.com.ar\/portalurbano\/wp-content\/uploads\/2020\/09\/Dia-de-la-primavera-6.jpg\" \/>\n\t<meta property=\"og:image:width\" content=\"765\" \/>\n\t<meta property=\"og:image:height\" content=\"510\" \/>\n\t<meta property=\"og:image:type\" content=\"image\/jpeg\" \/>\n<meta name=\"author\" content=\"admpu17wp\" \/>\n<meta name=\"twitter:card\" content=\"summary_large_image\" \/>\n<meta name=\"twitter:creator\" content=\"@portalurbanook\" \/>\n<meta name=\"twitter:site\" content=\"@portalurbanook\" \/>\n<meta name=\"twitter:label1\" content=\"Escrito por\" \/>\n\t<meta name=\"twitter:data1\" content=\"admpu17wp\" \/>\n\t<meta name=\"twitter:label2\" content=\"Tiempo de lectura\" \/>\n\t<meta name=\"twitter:data2\" content=\"8 minutos\" \/>\n<script type=\"application\/ld+json\" class=\"yoast-schema-graph\">{\"@context\":\"https:\/\/schema.org\",\"@graph\":[{\"@type\":\"Article\",\"@id\":\"https:\/\/experienciadevida.com.ar\/portalurbano\/ya-rigen-las-restriccciones-impuestas-por-el-municipio-que-dice-el-nuevo-decreto\/#article\",\"isPartOf\":{\"@id\":\"https:\/\/experienciadevida.com.ar\/portalurbano\/ya-rigen-las-restriccciones-impuestas-por-el-municipio-que-dice-el-nuevo-decreto\/\"},\"author\":{\"name\":\"admpu17wp\",\"@id\":\"https:\/\/experienciadevida.com.ar\/portalurbano\/#\/schema\/person\/02dd326b1c4b056e9cc972486934a3a7\"},\"headline\":\"Ya rigen las restriccciones impuestas por el Municipio, \u00bfqu\u00e9 dice el nuevo decreto?\",\"datePublished\":\"2021-03-24T16:02:41+00:00\",\"dateModified\":\"2021-03-24T16:26:41+00:00\",\"mainEntityOfPage\":{\"@id\":\"https:\/\/experienciadevida.com.ar\/portalurbano\/ya-rigen-las-restriccciones-impuestas-por-el-municipio-que-dice-el-nuevo-decreto\/\"},\"wordCount\":1671,\"publisher\":{\"@id\":\"https:\/\/experienciadevida.com.ar\/portalurbano\/#organization\"},\"articleSection\":[\"Ciudad\",\"Destacadas 2\"],\"inLanguage\":\"es\"},{\"@type\":\"WebPage\",\"@id\":\"https:\/\/experienciadevida.com.ar\/portalurbano\/ya-rigen-las-restriccciones-impuestas-por-el-municipio-que-dice-el-nuevo-decreto\/\",\"url\":\"https:\/\/experienciadevida.com.ar\/portalurbano\/ya-rigen-las-restriccciones-impuestas-por-el-municipio-que-dice-el-nuevo-decreto\/\",\"name\":\"Ya rigen las restricciones impuestas por el Municipio, \u00bfqu\u00e9 dice?\",\"isPartOf\":{\"@id\":\"https:\/\/experienciadevida.com.ar\/portalurbano\/#website\"},\"datePublished\":\"2021-03-24T16:02:41+00:00\",\"dateModified\":\"2021-03-24T16:26:41+00:00\",\"description\":\"Ya rigen las restriccciones impuestas por el Municipio, \u00bfqu\u00e9 dice el nuevo decreto?, tras la conferencia realizada en el d\u00eda de ayer.\",\"breadcrumb\":{\"@id\":\"https:\/\/experienciadevida.com.ar\/portalurbano\/ya-rigen-las-restriccciones-impuestas-por-el-municipio-que-dice-el-nuevo-decreto\/#breadcrumb\"},\"inLanguage\":\"es\",\"potentialAction\":[{\"@type\":\"ReadAction\",\"target\":[\"https:\/\/experienciadevida.com.ar\/portalurbano\/ya-rigen-las-restriccciones-impuestas-por-el-municipio-que-dice-el-nuevo-decreto\/\"]}]},{\"@type\":\"BreadcrumbList\",\"@id\":\"https:\/\/experienciadevida.com.ar\/portalurbano\/ya-rigen-las-restriccciones-impuestas-por-el-municipio-que-dice-el-nuevo-decreto\/#breadcrumb\",\"itemListElement\":[{\"@type\":\"ListItem\",\"position\":1,\"name\":\"Portada\",\"item\":\"https:\/\/experienciadevida.com.ar\/portalurbano\/\"},{\"@type\":\"ListItem\",\"position\":2,\"name\":\"Ya rigen las restriccciones impuestas por el Municipio, \u00bfqu\u00e9 dice el nuevo decreto?\"}]},{\"@type\":\"WebSite\",\"@id\":\"https:\/\/experienciadevida.com.ar\/portalurbano\/#website\",\"url\":\"https:\/\/experienciadevida.com.ar\/portalurbano\/\",\"name\":\"\",\"description\":\"\",\"publisher\":{\"@id\":\"https:\/\/experienciadevida.com.ar\/portalurbano\/#organization\"},\"potentialAction\":[{\"@type\":\"SearchAction\",\"target\":{\"@type\":\"EntryPoint\",\"urlTemplate\":\"https:\/\/experienciadevida.com.ar\/portalurbano\/?s={search_term_string}\"},\"query-input\":\"required name=search_term_string\"}],\"inLanguage\":\"es\"},{\"@type\":\"Organization\",\"@id\":\"https:\/\/experienciadevida.com.ar\/portalurbano\/#organization\",\"name\":\"Portal Urbano\",\"url\":\"https:\/\/experienciadevida.com.ar\/portalurbano\/\",\"logo\":{\"@type\":\"ImageObject\",\"inLanguage\":\"es\",\"@id\":\"https:\/\/experienciadevida.com.ar\/portalurbano\/#\/schema\/logo\/image\/\",\"url\":\"https:\/\/experienciadevida.com.ar\/portalurbano\/wp-content\/uploads\/2019\/09\/Logo-Original.png\",\"contentUrl\":\"https:\/\/experienciadevida.com.ar\/portalurbano\/wp-content\/uploads\/2019\/09\/Logo-Original.png\",\"width\":2236,\"height\":1216,\"caption\":\"Portal Urbano\"},\"image\":{\"@id\":\"https:\/\/experienciadevida.com.ar\/portalurbano\/#\/schema\/logo\/image\/\"},\"sameAs\":[\"https:\/\/www.facebook.com\/Portal-Urbano-171542830093757\/\",\"https:\/\/twitter.com\/portalurbanook\",\"https:\/\/www.instagram.com\/_portalurbano\/\",\"https:\/\/www.youtube.com\/channel\/UCXhagIfszH8KxFiOok79zbA?view_as=subscriber\"]},{\"@type\":\"Person\",\"@id\":\"https:\/\/experienciadevida.com.ar\/portalurbano\/#\/schema\/person\/02dd326b1c4b056e9cc972486934a3a7\",\"name\":\"admpu17wp\",\"image\":{\"@type\":\"ImageObject\",\"inLanguage\":\"es\",\"@id\":\"https:\/\/experienciadevida.com.ar\/portalurbano\/#\/schema\/person\/image\/\",\"url\":\"https:\/\/secure.gravatar.com\/avatar\/830d4c57adaae6630765e449a6908047?s=96&d=mm&r=g\",\"contentUrl\":\"https:\/\/secure.gravatar.com\/avatar\/830d4c57adaae6630765e449a6908047?s=96&d=mm&r=g\",\"caption\":\"admpu17wp\"}}]}<\/script>\n<!-- \/ Yoast SEO plugin. -->","yoast_head_json":{"title":"Ya rigen las restricciones impuestas por el Municipio, \u00bfqu\u00e9 dice?","description":"Ya rigen las restriccciones impuestas por el Municipio, \u00bfqu\u00e9 dice el nuevo decreto?, tras la conferencia realizada en el d\u00eda de ayer.","robots":{"index":"index","follow":"follow","max-snippet":"max-snippet:-1","max-image-preview":"max-image-preview:large","max-video-preview":"max-video-preview:-1"},"canonical":"https:\/\/experienciadevida.com.ar\/portalurbano\/ya-rigen-las-restriccciones-impuestas-por-el-municipio-que-dice-el-nuevo-decreto\/","og_locale":"es_ES","og_type":"article","og_title":"Ya rigen las restricciones impuestas por el Municipio, \u00bfqu\u00e9 dice?","og_description":"Ya rigen las restriccciones impuestas por el Municipio, \u00bfqu\u00e9 dice el nuevo decreto?, tras la conferencia realizada en el d\u00eda de ayer.","og_url":"https:\/\/experienciadevida.com.ar\/portalurbano\/ya-rigen-las-restriccciones-impuestas-por-el-municipio-que-dice-el-nuevo-decreto\/","article_publisher":"https:\/\/www.facebook.com\/Portal-Urbano-171542830093757\/","article_published_time":"2021-03-24T16:02:41+00:00","article_modified_time":"2021-03-24T16:26:41+00:00","og_image":[{"width":765,"height":510,"url":"https:\/\/experienciadevida.com.ar\/portalurbano\/wp-content\/uploads\/2020\/09\/Dia-de-la-primavera-6.jpg","type":"image\/jpeg"}],"author":"admpu17wp","twitter_card":"summary_large_image","twitter_creator":"@portalurbanook","twitter_site":"@portalurbanook","twitter_misc":{"Escrito por":"admpu17wp","Tiempo de lectura":"8 minutos"},"schema":{"@context":"https:\/\/schema.org","@graph":[{"@type":"Article","@id":"https:\/\/experienciadevida.com.ar\/portalurbano\/ya-rigen-las-restriccciones-impuestas-por-el-municipio-que-dice-el-nuevo-decreto\/#article","isPartOf":{"@id":"https:\/\/experienciadevida.com.ar\/portalurbano\/ya-rigen-las-restriccciones-impuestas-por-el-municipio-que-dice-el-nuevo-decreto\/"},"author":{"name":"admpu17wp","@id":"https:\/\/experienciadevida.com.ar\/portalurbano\/#\/schema\/person\/02dd326b1c4b056e9cc972486934a3a7"},"headline":"Ya rigen las restriccciones impuestas por el Municipio, \u00bfqu\u00e9 dice el nuevo decreto?","datePublished":"2021-03-24T16:02:41+00:00","dateModified":"2021-03-24T16:26:41+00:00","mainEntityOfPage":{"@id":"https:\/\/experienciadevida.com.ar\/portalurbano\/ya-rigen-las-restriccciones-impuestas-por-el-municipio-que-dice-el-nuevo-decreto\/"},"wordCount":1671,"publisher":{"@id":"https:\/\/experienciadevida.com.ar\/portalurbano\/#organization"},"articleSection":["Ciudad","Destacadas 2"],"inLanguage":"es"},{"@type":"WebPage","@id":"https:\/\/experienciadevida.com.ar\/portalurbano\/ya-rigen-las-restriccciones-impuestas-por-el-municipio-que-dice-el-nuevo-decreto\/","url":"https:\/\/experienciadevida.com.ar\/portalurbano\/ya-rigen-las-restriccciones-impuestas-por-el-municipio-que-dice-el-nuevo-decreto\/","name":"Ya rigen las restricciones impuestas por el Municipio, \u00bfqu\u00e9 dice?","isPartOf":{"@id":"https:\/\/experienciadevida.com.ar\/portalurbano\/#website"},"datePublished":"2021-03-24T16:02:41+00:00","dateModified":"2021-03-24T16:26:41+00:00","description":"Ya rigen las restriccciones impuestas por el Municipio, \u00bfqu\u00e9 dice el nuevo decreto?, tras la conferencia realizada en el d\u00eda de ayer.","breadcrumb":{"@id":"https:\/\/experienciadevida.com.ar\/portalurbano\/ya-rigen-las-restriccciones-impuestas-por-el-municipio-que-dice-el-nuevo-decreto\/#breadcrumb"},"inLanguage":"es","potentialAction":[{"@type":"ReadAction","target":["https:\/\/experienciadevida.com.ar\/portalurbano\/ya-rigen-las-restriccciones-impuestas-por-el-municipio-que-dice-el-nuevo-decreto\/"]}]},{"@type":"BreadcrumbList","@id":"https:\/\/experienciadevida.com.ar\/portalurbano\/ya-rigen-las-restriccciones-impuestas-por-el-municipio-que-dice-el-nuevo-decreto\/#breadcrumb","itemListElement":[{"@type":"ListItem","position":1,"name":"Portada","item":"https:\/\/experienciadevida.com.ar\/portalurbano\/"},{"@type":"ListItem","position":2,"name":"Ya rigen las restriccciones impuestas por el Municipio, \u00bfqu\u00e9 dice el nuevo decreto?"}]},{"@type":"WebSite","@id":"https:\/\/experienciadevida.com.ar\/portalurbano\/#website","url":"https:\/\/experienciadevida.com.ar\/portalurbano\/","name":"","description":"","publisher":{"@id":"https:\/\/experienciadevida.com.ar\/portalurbano\/#organization"},"potentialAction":[{"@type":"SearchAction","target":{"@type":"EntryPoint","urlTemplate":"https:\/\/experienciadevida.com.ar\/portalurbano\/?s={search_term_string}"},"query-input":"required name=search_term_string"}],"inLanguage":"es"},{"@type":"Organization","@id":"https:\/\/experienciadevida.com.ar\/portalurbano\/#organization","name":"Portal Urbano","url":"https:\/\/experienciadevida.com.ar\/portalurbano\/","logo":{"@type":"ImageObject","inLanguage":"es","@id":"https:\/\/experienciadevida.com.ar\/portalurbano\/#\/schema\/logo\/image\/","url":"https:\/\/experienciadevida.com.ar\/portalurbano\/wp-content\/uploads\/2019\/09\/Logo-Original.png","contentUrl":"https:\/\/experienciadevida.com.ar\/portalurbano\/wp-content\/uploads\/2019\/09\/Logo-Original.png","width":2236,"height":1216,"caption":"Portal Urbano"},"image":{"@id":"https:\/\/experienciadevida.com.ar\/portalurbano\/#\/schema\/logo\/image\/"},"sameAs":["https:\/\/www.facebook.com\/Portal-Urbano-171542830093757\/","https:\/\/twitter.com\/portalurbanook","https:\/\/www.instagram.com\/_portalurbano\/","https:\/\/www.youtube.com\/channel\/UCXhagIfszH8KxFiOok79zbA?view_as=subscriber"]},{"@type":"Person","@id":"https:\/\/experienciadevida.com.ar\/portalurbano\/#\/schema\/person\/02dd326b1c4b056e9cc972486934a3a7","name":"admpu17wp","image":{"@type":"ImageObject","inLanguage":"es","@id":"https:\/\/experienciadevida.com.ar\/portalurbano\/#\/schema\/person\/image\/","url":"https:\/\/secure.gravatar.com\/avatar\/830d4c57adaae6630765e449a6908047?s=96&d=mm&r=g","contentUrl":"https:\/\/secure.gravatar.com\/avatar\/830d4c57adaae6630765e449a6908047?s=96&d=mm&r=g","caption":"admpu17wp"}}]}},"featured_image_urls":{"full":["https:\/\/experienciadevida.com.ar\/portalurbano\/wp-content\/uploads\/2020\/09\/Dia-de-la-primavera-6.jpg",765,510,false],"thumbnail":["https:\/\/experienciadevida.com.ar\/portalurbano\/wp-content\/uploads\/2020\/09\/Dia-de-la-primavera-6-150x150.jpg",150,150,true],"medium":["https:\/\/experienciadevida.com.ar\/portalurbano\/wp-content\/uploads\/2020\/09\/Dia-de-la-primavera-6-300x200.jpg",300,200,true],"medium_large":["https:\/\/experienciadevida.com.ar\/portalurbano\/wp-content\/uploads\/2020\/09\/Dia-de-la-primavera-6.jpg",640,427,false],"large":["https:\/\/experienciadevida.com.ar\/portalurbano\/wp-content\/uploads\/2020\/09\/Dia-de-la-primavera-6.jpg",640,427,false],"ug_big":["https:\/\/experienciadevida.com.ar\/portalurbano\/wp-content\/uploads\/2020\/09\/Dia-de-la-primavera-6.jpg",765,510,false],"1536x1536":["https:\/\/experienciadevida.com.ar\/portalurbano\/wp-content\/uploads\/2020\/09\/Dia-de-la-primavera-6.jpg",765,510,false],"2048x2048":["https:\/\/experienciadevida.com.ar\/portalurbano\/wp-content\/uploads\/2020\/09\/Dia-de-la-primavera-6.jpg",765,510,false],"newsever-slider-full":["https:\/\/experienciadevida.com.ar\/portalurbano\/wp-content\/uploads\/2020\/09\/Dia-de-la-primavera-6.jpg",765,510,false],"newsever-featured":["https:\/\/experienciadevida.com.ar\/portalurbano\/wp-content\/uploads\/2020\/09\/Dia-de-la-primavera-6.jpg",765,510,false],"newsever-medium":["https:\/\/experienciadevida.com.ar\/portalurbano\/wp-content\/uploads\/2020\/09\/Dia-de-la-primavera-6.jpg",713,475,false],"web-stories-poster-portrait":["https:\/\/experienciadevida.com.ar\/portalurbano\/wp-content\/uploads\/2020\/09\/Dia-de-la-primavera-6.jpg",640,427,false],"web-stories-publisher-logo":["https:\/\/experienciadevida.com.ar\/portalurbano\/wp-content\/uploads\/2020\/09\/Dia-de-la-primavera-6.jpg",96,64,false],"web-stories-thumbnail":["https:\/\/experienciadevida.com.ar\/portalurbano\/wp-content\/uploads\/2020\/09\/Dia-de-la-primavera-6.jpg",150,100,false]},"author_info":{"display_name":"admpu17wp","author_link":"https:\/\/experienciadevida.com.ar\/portalurbano\/author\/admpu17wp\/"},"category_info":"<a href=\"https:\/\/experienciadevida.com.ar\/portalurbano\/category\/ciudad\/\" rel=\"category tag\">Ciudad<\/a> <a href=\"https:\/\/experienciadevida.com.ar\/portalurbano\/category\/destacadas-2\/\" rel=\"category tag\">Destacadas 2<\/a>","tag_info":"Destacadas 2","comment_count":"0","amp_enabled":true,"_links":{"self":[{"href":"https:\/\/experienciadevida.com.ar\/portalurbano\/wp-json\/wp\/v2\/posts\/138289"}],"collection":[{"href":"https:\/\/experienciadevida.com.ar\/portalurbano\/wp-json\/wp\/v2\/posts"}],"about":[{"href":"https:\/\/experienciadevida.com.ar\/portalurbano\/wp-json\/wp\/v2\/types\/post"}],"author":[{"embeddable":true,"href":"https:\/\/experienciadevida.com.ar\/portalurbano\/wp-json\/wp\/v2\/users\/1"}],"replies":[{"embeddable":true,"href":"https:\/\/experienciadevida.com.ar\/portalurbano\/wp-json\/wp\/v2\/comments?post=138289"}],"version-history":[{"count":3,"href":"https:\/\/experienciadevida.com.ar\/portalurbano\/wp-json\/wp\/v2\/posts\/138289\/revisions"}],"predecessor-version":[{"id":138295,"href":"https:\/\/experienciadevida.com.ar\/portalurbano\/wp-json\/wp\/v2\/posts\/138289\/revisions\/138295"}],"wp:featuredmedia":[{"embeddable":true,"href":"https:\/\/experienciadevida.com.ar\/portalurbano\/wp-json\/wp\/v2\/media\/122046"}],"wp:attachment":[{"href":"https:\/\/experienciadevida.com.ar\/portalurbano\/wp-json\/wp\/v2\/media?parent=138289"}],"wp:term":[{"taxonomy":"category","embeddable":true,"href":"https:\/\/experienciadevida.com.ar\/portalurbano\/wp-json\/wp\/v2\/categories?post=138289"},{"taxonomy":"post_tag","embeddable":true,"href":"https:\/\/experienciadevida.com.ar\/portalurbano\/wp-json\/wp\/v2\/tags?post=138289"}],"curies":[{"name":"wp","href":"https:\/\/api.w.org\/{rel}","templated":true}]}}