{"id":138209,"date":"2021-03-23T20:06:25","date_gmt":"2021-03-23T23:06:25","guid":{"rendered":"https:\/\/experienciadevida.com.ar\/portalurbano\/?p=138209"},"modified":"2021-03-23T20:31:17","modified_gmt":"2021-03-23T23:31:17","slug":"impusieron-tres-restricciones-por-aumentos-de-casos-de-covid-19-en-olavarria","status":"publish","type":"post","link":"https:\/\/experienciadevida.com.ar\/portalurbano\/impusieron-tres-restricciones-por-aumentos-de-casos-de-covid-19-en-olavarria\/","title":{"rendered":"Impusieron tres restricciones por aumentos de casos de Covid-19 en Olavarr\u00eda"},"content":{"rendered":"<p>Impusieron tres restricciones por aumentos de casos de Covid-19 en Olavarr\u00eda. As\u00ed lo inform\u00f3 el Intendente en una conferencia que encabez\u00f3 junto al Subsecretario de Salud Germ\u00e1n Caputto en el Sal\u00f3n Blanco de la Municipalidad, la misma comenz\u00f3 alrededor de las 19hs.<\/p>\n<p>Las restricciones se deben a un aumento de casos en el informe de esta tarde ya que se registraron 79 casos positivos, las mismas comienzan a regir a partir de este martes.<\/p>\n<p>Una de ellas es que las reuniones sociales deber\u00e1n realizarse hasta 10 personas (al aire libre).<\/p>\n<p>Otra\u00a0 es que los bares, restaurantes y locales gastron\u00f3micos deber\u00e1n cerrar sus puertas a las 2 de la ma\u00f1ana.<\/p>\n<p>Por otro lado, suspenden las visitas a los geri\u00e1tricos.<\/p>\n<p>Impusieron tres restricciones por aumentos de casos de Covid-19 en Olavarr\u00eda, <a href=\"https:\/\/www.facebook.com\/galliezequiel\">Galli<\/a> dijo \u00a0<em>\u201cVamos a volver a habilitar reuniones con un m\u00e1ximo de 10 personas al aire libre, retrotraemos el decreto que permit\u00eda 20 personas. Temporalmente hasta nuevo aviso se suspenden las visitas a geri\u00e1tricos. Por otro lado en cuanto a nocturnidad se vuelve a la habilitaci\u00f3n de actividades hasta las 2 am, a partir de lo cual no puede haber actividad de ning\u00fan tipo hasta tanto se controle la situaci\u00f3n\u201d.\u00a0<\/em><\/p>\n<p><a href=\"https:\/\/experienciadevida.com.ar\/portalurbano\/impusieron-tres-restricciones-por-aumentos-de-casos-de-covid-19-en-olavarria\/impusieron\/\" rel=\"attachment wp-att-138218\"><img decoding=\"async\" class=\"alignnone size-full wp-image-138218\" src=\"https:\/\/experienciadevida.com.ar\/portalurbano\/wp-content\/uploads\/2021\/03\/Impusieron.jpg\" alt=\"impusieron \" width=\"2560\" height=\"1711\" srcset=\"https:\/\/experienciadevida.com.ar\/portalurbano\/wp-content\/uploads\/2021\/03\/Impusieron.jpg 2560w, https:\/\/experienciadevida.com.ar\/portalurbano\/wp-content\/uploads\/2021\/03\/Impusieron-300x201.jpg 300w, https:\/\/experienciadevida.com.ar\/portalurbano\/wp-content\/uploads\/2021\/03\/Impusieron-1024x684.jpg 1024w, https:\/\/experienciadevida.com.ar\/portalurbano\/wp-content\/uploads\/2021\/03\/Impusieron-768x513.jpg 768w, https:\/\/experienciadevida.com.ar\/portalurbano\/wp-content\/uploads\/2021\/03\/Impusieron-1536x1027.jpg 1536w, https:\/\/experienciadevida.com.ar\/portalurbano\/wp-content\/uploads\/2021\/03\/Impusieron-2048x1369.jpg 2048w\" sizes=\"(max-width: 2560px) 100vw, 2560px\" \/><\/a><\/p>\n<p>Caputto mencion\u00f3<em> &#8220;estamos teniendo un rebrote, estos son contagios de dos semanas atr\u00e1s. Se aument\u00f3 la cantidad de testeos y se optimiz\u00f3 la unidad de cuidados cr\u00edticos y se mejoraron los recursos humanos, debemos cumplir con los protocolos en las actividades permitidas, ya que estamos ante la segunda ola&#8221;.<\/em><\/p>\n<p>Galli explic\u00f3 que\u00a0<em>\u201cel decreto con estas disposiciones estar\u00e1 firmado en unos minutos, el departamento de Legales est\u00e1 trabajando en eso\u201d.<\/em><\/p>\n<p>El Intendente consider\u00f3:\u00a0<em>\u201cespero que no tengamos que tomar medidas m\u00e1s dr\u00e1sticas que de ser necesario lo vamos a hacer\u201d.<\/em><\/p>\n<p><a href=\"https:\/\/experienciadevida.com.ar\/portalurbano\/impusieron-tres-restricciones-por-aumentos-de-casos-de-covid-19-en-olavarria\/tres-restricciones\/\" rel=\"attachment wp-att-138219\"><img decoding=\"async\" class=\"alignnone size-full wp-image-138219\" src=\"https:\/\/experienciadevida.com.ar\/portalurbano\/wp-content\/uploads\/2021\/03\/tres-restricciones.jpg\" alt=\"tres restricciones \" width=\"2560\" height=\"1711\" srcset=\"https:\/\/experienciadevida.com.ar\/portalurbano\/wp-content\/uploads\/2021\/03\/tres-restricciones.jpg 2560w, https:\/\/experienciadevida.com.ar\/portalurbano\/wp-content\/uploads\/2021\/03\/tres-restricciones-300x201.jpg 300w, https:\/\/experienciadevida.com.ar\/portalurbano\/wp-content\/uploads\/2021\/03\/tres-restricciones-1024x684.jpg 1024w, https:\/\/experienciadevida.com.ar\/portalurbano\/wp-content\/uploads\/2021\/03\/tres-restricciones-768x513.jpg 768w, https:\/\/experienciadevida.com.ar\/portalurbano\/wp-content\/uploads\/2021\/03\/tres-restricciones-1536x1027.jpg 1536w, https:\/\/experienciadevida.com.ar\/portalurbano\/wp-content\/uploads\/2021\/03\/tres-restricciones-2048x1369.jpg 2048w\" sizes=\"(max-width: 2560px) 100vw, 2560px\" \/><\/a><\/p>\n<p>Por otro lado mencion\u00f3 <em>&#8220;vamos a continuar con el RTA, y tratar de vacunar lo m\u00e1s posible. El Programa RTA sirvi\u00f3 para salir a buscar los positivos y poder aislarlos para que no haya propagaci\u00f3n del virus, no estamos en la peor situaci\u00f3n pero si hay que reforzar los cuidados&#8221;.<\/em><\/p>\n<p><em>&#8220;Hay que remarcar en el uso del barbijo, la distancia social, el lavado de manos, notamos que hubo una cierta relajaci\u00f3n pero es importante mencionar que esto no pas\u00f3, hasta que no tengamos un porcentaje vacunado de la poblaci\u00f3n&#8221;.<\/em><\/p>\n<p><em>\u201cEn esta nueva normalidad, con nuevas modalidades, lo que priorizamos es la presencialidad en las escuelas, la habilitaci\u00f3n de actividades deportivas, priorizamos lo que le hace bien a la ciudadan\u00eda. La prioridad es que los chicos est\u00e9n en las aulas. No depende de nosotros, depende de Provincia, hemos acompa\u00f1ado siempre las decisiones de provincia\u201d,<\/em>\u00a0dijo.<\/p>\n<p>Para concluir, analiz\u00f3 que\u00a0<em>\u201cfue un a\u00f1o con mucha intensidad para los vecinos de Olavarr\u00eda, para todo el mundo, ha sido at\u00edpico para todos. Si cada uno ponemos un granito de arena podemos seguir con esta nueva normalidad y evitar el colapso sanitario\u201d.<\/em><\/p>\n<p><em>\u201cLos controles han\u00a0 sido eficientes y suficientes. Todos queremos volver a la normalidad, est\u00e1n los chicos en las escuelas con nuevas modalidades, con actividades deportivas habilitadas, priorizamos a las escuelas y actividades deportivas, aquellas actividades que le hagan bien a la ciudadan\u00eda. Espero que entre todos podamos aportar nuestro granito de arena para que no tengamos que tomar medidas m\u00e1s dram\u00e1ticas, que si es necesario lo vamos a volver a hacer para que el sistema sanitario no entre en riesgo de colapso\u201d<\/em>, finaliz\u00f3.<\/p>\n","protected":false},"excerpt":{"rendered":"<p>Impusieron tres restricciones por aumentos de casos de Covid-19 en Olavarr\u00eda. As\u00ed lo inform\u00f3 el&#8230;<\/p>\n","protected":false},"author":1,"featured_media":138211,"comment_status":"closed","ping_status":"closed","sticky":false,"template":"","format":"standard","meta":{"content-type":""},"categories":[27,64],"tags":[],"nelio_content":{"isAutoShareEnabled":false,"autoShareEndMode":"default","automationSources":{"useContentSentences":true,"useSocialTemplates":true,"useCustomSentences":false,"customSentences":[]},"followers":[1],"suggestedReferences":[],"includedReferences":[],"efiUrl":"","efiAlt":"","highlights":[]},"yoast_head":"<!-- This site is optimized with the Yoast SEO plugin v20.7 - https:\/\/yoast.com\/wordpress\/plugins\/seo\/ -->\n<title>Impusieron tres restricciones por aumentos de casos de Covid-19<\/title>\n<meta name=\"description\" content=\"Impusieron tres restricciones por aumentos de casos de Covid-19 en Olavarr\u00eda, las reuniones sociales, y las visitas a geri\u00e1tricos.\" \/>\n<meta name=\"robots\" content=\"index, follow, max-snippet:-1, max-image-preview:large, max-video-preview:-1\" \/>\n<link rel=\"canonical\" href=\"https:\/\/experienciadevida.com.ar\/portalurbano\/impusieron-tres-restricciones-por-aumentos-de-casos-de-covid-19-en-olavarria\/\" \/>\n<meta property=\"og:locale\" content=\"es_ES\" \/>\n<meta property=\"og:type\" content=\"article\" \/>\n<meta property=\"og:title\" content=\"Impusieron tres restricciones por aumentos de casos de Covid-19\" \/>\n<meta property=\"og:description\" content=\"Impusieron tres restricciones por aumentos de casos de Covid-19 en Olavarr\u00eda, las reuniones sociales, y las visitas a geri\u00e1tricos.\" \/>\n<meta property=\"og:url\" content=\"https:\/\/experienciadevida.com.ar\/portalurbano\/impusieron-tres-restricciones-por-aumentos-de-casos-de-covid-19-en-olavarria\/\" \/>\n<meta property=\"article:publisher\" content=\"https:\/\/www.facebook.com\/Portal-Urbano-171542830093757\/\" \/>\n<meta property=\"article:published_time\" content=\"2021-03-23T23:06:25+00:00\" \/>\n<meta property=\"article:modified_time\" content=\"2021-03-23T23:31:17+00:00\" \/>\n<meta property=\"og:image\" content=\"https:\/\/experienciadevida.com.ar\/portalurbano\/wp-content\/uploads\/2021\/03\/Conferencia.jpg\" \/>\n\t<meta property=\"og:image:width\" content=\"2560\" \/>\n\t<meta property=\"og:image:height\" content=\"1711\" \/>\n\t<meta property=\"og:image:type\" content=\"image\/jpeg\" \/>\n<meta name=\"author\" content=\"admpu17wp\" \/>\n<meta name=\"twitter:card\" content=\"summary_large_image\" \/>\n<meta name=\"twitter:creator\" content=\"@portalurbanook\" \/>\n<meta name=\"twitter:site\" content=\"@portalurbanook\" \/>\n<meta name=\"twitter:label1\" content=\"Escrito por\" \/>\n\t<meta name=\"twitter:data1\" content=\"admpu17wp\" \/>\n\t<meta name=\"twitter:label2\" content=\"Tiempo de lectura\" \/>\n\t<meta name=\"twitter:data2\" content=\"3 minutos\" \/>\n<script type=\"application\/ld+json\" class=\"yoast-schema-graph\">{\"@context\":\"https:\/\/schema.org\",\"@graph\":[{\"@type\":\"Article\",\"@id\":\"https:\/\/experienciadevida.com.ar\/portalurbano\/impusieron-tres-restricciones-por-aumentos-de-casos-de-covid-19-en-olavarria\/#article\",\"isPartOf\":{\"@id\":\"https:\/\/experienciadevida.com.ar\/portalurbano\/impusieron-tres-restricciones-por-aumentos-de-casos-de-covid-19-en-olavarria\/\"},\"author\":{\"name\":\"admpu17wp\",\"@id\":\"https:\/\/experienciadevida.com.ar\/portalurbano\/#\/schema\/person\/02dd326b1c4b056e9cc972486934a3a7\"},\"headline\":\"Impusieron tres restricciones por aumentos de casos de Covid-19 en Olavarr\u00eda\",\"datePublished\":\"2021-03-23T23:06:25+00:00\",\"dateModified\":\"2021-03-23T23:31:17+00:00\",\"mainEntityOfPage\":{\"@id\":\"https:\/\/experienciadevida.com.ar\/portalurbano\/impusieron-tres-restricciones-por-aumentos-de-casos-de-covid-19-en-olavarria\/\"},\"wordCount\":600,\"publisher\":{\"@id\":\"https:\/\/experienciadevida.com.ar\/portalurbano\/#organization\"},\"articleSection\":[\"Ciudad\",\"Destacadas 2\"],\"inLanguage\":\"es\"},{\"@type\":\"WebPage\",\"@id\":\"https:\/\/experienciadevida.com.ar\/portalurbano\/impusieron-tres-restricciones-por-aumentos-de-casos-de-covid-19-en-olavarria\/\",\"url\":\"https:\/\/experienciadevida.com.ar\/portalurbano\/impusieron-tres-restricciones-por-aumentos-de-casos-de-covid-19-en-olavarria\/\",\"name\":\"Impusieron tres restricciones por aumentos de casos de Covid-19\",\"isPartOf\":{\"@id\":\"https:\/\/experienciadevida.com.ar\/portalurbano\/#website\"},\"datePublished\":\"2021-03-23T23:06:25+00:00\",\"dateModified\":\"2021-03-23T23:31:17+00:00\",\"description\":\"Impusieron tres restricciones por aumentos de casos de Covid-19 en Olavarr\u00eda, las reuniones sociales, y las visitas a geri\u00e1tricos.\",\"breadcrumb\":{\"@id\":\"https:\/\/experienciadevida.com.ar\/portalurbano\/impusieron-tres-restricciones-por-aumentos-de-casos-de-covid-19-en-olavarria\/#breadcrumb\"},\"inLanguage\":\"es\",\"potentialAction\":[{\"@type\":\"ReadAction\",\"target\":[\"https:\/\/experienciadevida.com.ar\/portalurbano\/impusieron-tres-restricciones-por-aumentos-de-casos-de-covid-19-en-olavarria\/\"]}]},{\"@type\":\"BreadcrumbList\",\"@id\":\"https:\/\/experienciadevida.com.ar\/portalurbano\/impusieron-tres-restricciones-por-aumentos-de-casos-de-covid-19-en-olavarria\/#breadcrumb\",\"itemListElement\":[{\"@type\":\"ListItem\",\"position\":1,\"name\":\"Portada\",\"item\":\"https:\/\/experienciadevida.com.ar\/portalurbano\/\"},{\"@type\":\"ListItem\",\"position\":2,\"name\":\"Impusieron tres restricciones por aumentos de casos de Covid-19 en Olavarr\u00eda\"}]},{\"@type\":\"WebSite\",\"@id\":\"https:\/\/experienciadevida.com.ar\/portalurbano\/#website\",\"url\":\"https:\/\/experienciadevida.com.ar\/portalurbano\/\",\"name\":\"\",\"description\":\"\",\"publisher\":{\"@id\":\"https:\/\/experienciadevida.com.ar\/portalurbano\/#organization\"},\"potentialAction\":[{\"@type\":\"SearchAction\",\"target\":{\"@type\":\"EntryPoint\",\"urlTemplate\":\"https:\/\/experienciadevida.com.ar\/portalurbano\/?s={search_term_string}\"},\"query-input\":\"required name=search_term_string\"}],\"inLanguage\":\"es\"},{\"@type\":\"Organization\",\"@id\":\"https:\/\/experienciadevida.com.ar\/portalurbano\/#organization\",\"name\":\"Portal Urbano\",\"url\":\"https:\/\/experienciadevida.com.ar\/portalurbano\/\",\"logo\":{\"@type\":\"ImageObject\",\"inLanguage\":\"es\",\"@id\":\"https:\/\/experienciadevida.com.ar\/portalurbano\/#\/schema\/logo\/image\/\",\"url\":\"https:\/\/experienciadevida.com.ar\/portalurbano\/wp-content\/uploads\/2019\/09\/Logo-Original.png\",\"contentUrl\":\"https:\/\/experienciadevida.com.ar\/portalurbano\/wp-content\/uploads\/2019\/09\/Logo-Original.png\",\"width\":2236,\"height\":1216,\"caption\":\"Portal Urbano\"},\"image\":{\"@id\":\"https:\/\/experienciadevida.com.ar\/portalurbano\/#\/schema\/logo\/image\/\"},\"sameAs\":[\"https:\/\/www.facebook.com\/Portal-Urbano-171542830093757\/\",\"https:\/\/twitter.com\/portalurbanook\",\"https:\/\/www.instagram.com\/_portalurbano\/\",\"https:\/\/www.youtube.com\/channel\/UCXhagIfszH8KxFiOok79zbA?view_as=subscriber\"]},{\"@type\":\"Person\",\"@id\":\"https:\/\/experienciadevida.com.ar\/portalurbano\/#\/schema\/person\/02dd326b1c4b056e9cc972486934a3a7\",\"name\":\"admpu17wp\",\"image\":{\"@type\":\"ImageObject\",\"inLanguage\":\"es\",\"@id\":\"https:\/\/experienciadevida.com.ar\/portalurbano\/#\/schema\/person\/image\/\",\"url\":\"https:\/\/secure.gravatar.com\/avatar\/830d4c57adaae6630765e449a6908047?s=96&d=mm&r=g\",\"contentUrl\":\"https:\/\/secure.gravatar.com\/avatar\/830d4c57adaae6630765e449a6908047?s=96&d=mm&r=g\",\"caption\":\"admpu17wp\"}}]}<\/script>\n<!-- \/ Yoast SEO plugin. -->","yoast_head_json":{"title":"Impusieron tres restricciones por aumentos de casos de Covid-19","description":"Impusieron tres restricciones por aumentos de casos de Covid-19 en Olavarr\u00eda, las reuniones sociales, y las visitas a geri\u00e1tricos.","robots":{"index":"index","follow":"follow","max-snippet":"max-snippet:-1","max-image-preview":"max-image-preview:large","max-video-preview":"max-video-preview:-1"},"canonical":"https:\/\/experienciadevida.com.ar\/portalurbano\/impusieron-tres-restricciones-por-aumentos-de-casos-de-covid-19-en-olavarria\/","og_locale":"es_ES","og_type":"article","og_title":"Impusieron tres restricciones por aumentos de casos de Covid-19","og_description":"Impusieron tres restricciones por aumentos de casos de Covid-19 en Olavarr\u00eda, las reuniones sociales, y las visitas a geri\u00e1tricos.","og_url":"https:\/\/experienciadevida.com.ar\/portalurbano\/impusieron-tres-restricciones-por-aumentos-de-casos-de-covid-19-en-olavarria\/","article_publisher":"https:\/\/www.facebook.com\/Portal-Urbano-171542830093757\/","article_published_time":"2021-03-23T23:06:25+00:00","article_modified_time":"2021-03-23T23:31:17+00:00","og_image":[{"width":2560,"height":1711,"url":"https:\/\/experienciadevida.com.ar\/portalurbano\/wp-content\/uploads\/2021\/03\/Conferencia.jpg","type":"image\/jpeg"}],"author":"admpu17wp","twitter_card":"summary_large_image","twitter_creator":"@portalurbanook","twitter_site":"@portalurbanook","twitter_misc":{"Escrito por":"admpu17wp","Tiempo de lectura":"3 minutos"},"schema":{"@context":"https:\/\/schema.org","@graph":[{"@type":"Article","@id":"https:\/\/experienciadevida.com.ar\/portalurbano\/impusieron-tres-restricciones-por-aumentos-de-casos-de-covid-19-en-olavarria\/#article","isPartOf":{"@id":"https:\/\/experienciadevida.com.ar\/portalurbano\/impusieron-tres-restricciones-por-aumentos-de-casos-de-covid-19-en-olavarria\/"},"author":{"name":"admpu17wp","@id":"https:\/\/experienciadevida.com.ar\/portalurbano\/#\/schema\/person\/02dd326b1c4b056e9cc972486934a3a7"},"headline":"Impusieron tres restricciones por aumentos de casos de Covid-19 en Olavarr\u00eda","datePublished":"2021-03-23T23:06:25+00:00","dateModified":"2021-03-23T23:31:17+00:00","mainEntityOfPage":{"@id":"https:\/\/experienciadevida.com.ar\/portalurbano\/impusieron-tres-restricciones-por-aumentos-de-casos-de-covid-19-en-olavarria\/"},"wordCount":600,"publisher":{"@id":"https:\/\/experienciadevida.com.ar\/portalurbano\/#organization"},"articleSection":["Ciudad","Destacadas 2"],"inLanguage":"es"},{"@type":"WebPage","@id":"https:\/\/experienciadevida.com.ar\/portalurbano\/impusieron-tres-restricciones-por-aumentos-de-casos-de-covid-19-en-olavarria\/","url":"https:\/\/experienciadevida.com.ar\/portalurbano\/impusieron-tres-restricciones-por-aumentos-de-casos-de-covid-19-en-olavarria\/","name":"Impusieron tres restricciones por aumentos de casos de Covid-19","isPartOf":{"@id":"https:\/\/experienciadevida.com.ar\/portalurbano\/#website"},"datePublished":"2021-03-23T23:06:25+00:00","dateModified":"2021-03-23T23:31:17+00:00","description":"Impusieron tres restricciones por aumentos de casos de Covid-19 en Olavarr\u00eda, las reuniones sociales, y las visitas a geri\u00e1tricos.","breadcrumb":{"@id":"https:\/\/experienciadevida.com.ar\/portalurbano\/impusieron-tres-restricciones-por-aumentos-de-casos-de-covid-19-en-olavarria\/#breadcrumb"},"inLanguage":"es","potentialAction":[{"@type":"ReadAction","target":["https:\/\/experienciadevida.com.ar\/portalurbano\/impusieron-tres-restricciones-por-aumentos-de-casos-de-covid-19-en-olavarria\/"]}]},{"@type":"BreadcrumbList","@id":"https:\/\/experienciadevida.com.ar\/portalurbano\/impusieron-tres-restricciones-por-aumentos-de-casos-de-covid-19-en-olavarria\/#breadcrumb","itemListElement":[{"@type":"ListItem","position":1,"name":"Portada","item":"https:\/\/experienciadevida.com.ar\/portalurbano\/"},{"@type":"ListItem","position":2,"name":"Impusieron tres restricciones por aumentos de casos de Covid-19 en Olavarr\u00eda"}]},{"@type":"WebSite","@id":"https:\/\/experienciadevida.com.ar\/portalurbano\/#website","url":"https:\/\/experienciadevida.com.ar\/portalurbano\/","name":"","description":"","publisher":{"@id":"https:\/\/experienciadevida.com.ar\/portalurbano\/#organization"},"potentialAction":[{"@type":"SearchAction","target":{"@type":"EntryPoint","urlTemplate":"https:\/\/experienciadevida.com.ar\/portalurbano\/?s={search_term_string}"},"query-input":"required name=search_term_string"}],"inLanguage":"es"},{"@type":"Organization","@id":"https:\/\/experienciadevida.com.ar\/portalurbano\/#organization","name":"Portal Urbano","url":"https:\/\/experienciadevida.com.ar\/portalurbano\/","logo":{"@type":"ImageObject","inLanguage":"es","@id":"https:\/\/experienciadevida.com.ar\/portalurbano\/#\/schema\/logo\/image\/","url":"https:\/\/experienciadevida.com.ar\/portalurbano\/wp-content\/uploads\/2019\/09\/Logo-Original.png","contentUrl":"https:\/\/experienciadevida.com.ar\/portalurbano\/wp-content\/uploads\/2019\/09\/Logo-Original.png","width":2236,"height":1216,"caption":"Portal Urbano"},"image":{"@id":"https:\/\/experienciadevida.com.ar\/portalurbano\/#\/schema\/logo\/image\/"},"sameAs":["https:\/\/www.facebook.com\/Portal-Urbano-171542830093757\/","https:\/\/twitter.com\/portalurbanook","https:\/\/www.instagram.com\/_portalurbano\/","https:\/\/www.youtube.com\/channel\/UCXhagIfszH8KxFiOok79zbA?view_as=subscriber"]},{"@type":"Person","@id":"https:\/\/experienciadevida.com.ar\/portalurbano\/#\/schema\/person\/02dd326b1c4b056e9cc972486934a3a7","name":"admpu17wp","image":{"@type":"ImageObject","inLanguage":"es","@id":"https:\/\/experienciadevida.com.ar\/portalurbano\/#\/schema\/person\/image\/","url":"https:\/\/secure.gravatar.com\/avatar\/830d4c57adaae6630765e449a6908047?s=96&d=mm&r=g","contentUrl":"https:\/\/secure.gravatar.com\/avatar\/830d4c57adaae6630765e449a6908047?s=96&d=mm&r=g","caption":"admpu17wp"}}]}},"featured_image_urls":{"full":["https:\/\/experienciadevida.com.ar\/portalurbano\/wp-content\/uploads\/2021\/03\/Conferencia.jpg",2560,1711,false],"thumbnail":["https:\/\/experienciadevida.com.ar\/portalurbano\/wp-content\/uploads\/2021\/03\/Conferencia-150x150.jpg",150,150,true],"medium":["https:\/\/experienciadevida.com.ar\/portalurbano\/wp-content\/uploads\/2021\/03\/Conferencia-300x201.jpg",300,201,true],"medium_large":["https:\/\/experienciadevida.com.ar\/portalurbano\/wp-content\/uploads\/2021\/03\/Conferencia-768x513.jpg",640,428,true],"large":["https:\/\/experienciadevida.com.ar\/portalurbano\/wp-content\/uploads\/2021\/03\/Conferencia-1024x684.jpg",640,428,true],"ug_big":["https:\/\/experienciadevida.com.ar\/portalurbano\/wp-content\/uploads\/2021\/03\/Conferencia-768x513.jpg",768,513,true],"1536x1536":["https:\/\/experienciadevida.com.ar\/portalurbano\/wp-content\/uploads\/2021\/03\/Conferencia-1536x1027.jpg",1536,1027,true],"2048x2048":["https:\/\/experienciadevida.com.ar\/portalurbano\/wp-content\/uploads\/2021\/03\/Conferencia-2048x1369.jpg",2048,1369,true],"newsever-slider-full":["https:\/\/experienciadevida.com.ar\/portalurbano\/wp-content\/uploads\/2021\/03\/Conferencia.jpg",1264,845,false],"newsever-featured":["https:\/\/experienciadevida.com.ar\/portalurbano\/wp-content\/uploads\/2021\/03\/Conferencia.jpg",1024,684,false],"newsever-medium":["https:\/\/experienciadevida.com.ar\/portalurbano\/wp-content\/uploads\/2021\/03\/Conferencia.jpg",711,475,false],"web-stories-poster-portrait":["https:\/\/experienciadevida.com.ar\/portalurbano\/wp-content\/uploads\/2021\/03\/Conferencia.jpg",640,428,false],"web-stories-publisher-logo":["https:\/\/experienciadevida.com.ar\/portalurbano\/wp-content\/uploads\/2021\/03\/Conferencia.jpg",96,64,false],"web-stories-thumbnail":["https:\/\/experienciadevida.com.ar\/portalurbano\/wp-content\/uploads\/2021\/03\/Conferencia.jpg",150,100,false]},"author_info":{"display_name":"admpu17wp","author_link":"https:\/\/experienciadevida.com.ar\/portalurbano\/author\/admpu17wp\/"},"category_info":"<a href=\"https:\/\/experienciadevida.com.ar\/portalurbano\/category\/ciudad\/\" rel=\"category tag\">Ciudad<\/a> <a href=\"https:\/\/experienciadevida.com.ar\/portalurbano\/category\/destacadas-2\/\" rel=\"category tag\">Destacadas 2<\/a>","tag_info":"Destacadas 2","comment_count":"0","amp_enabled":true,"_links":{"self":[{"href":"https:\/\/experienciadevida.com.ar\/portalurbano\/wp-json\/wp\/v2\/posts\/138209"}],"collection":[{"href":"https:\/\/experienciadevida.com.ar\/portalurbano\/wp-json\/wp\/v2\/posts"}],"about":[{"href":"https:\/\/experienciadevida.com.ar\/portalurbano\/wp-json\/wp\/v2\/types\/post"}],"author":[{"embeddable":true,"href":"https:\/\/experienciadevida.com.ar\/portalurbano\/wp-json\/wp\/v2\/users\/1"}],"replies":[{"embeddable":true,"href":"https:\/\/experienciadevida.com.ar\/portalurbano\/wp-json\/wp\/v2\/comments?post=138209"}],"version-history":[{"count":6,"href":"https:\/\/experienciadevida.com.ar\/portalurbano\/wp-json\/wp\/v2\/posts\/138209\/revisions"}],"predecessor-version":[{"id":138220,"href":"https:\/\/experienciadevida.com.ar\/portalurbano\/wp-json\/wp\/v2\/posts\/138209\/revisions\/138220"}],"wp:featuredmedia":[{"embeddable":true,"href":"https:\/\/experienciadevida.com.ar\/portalurbano\/wp-json\/wp\/v2\/media\/138211"}],"wp:attachment":[{"href":"https:\/\/experienciadevida.com.ar\/portalurbano\/wp-json\/wp\/v2\/media?parent=138209"}],"wp:term":[{"taxonomy":"category","embeddable":true,"href":"https:\/\/experienciadevida.com.ar\/portalurbano\/wp-json\/wp\/v2\/categories?post=138209"},{"taxonomy":"post_tag","embeddable":true,"href":"https:\/\/experienciadevida.com.ar\/portalurbano\/wp-json\/wp\/v2\/tags?post=138209"}],"curies":[{"name":"wp","href":"https:\/\/api.w.org\/{rel}","templated":true}]}}