{"id":138126,"date":"2021-03-22T20:32:07","date_gmt":"2021-03-22T23:32:07","guid":{"rendered":"https:\/\/experienciadevida.com.ar\/portalurbano\/?p=138126"},"modified":"2021-03-22T20:38:07","modified_gmt":"2021-03-22T23:38:07","slug":"coronavirus-en-el-pais-los-contagios-siguen-en-ascenso-y-preocupa-la-llegada-de-la-segunda-ola","status":"publish","type":"post","link":"https:\/\/experienciadevida.com.ar\/portalurbano\/coronavirus-en-el-pais-los-contagios-siguen-en-ascenso-y-preocupa-la-llegada-de-la-segunda-ola\/","title":{"rendered":"Coronavirus en el pa\u00eds: los contagios siguen en ascenso y preocupa la llegada de la segunda ola"},"content":{"rendered":"<p>Coronavirus en el pa\u00eds: los contagios siguen en ascenso y preocupa la llegada de la segunda ola.<\/p>\n<p>El Ministerio de Salud de la Naci\u00f3n inform\u00f3 que en las \u00faltimas 24 horas fueron confirmados 6.401 nuevos casos de coronavirus en el pa\u00eds y otros 126 decesos en el pa\u00eds. Con estos n\u00fameros, preocupa la escalada de la curva de contagios ya que podr\u00eda tratarse del inicio de la segunda ola, tal como han asumido desde el gobierno. En tanto, la pandemia alcanza desde su inicio 2.252.172 positivos y, de esa cifra, 54.671 personas perdieron la vida por la enfermedad.<\/p>\n<p>En las \u00faltimas 24 horas fueron realizados 43.438 testeos. Con estos guarismos el \u00edndice de positividad es del 14%.<\/p>\n<p>El reporte indic\u00f3 que hay un porcentaje de ocupaci\u00f3n de camas de Unidades de Terapia Intensiva (UTI) del 55% en el pa\u00eds y del 58,1% en el \u00c1rea Metropolitana Buenos Aires (AMBA). Los pacientes internados en esa condici\u00f3n son 3.530.<\/p>\n<p>Detalle por distrito:<\/p>\n<p>A continuaci\u00f3n, se detallan los casos reportados en las \u00faltimas 24 horas por distrito, en la primera cifra, y los acumulados desde el inicio de la pandemia en la segunda.<\/p>\n<p>Buenos Aires 2.627 | 941.859<br \/>\nCiudad de Buenos Aires 895 | 249.098<br \/>\nCatamarca 61 | 9.761<br \/>\nChaco 98 | 37.060<br \/>\nChubut 115 | 48.862<br \/>\nCorrientes 179 | 26.646<br \/>\nC\u00f3rdoba 612 | 172.811<br \/>\nEntre R\u00edos 173 | 48.298<br \/>\nFormosa 22 | 1.717<br \/>\nJujuy 17 | 22.041<br \/>\nLa Pampa 67 | 20.556<br \/>\nLa Rioja 16 | 10.710<br \/>\nMendoza 123 | 70.574<br \/>\nMisiones 107 | 10.902<br \/>\nNeuqu\u00e9n 138 | 64.195<br \/>\nR\u00edo Negro 100 | 54.501<br \/>\nSalta 89 | 28.395<br \/>\nSan Juan 76 | 16.391<br \/>\nSan Luis 1 | 21.553<br \/>\nSanta Cruz 98 | 38.288<br \/>\nSanta Fe 436 | 225.915<br \/>\nSantiago del Estero 78 | 24.182<br \/>\nTierra del Fuego* 34 | 23.620<br \/>\nTucum\u00e1n 239 | 84.237<\/p>\n<p>Aclaraci\u00f3n: aquellas provincias con d\u00edgitos en negativo han reclasificado sus casos a otras jurisdicciones seg\u00fan lugar de residencia.<\/p>\n<p>Aquellos casos confirmados que no est\u00e1n notificados por residencia, fueron contabilizados por provincia de carga.<\/p>\n<p>Se incluyen 17 casos existentes en las Islas Malvinas seg\u00fan informaci\u00f3n de prensa (debido a la ocupaci\u00f3n ilegal del Reino Unido, Gran Breta\u00f1a e Irlanda del Norte no es posible contar con informaci\u00f3n propia sobre el impacto del COVID -19 en esa parte del territorio argentino).<\/p>\n<p>La notificaci\u00f3n y carga de datos en el Sistema Nacional de Vigilancia de la Salud (SNVS) respecto a la cantidad de infectados y de las personas fallecidas es responsabilidad de cada una de las jurisdicciones.<\/p>\n<p>La notificaci\u00f3n de los casos por jurisdicci\u00f3n se realiza teniendo en cuenta la residencia seg\u00fan el Registro Nacional de las Personas y en caso de no estar notificado la provincia de residencia, se asigna la provincia de carga. Pudiendo variar en funci\u00f3n de la investigaci\u00f3n de la jurisdicci\u00f3n.<\/p>\n<p>Fuente: DIB<\/p>\n","protected":false},"excerpt":{"rendered":"<p>Coronavirus en el pa\u00eds: los contagios siguen en ascenso y preocupa la llegada de la&#8230;<\/p>\n","protected":false},"author":1,"featured_media":138127,"comment_status":"closed","ping_status":"closed","sticky":false,"template":"","format":"standard","meta":{"content-type":""},"categories":[71,39],"tags":[],"nelio_content":{"isAutoShareEnabled":false,"autoShareEndMode":"default","automationSources":{"useContentSentences":true,"useSocialTemplates":true,"useCustomSentences":false,"customSentences":[]},"followers":[1],"suggestedReferences":[],"includedReferences":[],"efiUrl":"","efiAlt":"","highlights":[]},"yoast_head":"<!-- This site is optimized with the Yoast SEO plugin v20.7 - https:\/\/yoast.com\/wordpress\/plugins\/seo\/ -->\n<title>Coronavirus en el pa\u00eds: los contagios siguen en ascenso y preocupa la llegada de la segunda ola -<\/title>\n<meta name=\"robots\" content=\"index, follow, max-snippet:-1, max-image-preview:large, max-video-preview:-1\" \/>\n<link rel=\"canonical\" href=\"https:\/\/experienciadevida.com.ar\/portalurbano\/coronavirus-en-el-pais-los-contagios-siguen-en-ascenso-y-preocupa-la-llegada-de-la-segunda-ola\/\" \/>\n<meta property=\"og:locale\" content=\"es_ES\" \/>\n<meta property=\"og:type\" content=\"article\" \/>\n<meta property=\"og:title\" content=\"Coronavirus en el pa\u00eds: los contagios siguen en ascenso y preocupa la llegada de la segunda ola -\" \/>\n<meta property=\"og:description\" content=\"Coronavirus en el pa\u00eds: los contagios siguen en ascenso y preocupa la llegada de la...\" \/>\n<meta property=\"og:url\" content=\"https:\/\/experienciadevida.com.ar\/portalurbano\/coronavirus-en-el-pais-los-contagios-siguen-en-ascenso-y-preocupa-la-llegada-de-la-segunda-ola\/\" \/>\n<meta property=\"article:publisher\" content=\"https:\/\/www.facebook.com\/Portal-Urbano-171542830093757\/\" \/>\n<meta property=\"article:published_time\" content=\"2021-03-22T23:32:07+00:00\" \/>\n<meta property=\"article:modified_time\" content=\"2021-03-22T23:38:07+00:00\" \/>\n<meta property=\"og:image\" content=\"https:\/\/experienciadevida.com.ar\/portalurbano\/wp-content\/uploads\/2021\/03\/los-contagios-siguen-en-ascenso.jpg\" \/>\n\t<meta property=\"og:image:width\" content=\"696\" \/>\n\t<meta property=\"og:image:height\" content=\"469\" \/>\n\t<meta property=\"og:image:type\" content=\"image\/jpeg\" \/>\n<meta name=\"author\" content=\"admpu17wp\" \/>\n<meta name=\"twitter:card\" content=\"summary_large_image\" \/>\n<meta name=\"twitter:creator\" content=\"@portalurbanook\" \/>\n<meta name=\"twitter:site\" content=\"@portalurbanook\" \/>\n<meta name=\"twitter:label1\" content=\"Escrito por\" \/>\n\t<meta name=\"twitter:data1\" content=\"admpu17wp\" \/>\n\t<meta name=\"twitter:label2\" content=\"Tiempo de lectura\" \/>\n\t<meta name=\"twitter:data2\" content=\"3 minutos\" \/>\n<script type=\"application\/ld+json\" class=\"yoast-schema-graph\">{\"@context\":\"https:\/\/schema.org\",\"@graph\":[{\"@type\":\"Article\",\"@id\":\"https:\/\/experienciadevida.com.ar\/portalurbano\/coronavirus-en-el-pais-los-contagios-siguen-en-ascenso-y-preocupa-la-llegada-de-la-segunda-ola\/#article\",\"isPartOf\":{\"@id\":\"https:\/\/experienciadevida.com.ar\/portalurbano\/coronavirus-en-el-pais-los-contagios-siguen-en-ascenso-y-preocupa-la-llegada-de-la-segunda-ola\/\"},\"author\":{\"name\":\"admpu17wp\",\"@id\":\"https:\/\/experienciadevida.com.ar\/portalurbano\/#\/schema\/person\/02dd326b1c4b056e9cc972486934a3a7\"},\"headline\":\"Coronavirus en el pa\u00eds: los contagios siguen en ascenso y preocupa la llegada de la segunda ola\",\"datePublished\":\"2021-03-22T23:32:07+00:00\",\"dateModified\":\"2021-03-22T23:38:07+00:00\",\"mainEntityOfPage\":{\"@id\":\"https:\/\/experienciadevida.com.ar\/portalurbano\/coronavirus-en-el-pais-los-contagios-siguen-en-ascenso-y-preocupa-la-llegada-de-la-segunda-ola\/\"},\"wordCount\":430,\"publisher\":{\"@id\":\"https:\/\/experienciadevida.com.ar\/portalurbano\/#organization\"},\"articleSection\":[\"Coronavirus\",\"Naci\u00f3n\"],\"inLanguage\":\"es\"},{\"@type\":\"WebPage\",\"@id\":\"https:\/\/experienciadevida.com.ar\/portalurbano\/coronavirus-en-el-pais-los-contagios-siguen-en-ascenso-y-preocupa-la-llegada-de-la-segunda-ola\/\",\"url\":\"https:\/\/experienciadevida.com.ar\/portalurbano\/coronavirus-en-el-pais-los-contagios-siguen-en-ascenso-y-preocupa-la-llegada-de-la-segunda-ola\/\",\"name\":\"Coronavirus en el pa\u00eds: los contagios siguen en ascenso y preocupa la llegada de la segunda ola -\",\"isPartOf\":{\"@id\":\"https:\/\/experienciadevida.com.ar\/portalurbano\/#website\"},\"datePublished\":\"2021-03-22T23:32:07+00:00\",\"dateModified\":\"2021-03-22T23:38:07+00:00\",\"breadcrumb\":{\"@id\":\"https:\/\/experienciadevida.com.ar\/portalurbano\/coronavirus-en-el-pais-los-contagios-siguen-en-ascenso-y-preocupa-la-llegada-de-la-segunda-ola\/#breadcrumb\"},\"inLanguage\":\"es\",\"potentialAction\":[{\"@type\":\"ReadAction\",\"target\":[\"https:\/\/experienciadevida.com.ar\/portalurbano\/coronavirus-en-el-pais-los-contagios-siguen-en-ascenso-y-preocupa-la-llegada-de-la-segunda-ola\/\"]}]},{\"@type\":\"BreadcrumbList\",\"@id\":\"https:\/\/experienciadevida.com.ar\/portalurbano\/coronavirus-en-el-pais-los-contagios-siguen-en-ascenso-y-preocupa-la-llegada-de-la-segunda-ola\/#breadcrumb\",\"itemListElement\":[{\"@type\":\"ListItem\",\"position\":1,\"name\":\"Portada\",\"item\":\"https:\/\/experienciadevida.com.ar\/portalurbano\/\"},{\"@type\":\"ListItem\",\"position\":2,\"name\":\"Coronavirus en el pa\u00eds: los contagios siguen en ascenso y preocupa la llegada de la segunda ola\"}]},{\"@type\":\"WebSite\",\"@id\":\"https:\/\/experienciadevida.com.ar\/portalurbano\/#website\",\"url\":\"https:\/\/experienciadevida.com.ar\/portalurbano\/\",\"name\":\"\",\"description\":\"\",\"publisher\":{\"@id\":\"https:\/\/experienciadevida.com.ar\/portalurbano\/#organization\"},\"potentialAction\":[{\"@type\":\"SearchAction\",\"target\":{\"@type\":\"EntryPoint\",\"urlTemplate\":\"https:\/\/experienciadevida.com.ar\/portalurbano\/?s={search_term_string}\"},\"query-input\":\"required name=search_term_string\"}],\"inLanguage\":\"es\"},{\"@type\":\"Organization\",\"@id\":\"https:\/\/experienciadevida.com.ar\/portalurbano\/#organization\",\"name\":\"Portal Urbano\",\"url\":\"https:\/\/experienciadevida.com.ar\/portalurbano\/\",\"logo\":{\"@type\":\"ImageObject\",\"inLanguage\":\"es\",\"@id\":\"https:\/\/experienciadevida.com.ar\/portalurbano\/#\/schema\/logo\/image\/\",\"url\":\"https:\/\/experienciadevida.com.ar\/portalurbano\/wp-content\/uploads\/2019\/09\/Logo-Original.png\",\"contentUrl\":\"https:\/\/experienciadevida.com.ar\/portalurbano\/wp-content\/uploads\/2019\/09\/Logo-Original.png\",\"width\":2236,\"height\":1216,\"caption\":\"Portal Urbano\"},\"image\":{\"@id\":\"https:\/\/experienciadevida.com.ar\/portalurbano\/#\/schema\/logo\/image\/\"},\"sameAs\":[\"https:\/\/www.facebook.com\/Portal-Urbano-171542830093757\/\",\"https:\/\/twitter.com\/portalurbanook\",\"https:\/\/www.instagram.com\/_portalurbano\/\",\"https:\/\/www.youtube.com\/channel\/UCXhagIfszH8KxFiOok79zbA?view_as=subscriber\"]},{\"@type\":\"Person\",\"@id\":\"https:\/\/experienciadevida.com.ar\/portalurbano\/#\/schema\/person\/02dd326b1c4b056e9cc972486934a3a7\",\"name\":\"admpu17wp\",\"image\":{\"@type\":\"ImageObject\",\"inLanguage\":\"es\",\"@id\":\"https:\/\/experienciadevida.com.ar\/portalurbano\/#\/schema\/person\/image\/\",\"url\":\"https:\/\/secure.gravatar.com\/avatar\/830d4c57adaae6630765e449a6908047?s=96&d=mm&r=g\",\"contentUrl\":\"https:\/\/secure.gravatar.com\/avatar\/830d4c57adaae6630765e449a6908047?s=96&d=mm&r=g\",\"caption\":\"admpu17wp\"}}]}<\/script>\n<!-- \/ Yoast SEO plugin. -->","yoast_head_json":{"title":"Coronavirus en el pa\u00eds: los contagios siguen en ascenso y preocupa la llegada de la segunda ola -","robots":{"index":"index","follow":"follow","max-snippet":"max-snippet:-1","max-image-preview":"max-image-preview:large","max-video-preview":"max-video-preview:-1"},"canonical":"https:\/\/experienciadevida.com.ar\/portalurbano\/coronavirus-en-el-pais-los-contagios-siguen-en-ascenso-y-preocupa-la-llegada-de-la-segunda-ola\/","og_locale":"es_ES","og_type":"article","og_title":"Coronavirus en el pa\u00eds: los contagios siguen en ascenso y preocupa la llegada de la segunda ola -","og_description":"Coronavirus en el pa\u00eds: los contagios siguen en ascenso y preocupa la llegada de la...","og_url":"https:\/\/experienciadevida.com.ar\/portalurbano\/coronavirus-en-el-pais-los-contagios-siguen-en-ascenso-y-preocupa-la-llegada-de-la-segunda-ola\/","article_publisher":"https:\/\/www.facebook.com\/Portal-Urbano-171542830093757\/","article_published_time":"2021-03-22T23:32:07+00:00","article_modified_time":"2021-03-22T23:38:07+00:00","og_image":[{"width":696,"height":469,"url":"https:\/\/experienciadevida.com.ar\/portalurbano\/wp-content\/uploads\/2021\/03\/los-contagios-siguen-en-ascenso.jpg","type":"image\/jpeg"}],"author":"admpu17wp","twitter_card":"summary_large_image","twitter_creator":"@portalurbanook","twitter_site":"@portalurbanook","twitter_misc":{"Escrito por":"admpu17wp","Tiempo de lectura":"3 minutos"},"schema":{"@context":"https:\/\/schema.org","@graph":[{"@type":"Article","@id":"https:\/\/experienciadevida.com.ar\/portalurbano\/coronavirus-en-el-pais-los-contagios-siguen-en-ascenso-y-preocupa-la-llegada-de-la-segunda-ola\/#article","isPartOf":{"@id":"https:\/\/experienciadevida.com.ar\/portalurbano\/coronavirus-en-el-pais-los-contagios-siguen-en-ascenso-y-preocupa-la-llegada-de-la-segunda-ola\/"},"author":{"name":"admpu17wp","@id":"https:\/\/experienciadevida.com.ar\/portalurbano\/#\/schema\/person\/02dd326b1c4b056e9cc972486934a3a7"},"headline":"Coronavirus en el pa\u00eds: los contagios siguen en ascenso y preocupa la llegada de la segunda ola","datePublished":"2021-03-22T23:32:07+00:00","dateModified":"2021-03-22T23:38:07+00:00","mainEntityOfPage":{"@id":"https:\/\/experienciadevida.com.ar\/portalurbano\/coronavirus-en-el-pais-los-contagios-siguen-en-ascenso-y-preocupa-la-llegada-de-la-segunda-ola\/"},"wordCount":430,"publisher":{"@id":"https:\/\/experienciadevida.com.ar\/portalurbano\/#organization"},"articleSection":["Coronavirus","Naci\u00f3n"],"inLanguage":"es"},{"@type":"WebPage","@id":"https:\/\/experienciadevida.com.ar\/portalurbano\/coronavirus-en-el-pais-los-contagios-siguen-en-ascenso-y-preocupa-la-llegada-de-la-segunda-ola\/","url":"https:\/\/experienciadevida.com.ar\/portalurbano\/coronavirus-en-el-pais-los-contagios-siguen-en-ascenso-y-preocupa-la-llegada-de-la-segunda-ola\/","name":"Coronavirus en el pa\u00eds: los contagios siguen en ascenso y preocupa la llegada de la segunda ola -","isPartOf":{"@id":"https:\/\/experienciadevida.com.ar\/portalurbano\/#website"},"datePublished":"2021-03-22T23:32:07+00:00","dateModified":"2021-03-22T23:38:07+00:00","breadcrumb":{"@id":"https:\/\/experienciadevida.com.ar\/portalurbano\/coronavirus-en-el-pais-los-contagios-siguen-en-ascenso-y-preocupa-la-llegada-de-la-segunda-ola\/#breadcrumb"},"inLanguage":"es","potentialAction":[{"@type":"ReadAction","target":["https:\/\/experienciadevida.com.ar\/portalurbano\/coronavirus-en-el-pais-los-contagios-siguen-en-ascenso-y-preocupa-la-llegada-de-la-segunda-ola\/"]}]},{"@type":"BreadcrumbList","@id":"https:\/\/experienciadevida.com.ar\/portalurbano\/coronavirus-en-el-pais-los-contagios-siguen-en-ascenso-y-preocupa-la-llegada-de-la-segunda-ola\/#breadcrumb","itemListElement":[{"@type":"ListItem","position":1,"name":"Portada","item":"https:\/\/experienciadevida.com.ar\/portalurbano\/"},{"@type":"ListItem","position":2,"name":"Coronavirus en el pa\u00eds: los contagios siguen en ascenso y preocupa la llegada de la segunda ola"}]},{"@type":"WebSite","@id":"https:\/\/experienciadevida.com.ar\/portalurbano\/#website","url":"https:\/\/experienciadevida.com.ar\/portalurbano\/","name":"","description":"","publisher":{"@id":"https:\/\/experienciadevida.com.ar\/portalurbano\/#organization"},"potentialAction":[{"@type":"SearchAction","target":{"@type":"EntryPoint","urlTemplate":"https:\/\/experienciadevida.com.ar\/portalurbano\/?s={search_term_string}"},"query-input":"required name=search_term_string"}],"inLanguage":"es"},{"@type":"Organization","@id":"https:\/\/experienciadevida.com.ar\/portalurbano\/#organization","name":"Portal Urbano","url":"https:\/\/experienciadevida.com.ar\/portalurbano\/","logo":{"@type":"ImageObject","inLanguage":"es","@id":"https:\/\/experienciadevida.com.ar\/portalurbano\/#\/schema\/logo\/image\/","url":"https:\/\/experienciadevida.com.ar\/portalurbano\/wp-content\/uploads\/2019\/09\/Logo-Original.png","contentUrl":"https:\/\/experienciadevida.com.ar\/portalurbano\/wp-content\/uploads\/2019\/09\/Logo-Original.png","width":2236,"height":1216,"caption":"Portal Urbano"},"image":{"@id":"https:\/\/experienciadevida.com.ar\/portalurbano\/#\/schema\/logo\/image\/"},"sameAs":["https:\/\/www.facebook.com\/Portal-Urbano-171542830093757\/","https:\/\/twitter.com\/portalurbanook","https:\/\/www.instagram.com\/_portalurbano\/","https:\/\/www.youtube.com\/channel\/UCXhagIfszH8KxFiOok79zbA?view_as=subscriber"]},{"@type":"Person","@id":"https:\/\/experienciadevida.com.ar\/portalurbano\/#\/schema\/person\/02dd326b1c4b056e9cc972486934a3a7","name":"admpu17wp","image":{"@type":"ImageObject","inLanguage":"es","@id":"https:\/\/experienciadevida.com.ar\/portalurbano\/#\/schema\/person\/image\/","url":"https:\/\/secure.gravatar.com\/avatar\/830d4c57adaae6630765e449a6908047?s=96&d=mm&r=g","contentUrl":"https:\/\/secure.gravatar.com\/avatar\/830d4c57adaae6630765e449a6908047?s=96&d=mm&r=g","caption":"admpu17wp"}}]}},"featured_image_urls":{"full":["https:\/\/experienciadevida.com.ar\/portalurbano\/wp-content\/uploads\/2021\/03\/los-contagios-siguen-en-ascenso.jpg",696,469,false],"thumbnail":["https:\/\/experienciadevida.com.ar\/portalurbano\/wp-content\/uploads\/2021\/03\/los-contagios-siguen-en-ascenso-150x150.jpg",150,150,true],"medium":["https:\/\/experienciadevida.com.ar\/portalurbano\/wp-content\/uploads\/2021\/03\/los-contagios-siguen-en-ascenso-300x202.jpg",300,202,true],"medium_large":["https:\/\/experienciadevida.com.ar\/portalurbano\/wp-content\/uploads\/2021\/03\/los-contagios-siguen-en-ascenso.jpg",640,431,false],"large":["https:\/\/experienciadevida.com.ar\/portalurbano\/wp-content\/uploads\/2021\/03\/los-contagios-siguen-en-ascenso.jpg",640,431,false],"ug_big":["https:\/\/experienciadevida.com.ar\/portalurbano\/wp-content\/uploads\/2021\/03\/los-contagios-siguen-en-ascenso.jpg",696,469,false],"1536x1536":["https:\/\/experienciadevida.com.ar\/portalurbano\/wp-content\/uploads\/2021\/03\/los-contagios-siguen-en-ascenso.jpg",696,469,false],"2048x2048":["https:\/\/experienciadevida.com.ar\/portalurbano\/wp-content\/uploads\/2021\/03\/los-contagios-siguen-en-ascenso.jpg",696,469,false],"newsever-slider-full":["https:\/\/experienciadevida.com.ar\/portalurbano\/wp-content\/uploads\/2021\/03\/los-contagios-siguen-en-ascenso.jpg",696,469,false],"newsever-featured":["https:\/\/experienciadevida.com.ar\/portalurbano\/wp-content\/uploads\/2021\/03\/los-contagios-siguen-en-ascenso.jpg",696,469,false],"newsever-medium":["https:\/\/experienciadevida.com.ar\/portalurbano\/wp-content\/uploads\/2021\/03\/los-contagios-siguen-en-ascenso.jpg",696,469,false],"web-stories-poster-portrait":["https:\/\/experienciadevida.com.ar\/portalurbano\/wp-content\/uploads\/2021\/03\/los-contagios-siguen-en-ascenso.jpg",640,431,false],"web-stories-publisher-logo":["https:\/\/experienciadevida.com.ar\/portalurbano\/wp-content\/uploads\/2021\/03\/los-contagios-siguen-en-ascenso.jpg",96,65,false],"web-stories-thumbnail":["https:\/\/experienciadevida.com.ar\/portalurbano\/wp-content\/uploads\/2021\/03\/los-contagios-siguen-en-ascenso.jpg",150,101,false]},"author_info":{"display_name":"admpu17wp","author_link":"https:\/\/experienciadevida.com.ar\/portalurbano\/author\/admpu17wp\/"},"category_info":"<a href=\"https:\/\/experienciadevida.com.ar\/portalurbano\/category\/nacion\/coronavirus\/\" rel=\"category tag\">Coronavirus<\/a> <a href=\"https:\/\/experienciadevida.com.ar\/portalurbano\/category\/nacion\/\" rel=\"category tag\">Naci\u00f3n<\/a>","tag_info":"Naci\u00f3n","comment_count":"0","amp_enabled":true,"_links":{"self":[{"href":"https:\/\/experienciadevida.com.ar\/portalurbano\/wp-json\/wp\/v2\/posts\/138126"}],"collection":[{"href":"https:\/\/experienciadevida.com.ar\/portalurbano\/wp-json\/wp\/v2\/posts"}],"about":[{"href":"https:\/\/experienciadevida.com.ar\/portalurbano\/wp-json\/wp\/v2\/types\/post"}],"author":[{"embeddable":true,"href":"https:\/\/experienciadevida.com.ar\/portalurbano\/wp-json\/wp\/v2\/users\/1"}],"replies":[{"embeddable":true,"href":"https:\/\/experienciadevida.com.ar\/portalurbano\/wp-json\/wp\/v2\/comments?post=138126"}],"version-history":[{"count":3,"href":"https:\/\/experienciadevida.com.ar\/portalurbano\/wp-json\/wp\/v2\/posts\/138126\/revisions"}],"predecessor-version":[{"id":138142,"href":"https:\/\/experienciadevida.com.ar\/portalurbano\/wp-json\/wp\/v2\/posts\/138126\/revisions\/138142"}],"wp:featuredmedia":[{"embeddable":true,"href":"https:\/\/experienciadevida.com.ar\/portalurbano\/wp-json\/wp\/v2\/media\/138127"}],"wp:attachment":[{"href":"https:\/\/experienciadevida.com.ar\/portalurbano\/wp-json\/wp\/v2\/media?parent=138126"}],"wp:term":[{"taxonomy":"category","embeddable":true,"href":"https:\/\/experienciadevida.com.ar\/portalurbano\/wp-json\/wp\/v2\/categories?post=138126"},{"taxonomy":"post_tag","embeddable":true,"href":"https:\/\/experienciadevida.com.ar\/portalurbano\/wp-json\/wp\/v2\/tags?post=138126"}],"curies":[{"name":"wp","href":"https:\/\/api.w.org\/{rel}","templated":true}]}}