{"id":138084,"date":"2021-03-22T14:35:13","date_gmt":"2021-03-22T17:35:13","guid":{"rendered":"https:\/\/experienciadevida.com.ar\/portalurbano\/?p=138084"},"modified":"2021-03-22T14:35:44","modified_gmt":"2021-03-22T17:35:44","slug":"mas-de-16-millones-en-obras-para-la-escuela-media-no-7","status":"publish","type":"post","link":"https:\/\/experienciadevida.com.ar\/portalurbano\/mas-de-16-millones-en-obras-para-la-escuela-media-no-7\/","title":{"rendered":"M\u00e1s de $16 millones en obras para la Escuela Media N\u00ba 7"},"content":{"rendered":"<p>M\u00e1s de $16 millones en obras para la Escuela Media N\u00ba 7. En la ma\u00f1ana de este lunes se realiz\u00f3 apertura de la licitaci\u00f3n p\u00fablica para llevar adelante importantes obras en la Escuela Media N\u00ba 7 \u2013ubicada en calle Dorrego y De\u00e1n Funes- con una inversi\u00f3n de m\u00e1s de 16 millones de pesos, mediante recursos provenientes del Fondo de Infraestructura Escolar.<\/p>\n<p>El plan comprende la reforma interior y la puesta en valor del edificio, la construcci\u00f3n de cuatro aulas, sanitarios, oficinas administrativas y sala de profesores.<\/p>\n<p>M\u00e1s de $16 millones en obras para la escuela media n\u00b017, la apertura de la licitaci\u00f3n cont\u00f3 con la participaci\u00f3n del secretario de Mantenimiento y Obras P\u00fablicas de la Municipalidad Julio Ferraro, la directora de Licitaciones Pilar Ciardelli y los representantes de las empresas oferentes.<\/p>\n<p>Se presentaron dos ofertas, en primer lugar la empresa Vigas y Bloques S.R.L. cotiz\u00f3 la suma de 16.100.000 pesos, mientras que la firma Pecma estim\u00f3 un c\u00e1lculo de 19.242.481,50 pesos. El presupuesto oficial fue fijado en 16.244.410 pesos.<\/p>\n<p>Desde Obras P\u00fablicas de la Municipalidad se indic\u00f3 que en esta primera etapa de intervenci\u00f3n se trabajar\u00e1 en el \u00e1rea administrativa del establecimiento, con la construcci\u00f3n de un hall de acceso, tres oficinas administrativas, una sala de profesores y un pasillo de circulaci\u00f3n.<\/p>\n<p>El plan contempla la construcci\u00f3n de un nuevo sector con cuatro aulas, que se conectar\u00e1 al edificio antes mencionado mediante un pasillo, con acceso independiente desde la vereda. Adem\u00e1s como apoyo al sector administrativo, se prev\u00e9 la construcci\u00f3n de una bater\u00eda de sanitarios para profesores y para personas con capacidades diferentes.<\/p>\n<p>Sobre calle Dorrego, un sector del muro de cerramiento sobre l\u00ednea municipal ser\u00e1 demolido, se realizar\u00e1 la provisi\u00f3n y colaci\u00f3n de rejas similares y el reemplazo del port\u00f3n. Tambi\u00e9n se reorganizar\u00e1n los caminos que conforman los solados de acceso y circulaci\u00f3n del patio, seg\u00fan la nueva disposici\u00f3n de las edificaciones.<\/p>\n<p>Debido a que el establecimiento cuenta con \u00e1rboles a\u00f1osos, y sus ra\u00edces afectan la infraestructura edilicia, se realizar\u00e1n los trabajos de poda, extracci\u00f3n, cortes y tratamientos de ra\u00edces antes de realizar las obras.<\/p>\n<p>Estas reformas abarcan todos los trabajos de alba\u00f1iler\u00eda, cambio de pisos, mamposter\u00eda, revestimiento, cielorrasos, cubierta, carpinter\u00eda, pintura y las instalaciones sanitaria, gas y el\u00e9ctrica.<\/p>\n","protected":false},"excerpt":{"rendered":"<p>M\u00e1s de $16 millones en obras para la Escuela Media N\u00ba 7. En la ma\u00f1ana&#8230;<\/p>\n","protected":false},"author":1,"featured_media":138085,"comment_status":"closed","ping_status":"closed","sticky":false,"template":"","format":"standard","meta":{"content-type":""},"categories":[27,64],"tags":[],"nelio_content":{"isAutoShareEnabled":false,"autoShareEndMode":"default","automationSources":{"useContentSentences":true,"useSocialTemplates":true,"useCustomSentences":false,"customSentences":[]},"followers":[1],"suggestedReferences":[],"includedReferences":[],"efiUrl":"","efiAlt":"","highlights":[]},"yoast_head":"<!-- This site is optimized with the Yoast SEO plugin v20.7 - https:\/\/yoast.com\/wordpress\/plugins\/seo\/ -->\n<title>M\u00e1s de $16 millones en diferentes obras para la escuela n\u00b07<\/title>\n<meta name=\"description\" content=\"M\u00e1s de $16 millones en obras para la Escuela Media N\u00ba 7. En la ma\u00f1ana de este lunes se realiz\u00f3 apertura de la licitaci\u00f3n p\u00fablica.\" \/>\n<meta name=\"robots\" content=\"index, follow, max-snippet:-1, max-image-preview:large, max-video-preview:-1\" \/>\n<link rel=\"canonical\" href=\"https:\/\/experienciadevida.com.ar\/portalurbano\/mas-de-16-millones-en-obras-para-la-escuela-media-no-7\/\" \/>\n<meta property=\"og:locale\" content=\"es_ES\" \/>\n<meta property=\"og:type\" content=\"article\" \/>\n<meta property=\"og:title\" content=\"M\u00e1s de $16 millones en diferentes obras para la escuela n\u00b07\" \/>\n<meta property=\"og:description\" content=\"M\u00e1s de $16 millones en obras para la Escuela Media N\u00ba 7. En la ma\u00f1ana de este lunes se realiz\u00f3 apertura de la licitaci\u00f3n p\u00fablica.\" \/>\n<meta property=\"og:url\" content=\"https:\/\/experienciadevida.com.ar\/portalurbano\/mas-de-16-millones-en-obras-para-la-escuela-media-no-7\/\" \/>\n<meta property=\"article:publisher\" content=\"https:\/\/www.facebook.com\/Portal-Urbano-171542830093757\/\" \/>\n<meta property=\"article:published_time\" content=\"2021-03-22T17:35:13+00:00\" \/>\n<meta property=\"article:modified_time\" content=\"2021-03-22T17:35:44+00:00\" \/>\n<meta property=\"og:image\" content=\"https:\/\/experienciadevida.com.ar\/portalurbano\/wp-content\/uploads\/2021\/03\/Mas-de-16-millones.jpg\" \/>\n\t<meta property=\"og:image:width\" content=\"1024\" \/>\n\t<meta property=\"og:image:height\" content=\"685\" \/>\n\t<meta property=\"og:image:type\" content=\"image\/jpeg\" \/>\n<meta name=\"author\" content=\"admpu17wp\" \/>\n<meta name=\"twitter:card\" content=\"summary_large_image\" \/>\n<meta name=\"twitter:creator\" content=\"@portalurbanook\" \/>\n<meta name=\"twitter:site\" content=\"@portalurbanook\" \/>\n<meta name=\"twitter:label1\" content=\"Escrito por\" \/>\n\t<meta name=\"twitter:data1\" content=\"admpu17wp\" \/>\n\t<meta name=\"twitter:label2\" content=\"Tiempo de lectura\" \/>\n\t<meta name=\"twitter:data2\" content=\"2 minutos\" \/>\n<script type=\"application\/ld+json\" class=\"yoast-schema-graph\">{\"@context\":\"https:\/\/schema.org\",\"@graph\":[{\"@type\":\"Article\",\"@id\":\"https:\/\/experienciadevida.com.ar\/portalurbano\/mas-de-16-millones-en-obras-para-la-escuela-media-no-7\/#article\",\"isPartOf\":{\"@id\":\"https:\/\/experienciadevida.com.ar\/portalurbano\/mas-de-16-millones-en-obras-para-la-escuela-media-no-7\/\"},\"author\":{\"name\":\"admpu17wp\",\"@id\":\"https:\/\/experienciadevida.com.ar\/portalurbano\/#\/schema\/person\/02dd326b1c4b056e9cc972486934a3a7\"},\"headline\":\"M\u00e1s de $16 millones en obras para la Escuela Media N\u00ba 7\",\"datePublished\":\"2021-03-22T17:35:13+00:00\",\"dateModified\":\"2021-03-22T17:35:44+00:00\",\"mainEntityOfPage\":{\"@id\":\"https:\/\/experienciadevida.com.ar\/portalurbano\/mas-de-16-millones-en-obras-para-la-escuela-media-no-7\/\"},\"wordCount\":415,\"publisher\":{\"@id\":\"https:\/\/experienciadevida.com.ar\/portalurbano\/#organization\"},\"articleSection\":[\"Ciudad\",\"Destacadas 2\"],\"inLanguage\":\"es\"},{\"@type\":\"WebPage\",\"@id\":\"https:\/\/experienciadevida.com.ar\/portalurbano\/mas-de-16-millones-en-obras-para-la-escuela-media-no-7\/\",\"url\":\"https:\/\/experienciadevida.com.ar\/portalurbano\/mas-de-16-millones-en-obras-para-la-escuela-media-no-7\/\",\"name\":\"M\u00e1s de $16 millones en diferentes obras para la escuela n\u00b07\",\"isPartOf\":{\"@id\":\"https:\/\/experienciadevida.com.ar\/portalurbano\/#website\"},\"datePublished\":\"2021-03-22T17:35:13+00:00\",\"dateModified\":\"2021-03-22T17:35:44+00:00\",\"description\":\"M\u00e1s de $16 millones en obras para la Escuela Media N\u00ba 7. En la ma\u00f1ana de este lunes se realiz\u00f3 apertura de la licitaci\u00f3n p\u00fablica.\",\"breadcrumb\":{\"@id\":\"https:\/\/experienciadevida.com.ar\/portalurbano\/mas-de-16-millones-en-obras-para-la-escuela-media-no-7\/#breadcrumb\"},\"inLanguage\":\"es\",\"potentialAction\":[{\"@type\":\"ReadAction\",\"target\":[\"https:\/\/experienciadevida.com.ar\/portalurbano\/mas-de-16-millones-en-obras-para-la-escuela-media-no-7\/\"]}]},{\"@type\":\"BreadcrumbList\",\"@id\":\"https:\/\/experienciadevida.com.ar\/portalurbano\/mas-de-16-millones-en-obras-para-la-escuela-media-no-7\/#breadcrumb\",\"itemListElement\":[{\"@type\":\"ListItem\",\"position\":1,\"name\":\"Portada\",\"item\":\"https:\/\/experienciadevida.com.ar\/portalurbano\/\"},{\"@type\":\"ListItem\",\"position\":2,\"name\":\"M\u00e1s de $16 millones en obras para la Escuela Media N\u00ba 7\"}]},{\"@type\":\"WebSite\",\"@id\":\"https:\/\/experienciadevida.com.ar\/portalurbano\/#website\",\"url\":\"https:\/\/experienciadevida.com.ar\/portalurbano\/\",\"name\":\"\",\"description\":\"\",\"publisher\":{\"@id\":\"https:\/\/experienciadevida.com.ar\/portalurbano\/#organization\"},\"potentialAction\":[{\"@type\":\"SearchAction\",\"target\":{\"@type\":\"EntryPoint\",\"urlTemplate\":\"https:\/\/experienciadevida.com.ar\/portalurbano\/?s={search_term_string}\"},\"query-input\":\"required name=search_term_string\"}],\"inLanguage\":\"es\"},{\"@type\":\"Organization\",\"@id\":\"https:\/\/experienciadevida.com.ar\/portalurbano\/#organization\",\"name\":\"Portal Urbano\",\"url\":\"https:\/\/experienciadevida.com.ar\/portalurbano\/\",\"logo\":{\"@type\":\"ImageObject\",\"inLanguage\":\"es\",\"@id\":\"https:\/\/experienciadevida.com.ar\/portalurbano\/#\/schema\/logo\/image\/\",\"url\":\"https:\/\/experienciadevida.com.ar\/portalurbano\/wp-content\/uploads\/2019\/09\/Logo-Original.png\",\"contentUrl\":\"https:\/\/experienciadevida.com.ar\/portalurbano\/wp-content\/uploads\/2019\/09\/Logo-Original.png\",\"width\":2236,\"height\":1216,\"caption\":\"Portal Urbano\"},\"image\":{\"@id\":\"https:\/\/experienciadevida.com.ar\/portalurbano\/#\/schema\/logo\/image\/\"},\"sameAs\":[\"https:\/\/www.facebook.com\/Portal-Urbano-171542830093757\/\",\"https:\/\/twitter.com\/portalurbanook\",\"https:\/\/www.instagram.com\/_portalurbano\/\",\"https:\/\/www.youtube.com\/channel\/UCXhagIfszH8KxFiOok79zbA?view_as=subscriber\"]},{\"@type\":\"Person\",\"@id\":\"https:\/\/experienciadevida.com.ar\/portalurbano\/#\/schema\/person\/02dd326b1c4b056e9cc972486934a3a7\",\"name\":\"admpu17wp\",\"image\":{\"@type\":\"ImageObject\",\"inLanguage\":\"es\",\"@id\":\"https:\/\/experienciadevida.com.ar\/portalurbano\/#\/schema\/person\/image\/\",\"url\":\"https:\/\/secure.gravatar.com\/avatar\/830d4c57adaae6630765e449a6908047?s=96&d=mm&r=g\",\"contentUrl\":\"https:\/\/secure.gravatar.com\/avatar\/830d4c57adaae6630765e449a6908047?s=96&d=mm&r=g\",\"caption\":\"admpu17wp\"}}]}<\/script>\n<!-- \/ Yoast SEO plugin. -->","yoast_head_json":{"title":"M\u00e1s de $16 millones en diferentes obras para la escuela n\u00b07","description":"M\u00e1s de $16 millones en obras para la Escuela Media N\u00ba 7. En la ma\u00f1ana de este lunes se realiz\u00f3 apertura de la licitaci\u00f3n p\u00fablica.","robots":{"index":"index","follow":"follow","max-snippet":"max-snippet:-1","max-image-preview":"max-image-preview:large","max-video-preview":"max-video-preview:-1"},"canonical":"https:\/\/experienciadevida.com.ar\/portalurbano\/mas-de-16-millones-en-obras-para-la-escuela-media-no-7\/","og_locale":"es_ES","og_type":"article","og_title":"M\u00e1s de $16 millones en diferentes obras para la escuela n\u00b07","og_description":"M\u00e1s de $16 millones en obras para la Escuela Media N\u00ba 7. En la ma\u00f1ana de este lunes se realiz\u00f3 apertura de la licitaci\u00f3n p\u00fablica.","og_url":"https:\/\/experienciadevida.com.ar\/portalurbano\/mas-de-16-millones-en-obras-para-la-escuela-media-no-7\/","article_publisher":"https:\/\/www.facebook.com\/Portal-Urbano-171542830093757\/","article_published_time":"2021-03-22T17:35:13+00:00","article_modified_time":"2021-03-22T17:35:44+00:00","og_image":[{"width":1024,"height":685,"url":"https:\/\/experienciadevida.com.ar\/portalurbano\/wp-content\/uploads\/2021\/03\/Mas-de-16-millones.jpg","type":"image\/jpeg"}],"author":"admpu17wp","twitter_card":"summary_large_image","twitter_creator":"@portalurbanook","twitter_site":"@portalurbanook","twitter_misc":{"Escrito por":"admpu17wp","Tiempo de lectura":"2 minutos"},"schema":{"@context":"https:\/\/schema.org","@graph":[{"@type":"Article","@id":"https:\/\/experienciadevida.com.ar\/portalurbano\/mas-de-16-millones-en-obras-para-la-escuela-media-no-7\/#article","isPartOf":{"@id":"https:\/\/experienciadevida.com.ar\/portalurbano\/mas-de-16-millones-en-obras-para-la-escuela-media-no-7\/"},"author":{"name":"admpu17wp","@id":"https:\/\/experienciadevida.com.ar\/portalurbano\/#\/schema\/person\/02dd326b1c4b056e9cc972486934a3a7"},"headline":"M\u00e1s de $16 millones en obras para la Escuela Media N\u00ba 7","datePublished":"2021-03-22T17:35:13+00:00","dateModified":"2021-03-22T17:35:44+00:00","mainEntityOfPage":{"@id":"https:\/\/experienciadevida.com.ar\/portalurbano\/mas-de-16-millones-en-obras-para-la-escuela-media-no-7\/"},"wordCount":415,"publisher":{"@id":"https:\/\/experienciadevida.com.ar\/portalurbano\/#organization"},"articleSection":["Ciudad","Destacadas 2"],"inLanguage":"es"},{"@type":"WebPage","@id":"https:\/\/experienciadevida.com.ar\/portalurbano\/mas-de-16-millones-en-obras-para-la-escuela-media-no-7\/","url":"https:\/\/experienciadevida.com.ar\/portalurbano\/mas-de-16-millones-en-obras-para-la-escuela-media-no-7\/","name":"M\u00e1s de $16 millones en diferentes obras para la escuela n\u00b07","isPartOf":{"@id":"https:\/\/experienciadevida.com.ar\/portalurbano\/#website"},"datePublished":"2021-03-22T17:35:13+00:00","dateModified":"2021-03-22T17:35:44+00:00","description":"M\u00e1s de $16 millones en obras para la Escuela Media N\u00ba 7. En la ma\u00f1ana de este lunes se realiz\u00f3 apertura de la licitaci\u00f3n p\u00fablica.","breadcrumb":{"@id":"https:\/\/experienciadevida.com.ar\/portalurbano\/mas-de-16-millones-en-obras-para-la-escuela-media-no-7\/#breadcrumb"},"inLanguage":"es","potentialAction":[{"@type":"ReadAction","target":["https:\/\/experienciadevida.com.ar\/portalurbano\/mas-de-16-millones-en-obras-para-la-escuela-media-no-7\/"]}]},{"@type":"BreadcrumbList","@id":"https:\/\/experienciadevida.com.ar\/portalurbano\/mas-de-16-millones-en-obras-para-la-escuela-media-no-7\/#breadcrumb","itemListElement":[{"@type":"ListItem","position":1,"name":"Portada","item":"https:\/\/experienciadevida.com.ar\/portalurbano\/"},{"@type":"ListItem","position":2,"name":"M\u00e1s de $16 millones en obras para la Escuela Media N\u00ba 7"}]},{"@type":"WebSite","@id":"https:\/\/experienciadevida.com.ar\/portalurbano\/#website","url":"https:\/\/experienciadevida.com.ar\/portalurbano\/","name":"","description":"","publisher":{"@id":"https:\/\/experienciadevida.com.ar\/portalurbano\/#organization"},"potentialAction":[{"@type":"SearchAction","target":{"@type":"EntryPoint","urlTemplate":"https:\/\/experienciadevida.com.ar\/portalurbano\/?s={search_term_string}"},"query-input":"required name=search_term_string"}],"inLanguage":"es"},{"@type":"Organization","@id":"https:\/\/experienciadevida.com.ar\/portalurbano\/#organization","name":"Portal Urbano","url":"https:\/\/experienciadevida.com.ar\/portalurbano\/","logo":{"@type":"ImageObject","inLanguage":"es","@id":"https:\/\/experienciadevida.com.ar\/portalurbano\/#\/schema\/logo\/image\/","url":"https:\/\/experienciadevida.com.ar\/portalurbano\/wp-content\/uploads\/2019\/09\/Logo-Original.png","contentUrl":"https:\/\/experienciadevida.com.ar\/portalurbano\/wp-content\/uploads\/2019\/09\/Logo-Original.png","width":2236,"height":1216,"caption":"Portal Urbano"},"image":{"@id":"https:\/\/experienciadevida.com.ar\/portalurbano\/#\/schema\/logo\/image\/"},"sameAs":["https:\/\/www.facebook.com\/Portal-Urbano-171542830093757\/","https:\/\/twitter.com\/portalurbanook","https:\/\/www.instagram.com\/_portalurbano\/","https:\/\/www.youtube.com\/channel\/UCXhagIfszH8KxFiOok79zbA?view_as=subscriber"]},{"@type":"Person","@id":"https:\/\/experienciadevida.com.ar\/portalurbano\/#\/schema\/person\/02dd326b1c4b056e9cc972486934a3a7","name":"admpu17wp","image":{"@type":"ImageObject","inLanguage":"es","@id":"https:\/\/experienciadevida.com.ar\/portalurbano\/#\/schema\/person\/image\/","url":"https:\/\/secure.gravatar.com\/avatar\/830d4c57adaae6630765e449a6908047?s=96&d=mm&r=g","contentUrl":"https:\/\/secure.gravatar.com\/avatar\/830d4c57adaae6630765e449a6908047?s=96&d=mm&r=g","caption":"admpu17wp"}}]}},"featured_image_urls":{"full":["https:\/\/experienciadevida.com.ar\/portalurbano\/wp-content\/uploads\/2021\/03\/Mas-de-16-millones.jpg",1024,685,false],"thumbnail":["https:\/\/experienciadevida.com.ar\/portalurbano\/wp-content\/uploads\/2021\/03\/Mas-de-16-millones-150x150.jpg",150,150,true],"medium":["https:\/\/experienciadevida.com.ar\/portalurbano\/wp-content\/uploads\/2021\/03\/Mas-de-16-millones-300x201.jpg",300,201,true],"medium_large":["https:\/\/experienciadevida.com.ar\/portalurbano\/wp-content\/uploads\/2021\/03\/Mas-de-16-millones-768x514.jpg",640,428,true],"large":["https:\/\/experienciadevida.com.ar\/portalurbano\/wp-content\/uploads\/2021\/03\/Mas-de-16-millones.jpg",640,428,false],"ug_big":["https:\/\/experienciadevida.com.ar\/portalurbano\/wp-content\/uploads\/2021\/03\/Mas-de-16-millones-768x514.jpg",768,514,true],"1536x1536":["https:\/\/experienciadevida.com.ar\/portalurbano\/wp-content\/uploads\/2021\/03\/Mas-de-16-millones.jpg",1024,685,false],"2048x2048":["https:\/\/experienciadevida.com.ar\/portalurbano\/wp-content\/uploads\/2021\/03\/Mas-de-16-millones.jpg",1024,685,false],"newsever-slider-full":["https:\/\/experienciadevida.com.ar\/portalurbano\/wp-content\/uploads\/2021\/03\/Mas-de-16-millones.jpg",1024,685,false],"newsever-featured":["https:\/\/experienciadevida.com.ar\/portalurbano\/wp-content\/uploads\/2021\/03\/Mas-de-16-millones.jpg",1024,685,false],"newsever-medium":["https:\/\/experienciadevida.com.ar\/portalurbano\/wp-content\/uploads\/2021\/03\/Mas-de-16-millones.jpg",710,475,false],"web-stories-poster-portrait":["https:\/\/experienciadevida.com.ar\/portalurbano\/wp-content\/uploads\/2021\/03\/Mas-de-16-millones.jpg",640,428,false],"web-stories-publisher-logo":["https:\/\/experienciadevida.com.ar\/portalurbano\/wp-content\/uploads\/2021\/03\/Mas-de-16-millones.jpg",96,64,false],"web-stories-thumbnail":["https:\/\/experienciadevida.com.ar\/portalurbano\/wp-content\/uploads\/2021\/03\/Mas-de-16-millones.jpg",150,100,false]},"author_info":{"display_name":"admpu17wp","author_link":"https:\/\/experienciadevida.com.ar\/portalurbano\/author\/admpu17wp\/"},"category_info":"<a href=\"https:\/\/experienciadevida.com.ar\/portalurbano\/category\/ciudad\/\" rel=\"category tag\">Ciudad<\/a> <a href=\"https:\/\/experienciadevida.com.ar\/portalurbano\/category\/destacadas-2\/\" rel=\"category tag\">Destacadas 2<\/a>","tag_info":"Destacadas 2","comment_count":"0","amp_enabled":true,"_links":{"self":[{"href":"https:\/\/experienciadevida.com.ar\/portalurbano\/wp-json\/wp\/v2\/posts\/138084"}],"collection":[{"href":"https:\/\/experienciadevida.com.ar\/portalurbano\/wp-json\/wp\/v2\/posts"}],"about":[{"href":"https:\/\/experienciadevida.com.ar\/portalurbano\/wp-json\/wp\/v2\/types\/post"}],"author":[{"embeddable":true,"href":"https:\/\/experienciadevida.com.ar\/portalurbano\/wp-json\/wp\/v2\/users\/1"}],"replies":[{"embeddable":true,"href":"https:\/\/experienciadevida.com.ar\/portalurbano\/wp-json\/wp\/v2\/comments?post=138084"}],"version-history":[{"count":2,"href":"https:\/\/experienciadevida.com.ar\/portalurbano\/wp-json\/wp\/v2\/posts\/138084\/revisions"}],"predecessor-version":[{"id":138087,"href":"https:\/\/experienciadevida.com.ar\/portalurbano\/wp-json\/wp\/v2\/posts\/138084\/revisions\/138087"}],"wp:featuredmedia":[{"embeddable":true,"href":"https:\/\/experienciadevida.com.ar\/portalurbano\/wp-json\/wp\/v2\/media\/138085"}],"wp:attachment":[{"href":"https:\/\/experienciadevida.com.ar\/portalurbano\/wp-json\/wp\/v2\/media?parent=138084"}],"wp:term":[{"taxonomy":"category","embeddable":true,"href":"https:\/\/experienciadevida.com.ar\/portalurbano\/wp-json\/wp\/v2\/categories?post=138084"},{"taxonomy":"post_tag","embeddable":true,"href":"https:\/\/experienciadevida.com.ar\/portalurbano\/wp-json\/wp\/v2\/tags?post=138084"}],"curies":[{"name":"wp","href":"https:\/\/api.w.org\/{rel}","templated":true}]}}