{"id":137965,"date":"2021-03-20T18:11:01","date_gmt":"2021-03-20T21:11:01","guid":{"rendered":"https:\/\/experienciadevida.com.ar\/portalurbano\/?p=137965"},"modified":"2021-03-20T18:12:06","modified_gmt":"2021-03-20T21:12:06","slug":"franco-cominotto-el-21-se-define-la-historia-del-radicalismo","status":"publish","type":"post","link":"https:\/\/experienciadevida.com.ar\/portalurbano\/franco-cominotto-el-21-se-define-la-historia-del-radicalismo\/","title":{"rendered":"Franco Cominotto: &#8220;El 21 se define la historia del radicalismo&#8221;"},"content":{"rendered":"<p>Franco <a href=\"https:\/\/www.facebook.com\/francobruno.cominotto\">Cominotto<\/a>: &#8220;el 21 se define la historia del radicalismo&#8221;. Este domingo son las elecciones internas del Radicalismo, es por eso, que este medio dialog\u00f3 con Franco Cominotto, candidato a Secretario General del Partido.<\/p>\n<p>Cominotto mencion\u00f3 &#8220;<em>lo que estamos viviendo es un proceso, el radicalismo vuelve a encaminarse a un proceso de reconstrucci\u00f3n partidaria donde hemos logrado nuevamente convocar a los afiliados a participar de una elecci\u00f3n interna. Hubo respeto, porque queremos un radicalismo protagonista, queremos un radicalismo que mejore el frente pol\u00edtico para que mejore cambiemos, queremos respeto por las minor\u00edas, un partido que no plante candidatos sino que construya candidatos pero que adem\u00e1s construya propuestas para la ciudadan\u00eda&#8221;.<\/em><\/p>\n<p><em>&#8220;Nosotros entendemos que el radicalismo callado, sumiso, que est\u00e1 c\u00f3modo en lugares Legislativos no es la historia de nuestro Partido, nosotros queremos hacer un cambio trascendental y estamos dispuestos a construir un candidato a Presidente de la mano de Mart\u00edn Losteau para el 2023. La figura de Mart\u00edn en el partido es necesaria, oxigena, tiene una visi\u00f3n Nacional que el radicalismo hacia mucho no ten\u00eda&#8221;.<\/em><\/p>\n<p>Franco Cominotto coment\u00f3 &#8220;<em>Mart\u00edn es el primer pol\u00edtico despu\u00e9s de mucho tiempo del radicalismo que trasciende las fronteras no solo de su lugar, que es la Capital Federal, sino del Partido&#8221;.<\/em><\/p>\n<p>Por otro lado y en cuanto a su candidatura Cominotto expres\u00f3 &#8220;<em>es una responsabilidad mayor, muchos me dicen que es un reconocimiento pero no solo a mi sino a Olavarr\u00eda, porque no es solamente hacia una persona, es la s\u00e9ptima secci\u00f3n electoral porque cada uno de nosotros somos un granito de arena, si no hay un equipo de trabajo si no hay gente que se responsabiliza no somos nada. El 21 a la noche vamos a convocar a todo el radicalismo para que se incorporen a este proceso, para que entiendan que hay que construir un proyecto Nacional, Balbin dec\u00eda que el que gana gobierna y el que pierde acompa\u00f1a, nace con nuestra esencia&#8221;.<\/em><\/p>\n<p><em>&#8220;El 21 cuando vayamos a votar vamos a hacerlo por un radicalismo protagonista que es la lista 14, o por un radicalismo de continuidad sumiso, callado, que es el proyecto que encabeza Maximiliano Abad, que es la continuidad del radicalismo Bonaerense que conduc\u00eda Daniel Salvador, al cual respeto un mont\u00f3n pero sabe que no compartimos su pensamiento, creemos que el radicalismo deb\u00eda alzar la voz y no esperar y estar condicionado por lo que hac\u00eda el Partido que en ese momento era el PRO, el 21 se define la historia del radicalismo&#8221;.<\/em><\/p>\n<p>En cuanto a la interna local dij<em>o &#8220;no tengo dudas de que hubo una gran gesti\u00f3n de Francisco Gonz\u00e1lez donde con much\u00edsimo esfuerzo se logr\u00f3 darle un vigor importante al radicalismo, m\u00e1s all\u00e1 de las dificultades pol\u00edticas. Tambi\u00e9n Mart\u00edn Lastape hizo un gran trabajo, pero no tengo dudas que Gonzalo Dolagaray y\u00a0 Belen son las personas indicadas para conducir el proceso&#8221;.<\/em><\/p>\n<p>En cuanto al rol de la mujer coment\u00f3 <em>&#8220;somos iguales, lo de g\u00e9nero hay que asumirlo como una cuesti\u00f3n de que tenemos que revalorizarnos cuidar el espacio, todos somos iguales y todos tenemos derecho a debatir, porque somos un equipo no diferenciamos por g\u00e9nero. Hay que acompa\u00f1ar ese avance&#8221;.<\/em><\/p>\n<p>Por \u00faltimo Franco Cominotto dijo &#8220;<em>el domingo nace un nuevo radicalismo en la Provincia de Buenos Aires, el domingo es una bisagra en la historia del Partido de los \u00faltimos tiempos, porque va a ver un radicalismo que est\u00e9 dispuesto a competir, construir pero va a recuperar lo mejor de su historia que es el debate, sus mejores hombres, va a enriquecer mucho al frente opositor&#8221;.\u00a0<\/em><\/p>\n<p>Foto: Archivo<\/p>\n","protected":false},"excerpt":{"rendered":"<p>Franco Cominotto: &#8220;el 21 se define la historia del radicalismo&#8221;. Este domingo son las elecciones&#8230;<\/p>\n","protected":false},"author":1,"featured_media":131183,"comment_status":"closed","ping_status":"closed","sticky":false,"template":"","format":"standard","meta":{"content-type":""},"categories":[64,43],"tags":[],"nelio_content":{"isAutoShareEnabled":false,"autoShareEndMode":"default","automationSources":{"useContentSentences":true,"useSocialTemplates":true,"useCustomSentences":false,"customSentences":[]},"followers":[1],"suggestedReferences":[],"includedReferences":[],"efiUrl":"","efiAlt":"","highlights":[]},"yoast_head":"<!-- This site is optimized with the Yoast SEO plugin v20.7 - https:\/\/yoast.com\/wordpress\/plugins\/seo\/ -->\n<title>Franco Cominotto: &quot;El 21 se define la historia del radicalismo&quot;<\/title>\n<meta name=\"description\" content=\"Franco Cominotto: &quot;el 21 se define la historia del radicalismo&quot;. Este domingo son las elecciones internas del Radicalismo, entrevista.\" \/>\n<meta name=\"robots\" content=\"index, follow, max-snippet:-1, max-image-preview:large, max-video-preview:-1\" \/>\n<link rel=\"canonical\" href=\"https:\/\/experienciadevida.com.ar\/portalurbano\/franco-cominotto-el-21-se-define-la-historia-del-radicalismo\/\" \/>\n<meta property=\"og:locale\" content=\"es_ES\" \/>\n<meta property=\"og:type\" content=\"article\" \/>\n<meta property=\"og:title\" content=\"Franco Cominotto: &quot;El 21 se define la historia del radicalismo&quot;\" \/>\n<meta property=\"og:description\" content=\"Franco Cominotto: &quot;el 21 se define la historia del radicalismo&quot;. Este domingo son las elecciones internas del Radicalismo, entrevista.\" \/>\n<meta property=\"og:url\" content=\"https:\/\/experienciadevida.com.ar\/portalurbano\/franco-cominotto-el-21-se-define-la-historia-del-radicalismo\/\" \/>\n<meta property=\"article:publisher\" content=\"https:\/\/www.facebook.com\/Portal-Urbano-171542830093757\/\" \/>\n<meta property=\"article:published_time\" content=\"2021-03-20T21:11:01+00:00\" \/>\n<meta property=\"article:modified_time\" content=\"2021-03-20T21:12:06+00:00\" \/>\n<meta property=\"og:image\" content=\"https:\/\/experienciadevida.com.ar\/portalurbano\/wp-content\/uploads\/2020\/12\/Cominotto-junto-a-Posse.jpg\" \/>\n\t<meta property=\"og:image:width\" content=\"1280\" \/>\n\t<meta property=\"og:image:height\" content=\"960\" \/>\n\t<meta property=\"og:image:type\" content=\"image\/jpeg\" \/>\n<meta name=\"author\" content=\"admpu17wp\" \/>\n<meta name=\"twitter:card\" content=\"summary_large_image\" \/>\n<meta name=\"twitter:creator\" content=\"@portalurbanook\" \/>\n<meta name=\"twitter:site\" content=\"@portalurbanook\" \/>\n<meta name=\"twitter:label1\" content=\"Escrito por\" \/>\n\t<meta name=\"twitter:data1\" content=\"admpu17wp\" \/>\n\t<meta name=\"twitter:label2\" content=\"Tiempo de lectura\" \/>\n\t<meta name=\"twitter:data2\" content=\"3 minutos\" \/>\n<script type=\"application\/ld+json\" class=\"yoast-schema-graph\">{\"@context\":\"https:\/\/schema.org\",\"@graph\":[{\"@type\":\"Article\",\"@id\":\"https:\/\/experienciadevida.com.ar\/portalurbano\/franco-cominotto-el-21-se-define-la-historia-del-radicalismo\/#article\",\"isPartOf\":{\"@id\":\"https:\/\/experienciadevida.com.ar\/portalurbano\/franco-cominotto-el-21-se-define-la-historia-del-radicalismo\/\"},\"author\":{\"name\":\"admpu17wp\",\"@id\":\"https:\/\/experienciadevida.com.ar\/portalurbano\/#\/schema\/person\/02dd326b1c4b056e9cc972486934a3a7\"},\"headline\":\"Franco Cominotto: &#8220;El 21 se define la historia del radicalismo&#8221;\",\"datePublished\":\"2021-03-20T21:11:01+00:00\",\"dateModified\":\"2021-03-20T21:12:06+00:00\",\"mainEntityOfPage\":{\"@id\":\"https:\/\/experienciadevida.com.ar\/portalurbano\/franco-cominotto-el-21-se-define-la-historia-del-radicalismo\/\"},\"wordCount\":627,\"publisher\":{\"@id\":\"https:\/\/experienciadevida.com.ar\/portalurbano\/#organization\"},\"articleSection\":[\"Destacadas 2\",\"Pol\u00edtica\"],\"inLanguage\":\"es\"},{\"@type\":\"WebPage\",\"@id\":\"https:\/\/experienciadevida.com.ar\/portalurbano\/franco-cominotto-el-21-se-define-la-historia-del-radicalismo\/\",\"url\":\"https:\/\/experienciadevida.com.ar\/portalurbano\/franco-cominotto-el-21-se-define-la-historia-del-radicalismo\/\",\"name\":\"Franco Cominotto: \\\"El 21 se define la historia del radicalismo\\\"\",\"isPartOf\":{\"@id\":\"https:\/\/experienciadevida.com.ar\/portalurbano\/#website\"},\"datePublished\":\"2021-03-20T21:11:01+00:00\",\"dateModified\":\"2021-03-20T21:12:06+00:00\",\"description\":\"Franco Cominotto: \\\"el 21 se define la historia del radicalismo\\\". Este domingo son las elecciones internas del Radicalismo, entrevista.\",\"breadcrumb\":{\"@id\":\"https:\/\/experienciadevida.com.ar\/portalurbano\/franco-cominotto-el-21-se-define-la-historia-del-radicalismo\/#breadcrumb\"},\"inLanguage\":\"es\",\"potentialAction\":[{\"@type\":\"ReadAction\",\"target\":[\"https:\/\/experienciadevida.com.ar\/portalurbano\/franco-cominotto-el-21-se-define-la-historia-del-radicalismo\/\"]}]},{\"@type\":\"BreadcrumbList\",\"@id\":\"https:\/\/experienciadevida.com.ar\/portalurbano\/franco-cominotto-el-21-se-define-la-historia-del-radicalismo\/#breadcrumb\",\"itemListElement\":[{\"@type\":\"ListItem\",\"position\":1,\"name\":\"Portada\",\"item\":\"https:\/\/experienciadevida.com.ar\/portalurbano\/\"},{\"@type\":\"ListItem\",\"position\":2,\"name\":\"Franco Cominotto: \u00abEl 21 se define la historia del radicalismo\u00bb\"}]},{\"@type\":\"WebSite\",\"@id\":\"https:\/\/experienciadevida.com.ar\/portalurbano\/#website\",\"url\":\"https:\/\/experienciadevida.com.ar\/portalurbano\/\",\"name\":\"\",\"description\":\"\",\"publisher\":{\"@id\":\"https:\/\/experienciadevida.com.ar\/portalurbano\/#organization\"},\"potentialAction\":[{\"@type\":\"SearchAction\",\"target\":{\"@type\":\"EntryPoint\",\"urlTemplate\":\"https:\/\/experienciadevida.com.ar\/portalurbano\/?s={search_term_string}\"},\"query-input\":\"required name=search_term_string\"}],\"inLanguage\":\"es\"},{\"@type\":\"Organization\",\"@id\":\"https:\/\/experienciadevida.com.ar\/portalurbano\/#organization\",\"name\":\"Portal Urbano\",\"url\":\"https:\/\/experienciadevida.com.ar\/portalurbano\/\",\"logo\":{\"@type\":\"ImageObject\",\"inLanguage\":\"es\",\"@id\":\"https:\/\/experienciadevida.com.ar\/portalurbano\/#\/schema\/logo\/image\/\",\"url\":\"https:\/\/experienciadevida.com.ar\/portalurbano\/wp-content\/uploads\/2019\/09\/Logo-Original.png\",\"contentUrl\":\"https:\/\/experienciadevida.com.ar\/portalurbano\/wp-content\/uploads\/2019\/09\/Logo-Original.png\",\"width\":2236,\"height\":1216,\"caption\":\"Portal Urbano\"},\"image\":{\"@id\":\"https:\/\/experienciadevida.com.ar\/portalurbano\/#\/schema\/logo\/image\/\"},\"sameAs\":[\"https:\/\/www.facebook.com\/Portal-Urbano-171542830093757\/\",\"https:\/\/twitter.com\/portalurbanook\",\"https:\/\/www.instagram.com\/_portalurbano\/\",\"https:\/\/www.youtube.com\/channel\/UCXhagIfszH8KxFiOok79zbA?view_as=subscriber\"]},{\"@type\":\"Person\",\"@id\":\"https:\/\/experienciadevida.com.ar\/portalurbano\/#\/schema\/person\/02dd326b1c4b056e9cc972486934a3a7\",\"name\":\"admpu17wp\",\"image\":{\"@type\":\"ImageObject\",\"inLanguage\":\"es\",\"@id\":\"https:\/\/experienciadevida.com.ar\/portalurbano\/#\/schema\/person\/image\/\",\"url\":\"https:\/\/secure.gravatar.com\/avatar\/830d4c57adaae6630765e449a6908047?s=96&d=mm&r=g\",\"contentUrl\":\"https:\/\/secure.gravatar.com\/avatar\/830d4c57adaae6630765e449a6908047?s=96&d=mm&r=g\",\"caption\":\"admpu17wp\"}}]}<\/script>\n<!-- \/ Yoast SEO plugin. -->","yoast_head_json":{"title":"Franco Cominotto: \"El 21 se define la historia del radicalismo\"","description":"Franco Cominotto: \"el 21 se define la historia del radicalismo\". Este domingo son las elecciones internas del Radicalismo, entrevista.","robots":{"index":"index","follow":"follow","max-snippet":"max-snippet:-1","max-image-preview":"max-image-preview:large","max-video-preview":"max-video-preview:-1"},"canonical":"https:\/\/experienciadevida.com.ar\/portalurbano\/franco-cominotto-el-21-se-define-la-historia-del-radicalismo\/","og_locale":"es_ES","og_type":"article","og_title":"Franco Cominotto: \"El 21 se define la historia del radicalismo\"","og_description":"Franco Cominotto: \"el 21 se define la historia del radicalismo\". Este domingo son las elecciones internas del Radicalismo, entrevista.","og_url":"https:\/\/experienciadevida.com.ar\/portalurbano\/franco-cominotto-el-21-se-define-la-historia-del-radicalismo\/","article_publisher":"https:\/\/www.facebook.com\/Portal-Urbano-171542830093757\/","article_published_time":"2021-03-20T21:11:01+00:00","article_modified_time":"2021-03-20T21:12:06+00:00","og_image":[{"width":1280,"height":960,"url":"https:\/\/experienciadevida.com.ar\/portalurbano\/wp-content\/uploads\/2020\/12\/Cominotto-junto-a-Posse.jpg","type":"image\/jpeg"}],"author":"admpu17wp","twitter_card":"summary_large_image","twitter_creator":"@portalurbanook","twitter_site":"@portalurbanook","twitter_misc":{"Escrito por":"admpu17wp","Tiempo de lectura":"3 minutos"},"schema":{"@context":"https:\/\/schema.org","@graph":[{"@type":"Article","@id":"https:\/\/experienciadevida.com.ar\/portalurbano\/franco-cominotto-el-21-se-define-la-historia-del-radicalismo\/#article","isPartOf":{"@id":"https:\/\/experienciadevida.com.ar\/portalurbano\/franco-cominotto-el-21-se-define-la-historia-del-radicalismo\/"},"author":{"name":"admpu17wp","@id":"https:\/\/experienciadevida.com.ar\/portalurbano\/#\/schema\/person\/02dd326b1c4b056e9cc972486934a3a7"},"headline":"Franco Cominotto: &#8220;El 21 se define la historia del radicalismo&#8221;","datePublished":"2021-03-20T21:11:01+00:00","dateModified":"2021-03-20T21:12:06+00:00","mainEntityOfPage":{"@id":"https:\/\/experienciadevida.com.ar\/portalurbano\/franco-cominotto-el-21-se-define-la-historia-del-radicalismo\/"},"wordCount":627,"publisher":{"@id":"https:\/\/experienciadevida.com.ar\/portalurbano\/#organization"},"articleSection":["Destacadas 2","Pol\u00edtica"],"inLanguage":"es"},{"@type":"WebPage","@id":"https:\/\/experienciadevida.com.ar\/portalurbano\/franco-cominotto-el-21-se-define-la-historia-del-radicalismo\/","url":"https:\/\/experienciadevida.com.ar\/portalurbano\/franco-cominotto-el-21-se-define-la-historia-del-radicalismo\/","name":"Franco Cominotto: \"El 21 se define la historia del radicalismo\"","isPartOf":{"@id":"https:\/\/experienciadevida.com.ar\/portalurbano\/#website"},"datePublished":"2021-03-20T21:11:01+00:00","dateModified":"2021-03-20T21:12:06+00:00","description":"Franco Cominotto: \"el 21 se define la historia del radicalismo\". Este domingo son las elecciones internas del Radicalismo, entrevista.","breadcrumb":{"@id":"https:\/\/experienciadevida.com.ar\/portalurbano\/franco-cominotto-el-21-se-define-la-historia-del-radicalismo\/#breadcrumb"},"inLanguage":"es","potentialAction":[{"@type":"ReadAction","target":["https:\/\/experienciadevida.com.ar\/portalurbano\/franco-cominotto-el-21-se-define-la-historia-del-radicalismo\/"]}]},{"@type":"BreadcrumbList","@id":"https:\/\/experienciadevida.com.ar\/portalurbano\/franco-cominotto-el-21-se-define-la-historia-del-radicalismo\/#breadcrumb","itemListElement":[{"@type":"ListItem","position":1,"name":"Portada","item":"https:\/\/experienciadevida.com.ar\/portalurbano\/"},{"@type":"ListItem","position":2,"name":"Franco Cominotto: \u00abEl 21 se define la historia del radicalismo\u00bb"}]},{"@type":"WebSite","@id":"https:\/\/experienciadevida.com.ar\/portalurbano\/#website","url":"https:\/\/experienciadevida.com.ar\/portalurbano\/","name":"","description":"","publisher":{"@id":"https:\/\/experienciadevida.com.ar\/portalurbano\/#organization"},"potentialAction":[{"@type":"SearchAction","target":{"@type":"EntryPoint","urlTemplate":"https:\/\/experienciadevida.com.ar\/portalurbano\/?s={search_term_string}"},"query-input":"required name=search_term_string"}],"inLanguage":"es"},{"@type":"Organization","@id":"https:\/\/experienciadevida.com.ar\/portalurbano\/#organization","name":"Portal Urbano","url":"https:\/\/experienciadevida.com.ar\/portalurbano\/","logo":{"@type":"ImageObject","inLanguage":"es","@id":"https:\/\/experienciadevida.com.ar\/portalurbano\/#\/schema\/logo\/image\/","url":"https:\/\/experienciadevida.com.ar\/portalurbano\/wp-content\/uploads\/2019\/09\/Logo-Original.png","contentUrl":"https:\/\/experienciadevida.com.ar\/portalurbano\/wp-content\/uploads\/2019\/09\/Logo-Original.png","width":2236,"height":1216,"caption":"Portal Urbano"},"image":{"@id":"https:\/\/experienciadevida.com.ar\/portalurbano\/#\/schema\/logo\/image\/"},"sameAs":["https:\/\/www.facebook.com\/Portal-Urbano-171542830093757\/","https:\/\/twitter.com\/portalurbanook","https:\/\/www.instagram.com\/_portalurbano\/","https:\/\/www.youtube.com\/channel\/UCXhagIfszH8KxFiOok79zbA?view_as=subscriber"]},{"@type":"Person","@id":"https:\/\/experienciadevida.com.ar\/portalurbano\/#\/schema\/person\/02dd326b1c4b056e9cc972486934a3a7","name":"admpu17wp","image":{"@type":"ImageObject","inLanguage":"es","@id":"https:\/\/experienciadevida.com.ar\/portalurbano\/#\/schema\/person\/image\/","url":"https:\/\/secure.gravatar.com\/avatar\/830d4c57adaae6630765e449a6908047?s=96&d=mm&r=g","contentUrl":"https:\/\/secure.gravatar.com\/avatar\/830d4c57adaae6630765e449a6908047?s=96&d=mm&r=g","caption":"admpu17wp"}}]}},"featured_image_urls":{"full":["https:\/\/experienciadevida.com.ar\/portalurbano\/wp-content\/uploads\/2020\/12\/Cominotto-junto-a-Posse.jpg",1280,960,false],"thumbnail":["https:\/\/experienciadevida.com.ar\/portalurbano\/wp-content\/uploads\/2020\/12\/Cominotto-junto-a-Posse-150x150.jpg",150,150,true],"medium":["https:\/\/experienciadevida.com.ar\/portalurbano\/wp-content\/uploads\/2020\/12\/Cominotto-junto-a-Posse-300x225.jpg",300,225,true],"medium_large":["https:\/\/experienciadevida.com.ar\/portalurbano\/wp-content\/uploads\/2020\/12\/Cominotto-junto-a-Posse-768x576.jpg",640,480,true],"large":["https:\/\/experienciadevida.com.ar\/portalurbano\/wp-content\/uploads\/2020\/12\/Cominotto-junto-a-Posse-1024x768.jpg",640,480,true],"ug_big":["https:\/\/experienciadevida.com.ar\/portalurbano\/wp-content\/uploads\/2020\/12\/Cominotto-junto-a-Posse-768x576.jpg",768,576,true],"1536x1536":["https:\/\/experienciadevida.com.ar\/portalurbano\/wp-content\/uploads\/2020\/12\/Cominotto-junto-a-Posse.jpg",1280,960,false],"2048x2048":["https:\/\/experienciadevida.com.ar\/portalurbano\/wp-content\/uploads\/2020\/12\/Cominotto-junto-a-Posse.jpg",1280,960,false],"newsever-slider-full":["https:\/\/experienciadevida.com.ar\/portalurbano\/wp-content\/uploads\/2020\/12\/Cominotto-junto-a-Posse.jpg",1127,845,false],"newsever-featured":["https:\/\/experienciadevida.com.ar\/portalurbano\/wp-content\/uploads\/2020\/12\/Cominotto-junto-a-Posse.jpg",1024,768,false],"newsever-medium":["https:\/\/experienciadevida.com.ar\/portalurbano\/wp-content\/uploads\/2020\/12\/Cominotto-junto-a-Posse.jpg",633,475,false],"web-stories-poster-portrait":["https:\/\/experienciadevida.com.ar\/portalurbano\/wp-content\/uploads\/2020\/12\/Cominotto-junto-a-Posse.jpg",640,480,false],"web-stories-publisher-logo":["https:\/\/experienciadevida.com.ar\/portalurbano\/wp-content\/uploads\/2020\/12\/Cominotto-junto-a-Posse.jpg",96,72,false],"web-stories-thumbnail":["https:\/\/experienciadevida.com.ar\/portalurbano\/wp-content\/uploads\/2020\/12\/Cominotto-junto-a-Posse.jpg",150,113,false]},"author_info":{"display_name":"admpu17wp","author_link":"https:\/\/experienciadevida.com.ar\/portalurbano\/author\/admpu17wp\/"},"category_info":"<a href=\"https:\/\/experienciadevida.com.ar\/portalurbano\/category\/destacadas-2\/\" rel=\"category tag\">Destacadas 2<\/a> <a href=\"https:\/\/experienciadevida.com.ar\/portalurbano\/category\/politica\/\" rel=\"category tag\">Pol\u00edtica<\/a>","tag_info":"Pol\u00edtica","comment_count":"0","amp_enabled":true,"_links":{"self":[{"href":"https:\/\/experienciadevida.com.ar\/portalurbano\/wp-json\/wp\/v2\/posts\/137965"}],"collection":[{"href":"https:\/\/experienciadevida.com.ar\/portalurbano\/wp-json\/wp\/v2\/posts"}],"about":[{"href":"https:\/\/experienciadevida.com.ar\/portalurbano\/wp-json\/wp\/v2\/types\/post"}],"author":[{"embeddable":true,"href":"https:\/\/experienciadevida.com.ar\/portalurbano\/wp-json\/wp\/v2\/users\/1"}],"replies":[{"embeddable":true,"href":"https:\/\/experienciadevida.com.ar\/portalurbano\/wp-json\/wp\/v2\/comments?post=137965"}],"version-history":[{"count":2,"href":"https:\/\/experienciadevida.com.ar\/portalurbano\/wp-json\/wp\/v2\/posts\/137965\/revisions"}],"predecessor-version":[{"id":137967,"href":"https:\/\/experienciadevida.com.ar\/portalurbano\/wp-json\/wp\/v2\/posts\/137965\/revisions\/137967"}],"wp:featuredmedia":[{"embeddable":true,"href":"https:\/\/experienciadevida.com.ar\/portalurbano\/wp-json\/wp\/v2\/media\/131183"}],"wp:attachment":[{"href":"https:\/\/experienciadevida.com.ar\/portalurbano\/wp-json\/wp\/v2\/media?parent=137965"}],"wp:term":[{"taxonomy":"category","embeddable":true,"href":"https:\/\/experienciadevida.com.ar\/portalurbano\/wp-json\/wp\/v2\/categories?post=137965"},{"taxonomy":"post_tag","embeddable":true,"href":"https:\/\/experienciadevida.com.ar\/portalurbano\/wp-json\/wp\/v2\/tags?post=137965"}],"curies":[{"name":"wp","href":"https:\/\/api.w.org\/{rel}","templated":true}]}}