{"id":137922,"date":"2021-03-20T10:48:47","date_gmt":"2021-03-20T13:48:47","guid":{"rendered":"https:\/\/experienciadevida.com.ar\/portalurbano\/?p=137922"},"modified":"2021-03-20T10:54:01","modified_gmt":"2021-03-20T13:54:01","slug":"concejales-del-frente-de-todos-se-reunieron-con-vecinos-de-colonia-san-miguel-y-recibieron-un-petitorio","status":"publish","type":"post","link":"https:\/\/experienciadevida.com.ar\/portalurbano\/concejales-del-frente-de-todos-se-reunieron-con-vecinos-de-colonia-san-miguel-y-recibieron-un-petitorio\/","title":{"rendered":"Concejales del Frente de Todos se reunieron con vecinos de Colonia San Miguel y recibieron un petitorio"},"content":{"rendered":"<p>Concejales del Frente de Todos se reunieron con vecinos de Colonia San Miguel y recibieron un petitorio. El viernes por la tarde ediles del Frente de Todos fueron recibidos por 25 vecinos y vecinas en la plaza central de Colonia San Miguel.<\/p>\n<p>Durante el encuentro los concejales recibieron un petitorio con una serie de requerimientos para que sea tratado en el Concejo Deliberante.<\/p>\n<p>Concejales del Frente de Todos se reunieron con vecinos de Colonia San Miguel, adem\u00e1s los asistentes hicieron un exhaustivo detalle de las distintas necesidades y urgencias que tienen en la localidad y plantearon que \u201cse sienten abandonados desde hace mucho tiempo y no logran establecer un canal de di\u00e1logo para obtener soluciones\u201d.<\/p>\n<p>Entre la larga lista de reclamos que enviaron al HCD solicitan dotar de un m\u00e9dico a la localidad, la ejecuci\u00f3n de un plan de vivienda municipal, aumento en la frecuencia del transporte p\u00fablico, extensi\u00f3n de la red de agua, reacondicionamiento de la calles, reposici\u00f3n de la luminaria p\u00fablica y mantenimiento de los espacios p\u00fablicos.<\/p>\n<p>Concejales del Frente de todos se reunieron con vecinos de colonia san miguel, y del encuentro participaron Mercedes Landivar, Eduardo Rodr\u00edguez, Ubaldo Garc\u00eda y Guillermo Santell\u00e1n.<\/p>\n<p><a href=\"https:\/\/experienciadevida.com.ar\/portalurbano\/concejales-del-frente-de-todos-se-reunieron-con-vecinos-de-colonia-san-miguel-y-recibieron-un-petitorio\/concejales-del-frente\/\" rel=\"attachment wp-att-137926\"><img decoding=\"async\" class=\"alignnone size-full wp-image-137926\" src=\"https:\/\/experienciadevida.com.ar\/portalurbano\/wp-content\/uploads\/2021\/03\/concejales-del-frente.jpg\" alt=\"concejales del frente \" width=\"1280\" height=\"836\" srcset=\"https:\/\/experienciadevida.com.ar\/portalurbano\/wp-content\/uploads\/2021\/03\/concejales-del-frente.jpg 1280w, https:\/\/experienciadevida.com.ar\/portalurbano\/wp-content\/uploads\/2021\/03\/concejales-del-frente-300x196.jpg 300w, https:\/\/experienciadevida.com.ar\/portalurbano\/wp-content\/uploads\/2021\/03\/concejales-del-frente-1024x669.jpg 1024w, https:\/\/experienciadevida.com.ar\/portalurbano\/wp-content\/uploads\/2021\/03\/concejales-del-frente-768x502.jpg 768w\" sizes=\"(max-width: 1280px) 100vw, 1280px\" \/><\/a><\/p>\n<p><a href=\"https:\/\/experienciadevida.com.ar\/portalurbano\/concejales-del-frente-de-todos-se-reunieron-con-vecinos-de-colonia-san-miguel-y-recibieron-un-petitorio\/de-todos\/\" rel=\"attachment wp-att-137927\"><img decoding=\"async\" class=\"alignnone size-full wp-image-137927\" src=\"https:\/\/experienciadevida.com.ar\/portalurbano\/wp-content\/uploads\/2021\/03\/de-todos.jpg\" alt=\"de todos \" width=\"1280\" height=\"751\" srcset=\"https:\/\/experienciadevida.com.ar\/portalurbano\/wp-content\/uploads\/2021\/03\/de-todos.jpg 1280w, https:\/\/experienciadevida.com.ar\/portalurbano\/wp-content\/uploads\/2021\/03\/de-todos-300x176.jpg 300w, https:\/\/experienciadevida.com.ar\/portalurbano\/wp-content\/uploads\/2021\/03\/de-todos-1024x601.jpg 1024w, https:\/\/experienciadevida.com.ar\/portalurbano\/wp-content\/uploads\/2021\/03\/de-todos-768x451.jpg 768w\" sizes=\"(max-width: 1280px) 100vw, 1280px\" \/><\/a><\/p>\n<p><a href=\"https:\/\/experienciadevida.com.ar\/portalurbano\/concejales-del-frente-de-todos-se-reunieron-con-vecinos-de-colonia-san-miguel-y-recibieron-un-petitorio\/concejales\/\" rel=\"attachment wp-att-137928\"><img decoding=\"async\" class=\"alignnone size-full wp-image-137928\" src=\"https:\/\/experienciadevida.com.ar\/portalurbano\/wp-content\/uploads\/2021\/03\/concejales.jpg\" alt=\"concejales \" width=\"1280\" height=\"742\" srcset=\"https:\/\/experienciadevida.com.ar\/portalurbano\/wp-content\/uploads\/2021\/03\/concejales.jpg 1280w, https:\/\/experienciadevida.com.ar\/portalurbano\/wp-content\/uploads\/2021\/03\/concejales-300x174.jpg 300w, https:\/\/experienciadevida.com.ar\/portalurbano\/wp-content\/uploads\/2021\/03\/concejales-1024x594.jpg 1024w, https:\/\/experienciadevida.com.ar\/portalurbano\/wp-content\/uploads\/2021\/03\/concejales-768x445.jpg 768w\" sizes=\"(max-width: 1280px) 100vw, 1280px\" \/><\/a><\/p>\n","protected":false},"excerpt":{"rendered":"<p>Concejales del Frente de Todos se reunieron con vecinos de Colonia San Miguel y recibieron&#8230;<\/p>\n","protected":false},"author":1,"featured_media":137923,"comment_status":"closed","ping_status":"closed","sticky":false,"template":"","format":"standard","meta":{"content-type":""},"categories":[64,43],"tags":[],"nelio_content":{"isAutoShareEnabled":false,"autoShareEndMode":"default","automationSources":{"useContentSentences":true,"useSocialTemplates":true,"useCustomSentences":false,"customSentences":[]},"followers":[1],"suggestedReferences":[],"includedReferences":[],"efiUrl":"","efiAlt":"","highlights":[]},"yoast_head":"<!-- This site is optimized with the Yoast SEO plugin v20.7 - https:\/\/yoast.com\/wordpress\/plugins\/seo\/ -->\n<title>Concejales del Frente de Todos se reunieron con vecinos de Colonia<\/title>\n<meta name=\"description\" content=\"Concejales del Frente de Todos se reunieron con vecinos de Colonia San Miguel y recibieron un petitorio fueron recibidos por vecinos.\" \/>\n<meta name=\"robots\" content=\"index, follow, max-snippet:-1, max-image-preview:large, max-video-preview:-1\" \/>\n<link rel=\"canonical\" href=\"https:\/\/experienciadevida.com.ar\/portalurbano\/concejales-del-frente-de-todos-se-reunieron-con-vecinos-de-colonia-san-miguel-y-recibieron-un-petitorio\/\" \/>\n<meta property=\"og:locale\" content=\"es_ES\" \/>\n<meta property=\"og:type\" content=\"article\" \/>\n<meta property=\"og:title\" content=\"Concejales del Frente de Todos se reunieron con vecinos de Colonia\" \/>\n<meta property=\"og:description\" content=\"Concejales del Frente de Todos se reunieron con vecinos de Colonia San Miguel y recibieron un petitorio fueron recibidos por vecinos.\" \/>\n<meta property=\"og:url\" content=\"https:\/\/experienciadevida.com.ar\/portalurbano\/concejales-del-frente-de-todos-se-reunieron-con-vecinos-de-colonia-san-miguel-y-recibieron-un-petitorio\/\" \/>\n<meta property=\"article:publisher\" content=\"https:\/\/www.facebook.com\/Portal-Urbano-171542830093757\/\" \/>\n<meta property=\"article:published_time\" content=\"2021-03-20T13:48:47+00:00\" \/>\n<meta property=\"article:modified_time\" content=\"2021-03-20T13:54:01+00:00\" \/>\n<meta property=\"og:image\" content=\"https:\/\/experienciadevida.com.ar\/portalurbano\/wp-content\/uploads\/2021\/03\/Concejales-del-Frente-de-Todos.jpg\" \/>\n\t<meta property=\"og:image:width\" content=\"1280\" \/>\n\t<meta property=\"og:image:height\" content=\"761\" \/>\n\t<meta property=\"og:image:type\" content=\"image\/jpeg\" \/>\n<meta name=\"author\" content=\"admpu17wp\" \/>\n<meta name=\"twitter:card\" content=\"summary_large_image\" \/>\n<meta name=\"twitter:creator\" content=\"@portalurbanook\" \/>\n<meta name=\"twitter:site\" content=\"@portalurbanook\" \/>\n<meta name=\"twitter:label1\" content=\"Escrito por\" \/>\n\t<meta name=\"twitter:data1\" content=\"admpu17wp\" \/>\n\t<meta name=\"twitter:label2\" content=\"Tiempo de lectura\" \/>\n\t<meta name=\"twitter:data2\" content=\"2 minutos\" \/>\n<script type=\"application\/ld+json\" class=\"yoast-schema-graph\">{\"@context\":\"https:\/\/schema.org\",\"@graph\":[{\"@type\":\"Article\",\"@id\":\"https:\/\/experienciadevida.com.ar\/portalurbano\/concejales-del-frente-de-todos-se-reunieron-con-vecinos-de-colonia-san-miguel-y-recibieron-un-petitorio\/#article\",\"isPartOf\":{\"@id\":\"https:\/\/experienciadevida.com.ar\/portalurbano\/concejales-del-frente-de-todos-se-reunieron-con-vecinos-de-colonia-san-miguel-y-recibieron-un-petitorio\/\"},\"author\":{\"name\":\"admpu17wp\",\"@id\":\"https:\/\/experienciadevida.com.ar\/portalurbano\/#\/schema\/person\/02dd326b1c4b056e9cc972486934a3a7\"},\"headline\":\"Concejales del Frente de Todos se reunieron con vecinos de Colonia San Miguel y recibieron un petitorio\",\"datePublished\":\"2021-03-20T13:48:47+00:00\",\"dateModified\":\"2021-03-20T13:54:01+00:00\",\"mainEntityOfPage\":{\"@id\":\"https:\/\/experienciadevida.com.ar\/portalurbano\/concejales-del-frente-de-todos-se-reunieron-con-vecinos-de-colonia-san-miguel-y-recibieron-un-petitorio\/\"},\"wordCount\":223,\"publisher\":{\"@id\":\"https:\/\/experienciadevida.com.ar\/portalurbano\/#organization\"},\"articleSection\":[\"Destacadas 2\",\"Pol\u00edtica\"],\"inLanguage\":\"es\"},{\"@type\":\"WebPage\",\"@id\":\"https:\/\/experienciadevida.com.ar\/portalurbano\/concejales-del-frente-de-todos-se-reunieron-con-vecinos-de-colonia-san-miguel-y-recibieron-un-petitorio\/\",\"url\":\"https:\/\/experienciadevida.com.ar\/portalurbano\/concejales-del-frente-de-todos-se-reunieron-con-vecinos-de-colonia-san-miguel-y-recibieron-un-petitorio\/\",\"name\":\"Concejales del Frente de Todos se reunieron con vecinos de Colonia\",\"isPartOf\":{\"@id\":\"https:\/\/experienciadevida.com.ar\/portalurbano\/#website\"},\"datePublished\":\"2021-03-20T13:48:47+00:00\",\"dateModified\":\"2021-03-20T13:54:01+00:00\",\"description\":\"Concejales del Frente de Todos se reunieron con vecinos de Colonia San Miguel y recibieron un petitorio fueron recibidos por vecinos.\",\"breadcrumb\":{\"@id\":\"https:\/\/experienciadevida.com.ar\/portalurbano\/concejales-del-frente-de-todos-se-reunieron-con-vecinos-de-colonia-san-miguel-y-recibieron-un-petitorio\/#breadcrumb\"},\"inLanguage\":\"es\",\"potentialAction\":[{\"@type\":\"ReadAction\",\"target\":[\"https:\/\/experienciadevida.com.ar\/portalurbano\/concejales-del-frente-de-todos-se-reunieron-con-vecinos-de-colonia-san-miguel-y-recibieron-un-petitorio\/\"]}]},{\"@type\":\"BreadcrumbList\",\"@id\":\"https:\/\/experienciadevida.com.ar\/portalurbano\/concejales-del-frente-de-todos-se-reunieron-con-vecinos-de-colonia-san-miguel-y-recibieron-un-petitorio\/#breadcrumb\",\"itemListElement\":[{\"@type\":\"ListItem\",\"position\":1,\"name\":\"Portada\",\"item\":\"https:\/\/experienciadevida.com.ar\/portalurbano\/\"},{\"@type\":\"ListItem\",\"position\":2,\"name\":\"Concejales del Frente de Todos se reunieron con vecinos de Colonia San Miguel y recibieron un petitorio\"}]},{\"@type\":\"WebSite\",\"@id\":\"https:\/\/experienciadevida.com.ar\/portalurbano\/#website\",\"url\":\"https:\/\/experienciadevida.com.ar\/portalurbano\/\",\"name\":\"\",\"description\":\"\",\"publisher\":{\"@id\":\"https:\/\/experienciadevida.com.ar\/portalurbano\/#organization\"},\"potentialAction\":[{\"@type\":\"SearchAction\",\"target\":{\"@type\":\"EntryPoint\",\"urlTemplate\":\"https:\/\/experienciadevida.com.ar\/portalurbano\/?s={search_term_string}\"},\"query-input\":\"required name=search_term_string\"}],\"inLanguage\":\"es\"},{\"@type\":\"Organization\",\"@id\":\"https:\/\/experienciadevida.com.ar\/portalurbano\/#organization\",\"name\":\"Portal Urbano\",\"url\":\"https:\/\/experienciadevida.com.ar\/portalurbano\/\",\"logo\":{\"@type\":\"ImageObject\",\"inLanguage\":\"es\",\"@id\":\"https:\/\/experienciadevida.com.ar\/portalurbano\/#\/schema\/logo\/image\/\",\"url\":\"https:\/\/experienciadevida.com.ar\/portalurbano\/wp-content\/uploads\/2019\/09\/Logo-Original.png\",\"contentUrl\":\"https:\/\/experienciadevida.com.ar\/portalurbano\/wp-content\/uploads\/2019\/09\/Logo-Original.png\",\"width\":2236,\"height\":1216,\"caption\":\"Portal Urbano\"},\"image\":{\"@id\":\"https:\/\/experienciadevida.com.ar\/portalurbano\/#\/schema\/logo\/image\/\"},\"sameAs\":[\"https:\/\/www.facebook.com\/Portal-Urbano-171542830093757\/\",\"https:\/\/twitter.com\/portalurbanook\",\"https:\/\/www.instagram.com\/_portalurbano\/\",\"https:\/\/www.youtube.com\/channel\/UCXhagIfszH8KxFiOok79zbA?view_as=subscriber\"]},{\"@type\":\"Person\",\"@id\":\"https:\/\/experienciadevida.com.ar\/portalurbano\/#\/schema\/person\/02dd326b1c4b056e9cc972486934a3a7\",\"name\":\"admpu17wp\",\"image\":{\"@type\":\"ImageObject\",\"inLanguage\":\"es\",\"@id\":\"https:\/\/experienciadevida.com.ar\/portalurbano\/#\/schema\/person\/image\/\",\"url\":\"https:\/\/secure.gravatar.com\/avatar\/830d4c57adaae6630765e449a6908047?s=96&d=mm&r=g\",\"contentUrl\":\"https:\/\/secure.gravatar.com\/avatar\/830d4c57adaae6630765e449a6908047?s=96&d=mm&r=g\",\"caption\":\"admpu17wp\"}}]}<\/script>\n<!-- \/ Yoast SEO plugin. -->","yoast_head_json":{"title":"Concejales del Frente de Todos se reunieron con vecinos de Colonia","description":"Concejales del Frente de Todos se reunieron con vecinos de Colonia San Miguel y recibieron un petitorio fueron recibidos por vecinos.","robots":{"index":"index","follow":"follow","max-snippet":"max-snippet:-1","max-image-preview":"max-image-preview:large","max-video-preview":"max-video-preview:-1"},"canonical":"https:\/\/experienciadevida.com.ar\/portalurbano\/concejales-del-frente-de-todos-se-reunieron-con-vecinos-de-colonia-san-miguel-y-recibieron-un-petitorio\/","og_locale":"es_ES","og_type":"article","og_title":"Concejales del Frente de Todos se reunieron con vecinos de Colonia","og_description":"Concejales del Frente de Todos se reunieron con vecinos de Colonia San Miguel y recibieron un petitorio fueron recibidos por vecinos.","og_url":"https:\/\/experienciadevida.com.ar\/portalurbano\/concejales-del-frente-de-todos-se-reunieron-con-vecinos-de-colonia-san-miguel-y-recibieron-un-petitorio\/","article_publisher":"https:\/\/www.facebook.com\/Portal-Urbano-171542830093757\/","article_published_time":"2021-03-20T13:48:47+00:00","article_modified_time":"2021-03-20T13:54:01+00:00","og_image":[{"width":1280,"height":761,"url":"https:\/\/experienciadevida.com.ar\/portalurbano\/wp-content\/uploads\/2021\/03\/Concejales-del-Frente-de-Todos.jpg","type":"image\/jpeg"}],"author":"admpu17wp","twitter_card":"summary_large_image","twitter_creator":"@portalurbanook","twitter_site":"@portalurbanook","twitter_misc":{"Escrito por":"admpu17wp","Tiempo de lectura":"2 minutos"},"schema":{"@context":"https:\/\/schema.org","@graph":[{"@type":"Article","@id":"https:\/\/experienciadevida.com.ar\/portalurbano\/concejales-del-frente-de-todos-se-reunieron-con-vecinos-de-colonia-san-miguel-y-recibieron-un-petitorio\/#article","isPartOf":{"@id":"https:\/\/experienciadevida.com.ar\/portalurbano\/concejales-del-frente-de-todos-se-reunieron-con-vecinos-de-colonia-san-miguel-y-recibieron-un-petitorio\/"},"author":{"name":"admpu17wp","@id":"https:\/\/experienciadevida.com.ar\/portalurbano\/#\/schema\/person\/02dd326b1c4b056e9cc972486934a3a7"},"headline":"Concejales del Frente de Todos se reunieron con vecinos de Colonia San Miguel y recibieron un petitorio","datePublished":"2021-03-20T13:48:47+00:00","dateModified":"2021-03-20T13:54:01+00:00","mainEntityOfPage":{"@id":"https:\/\/experienciadevida.com.ar\/portalurbano\/concejales-del-frente-de-todos-se-reunieron-con-vecinos-de-colonia-san-miguel-y-recibieron-un-petitorio\/"},"wordCount":223,"publisher":{"@id":"https:\/\/experienciadevida.com.ar\/portalurbano\/#organization"},"articleSection":["Destacadas 2","Pol\u00edtica"],"inLanguage":"es"},{"@type":"WebPage","@id":"https:\/\/experienciadevida.com.ar\/portalurbano\/concejales-del-frente-de-todos-se-reunieron-con-vecinos-de-colonia-san-miguel-y-recibieron-un-petitorio\/","url":"https:\/\/experienciadevida.com.ar\/portalurbano\/concejales-del-frente-de-todos-se-reunieron-con-vecinos-de-colonia-san-miguel-y-recibieron-un-petitorio\/","name":"Concejales del Frente de Todos se reunieron con vecinos de Colonia","isPartOf":{"@id":"https:\/\/experienciadevida.com.ar\/portalurbano\/#website"},"datePublished":"2021-03-20T13:48:47+00:00","dateModified":"2021-03-20T13:54:01+00:00","description":"Concejales del Frente de Todos se reunieron con vecinos de Colonia San Miguel y recibieron un petitorio fueron recibidos por vecinos.","breadcrumb":{"@id":"https:\/\/experienciadevida.com.ar\/portalurbano\/concejales-del-frente-de-todos-se-reunieron-con-vecinos-de-colonia-san-miguel-y-recibieron-un-petitorio\/#breadcrumb"},"inLanguage":"es","potentialAction":[{"@type":"ReadAction","target":["https:\/\/experienciadevida.com.ar\/portalurbano\/concejales-del-frente-de-todos-se-reunieron-con-vecinos-de-colonia-san-miguel-y-recibieron-un-petitorio\/"]}]},{"@type":"BreadcrumbList","@id":"https:\/\/experienciadevida.com.ar\/portalurbano\/concejales-del-frente-de-todos-se-reunieron-con-vecinos-de-colonia-san-miguel-y-recibieron-un-petitorio\/#breadcrumb","itemListElement":[{"@type":"ListItem","position":1,"name":"Portada","item":"https:\/\/experienciadevida.com.ar\/portalurbano\/"},{"@type":"ListItem","position":2,"name":"Concejales del Frente de Todos se reunieron con vecinos de Colonia San Miguel y recibieron un petitorio"}]},{"@type":"WebSite","@id":"https:\/\/experienciadevida.com.ar\/portalurbano\/#website","url":"https:\/\/experienciadevida.com.ar\/portalurbano\/","name":"","description":"","publisher":{"@id":"https:\/\/experienciadevida.com.ar\/portalurbano\/#organization"},"potentialAction":[{"@type":"SearchAction","target":{"@type":"EntryPoint","urlTemplate":"https:\/\/experienciadevida.com.ar\/portalurbano\/?s={search_term_string}"},"query-input":"required name=search_term_string"}],"inLanguage":"es"},{"@type":"Organization","@id":"https:\/\/experienciadevida.com.ar\/portalurbano\/#organization","name":"Portal Urbano","url":"https:\/\/experienciadevida.com.ar\/portalurbano\/","logo":{"@type":"ImageObject","inLanguage":"es","@id":"https:\/\/experienciadevida.com.ar\/portalurbano\/#\/schema\/logo\/image\/","url":"https:\/\/experienciadevida.com.ar\/portalurbano\/wp-content\/uploads\/2019\/09\/Logo-Original.png","contentUrl":"https:\/\/experienciadevida.com.ar\/portalurbano\/wp-content\/uploads\/2019\/09\/Logo-Original.png","width":2236,"height":1216,"caption":"Portal Urbano"},"image":{"@id":"https:\/\/experienciadevida.com.ar\/portalurbano\/#\/schema\/logo\/image\/"},"sameAs":["https:\/\/www.facebook.com\/Portal-Urbano-171542830093757\/","https:\/\/twitter.com\/portalurbanook","https:\/\/www.instagram.com\/_portalurbano\/","https:\/\/www.youtube.com\/channel\/UCXhagIfszH8KxFiOok79zbA?view_as=subscriber"]},{"@type":"Person","@id":"https:\/\/experienciadevida.com.ar\/portalurbano\/#\/schema\/person\/02dd326b1c4b056e9cc972486934a3a7","name":"admpu17wp","image":{"@type":"ImageObject","inLanguage":"es","@id":"https:\/\/experienciadevida.com.ar\/portalurbano\/#\/schema\/person\/image\/","url":"https:\/\/secure.gravatar.com\/avatar\/830d4c57adaae6630765e449a6908047?s=96&d=mm&r=g","contentUrl":"https:\/\/secure.gravatar.com\/avatar\/830d4c57adaae6630765e449a6908047?s=96&d=mm&r=g","caption":"admpu17wp"}}]}},"featured_image_urls":{"full":["https:\/\/experienciadevida.com.ar\/portalurbano\/wp-content\/uploads\/2021\/03\/Concejales-del-Frente-de-Todos.jpg",1280,761,false],"thumbnail":["https:\/\/experienciadevida.com.ar\/portalurbano\/wp-content\/uploads\/2021\/03\/Concejales-del-Frente-de-Todos-150x150.jpg",150,150,true],"medium":["https:\/\/experienciadevida.com.ar\/portalurbano\/wp-content\/uploads\/2021\/03\/Concejales-del-Frente-de-Todos-300x178.jpg",300,178,true],"medium_large":["https:\/\/experienciadevida.com.ar\/portalurbano\/wp-content\/uploads\/2021\/03\/Concejales-del-Frente-de-Todos-768x457.jpg",640,381,true],"large":["https:\/\/experienciadevida.com.ar\/portalurbano\/wp-content\/uploads\/2021\/03\/Concejales-del-Frente-de-Todos-1024x609.jpg",640,381,true],"ug_big":["https:\/\/experienciadevida.com.ar\/portalurbano\/wp-content\/uploads\/2021\/03\/Concejales-del-Frente-de-Todos-768x457.jpg",768,457,true],"1536x1536":["https:\/\/experienciadevida.com.ar\/portalurbano\/wp-content\/uploads\/2021\/03\/Concejales-del-Frente-de-Todos.jpg",1280,761,false],"2048x2048":["https:\/\/experienciadevida.com.ar\/portalurbano\/wp-content\/uploads\/2021\/03\/Concejales-del-Frente-de-Todos.jpg",1280,761,false],"newsever-slider-full":["https:\/\/experienciadevida.com.ar\/portalurbano\/wp-content\/uploads\/2021\/03\/Concejales-del-Frente-de-Todos.jpg",1280,761,false],"newsever-featured":["https:\/\/experienciadevida.com.ar\/portalurbano\/wp-content\/uploads\/2021\/03\/Concejales-del-Frente-de-Todos.jpg",1024,609,false],"newsever-medium":["https:\/\/experienciadevida.com.ar\/portalurbano\/wp-content\/uploads\/2021\/03\/Concejales-del-Frente-de-Todos.jpg",720,428,false],"web-stories-poster-portrait":["https:\/\/experienciadevida.com.ar\/portalurbano\/wp-content\/uploads\/2021\/03\/Concejales-del-Frente-de-Todos.jpg",640,381,false],"web-stories-publisher-logo":["https:\/\/experienciadevida.com.ar\/portalurbano\/wp-content\/uploads\/2021\/03\/Concejales-del-Frente-de-Todos.jpg",96,57,false],"web-stories-thumbnail":["https:\/\/experienciadevida.com.ar\/portalurbano\/wp-content\/uploads\/2021\/03\/Concejales-del-Frente-de-Todos.jpg",150,89,false]},"author_info":{"display_name":"admpu17wp","author_link":"https:\/\/experienciadevida.com.ar\/portalurbano\/author\/admpu17wp\/"},"category_info":"<a href=\"https:\/\/experienciadevida.com.ar\/portalurbano\/category\/destacadas-2\/\" rel=\"category tag\">Destacadas 2<\/a> <a href=\"https:\/\/experienciadevida.com.ar\/portalurbano\/category\/politica\/\" rel=\"category tag\">Pol\u00edtica<\/a>","tag_info":"Pol\u00edtica","comment_count":"0","amp_enabled":true,"_links":{"self":[{"href":"https:\/\/experienciadevida.com.ar\/portalurbano\/wp-json\/wp\/v2\/posts\/137922"}],"collection":[{"href":"https:\/\/experienciadevida.com.ar\/portalurbano\/wp-json\/wp\/v2\/posts"}],"about":[{"href":"https:\/\/experienciadevida.com.ar\/portalurbano\/wp-json\/wp\/v2\/types\/post"}],"author":[{"embeddable":true,"href":"https:\/\/experienciadevida.com.ar\/portalurbano\/wp-json\/wp\/v2\/users\/1"}],"replies":[{"embeddable":true,"href":"https:\/\/experienciadevida.com.ar\/portalurbano\/wp-json\/wp\/v2\/comments?post=137922"}],"version-history":[{"count":3,"href":"https:\/\/experienciadevida.com.ar\/portalurbano\/wp-json\/wp\/v2\/posts\/137922\/revisions"}],"predecessor-version":[{"id":137929,"href":"https:\/\/experienciadevida.com.ar\/portalurbano\/wp-json\/wp\/v2\/posts\/137922\/revisions\/137929"}],"wp:featuredmedia":[{"embeddable":true,"href":"https:\/\/experienciadevida.com.ar\/portalurbano\/wp-json\/wp\/v2\/media\/137923"}],"wp:attachment":[{"href":"https:\/\/experienciadevida.com.ar\/portalurbano\/wp-json\/wp\/v2\/media?parent=137922"}],"wp:term":[{"taxonomy":"category","embeddable":true,"href":"https:\/\/experienciadevida.com.ar\/portalurbano\/wp-json\/wp\/v2\/categories?post=137922"},{"taxonomy":"post_tag","embeddable":true,"href":"https:\/\/experienciadevida.com.ar\/portalurbano\/wp-json\/wp\/v2\/tags?post=137922"}],"curies":[{"name":"wp","href":"https:\/\/api.w.org\/{rel}","templated":true}]}}