{"id":137918,"date":"2021-03-19T19:33:08","date_gmt":"2021-03-19T22:33:08","guid":{"rendered":"https:\/\/experienciadevida.com.ar\/portalurbano\/?p=137918"},"modified":"2021-03-19T19:36:30","modified_gmt":"2021-03-19T22:36:30","slug":"coopelectric-para-cumplir-una-ordenanza-la-factura-de-agua-sera-mensual","status":"publish","type":"post","link":"https:\/\/experienciadevida.com.ar\/portalurbano\/coopelectric-para-cumplir-una-ordenanza-la-factura-de-agua-sera-mensual\/","title":{"rendered":"Coopelectric: Para cumplir una ordenanza la factura de agua ser\u00e1 mensual"},"content":{"rendered":"<p>En cumplimiento de lo dispuesto por la Ordenanza N\u00b0 4604\/20 que fue promulgada a trav\u00e9s del Decreto N\u00b0 3409, recordamos a los usuarios del Servicio Sanitario los cambios correspondientes al sistema de facturaci\u00f3n:<\/p>\n<p>&#8211; La lectura de los consumos continuar\u00e1 realiz\u00e1ndose de forma bimestral, pero la facturaci\u00f3n pasar\u00e1 a ser mensual. Es decir, el per\u00edodo y el consumo registrado se dividir\u00e1 para emitir dos comprobantes a partir del mes de<br \/>\nmarzo\/2021.<\/p>\n<p>&#8211; Lo dispuesto en los Art. 1, 2 y 3 de la Ordenanza N\u00b0 4604\/20 comenzar\u00e1 a aplicarse a todo comprobante en donde el per\u00edodo de consumo facturado sea posterior al 1\u00ba de enero de 2021. Por consiguiente, todo comprobante que<br \/>\nincluya per\u00edodo de lectura anterior al 1\u00ba de enero ser\u00e1 calculado con la metodolog\u00eda y los conceptos del cuadro tarifario anterior. La primera medici\u00f3n abarca el per\u00edodo comprendido entre diciembre\/2020 y febrero\/ 2021,<br \/>\npor lo que se emitieron dos comprobantes:<\/p>\n<p>* Uno por el 50 % del consumo calculado con el cuadro y los conceptos de facturaci\u00f3n anteriores, que ya est\u00e1 siendo enviado a los domicilios de los usuarios.<\/p>\n<p>* Otro por el 50 % del consumo restante, facturado con lo dispuesto por la Ordenanza N\u00ba 4604, por lo que ser\u00e1n eliminados la totalidad de los conceptos de contribuci\u00f3n accionaria. Los mismos ser\u00e1n enviados en el mes de<br \/>\nabril.<\/p>\n<p>&#8211; Para la implementaci\u00f3n de lo normado en el Art. 3 de la Ordenanza N\u00ba 4604 que refiere a la Tarifa Social de Agua:<\/p>\n<p>* Se aplicar\u00e1 sobre los servicios Residenciales, Categor\u00eda 02M \u201cServicio Medido\u201d.<\/p>\n<p>* El beneficio de la Tarifa Social ser\u00e1 del 30 % sobre la tarifa, hasta los primeros 45 m3 de consumo bimestral.<\/p>\n<p>* Se cruzar\u00e1 el padr\u00f3n de Obras Sanitarias con el padr\u00f3n de beneficiarios de la Tarifa Social del servicio el\u00e9ctrico dispuesto por el Organismo de Control de Energ\u00eda El\u00e9ctrica de la Provincia de Buenos Aires (OCEBA).<\/p>\n<p>A los beneficiarios de la Tarifa Social El\u00e9ctrica que sean titulares del suministro en Obras Sanitarias, se les otorgar\u00e1 de forma autom\u00e1tica la Tarifa Social de Agua, sin necesidad de realizar tr\u00e1mite alguno. Cabe mencionar que la continuidad de este beneficio estar\u00e1 supeditado al listado emanado desde el OCEBA, por lo que si un usuario<br \/>\nresulta excluido del beneficio tambi\u00e9n lo estar\u00e1 en Obras Sanitarias.<\/p>\n<p>* Para aquellos usuarios que perciban el beneficio en el Servicio El\u00e9ctrico y el mismo no sea trasladado al Servicio de Agua debido a diferencias en la titularidad o por alg\u00fan otro motivo, tendr\u00e1n que solicitar su inclusi\u00f3n en la Tarifa Social de Agua. Para ello, a partir de la recepci\u00f3n de la factura en el mes de abril podr\u00e1n realizar el tr\u00e1mite<br \/>\ncorrespondiente en la sede administrativa de Coopelectric solicitando un turno con antelaci\u00f3n a trav\u00e9s de<br \/>\n&lt;https:\/\/oficinavirtual.coopelectric.com.ar\/turnos\/&gt; https:\/\/oficinavirtual.coopelectric.com.ar\/turnos\/ ; desde la App \u201cTurnos Coopelectric\u201d o comunic\u00e1ndose de lunes a viernes de 7:30 a 14:30 hs al Centro de Atenci\u00f3n Telef\u00f3nica 411666\/999).<\/p>\n<p>En tal caso, se aplicar\u00e1 la Tarifa Social en la facturaci\u00f3n que sea emitida con fecha posterior a la realizaci\u00f3n de dicho tr\u00e1mite.<\/p>\n","protected":false},"excerpt":{"rendered":"<p>En cumplimiento de lo dispuesto por la Ordenanza N\u00b0 4604\/20 que fue promulgada a trav\u00e9s&#8230;<\/p>\n","protected":false},"author":1,"featured_media":133916,"comment_status":"closed","ping_status":"closed","sticky":false,"template":"","format":"standard","meta":{"content-type":""},"categories":[27,64],"tags":[],"nelio_content":{"isAutoShareEnabled":false,"autoShareEndMode":"default","automationSources":{"useContentSentences":true,"useSocialTemplates":true,"useCustomSentences":false,"customSentences":[]},"followers":[1],"suggestedReferences":[],"includedReferences":[],"efiUrl":"","efiAlt":"","highlights":[]},"yoast_head":"<!-- This site is optimized with the Yoast SEO plugin v20.7 - https:\/\/yoast.com\/wordpress\/plugins\/seo\/ -->\n<title>Coopelectric: Para cumplir una ordenanza la factura de agua ser\u00e1 mensual -<\/title>\n<meta name=\"robots\" content=\"index, follow, max-snippet:-1, max-image-preview:large, max-video-preview:-1\" \/>\n<link rel=\"canonical\" href=\"https:\/\/experienciadevida.com.ar\/portalurbano\/coopelectric-para-cumplir-una-ordenanza-la-factura-de-agua-sera-mensual\/\" \/>\n<meta property=\"og:locale\" content=\"es_ES\" \/>\n<meta property=\"og:type\" content=\"article\" \/>\n<meta property=\"og:title\" content=\"Coopelectric: Para cumplir una ordenanza la factura de agua ser\u00e1 mensual -\" \/>\n<meta property=\"og:description\" content=\"En cumplimiento de lo dispuesto por la Ordenanza N\u00b0 4604\/20 que fue promulgada a trav\u00e9s...\" \/>\n<meta property=\"og:url\" content=\"https:\/\/experienciadevida.com.ar\/portalurbano\/coopelectric-para-cumplir-una-ordenanza-la-factura-de-agua-sera-mensual\/\" \/>\n<meta property=\"article:publisher\" content=\"https:\/\/www.facebook.com\/Portal-Urbano-171542830093757\/\" \/>\n<meta property=\"article:published_time\" content=\"2021-03-19T22:33:08+00:00\" \/>\n<meta property=\"article:modified_time\" content=\"2021-03-19T22:36:30+00:00\" \/>\n<meta property=\"og:image\" content=\"https:\/\/experienciadevida.com.ar\/portalurbano\/wp-content\/uploads\/2021\/01\/medidores-de-agua-e1612135427194.jpg\" \/>\n\t<meta property=\"og:image:width\" content=\"800\" \/>\n\t<meta property=\"og:image:height\" content=\"488\" \/>\n\t<meta property=\"og:image:type\" content=\"image\/jpeg\" \/>\n<meta name=\"author\" content=\"admpu17wp\" \/>\n<meta name=\"twitter:card\" content=\"summary_large_image\" \/>\n<meta name=\"twitter:creator\" content=\"@portalurbanook\" \/>\n<meta name=\"twitter:site\" content=\"@portalurbanook\" \/>\n<meta name=\"twitter:label1\" content=\"Escrito por\" \/>\n\t<meta name=\"twitter:data1\" content=\"admpu17wp\" \/>\n\t<meta name=\"twitter:label2\" content=\"Tiempo de lectura\" \/>\n\t<meta name=\"twitter:data2\" content=\"3 minutos\" \/>\n<script type=\"application\/ld+json\" class=\"yoast-schema-graph\">{\"@context\":\"https:\/\/schema.org\",\"@graph\":[{\"@type\":\"Article\",\"@id\":\"https:\/\/experienciadevida.com.ar\/portalurbano\/coopelectric-para-cumplir-una-ordenanza-la-factura-de-agua-sera-mensual\/#article\",\"isPartOf\":{\"@id\":\"https:\/\/experienciadevida.com.ar\/portalurbano\/coopelectric-para-cumplir-una-ordenanza-la-factura-de-agua-sera-mensual\/\"},\"author\":{\"name\":\"admpu17wp\",\"@id\":\"https:\/\/experienciadevida.com.ar\/portalurbano\/#\/schema\/person\/02dd326b1c4b056e9cc972486934a3a7\"},\"headline\":\"Coopelectric: Para cumplir una ordenanza la factura de agua ser\u00e1 mensual\",\"datePublished\":\"2021-03-19T22:33:08+00:00\",\"dateModified\":\"2021-03-19T22:36:30+00:00\",\"mainEntityOfPage\":{\"@id\":\"https:\/\/experienciadevida.com.ar\/portalurbano\/coopelectric-para-cumplir-una-ordenanza-la-factura-de-agua-sera-mensual\/\"},\"wordCount\":538,\"publisher\":{\"@id\":\"https:\/\/experienciadevida.com.ar\/portalurbano\/#organization\"},\"articleSection\":[\"Ciudad\",\"Destacadas 2\"],\"inLanguage\":\"es\"},{\"@type\":\"WebPage\",\"@id\":\"https:\/\/experienciadevida.com.ar\/portalurbano\/coopelectric-para-cumplir-una-ordenanza-la-factura-de-agua-sera-mensual\/\",\"url\":\"https:\/\/experienciadevida.com.ar\/portalurbano\/coopelectric-para-cumplir-una-ordenanza-la-factura-de-agua-sera-mensual\/\",\"name\":\"Coopelectric: Para cumplir una ordenanza la factura de agua ser\u00e1 mensual -\",\"isPartOf\":{\"@id\":\"https:\/\/experienciadevida.com.ar\/portalurbano\/#website\"},\"datePublished\":\"2021-03-19T22:33:08+00:00\",\"dateModified\":\"2021-03-19T22:36:30+00:00\",\"breadcrumb\":{\"@id\":\"https:\/\/experienciadevida.com.ar\/portalurbano\/coopelectric-para-cumplir-una-ordenanza-la-factura-de-agua-sera-mensual\/#breadcrumb\"},\"inLanguage\":\"es\",\"potentialAction\":[{\"@type\":\"ReadAction\",\"target\":[\"https:\/\/experienciadevida.com.ar\/portalurbano\/coopelectric-para-cumplir-una-ordenanza-la-factura-de-agua-sera-mensual\/\"]}]},{\"@type\":\"BreadcrumbList\",\"@id\":\"https:\/\/experienciadevida.com.ar\/portalurbano\/coopelectric-para-cumplir-una-ordenanza-la-factura-de-agua-sera-mensual\/#breadcrumb\",\"itemListElement\":[{\"@type\":\"ListItem\",\"position\":1,\"name\":\"Portada\",\"item\":\"https:\/\/experienciadevida.com.ar\/portalurbano\/\"},{\"@type\":\"ListItem\",\"position\":2,\"name\":\"Coopelectric: Para cumplir una ordenanza la factura de agua ser\u00e1 mensual\"}]},{\"@type\":\"WebSite\",\"@id\":\"https:\/\/experienciadevida.com.ar\/portalurbano\/#website\",\"url\":\"https:\/\/experienciadevida.com.ar\/portalurbano\/\",\"name\":\"\",\"description\":\"\",\"publisher\":{\"@id\":\"https:\/\/experienciadevida.com.ar\/portalurbano\/#organization\"},\"potentialAction\":[{\"@type\":\"SearchAction\",\"target\":{\"@type\":\"EntryPoint\",\"urlTemplate\":\"https:\/\/experienciadevida.com.ar\/portalurbano\/?s={search_term_string}\"},\"query-input\":\"required name=search_term_string\"}],\"inLanguage\":\"es\"},{\"@type\":\"Organization\",\"@id\":\"https:\/\/experienciadevida.com.ar\/portalurbano\/#organization\",\"name\":\"Portal Urbano\",\"url\":\"https:\/\/experienciadevida.com.ar\/portalurbano\/\",\"logo\":{\"@type\":\"ImageObject\",\"inLanguage\":\"es\",\"@id\":\"https:\/\/experienciadevida.com.ar\/portalurbano\/#\/schema\/logo\/image\/\",\"url\":\"https:\/\/experienciadevida.com.ar\/portalurbano\/wp-content\/uploads\/2019\/09\/Logo-Original.png\",\"contentUrl\":\"https:\/\/experienciadevida.com.ar\/portalurbano\/wp-content\/uploads\/2019\/09\/Logo-Original.png\",\"width\":2236,\"height\":1216,\"caption\":\"Portal Urbano\"},\"image\":{\"@id\":\"https:\/\/experienciadevida.com.ar\/portalurbano\/#\/schema\/logo\/image\/\"},\"sameAs\":[\"https:\/\/www.facebook.com\/Portal-Urbano-171542830093757\/\",\"https:\/\/twitter.com\/portalurbanook\",\"https:\/\/www.instagram.com\/_portalurbano\/\",\"https:\/\/www.youtube.com\/channel\/UCXhagIfszH8KxFiOok79zbA?view_as=subscriber\"]},{\"@type\":\"Person\",\"@id\":\"https:\/\/experienciadevida.com.ar\/portalurbano\/#\/schema\/person\/02dd326b1c4b056e9cc972486934a3a7\",\"name\":\"admpu17wp\",\"image\":{\"@type\":\"ImageObject\",\"inLanguage\":\"es\",\"@id\":\"https:\/\/experienciadevida.com.ar\/portalurbano\/#\/schema\/person\/image\/\",\"url\":\"https:\/\/secure.gravatar.com\/avatar\/830d4c57adaae6630765e449a6908047?s=96&d=mm&r=g\",\"contentUrl\":\"https:\/\/secure.gravatar.com\/avatar\/830d4c57adaae6630765e449a6908047?s=96&d=mm&r=g\",\"caption\":\"admpu17wp\"}}]}<\/script>\n<!-- \/ Yoast SEO plugin. -->","yoast_head_json":{"title":"Coopelectric: Para cumplir una ordenanza la factura de agua ser\u00e1 mensual -","robots":{"index":"index","follow":"follow","max-snippet":"max-snippet:-1","max-image-preview":"max-image-preview:large","max-video-preview":"max-video-preview:-1"},"canonical":"https:\/\/experienciadevida.com.ar\/portalurbano\/coopelectric-para-cumplir-una-ordenanza-la-factura-de-agua-sera-mensual\/","og_locale":"es_ES","og_type":"article","og_title":"Coopelectric: Para cumplir una ordenanza la factura de agua ser\u00e1 mensual -","og_description":"En cumplimiento de lo dispuesto por la Ordenanza N\u00b0 4604\/20 que fue promulgada a trav\u00e9s...","og_url":"https:\/\/experienciadevida.com.ar\/portalurbano\/coopelectric-para-cumplir-una-ordenanza-la-factura-de-agua-sera-mensual\/","article_publisher":"https:\/\/www.facebook.com\/Portal-Urbano-171542830093757\/","article_published_time":"2021-03-19T22:33:08+00:00","article_modified_time":"2021-03-19T22:36:30+00:00","og_image":[{"width":800,"height":488,"url":"https:\/\/experienciadevida.com.ar\/portalurbano\/wp-content\/uploads\/2021\/01\/medidores-de-agua-e1612135427194.jpg","type":"image\/jpeg"}],"author":"admpu17wp","twitter_card":"summary_large_image","twitter_creator":"@portalurbanook","twitter_site":"@portalurbanook","twitter_misc":{"Escrito por":"admpu17wp","Tiempo de lectura":"3 minutos"},"schema":{"@context":"https:\/\/schema.org","@graph":[{"@type":"Article","@id":"https:\/\/experienciadevida.com.ar\/portalurbano\/coopelectric-para-cumplir-una-ordenanza-la-factura-de-agua-sera-mensual\/#article","isPartOf":{"@id":"https:\/\/experienciadevida.com.ar\/portalurbano\/coopelectric-para-cumplir-una-ordenanza-la-factura-de-agua-sera-mensual\/"},"author":{"name":"admpu17wp","@id":"https:\/\/experienciadevida.com.ar\/portalurbano\/#\/schema\/person\/02dd326b1c4b056e9cc972486934a3a7"},"headline":"Coopelectric: Para cumplir una ordenanza la factura de agua ser\u00e1 mensual","datePublished":"2021-03-19T22:33:08+00:00","dateModified":"2021-03-19T22:36:30+00:00","mainEntityOfPage":{"@id":"https:\/\/experienciadevida.com.ar\/portalurbano\/coopelectric-para-cumplir-una-ordenanza-la-factura-de-agua-sera-mensual\/"},"wordCount":538,"publisher":{"@id":"https:\/\/experienciadevida.com.ar\/portalurbano\/#organization"},"articleSection":["Ciudad","Destacadas 2"],"inLanguage":"es"},{"@type":"WebPage","@id":"https:\/\/experienciadevida.com.ar\/portalurbano\/coopelectric-para-cumplir-una-ordenanza-la-factura-de-agua-sera-mensual\/","url":"https:\/\/experienciadevida.com.ar\/portalurbano\/coopelectric-para-cumplir-una-ordenanza-la-factura-de-agua-sera-mensual\/","name":"Coopelectric: Para cumplir una ordenanza la factura de agua ser\u00e1 mensual -","isPartOf":{"@id":"https:\/\/experienciadevida.com.ar\/portalurbano\/#website"},"datePublished":"2021-03-19T22:33:08+00:00","dateModified":"2021-03-19T22:36:30+00:00","breadcrumb":{"@id":"https:\/\/experienciadevida.com.ar\/portalurbano\/coopelectric-para-cumplir-una-ordenanza-la-factura-de-agua-sera-mensual\/#breadcrumb"},"inLanguage":"es","potentialAction":[{"@type":"ReadAction","target":["https:\/\/experienciadevida.com.ar\/portalurbano\/coopelectric-para-cumplir-una-ordenanza-la-factura-de-agua-sera-mensual\/"]}]},{"@type":"BreadcrumbList","@id":"https:\/\/experienciadevida.com.ar\/portalurbano\/coopelectric-para-cumplir-una-ordenanza-la-factura-de-agua-sera-mensual\/#breadcrumb","itemListElement":[{"@type":"ListItem","position":1,"name":"Portada","item":"https:\/\/experienciadevida.com.ar\/portalurbano\/"},{"@type":"ListItem","position":2,"name":"Coopelectric: Para cumplir una ordenanza la factura de agua ser\u00e1 mensual"}]},{"@type":"WebSite","@id":"https:\/\/experienciadevida.com.ar\/portalurbano\/#website","url":"https:\/\/experienciadevida.com.ar\/portalurbano\/","name":"","description":"","publisher":{"@id":"https:\/\/experienciadevida.com.ar\/portalurbano\/#organization"},"potentialAction":[{"@type":"SearchAction","target":{"@type":"EntryPoint","urlTemplate":"https:\/\/experienciadevida.com.ar\/portalurbano\/?s={search_term_string}"},"query-input":"required name=search_term_string"}],"inLanguage":"es"},{"@type":"Organization","@id":"https:\/\/experienciadevida.com.ar\/portalurbano\/#organization","name":"Portal Urbano","url":"https:\/\/experienciadevida.com.ar\/portalurbano\/","logo":{"@type":"ImageObject","inLanguage":"es","@id":"https:\/\/experienciadevida.com.ar\/portalurbano\/#\/schema\/logo\/image\/","url":"https:\/\/experienciadevida.com.ar\/portalurbano\/wp-content\/uploads\/2019\/09\/Logo-Original.png","contentUrl":"https:\/\/experienciadevida.com.ar\/portalurbano\/wp-content\/uploads\/2019\/09\/Logo-Original.png","width":2236,"height":1216,"caption":"Portal Urbano"},"image":{"@id":"https:\/\/experienciadevida.com.ar\/portalurbano\/#\/schema\/logo\/image\/"},"sameAs":["https:\/\/www.facebook.com\/Portal-Urbano-171542830093757\/","https:\/\/twitter.com\/portalurbanook","https:\/\/www.instagram.com\/_portalurbano\/","https:\/\/www.youtube.com\/channel\/UCXhagIfszH8KxFiOok79zbA?view_as=subscriber"]},{"@type":"Person","@id":"https:\/\/experienciadevida.com.ar\/portalurbano\/#\/schema\/person\/02dd326b1c4b056e9cc972486934a3a7","name":"admpu17wp","image":{"@type":"ImageObject","inLanguage":"es","@id":"https:\/\/experienciadevida.com.ar\/portalurbano\/#\/schema\/person\/image\/","url":"https:\/\/secure.gravatar.com\/avatar\/830d4c57adaae6630765e449a6908047?s=96&d=mm&r=g","contentUrl":"https:\/\/secure.gravatar.com\/avatar\/830d4c57adaae6630765e449a6908047?s=96&d=mm&r=g","caption":"admpu17wp"}}]}},"featured_image_urls":{"full":["https:\/\/experienciadevida.com.ar\/portalurbano\/wp-content\/uploads\/2021\/01\/medidores-de-agua-e1612135427194.jpg",800,488,false],"thumbnail":["https:\/\/experienciadevida.com.ar\/portalurbano\/wp-content\/uploads\/2021\/01\/medidores-de-agua-150x150.jpg",150,150,true],"medium":["https:\/\/experienciadevida.com.ar\/portalurbano\/wp-content\/uploads\/2021\/01\/medidores-de-agua-300x183.jpg",300,183,true],"medium_large":["https:\/\/experienciadevida.com.ar\/portalurbano\/wp-content\/uploads\/2021\/01\/medidores-de-agua-768x468.jpg",640,390,true],"large":["https:\/\/experienciadevida.com.ar\/portalurbano\/wp-content\/uploads\/2021\/01\/medidores-de-agua-e1612135427194.jpg",640,390,false],"ug_big":["https:\/\/experienciadevida.com.ar\/portalurbano\/wp-content\/uploads\/2021\/01\/medidores-de-agua-768x468.jpg",768,468,true],"1536x1536":["https:\/\/experienciadevida.com.ar\/portalurbano\/wp-content\/uploads\/2021\/01\/medidores-de-agua-e1612135427194.jpg",800,488,false],"2048x2048":["https:\/\/experienciadevida.com.ar\/portalurbano\/wp-content\/uploads\/2021\/01\/medidores-de-agua-e1612135427194.jpg",800,488,false],"newsever-slider-full":["https:\/\/experienciadevida.com.ar\/portalurbano\/wp-content\/uploads\/2021\/01\/medidores-de-agua-e1612135427194.jpg",800,488,false],"newsever-featured":["https:\/\/experienciadevida.com.ar\/portalurbano\/wp-content\/uploads\/2021\/01\/medidores-de-agua-e1612135427194.jpg",800,488,false],"newsever-medium":["https:\/\/experienciadevida.com.ar\/portalurbano\/wp-content\/uploads\/2021\/01\/medidores-de-agua-e1612135427194.jpg",720,439,false],"web-stories-poster-portrait":["https:\/\/experienciadevida.com.ar\/portalurbano\/wp-content\/uploads\/2021\/01\/medidores-de-agua-e1612135427194.jpg",640,390,false],"web-stories-publisher-logo":["https:\/\/experienciadevida.com.ar\/portalurbano\/wp-content\/uploads\/2021\/01\/medidores-de-agua-e1612135427194.jpg",96,59,false],"web-stories-thumbnail":["https:\/\/experienciadevida.com.ar\/portalurbano\/wp-content\/uploads\/2021\/01\/medidores-de-agua-e1612135427194.jpg",150,92,false]},"author_info":{"display_name":"admpu17wp","author_link":"https:\/\/experienciadevida.com.ar\/portalurbano\/author\/admpu17wp\/"},"category_info":"<a href=\"https:\/\/experienciadevida.com.ar\/portalurbano\/category\/ciudad\/\" rel=\"category tag\">Ciudad<\/a> <a href=\"https:\/\/experienciadevida.com.ar\/portalurbano\/category\/destacadas-2\/\" rel=\"category tag\">Destacadas 2<\/a>","tag_info":"Destacadas 2","comment_count":"0","amp_enabled":true,"_links":{"self":[{"href":"https:\/\/experienciadevida.com.ar\/portalurbano\/wp-json\/wp\/v2\/posts\/137918"}],"collection":[{"href":"https:\/\/experienciadevida.com.ar\/portalurbano\/wp-json\/wp\/v2\/posts"}],"about":[{"href":"https:\/\/experienciadevida.com.ar\/portalurbano\/wp-json\/wp\/v2\/types\/post"}],"author":[{"embeddable":true,"href":"https:\/\/experienciadevida.com.ar\/portalurbano\/wp-json\/wp\/v2\/users\/1"}],"replies":[{"embeddable":true,"href":"https:\/\/experienciadevida.com.ar\/portalurbano\/wp-json\/wp\/v2\/comments?post=137918"}],"version-history":[{"count":2,"href":"https:\/\/experienciadevida.com.ar\/portalurbano\/wp-json\/wp\/v2\/posts\/137918\/revisions"}],"predecessor-version":[{"id":137920,"href":"https:\/\/experienciadevida.com.ar\/portalurbano\/wp-json\/wp\/v2\/posts\/137918\/revisions\/137920"}],"wp:featuredmedia":[{"embeddable":true,"href":"https:\/\/experienciadevida.com.ar\/portalurbano\/wp-json\/wp\/v2\/media\/133916"}],"wp:attachment":[{"href":"https:\/\/experienciadevida.com.ar\/portalurbano\/wp-json\/wp\/v2\/media?parent=137918"}],"wp:term":[{"taxonomy":"category","embeddable":true,"href":"https:\/\/experienciadevida.com.ar\/portalurbano\/wp-json\/wp\/v2\/categories?post=137918"},{"taxonomy":"post_tag","embeddable":true,"href":"https:\/\/experienciadevida.com.ar\/portalurbano\/wp-json\/wp\/v2\/tags?post=137918"}],"curies":[{"name":"wp","href":"https:\/\/api.w.org\/{rel}","templated":true}]}}