{"id":137902,"date":"2021-03-19T18:20:12","date_gmt":"2021-03-19T21:20:12","guid":{"rendered":"https:\/\/experienciadevida.com.ar\/portalurbano\/?p=137902"},"modified":"2021-03-19T18:23:50","modified_gmt":"2021-03-19T21:23:50","slug":"el-inta-y-el-programa-pro-huerta-entregaron-500-kits-de-semillas","status":"publish","type":"post","link":"https:\/\/experienciadevida.com.ar\/portalurbano\/el-inta-y-el-programa-pro-huerta-entregaron-500-kits-de-semillas\/","title":{"rendered":"El INTA y el Programa Pro Huerta entregaron 500 kits de semillas"},"content":{"rendered":"<p>El INTA y el Programa Pro Huerta entregaron 500 kits de semillas. El Instituto Nacional de Tecnolog\u00eda Agropecuaria en conjunto con el Ministerio de Desarrollo Social repartieron semillas a vecinos y vecinas en la escuela Agraria N\u00b01, la propuesta busca potenciar el programa Pro Huerta y el Plan Argentina contra el Hambre.<\/p>\n<p>El INTA junto al Ministerio de Desarrollo Social entregaron semillas en la Escuela de Educaci\u00f3n Agraria N\u00b01. Durante la jornada del jueves y el viernes 500 vecinos se acercaron a recibir sus kits de semillas.<\/p>\n<p>El titular del INTA Maximiliano Mazzei, se\u00f1al\u00f3: \u201cEs la tercera vez que realizamos jornadas de entrega de semillas del programa Pro Huerta, adem\u00e1s estamos llevando adelante otras jornadas de capacitaci\u00f3n y de entrega de insumos como semillas, gallinas ponedoras y frutales\u201d.<\/p>\n<p>Adem\u00e1s, el delegado del Ministerio de Desarrollo Social, Jos\u00e9 Aranze puntualiz\u00f3: \u201cEl programa pro Huerta que llevamos adelante en conjunto con el INTA es uno de los pilares fundamentales del \u2018Plan Argentina contra el Hambre\u2019 que viene impulsando el presidente de la Naci\u00f3n desde el principio de su gesti\u00f3n. El mismo tiene como objetivo promover pr\u00e1cticas productivas agroecol\u00f3gicas para el autoabastecimiento, la educaci\u00f3n alimentaria y mejorar la econom\u00eda dom\u00e9stica de las familias que m\u00e1s necesitan el acompa\u00f1amiento del Estado\u201d<\/p>\n<p>Por \u00faltimo Mazzei destac\u00f3: \u201cQueremos agradecer a las autoridades de la Escuela Agraria y a los estudiantes de 7mo grado por la ayuda a lo largo de estos dos d\u00edas que hicieron entrega de las semillas junto con nosotros \u201c.<\/p>\n<p>Por dudas o consultas, los canales de comunicaci\u00f3n son: eolavarria@inta.gob.ar; inta.gob.ar\/olavarria; Pro Huerta Inta Olavarr\u00eda en Facebook; aer_olavarria en Instagram.<\/p>\n<p><a href=\"https:\/\/experienciadevida.com.ar\/portalurbano\/el-inta-y-el-programa-pro-huerta-entregaron-500-kits-de-semillas\/el-inta\/\" rel=\"attachment wp-att-137906\"><img decoding=\"async\" class=\"alignnone size-full wp-image-137906\" src=\"https:\/\/experienciadevida.com.ar\/portalurbano\/wp-content\/uploads\/2021\/03\/El-INTA.jpg\" alt=\"El INTA\" width=\"1280\" height=\"835\" srcset=\"https:\/\/experienciadevida.com.ar\/portalurbano\/wp-content\/uploads\/2021\/03\/El-INTA.jpg 1280w, https:\/\/experienciadevida.com.ar\/portalurbano\/wp-content\/uploads\/2021\/03\/El-INTA-300x196.jpg 300w, https:\/\/experienciadevida.com.ar\/portalurbano\/wp-content\/uploads\/2021\/03\/El-INTA-1024x668.jpg 1024w, https:\/\/experienciadevida.com.ar\/portalurbano\/wp-content\/uploads\/2021\/03\/El-INTA-768x501.jpg 768w\" sizes=\"(max-width: 1280px) 100vw, 1280px\" \/><\/a><\/p>\n<p><a href=\"https:\/\/experienciadevida.com.ar\/portalurbano\/el-inta-y-el-programa-pro-huerta-entregaron-500-kits-de-semillas\/el-programa\/\" rel=\"attachment wp-att-137907\"><img decoding=\"async\" class=\"alignnone size-full wp-image-137907\" src=\"https:\/\/experienciadevida.com.ar\/portalurbano\/wp-content\/uploads\/2021\/03\/el-programa.jpg\" alt=\"el programa \" width=\"1280\" height=\"960\" srcset=\"https:\/\/experienciadevida.com.ar\/portalurbano\/wp-content\/uploads\/2021\/03\/el-programa.jpg 1280w, https:\/\/experienciadevida.com.ar\/portalurbano\/wp-content\/uploads\/2021\/03\/el-programa-300x225.jpg 300w, https:\/\/experienciadevida.com.ar\/portalurbano\/wp-content\/uploads\/2021\/03\/el-programa-1024x768.jpg 1024w, https:\/\/experienciadevida.com.ar\/portalurbano\/wp-content\/uploads\/2021\/03\/el-programa-768x576.jpg 768w\" sizes=\"(max-width: 1280px) 100vw, 1280px\" \/><\/a><\/p>\n<p><a href=\"https:\/\/experienciadevida.com.ar\/portalurbano\/el-inta-y-el-programa-pro-huerta-entregaron-500-kits-de-semillas\/b29fed9e-f6cb-4c3a-94ea-ddebe5d7f308\/\" rel=\"attachment wp-att-137909\"><img decoding=\"async\" class=\"alignnone size-full wp-image-137909\" src=\"https:\/\/experienciadevida.com.ar\/portalurbano\/wp-content\/uploads\/2021\/03\/b29fed9e-f6cb-4c3a-94ea-ddebe5d7f308.jpg\" alt=\"\" width=\"1088\" height=\"688\" srcset=\"https:\/\/experienciadevida.com.ar\/portalurbano\/wp-content\/uploads\/2021\/03\/b29fed9e-f6cb-4c3a-94ea-ddebe5d7f308.jpg 1088w, https:\/\/experienciadevida.com.ar\/portalurbano\/wp-content\/uploads\/2021\/03\/b29fed9e-f6cb-4c3a-94ea-ddebe5d7f308-300x190.jpg 300w, https:\/\/experienciadevida.com.ar\/portalurbano\/wp-content\/uploads\/2021\/03\/b29fed9e-f6cb-4c3a-94ea-ddebe5d7f308-1024x648.jpg 1024w, https:\/\/experienciadevida.com.ar\/portalurbano\/wp-content\/uploads\/2021\/03\/b29fed9e-f6cb-4c3a-94ea-ddebe5d7f308-768x486.jpg 768w\" sizes=\"(max-width: 1088px) 100vw, 1088px\" \/><\/a><\/p>\n","protected":false},"excerpt":{"rendered":"<p>El INTA y el Programa Pro Huerta entregaron 500 kits de semillas. El Instituto Nacional&#8230;<\/p>\n","protected":false},"author":1,"featured_media":137903,"comment_status":"closed","ping_status":"closed","sticky":false,"template":"","format":"standard","meta":{"content-type":""},"categories":[27,64],"tags":[],"nelio_content":{"isAutoShareEnabled":false,"autoShareEndMode":"default","automationSources":{"useContentSentences":true,"useSocialTemplates":true,"useCustomSentences":false,"customSentences":[]},"followers":[1],"suggestedReferences":[],"includedReferences":[],"efiUrl":"","efiAlt":"","highlights":[]},"yoast_head":"<!-- This site is optimized with the Yoast SEO plugin v20.7 - https:\/\/yoast.com\/wordpress\/plugins\/seo\/ -->\n<title>El INTA y el programa Pro Huerta entregaron 500 kits de semillas<\/title>\n<meta name=\"description\" content=\"El INTA y el Programa Pro Huerta entregaron 500 kits de semillas, en la escuela Agraria N\u00b01, la propuesta busca potenciar el programa Huerta\" \/>\n<meta name=\"robots\" content=\"index, follow, max-snippet:-1, max-image-preview:large, max-video-preview:-1\" \/>\n<link rel=\"canonical\" href=\"https:\/\/experienciadevida.com.ar\/portalurbano\/el-inta-y-el-programa-pro-huerta-entregaron-500-kits-de-semillas\/\" \/>\n<meta property=\"og:locale\" content=\"es_ES\" \/>\n<meta property=\"og:type\" content=\"article\" \/>\n<meta property=\"og:title\" content=\"El INTA y el programa Pro Huerta entregaron 500 kits de semillas\" \/>\n<meta property=\"og:description\" content=\"El INTA y el Programa Pro Huerta entregaron 500 kits de semillas, en la escuela Agraria N\u00b01, la propuesta busca potenciar el programa Huerta\" \/>\n<meta property=\"og:url\" content=\"https:\/\/experienciadevida.com.ar\/portalurbano\/el-inta-y-el-programa-pro-huerta-entregaron-500-kits-de-semillas\/\" \/>\n<meta property=\"article:publisher\" content=\"https:\/\/www.facebook.com\/Portal-Urbano-171542830093757\/\" \/>\n<meta property=\"article:published_time\" content=\"2021-03-19T21:20:12+00:00\" \/>\n<meta property=\"article:modified_time\" content=\"2021-03-19T21:23:50+00:00\" \/>\n<meta property=\"og:image\" content=\"https:\/\/experienciadevida.com.ar\/portalurbano\/wp-content\/uploads\/2021\/03\/El-INTA-y-el-Programa.jpg\" \/>\n\t<meta property=\"og:image:width\" content=\"1051\" \/>\n\t<meta property=\"og:image:height\" content=\"679\" \/>\n\t<meta property=\"og:image:type\" content=\"image\/jpeg\" \/>\n<meta name=\"author\" content=\"admpu17wp\" \/>\n<meta name=\"twitter:card\" content=\"summary_large_image\" \/>\n<meta name=\"twitter:creator\" content=\"@portalurbanook\" \/>\n<meta name=\"twitter:site\" content=\"@portalurbanook\" \/>\n<meta name=\"twitter:label1\" content=\"Escrito por\" \/>\n\t<meta name=\"twitter:data1\" content=\"admpu17wp\" \/>\n\t<meta name=\"twitter:label2\" content=\"Tiempo de lectura\" \/>\n\t<meta name=\"twitter:data2\" content=\"2 minutos\" \/>\n<script type=\"application\/ld+json\" class=\"yoast-schema-graph\">{\"@context\":\"https:\/\/schema.org\",\"@graph\":[{\"@type\":\"Article\",\"@id\":\"https:\/\/experienciadevida.com.ar\/portalurbano\/el-inta-y-el-programa-pro-huerta-entregaron-500-kits-de-semillas\/#article\",\"isPartOf\":{\"@id\":\"https:\/\/experienciadevida.com.ar\/portalurbano\/el-inta-y-el-programa-pro-huerta-entregaron-500-kits-de-semillas\/\"},\"author\":{\"name\":\"admpu17wp\",\"@id\":\"https:\/\/experienciadevida.com.ar\/portalurbano\/#\/schema\/person\/02dd326b1c4b056e9cc972486934a3a7\"},\"headline\":\"El INTA y el Programa Pro Huerta entregaron 500 kits de semillas\",\"datePublished\":\"2021-03-19T21:20:12+00:00\",\"dateModified\":\"2021-03-19T21:23:50+00:00\",\"mainEntityOfPage\":{\"@id\":\"https:\/\/experienciadevida.com.ar\/portalurbano\/el-inta-y-el-programa-pro-huerta-entregaron-500-kits-de-semillas\/\"},\"wordCount\":300,\"publisher\":{\"@id\":\"https:\/\/experienciadevida.com.ar\/portalurbano\/#organization\"},\"articleSection\":[\"Ciudad\",\"Destacadas 2\"],\"inLanguage\":\"es\"},{\"@type\":\"WebPage\",\"@id\":\"https:\/\/experienciadevida.com.ar\/portalurbano\/el-inta-y-el-programa-pro-huerta-entregaron-500-kits-de-semillas\/\",\"url\":\"https:\/\/experienciadevida.com.ar\/portalurbano\/el-inta-y-el-programa-pro-huerta-entregaron-500-kits-de-semillas\/\",\"name\":\"El INTA y el programa Pro Huerta entregaron 500 kits de semillas\",\"isPartOf\":{\"@id\":\"https:\/\/experienciadevida.com.ar\/portalurbano\/#website\"},\"datePublished\":\"2021-03-19T21:20:12+00:00\",\"dateModified\":\"2021-03-19T21:23:50+00:00\",\"description\":\"El INTA y el Programa Pro Huerta entregaron 500 kits de semillas, en la escuela Agraria N\u00b01, la propuesta busca potenciar el programa Huerta\",\"breadcrumb\":{\"@id\":\"https:\/\/experienciadevida.com.ar\/portalurbano\/el-inta-y-el-programa-pro-huerta-entregaron-500-kits-de-semillas\/#breadcrumb\"},\"inLanguage\":\"es\",\"potentialAction\":[{\"@type\":\"ReadAction\",\"target\":[\"https:\/\/experienciadevida.com.ar\/portalurbano\/el-inta-y-el-programa-pro-huerta-entregaron-500-kits-de-semillas\/\"]}]},{\"@type\":\"BreadcrumbList\",\"@id\":\"https:\/\/experienciadevida.com.ar\/portalurbano\/el-inta-y-el-programa-pro-huerta-entregaron-500-kits-de-semillas\/#breadcrumb\",\"itemListElement\":[{\"@type\":\"ListItem\",\"position\":1,\"name\":\"Portada\",\"item\":\"https:\/\/experienciadevida.com.ar\/portalurbano\/\"},{\"@type\":\"ListItem\",\"position\":2,\"name\":\"El INTA y el Programa Pro Huerta entregaron 500 kits de semillas\"}]},{\"@type\":\"WebSite\",\"@id\":\"https:\/\/experienciadevida.com.ar\/portalurbano\/#website\",\"url\":\"https:\/\/experienciadevida.com.ar\/portalurbano\/\",\"name\":\"\",\"description\":\"\",\"publisher\":{\"@id\":\"https:\/\/experienciadevida.com.ar\/portalurbano\/#organization\"},\"potentialAction\":[{\"@type\":\"SearchAction\",\"target\":{\"@type\":\"EntryPoint\",\"urlTemplate\":\"https:\/\/experienciadevida.com.ar\/portalurbano\/?s={search_term_string}\"},\"query-input\":\"required name=search_term_string\"}],\"inLanguage\":\"es\"},{\"@type\":\"Organization\",\"@id\":\"https:\/\/experienciadevida.com.ar\/portalurbano\/#organization\",\"name\":\"Portal Urbano\",\"url\":\"https:\/\/experienciadevida.com.ar\/portalurbano\/\",\"logo\":{\"@type\":\"ImageObject\",\"inLanguage\":\"es\",\"@id\":\"https:\/\/experienciadevida.com.ar\/portalurbano\/#\/schema\/logo\/image\/\",\"url\":\"https:\/\/experienciadevida.com.ar\/portalurbano\/wp-content\/uploads\/2019\/09\/Logo-Original.png\",\"contentUrl\":\"https:\/\/experienciadevida.com.ar\/portalurbano\/wp-content\/uploads\/2019\/09\/Logo-Original.png\",\"width\":2236,\"height\":1216,\"caption\":\"Portal Urbano\"},\"image\":{\"@id\":\"https:\/\/experienciadevida.com.ar\/portalurbano\/#\/schema\/logo\/image\/\"},\"sameAs\":[\"https:\/\/www.facebook.com\/Portal-Urbano-171542830093757\/\",\"https:\/\/twitter.com\/portalurbanook\",\"https:\/\/www.instagram.com\/_portalurbano\/\",\"https:\/\/www.youtube.com\/channel\/UCXhagIfszH8KxFiOok79zbA?view_as=subscriber\"]},{\"@type\":\"Person\",\"@id\":\"https:\/\/experienciadevida.com.ar\/portalurbano\/#\/schema\/person\/02dd326b1c4b056e9cc972486934a3a7\",\"name\":\"admpu17wp\",\"image\":{\"@type\":\"ImageObject\",\"inLanguage\":\"es\",\"@id\":\"https:\/\/experienciadevida.com.ar\/portalurbano\/#\/schema\/person\/image\/\",\"url\":\"https:\/\/secure.gravatar.com\/avatar\/830d4c57adaae6630765e449a6908047?s=96&d=mm&r=g\",\"contentUrl\":\"https:\/\/secure.gravatar.com\/avatar\/830d4c57adaae6630765e449a6908047?s=96&d=mm&r=g\",\"caption\":\"admpu17wp\"}}]}<\/script>\n<!-- \/ Yoast SEO plugin. -->","yoast_head_json":{"title":"El INTA y el programa Pro Huerta entregaron 500 kits de semillas","description":"El INTA y el Programa Pro Huerta entregaron 500 kits de semillas, en la escuela Agraria N\u00b01, la propuesta busca potenciar el programa Huerta","robots":{"index":"index","follow":"follow","max-snippet":"max-snippet:-1","max-image-preview":"max-image-preview:large","max-video-preview":"max-video-preview:-1"},"canonical":"https:\/\/experienciadevida.com.ar\/portalurbano\/el-inta-y-el-programa-pro-huerta-entregaron-500-kits-de-semillas\/","og_locale":"es_ES","og_type":"article","og_title":"El INTA y el programa Pro Huerta entregaron 500 kits de semillas","og_description":"El INTA y el Programa Pro Huerta entregaron 500 kits de semillas, en la escuela Agraria N\u00b01, la propuesta busca potenciar el programa Huerta","og_url":"https:\/\/experienciadevida.com.ar\/portalurbano\/el-inta-y-el-programa-pro-huerta-entregaron-500-kits-de-semillas\/","article_publisher":"https:\/\/www.facebook.com\/Portal-Urbano-171542830093757\/","article_published_time":"2021-03-19T21:20:12+00:00","article_modified_time":"2021-03-19T21:23:50+00:00","og_image":[{"width":1051,"height":679,"url":"https:\/\/experienciadevida.com.ar\/portalurbano\/wp-content\/uploads\/2021\/03\/El-INTA-y-el-Programa.jpg","type":"image\/jpeg"}],"author":"admpu17wp","twitter_card":"summary_large_image","twitter_creator":"@portalurbanook","twitter_site":"@portalurbanook","twitter_misc":{"Escrito por":"admpu17wp","Tiempo de lectura":"2 minutos"},"schema":{"@context":"https:\/\/schema.org","@graph":[{"@type":"Article","@id":"https:\/\/experienciadevida.com.ar\/portalurbano\/el-inta-y-el-programa-pro-huerta-entregaron-500-kits-de-semillas\/#article","isPartOf":{"@id":"https:\/\/experienciadevida.com.ar\/portalurbano\/el-inta-y-el-programa-pro-huerta-entregaron-500-kits-de-semillas\/"},"author":{"name":"admpu17wp","@id":"https:\/\/experienciadevida.com.ar\/portalurbano\/#\/schema\/person\/02dd326b1c4b056e9cc972486934a3a7"},"headline":"El INTA y el Programa Pro Huerta entregaron 500 kits de semillas","datePublished":"2021-03-19T21:20:12+00:00","dateModified":"2021-03-19T21:23:50+00:00","mainEntityOfPage":{"@id":"https:\/\/experienciadevida.com.ar\/portalurbano\/el-inta-y-el-programa-pro-huerta-entregaron-500-kits-de-semillas\/"},"wordCount":300,"publisher":{"@id":"https:\/\/experienciadevida.com.ar\/portalurbano\/#organization"},"articleSection":["Ciudad","Destacadas 2"],"inLanguage":"es"},{"@type":"WebPage","@id":"https:\/\/experienciadevida.com.ar\/portalurbano\/el-inta-y-el-programa-pro-huerta-entregaron-500-kits-de-semillas\/","url":"https:\/\/experienciadevida.com.ar\/portalurbano\/el-inta-y-el-programa-pro-huerta-entregaron-500-kits-de-semillas\/","name":"El INTA y el programa Pro Huerta entregaron 500 kits de semillas","isPartOf":{"@id":"https:\/\/experienciadevida.com.ar\/portalurbano\/#website"},"datePublished":"2021-03-19T21:20:12+00:00","dateModified":"2021-03-19T21:23:50+00:00","description":"El INTA y el Programa Pro Huerta entregaron 500 kits de semillas, en la escuela Agraria N\u00b01, la propuesta busca potenciar el programa Huerta","breadcrumb":{"@id":"https:\/\/experienciadevida.com.ar\/portalurbano\/el-inta-y-el-programa-pro-huerta-entregaron-500-kits-de-semillas\/#breadcrumb"},"inLanguage":"es","potentialAction":[{"@type":"ReadAction","target":["https:\/\/experienciadevida.com.ar\/portalurbano\/el-inta-y-el-programa-pro-huerta-entregaron-500-kits-de-semillas\/"]}]},{"@type":"BreadcrumbList","@id":"https:\/\/experienciadevida.com.ar\/portalurbano\/el-inta-y-el-programa-pro-huerta-entregaron-500-kits-de-semillas\/#breadcrumb","itemListElement":[{"@type":"ListItem","position":1,"name":"Portada","item":"https:\/\/experienciadevida.com.ar\/portalurbano\/"},{"@type":"ListItem","position":2,"name":"El INTA y el Programa Pro Huerta entregaron 500 kits de semillas"}]},{"@type":"WebSite","@id":"https:\/\/experienciadevida.com.ar\/portalurbano\/#website","url":"https:\/\/experienciadevida.com.ar\/portalurbano\/","name":"","description":"","publisher":{"@id":"https:\/\/experienciadevida.com.ar\/portalurbano\/#organization"},"potentialAction":[{"@type":"SearchAction","target":{"@type":"EntryPoint","urlTemplate":"https:\/\/experienciadevida.com.ar\/portalurbano\/?s={search_term_string}"},"query-input":"required name=search_term_string"}],"inLanguage":"es"},{"@type":"Organization","@id":"https:\/\/experienciadevida.com.ar\/portalurbano\/#organization","name":"Portal Urbano","url":"https:\/\/experienciadevida.com.ar\/portalurbano\/","logo":{"@type":"ImageObject","inLanguage":"es","@id":"https:\/\/experienciadevida.com.ar\/portalurbano\/#\/schema\/logo\/image\/","url":"https:\/\/experienciadevida.com.ar\/portalurbano\/wp-content\/uploads\/2019\/09\/Logo-Original.png","contentUrl":"https:\/\/experienciadevida.com.ar\/portalurbano\/wp-content\/uploads\/2019\/09\/Logo-Original.png","width":2236,"height":1216,"caption":"Portal Urbano"},"image":{"@id":"https:\/\/experienciadevida.com.ar\/portalurbano\/#\/schema\/logo\/image\/"},"sameAs":["https:\/\/www.facebook.com\/Portal-Urbano-171542830093757\/","https:\/\/twitter.com\/portalurbanook","https:\/\/www.instagram.com\/_portalurbano\/","https:\/\/www.youtube.com\/channel\/UCXhagIfszH8KxFiOok79zbA?view_as=subscriber"]},{"@type":"Person","@id":"https:\/\/experienciadevida.com.ar\/portalurbano\/#\/schema\/person\/02dd326b1c4b056e9cc972486934a3a7","name":"admpu17wp","image":{"@type":"ImageObject","inLanguage":"es","@id":"https:\/\/experienciadevida.com.ar\/portalurbano\/#\/schema\/person\/image\/","url":"https:\/\/secure.gravatar.com\/avatar\/830d4c57adaae6630765e449a6908047?s=96&d=mm&r=g","contentUrl":"https:\/\/secure.gravatar.com\/avatar\/830d4c57adaae6630765e449a6908047?s=96&d=mm&r=g","caption":"admpu17wp"}}]}},"featured_image_urls":{"full":["https:\/\/experienciadevida.com.ar\/portalurbano\/wp-content\/uploads\/2021\/03\/El-INTA-y-el-Programa.jpg",1051,679,false],"thumbnail":["https:\/\/experienciadevida.com.ar\/portalurbano\/wp-content\/uploads\/2021\/03\/El-INTA-y-el-Programa-150x150.jpg",150,150,true],"medium":["https:\/\/experienciadevida.com.ar\/portalurbano\/wp-content\/uploads\/2021\/03\/El-INTA-y-el-Programa-300x194.jpg",300,194,true],"medium_large":["https:\/\/experienciadevida.com.ar\/portalurbano\/wp-content\/uploads\/2021\/03\/El-INTA-y-el-Programa-768x496.jpg",640,413,true],"large":["https:\/\/experienciadevida.com.ar\/portalurbano\/wp-content\/uploads\/2021\/03\/El-INTA-y-el-Programa-1024x662.jpg",640,414,true],"ug_big":["https:\/\/experienciadevida.com.ar\/portalurbano\/wp-content\/uploads\/2021\/03\/El-INTA-y-el-Programa-768x496.jpg",768,496,true],"1536x1536":["https:\/\/experienciadevida.com.ar\/portalurbano\/wp-content\/uploads\/2021\/03\/El-INTA-y-el-Programa.jpg",1051,679,false],"2048x2048":["https:\/\/experienciadevida.com.ar\/portalurbano\/wp-content\/uploads\/2021\/03\/El-INTA-y-el-Programa.jpg",1051,679,false],"newsever-slider-full":["https:\/\/experienciadevida.com.ar\/portalurbano\/wp-content\/uploads\/2021\/03\/El-INTA-y-el-Programa.jpg",1051,679,false],"newsever-featured":["https:\/\/experienciadevida.com.ar\/portalurbano\/wp-content\/uploads\/2021\/03\/El-INTA-y-el-Programa.jpg",1024,662,false],"newsever-medium":["https:\/\/experienciadevida.com.ar\/portalurbano\/wp-content\/uploads\/2021\/03\/El-INTA-y-el-Programa.jpg",720,465,false],"web-stories-poster-portrait":["https:\/\/experienciadevida.com.ar\/portalurbano\/wp-content\/uploads\/2021\/03\/El-INTA-y-el-Programa.jpg",640,413,false],"web-stories-publisher-logo":["https:\/\/experienciadevida.com.ar\/portalurbano\/wp-content\/uploads\/2021\/03\/El-INTA-y-el-Programa.jpg",96,62,false],"web-stories-thumbnail":["https:\/\/experienciadevida.com.ar\/portalurbano\/wp-content\/uploads\/2021\/03\/El-INTA-y-el-Programa.jpg",150,97,false]},"author_info":{"display_name":"admpu17wp","author_link":"https:\/\/experienciadevida.com.ar\/portalurbano\/author\/admpu17wp\/"},"category_info":"<a href=\"https:\/\/experienciadevida.com.ar\/portalurbano\/category\/ciudad\/\" rel=\"category tag\">Ciudad<\/a> <a href=\"https:\/\/experienciadevida.com.ar\/portalurbano\/category\/destacadas-2\/\" rel=\"category tag\">Destacadas 2<\/a>","tag_info":"Destacadas 2","comment_count":"0","amp_enabled":true,"_links":{"self":[{"href":"https:\/\/experienciadevida.com.ar\/portalurbano\/wp-json\/wp\/v2\/posts\/137902"}],"collection":[{"href":"https:\/\/experienciadevida.com.ar\/portalurbano\/wp-json\/wp\/v2\/posts"}],"about":[{"href":"https:\/\/experienciadevida.com.ar\/portalurbano\/wp-json\/wp\/v2\/types\/post"}],"author":[{"embeddable":true,"href":"https:\/\/experienciadevida.com.ar\/portalurbano\/wp-json\/wp\/v2\/users\/1"}],"replies":[{"embeddable":true,"href":"https:\/\/experienciadevida.com.ar\/portalurbano\/wp-json\/wp\/v2\/comments?post=137902"}],"version-history":[{"count":4,"href":"https:\/\/experienciadevida.com.ar\/portalurbano\/wp-json\/wp\/v2\/posts\/137902\/revisions"}],"predecessor-version":[{"id":137910,"href":"https:\/\/experienciadevida.com.ar\/portalurbano\/wp-json\/wp\/v2\/posts\/137902\/revisions\/137910"}],"wp:featuredmedia":[{"embeddable":true,"href":"https:\/\/experienciadevida.com.ar\/portalurbano\/wp-json\/wp\/v2\/media\/137903"}],"wp:attachment":[{"href":"https:\/\/experienciadevida.com.ar\/portalurbano\/wp-json\/wp\/v2\/media?parent=137902"}],"wp:term":[{"taxonomy":"category","embeddable":true,"href":"https:\/\/experienciadevida.com.ar\/portalurbano\/wp-json\/wp\/v2\/categories?post=137902"},{"taxonomy":"post_tag","embeddable":true,"href":"https:\/\/experienciadevida.com.ar\/portalurbano\/wp-json\/wp\/v2\/tags?post=137902"}],"curies":[{"name":"wp","href":"https:\/\/api.w.org\/{rel}","templated":true}]}}