{"id":137838,"date":"2021-03-19T09:58:53","date_gmt":"2021-03-19T12:58:53","guid":{"rendered":"https:\/\/experienciadevida.com.ar\/portalurbano\/?p=137838"},"modified":"2021-03-19T10:01:00","modified_gmt":"2021-03-19T13:01:00","slug":"ezequiel-galli-si-seguimos-ocultando-los-problemas-nunca-vamos-a-progresar","status":"publish","type":"post","link":"https:\/\/experienciadevida.com.ar\/portalurbano\/ezequiel-galli-si-seguimos-ocultando-los-problemas-nunca-vamos-a-progresar\/","title":{"rendered":"Ezequiel Galli: \u201csi seguimos ocultando los problemas nunca vamos a progresar\u201d"},"content":{"rendered":"<p><a href=\"https:\/\/www.facebook.com\/galliezequiel\">Ezequiel Galli<\/a>: \u201csi seguimos ocultando los problemas nunca vamos a progresar\u201d. Ayer por la tarde, el Intendente de Olavarr\u00eda particip\u00f3 en la ciudad de Buenos Aires de la presentaci\u00f3n del libro \u201cPrimer Tiempo\u201d que escribi\u00f3 el ex Presidente de la Naci\u00f3n Mauricio Macri.<\/p>\n<p>El evento, que se llev\u00f3 a cabo en el Centro de Exposiciones de la Ciudad con m\u00e1s de 700 invitados, cont\u00f3 con la presencia de destacadas figuras de la cultura y de la pol\u00edtica provincial, nacional e internacional.<\/p>\n<p>Tras la presentaci\u00f3n de \u201cPrimer Tiempo\u201d, Ezequiel Galli indic\u00f3: \u201cfue un acto con un enorme peso pol\u00edtico. Destaco el mensaje de Campanella que dijo que se cometieron errores pero se hicieron aciertos como no se hab\u00edan hecho antes\u201d.<\/p>\n<p>\u201cFueron muy interesantes todas las apariciones de las figuras pol\u00edticas y culturales. Vi a un Mauricio a coraz\u00f3n abierto, haciendo autocr\u00edtica, pero teniendo en claro que el rumbo de Cambiemos es el mismo y que queremos volver a intentar cambiar la realidad con el aprendizaje que nos dej\u00f3 el primer tiempo\u201d, agreg\u00f3.<\/p>\n<p>Adem\u00e1s, el jefe comunal olavarriense asegur\u00f3: \u201ccomo dijo Mauricio, si seguimos ocultando los problemas nunca vamos a progresar. El t\u00edtulo del libro no es una postulaci\u00f3n sino un proceso para volver a tener un pa\u00eds con justicia independiente, con valores republicanos, con soberan\u00eda energ\u00e9tica, con periodismo independiente. Ya estamos jugando el segundo tiempo en un espacio que quiere a la Argentina de pie\u201d.<\/p>\n<p>El libro de Mauricio Macri, que fue editado por Planeta y tiene 13 cap\u00edtulos con 300 p\u00e1ginas, hace un minucioso repaso desde la llegada a la presidencia en diciembre de 2015 hasta finales de 2019.<\/p>\n","protected":false},"excerpt":{"rendered":"<p>Ezequiel Galli: \u201csi seguimos ocultando los problemas nunca vamos a progresar\u201d. Ayer por la tarde,&#8230;<\/p>\n","protected":false},"author":1,"featured_media":137839,"comment_status":"closed","ping_status":"closed","sticky":false,"template":"","format":"standard","meta":{"content-type":""},"categories":[27,64],"tags":[],"nelio_content":{"isAutoShareEnabled":false,"autoShareEndMode":"default","automationSources":{"useContentSentences":true,"useSocialTemplates":true,"useCustomSentences":false,"customSentences":[]},"followers":[1],"suggestedReferences":[],"includedReferences":[],"efiUrl":"","efiAlt":"","highlights":[]},"yoast_head":"<!-- This site is optimized with the Yoast SEO plugin v20.7 - https:\/\/yoast.com\/wordpress\/plugins\/seo\/ -->\n<title>Ezequiel Galli: &quot;Si seguimos ocultando los problemas nunca vamos&quot;<\/title>\n<meta name=\"description\" content=\"Ezequiel Galli: \u201csi seguimos ocultando los problemas nunca vamos a progresar\u201d, el Intendente estuvo en la presentaci\u00f3n del libro de Macri\" \/>\n<meta name=\"robots\" content=\"index, follow, max-snippet:-1, max-image-preview:large, max-video-preview:-1\" \/>\n<link rel=\"canonical\" href=\"https:\/\/experienciadevida.com.ar\/portalurbano\/ezequiel-galli-si-seguimos-ocultando-los-problemas-nunca-vamos-a-progresar\/\" \/>\n<meta property=\"og:locale\" content=\"es_ES\" \/>\n<meta property=\"og:type\" content=\"article\" \/>\n<meta property=\"og:title\" content=\"Ezequiel Galli: &quot;Si seguimos ocultando los problemas nunca vamos&quot;\" \/>\n<meta property=\"og:description\" content=\"Ezequiel Galli: \u201csi seguimos ocultando los problemas nunca vamos a progresar\u201d, el Intendente estuvo en la presentaci\u00f3n del libro de Macri\" \/>\n<meta property=\"og:url\" content=\"https:\/\/experienciadevida.com.ar\/portalurbano\/ezequiel-galli-si-seguimos-ocultando-los-problemas-nunca-vamos-a-progresar\/\" \/>\n<meta property=\"article:publisher\" content=\"https:\/\/www.facebook.com\/Portal-Urbano-171542830093757\/\" \/>\n<meta property=\"article:published_time\" content=\"2021-03-19T12:58:53+00:00\" \/>\n<meta property=\"article:modified_time\" content=\"2021-03-19T13:01:00+00:00\" \/>\n<meta property=\"og:image\" content=\"https:\/\/experienciadevida.com.ar\/portalurbano\/wp-content\/uploads\/2021\/03\/si-seguimos-ocultando-los-problemas.jpg\" \/>\n\t<meta property=\"og:image:width\" content=\"2048\" \/>\n\t<meta property=\"og:image:height\" content=\"1536\" \/>\n\t<meta property=\"og:image:type\" content=\"image\/jpeg\" \/>\n<meta name=\"author\" content=\"admpu17wp\" \/>\n<meta name=\"twitter:card\" content=\"summary_large_image\" \/>\n<meta name=\"twitter:creator\" content=\"@portalurbanook\" \/>\n<meta name=\"twitter:site\" content=\"@portalurbanook\" \/>\n<meta name=\"twitter:label1\" content=\"Escrito por\" \/>\n\t<meta name=\"twitter:data1\" content=\"admpu17wp\" \/>\n\t<meta name=\"twitter:label2\" content=\"Tiempo de lectura\" \/>\n\t<meta name=\"twitter:data2\" content=\"2 minutos\" \/>\n<script type=\"application\/ld+json\" class=\"yoast-schema-graph\">{\"@context\":\"https:\/\/schema.org\",\"@graph\":[{\"@type\":\"Article\",\"@id\":\"https:\/\/experienciadevida.com.ar\/portalurbano\/ezequiel-galli-si-seguimos-ocultando-los-problemas-nunca-vamos-a-progresar\/#article\",\"isPartOf\":{\"@id\":\"https:\/\/experienciadevida.com.ar\/portalurbano\/ezequiel-galli-si-seguimos-ocultando-los-problemas-nunca-vamos-a-progresar\/\"},\"author\":{\"name\":\"admpu17wp\",\"@id\":\"https:\/\/experienciadevida.com.ar\/portalurbano\/#\/schema\/person\/02dd326b1c4b056e9cc972486934a3a7\"},\"headline\":\"Ezequiel Galli: \u201csi seguimos ocultando los problemas nunca vamos a progresar\u201d\",\"datePublished\":\"2021-03-19T12:58:53+00:00\",\"dateModified\":\"2021-03-19T13:01:00+00:00\",\"mainEntityOfPage\":{\"@id\":\"https:\/\/experienciadevida.com.ar\/portalurbano\/ezequiel-galli-si-seguimos-ocultando-los-problemas-nunca-vamos-a-progresar\/\"},\"wordCount\":294,\"publisher\":{\"@id\":\"https:\/\/experienciadevida.com.ar\/portalurbano\/#organization\"},\"articleSection\":[\"Ciudad\",\"Destacadas 2\"],\"inLanguage\":\"es\"},{\"@type\":\"WebPage\",\"@id\":\"https:\/\/experienciadevida.com.ar\/portalurbano\/ezequiel-galli-si-seguimos-ocultando-los-problemas-nunca-vamos-a-progresar\/\",\"url\":\"https:\/\/experienciadevida.com.ar\/portalurbano\/ezequiel-galli-si-seguimos-ocultando-los-problemas-nunca-vamos-a-progresar\/\",\"name\":\"Ezequiel Galli: \\\"Si seguimos ocultando los problemas nunca vamos\\\"\",\"isPartOf\":{\"@id\":\"https:\/\/experienciadevida.com.ar\/portalurbano\/#website\"},\"datePublished\":\"2021-03-19T12:58:53+00:00\",\"dateModified\":\"2021-03-19T13:01:00+00:00\",\"description\":\"Ezequiel Galli: \u201csi seguimos ocultando los problemas nunca vamos a progresar\u201d, el Intendente estuvo en la presentaci\u00f3n del libro de Macri\",\"breadcrumb\":{\"@id\":\"https:\/\/experienciadevida.com.ar\/portalurbano\/ezequiel-galli-si-seguimos-ocultando-los-problemas-nunca-vamos-a-progresar\/#breadcrumb\"},\"inLanguage\":\"es\",\"potentialAction\":[{\"@type\":\"ReadAction\",\"target\":[\"https:\/\/experienciadevida.com.ar\/portalurbano\/ezequiel-galli-si-seguimos-ocultando-los-problemas-nunca-vamos-a-progresar\/\"]}]},{\"@type\":\"BreadcrumbList\",\"@id\":\"https:\/\/experienciadevida.com.ar\/portalurbano\/ezequiel-galli-si-seguimos-ocultando-los-problemas-nunca-vamos-a-progresar\/#breadcrumb\",\"itemListElement\":[{\"@type\":\"ListItem\",\"position\":1,\"name\":\"Portada\",\"item\":\"https:\/\/experienciadevida.com.ar\/portalurbano\/\"},{\"@type\":\"ListItem\",\"position\":2,\"name\":\"Ezequiel Galli: \u201csi seguimos ocultando los problemas nunca vamos a progresar\u201d\"}]},{\"@type\":\"WebSite\",\"@id\":\"https:\/\/experienciadevida.com.ar\/portalurbano\/#website\",\"url\":\"https:\/\/experienciadevida.com.ar\/portalurbano\/\",\"name\":\"\",\"description\":\"\",\"publisher\":{\"@id\":\"https:\/\/experienciadevida.com.ar\/portalurbano\/#organization\"},\"potentialAction\":[{\"@type\":\"SearchAction\",\"target\":{\"@type\":\"EntryPoint\",\"urlTemplate\":\"https:\/\/experienciadevida.com.ar\/portalurbano\/?s={search_term_string}\"},\"query-input\":\"required name=search_term_string\"}],\"inLanguage\":\"es\"},{\"@type\":\"Organization\",\"@id\":\"https:\/\/experienciadevida.com.ar\/portalurbano\/#organization\",\"name\":\"Portal Urbano\",\"url\":\"https:\/\/experienciadevida.com.ar\/portalurbano\/\",\"logo\":{\"@type\":\"ImageObject\",\"inLanguage\":\"es\",\"@id\":\"https:\/\/experienciadevida.com.ar\/portalurbano\/#\/schema\/logo\/image\/\",\"url\":\"https:\/\/experienciadevida.com.ar\/portalurbano\/wp-content\/uploads\/2019\/09\/Logo-Original.png\",\"contentUrl\":\"https:\/\/experienciadevida.com.ar\/portalurbano\/wp-content\/uploads\/2019\/09\/Logo-Original.png\",\"width\":2236,\"height\":1216,\"caption\":\"Portal Urbano\"},\"image\":{\"@id\":\"https:\/\/experienciadevida.com.ar\/portalurbano\/#\/schema\/logo\/image\/\"},\"sameAs\":[\"https:\/\/www.facebook.com\/Portal-Urbano-171542830093757\/\",\"https:\/\/twitter.com\/portalurbanook\",\"https:\/\/www.instagram.com\/_portalurbano\/\",\"https:\/\/www.youtube.com\/channel\/UCXhagIfszH8KxFiOok79zbA?view_as=subscriber\"]},{\"@type\":\"Person\",\"@id\":\"https:\/\/experienciadevida.com.ar\/portalurbano\/#\/schema\/person\/02dd326b1c4b056e9cc972486934a3a7\",\"name\":\"admpu17wp\",\"image\":{\"@type\":\"ImageObject\",\"inLanguage\":\"es\",\"@id\":\"https:\/\/experienciadevida.com.ar\/portalurbano\/#\/schema\/person\/image\/\",\"url\":\"https:\/\/secure.gravatar.com\/avatar\/830d4c57adaae6630765e449a6908047?s=96&d=mm&r=g\",\"contentUrl\":\"https:\/\/secure.gravatar.com\/avatar\/830d4c57adaae6630765e449a6908047?s=96&d=mm&r=g\",\"caption\":\"admpu17wp\"}}]}<\/script>\n<!-- \/ Yoast SEO plugin. -->","yoast_head_json":{"title":"Ezequiel Galli: \"Si seguimos ocultando los problemas nunca vamos\"","description":"Ezequiel Galli: \u201csi seguimos ocultando los problemas nunca vamos a progresar\u201d, el Intendente estuvo en la presentaci\u00f3n del libro de Macri","robots":{"index":"index","follow":"follow","max-snippet":"max-snippet:-1","max-image-preview":"max-image-preview:large","max-video-preview":"max-video-preview:-1"},"canonical":"https:\/\/experienciadevida.com.ar\/portalurbano\/ezequiel-galli-si-seguimos-ocultando-los-problemas-nunca-vamos-a-progresar\/","og_locale":"es_ES","og_type":"article","og_title":"Ezequiel Galli: \"Si seguimos ocultando los problemas nunca vamos\"","og_description":"Ezequiel Galli: \u201csi seguimos ocultando los problemas nunca vamos a progresar\u201d, el Intendente estuvo en la presentaci\u00f3n del libro de Macri","og_url":"https:\/\/experienciadevida.com.ar\/portalurbano\/ezequiel-galli-si-seguimos-ocultando-los-problemas-nunca-vamos-a-progresar\/","article_publisher":"https:\/\/www.facebook.com\/Portal-Urbano-171542830093757\/","article_published_time":"2021-03-19T12:58:53+00:00","article_modified_time":"2021-03-19T13:01:00+00:00","og_image":[{"width":2048,"height":1536,"url":"https:\/\/experienciadevida.com.ar\/portalurbano\/wp-content\/uploads\/2021\/03\/si-seguimos-ocultando-los-problemas.jpg","type":"image\/jpeg"}],"author":"admpu17wp","twitter_card":"summary_large_image","twitter_creator":"@portalurbanook","twitter_site":"@portalurbanook","twitter_misc":{"Escrito por":"admpu17wp","Tiempo de lectura":"2 minutos"},"schema":{"@context":"https:\/\/schema.org","@graph":[{"@type":"Article","@id":"https:\/\/experienciadevida.com.ar\/portalurbano\/ezequiel-galli-si-seguimos-ocultando-los-problemas-nunca-vamos-a-progresar\/#article","isPartOf":{"@id":"https:\/\/experienciadevida.com.ar\/portalurbano\/ezequiel-galli-si-seguimos-ocultando-los-problemas-nunca-vamos-a-progresar\/"},"author":{"name":"admpu17wp","@id":"https:\/\/experienciadevida.com.ar\/portalurbano\/#\/schema\/person\/02dd326b1c4b056e9cc972486934a3a7"},"headline":"Ezequiel Galli: \u201csi seguimos ocultando los problemas nunca vamos a progresar\u201d","datePublished":"2021-03-19T12:58:53+00:00","dateModified":"2021-03-19T13:01:00+00:00","mainEntityOfPage":{"@id":"https:\/\/experienciadevida.com.ar\/portalurbano\/ezequiel-galli-si-seguimos-ocultando-los-problemas-nunca-vamos-a-progresar\/"},"wordCount":294,"publisher":{"@id":"https:\/\/experienciadevida.com.ar\/portalurbano\/#organization"},"articleSection":["Ciudad","Destacadas 2"],"inLanguage":"es"},{"@type":"WebPage","@id":"https:\/\/experienciadevida.com.ar\/portalurbano\/ezequiel-galli-si-seguimos-ocultando-los-problemas-nunca-vamos-a-progresar\/","url":"https:\/\/experienciadevida.com.ar\/portalurbano\/ezequiel-galli-si-seguimos-ocultando-los-problemas-nunca-vamos-a-progresar\/","name":"Ezequiel Galli: \"Si seguimos ocultando los problemas nunca vamos\"","isPartOf":{"@id":"https:\/\/experienciadevida.com.ar\/portalurbano\/#website"},"datePublished":"2021-03-19T12:58:53+00:00","dateModified":"2021-03-19T13:01:00+00:00","description":"Ezequiel Galli: \u201csi seguimos ocultando los problemas nunca vamos a progresar\u201d, el Intendente estuvo en la presentaci\u00f3n del libro de Macri","breadcrumb":{"@id":"https:\/\/experienciadevida.com.ar\/portalurbano\/ezequiel-galli-si-seguimos-ocultando-los-problemas-nunca-vamos-a-progresar\/#breadcrumb"},"inLanguage":"es","potentialAction":[{"@type":"ReadAction","target":["https:\/\/experienciadevida.com.ar\/portalurbano\/ezequiel-galli-si-seguimos-ocultando-los-problemas-nunca-vamos-a-progresar\/"]}]},{"@type":"BreadcrumbList","@id":"https:\/\/experienciadevida.com.ar\/portalurbano\/ezequiel-galli-si-seguimos-ocultando-los-problemas-nunca-vamos-a-progresar\/#breadcrumb","itemListElement":[{"@type":"ListItem","position":1,"name":"Portada","item":"https:\/\/experienciadevida.com.ar\/portalurbano\/"},{"@type":"ListItem","position":2,"name":"Ezequiel Galli: \u201csi seguimos ocultando los problemas nunca vamos a progresar\u201d"}]},{"@type":"WebSite","@id":"https:\/\/experienciadevida.com.ar\/portalurbano\/#website","url":"https:\/\/experienciadevida.com.ar\/portalurbano\/","name":"","description":"","publisher":{"@id":"https:\/\/experienciadevida.com.ar\/portalurbano\/#organization"},"potentialAction":[{"@type":"SearchAction","target":{"@type":"EntryPoint","urlTemplate":"https:\/\/experienciadevida.com.ar\/portalurbano\/?s={search_term_string}"},"query-input":"required name=search_term_string"}],"inLanguage":"es"},{"@type":"Organization","@id":"https:\/\/experienciadevida.com.ar\/portalurbano\/#organization","name":"Portal Urbano","url":"https:\/\/experienciadevida.com.ar\/portalurbano\/","logo":{"@type":"ImageObject","inLanguage":"es","@id":"https:\/\/experienciadevida.com.ar\/portalurbano\/#\/schema\/logo\/image\/","url":"https:\/\/experienciadevida.com.ar\/portalurbano\/wp-content\/uploads\/2019\/09\/Logo-Original.png","contentUrl":"https:\/\/experienciadevida.com.ar\/portalurbano\/wp-content\/uploads\/2019\/09\/Logo-Original.png","width":2236,"height":1216,"caption":"Portal Urbano"},"image":{"@id":"https:\/\/experienciadevida.com.ar\/portalurbano\/#\/schema\/logo\/image\/"},"sameAs":["https:\/\/www.facebook.com\/Portal-Urbano-171542830093757\/","https:\/\/twitter.com\/portalurbanook","https:\/\/www.instagram.com\/_portalurbano\/","https:\/\/www.youtube.com\/channel\/UCXhagIfszH8KxFiOok79zbA?view_as=subscriber"]},{"@type":"Person","@id":"https:\/\/experienciadevida.com.ar\/portalurbano\/#\/schema\/person\/02dd326b1c4b056e9cc972486934a3a7","name":"admpu17wp","image":{"@type":"ImageObject","inLanguage":"es","@id":"https:\/\/experienciadevida.com.ar\/portalurbano\/#\/schema\/person\/image\/","url":"https:\/\/secure.gravatar.com\/avatar\/830d4c57adaae6630765e449a6908047?s=96&d=mm&r=g","contentUrl":"https:\/\/secure.gravatar.com\/avatar\/830d4c57adaae6630765e449a6908047?s=96&d=mm&r=g","caption":"admpu17wp"}}]}},"featured_image_urls":{"full":["https:\/\/experienciadevida.com.ar\/portalurbano\/wp-content\/uploads\/2021\/03\/si-seguimos-ocultando-los-problemas.jpg",2048,1536,false],"thumbnail":["https:\/\/experienciadevida.com.ar\/portalurbano\/wp-content\/uploads\/2021\/03\/si-seguimos-ocultando-los-problemas-150x150.jpg",150,150,true],"medium":["https:\/\/experienciadevida.com.ar\/portalurbano\/wp-content\/uploads\/2021\/03\/si-seguimos-ocultando-los-problemas-300x225.jpg",300,225,true],"medium_large":["https:\/\/experienciadevida.com.ar\/portalurbano\/wp-content\/uploads\/2021\/03\/si-seguimos-ocultando-los-problemas-768x576.jpg",640,480,true],"large":["https:\/\/experienciadevida.com.ar\/portalurbano\/wp-content\/uploads\/2021\/03\/si-seguimos-ocultando-los-problemas-1024x768.jpg",640,480,true],"ug_big":["https:\/\/experienciadevida.com.ar\/portalurbano\/wp-content\/uploads\/2021\/03\/si-seguimos-ocultando-los-problemas-768x576.jpg",768,576,true],"1536x1536":["https:\/\/experienciadevida.com.ar\/portalurbano\/wp-content\/uploads\/2021\/03\/si-seguimos-ocultando-los-problemas-1536x1152.jpg",1536,1152,true],"2048x2048":["https:\/\/experienciadevida.com.ar\/portalurbano\/wp-content\/uploads\/2021\/03\/si-seguimos-ocultando-los-problemas.jpg",2048,1536,false],"newsever-slider-full":["https:\/\/experienciadevida.com.ar\/portalurbano\/wp-content\/uploads\/2021\/03\/si-seguimos-ocultando-los-problemas.jpg",1127,845,false],"newsever-featured":["https:\/\/experienciadevida.com.ar\/portalurbano\/wp-content\/uploads\/2021\/03\/si-seguimos-ocultando-los-problemas.jpg",1024,768,false],"newsever-medium":["https:\/\/experienciadevida.com.ar\/portalurbano\/wp-content\/uploads\/2021\/03\/si-seguimos-ocultando-los-problemas.jpg",633,475,false],"web-stories-poster-portrait":["https:\/\/experienciadevida.com.ar\/portalurbano\/wp-content\/uploads\/2021\/03\/si-seguimos-ocultando-los-problemas.jpg",640,480,false],"web-stories-publisher-logo":["https:\/\/experienciadevida.com.ar\/portalurbano\/wp-content\/uploads\/2021\/03\/si-seguimos-ocultando-los-problemas.jpg",96,72,false],"web-stories-thumbnail":["https:\/\/experienciadevida.com.ar\/portalurbano\/wp-content\/uploads\/2021\/03\/si-seguimos-ocultando-los-problemas.jpg",150,113,false]},"author_info":{"display_name":"admpu17wp","author_link":"https:\/\/experienciadevida.com.ar\/portalurbano\/author\/admpu17wp\/"},"category_info":"<a href=\"https:\/\/experienciadevida.com.ar\/portalurbano\/category\/ciudad\/\" rel=\"category tag\">Ciudad<\/a> <a href=\"https:\/\/experienciadevida.com.ar\/portalurbano\/category\/destacadas-2\/\" rel=\"category tag\">Destacadas 2<\/a>","tag_info":"Destacadas 2","comment_count":"0","amp_enabled":true,"_links":{"self":[{"href":"https:\/\/experienciadevida.com.ar\/portalurbano\/wp-json\/wp\/v2\/posts\/137838"}],"collection":[{"href":"https:\/\/experienciadevida.com.ar\/portalurbano\/wp-json\/wp\/v2\/posts"}],"about":[{"href":"https:\/\/experienciadevida.com.ar\/portalurbano\/wp-json\/wp\/v2\/types\/post"}],"author":[{"embeddable":true,"href":"https:\/\/experienciadevida.com.ar\/portalurbano\/wp-json\/wp\/v2\/users\/1"}],"replies":[{"embeddable":true,"href":"https:\/\/experienciadevida.com.ar\/portalurbano\/wp-json\/wp\/v2\/comments?post=137838"}],"version-history":[{"count":3,"href":"https:\/\/experienciadevida.com.ar\/portalurbano\/wp-json\/wp\/v2\/posts\/137838\/revisions"}],"predecessor-version":[{"id":137842,"href":"https:\/\/experienciadevida.com.ar\/portalurbano\/wp-json\/wp\/v2\/posts\/137838\/revisions\/137842"}],"wp:featuredmedia":[{"embeddable":true,"href":"https:\/\/experienciadevida.com.ar\/portalurbano\/wp-json\/wp\/v2\/media\/137839"}],"wp:attachment":[{"href":"https:\/\/experienciadevida.com.ar\/portalurbano\/wp-json\/wp\/v2\/media?parent=137838"}],"wp:term":[{"taxonomy":"category","embeddable":true,"href":"https:\/\/experienciadevida.com.ar\/portalurbano\/wp-json\/wp\/v2\/categories?post=137838"},{"taxonomy":"post_tag","embeddable":true,"href":"https:\/\/experienciadevida.com.ar\/portalurbano\/wp-json\/wp\/v2\/tags?post=137838"}],"curies":[{"name":"wp","href":"https:\/\/api.w.org\/{rel}","templated":true}]}}