{"id":137819,"date":"2021-03-18T18:53:42","date_gmt":"2021-03-18T21:53:42","guid":{"rendered":"https:\/\/experienciadevida.com.ar\/portalurbano\/?p=137819"},"modified":"2021-03-18T19:08:04","modified_gmt":"2021-03-18T22:08:04","slug":"bruno-di-carlo-y-maite-salerno-recibieron-a-docentes-del-conservatorio","status":"publish","type":"post","link":"https:\/\/experienciadevida.com.ar\/portalurbano\/bruno-di-carlo-y-maite-salerno-recibieron-a-docentes-del-conservatorio\/","title":{"rendered":"Bruno Di Carlo  y Maite Salerno recibieron a docentes del Conservatorio"},"content":{"rendered":"<p>Bruno Di Carlo y Maite Salerno recibieron a docentes del Conservatorio. \u201cEn la ma\u00f1ana de este jueves recibimos en la sede del Consejo Escolar de Olavarr\u00eda a los docentes que reclaman algo m\u00e1s que justo. En nuestro edificio tambi\u00e9n funciona la Jefatura Distrital de Educaci\u00f3n, pero lamentablemente ellos no estuvieron presentes en el encuentro que mantuvimos con los profesores\u201d, inform\u00f3 Bruno Di Carlo (presidente del Consejo Escolar).<\/p>\n<p>Del encuentro participaron el titular del Consejo Escolar, las consejeras escolares Melina Torres, Karina Modarelli y la concejal de Juntos por el Cambio Maite Salerno. All\u00ed, los docentes comunicaron el recorte de horas que va a sufrir el conservatorio de m\u00fasica que depende de la Provincia de Buenos Aires.<\/p>\n<p>Bruno Di Carlo y Maite Salerno recibieron a docentes del Conservatorio, \u201cLa primera informaci\u00f3n del recorte se la hicieron llegar en agosto del a\u00f1o pasado en plena pandemia. Primero le dijeron que eran 70 horas, despu\u00e9s pasaron a 120 y, extraoficialmente, a trav\u00e9s de SUTEBA le dijeron que ser\u00edan cerca de 180 horas. Es decir que m\u00e1s de 10 docentes perder\u00edan la totalidad de su trabajo\u201d, relat\u00f3 Di Carlo.<\/p>\n<p>Luego reconoci\u00f3 que \u201cson muchas de estas horas las que est\u00e1n en juego. Los docentes fueron elegidos por concursar como indica la ley y tienen este empleo desde hace m\u00e1s de 12 a\u00f1os con la matr\u00edcula que corresponde. Desde el Consejo Escolar, m\u00e1s all\u00e1 de escucharlos le manifestamos que, a pesar que no sea competencia nuestra ese sector de la educaci\u00f3n, vamos a acompa\u00f1ar e interceder en conjunto con el Concejo Deliberante para revertir esta situaci\u00f3n\u201d.<\/p>\n<p>Di Carlo inform\u00f3 que \u201cles dijeron que en abril comenzar\u00eda este cese. La gente quiere seguir trabajando y nadie confirma nada. El temor que tienen es grande porque adem\u00e1s se dice que quieren trasladar estas horas del conservatorio a otro distrito de la regi\u00f3n. No sabemos si es as\u00ed o habr\u00e1 un recorte de parte definitiva\u201d.<\/p>\n<p>\u201cEs un problema enorme el que est\u00e1n atravesando estos docentes y sus familias. Son trabajadores que se quedar\u00edan sin trabajo en un momento tan complejo como el que nos toca vivir. Por un lado, el Estado exige una doble indemnizaci\u00f3n a empresarios si despiden gente y ac\u00e1 el gobierno Provincial deja gente en la calle como si nada pasara\u201d, remarc\u00f3 el titular del Consejo Escolar.<\/p>\n<p>Para finalizar dijo que \u201clamentablemente no nos sorprende nada. El gobierno Provincial se maneja as\u00ed, definiendo las cosas de un d\u00eda para el otro sin mostrar una verdadera planificaci\u00f3n. El comienzo de las clases fue ca\u00f3tico porque dec\u00edan una cosa, pero en la pr\u00e1ctica no hab\u00eda respuesta a los pedidos formales. Con estas actitudes queda en claro que la educaci\u00f3n no es una prioridad en la agenda de Kicillof\u201d.<\/p>\n<p><a href=\"https:\/\/experienciadevida.com.ar\/portalurbano\/bruno-di-carlo-y-maite-salerno-recibieron-a-docentes-del-conservatorio\/bruno-di-carlo\/\" rel=\"attachment wp-att-137824\"><img decoding=\"async\" class=\"alignnone size-full wp-image-137824\" src=\"https:\/\/experienciadevida.com.ar\/portalurbano\/wp-content\/uploads\/2021\/03\/Bruno-Di-Carlo.jpeg\" alt=\"Bruno Di Carlo\" width=\"1040\" height=\"584\" srcset=\"https:\/\/experienciadevida.com.ar\/portalurbano\/wp-content\/uploads\/2021\/03\/Bruno-Di-Carlo.jpeg 1040w, https:\/\/experienciadevida.com.ar\/portalurbano\/wp-content\/uploads\/2021\/03\/Bruno-Di-Carlo-300x168.jpeg 300w, https:\/\/experienciadevida.com.ar\/portalurbano\/wp-content\/uploads\/2021\/03\/Bruno-Di-Carlo-1024x575.jpeg 1024w, https:\/\/experienciadevida.com.ar\/portalurbano\/wp-content\/uploads\/2021\/03\/Bruno-Di-Carlo-768x431.jpeg 768w\" sizes=\"(max-width: 1040px) 100vw, 1040px\" \/><\/a><\/p>\n<p>&nbsp;<\/p>\n","protected":false},"excerpt":{"rendered":"<p>Bruno Di Carlo y Maite Salerno recibieron a docentes del Conservatorio. \u201cEn la ma\u00f1ana de&#8230;<\/p>\n","protected":false},"author":1,"featured_media":137820,"comment_status":"closed","ping_status":"closed","sticky":false,"template":"","format":"standard","meta":{"content-type":""},"categories":[27,64],"tags":[],"nelio_content":{"isAutoShareEnabled":false,"autoShareEndMode":"default","automationSources":{"useContentSentences":true,"useSocialTemplates":true,"useCustomSentences":false,"customSentences":[]},"followers":[1],"suggestedReferences":[],"includedReferences":[],"efiUrl":"","efiAlt":"","highlights":[]},"yoast_head":"<!-- This site is optimized with the Yoast SEO plugin v20.7 - https:\/\/yoast.com\/wordpress\/plugins\/seo\/ -->\n<title>Bruno Di Carlo y Maite Salerno recibieron a docentes del conservatorio<\/title>\n<meta name=\"description\" content=\"Bruno Di Carlo y Maite Salerno recibieron a docentes del Conservatorio fue en la ma\u00f1ana de este jueves en el Consejo Escolar.\" \/>\n<meta name=\"robots\" content=\"index, follow, max-snippet:-1, max-image-preview:large, max-video-preview:-1\" \/>\n<link rel=\"canonical\" href=\"https:\/\/experienciadevida.com.ar\/portalurbano\/bruno-di-carlo-y-maite-salerno-recibieron-a-docentes-del-conservatorio\/\" \/>\n<meta property=\"og:locale\" content=\"es_ES\" \/>\n<meta property=\"og:type\" content=\"article\" \/>\n<meta property=\"og:title\" content=\"Bruno Di Carlo y Maite Salerno recibieron a docentes del conservatorio\" \/>\n<meta property=\"og:description\" content=\"Bruno Di Carlo y Maite Salerno recibieron a docentes del Conservatorio fue en la ma\u00f1ana de este jueves en el Consejo Escolar.\" \/>\n<meta property=\"og:url\" content=\"https:\/\/experienciadevida.com.ar\/portalurbano\/bruno-di-carlo-y-maite-salerno-recibieron-a-docentes-del-conservatorio\/\" \/>\n<meta property=\"article:publisher\" content=\"https:\/\/www.facebook.com\/Portal-Urbano-171542830093757\/\" \/>\n<meta property=\"article:published_time\" content=\"2021-03-18T21:53:42+00:00\" \/>\n<meta property=\"article:modified_time\" content=\"2021-03-18T22:08:04+00:00\" \/>\n<meta property=\"og:image\" content=\"https:\/\/experienciadevida.com.ar\/portalurbano\/wp-content\/uploads\/2021\/03\/Bruno-Di-Carlo-y-Maite.jpeg\" \/>\n\t<meta property=\"og:image:width\" content=\"1032\" \/>\n\t<meta property=\"og:image:height\" content=\"581\" \/>\n\t<meta property=\"og:image:type\" content=\"image\/jpeg\" \/>\n<meta name=\"author\" content=\"admpu17wp\" \/>\n<meta name=\"twitter:card\" content=\"summary_large_image\" \/>\n<meta name=\"twitter:creator\" content=\"@portalurbanook\" \/>\n<meta name=\"twitter:site\" content=\"@portalurbanook\" \/>\n<meta name=\"twitter:label1\" content=\"Escrito por\" \/>\n\t<meta name=\"twitter:data1\" content=\"admpu17wp\" \/>\n\t<meta name=\"twitter:label2\" content=\"Tiempo de lectura\" \/>\n\t<meta name=\"twitter:data2\" content=\"3 minutos\" \/>\n<script type=\"application\/ld+json\" class=\"yoast-schema-graph\">{\"@context\":\"https:\/\/schema.org\",\"@graph\":[{\"@type\":\"Article\",\"@id\":\"https:\/\/experienciadevida.com.ar\/portalurbano\/bruno-di-carlo-y-maite-salerno-recibieron-a-docentes-del-conservatorio\/#article\",\"isPartOf\":{\"@id\":\"https:\/\/experienciadevida.com.ar\/portalurbano\/bruno-di-carlo-y-maite-salerno-recibieron-a-docentes-del-conservatorio\/\"},\"author\":{\"name\":\"admpu17wp\",\"@id\":\"https:\/\/experienciadevida.com.ar\/portalurbano\/#\/schema\/person\/02dd326b1c4b056e9cc972486934a3a7\"},\"headline\":\"Bruno Di Carlo y Maite Salerno recibieron a docentes del Conservatorio\",\"datePublished\":\"2021-03-18T21:53:42+00:00\",\"dateModified\":\"2021-03-18T22:08:04+00:00\",\"mainEntityOfPage\":{\"@id\":\"https:\/\/experienciadevida.com.ar\/portalurbano\/bruno-di-carlo-y-maite-salerno-recibieron-a-docentes-del-conservatorio\/\"},\"wordCount\":492,\"publisher\":{\"@id\":\"https:\/\/experienciadevida.com.ar\/portalurbano\/#organization\"},\"articleSection\":[\"Ciudad\",\"Destacadas 2\"],\"inLanguage\":\"es\"},{\"@type\":\"WebPage\",\"@id\":\"https:\/\/experienciadevida.com.ar\/portalurbano\/bruno-di-carlo-y-maite-salerno-recibieron-a-docentes-del-conservatorio\/\",\"url\":\"https:\/\/experienciadevida.com.ar\/portalurbano\/bruno-di-carlo-y-maite-salerno-recibieron-a-docentes-del-conservatorio\/\",\"name\":\"Bruno Di Carlo y Maite Salerno recibieron a docentes del conservatorio\",\"isPartOf\":{\"@id\":\"https:\/\/experienciadevida.com.ar\/portalurbano\/#website\"},\"datePublished\":\"2021-03-18T21:53:42+00:00\",\"dateModified\":\"2021-03-18T22:08:04+00:00\",\"description\":\"Bruno Di Carlo y Maite Salerno recibieron a docentes del Conservatorio fue en la ma\u00f1ana de este jueves en el Consejo Escolar.\",\"breadcrumb\":{\"@id\":\"https:\/\/experienciadevida.com.ar\/portalurbano\/bruno-di-carlo-y-maite-salerno-recibieron-a-docentes-del-conservatorio\/#breadcrumb\"},\"inLanguage\":\"es\",\"potentialAction\":[{\"@type\":\"ReadAction\",\"target\":[\"https:\/\/experienciadevida.com.ar\/portalurbano\/bruno-di-carlo-y-maite-salerno-recibieron-a-docentes-del-conservatorio\/\"]}]},{\"@type\":\"BreadcrumbList\",\"@id\":\"https:\/\/experienciadevida.com.ar\/portalurbano\/bruno-di-carlo-y-maite-salerno-recibieron-a-docentes-del-conservatorio\/#breadcrumb\",\"itemListElement\":[{\"@type\":\"ListItem\",\"position\":1,\"name\":\"Portada\",\"item\":\"https:\/\/experienciadevida.com.ar\/portalurbano\/\"},{\"@type\":\"ListItem\",\"position\":2,\"name\":\"Bruno Di Carlo y Maite Salerno recibieron a docentes del Conservatorio\"}]},{\"@type\":\"WebSite\",\"@id\":\"https:\/\/experienciadevida.com.ar\/portalurbano\/#website\",\"url\":\"https:\/\/experienciadevida.com.ar\/portalurbano\/\",\"name\":\"\",\"description\":\"\",\"publisher\":{\"@id\":\"https:\/\/experienciadevida.com.ar\/portalurbano\/#organization\"},\"potentialAction\":[{\"@type\":\"SearchAction\",\"target\":{\"@type\":\"EntryPoint\",\"urlTemplate\":\"https:\/\/experienciadevida.com.ar\/portalurbano\/?s={search_term_string}\"},\"query-input\":\"required name=search_term_string\"}],\"inLanguage\":\"es\"},{\"@type\":\"Organization\",\"@id\":\"https:\/\/experienciadevida.com.ar\/portalurbano\/#organization\",\"name\":\"Portal Urbano\",\"url\":\"https:\/\/experienciadevida.com.ar\/portalurbano\/\",\"logo\":{\"@type\":\"ImageObject\",\"inLanguage\":\"es\",\"@id\":\"https:\/\/experienciadevida.com.ar\/portalurbano\/#\/schema\/logo\/image\/\",\"url\":\"https:\/\/experienciadevida.com.ar\/portalurbano\/wp-content\/uploads\/2019\/09\/Logo-Original.png\",\"contentUrl\":\"https:\/\/experienciadevida.com.ar\/portalurbano\/wp-content\/uploads\/2019\/09\/Logo-Original.png\",\"width\":2236,\"height\":1216,\"caption\":\"Portal Urbano\"},\"image\":{\"@id\":\"https:\/\/experienciadevida.com.ar\/portalurbano\/#\/schema\/logo\/image\/\"},\"sameAs\":[\"https:\/\/www.facebook.com\/Portal-Urbano-171542830093757\/\",\"https:\/\/twitter.com\/portalurbanook\",\"https:\/\/www.instagram.com\/_portalurbano\/\",\"https:\/\/www.youtube.com\/channel\/UCXhagIfszH8KxFiOok79zbA?view_as=subscriber\"]},{\"@type\":\"Person\",\"@id\":\"https:\/\/experienciadevida.com.ar\/portalurbano\/#\/schema\/person\/02dd326b1c4b056e9cc972486934a3a7\",\"name\":\"admpu17wp\",\"image\":{\"@type\":\"ImageObject\",\"inLanguage\":\"es\",\"@id\":\"https:\/\/experienciadevida.com.ar\/portalurbano\/#\/schema\/person\/image\/\",\"url\":\"https:\/\/secure.gravatar.com\/avatar\/830d4c57adaae6630765e449a6908047?s=96&d=mm&r=g\",\"contentUrl\":\"https:\/\/secure.gravatar.com\/avatar\/830d4c57adaae6630765e449a6908047?s=96&d=mm&r=g\",\"caption\":\"admpu17wp\"}}]}<\/script>\n<!-- \/ Yoast SEO plugin. -->","yoast_head_json":{"title":"Bruno Di Carlo y Maite Salerno recibieron a docentes del conservatorio","description":"Bruno Di Carlo y Maite Salerno recibieron a docentes del Conservatorio fue en la ma\u00f1ana de este jueves en el Consejo Escolar.","robots":{"index":"index","follow":"follow","max-snippet":"max-snippet:-1","max-image-preview":"max-image-preview:large","max-video-preview":"max-video-preview:-1"},"canonical":"https:\/\/experienciadevida.com.ar\/portalurbano\/bruno-di-carlo-y-maite-salerno-recibieron-a-docentes-del-conservatorio\/","og_locale":"es_ES","og_type":"article","og_title":"Bruno Di Carlo y Maite Salerno recibieron a docentes del conservatorio","og_description":"Bruno Di Carlo y Maite Salerno recibieron a docentes del Conservatorio fue en la ma\u00f1ana de este jueves en el Consejo Escolar.","og_url":"https:\/\/experienciadevida.com.ar\/portalurbano\/bruno-di-carlo-y-maite-salerno-recibieron-a-docentes-del-conservatorio\/","article_publisher":"https:\/\/www.facebook.com\/Portal-Urbano-171542830093757\/","article_published_time":"2021-03-18T21:53:42+00:00","article_modified_time":"2021-03-18T22:08:04+00:00","og_image":[{"width":1032,"height":581,"url":"https:\/\/experienciadevida.com.ar\/portalurbano\/wp-content\/uploads\/2021\/03\/Bruno-Di-Carlo-y-Maite.jpeg","type":"image\/jpeg"}],"author":"admpu17wp","twitter_card":"summary_large_image","twitter_creator":"@portalurbanook","twitter_site":"@portalurbanook","twitter_misc":{"Escrito por":"admpu17wp","Tiempo de lectura":"3 minutos"},"schema":{"@context":"https:\/\/schema.org","@graph":[{"@type":"Article","@id":"https:\/\/experienciadevida.com.ar\/portalurbano\/bruno-di-carlo-y-maite-salerno-recibieron-a-docentes-del-conservatorio\/#article","isPartOf":{"@id":"https:\/\/experienciadevida.com.ar\/portalurbano\/bruno-di-carlo-y-maite-salerno-recibieron-a-docentes-del-conservatorio\/"},"author":{"name":"admpu17wp","@id":"https:\/\/experienciadevida.com.ar\/portalurbano\/#\/schema\/person\/02dd326b1c4b056e9cc972486934a3a7"},"headline":"Bruno Di Carlo y Maite Salerno recibieron a docentes del Conservatorio","datePublished":"2021-03-18T21:53:42+00:00","dateModified":"2021-03-18T22:08:04+00:00","mainEntityOfPage":{"@id":"https:\/\/experienciadevida.com.ar\/portalurbano\/bruno-di-carlo-y-maite-salerno-recibieron-a-docentes-del-conservatorio\/"},"wordCount":492,"publisher":{"@id":"https:\/\/experienciadevida.com.ar\/portalurbano\/#organization"},"articleSection":["Ciudad","Destacadas 2"],"inLanguage":"es"},{"@type":"WebPage","@id":"https:\/\/experienciadevida.com.ar\/portalurbano\/bruno-di-carlo-y-maite-salerno-recibieron-a-docentes-del-conservatorio\/","url":"https:\/\/experienciadevida.com.ar\/portalurbano\/bruno-di-carlo-y-maite-salerno-recibieron-a-docentes-del-conservatorio\/","name":"Bruno Di Carlo y Maite Salerno recibieron a docentes del conservatorio","isPartOf":{"@id":"https:\/\/experienciadevida.com.ar\/portalurbano\/#website"},"datePublished":"2021-03-18T21:53:42+00:00","dateModified":"2021-03-18T22:08:04+00:00","description":"Bruno Di Carlo y Maite Salerno recibieron a docentes del Conservatorio fue en la ma\u00f1ana de este jueves en el Consejo Escolar.","breadcrumb":{"@id":"https:\/\/experienciadevida.com.ar\/portalurbano\/bruno-di-carlo-y-maite-salerno-recibieron-a-docentes-del-conservatorio\/#breadcrumb"},"inLanguage":"es","potentialAction":[{"@type":"ReadAction","target":["https:\/\/experienciadevida.com.ar\/portalurbano\/bruno-di-carlo-y-maite-salerno-recibieron-a-docentes-del-conservatorio\/"]}]},{"@type":"BreadcrumbList","@id":"https:\/\/experienciadevida.com.ar\/portalurbano\/bruno-di-carlo-y-maite-salerno-recibieron-a-docentes-del-conservatorio\/#breadcrumb","itemListElement":[{"@type":"ListItem","position":1,"name":"Portada","item":"https:\/\/experienciadevida.com.ar\/portalurbano\/"},{"@type":"ListItem","position":2,"name":"Bruno Di Carlo y Maite Salerno recibieron a docentes del Conservatorio"}]},{"@type":"WebSite","@id":"https:\/\/experienciadevida.com.ar\/portalurbano\/#website","url":"https:\/\/experienciadevida.com.ar\/portalurbano\/","name":"","description":"","publisher":{"@id":"https:\/\/experienciadevida.com.ar\/portalurbano\/#organization"},"potentialAction":[{"@type":"SearchAction","target":{"@type":"EntryPoint","urlTemplate":"https:\/\/experienciadevida.com.ar\/portalurbano\/?s={search_term_string}"},"query-input":"required name=search_term_string"}],"inLanguage":"es"},{"@type":"Organization","@id":"https:\/\/experienciadevida.com.ar\/portalurbano\/#organization","name":"Portal Urbano","url":"https:\/\/experienciadevida.com.ar\/portalurbano\/","logo":{"@type":"ImageObject","inLanguage":"es","@id":"https:\/\/experienciadevida.com.ar\/portalurbano\/#\/schema\/logo\/image\/","url":"https:\/\/experienciadevida.com.ar\/portalurbano\/wp-content\/uploads\/2019\/09\/Logo-Original.png","contentUrl":"https:\/\/experienciadevida.com.ar\/portalurbano\/wp-content\/uploads\/2019\/09\/Logo-Original.png","width":2236,"height":1216,"caption":"Portal Urbano"},"image":{"@id":"https:\/\/experienciadevida.com.ar\/portalurbano\/#\/schema\/logo\/image\/"},"sameAs":["https:\/\/www.facebook.com\/Portal-Urbano-171542830093757\/","https:\/\/twitter.com\/portalurbanook","https:\/\/www.instagram.com\/_portalurbano\/","https:\/\/www.youtube.com\/channel\/UCXhagIfszH8KxFiOok79zbA?view_as=subscriber"]},{"@type":"Person","@id":"https:\/\/experienciadevida.com.ar\/portalurbano\/#\/schema\/person\/02dd326b1c4b056e9cc972486934a3a7","name":"admpu17wp","image":{"@type":"ImageObject","inLanguage":"es","@id":"https:\/\/experienciadevida.com.ar\/portalurbano\/#\/schema\/person\/image\/","url":"https:\/\/secure.gravatar.com\/avatar\/830d4c57adaae6630765e449a6908047?s=96&d=mm&r=g","contentUrl":"https:\/\/secure.gravatar.com\/avatar\/830d4c57adaae6630765e449a6908047?s=96&d=mm&r=g","caption":"admpu17wp"}}]}},"featured_image_urls":{"full":["https:\/\/experienciadevida.com.ar\/portalurbano\/wp-content\/uploads\/2021\/03\/Bruno-Di-Carlo-y-Maite.jpeg",1032,581,false],"thumbnail":["https:\/\/experienciadevida.com.ar\/portalurbano\/wp-content\/uploads\/2021\/03\/Bruno-Di-Carlo-y-Maite-150x150.jpeg",150,150,true],"medium":["https:\/\/experienciadevida.com.ar\/portalurbano\/wp-content\/uploads\/2021\/03\/Bruno-Di-Carlo-y-Maite-300x169.jpeg",300,169,true],"medium_large":["https:\/\/experienciadevida.com.ar\/portalurbano\/wp-content\/uploads\/2021\/03\/Bruno-Di-Carlo-y-Maite-768x432.jpeg",640,360,true],"large":["https:\/\/experienciadevida.com.ar\/portalurbano\/wp-content\/uploads\/2021\/03\/Bruno-Di-Carlo-y-Maite-1024x576.jpeg",640,360,true],"ug_big":["https:\/\/experienciadevida.com.ar\/portalurbano\/wp-content\/uploads\/2021\/03\/Bruno-Di-Carlo-y-Maite-768x432.jpeg",768,432,true],"1536x1536":["https:\/\/experienciadevida.com.ar\/portalurbano\/wp-content\/uploads\/2021\/03\/Bruno-Di-Carlo-y-Maite.jpeg",1032,581,false],"2048x2048":["https:\/\/experienciadevida.com.ar\/portalurbano\/wp-content\/uploads\/2021\/03\/Bruno-Di-Carlo-y-Maite.jpeg",1032,581,false],"newsever-slider-full":["https:\/\/experienciadevida.com.ar\/portalurbano\/wp-content\/uploads\/2021\/03\/Bruno-Di-Carlo-y-Maite.jpeg",1032,581,false],"newsever-featured":["https:\/\/experienciadevida.com.ar\/portalurbano\/wp-content\/uploads\/2021\/03\/Bruno-Di-Carlo-y-Maite.jpeg",1024,576,false],"newsever-medium":["https:\/\/experienciadevida.com.ar\/portalurbano\/wp-content\/uploads\/2021\/03\/Bruno-Di-Carlo-y-Maite.jpeg",720,405,false],"web-stories-poster-portrait":["https:\/\/experienciadevida.com.ar\/portalurbano\/wp-content\/uploads\/2021\/03\/Bruno-Di-Carlo-y-Maite.jpeg",640,360,false],"web-stories-publisher-logo":["https:\/\/experienciadevida.com.ar\/portalurbano\/wp-content\/uploads\/2021\/03\/Bruno-Di-Carlo-y-Maite.jpeg",96,54,false],"web-stories-thumbnail":["https:\/\/experienciadevida.com.ar\/portalurbano\/wp-content\/uploads\/2021\/03\/Bruno-Di-Carlo-y-Maite.jpeg",150,84,false]},"author_info":{"display_name":"admpu17wp","author_link":"https:\/\/experienciadevida.com.ar\/portalurbano\/author\/admpu17wp\/"},"category_info":"<a href=\"https:\/\/experienciadevida.com.ar\/portalurbano\/category\/ciudad\/\" rel=\"category tag\">Ciudad<\/a> <a href=\"https:\/\/experienciadevida.com.ar\/portalurbano\/category\/destacadas-2\/\" rel=\"category tag\">Destacadas 2<\/a>","tag_info":"Destacadas 2","comment_count":"0","amp_enabled":true,"_links":{"self":[{"href":"https:\/\/experienciadevida.com.ar\/portalurbano\/wp-json\/wp\/v2\/posts\/137819"}],"collection":[{"href":"https:\/\/experienciadevida.com.ar\/portalurbano\/wp-json\/wp\/v2\/posts"}],"about":[{"href":"https:\/\/experienciadevida.com.ar\/portalurbano\/wp-json\/wp\/v2\/types\/post"}],"author":[{"embeddable":true,"href":"https:\/\/experienciadevida.com.ar\/portalurbano\/wp-json\/wp\/v2\/users\/1"}],"replies":[{"embeddable":true,"href":"https:\/\/experienciadevida.com.ar\/portalurbano\/wp-json\/wp\/v2\/comments?post=137819"}],"version-history":[{"count":4,"href":"https:\/\/experienciadevida.com.ar\/portalurbano\/wp-json\/wp\/v2\/posts\/137819\/revisions"}],"predecessor-version":[{"id":137825,"href":"https:\/\/experienciadevida.com.ar\/portalurbano\/wp-json\/wp\/v2\/posts\/137819\/revisions\/137825"}],"wp:featuredmedia":[{"embeddable":true,"href":"https:\/\/experienciadevida.com.ar\/portalurbano\/wp-json\/wp\/v2\/media\/137820"}],"wp:attachment":[{"href":"https:\/\/experienciadevida.com.ar\/portalurbano\/wp-json\/wp\/v2\/media?parent=137819"}],"wp:term":[{"taxonomy":"category","embeddable":true,"href":"https:\/\/experienciadevida.com.ar\/portalurbano\/wp-json\/wp\/v2\/categories?post=137819"},{"taxonomy":"post_tag","embeddable":true,"href":"https:\/\/experienciadevida.com.ar\/portalurbano\/wp-json\/wp\/v2\/tags?post=137819"}],"curies":[{"name":"wp","href":"https:\/\/api.w.org\/{rel}","templated":true}]}}