{"id":137782,"date":"2021-03-18T15:18:40","date_gmt":"2021-03-18T18:18:40","guid":{"rendered":"https:\/\/experienciadevida.com.ar\/portalurbano\/?p=137782"},"modified":"2021-03-18T15:22:48","modified_gmt":"2021-03-18T18:22:48","slug":"los-docentes-del-conservatorio-protestaron-contra-ceses-masivos","status":"publish","type":"post","link":"https:\/\/experienciadevida.com.ar\/portalurbano\/los-docentes-del-conservatorio-protestaron-contra-ceses-masivos\/","title":{"rendered":"Los Docentes del Conservatorio protestaron contra ceses masivos"},"content":{"rendered":"<p>Los Docentes del Conservatorio protestaron contra ceses masivos. En el edificio de la ex Balcani, donde funcionan varias dependencias educativas como el Consejo Escolar y algunas de las inspecciones de rama, personal del Ernesto Mog\u00e1vero se concentr\u00f3 para manifestarse contra la medida, que la Direcciones Provinciales de Educaci\u00f3n Art\u00edstica y Superior habr\u00edan tomado por varias irregularidades administrativas que se dan desde el 2011.<\/p>\n<p><strong>Reclamo laboral de docentes del conservatorio de m\u00fasica de Olavarr\u00eda:<\/strong><\/p>\n<p>Los docentes del Conservatorio protestaron contra ceses masivos, de M\u00fasica Ernesto Mog\u00e1vero de Olavarr\u00eda, queremos hacer p\u00fablica la situaci\u00f3n que venimos atravesando desde octubre de 2020 donde se vio amenazada la fuente laboral de un grupo de trabajadores debido al recorte feroz de 68 m\u00f3dulos (cifra que ni siquiera pudimos precisar con exactitud). Estos m\u00f3dulos son horas de clases que fueron aprobados desde el a\u00f1o 2012, increment\u00e1ndose en sucesivas designaciones y vigentes hasta el d\u00eda de hoy, por todos nuestros inmediatos superiores (directivos, inspectores, jefes regionales y distritales) hasta llegar a la direcci\u00f3n de educaci\u00f3n art\u00edstica y que hoy, en un a\u00f1o de pandemia y crisis econ\u00f3mica, donde la situaci\u00f3n laboral es realmente angustiante para muchos trabajadores en todas las \u00e1reas, es el Estado Provincial quien decide dejar sin trabajo a estos docentes y sin tiempo o posibilidades de readecuaci\u00f3n a nivel laboral y por lo tanto afectando y poniendo en riesgo la vida familiar de cada trabajador.<\/p>\n<p>Pedimos se de un alto inmediato en los ceses programados con el fin de poder readecuar la situaci\u00f3n laboral de los docentes afectados.<\/p>\n<p>Pedimos que se realicen todos los actos administrativos correspondientes para esclarecer\u00a0 y explicar la situaci\u00f3n con el testimonio de todos los actores pol\u00edticos y autoridades educativas intervinientes que avalaron el proyecto institucional del conservatorio durante las sucesivas administraciones.<\/p>\n<p>El Estado sostuvo y aval\u00f3 durante 12 a\u00f1os lo que ahora considera una situaci\u00f3n &#8220;irregular&#8221; y que pretende que los trabajadores sean los \u00fanicos que paguen el costo con la p\u00e9rdida de sus horas. Cada docente concurs\u00f3 sus m\u00f3dulos legalmente y regal\u00f3 otras horas y trabajos para cumplir con su tarea en el conservatorio.<\/p>\n<p><a href=\"https:\/\/experienciadevida.com.ar\/portalurbano\/los-docentes-del-conservatorio-protestaron-contra-ceses-masivos\/los-docentes\/\" rel=\"attachment wp-att-137788\"><img decoding=\"async\" class=\"alignnone size-full wp-image-137788\" src=\"https:\/\/experienciadevida.com.ar\/portalurbano\/wp-content\/uploads\/2021\/03\/Los-docentes.jpeg\" alt=\"Los docentes \" width=\"1032\" height=\"581\" srcset=\"https:\/\/experienciadevida.com.ar\/portalurbano\/wp-content\/uploads\/2021\/03\/Los-docentes.jpeg 1032w, https:\/\/experienciadevida.com.ar\/portalurbano\/wp-content\/uploads\/2021\/03\/Los-docentes-300x169.jpeg 300w, https:\/\/experienciadevida.com.ar\/portalurbano\/wp-content\/uploads\/2021\/03\/Los-docentes-1024x576.jpeg 1024w, https:\/\/experienciadevida.com.ar\/portalurbano\/wp-content\/uploads\/2021\/03\/Los-docentes-768x432.jpeg 768w\" sizes=\"(max-width: 1032px) 100vw, 1032px\" \/><\/a><\/p>\n<p><a href=\"https:\/\/experienciadevida.com.ar\/portalurbano\/los-docentes-del-conservatorio-protestaron-contra-ceses-masivos\/del-conservatorio\/\" rel=\"attachment wp-att-137789\"><img decoding=\"async\" class=\"alignnone size-full wp-image-137789\" src=\"https:\/\/experienciadevida.com.ar\/portalurbano\/wp-content\/uploads\/2021\/03\/del-conservatorio.jpeg\" alt=\"del conservatorio \" width=\"1280\" height=\"960\" srcset=\"https:\/\/experienciadevida.com.ar\/portalurbano\/wp-content\/uploads\/2021\/03\/del-conservatorio.jpeg 1280w, https:\/\/experienciadevida.com.ar\/portalurbano\/wp-content\/uploads\/2021\/03\/del-conservatorio-300x225.jpeg 300w, https:\/\/experienciadevida.com.ar\/portalurbano\/wp-content\/uploads\/2021\/03\/del-conservatorio-1024x768.jpeg 1024w, https:\/\/experienciadevida.com.ar\/portalurbano\/wp-content\/uploads\/2021\/03\/del-conservatorio-768x576.jpeg 768w\" sizes=\"(max-width: 1280px) 100vw, 1280px\" \/><\/a><\/p>\n<p><a href=\"https:\/\/experienciadevida.com.ar\/portalurbano\/los-docentes-del-conservatorio-protestaron-contra-ceses-masivos\/conservatorio\/\" rel=\"attachment wp-att-137790\"><img decoding=\"async\" class=\"alignnone size-full wp-image-137790\" src=\"https:\/\/experienciadevida.com.ar\/portalurbano\/wp-content\/uploads\/2021\/03\/conservatorio.jpeg\" alt=\"conservatorio\" width=\"1280\" height=\"960\" srcset=\"https:\/\/experienciadevida.com.ar\/portalurbano\/wp-content\/uploads\/2021\/03\/conservatorio.jpeg 1280w, https:\/\/experienciadevida.com.ar\/portalurbano\/wp-content\/uploads\/2021\/03\/conservatorio-300x225.jpeg 300w, https:\/\/experienciadevida.com.ar\/portalurbano\/wp-content\/uploads\/2021\/03\/conservatorio-1024x768.jpeg 1024w, https:\/\/experienciadevida.com.ar\/portalurbano\/wp-content\/uploads\/2021\/03\/conservatorio-768x576.jpeg 768w\" sizes=\"(max-width: 1280px) 100vw, 1280px\" \/><\/a><\/p>\n","protected":false},"excerpt":{"rendered":"<p>Los Docentes del Conservatorio protestaron contra ceses masivos. En el edificio de la ex Balcani,&#8230;<\/p>\n","protected":false},"author":1,"featured_media":137783,"comment_status":"closed","ping_status":"closed","sticky":false,"template":"","format":"standard","meta":{"content-type":""},"categories":[27,64],"tags":[],"nelio_content":{"isAutoShareEnabled":false,"autoShareEndMode":"default","automationSources":{"useContentSentences":true,"useSocialTemplates":true,"useCustomSentences":false,"customSentences":[]},"followers":[1],"suggestedReferences":[],"includedReferences":[],"efiUrl":"","efiAlt":"","highlights":[]},"yoast_head":"<!-- This site is optimized with the Yoast SEO plugin v20.7 - https:\/\/yoast.com\/wordpress\/plugins\/seo\/ -->\n<title>Los docentes del conservatorio protestaron contra ceses masivos<\/title>\n<meta name=\"description\" content=\"Los Docentes del Conservatorio protestaron contra ceses masivos. En el edificio de la ex Balcani, donde funcionan varias dependencias\" \/>\n<meta name=\"robots\" content=\"index, follow, max-snippet:-1, max-image-preview:large, max-video-preview:-1\" \/>\n<link rel=\"canonical\" href=\"https:\/\/experienciadevida.com.ar\/portalurbano\/los-docentes-del-conservatorio-protestaron-contra-ceses-masivos\/\" \/>\n<meta property=\"og:locale\" content=\"es_ES\" \/>\n<meta property=\"og:type\" content=\"article\" \/>\n<meta property=\"og:title\" content=\"Los docentes del conservatorio protestaron contra ceses masivos\" \/>\n<meta property=\"og:description\" content=\"Los Docentes del Conservatorio protestaron contra ceses masivos. En el edificio de la ex Balcani, donde funcionan varias dependencias\" \/>\n<meta property=\"og:url\" content=\"https:\/\/experienciadevida.com.ar\/portalurbano\/los-docentes-del-conservatorio-protestaron-contra-ceses-masivos\/\" \/>\n<meta property=\"article:publisher\" content=\"https:\/\/www.facebook.com\/Portal-Urbano-171542830093757\/\" \/>\n<meta property=\"article:published_time\" content=\"2021-03-18T18:18:40+00:00\" \/>\n<meta property=\"article:modified_time\" content=\"2021-03-18T18:22:48+00:00\" \/>\n<meta property=\"og:image\" content=\"https:\/\/experienciadevida.com.ar\/portalurbano\/wp-content\/uploads\/2021\/03\/Los-Docentes-del-Conservatorio-Provincial.png\" \/>\n\t<meta property=\"og:image:width\" content=\"684\" \/>\n\t<meta property=\"og:image:height\" content=\"380\" \/>\n\t<meta property=\"og:image:type\" content=\"image\/png\" \/>\n<meta name=\"author\" content=\"admpu17wp\" \/>\n<meta name=\"twitter:card\" content=\"summary_large_image\" \/>\n<meta name=\"twitter:creator\" content=\"@portalurbanook\" \/>\n<meta name=\"twitter:site\" content=\"@portalurbanook\" \/>\n<meta name=\"twitter:label1\" content=\"Escrito por\" \/>\n\t<meta name=\"twitter:data1\" content=\"admpu17wp\" \/>\n\t<meta name=\"twitter:label2\" content=\"Tiempo de lectura\" \/>\n\t<meta name=\"twitter:data2\" content=\"3 minutos\" \/>\n<script type=\"application\/ld+json\" class=\"yoast-schema-graph\">{\"@context\":\"https:\/\/schema.org\",\"@graph\":[{\"@type\":\"Article\",\"@id\":\"https:\/\/experienciadevida.com.ar\/portalurbano\/los-docentes-del-conservatorio-protestaron-contra-ceses-masivos\/#article\",\"isPartOf\":{\"@id\":\"https:\/\/experienciadevida.com.ar\/portalurbano\/los-docentes-del-conservatorio-protestaron-contra-ceses-masivos\/\"},\"author\":{\"name\":\"admpu17wp\",\"@id\":\"https:\/\/experienciadevida.com.ar\/portalurbano\/#\/schema\/person\/02dd326b1c4b056e9cc972486934a3a7\"},\"headline\":\"Los Docentes del Conservatorio protestaron contra ceses masivos\",\"datePublished\":\"2021-03-18T18:18:40+00:00\",\"dateModified\":\"2021-03-18T18:22:48+00:00\",\"mainEntityOfPage\":{\"@id\":\"https:\/\/experienciadevida.com.ar\/portalurbano\/los-docentes-del-conservatorio-protestaron-contra-ceses-masivos\/\"},\"wordCount\":379,\"publisher\":{\"@id\":\"https:\/\/experienciadevida.com.ar\/portalurbano\/#organization\"},\"articleSection\":[\"Ciudad\",\"Destacadas 2\"],\"inLanguage\":\"es\"},{\"@type\":\"WebPage\",\"@id\":\"https:\/\/experienciadevida.com.ar\/portalurbano\/los-docentes-del-conservatorio-protestaron-contra-ceses-masivos\/\",\"url\":\"https:\/\/experienciadevida.com.ar\/portalurbano\/los-docentes-del-conservatorio-protestaron-contra-ceses-masivos\/\",\"name\":\"Los docentes del conservatorio protestaron contra ceses masivos\",\"isPartOf\":{\"@id\":\"https:\/\/experienciadevida.com.ar\/portalurbano\/#website\"},\"datePublished\":\"2021-03-18T18:18:40+00:00\",\"dateModified\":\"2021-03-18T18:22:48+00:00\",\"description\":\"Los Docentes del Conservatorio protestaron contra ceses masivos. En el edificio de la ex Balcani, donde funcionan varias dependencias\",\"breadcrumb\":{\"@id\":\"https:\/\/experienciadevida.com.ar\/portalurbano\/los-docentes-del-conservatorio-protestaron-contra-ceses-masivos\/#breadcrumb\"},\"inLanguage\":\"es\",\"potentialAction\":[{\"@type\":\"ReadAction\",\"target\":[\"https:\/\/experienciadevida.com.ar\/portalurbano\/los-docentes-del-conservatorio-protestaron-contra-ceses-masivos\/\"]}]},{\"@type\":\"BreadcrumbList\",\"@id\":\"https:\/\/experienciadevida.com.ar\/portalurbano\/los-docentes-del-conservatorio-protestaron-contra-ceses-masivos\/#breadcrumb\",\"itemListElement\":[{\"@type\":\"ListItem\",\"position\":1,\"name\":\"Portada\",\"item\":\"https:\/\/experienciadevida.com.ar\/portalurbano\/\"},{\"@type\":\"ListItem\",\"position\":2,\"name\":\"Los Docentes del Conservatorio protestaron contra ceses masivos\"}]},{\"@type\":\"WebSite\",\"@id\":\"https:\/\/experienciadevida.com.ar\/portalurbano\/#website\",\"url\":\"https:\/\/experienciadevida.com.ar\/portalurbano\/\",\"name\":\"\",\"description\":\"\",\"publisher\":{\"@id\":\"https:\/\/experienciadevida.com.ar\/portalurbano\/#organization\"},\"potentialAction\":[{\"@type\":\"SearchAction\",\"target\":{\"@type\":\"EntryPoint\",\"urlTemplate\":\"https:\/\/experienciadevida.com.ar\/portalurbano\/?s={search_term_string}\"},\"query-input\":\"required name=search_term_string\"}],\"inLanguage\":\"es\"},{\"@type\":\"Organization\",\"@id\":\"https:\/\/experienciadevida.com.ar\/portalurbano\/#organization\",\"name\":\"Portal Urbano\",\"url\":\"https:\/\/experienciadevida.com.ar\/portalurbano\/\",\"logo\":{\"@type\":\"ImageObject\",\"inLanguage\":\"es\",\"@id\":\"https:\/\/experienciadevida.com.ar\/portalurbano\/#\/schema\/logo\/image\/\",\"url\":\"https:\/\/experienciadevida.com.ar\/portalurbano\/wp-content\/uploads\/2019\/09\/Logo-Original.png\",\"contentUrl\":\"https:\/\/experienciadevida.com.ar\/portalurbano\/wp-content\/uploads\/2019\/09\/Logo-Original.png\",\"width\":2236,\"height\":1216,\"caption\":\"Portal Urbano\"},\"image\":{\"@id\":\"https:\/\/experienciadevida.com.ar\/portalurbano\/#\/schema\/logo\/image\/\"},\"sameAs\":[\"https:\/\/www.facebook.com\/Portal-Urbano-171542830093757\/\",\"https:\/\/twitter.com\/portalurbanook\",\"https:\/\/www.instagram.com\/_portalurbano\/\",\"https:\/\/www.youtube.com\/channel\/UCXhagIfszH8KxFiOok79zbA?view_as=subscriber\"]},{\"@type\":\"Person\",\"@id\":\"https:\/\/experienciadevida.com.ar\/portalurbano\/#\/schema\/person\/02dd326b1c4b056e9cc972486934a3a7\",\"name\":\"admpu17wp\",\"image\":{\"@type\":\"ImageObject\",\"inLanguage\":\"es\",\"@id\":\"https:\/\/experienciadevida.com.ar\/portalurbano\/#\/schema\/person\/image\/\",\"url\":\"https:\/\/secure.gravatar.com\/avatar\/830d4c57adaae6630765e449a6908047?s=96&d=mm&r=g\",\"contentUrl\":\"https:\/\/secure.gravatar.com\/avatar\/830d4c57adaae6630765e449a6908047?s=96&d=mm&r=g\",\"caption\":\"admpu17wp\"}}]}<\/script>\n<!-- \/ Yoast SEO plugin. -->","yoast_head_json":{"title":"Los docentes del conservatorio protestaron contra ceses masivos","description":"Los Docentes del Conservatorio protestaron contra ceses masivos. En el edificio de la ex Balcani, donde funcionan varias dependencias","robots":{"index":"index","follow":"follow","max-snippet":"max-snippet:-1","max-image-preview":"max-image-preview:large","max-video-preview":"max-video-preview:-1"},"canonical":"https:\/\/experienciadevida.com.ar\/portalurbano\/los-docentes-del-conservatorio-protestaron-contra-ceses-masivos\/","og_locale":"es_ES","og_type":"article","og_title":"Los docentes del conservatorio protestaron contra ceses masivos","og_description":"Los Docentes del Conservatorio protestaron contra ceses masivos. En el edificio de la ex Balcani, donde funcionan varias dependencias","og_url":"https:\/\/experienciadevida.com.ar\/portalurbano\/los-docentes-del-conservatorio-protestaron-contra-ceses-masivos\/","article_publisher":"https:\/\/www.facebook.com\/Portal-Urbano-171542830093757\/","article_published_time":"2021-03-18T18:18:40+00:00","article_modified_time":"2021-03-18T18:22:48+00:00","og_image":[{"width":684,"height":380,"url":"https:\/\/experienciadevida.com.ar\/portalurbano\/wp-content\/uploads\/2021\/03\/Los-Docentes-del-Conservatorio-Provincial.png","type":"image\/png"}],"author":"admpu17wp","twitter_card":"summary_large_image","twitter_creator":"@portalurbanook","twitter_site":"@portalurbanook","twitter_misc":{"Escrito por":"admpu17wp","Tiempo de lectura":"3 minutos"},"schema":{"@context":"https:\/\/schema.org","@graph":[{"@type":"Article","@id":"https:\/\/experienciadevida.com.ar\/portalurbano\/los-docentes-del-conservatorio-protestaron-contra-ceses-masivos\/#article","isPartOf":{"@id":"https:\/\/experienciadevida.com.ar\/portalurbano\/los-docentes-del-conservatorio-protestaron-contra-ceses-masivos\/"},"author":{"name":"admpu17wp","@id":"https:\/\/experienciadevida.com.ar\/portalurbano\/#\/schema\/person\/02dd326b1c4b056e9cc972486934a3a7"},"headline":"Los Docentes del Conservatorio protestaron contra ceses masivos","datePublished":"2021-03-18T18:18:40+00:00","dateModified":"2021-03-18T18:22:48+00:00","mainEntityOfPage":{"@id":"https:\/\/experienciadevida.com.ar\/portalurbano\/los-docentes-del-conservatorio-protestaron-contra-ceses-masivos\/"},"wordCount":379,"publisher":{"@id":"https:\/\/experienciadevida.com.ar\/portalurbano\/#organization"},"articleSection":["Ciudad","Destacadas 2"],"inLanguage":"es"},{"@type":"WebPage","@id":"https:\/\/experienciadevida.com.ar\/portalurbano\/los-docentes-del-conservatorio-protestaron-contra-ceses-masivos\/","url":"https:\/\/experienciadevida.com.ar\/portalurbano\/los-docentes-del-conservatorio-protestaron-contra-ceses-masivos\/","name":"Los docentes del conservatorio protestaron contra ceses masivos","isPartOf":{"@id":"https:\/\/experienciadevida.com.ar\/portalurbano\/#website"},"datePublished":"2021-03-18T18:18:40+00:00","dateModified":"2021-03-18T18:22:48+00:00","description":"Los Docentes del Conservatorio protestaron contra ceses masivos. En el edificio de la ex Balcani, donde funcionan varias dependencias","breadcrumb":{"@id":"https:\/\/experienciadevida.com.ar\/portalurbano\/los-docentes-del-conservatorio-protestaron-contra-ceses-masivos\/#breadcrumb"},"inLanguage":"es","potentialAction":[{"@type":"ReadAction","target":["https:\/\/experienciadevida.com.ar\/portalurbano\/los-docentes-del-conservatorio-protestaron-contra-ceses-masivos\/"]}]},{"@type":"BreadcrumbList","@id":"https:\/\/experienciadevida.com.ar\/portalurbano\/los-docentes-del-conservatorio-protestaron-contra-ceses-masivos\/#breadcrumb","itemListElement":[{"@type":"ListItem","position":1,"name":"Portada","item":"https:\/\/experienciadevida.com.ar\/portalurbano\/"},{"@type":"ListItem","position":2,"name":"Los Docentes del Conservatorio protestaron contra ceses masivos"}]},{"@type":"WebSite","@id":"https:\/\/experienciadevida.com.ar\/portalurbano\/#website","url":"https:\/\/experienciadevida.com.ar\/portalurbano\/","name":"","description":"","publisher":{"@id":"https:\/\/experienciadevida.com.ar\/portalurbano\/#organization"},"potentialAction":[{"@type":"SearchAction","target":{"@type":"EntryPoint","urlTemplate":"https:\/\/experienciadevida.com.ar\/portalurbano\/?s={search_term_string}"},"query-input":"required name=search_term_string"}],"inLanguage":"es"},{"@type":"Organization","@id":"https:\/\/experienciadevida.com.ar\/portalurbano\/#organization","name":"Portal Urbano","url":"https:\/\/experienciadevida.com.ar\/portalurbano\/","logo":{"@type":"ImageObject","inLanguage":"es","@id":"https:\/\/experienciadevida.com.ar\/portalurbano\/#\/schema\/logo\/image\/","url":"https:\/\/experienciadevida.com.ar\/portalurbano\/wp-content\/uploads\/2019\/09\/Logo-Original.png","contentUrl":"https:\/\/experienciadevida.com.ar\/portalurbano\/wp-content\/uploads\/2019\/09\/Logo-Original.png","width":2236,"height":1216,"caption":"Portal Urbano"},"image":{"@id":"https:\/\/experienciadevida.com.ar\/portalurbano\/#\/schema\/logo\/image\/"},"sameAs":["https:\/\/www.facebook.com\/Portal-Urbano-171542830093757\/","https:\/\/twitter.com\/portalurbanook","https:\/\/www.instagram.com\/_portalurbano\/","https:\/\/www.youtube.com\/channel\/UCXhagIfszH8KxFiOok79zbA?view_as=subscriber"]},{"@type":"Person","@id":"https:\/\/experienciadevida.com.ar\/portalurbano\/#\/schema\/person\/02dd326b1c4b056e9cc972486934a3a7","name":"admpu17wp","image":{"@type":"ImageObject","inLanguage":"es","@id":"https:\/\/experienciadevida.com.ar\/portalurbano\/#\/schema\/person\/image\/","url":"https:\/\/secure.gravatar.com\/avatar\/830d4c57adaae6630765e449a6908047?s=96&d=mm&r=g","contentUrl":"https:\/\/secure.gravatar.com\/avatar\/830d4c57adaae6630765e449a6908047?s=96&d=mm&r=g","caption":"admpu17wp"}}]}},"featured_image_urls":{"full":["https:\/\/experienciadevida.com.ar\/portalurbano\/wp-content\/uploads\/2021\/03\/Los-Docentes-del-Conservatorio-Provincial.png",684,380,false],"thumbnail":["https:\/\/experienciadevida.com.ar\/portalurbano\/wp-content\/uploads\/2021\/03\/Los-Docentes-del-Conservatorio-Provincial-150x150.png",150,150,true],"medium":["https:\/\/experienciadevida.com.ar\/portalurbano\/wp-content\/uploads\/2021\/03\/Los-Docentes-del-Conservatorio-Provincial-300x167.png",300,167,true],"medium_large":["https:\/\/experienciadevida.com.ar\/portalurbano\/wp-content\/uploads\/2021\/03\/Los-Docentes-del-Conservatorio-Provincial.png",640,356,false],"large":["https:\/\/experienciadevida.com.ar\/portalurbano\/wp-content\/uploads\/2021\/03\/Los-Docentes-del-Conservatorio-Provincial.png",640,356,false],"ug_big":["https:\/\/experienciadevida.com.ar\/portalurbano\/wp-content\/uploads\/2021\/03\/Los-Docentes-del-Conservatorio-Provincial.png",684,380,false],"1536x1536":["https:\/\/experienciadevida.com.ar\/portalurbano\/wp-content\/uploads\/2021\/03\/Los-Docentes-del-Conservatorio-Provincial.png",684,380,false],"2048x2048":["https:\/\/experienciadevida.com.ar\/portalurbano\/wp-content\/uploads\/2021\/03\/Los-Docentes-del-Conservatorio-Provincial.png",684,380,false],"newsever-slider-full":["https:\/\/experienciadevida.com.ar\/portalurbano\/wp-content\/uploads\/2021\/03\/Los-Docentes-del-Conservatorio-Provincial.png",684,380,false],"newsever-featured":["https:\/\/experienciadevida.com.ar\/portalurbano\/wp-content\/uploads\/2021\/03\/Los-Docentes-del-Conservatorio-Provincial.png",684,380,false],"newsever-medium":["https:\/\/experienciadevida.com.ar\/portalurbano\/wp-content\/uploads\/2021\/03\/Los-Docentes-del-Conservatorio-Provincial.png",684,380,false],"web-stories-poster-portrait":["https:\/\/experienciadevida.com.ar\/portalurbano\/wp-content\/uploads\/2021\/03\/Los-Docentes-del-Conservatorio-Provincial.png",640,356,false],"web-stories-publisher-logo":["https:\/\/experienciadevida.com.ar\/portalurbano\/wp-content\/uploads\/2021\/03\/Los-Docentes-del-Conservatorio-Provincial.png",96,53,false],"web-stories-thumbnail":["https:\/\/experienciadevida.com.ar\/portalurbano\/wp-content\/uploads\/2021\/03\/Los-Docentes-del-Conservatorio-Provincial.png",150,83,false]},"author_info":{"display_name":"admpu17wp","author_link":"https:\/\/experienciadevida.com.ar\/portalurbano\/author\/admpu17wp\/"},"category_info":"<a href=\"https:\/\/experienciadevida.com.ar\/portalurbano\/category\/ciudad\/\" rel=\"category tag\">Ciudad<\/a> <a href=\"https:\/\/experienciadevida.com.ar\/portalurbano\/category\/destacadas-2\/\" rel=\"category tag\">Destacadas 2<\/a>","tag_info":"Destacadas 2","comment_count":"0","amp_enabled":true,"_links":{"self":[{"href":"https:\/\/experienciadevida.com.ar\/portalurbano\/wp-json\/wp\/v2\/posts\/137782"}],"collection":[{"href":"https:\/\/experienciadevida.com.ar\/portalurbano\/wp-json\/wp\/v2\/posts"}],"about":[{"href":"https:\/\/experienciadevida.com.ar\/portalurbano\/wp-json\/wp\/v2\/types\/post"}],"author":[{"embeddable":true,"href":"https:\/\/experienciadevida.com.ar\/portalurbano\/wp-json\/wp\/v2\/users\/1"}],"replies":[{"embeddable":true,"href":"https:\/\/experienciadevida.com.ar\/portalurbano\/wp-json\/wp\/v2\/comments?post=137782"}],"version-history":[{"count":5,"href":"https:\/\/experienciadevida.com.ar\/portalurbano\/wp-json\/wp\/v2\/posts\/137782\/revisions"}],"predecessor-version":[{"id":137785,"href":"https:\/\/experienciadevida.com.ar\/portalurbano\/wp-json\/wp\/v2\/posts\/137782\/revisions\/137785"}],"wp:featuredmedia":[{"embeddable":true,"href":"https:\/\/experienciadevida.com.ar\/portalurbano\/wp-json\/wp\/v2\/media\/137783"}],"wp:attachment":[{"href":"https:\/\/experienciadevida.com.ar\/portalurbano\/wp-json\/wp\/v2\/media?parent=137782"}],"wp:term":[{"taxonomy":"category","embeddable":true,"href":"https:\/\/experienciadevida.com.ar\/portalurbano\/wp-json\/wp\/v2\/categories?post=137782"},{"taxonomy":"post_tag","embeddable":true,"href":"https:\/\/experienciadevida.com.ar\/portalurbano\/wp-json\/wp\/v2\/tags?post=137782"}],"curies":[{"name":"wp","href":"https:\/\/api.w.org\/{rel}","templated":true}]}}