{"id":137677,"date":"2021-03-17T12:39:12","date_gmt":"2021-03-17T15:39:12","guid":{"rendered":"https:\/\/experienciadevida.com.ar\/portalurbano\/?p=137677"},"modified":"2021-03-17T12:43:31","modified_gmt":"2021-03-17T15:43:31","slug":"la-obra-del-hospital-terminara-en-el-2022-y-cloacas-para-el-facundo-quiroga-i","status":"publish","type":"post","link":"https:\/\/experienciadevida.com.ar\/portalurbano\/la-obra-del-hospital-terminara-en-el-2022-y-cloacas-para-el-facundo-quiroga-i\/","title":{"rendered":"La obra del Hospital terminar\u00e1 en el 2022 y cloacas para el Facundo Quiroga I"},"content":{"rendered":"<p>La obra del Hospital terminar\u00e1 en el 2022 y cloacas para el Facundo Quiroga I. Lo anunci\u00f3 el intendente <a href=\"https:\/\/www.facebook.com\/galliezequiel\">Ezequiel Galli<\/a>, en declaraciones a Radio Olavarr\u00eda al ser consultado por obras para este a\u00f1o, con un poco m\u00e1s m\u00e1s de detalle de lo dado en el discurso de apertura de sesiones de este 2021.<\/p>\n<p>Resalt\u00f3 al equipo de salud municipal y afirm\u00f3 que \u2018descansa\u2019 en ellos y que a \u00e9l s\u00f3lo le toca tomar decisiones.<\/p>\n<p><em>&#8220;Ya ten\u00edamos un gran equipo de salud pero la pandemia lo fortaleci\u00f3, cuando uno est\u00e1 en situaciones dif\u00edciles cuando hay un buen equipo uno cuenta con el compa\u00f1ero para pelearla y sacar adelante la situaci\u00f3n y creo que es lo que pas\u00f3 en este caso, me parece que qued\u00f3 demostrado que hay gente con mucho compromiso que hoy son orgullo de los Olavarrienses. Tambi\u00e9n cuando lo ven al Doctor Caputo y a todos los profesionales de la salud&#8221;.<\/em><\/p>\n<p>La obra del Hospital terminara en el 2022 y Galli mencion\u00f3 <em>&#8220;es una tranquilidad enorme tener un equipo as\u00ed, y ninguno hab\u00eda transitado una pandemia, ayer estuve recorriendo el Hospital porque tuvieron la maravillosa idea de cambiar la farmacia de lugar y ya se termin\u00f3 con esa peque\u00f1a obra, una obra que hace que la gente que tiene que ir al Hospital a buscar medicamentos no tenga que ingresar al Hospital, seguimos prepar\u00e1ndonos por si llega a venir esta &#8220;famosa&#8221; segunda ola y son detalles que son importantes. Preparamos tambi\u00e9n unidad coronaria, cada una de las habitaciones con sistema de gases, ox\u00edgeno todo modernizado haciendo el sistema el\u00e9ctrico nuevo y estamos tratando de terminar de reorganizar todo de acuerdo a la ense\u00f1anza que nos dej\u00f3 la pandemia para que tengamos mayor capacidad de atenci\u00f3n&#8221;.<\/em><\/p>\n<p><em>&#8220;En el Hospital nunca tuvimos falta de stock, siempre tenemos stock por si pasa algo, en pleno aislamiento donde la gente estaba en sus casas y nosotros trabajando para prepararnos faltaban insumos pero en las f\u00e1bricas porque no era sencillo conseguir barbijos, camisolines, m\u00e1scaras porque hab\u00eda sobredemanda y las empresas que fabrican esos insumos no daban abasto en todo el pa\u00eds para entregar a todos los Municipios y a todos los Hospitales y cl\u00ednicas que estaban comprando pero ah\u00ed se vio la solidaridad de la gente en Olavarr\u00eda&#8221;.<\/em><\/p>\n<p>La obra del Hospital terminar\u00e1 en el 2022, adem\u00e1s Galli expres\u00f3 &#8220;<em>hoy estamos preparados por si sucede alg\u00fan imprevisto, tambi\u00e9n el Hospital y el equipo por si llega la segunda ola que est\u00e1n esperando&#8221;.<\/em><\/p>\n<p><em>&#8220;El hecho de estar haciendo una obra importante que se reactiv\u00f3 esta semana para poder finalizarla con recursos municipales de la obra del nuevo pabell\u00f3n, un crecimiento necesario que ten\u00eda que tener el Hospital, es un Hospital que fue catalogado como el mejor. Tambi\u00e9n tenemos expectativas con la modernizaci\u00f3n y digitalizaci\u00f3n del sistema de salud, es algo que le va a dar mucha calidad al sistema&#8221;.<\/em><\/p>\n<p>Por otra parte remarc\u00f3 que la obra del Hospital terminar\u00e1 en el 2022\u00a0 &#8220;<em>estamos previendo que va a tener una duraci\u00f3n de por lo menos 15 meses, falta mucho, lo que est\u00e1 hecho es simplemente la c\u00e1scara falta mucho tiempo por eso estamos proyect\u00e1ndola como corresponde, ya estar\u00edamos cerca de finalizarla si no hubiese estado la pandemia pero no podemos volver el tiempo atr\u00e1s, tenemos que mirar para adelante&#8221;.<\/em><\/p>\n<p>Otra de las obras es repavimentaci\u00f3n de calles &#8220;en la Avenida Ituzaing\u00f3 tenemos dos tramos que estamos proyectando, hay obras con recursos municipales, obras con recursos provinciales del fondo de infraestructura municipal, y obras con recursos nacionales que es lo que firmamos con el Ministro Katopodis cuando estuvo en Olavarr\u00eda y que ya est\u00e1n empezando a firmarse los contratos\u00a0 que tienen que ver con cloacas, vamos a seguir con las obras en el barrio Luj\u00e1n, Hip\u00f3lito Yrigoyen y proyectando con recursos municipales las cloacas en el facundo Quiroga que es un barrio qued\u00f3 postergado durante unos cuantos a\u00f1os para hacerlas con recursos municipales&#8221;.<\/p>\n<p>&#8220;Las obras que no se ven son las que mejor le hacen a la ciudad y son las ra\u00edces de la ciudad, la cloaca tiene que ver con salud, medio ambiente, con un mont\u00f3n de cuestiones que hacen al mejor vivir seguiremos por ese camino. Empezamos con una proyecci\u00f3n de luminarias en distintos puntos del Partido que est\u00e1n faltando, de acuerdo a los pedidos que hemos recibido de los vecinos, tambi\u00e9n tenemos extensiones de red de gas, de agua como en el caso del Barrio Belen y tambi\u00e9n hemos proyectado la pavimentaci\u00f3n de la Avenida Pueyrred\u00f3n entre La Rioja y Circunvalaci\u00f3n&#8221;.<\/p>\n<p>Adem\u00e1s &#8220;no quiero olvidarme de las obras en las escuelas, vamos a seguir mejorando la infraestructura de las escuelas p\u00fablicas. Son obras muy costosas pero no hay que dejar de hacerlas&#8221;.<\/p>\n<p>&#8220;Hay que trabajar en etapas para que las cosas vayan sucediendo&#8221;.<\/p>\n<p>Fuente: Radio Olavarria<\/p>\n","protected":false},"excerpt":{"rendered":"<p>La obra del Hospital terminar\u00e1 en el 2022 y cloacas para el Facundo Quiroga I&#8230;.<\/p>\n","protected":false},"author":1,"featured_media":137689,"comment_status":"closed","ping_status":"closed","sticky":false,"template":"","format":"standard","meta":{"content-type":""},"categories":[27,64],"tags":[],"nelio_content":{"isAutoShareEnabled":false,"autoShareEndMode":"default","automationSources":{"useContentSentences":true,"useSocialTemplates":true,"useCustomSentences":false,"customSentences":[]},"followers":[1],"suggestedReferences":[],"includedReferences":[],"efiUrl":"","efiAlt":"","highlights":[]},"yoast_head":"<!-- This site is optimized with the Yoast SEO plugin v20.7 - https:\/\/yoast.com\/wordpress\/plugins\/seo\/ -->\n<title>La obra del Hospital termnar\u00e1 en el 2022 y cloacas para el Facundo I<\/title>\n<meta name=\"description\" content=\"La obra del Hospital terminar\u00e1 en el 2022 y cloacas para el Facundo Quiroga I. Lo anunci\u00f3 el intendente Ezequiel Galli, en declaraciones\" \/>\n<meta name=\"robots\" content=\"index, follow, max-snippet:-1, max-image-preview:large, max-video-preview:-1\" \/>\n<link rel=\"canonical\" href=\"https:\/\/experienciadevida.com.ar\/portalurbano\/la-obra-del-hospital-terminara-en-el-2022-y-cloacas-para-el-facundo-quiroga-i\/\" \/>\n<meta property=\"og:locale\" content=\"es_ES\" \/>\n<meta property=\"og:type\" content=\"article\" \/>\n<meta property=\"og:title\" content=\"La obra del Hospital termnar\u00e1 en el 2022 y cloacas para el Facundo I\" \/>\n<meta property=\"og:description\" content=\"La obra del Hospital terminar\u00e1 en el 2022 y cloacas para el Facundo Quiroga I. Lo anunci\u00f3 el intendente Ezequiel Galli, en declaraciones\" \/>\n<meta property=\"og:url\" content=\"https:\/\/experienciadevida.com.ar\/portalurbano\/la-obra-del-hospital-terminara-en-el-2022-y-cloacas-para-el-facundo-quiroga-i\/\" \/>\n<meta property=\"article:publisher\" content=\"https:\/\/www.facebook.com\/Portal-Urbano-171542830093757\/\" \/>\n<meta property=\"article:published_time\" content=\"2021-03-17T15:39:12+00:00\" \/>\n<meta property=\"article:modified_time\" content=\"2021-03-17T15:43:31+00:00\" \/>\n<meta property=\"og:image\" content=\"https:\/\/experienciadevida.com.ar\/portalurbano\/wp-content\/uploads\/2021\/03\/Galli-2.jpg\" \/>\n\t<meta property=\"og:image:width\" content=\"1000\" \/>\n\t<meta property=\"og:image:height\" content=\"668\" \/>\n\t<meta property=\"og:image:type\" content=\"image\/jpeg\" \/>\n<meta name=\"author\" content=\"admpu17wp\" \/>\n<meta name=\"twitter:card\" content=\"summary_large_image\" \/>\n<meta name=\"twitter:creator\" content=\"@portalurbanook\" \/>\n<meta name=\"twitter:site\" content=\"@portalurbanook\" \/>\n<meta name=\"twitter:label1\" content=\"Escrito por\" \/>\n\t<meta name=\"twitter:data1\" content=\"admpu17wp\" \/>\n\t<meta name=\"twitter:label2\" content=\"Tiempo de lectura\" \/>\n\t<meta name=\"twitter:data2\" content=\"4 minutos\" \/>\n<script type=\"application\/ld+json\" class=\"yoast-schema-graph\">{\"@context\":\"https:\/\/schema.org\",\"@graph\":[{\"@type\":\"Article\",\"@id\":\"https:\/\/experienciadevida.com.ar\/portalurbano\/la-obra-del-hospital-terminara-en-el-2022-y-cloacas-para-el-facundo-quiroga-i\/#article\",\"isPartOf\":{\"@id\":\"https:\/\/experienciadevida.com.ar\/portalurbano\/la-obra-del-hospital-terminara-en-el-2022-y-cloacas-para-el-facundo-quiroga-i\/\"},\"author\":{\"name\":\"admpu17wp\",\"@id\":\"https:\/\/experienciadevida.com.ar\/portalurbano\/#\/schema\/person\/02dd326b1c4b056e9cc972486934a3a7\"},\"headline\":\"La obra del Hospital terminar\u00e1 en el 2022 y cloacas para el Facundo Quiroga I\",\"datePublished\":\"2021-03-17T15:39:12+00:00\",\"dateModified\":\"2021-03-17T15:43:31+00:00\",\"mainEntityOfPage\":{\"@id\":\"https:\/\/experienciadevida.com.ar\/portalurbano\/la-obra-del-hospital-terminara-en-el-2022-y-cloacas-para-el-facundo-quiroga-i\/\"},\"wordCount\":856,\"publisher\":{\"@id\":\"https:\/\/experienciadevida.com.ar\/portalurbano\/#organization\"},\"articleSection\":[\"Ciudad\",\"Destacadas 2\"],\"inLanguage\":\"es\"},{\"@type\":\"WebPage\",\"@id\":\"https:\/\/experienciadevida.com.ar\/portalurbano\/la-obra-del-hospital-terminara-en-el-2022-y-cloacas-para-el-facundo-quiroga-i\/\",\"url\":\"https:\/\/experienciadevida.com.ar\/portalurbano\/la-obra-del-hospital-terminara-en-el-2022-y-cloacas-para-el-facundo-quiroga-i\/\",\"name\":\"La obra del Hospital termnar\u00e1 en el 2022 y cloacas para el Facundo I\",\"isPartOf\":{\"@id\":\"https:\/\/experienciadevida.com.ar\/portalurbano\/#website\"},\"datePublished\":\"2021-03-17T15:39:12+00:00\",\"dateModified\":\"2021-03-17T15:43:31+00:00\",\"description\":\"La obra del Hospital terminar\u00e1 en el 2022 y cloacas para el Facundo Quiroga I. Lo anunci\u00f3 el intendente Ezequiel Galli, en declaraciones\",\"breadcrumb\":{\"@id\":\"https:\/\/experienciadevida.com.ar\/portalurbano\/la-obra-del-hospital-terminara-en-el-2022-y-cloacas-para-el-facundo-quiroga-i\/#breadcrumb\"},\"inLanguage\":\"es\",\"potentialAction\":[{\"@type\":\"ReadAction\",\"target\":[\"https:\/\/experienciadevida.com.ar\/portalurbano\/la-obra-del-hospital-terminara-en-el-2022-y-cloacas-para-el-facundo-quiroga-i\/\"]}]},{\"@type\":\"BreadcrumbList\",\"@id\":\"https:\/\/experienciadevida.com.ar\/portalurbano\/la-obra-del-hospital-terminara-en-el-2022-y-cloacas-para-el-facundo-quiroga-i\/#breadcrumb\",\"itemListElement\":[{\"@type\":\"ListItem\",\"position\":1,\"name\":\"Portada\",\"item\":\"https:\/\/experienciadevida.com.ar\/portalurbano\/\"},{\"@type\":\"ListItem\",\"position\":2,\"name\":\"La obra del Hospital terminar\u00e1 en el 2022 y cloacas para el Facundo Quiroga I\"}]},{\"@type\":\"WebSite\",\"@id\":\"https:\/\/experienciadevida.com.ar\/portalurbano\/#website\",\"url\":\"https:\/\/experienciadevida.com.ar\/portalurbano\/\",\"name\":\"\",\"description\":\"\",\"publisher\":{\"@id\":\"https:\/\/experienciadevida.com.ar\/portalurbano\/#organization\"},\"potentialAction\":[{\"@type\":\"SearchAction\",\"target\":{\"@type\":\"EntryPoint\",\"urlTemplate\":\"https:\/\/experienciadevida.com.ar\/portalurbano\/?s={search_term_string}\"},\"query-input\":\"required name=search_term_string\"}],\"inLanguage\":\"es\"},{\"@type\":\"Organization\",\"@id\":\"https:\/\/experienciadevida.com.ar\/portalurbano\/#organization\",\"name\":\"Portal Urbano\",\"url\":\"https:\/\/experienciadevida.com.ar\/portalurbano\/\",\"logo\":{\"@type\":\"ImageObject\",\"inLanguage\":\"es\",\"@id\":\"https:\/\/experienciadevida.com.ar\/portalurbano\/#\/schema\/logo\/image\/\",\"url\":\"https:\/\/experienciadevida.com.ar\/portalurbano\/wp-content\/uploads\/2019\/09\/Logo-Original.png\",\"contentUrl\":\"https:\/\/experienciadevida.com.ar\/portalurbano\/wp-content\/uploads\/2019\/09\/Logo-Original.png\",\"width\":2236,\"height\":1216,\"caption\":\"Portal Urbano\"},\"image\":{\"@id\":\"https:\/\/experienciadevida.com.ar\/portalurbano\/#\/schema\/logo\/image\/\"},\"sameAs\":[\"https:\/\/www.facebook.com\/Portal-Urbano-171542830093757\/\",\"https:\/\/twitter.com\/portalurbanook\",\"https:\/\/www.instagram.com\/_portalurbano\/\",\"https:\/\/www.youtube.com\/channel\/UCXhagIfszH8KxFiOok79zbA?view_as=subscriber\"]},{\"@type\":\"Person\",\"@id\":\"https:\/\/experienciadevida.com.ar\/portalurbano\/#\/schema\/person\/02dd326b1c4b056e9cc972486934a3a7\",\"name\":\"admpu17wp\",\"image\":{\"@type\":\"ImageObject\",\"inLanguage\":\"es\",\"@id\":\"https:\/\/experienciadevida.com.ar\/portalurbano\/#\/schema\/person\/image\/\",\"url\":\"https:\/\/secure.gravatar.com\/avatar\/830d4c57adaae6630765e449a6908047?s=96&d=mm&r=g\",\"contentUrl\":\"https:\/\/secure.gravatar.com\/avatar\/830d4c57adaae6630765e449a6908047?s=96&d=mm&r=g\",\"caption\":\"admpu17wp\"}}]}<\/script>\n<!-- \/ Yoast SEO plugin. -->","yoast_head_json":{"title":"La obra del Hospital termnar\u00e1 en el 2022 y cloacas para el Facundo I","description":"La obra del Hospital terminar\u00e1 en el 2022 y cloacas para el Facundo Quiroga I. Lo anunci\u00f3 el intendente Ezequiel Galli, en declaraciones","robots":{"index":"index","follow":"follow","max-snippet":"max-snippet:-1","max-image-preview":"max-image-preview:large","max-video-preview":"max-video-preview:-1"},"canonical":"https:\/\/experienciadevida.com.ar\/portalurbano\/la-obra-del-hospital-terminara-en-el-2022-y-cloacas-para-el-facundo-quiroga-i\/","og_locale":"es_ES","og_type":"article","og_title":"La obra del Hospital termnar\u00e1 en el 2022 y cloacas para el Facundo I","og_description":"La obra del Hospital terminar\u00e1 en el 2022 y cloacas para el Facundo Quiroga I. Lo anunci\u00f3 el intendente Ezequiel Galli, en declaraciones","og_url":"https:\/\/experienciadevida.com.ar\/portalurbano\/la-obra-del-hospital-terminara-en-el-2022-y-cloacas-para-el-facundo-quiroga-i\/","article_publisher":"https:\/\/www.facebook.com\/Portal-Urbano-171542830093757\/","article_published_time":"2021-03-17T15:39:12+00:00","article_modified_time":"2021-03-17T15:43:31+00:00","og_image":[{"width":1000,"height":668,"url":"https:\/\/experienciadevida.com.ar\/portalurbano\/wp-content\/uploads\/2021\/03\/Galli-2.jpg","type":"image\/jpeg"}],"author":"admpu17wp","twitter_card":"summary_large_image","twitter_creator":"@portalurbanook","twitter_site":"@portalurbanook","twitter_misc":{"Escrito por":"admpu17wp","Tiempo de lectura":"4 minutos"},"schema":{"@context":"https:\/\/schema.org","@graph":[{"@type":"Article","@id":"https:\/\/experienciadevida.com.ar\/portalurbano\/la-obra-del-hospital-terminara-en-el-2022-y-cloacas-para-el-facundo-quiroga-i\/#article","isPartOf":{"@id":"https:\/\/experienciadevida.com.ar\/portalurbano\/la-obra-del-hospital-terminara-en-el-2022-y-cloacas-para-el-facundo-quiroga-i\/"},"author":{"name":"admpu17wp","@id":"https:\/\/experienciadevida.com.ar\/portalurbano\/#\/schema\/person\/02dd326b1c4b056e9cc972486934a3a7"},"headline":"La obra del Hospital terminar\u00e1 en el 2022 y cloacas para el Facundo Quiroga I","datePublished":"2021-03-17T15:39:12+00:00","dateModified":"2021-03-17T15:43:31+00:00","mainEntityOfPage":{"@id":"https:\/\/experienciadevida.com.ar\/portalurbano\/la-obra-del-hospital-terminara-en-el-2022-y-cloacas-para-el-facundo-quiroga-i\/"},"wordCount":856,"publisher":{"@id":"https:\/\/experienciadevida.com.ar\/portalurbano\/#organization"},"articleSection":["Ciudad","Destacadas 2"],"inLanguage":"es"},{"@type":"WebPage","@id":"https:\/\/experienciadevida.com.ar\/portalurbano\/la-obra-del-hospital-terminara-en-el-2022-y-cloacas-para-el-facundo-quiroga-i\/","url":"https:\/\/experienciadevida.com.ar\/portalurbano\/la-obra-del-hospital-terminara-en-el-2022-y-cloacas-para-el-facundo-quiroga-i\/","name":"La obra del Hospital termnar\u00e1 en el 2022 y cloacas para el Facundo I","isPartOf":{"@id":"https:\/\/experienciadevida.com.ar\/portalurbano\/#website"},"datePublished":"2021-03-17T15:39:12+00:00","dateModified":"2021-03-17T15:43:31+00:00","description":"La obra del Hospital terminar\u00e1 en el 2022 y cloacas para el Facundo Quiroga I. Lo anunci\u00f3 el intendente Ezequiel Galli, en declaraciones","breadcrumb":{"@id":"https:\/\/experienciadevida.com.ar\/portalurbano\/la-obra-del-hospital-terminara-en-el-2022-y-cloacas-para-el-facundo-quiroga-i\/#breadcrumb"},"inLanguage":"es","potentialAction":[{"@type":"ReadAction","target":["https:\/\/experienciadevida.com.ar\/portalurbano\/la-obra-del-hospital-terminara-en-el-2022-y-cloacas-para-el-facundo-quiroga-i\/"]}]},{"@type":"BreadcrumbList","@id":"https:\/\/experienciadevida.com.ar\/portalurbano\/la-obra-del-hospital-terminara-en-el-2022-y-cloacas-para-el-facundo-quiroga-i\/#breadcrumb","itemListElement":[{"@type":"ListItem","position":1,"name":"Portada","item":"https:\/\/experienciadevida.com.ar\/portalurbano\/"},{"@type":"ListItem","position":2,"name":"La obra del Hospital terminar\u00e1 en el 2022 y cloacas para el Facundo Quiroga I"}]},{"@type":"WebSite","@id":"https:\/\/experienciadevida.com.ar\/portalurbano\/#website","url":"https:\/\/experienciadevida.com.ar\/portalurbano\/","name":"","description":"","publisher":{"@id":"https:\/\/experienciadevida.com.ar\/portalurbano\/#organization"},"potentialAction":[{"@type":"SearchAction","target":{"@type":"EntryPoint","urlTemplate":"https:\/\/experienciadevida.com.ar\/portalurbano\/?s={search_term_string}"},"query-input":"required name=search_term_string"}],"inLanguage":"es"},{"@type":"Organization","@id":"https:\/\/experienciadevida.com.ar\/portalurbano\/#organization","name":"Portal Urbano","url":"https:\/\/experienciadevida.com.ar\/portalurbano\/","logo":{"@type":"ImageObject","inLanguage":"es","@id":"https:\/\/experienciadevida.com.ar\/portalurbano\/#\/schema\/logo\/image\/","url":"https:\/\/experienciadevida.com.ar\/portalurbano\/wp-content\/uploads\/2019\/09\/Logo-Original.png","contentUrl":"https:\/\/experienciadevida.com.ar\/portalurbano\/wp-content\/uploads\/2019\/09\/Logo-Original.png","width":2236,"height":1216,"caption":"Portal Urbano"},"image":{"@id":"https:\/\/experienciadevida.com.ar\/portalurbano\/#\/schema\/logo\/image\/"},"sameAs":["https:\/\/www.facebook.com\/Portal-Urbano-171542830093757\/","https:\/\/twitter.com\/portalurbanook","https:\/\/www.instagram.com\/_portalurbano\/","https:\/\/www.youtube.com\/channel\/UCXhagIfszH8KxFiOok79zbA?view_as=subscriber"]},{"@type":"Person","@id":"https:\/\/experienciadevida.com.ar\/portalurbano\/#\/schema\/person\/02dd326b1c4b056e9cc972486934a3a7","name":"admpu17wp","image":{"@type":"ImageObject","inLanguage":"es","@id":"https:\/\/experienciadevida.com.ar\/portalurbano\/#\/schema\/person\/image\/","url":"https:\/\/secure.gravatar.com\/avatar\/830d4c57adaae6630765e449a6908047?s=96&d=mm&r=g","contentUrl":"https:\/\/secure.gravatar.com\/avatar\/830d4c57adaae6630765e449a6908047?s=96&d=mm&r=g","caption":"admpu17wp"}}]}},"featured_image_urls":{"full":["https:\/\/experienciadevida.com.ar\/portalurbano\/wp-content\/uploads\/2021\/03\/Galli-2.jpg",1000,668,false],"thumbnail":["https:\/\/experienciadevida.com.ar\/portalurbano\/wp-content\/uploads\/2021\/03\/Galli-2-150x150.jpg",150,150,true],"medium":["https:\/\/experienciadevida.com.ar\/portalurbano\/wp-content\/uploads\/2021\/03\/Galli-2-300x200.jpg",300,200,true],"medium_large":["https:\/\/experienciadevida.com.ar\/portalurbano\/wp-content\/uploads\/2021\/03\/Galli-2-768x513.jpg",640,428,true],"large":["https:\/\/experienciadevida.com.ar\/portalurbano\/wp-content\/uploads\/2021\/03\/Galli-2.jpg",640,428,false],"ug_big":["https:\/\/experienciadevida.com.ar\/portalurbano\/wp-content\/uploads\/2021\/03\/Galli-2-768x513.jpg",768,513,true],"1536x1536":["https:\/\/experienciadevida.com.ar\/portalurbano\/wp-content\/uploads\/2021\/03\/Galli-2.jpg",1000,668,false],"2048x2048":["https:\/\/experienciadevida.com.ar\/portalurbano\/wp-content\/uploads\/2021\/03\/Galli-2.jpg",1000,668,false],"newsever-slider-full":["https:\/\/experienciadevida.com.ar\/portalurbano\/wp-content\/uploads\/2021\/03\/Galli-2.jpg",1000,668,false],"newsever-featured":["https:\/\/experienciadevida.com.ar\/portalurbano\/wp-content\/uploads\/2021\/03\/Galli-2.jpg",1000,668,false],"newsever-medium":["https:\/\/experienciadevida.com.ar\/portalurbano\/wp-content\/uploads\/2021\/03\/Galli-2.jpg",711,475,false],"web-stories-poster-portrait":["https:\/\/experienciadevida.com.ar\/portalurbano\/wp-content\/uploads\/2021\/03\/Galli-2.jpg",640,428,false],"web-stories-publisher-logo":["https:\/\/experienciadevida.com.ar\/portalurbano\/wp-content\/uploads\/2021\/03\/Galli-2.jpg",96,64,false],"web-stories-thumbnail":["https:\/\/experienciadevida.com.ar\/portalurbano\/wp-content\/uploads\/2021\/03\/Galli-2.jpg",150,100,false]},"author_info":{"display_name":"admpu17wp","author_link":"https:\/\/experienciadevida.com.ar\/portalurbano\/author\/admpu17wp\/"},"category_info":"<a href=\"https:\/\/experienciadevida.com.ar\/portalurbano\/category\/ciudad\/\" rel=\"category tag\">Ciudad<\/a> <a href=\"https:\/\/experienciadevida.com.ar\/portalurbano\/category\/destacadas-2\/\" rel=\"category tag\">Destacadas 2<\/a>","tag_info":"Destacadas 2","comment_count":"0","amp_enabled":true,"_links":{"self":[{"href":"https:\/\/experienciadevida.com.ar\/portalurbano\/wp-json\/wp\/v2\/posts\/137677"}],"collection":[{"href":"https:\/\/experienciadevida.com.ar\/portalurbano\/wp-json\/wp\/v2\/posts"}],"about":[{"href":"https:\/\/experienciadevida.com.ar\/portalurbano\/wp-json\/wp\/v2\/types\/post"}],"author":[{"embeddable":true,"href":"https:\/\/experienciadevida.com.ar\/portalurbano\/wp-json\/wp\/v2\/users\/1"}],"replies":[{"embeddable":true,"href":"https:\/\/experienciadevida.com.ar\/portalurbano\/wp-json\/wp\/v2\/comments?post=137677"}],"version-history":[{"count":5,"href":"https:\/\/experienciadevida.com.ar\/portalurbano\/wp-json\/wp\/v2\/posts\/137677\/revisions"}],"predecessor-version":[{"id":137691,"href":"https:\/\/experienciadevida.com.ar\/portalurbano\/wp-json\/wp\/v2\/posts\/137677\/revisions\/137691"}],"wp:featuredmedia":[{"embeddable":true,"href":"https:\/\/experienciadevida.com.ar\/portalurbano\/wp-json\/wp\/v2\/media\/137689"}],"wp:attachment":[{"href":"https:\/\/experienciadevida.com.ar\/portalurbano\/wp-json\/wp\/v2\/media?parent=137677"}],"wp:term":[{"taxonomy":"category","embeddable":true,"href":"https:\/\/experienciadevida.com.ar\/portalurbano\/wp-json\/wp\/v2\/categories?post=137677"},{"taxonomy":"post_tag","embeddable":true,"href":"https:\/\/experienciadevida.com.ar\/portalurbano\/wp-json\/wp\/v2\/tags?post=137677"}],"curies":[{"name":"wp","href":"https:\/\/api.w.org\/{rel}","templated":true}]}}