{"id":137579,"date":"2021-03-16T11:48:09","date_gmt":"2021-03-16T14:48:09","guid":{"rendered":"https:\/\/experienciadevida.com.ar\/portalurbano\/?p=137579"},"modified":"2021-03-16T11:49:59","modified_gmt":"2021-03-16T14:49:59","slug":"comenzo-la-inscripcion-a-las-escuelas-artisticas-municipales","status":"publish","type":"post","link":"https:\/\/experienciadevida.com.ar\/portalurbano\/comenzo-la-inscripcion-a-las-escuelas-artisticas-municipales\/","title":{"rendered":"Comenz\u00f3 la inscripci\u00f3n a las Escuelas Art\u00edsticas Municipales"},"content":{"rendered":"<p>Comenz\u00f3 la inscripci\u00f3n a las Escuelas Art\u00edsticas Municipales. Con una buena convocatoria de la comunidad, este lunes 15 de marzo se inici\u00f3 la inscripci\u00f3n para los talleres de las Escuela Art\u00edsticas Municipales, que son coordinadas por la Subsecretar\u00eda de Cultura y Educaci\u00f3n del Municipio.<\/p>\n<p>Las clases comenzar\u00e1n el d\u00eda 5 de abril y en este sentido, se trabaja en la organizaci\u00f3n de los protocolos sanitarios correspondientes, en pos de garantizar la continuidad de la presencialidad de los\/as alumnos\/as en cada taller.<\/p>\n<p>En este sentido, d\u00edas atr\u00e1s se llev\u00f3 a cabo una reuni\u00f3n informativa en el Centro Cultural con los referentes de la Escuelas Art\u00edsticas Municipales, en el marco del Programa \u201cAulas Seguras\u201d.<\/p>\n<p>Cabe recordar que la inscripci\u00f3n continuar\u00e1, de 17 a 19 horas, en los siguientes espacios:<\/p>\n<p>Escuela Municipal de M\u00fasica \u201cHermanos Rossi \u201c- Avda. Pringles 3027-Tel: 444014.<br \/>\nEscuela Municipal de Orfebrer\u00eda y Artesan\u00edas Tradicionales \u201cMaestro Armando Ferreira \u201d \u2013 Bol\u00edvar 3332 \u2013 Tel: 443645.<br \/>\nEscuela Municipal de Cer\u00e1mica de Sierra Bayas \u2013 Alsina entre Roca y Brown.<br \/>\nEscuela Municipal de Danza \u2013 Casa del Bicentenario (Bol\u00edvar y Cerrito) \u2013 Tel: 418454.<br \/>\nEscuela Municipal de Artes Pl\u00e1sticas Leopoldo Boccazzi \u2013 San Mart\u00edn y Pourtal\u00e9 \u2013 Tel: 419036.<br \/>\nEscuela Municipal de Artes Pl\u00e1sticas Sierra Bayas \u2013 Avda. Urquiza 1746.<br \/>\nEscuela Municipal de Teatro \u2013 Casa de la Cultura (Cnel. Su\u00e1rez 2924) \u2013 Tel: 426043.<br \/>\nEscuela Municipal de Ajedrez \u2013 Casa de la Cultura (Cnel. Su\u00e1rez 2924) \u2013 Tel: 426043.<br \/>\nEscuela Municipal Literaria Alfonsina \u2013 Casa de la Cultura (Cnel. Su\u00e1rez 2924) \u2013 Tel: 426043.<br \/>\nEscuela Municipal de Cer\u00e1mica Olavarr\u00eda- Casa de la Cultura (Cnel. Su\u00e1rez 2924) \u2013 Tel: 426043.<br \/>\nAnte cualquier duda e inquietud pueden comunicarse al mail: escuelasartisticas@olavarria.gov.ar. Tambi\u00e9n podr\u00e1n acercarse de lunes a viernes de 09:00 a 12:30 horas a la Casa de la Cultura (Coronel Su\u00e1rez 2924) o comunicarse telef\u00f3nicamente al (02284) 426043.<\/p>\n<p>En los pr\u00f3ximos d\u00edas se dar\u00e1 a conocer el cronograma completo de d\u00edas y horarios de las diferentes disciplinas.<\/p>\n<p><a href=\"https:\/\/experienciadevida.com.ar\/portalurbano\/comenzo-la-inscripcion-a-las-escuelas-artisticas-municipales\/comenzo-la\/\" rel=\"attachment wp-att-137582\"><img decoding=\"async\" class=\"alignnone size-full wp-image-137582\" src=\"https:\/\/experienciadevida.com.ar\/portalurbano\/wp-content\/uploads\/2021\/03\/comenzo-la.jpg\" alt=\"comenz\u00f3 la \" width=\"1181\" height=\"787\" srcset=\"https:\/\/experienciadevida.com.ar\/portalurbano\/wp-content\/uploads\/2021\/03\/comenzo-la.jpg 1181w, https:\/\/experienciadevida.com.ar\/portalurbano\/wp-content\/uploads\/2021\/03\/comenzo-la-300x200.jpg 300w, https:\/\/experienciadevida.com.ar\/portalurbano\/wp-content\/uploads\/2021\/03\/comenzo-la-1024x682.jpg 1024w, https:\/\/experienciadevida.com.ar\/portalurbano\/wp-content\/uploads\/2021\/03\/comenzo-la-768x512.jpg 768w\" sizes=\"(max-width: 1181px) 100vw, 1181px\" \/><\/a><\/p>\n<p><a href=\"https:\/\/experienciadevida.com.ar\/portalurbano\/comenzo-la-inscripcion-a-las-escuelas-artisticas-municipales\/inscripcion-4\/\" rel=\"attachment wp-att-137583\"><img decoding=\"async\" class=\"alignnone size-full wp-image-137583\" src=\"https:\/\/experienciadevida.com.ar\/portalurbano\/wp-content\/uploads\/2021\/03\/inscripcion.jpg\" alt=\"inscripci\u00f3n\" width=\"1181\" height=\"787\" srcset=\"https:\/\/experienciadevida.com.ar\/portalurbano\/wp-content\/uploads\/2021\/03\/inscripcion.jpg 1181w, https:\/\/experienciadevida.com.ar\/portalurbano\/wp-content\/uploads\/2021\/03\/inscripcion-300x200.jpg 300w, https:\/\/experienciadevida.com.ar\/portalurbano\/wp-content\/uploads\/2021\/03\/inscripcion-1024x682.jpg 1024w, https:\/\/experienciadevida.com.ar\/portalurbano\/wp-content\/uploads\/2021\/03\/inscripcion-768x512.jpg 768w\" sizes=\"(max-width: 1181px) 100vw, 1181px\" \/><\/a><\/p>\n","protected":false},"excerpt":{"rendered":"<p>Comenz\u00f3 la inscripci\u00f3n a las Escuelas Art\u00edsticas Municipales. Con una buena convocatoria de la comunidad,&#8230;<\/p>\n","protected":false},"author":1,"featured_media":137580,"comment_status":"closed","ping_status":"closed","sticky":false,"template":"","format":"standard","meta":{"content-type":""},"categories":[27,64],"tags":[],"nelio_content":{"isAutoShareEnabled":false,"autoShareEndMode":"default","automationSources":{"useContentSentences":true,"useSocialTemplates":true,"useCustomSentences":false,"customSentences":[]},"followers":[1],"suggestedReferences":[],"includedReferences":[],"efiUrl":"","efiAlt":"","highlights":[]},"yoast_head":"<!-- This site is optimized with the Yoast SEO plugin v20.7 - https:\/\/yoast.com\/wordpress\/plugins\/seo\/ -->\n<title>Comenz\u00f3 la inscripci\u00f3n a las escuelas art\u00edsticas muniicpales<\/title>\n<meta name=\"description\" content=\"Comenz\u00f3 la inscripci\u00f3n a las Escuelas Art\u00edsticas Municipales, con una buena convocatoria de la comunidad, este martes.\" \/>\n<meta name=\"robots\" content=\"index, follow, max-snippet:-1, max-image-preview:large, max-video-preview:-1\" \/>\n<link rel=\"canonical\" href=\"https:\/\/experienciadevida.com.ar\/portalurbano\/comenzo-la-inscripcion-a-las-escuelas-artisticas-municipales\/\" \/>\n<meta property=\"og:locale\" content=\"es_ES\" \/>\n<meta property=\"og:type\" content=\"article\" \/>\n<meta property=\"og:title\" content=\"Comenz\u00f3 la inscripci\u00f3n a las escuelas art\u00edsticas muniicpales\" \/>\n<meta property=\"og:description\" content=\"Comenz\u00f3 la inscripci\u00f3n a las Escuelas Art\u00edsticas Municipales, con una buena convocatoria de la comunidad, este martes.\" \/>\n<meta property=\"og:url\" content=\"https:\/\/experienciadevida.com.ar\/portalurbano\/comenzo-la-inscripcion-a-las-escuelas-artisticas-municipales\/\" \/>\n<meta property=\"article:publisher\" content=\"https:\/\/www.facebook.com\/Portal-Urbano-171542830093757\/\" \/>\n<meta property=\"article:published_time\" content=\"2021-03-16T14:48:09+00:00\" \/>\n<meta property=\"article:modified_time\" content=\"2021-03-16T14:49:59+00:00\" \/>\n<meta property=\"og:image\" content=\"https:\/\/experienciadevida.com.ar\/portalurbano\/wp-content\/uploads\/2021\/03\/Comenzo-la-inscripcion-a-las.jpg\" \/>\n\t<meta property=\"og:image:width\" content=\"1181\" \/>\n\t<meta property=\"og:image:height\" content=\"787\" \/>\n\t<meta property=\"og:image:type\" content=\"image\/jpeg\" \/>\n<meta name=\"author\" content=\"admpu17wp\" \/>\n<meta name=\"twitter:card\" content=\"summary_large_image\" \/>\n<meta name=\"twitter:creator\" content=\"@portalurbanook\" \/>\n<meta name=\"twitter:site\" content=\"@portalurbanook\" \/>\n<meta name=\"twitter:label1\" content=\"Escrito por\" \/>\n\t<meta name=\"twitter:data1\" content=\"admpu17wp\" \/>\n\t<meta name=\"twitter:label2\" content=\"Tiempo de lectura\" \/>\n\t<meta name=\"twitter:data2\" content=\"2 minutos\" \/>\n<script type=\"application\/ld+json\" class=\"yoast-schema-graph\">{\"@context\":\"https:\/\/schema.org\",\"@graph\":[{\"@type\":\"Article\",\"@id\":\"https:\/\/experienciadevida.com.ar\/portalurbano\/comenzo-la-inscripcion-a-las-escuelas-artisticas-municipales\/#article\",\"isPartOf\":{\"@id\":\"https:\/\/experienciadevida.com.ar\/portalurbano\/comenzo-la-inscripcion-a-las-escuelas-artisticas-municipales\/\"},\"author\":{\"name\":\"admpu17wp\",\"@id\":\"https:\/\/experienciadevida.com.ar\/portalurbano\/#\/schema\/person\/02dd326b1c4b056e9cc972486934a3a7\"},\"headline\":\"Comenz\u00f3 la inscripci\u00f3n a las Escuelas Art\u00edsticas Municipales\",\"datePublished\":\"2021-03-16T14:48:09+00:00\",\"dateModified\":\"2021-03-16T14:49:59+00:00\",\"mainEntityOfPage\":{\"@id\":\"https:\/\/experienciadevida.com.ar\/portalurbano\/comenzo-la-inscripcion-a-las-escuelas-artisticas-municipales\/\"},\"wordCount\":336,\"publisher\":{\"@id\":\"https:\/\/experienciadevida.com.ar\/portalurbano\/#organization\"},\"articleSection\":[\"Ciudad\",\"Destacadas 2\"],\"inLanguage\":\"es\"},{\"@type\":\"WebPage\",\"@id\":\"https:\/\/experienciadevida.com.ar\/portalurbano\/comenzo-la-inscripcion-a-las-escuelas-artisticas-municipales\/\",\"url\":\"https:\/\/experienciadevida.com.ar\/portalurbano\/comenzo-la-inscripcion-a-las-escuelas-artisticas-municipales\/\",\"name\":\"Comenz\u00f3 la inscripci\u00f3n a las escuelas art\u00edsticas muniicpales\",\"isPartOf\":{\"@id\":\"https:\/\/experienciadevida.com.ar\/portalurbano\/#website\"},\"datePublished\":\"2021-03-16T14:48:09+00:00\",\"dateModified\":\"2021-03-16T14:49:59+00:00\",\"description\":\"Comenz\u00f3 la inscripci\u00f3n a las Escuelas Art\u00edsticas Municipales, con una buena convocatoria de la comunidad, este martes.\",\"breadcrumb\":{\"@id\":\"https:\/\/experienciadevida.com.ar\/portalurbano\/comenzo-la-inscripcion-a-las-escuelas-artisticas-municipales\/#breadcrumb\"},\"inLanguage\":\"es\",\"potentialAction\":[{\"@type\":\"ReadAction\",\"target\":[\"https:\/\/experienciadevida.com.ar\/portalurbano\/comenzo-la-inscripcion-a-las-escuelas-artisticas-municipales\/\"]}]},{\"@type\":\"BreadcrumbList\",\"@id\":\"https:\/\/experienciadevida.com.ar\/portalurbano\/comenzo-la-inscripcion-a-las-escuelas-artisticas-municipales\/#breadcrumb\",\"itemListElement\":[{\"@type\":\"ListItem\",\"position\":1,\"name\":\"Portada\",\"item\":\"https:\/\/experienciadevida.com.ar\/portalurbano\/\"},{\"@type\":\"ListItem\",\"position\":2,\"name\":\"Comenz\u00f3 la inscripci\u00f3n a las Escuelas Art\u00edsticas Municipales\"}]},{\"@type\":\"WebSite\",\"@id\":\"https:\/\/experienciadevida.com.ar\/portalurbano\/#website\",\"url\":\"https:\/\/experienciadevida.com.ar\/portalurbano\/\",\"name\":\"\",\"description\":\"\",\"publisher\":{\"@id\":\"https:\/\/experienciadevida.com.ar\/portalurbano\/#organization\"},\"potentialAction\":[{\"@type\":\"SearchAction\",\"target\":{\"@type\":\"EntryPoint\",\"urlTemplate\":\"https:\/\/experienciadevida.com.ar\/portalurbano\/?s={search_term_string}\"},\"query-input\":\"required name=search_term_string\"}],\"inLanguage\":\"es\"},{\"@type\":\"Organization\",\"@id\":\"https:\/\/experienciadevida.com.ar\/portalurbano\/#organization\",\"name\":\"Portal Urbano\",\"url\":\"https:\/\/experienciadevida.com.ar\/portalurbano\/\",\"logo\":{\"@type\":\"ImageObject\",\"inLanguage\":\"es\",\"@id\":\"https:\/\/experienciadevida.com.ar\/portalurbano\/#\/schema\/logo\/image\/\",\"url\":\"https:\/\/experienciadevida.com.ar\/portalurbano\/wp-content\/uploads\/2019\/09\/Logo-Original.png\",\"contentUrl\":\"https:\/\/experienciadevida.com.ar\/portalurbano\/wp-content\/uploads\/2019\/09\/Logo-Original.png\",\"width\":2236,\"height\":1216,\"caption\":\"Portal Urbano\"},\"image\":{\"@id\":\"https:\/\/experienciadevida.com.ar\/portalurbano\/#\/schema\/logo\/image\/\"},\"sameAs\":[\"https:\/\/www.facebook.com\/Portal-Urbano-171542830093757\/\",\"https:\/\/twitter.com\/portalurbanook\",\"https:\/\/www.instagram.com\/_portalurbano\/\",\"https:\/\/www.youtube.com\/channel\/UCXhagIfszH8KxFiOok79zbA?view_as=subscriber\"]},{\"@type\":\"Person\",\"@id\":\"https:\/\/experienciadevida.com.ar\/portalurbano\/#\/schema\/person\/02dd326b1c4b056e9cc972486934a3a7\",\"name\":\"admpu17wp\",\"image\":{\"@type\":\"ImageObject\",\"inLanguage\":\"es\",\"@id\":\"https:\/\/experienciadevida.com.ar\/portalurbano\/#\/schema\/person\/image\/\",\"url\":\"https:\/\/secure.gravatar.com\/avatar\/830d4c57adaae6630765e449a6908047?s=96&d=mm&r=g\",\"contentUrl\":\"https:\/\/secure.gravatar.com\/avatar\/830d4c57adaae6630765e449a6908047?s=96&d=mm&r=g\",\"caption\":\"admpu17wp\"}}]}<\/script>\n<!-- \/ Yoast SEO plugin. -->","yoast_head_json":{"title":"Comenz\u00f3 la inscripci\u00f3n a las escuelas art\u00edsticas muniicpales","description":"Comenz\u00f3 la inscripci\u00f3n a las Escuelas Art\u00edsticas Municipales, con una buena convocatoria de la comunidad, este martes.","robots":{"index":"index","follow":"follow","max-snippet":"max-snippet:-1","max-image-preview":"max-image-preview:large","max-video-preview":"max-video-preview:-1"},"canonical":"https:\/\/experienciadevida.com.ar\/portalurbano\/comenzo-la-inscripcion-a-las-escuelas-artisticas-municipales\/","og_locale":"es_ES","og_type":"article","og_title":"Comenz\u00f3 la inscripci\u00f3n a las escuelas art\u00edsticas muniicpales","og_description":"Comenz\u00f3 la inscripci\u00f3n a las Escuelas Art\u00edsticas Municipales, con una buena convocatoria de la comunidad, este martes.","og_url":"https:\/\/experienciadevida.com.ar\/portalurbano\/comenzo-la-inscripcion-a-las-escuelas-artisticas-municipales\/","article_publisher":"https:\/\/www.facebook.com\/Portal-Urbano-171542830093757\/","article_published_time":"2021-03-16T14:48:09+00:00","article_modified_time":"2021-03-16T14:49:59+00:00","og_image":[{"width":1181,"height":787,"url":"https:\/\/experienciadevida.com.ar\/portalurbano\/wp-content\/uploads\/2021\/03\/Comenzo-la-inscripcion-a-las.jpg","type":"image\/jpeg"}],"author":"admpu17wp","twitter_card":"summary_large_image","twitter_creator":"@portalurbanook","twitter_site":"@portalurbanook","twitter_misc":{"Escrito por":"admpu17wp","Tiempo de lectura":"2 minutos"},"schema":{"@context":"https:\/\/schema.org","@graph":[{"@type":"Article","@id":"https:\/\/experienciadevida.com.ar\/portalurbano\/comenzo-la-inscripcion-a-las-escuelas-artisticas-municipales\/#article","isPartOf":{"@id":"https:\/\/experienciadevida.com.ar\/portalurbano\/comenzo-la-inscripcion-a-las-escuelas-artisticas-municipales\/"},"author":{"name":"admpu17wp","@id":"https:\/\/experienciadevida.com.ar\/portalurbano\/#\/schema\/person\/02dd326b1c4b056e9cc972486934a3a7"},"headline":"Comenz\u00f3 la inscripci\u00f3n a las Escuelas Art\u00edsticas Municipales","datePublished":"2021-03-16T14:48:09+00:00","dateModified":"2021-03-16T14:49:59+00:00","mainEntityOfPage":{"@id":"https:\/\/experienciadevida.com.ar\/portalurbano\/comenzo-la-inscripcion-a-las-escuelas-artisticas-municipales\/"},"wordCount":336,"publisher":{"@id":"https:\/\/experienciadevida.com.ar\/portalurbano\/#organization"},"articleSection":["Ciudad","Destacadas 2"],"inLanguage":"es"},{"@type":"WebPage","@id":"https:\/\/experienciadevida.com.ar\/portalurbano\/comenzo-la-inscripcion-a-las-escuelas-artisticas-municipales\/","url":"https:\/\/experienciadevida.com.ar\/portalurbano\/comenzo-la-inscripcion-a-las-escuelas-artisticas-municipales\/","name":"Comenz\u00f3 la inscripci\u00f3n a las escuelas art\u00edsticas muniicpales","isPartOf":{"@id":"https:\/\/experienciadevida.com.ar\/portalurbano\/#website"},"datePublished":"2021-03-16T14:48:09+00:00","dateModified":"2021-03-16T14:49:59+00:00","description":"Comenz\u00f3 la inscripci\u00f3n a las Escuelas Art\u00edsticas Municipales, con una buena convocatoria de la comunidad, este martes.","breadcrumb":{"@id":"https:\/\/experienciadevida.com.ar\/portalurbano\/comenzo-la-inscripcion-a-las-escuelas-artisticas-municipales\/#breadcrumb"},"inLanguage":"es","potentialAction":[{"@type":"ReadAction","target":["https:\/\/experienciadevida.com.ar\/portalurbano\/comenzo-la-inscripcion-a-las-escuelas-artisticas-municipales\/"]}]},{"@type":"BreadcrumbList","@id":"https:\/\/experienciadevida.com.ar\/portalurbano\/comenzo-la-inscripcion-a-las-escuelas-artisticas-municipales\/#breadcrumb","itemListElement":[{"@type":"ListItem","position":1,"name":"Portada","item":"https:\/\/experienciadevida.com.ar\/portalurbano\/"},{"@type":"ListItem","position":2,"name":"Comenz\u00f3 la inscripci\u00f3n a las Escuelas Art\u00edsticas Municipales"}]},{"@type":"WebSite","@id":"https:\/\/experienciadevida.com.ar\/portalurbano\/#website","url":"https:\/\/experienciadevida.com.ar\/portalurbano\/","name":"","description":"","publisher":{"@id":"https:\/\/experienciadevida.com.ar\/portalurbano\/#organization"},"potentialAction":[{"@type":"SearchAction","target":{"@type":"EntryPoint","urlTemplate":"https:\/\/experienciadevida.com.ar\/portalurbano\/?s={search_term_string}"},"query-input":"required name=search_term_string"}],"inLanguage":"es"},{"@type":"Organization","@id":"https:\/\/experienciadevida.com.ar\/portalurbano\/#organization","name":"Portal Urbano","url":"https:\/\/experienciadevida.com.ar\/portalurbano\/","logo":{"@type":"ImageObject","inLanguage":"es","@id":"https:\/\/experienciadevida.com.ar\/portalurbano\/#\/schema\/logo\/image\/","url":"https:\/\/experienciadevida.com.ar\/portalurbano\/wp-content\/uploads\/2019\/09\/Logo-Original.png","contentUrl":"https:\/\/experienciadevida.com.ar\/portalurbano\/wp-content\/uploads\/2019\/09\/Logo-Original.png","width":2236,"height":1216,"caption":"Portal Urbano"},"image":{"@id":"https:\/\/experienciadevida.com.ar\/portalurbano\/#\/schema\/logo\/image\/"},"sameAs":["https:\/\/www.facebook.com\/Portal-Urbano-171542830093757\/","https:\/\/twitter.com\/portalurbanook","https:\/\/www.instagram.com\/_portalurbano\/","https:\/\/www.youtube.com\/channel\/UCXhagIfszH8KxFiOok79zbA?view_as=subscriber"]},{"@type":"Person","@id":"https:\/\/experienciadevida.com.ar\/portalurbano\/#\/schema\/person\/02dd326b1c4b056e9cc972486934a3a7","name":"admpu17wp","image":{"@type":"ImageObject","inLanguage":"es","@id":"https:\/\/experienciadevida.com.ar\/portalurbano\/#\/schema\/person\/image\/","url":"https:\/\/secure.gravatar.com\/avatar\/830d4c57adaae6630765e449a6908047?s=96&d=mm&r=g","contentUrl":"https:\/\/secure.gravatar.com\/avatar\/830d4c57adaae6630765e449a6908047?s=96&d=mm&r=g","caption":"admpu17wp"}}]}},"featured_image_urls":{"full":["https:\/\/experienciadevida.com.ar\/portalurbano\/wp-content\/uploads\/2021\/03\/Comenzo-la-inscripcion-a-las.jpg",1181,787,false],"thumbnail":["https:\/\/experienciadevida.com.ar\/portalurbano\/wp-content\/uploads\/2021\/03\/Comenzo-la-inscripcion-a-las-150x150.jpg",150,150,true],"medium":["https:\/\/experienciadevida.com.ar\/portalurbano\/wp-content\/uploads\/2021\/03\/Comenzo-la-inscripcion-a-las-300x200.jpg",300,200,true],"medium_large":["https:\/\/experienciadevida.com.ar\/portalurbano\/wp-content\/uploads\/2021\/03\/Comenzo-la-inscripcion-a-las-768x512.jpg",640,427,true],"large":["https:\/\/experienciadevida.com.ar\/portalurbano\/wp-content\/uploads\/2021\/03\/Comenzo-la-inscripcion-a-las-1024x682.jpg",640,426,true],"ug_big":["https:\/\/experienciadevida.com.ar\/portalurbano\/wp-content\/uploads\/2021\/03\/Comenzo-la-inscripcion-a-las-768x512.jpg",768,512,true],"1536x1536":["https:\/\/experienciadevida.com.ar\/portalurbano\/wp-content\/uploads\/2021\/03\/Comenzo-la-inscripcion-a-las.jpg",1181,787,false],"2048x2048":["https:\/\/experienciadevida.com.ar\/portalurbano\/wp-content\/uploads\/2021\/03\/Comenzo-la-inscripcion-a-las.jpg",1181,787,false],"newsever-slider-full":["https:\/\/experienciadevida.com.ar\/portalurbano\/wp-content\/uploads\/2021\/03\/Comenzo-la-inscripcion-a-las.jpg",1181,787,false],"newsever-featured":["https:\/\/experienciadevida.com.ar\/portalurbano\/wp-content\/uploads\/2021\/03\/Comenzo-la-inscripcion-a-las.jpg",1024,682,false],"newsever-medium":["https:\/\/experienciadevida.com.ar\/portalurbano\/wp-content\/uploads\/2021\/03\/Comenzo-la-inscripcion-a-las.jpg",713,475,false],"web-stories-poster-portrait":["https:\/\/experienciadevida.com.ar\/portalurbano\/wp-content\/uploads\/2021\/03\/Comenzo-la-inscripcion-a-las.jpg",640,426,false],"web-stories-publisher-logo":["https:\/\/experienciadevida.com.ar\/portalurbano\/wp-content\/uploads\/2021\/03\/Comenzo-la-inscripcion-a-las.jpg",96,64,false],"web-stories-thumbnail":["https:\/\/experienciadevida.com.ar\/portalurbano\/wp-content\/uploads\/2021\/03\/Comenzo-la-inscripcion-a-las.jpg",150,100,false]},"author_info":{"display_name":"admpu17wp","author_link":"https:\/\/experienciadevida.com.ar\/portalurbano\/author\/admpu17wp\/"},"category_info":"<a href=\"https:\/\/experienciadevida.com.ar\/portalurbano\/category\/ciudad\/\" rel=\"category tag\">Ciudad<\/a> <a href=\"https:\/\/experienciadevida.com.ar\/portalurbano\/category\/destacadas-2\/\" rel=\"category tag\">Destacadas 2<\/a>","tag_info":"Destacadas 2","comment_count":"0","amp_enabled":true,"_links":{"self":[{"href":"https:\/\/experienciadevida.com.ar\/portalurbano\/wp-json\/wp\/v2\/posts\/137579"}],"collection":[{"href":"https:\/\/experienciadevida.com.ar\/portalurbano\/wp-json\/wp\/v2\/posts"}],"about":[{"href":"https:\/\/experienciadevida.com.ar\/portalurbano\/wp-json\/wp\/v2\/types\/post"}],"author":[{"embeddable":true,"href":"https:\/\/experienciadevida.com.ar\/portalurbano\/wp-json\/wp\/v2\/users\/1"}],"replies":[{"embeddable":true,"href":"https:\/\/experienciadevida.com.ar\/portalurbano\/wp-json\/wp\/v2\/comments?post=137579"}],"version-history":[{"count":3,"href":"https:\/\/experienciadevida.com.ar\/portalurbano\/wp-json\/wp\/v2\/posts\/137579\/revisions"}],"predecessor-version":[{"id":137585,"href":"https:\/\/experienciadevida.com.ar\/portalurbano\/wp-json\/wp\/v2\/posts\/137579\/revisions\/137585"}],"wp:featuredmedia":[{"embeddable":true,"href":"https:\/\/experienciadevida.com.ar\/portalurbano\/wp-json\/wp\/v2\/media\/137580"}],"wp:attachment":[{"href":"https:\/\/experienciadevida.com.ar\/portalurbano\/wp-json\/wp\/v2\/media?parent=137579"}],"wp:term":[{"taxonomy":"category","embeddable":true,"href":"https:\/\/experienciadevida.com.ar\/portalurbano\/wp-json\/wp\/v2\/categories?post=137579"},{"taxonomy":"post_tag","embeddable":true,"href":"https:\/\/experienciadevida.com.ar\/portalurbano\/wp-json\/wp\/v2\/tags?post=137579"}],"curies":[{"name":"wp","href":"https:\/\/api.w.org\/{rel}","templated":true}]}}