{"id":137539,"date":"2021-03-16T10:53:45","date_gmt":"2021-03-16T13:53:45","guid":{"rendered":"https:\/\/experienciadevida.com.ar\/portalurbano\/?p=137539"},"modified":"2021-03-16T10:58:58","modified_gmt":"2021-03-16T13:58:58","slug":"impuesto-a-la-piedra-piden-analizar-el-cambio-en-el-metodo-de-control-de-liquidacion-y-pago","status":"publish","type":"post","link":"https:\/\/experienciadevida.com.ar\/portalurbano\/impuesto-a-la-piedra-piden-analizar-el-cambio-en-el-metodo-de-control-de-liquidacion-y-pago\/","title":{"rendered":"Impuesto a la piedra: Piden analizar el cambio en el m\u00e9todo de control de liquidaci\u00f3n y pago&#8221;"},"content":{"rendered":"<p>Impuesto a la piedra: piden analizar el cambio en el m\u00e9todo de control de liquidaci\u00f3n y pago,\u00a0 Unidad popular de la s\u00e9ptima secci\u00f3n emiti\u00f3 un comunicado sobre el impuesto a la piedra, ya que desde el 16 de diciembre presentaron en el Honorable Consejo Deliberante un proyecto para que se destine un tercio (34,33%) del impuesto a la piedra a las localidades. El proyecto fue aprobado por mayor\u00eda en la primera sesi\u00f3n del 2021, con el voto negativo de Juntos por el Cambio.<\/p>\n<p>Desde el espacio mencionan que el beneficio que se logra con la aprobaci\u00f3n alcanzar\u00e1 a Sierras Bayas, Sierra Chica, Loma Negra e Hinojo, entre otras localidades, en proporci\u00f3n\u00a0 a la cantidad de habitantes o la cantidad de material extra\u00eddo. El objetivo es que se destine a infraestructura y salud.<\/p>\n<p>&#8220;Ese fue el primer paso, ahora lo que se necesita y se les solicit\u00f3 a los concejales es que de forma urgente estudien, analicen y traten una reforma a los art\u00edculos 95 y 96 de la ordenanza Fiscal N\u00ba 2460\/99\u00a0 para que propongan un cambio en el m\u00e9todo de control de liquidaci\u00f3n y pago de los derechos a la extracci\u00f3n de esos recursos no renovables&#8221;.<\/p>\n<p>Por otro lado Unidad popular expresa &#8220;lo que solicitamos es que no se efect\u00fae m\u00e1s en base a una declaraci\u00f3n jurada confeccionada de acuerdo a los totales que arrojan las planillas diarias de producci\u00f3n, sino que se establezca un sistema de control real m\u00e1s moderno y riguroso contemplando cada gramo de extracci\u00f3n de arena, piedra, cascajo, sal y dem\u00e1s minerales&#8221;.<\/p>\n<p>&#8220;Sostenemos que el problema m\u00e1s grande que posee la ciudad de Olavarr\u00eda es la explotaci\u00f3n indiscriminada de los recursos no renovables y la falta real de control sobre esas extracciones. Si el pago del impuesto se efect\u00faa por medio de una declaraci\u00f3n jurada que confecciona la misma empresa \u00bfqui\u00e9n controla las extracciones de esos recursos no renovables que no se facturan que no aparecen en las declaraciones juradas? \u00bfNo son el Concejo Deliberante junto al Ejecutivo local los encargados de brindar las herramientas suficientes para que a al ciudad no le roben sus recursos? El mirar para otro lado \u00bflos hace c\u00f3mplices de estas estafas, atropellos y robos?&#8221;.<\/p>\n<p>A su vez &#8220;el problema que estamos observando es que no se est\u00e1 planificando una ciudad a futuro, para cuando esos recursos se acaben y estas empresas emprendan el \u00e9xodo masivo de nuestro suelo&#8221;.<\/p>\n<div class=\"penci-pullqoute align-none\">\n<blockquote><p><strong>El pr\u00f3ximo 29 de junio se cumplir\u00e1n 73 a\u00f1os de la sanci\u00f3n de la primera ordenanza del Impuesto a la Piedra.<\/strong> <\/p><\/blockquote>\n<\/div>\n<p>&#8220;Se necesita de manera urgente la posibilidad de crear un fondo de urbanizaci\u00f3n compuesto por el 50% del impuesto a la piedra para reanudar y reimpulsar el ambicioso proyecto de urbanizaci\u00f3n, denominado Plan Lara autor\u00eda del Senador Provincial Oscar Lara de 1948 para culminar las obras que quedaron pendientes como la pavimentaci\u00f3n de caminos rurales, la adquisici\u00f3n de un helic\u00f3ptero ambulancia para el Hospital, entre otros&#8221;.<\/p>\n<p>Foto: archivo<\/p>\n","protected":false},"excerpt":{"rendered":"<p>Impuesto a la piedra: piden analizar el cambio en el m\u00e9todo de control de liquidaci\u00f3n&#8230;<\/p>\n","protected":false},"author":1,"featured_media":130103,"comment_status":"closed","ping_status":"closed","sticky":false,"template":"","format":"standard","meta":{"content-type":""},"categories":[27,64],"tags":[],"nelio_content":{"isAutoShareEnabled":false,"autoShareEndMode":"default","automationSources":{"useContentSentences":true,"useSocialTemplates":true,"useCustomSentences":false,"customSentences":[]},"followers":[1],"suggestedReferences":[],"includedReferences":[],"efiUrl":"","efiAlt":"","highlights":[]},"yoast_head":"<!-- This site is optimized with the Yoast SEO plugin v20.7 - https:\/\/yoast.com\/wordpress\/plugins\/seo\/ -->\n<title>Impuesto a la piedra: piden analizar el cambio en el m\u00e9todo de control<\/title>\n<meta name=\"description\" content=\"Impuesto a la piedra: piden analizar el cambio en el m\u00e9todo de control de liquidaci\u00f3n y pago, Unidad popular emiti\u00f3 un comunicado este martes\" \/>\n<meta name=\"robots\" content=\"index, follow, max-snippet:-1, max-image-preview:large, max-video-preview:-1\" \/>\n<link rel=\"canonical\" href=\"https:\/\/experienciadevida.com.ar\/portalurbano\/impuesto-a-la-piedra-piden-analizar-el-cambio-en-el-metodo-de-control-de-liquidacion-y-pago\/\" \/>\n<meta property=\"og:locale\" content=\"es_ES\" \/>\n<meta property=\"og:type\" content=\"article\" \/>\n<meta property=\"og:title\" content=\"Impuesto a la piedra: piden analizar el cambio en el m\u00e9todo de control\" \/>\n<meta property=\"og:description\" content=\"Impuesto a la piedra: piden analizar el cambio en el m\u00e9todo de control de liquidaci\u00f3n y pago, Unidad popular emiti\u00f3 un comunicado este martes\" \/>\n<meta property=\"og:url\" content=\"https:\/\/experienciadevida.com.ar\/portalurbano\/impuesto-a-la-piedra-piden-analizar-el-cambio-en-el-metodo-de-control-de-liquidacion-y-pago\/\" \/>\n<meta property=\"article:publisher\" content=\"https:\/\/www.facebook.com\/Portal-Urbano-171542830093757\/\" \/>\n<meta property=\"article:published_time\" content=\"2021-03-16T13:53:45+00:00\" \/>\n<meta property=\"article:modified_time\" content=\"2021-03-16T13:58:58+00:00\" \/>\n<meta property=\"og:image\" content=\"https:\/\/experienciadevida.com.ar\/portalurbano\/wp-content\/uploads\/2020\/12\/Unidad-popular-1.jpg\" \/>\n\t<meta property=\"og:image:width\" content=\"765\" \/>\n\t<meta property=\"og:image:height\" content=\"426\" \/>\n\t<meta property=\"og:image:type\" content=\"image\/jpeg\" \/>\n<meta name=\"author\" content=\"admpu17wp\" \/>\n<meta name=\"twitter:card\" content=\"summary_large_image\" \/>\n<meta name=\"twitter:creator\" content=\"@portalurbanook\" \/>\n<meta name=\"twitter:site\" content=\"@portalurbanook\" \/>\n<meta name=\"twitter:label1\" content=\"Escrito por\" \/>\n\t<meta name=\"twitter:data1\" content=\"admpu17wp\" \/>\n\t<meta name=\"twitter:label2\" content=\"Tiempo de lectura\" \/>\n\t<meta name=\"twitter:data2\" content=\"3 minutos\" \/>\n<script type=\"application\/ld+json\" class=\"yoast-schema-graph\">{\"@context\":\"https:\/\/schema.org\",\"@graph\":[{\"@type\":\"Article\",\"@id\":\"https:\/\/experienciadevida.com.ar\/portalurbano\/impuesto-a-la-piedra-piden-analizar-el-cambio-en-el-metodo-de-control-de-liquidacion-y-pago\/#article\",\"isPartOf\":{\"@id\":\"https:\/\/experienciadevida.com.ar\/portalurbano\/impuesto-a-la-piedra-piden-analizar-el-cambio-en-el-metodo-de-control-de-liquidacion-y-pago\/\"},\"author\":{\"name\":\"admpu17wp\",\"@id\":\"https:\/\/experienciadevida.com.ar\/portalurbano\/#\/schema\/person\/02dd326b1c4b056e9cc972486934a3a7\"},\"headline\":\"Impuesto a la piedra: Piden analizar el cambio en el m\u00e9todo de control de liquidaci\u00f3n y pago&#8221;\",\"datePublished\":\"2021-03-16T13:53:45+00:00\",\"dateModified\":\"2021-03-16T13:58:58+00:00\",\"mainEntityOfPage\":{\"@id\":\"https:\/\/experienciadevida.com.ar\/portalurbano\/impuesto-a-la-piedra-piden-analizar-el-cambio-en-el-metodo-de-control-de-liquidacion-y-pago\/\"},\"wordCount\":537,\"publisher\":{\"@id\":\"https:\/\/experienciadevida.com.ar\/portalurbano\/#organization\"},\"articleSection\":[\"Ciudad\",\"Destacadas 2\"],\"inLanguage\":\"es\"},{\"@type\":\"WebPage\",\"@id\":\"https:\/\/experienciadevida.com.ar\/portalurbano\/impuesto-a-la-piedra-piden-analizar-el-cambio-en-el-metodo-de-control-de-liquidacion-y-pago\/\",\"url\":\"https:\/\/experienciadevida.com.ar\/portalurbano\/impuesto-a-la-piedra-piden-analizar-el-cambio-en-el-metodo-de-control-de-liquidacion-y-pago\/\",\"name\":\"Impuesto a la piedra: piden analizar el cambio en el m\u00e9todo de control\",\"isPartOf\":{\"@id\":\"https:\/\/experienciadevida.com.ar\/portalurbano\/#website\"},\"datePublished\":\"2021-03-16T13:53:45+00:00\",\"dateModified\":\"2021-03-16T13:58:58+00:00\",\"description\":\"Impuesto a la piedra: piden analizar el cambio en el m\u00e9todo de control de liquidaci\u00f3n y pago, Unidad popular emiti\u00f3 un comunicado este martes\",\"breadcrumb\":{\"@id\":\"https:\/\/experienciadevida.com.ar\/portalurbano\/impuesto-a-la-piedra-piden-analizar-el-cambio-en-el-metodo-de-control-de-liquidacion-y-pago\/#breadcrumb\"},\"inLanguage\":\"es\",\"potentialAction\":[{\"@type\":\"ReadAction\",\"target\":[\"https:\/\/experienciadevida.com.ar\/portalurbano\/impuesto-a-la-piedra-piden-analizar-el-cambio-en-el-metodo-de-control-de-liquidacion-y-pago\/\"]}]},{\"@type\":\"BreadcrumbList\",\"@id\":\"https:\/\/experienciadevida.com.ar\/portalurbano\/impuesto-a-la-piedra-piden-analizar-el-cambio-en-el-metodo-de-control-de-liquidacion-y-pago\/#breadcrumb\",\"itemListElement\":[{\"@type\":\"ListItem\",\"position\":1,\"name\":\"Portada\",\"item\":\"https:\/\/experienciadevida.com.ar\/portalurbano\/\"},{\"@type\":\"ListItem\",\"position\":2,\"name\":\"Impuesto a la piedra: Piden analizar el cambio en el m\u00e9todo de control de liquidaci\u00f3n y pago\u00bb\"}]},{\"@type\":\"WebSite\",\"@id\":\"https:\/\/experienciadevida.com.ar\/portalurbano\/#website\",\"url\":\"https:\/\/experienciadevida.com.ar\/portalurbano\/\",\"name\":\"\",\"description\":\"\",\"publisher\":{\"@id\":\"https:\/\/experienciadevida.com.ar\/portalurbano\/#organization\"},\"potentialAction\":[{\"@type\":\"SearchAction\",\"target\":{\"@type\":\"EntryPoint\",\"urlTemplate\":\"https:\/\/experienciadevida.com.ar\/portalurbano\/?s={search_term_string}\"},\"query-input\":\"required name=search_term_string\"}],\"inLanguage\":\"es\"},{\"@type\":\"Organization\",\"@id\":\"https:\/\/experienciadevida.com.ar\/portalurbano\/#organization\",\"name\":\"Portal Urbano\",\"url\":\"https:\/\/experienciadevida.com.ar\/portalurbano\/\",\"logo\":{\"@type\":\"ImageObject\",\"inLanguage\":\"es\",\"@id\":\"https:\/\/experienciadevida.com.ar\/portalurbano\/#\/schema\/logo\/image\/\",\"url\":\"https:\/\/experienciadevida.com.ar\/portalurbano\/wp-content\/uploads\/2019\/09\/Logo-Original.png\",\"contentUrl\":\"https:\/\/experienciadevida.com.ar\/portalurbano\/wp-content\/uploads\/2019\/09\/Logo-Original.png\",\"width\":2236,\"height\":1216,\"caption\":\"Portal Urbano\"},\"image\":{\"@id\":\"https:\/\/experienciadevida.com.ar\/portalurbano\/#\/schema\/logo\/image\/\"},\"sameAs\":[\"https:\/\/www.facebook.com\/Portal-Urbano-171542830093757\/\",\"https:\/\/twitter.com\/portalurbanook\",\"https:\/\/www.instagram.com\/_portalurbano\/\",\"https:\/\/www.youtube.com\/channel\/UCXhagIfszH8KxFiOok79zbA?view_as=subscriber\"]},{\"@type\":\"Person\",\"@id\":\"https:\/\/experienciadevida.com.ar\/portalurbano\/#\/schema\/person\/02dd326b1c4b056e9cc972486934a3a7\",\"name\":\"admpu17wp\",\"image\":{\"@type\":\"ImageObject\",\"inLanguage\":\"es\",\"@id\":\"https:\/\/experienciadevida.com.ar\/portalurbano\/#\/schema\/person\/image\/\",\"url\":\"https:\/\/secure.gravatar.com\/avatar\/830d4c57adaae6630765e449a6908047?s=96&d=mm&r=g\",\"contentUrl\":\"https:\/\/secure.gravatar.com\/avatar\/830d4c57adaae6630765e449a6908047?s=96&d=mm&r=g\",\"caption\":\"admpu17wp\"}}]}<\/script>\n<!-- \/ Yoast SEO plugin. -->","yoast_head_json":{"title":"Impuesto a la piedra: piden analizar el cambio en el m\u00e9todo de control","description":"Impuesto a la piedra: piden analizar el cambio en el m\u00e9todo de control de liquidaci\u00f3n y pago, Unidad popular emiti\u00f3 un comunicado este martes","robots":{"index":"index","follow":"follow","max-snippet":"max-snippet:-1","max-image-preview":"max-image-preview:large","max-video-preview":"max-video-preview:-1"},"canonical":"https:\/\/experienciadevida.com.ar\/portalurbano\/impuesto-a-la-piedra-piden-analizar-el-cambio-en-el-metodo-de-control-de-liquidacion-y-pago\/","og_locale":"es_ES","og_type":"article","og_title":"Impuesto a la piedra: piden analizar el cambio en el m\u00e9todo de control","og_description":"Impuesto a la piedra: piden analizar el cambio en el m\u00e9todo de control de liquidaci\u00f3n y pago, Unidad popular emiti\u00f3 un comunicado este martes","og_url":"https:\/\/experienciadevida.com.ar\/portalurbano\/impuesto-a-la-piedra-piden-analizar-el-cambio-en-el-metodo-de-control-de-liquidacion-y-pago\/","article_publisher":"https:\/\/www.facebook.com\/Portal-Urbano-171542830093757\/","article_published_time":"2021-03-16T13:53:45+00:00","article_modified_time":"2021-03-16T13:58:58+00:00","og_image":[{"width":765,"height":426,"url":"https:\/\/experienciadevida.com.ar\/portalurbano\/wp-content\/uploads\/2020\/12\/Unidad-popular-1.jpg","type":"image\/jpeg"}],"author":"admpu17wp","twitter_card":"summary_large_image","twitter_creator":"@portalurbanook","twitter_site":"@portalurbanook","twitter_misc":{"Escrito por":"admpu17wp","Tiempo de lectura":"3 minutos"},"schema":{"@context":"https:\/\/schema.org","@graph":[{"@type":"Article","@id":"https:\/\/experienciadevida.com.ar\/portalurbano\/impuesto-a-la-piedra-piden-analizar-el-cambio-en-el-metodo-de-control-de-liquidacion-y-pago\/#article","isPartOf":{"@id":"https:\/\/experienciadevida.com.ar\/portalurbano\/impuesto-a-la-piedra-piden-analizar-el-cambio-en-el-metodo-de-control-de-liquidacion-y-pago\/"},"author":{"name":"admpu17wp","@id":"https:\/\/experienciadevida.com.ar\/portalurbano\/#\/schema\/person\/02dd326b1c4b056e9cc972486934a3a7"},"headline":"Impuesto a la piedra: Piden analizar el cambio en el m\u00e9todo de control de liquidaci\u00f3n y pago&#8221;","datePublished":"2021-03-16T13:53:45+00:00","dateModified":"2021-03-16T13:58:58+00:00","mainEntityOfPage":{"@id":"https:\/\/experienciadevida.com.ar\/portalurbano\/impuesto-a-la-piedra-piden-analizar-el-cambio-en-el-metodo-de-control-de-liquidacion-y-pago\/"},"wordCount":537,"publisher":{"@id":"https:\/\/experienciadevida.com.ar\/portalurbano\/#organization"},"articleSection":["Ciudad","Destacadas 2"],"inLanguage":"es"},{"@type":"WebPage","@id":"https:\/\/experienciadevida.com.ar\/portalurbano\/impuesto-a-la-piedra-piden-analizar-el-cambio-en-el-metodo-de-control-de-liquidacion-y-pago\/","url":"https:\/\/experienciadevida.com.ar\/portalurbano\/impuesto-a-la-piedra-piden-analizar-el-cambio-en-el-metodo-de-control-de-liquidacion-y-pago\/","name":"Impuesto a la piedra: piden analizar el cambio en el m\u00e9todo de control","isPartOf":{"@id":"https:\/\/experienciadevida.com.ar\/portalurbano\/#website"},"datePublished":"2021-03-16T13:53:45+00:00","dateModified":"2021-03-16T13:58:58+00:00","description":"Impuesto a la piedra: piden analizar el cambio en el m\u00e9todo de control de liquidaci\u00f3n y pago, Unidad popular emiti\u00f3 un comunicado este martes","breadcrumb":{"@id":"https:\/\/experienciadevida.com.ar\/portalurbano\/impuesto-a-la-piedra-piden-analizar-el-cambio-en-el-metodo-de-control-de-liquidacion-y-pago\/#breadcrumb"},"inLanguage":"es","potentialAction":[{"@type":"ReadAction","target":["https:\/\/experienciadevida.com.ar\/portalurbano\/impuesto-a-la-piedra-piden-analizar-el-cambio-en-el-metodo-de-control-de-liquidacion-y-pago\/"]}]},{"@type":"BreadcrumbList","@id":"https:\/\/experienciadevida.com.ar\/portalurbano\/impuesto-a-la-piedra-piden-analizar-el-cambio-en-el-metodo-de-control-de-liquidacion-y-pago\/#breadcrumb","itemListElement":[{"@type":"ListItem","position":1,"name":"Portada","item":"https:\/\/experienciadevida.com.ar\/portalurbano\/"},{"@type":"ListItem","position":2,"name":"Impuesto a la piedra: Piden analizar el cambio en el m\u00e9todo de control de liquidaci\u00f3n y pago\u00bb"}]},{"@type":"WebSite","@id":"https:\/\/experienciadevida.com.ar\/portalurbano\/#website","url":"https:\/\/experienciadevida.com.ar\/portalurbano\/","name":"","description":"","publisher":{"@id":"https:\/\/experienciadevida.com.ar\/portalurbano\/#organization"},"potentialAction":[{"@type":"SearchAction","target":{"@type":"EntryPoint","urlTemplate":"https:\/\/experienciadevida.com.ar\/portalurbano\/?s={search_term_string}"},"query-input":"required name=search_term_string"}],"inLanguage":"es"},{"@type":"Organization","@id":"https:\/\/experienciadevida.com.ar\/portalurbano\/#organization","name":"Portal Urbano","url":"https:\/\/experienciadevida.com.ar\/portalurbano\/","logo":{"@type":"ImageObject","inLanguage":"es","@id":"https:\/\/experienciadevida.com.ar\/portalurbano\/#\/schema\/logo\/image\/","url":"https:\/\/experienciadevida.com.ar\/portalurbano\/wp-content\/uploads\/2019\/09\/Logo-Original.png","contentUrl":"https:\/\/experienciadevida.com.ar\/portalurbano\/wp-content\/uploads\/2019\/09\/Logo-Original.png","width":2236,"height":1216,"caption":"Portal Urbano"},"image":{"@id":"https:\/\/experienciadevida.com.ar\/portalurbano\/#\/schema\/logo\/image\/"},"sameAs":["https:\/\/www.facebook.com\/Portal-Urbano-171542830093757\/","https:\/\/twitter.com\/portalurbanook","https:\/\/www.instagram.com\/_portalurbano\/","https:\/\/www.youtube.com\/channel\/UCXhagIfszH8KxFiOok79zbA?view_as=subscriber"]},{"@type":"Person","@id":"https:\/\/experienciadevida.com.ar\/portalurbano\/#\/schema\/person\/02dd326b1c4b056e9cc972486934a3a7","name":"admpu17wp","image":{"@type":"ImageObject","inLanguage":"es","@id":"https:\/\/experienciadevida.com.ar\/portalurbano\/#\/schema\/person\/image\/","url":"https:\/\/secure.gravatar.com\/avatar\/830d4c57adaae6630765e449a6908047?s=96&d=mm&r=g","contentUrl":"https:\/\/secure.gravatar.com\/avatar\/830d4c57adaae6630765e449a6908047?s=96&d=mm&r=g","caption":"admpu17wp"}}]}},"featured_image_urls":{"full":["https:\/\/experienciadevida.com.ar\/portalurbano\/wp-content\/uploads\/2020\/12\/Unidad-popular-1.jpg",765,426,false],"thumbnail":["https:\/\/experienciadevida.com.ar\/portalurbano\/wp-content\/uploads\/2020\/12\/Unidad-popular-1-150x150.jpg",150,150,true],"medium":["https:\/\/experienciadevida.com.ar\/portalurbano\/wp-content\/uploads\/2020\/12\/Unidad-popular-1-300x167.jpg",300,167,true],"medium_large":["https:\/\/experienciadevida.com.ar\/portalurbano\/wp-content\/uploads\/2020\/12\/Unidad-popular-1.jpg",640,356,false],"large":["https:\/\/experienciadevida.com.ar\/portalurbano\/wp-content\/uploads\/2020\/12\/Unidad-popular-1.jpg",640,356,false],"ug_big":["https:\/\/experienciadevida.com.ar\/portalurbano\/wp-content\/uploads\/2020\/12\/Unidad-popular-1.jpg",765,426,false],"1536x1536":["https:\/\/experienciadevida.com.ar\/portalurbano\/wp-content\/uploads\/2020\/12\/Unidad-popular-1.jpg",765,426,false],"2048x2048":["https:\/\/experienciadevida.com.ar\/portalurbano\/wp-content\/uploads\/2020\/12\/Unidad-popular-1.jpg",765,426,false],"newsever-slider-full":["https:\/\/experienciadevida.com.ar\/portalurbano\/wp-content\/uploads\/2020\/12\/Unidad-popular-1.jpg",765,426,false],"newsever-featured":["https:\/\/experienciadevida.com.ar\/portalurbano\/wp-content\/uploads\/2020\/12\/Unidad-popular-1.jpg",765,426,false],"newsever-medium":["https:\/\/experienciadevida.com.ar\/portalurbano\/wp-content\/uploads\/2020\/12\/Unidad-popular-1.jpg",720,401,false],"web-stories-poster-portrait":["https:\/\/experienciadevida.com.ar\/portalurbano\/wp-content\/uploads\/2020\/12\/Unidad-popular-1.jpg",640,356,false],"web-stories-publisher-logo":["https:\/\/experienciadevida.com.ar\/portalurbano\/wp-content\/uploads\/2020\/12\/Unidad-popular-1.jpg",96,53,false],"web-stories-thumbnail":["https:\/\/experienciadevida.com.ar\/portalurbano\/wp-content\/uploads\/2020\/12\/Unidad-popular-1.jpg",150,84,false]},"author_info":{"display_name":"admpu17wp","author_link":"https:\/\/experienciadevida.com.ar\/portalurbano\/author\/admpu17wp\/"},"category_info":"<a href=\"https:\/\/experienciadevida.com.ar\/portalurbano\/category\/ciudad\/\" rel=\"category tag\">Ciudad<\/a> <a href=\"https:\/\/experienciadevida.com.ar\/portalurbano\/category\/destacadas-2\/\" rel=\"category tag\">Destacadas 2<\/a>","tag_info":"Destacadas 2","comment_count":"0","amp_enabled":true,"_links":{"self":[{"href":"https:\/\/experienciadevida.com.ar\/portalurbano\/wp-json\/wp\/v2\/posts\/137539"}],"collection":[{"href":"https:\/\/experienciadevida.com.ar\/portalurbano\/wp-json\/wp\/v2\/posts"}],"about":[{"href":"https:\/\/experienciadevida.com.ar\/portalurbano\/wp-json\/wp\/v2\/types\/post"}],"author":[{"embeddable":true,"href":"https:\/\/experienciadevida.com.ar\/portalurbano\/wp-json\/wp\/v2\/users\/1"}],"replies":[{"embeddable":true,"href":"https:\/\/experienciadevida.com.ar\/portalurbano\/wp-json\/wp\/v2\/comments?post=137539"}],"version-history":[{"count":3,"href":"https:\/\/experienciadevida.com.ar\/portalurbano\/wp-json\/wp\/v2\/posts\/137539\/revisions"}],"predecessor-version":[{"id":137542,"href":"https:\/\/experienciadevida.com.ar\/portalurbano\/wp-json\/wp\/v2\/posts\/137539\/revisions\/137542"}],"wp:featuredmedia":[{"embeddable":true,"href":"https:\/\/experienciadevida.com.ar\/portalurbano\/wp-json\/wp\/v2\/media\/130103"}],"wp:attachment":[{"href":"https:\/\/experienciadevida.com.ar\/portalurbano\/wp-json\/wp\/v2\/media?parent=137539"}],"wp:term":[{"taxonomy":"category","embeddable":true,"href":"https:\/\/experienciadevida.com.ar\/portalurbano\/wp-json\/wp\/v2\/categories?post=137539"},{"taxonomy":"post_tag","embeddable":true,"href":"https:\/\/experienciadevida.com.ar\/portalurbano\/wp-json\/wp\/v2\/tags?post=137539"}],"curies":[{"name":"wp","href":"https:\/\/api.w.org\/{rel}","templated":true}]}}