{"id":137417,"date":"2021-03-14T19:37:54","date_gmt":"2021-03-14T22:37:54","guid":{"rendered":"https:\/\/experienciadevida.com.ar\/portalurbano\/?p=137417"},"modified":"2021-03-14T19:42:03","modified_gmt":"2021-03-14T22:42:03","slug":"maxi-abad-estuvo-en-olavarria-este-domingo-en-el-local-partidario","status":"publish","type":"post","link":"https:\/\/experienciadevida.com.ar\/portalurbano\/maxi-abad-estuvo-en-olavarria-este-domingo-en-el-local-partidario\/","title":{"rendered":"Maxi Abad estuvo en Olavarr\u00eda este domingo en el local Partidario"},"content":{"rendered":"<p>Maxi Abad estuvo en Olavarr\u00eda este domingo en el local Partidario de la UCR. El Diputado Provincial Presidente del bloque de Diputados de Juntos por el Cambio y candidato a presidir el Comit\u00e9 de la provincia de Buenos Aires estuvo con los medios de comunicaci\u00f3n.<\/p>\n<p>Su llegada respalda la candidatura de Franco Illescas a presidir el Comit\u00e9 de Olavarr\u00eda y el gran trabajo que se est\u00e1 realizando en el partido Radical de la mano de <a href=\"https:\/\/www.facebook.com\/celeste.arouxet\">Celeste Arouxet<\/a>, Guillermo Lascano y su prestigioso grupo de gesti\u00f3n.<\/p>\n<p>Maxi Abad estuvo en Olavarr\u00eda este domingo en el local Partidario de la UCR, por otro lado estuvieron presentes en el lugar, el Senador provincial Alejandro Cellillo, la Diputada provincial Alejandra Lorden, el concejal de Saladillo Alejandro Armendaris y el ex concejal de Cambiemos Jos\u00e9 Luis Argui\u00f1ena.<\/p>\n<p>El 21 de marzo se definir\u00e1n las autoridades del comit\u00e9 de la Provincia para las internas del radicalismo, y la lista 123 comienza a cerrar la campa\u00f1a. Abad mencion\u00f3 que &#8220;el futuro lo vamos a afrontar con ideas, organizaci\u00f3n y nuevos liderazgos&#8221;.<\/p>\n<p>Maxi Abad estuvo en Olavarr\u00eda este domingo en el local Partidario de la UCR, &#8220;Venimos a acompa\u00f1ar al equipo de Olavarr\u00eda, el radicalismo ten\u00eda poco territorio hab\u00eda perdido su vocaci\u00f3n de poder pero ahora quiere ser Gobierno&#8221;.<\/p>\n<p>Adem\u00e1s hicieron un llamado a los\u00a0 afiliados radicales para participar de la elecci\u00f3n interna que tendr\u00e1 lugar el pr\u00f3ximo domingo en todo el territorio.<\/p>\n","protected":false},"excerpt":{"rendered":"<p>Maxi Abad estuvo en Olavarr\u00eda este domingo en el local Partidario de la UCR. El&#8230;<\/p>\n","protected":false},"author":1,"featured_media":137418,"comment_status":"closed","ping_status":"closed","sticky":false,"template":"","format":"standard","meta":{"content-type":""},"categories":[51,43],"tags":[],"nelio_content":{"isAutoShareEnabled":false,"autoShareEndMode":"default","automationSources":{"useContentSentences":true,"useSocialTemplates":true,"useCustomSentences":false,"customSentences":[]},"followers":[1],"suggestedReferences":[],"includedReferences":[],"efiUrl":"","efiAlt":"","highlights":[]},"yoast_head":"<!-- This site is optimized with the Yoast SEO plugin v20.7 - https:\/\/yoast.com\/wordpress\/plugins\/seo\/ -->\n<title>Maxi Abad estuvo en Olavarr\u00eda este domingo en el local Partidario<\/title>\n<meta name=\"description\" content=\"Maxi Abad estuvo en Olavarr\u00eda este domingo en el local Partidario de la UCR, su llegada respalda a la de Franco Illescas a presidir el comit\u00e9\" \/>\n<meta name=\"robots\" content=\"index, follow, max-snippet:-1, max-image-preview:large, max-video-preview:-1\" \/>\n<link rel=\"canonical\" href=\"https:\/\/experienciadevida.com.ar\/portalurbano\/maxi-abad-estuvo-en-olavarria-este-domingo-en-el-local-partidario\/\" \/>\n<meta property=\"og:locale\" content=\"es_ES\" \/>\n<meta property=\"og:type\" content=\"article\" \/>\n<meta property=\"og:title\" content=\"Maxi Abad estuvo en Olavarr\u00eda este domingo en el local Partidario\" \/>\n<meta property=\"og:description\" content=\"Maxi Abad estuvo en Olavarr\u00eda este domingo en el local Partidario de la UCR, su llegada respalda a la de Franco Illescas a presidir el comit\u00e9\" \/>\n<meta property=\"og:url\" content=\"https:\/\/experienciadevida.com.ar\/portalurbano\/maxi-abad-estuvo-en-olavarria-este-domingo-en-el-local-partidario\/\" \/>\n<meta property=\"article:publisher\" content=\"https:\/\/www.facebook.com\/Portal-Urbano-171542830093757\/\" \/>\n<meta property=\"article:published_time\" content=\"2021-03-14T22:37:54+00:00\" \/>\n<meta property=\"article:modified_time\" content=\"2021-03-14T22:42:03+00:00\" \/>\n<meta property=\"og:image\" content=\"https:\/\/experienciadevida.com.ar\/portalurbano\/wp-content\/uploads\/2021\/03\/Abad-en-Olavarria.jpg\" \/>\n\t<meta property=\"og:image:width\" content=\"1280\" \/>\n\t<meta property=\"og:image:height\" content=\"853\" \/>\n\t<meta property=\"og:image:type\" content=\"image\/jpeg\" \/>\n<meta name=\"author\" content=\"admpu17wp\" \/>\n<meta name=\"twitter:card\" content=\"summary_large_image\" \/>\n<meta name=\"twitter:creator\" content=\"@portalurbanook\" \/>\n<meta name=\"twitter:site\" content=\"@portalurbanook\" \/>\n<meta name=\"twitter:label1\" content=\"Escrito por\" \/>\n\t<meta name=\"twitter:data1\" content=\"admpu17wp\" \/>\n\t<meta name=\"twitter:label2\" content=\"Tiempo de lectura\" \/>\n\t<meta name=\"twitter:data2\" content=\"2 minutos\" \/>\n<script type=\"application\/ld+json\" class=\"yoast-schema-graph\">{\"@context\":\"https:\/\/schema.org\",\"@graph\":[{\"@type\":\"Article\",\"@id\":\"https:\/\/experienciadevida.com.ar\/portalurbano\/maxi-abad-estuvo-en-olavarria-este-domingo-en-el-local-partidario\/#article\",\"isPartOf\":{\"@id\":\"https:\/\/experienciadevida.com.ar\/portalurbano\/maxi-abad-estuvo-en-olavarria-este-domingo-en-el-local-partidario\/\"},\"author\":{\"name\":\"admpu17wp\",\"@id\":\"https:\/\/experienciadevida.com.ar\/portalurbano\/#\/schema\/person\/02dd326b1c4b056e9cc972486934a3a7\"},\"headline\":\"Maxi Abad estuvo en Olavarr\u00eda este domingo en el local Partidario\",\"datePublished\":\"2021-03-14T22:37:54+00:00\",\"dateModified\":\"2021-03-14T22:42:03+00:00\",\"mainEntityOfPage\":{\"@id\":\"https:\/\/experienciadevida.com.ar\/portalurbano\/maxi-abad-estuvo-en-olavarria-este-domingo-en-el-local-partidario\/\"},\"wordCount\":263,\"publisher\":{\"@id\":\"https:\/\/experienciadevida.com.ar\/portalurbano\/#organization\"},\"articleSection\":[\"Destacadas\",\"Pol\u00edtica\"],\"inLanguage\":\"es\"},{\"@type\":\"WebPage\",\"@id\":\"https:\/\/experienciadevida.com.ar\/portalurbano\/maxi-abad-estuvo-en-olavarria-este-domingo-en-el-local-partidario\/\",\"url\":\"https:\/\/experienciadevida.com.ar\/portalurbano\/maxi-abad-estuvo-en-olavarria-este-domingo-en-el-local-partidario\/\",\"name\":\"Maxi Abad estuvo en Olavarr\u00eda este domingo en el local Partidario\",\"isPartOf\":{\"@id\":\"https:\/\/experienciadevida.com.ar\/portalurbano\/#website\"},\"datePublished\":\"2021-03-14T22:37:54+00:00\",\"dateModified\":\"2021-03-14T22:42:03+00:00\",\"description\":\"Maxi Abad estuvo en Olavarr\u00eda este domingo en el local Partidario de la UCR, su llegada respalda a la de Franco Illescas a presidir el comit\u00e9\",\"breadcrumb\":{\"@id\":\"https:\/\/experienciadevida.com.ar\/portalurbano\/maxi-abad-estuvo-en-olavarria-este-domingo-en-el-local-partidario\/#breadcrumb\"},\"inLanguage\":\"es\",\"potentialAction\":[{\"@type\":\"ReadAction\",\"target\":[\"https:\/\/experienciadevida.com.ar\/portalurbano\/maxi-abad-estuvo-en-olavarria-este-domingo-en-el-local-partidario\/\"]}]},{\"@type\":\"BreadcrumbList\",\"@id\":\"https:\/\/experienciadevida.com.ar\/portalurbano\/maxi-abad-estuvo-en-olavarria-este-domingo-en-el-local-partidario\/#breadcrumb\",\"itemListElement\":[{\"@type\":\"ListItem\",\"position\":1,\"name\":\"Portada\",\"item\":\"https:\/\/experienciadevida.com.ar\/portalurbano\/\"},{\"@type\":\"ListItem\",\"position\":2,\"name\":\"Maxi Abad estuvo en Olavarr\u00eda este domingo en el local Partidario\"}]},{\"@type\":\"WebSite\",\"@id\":\"https:\/\/experienciadevida.com.ar\/portalurbano\/#website\",\"url\":\"https:\/\/experienciadevida.com.ar\/portalurbano\/\",\"name\":\"\",\"description\":\"\",\"publisher\":{\"@id\":\"https:\/\/experienciadevida.com.ar\/portalurbano\/#organization\"},\"potentialAction\":[{\"@type\":\"SearchAction\",\"target\":{\"@type\":\"EntryPoint\",\"urlTemplate\":\"https:\/\/experienciadevida.com.ar\/portalurbano\/?s={search_term_string}\"},\"query-input\":\"required name=search_term_string\"}],\"inLanguage\":\"es\"},{\"@type\":\"Organization\",\"@id\":\"https:\/\/experienciadevida.com.ar\/portalurbano\/#organization\",\"name\":\"Portal Urbano\",\"url\":\"https:\/\/experienciadevida.com.ar\/portalurbano\/\",\"logo\":{\"@type\":\"ImageObject\",\"inLanguage\":\"es\",\"@id\":\"https:\/\/experienciadevida.com.ar\/portalurbano\/#\/schema\/logo\/image\/\",\"url\":\"https:\/\/experienciadevida.com.ar\/portalurbano\/wp-content\/uploads\/2019\/09\/Logo-Original.png\",\"contentUrl\":\"https:\/\/experienciadevida.com.ar\/portalurbano\/wp-content\/uploads\/2019\/09\/Logo-Original.png\",\"width\":2236,\"height\":1216,\"caption\":\"Portal Urbano\"},\"image\":{\"@id\":\"https:\/\/experienciadevida.com.ar\/portalurbano\/#\/schema\/logo\/image\/\"},\"sameAs\":[\"https:\/\/www.facebook.com\/Portal-Urbano-171542830093757\/\",\"https:\/\/twitter.com\/portalurbanook\",\"https:\/\/www.instagram.com\/_portalurbano\/\",\"https:\/\/www.youtube.com\/channel\/UCXhagIfszH8KxFiOok79zbA?view_as=subscriber\"]},{\"@type\":\"Person\",\"@id\":\"https:\/\/experienciadevida.com.ar\/portalurbano\/#\/schema\/person\/02dd326b1c4b056e9cc972486934a3a7\",\"name\":\"admpu17wp\",\"image\":{\"@type\":\"ImageObject\",\"inLanguage\":\"es\",\"@id\":\"https:\/\/experienciadevida.com.ar\/portalurbano\/#\/schema\/person\/image\/\",\"url\":\"https:\/\/secure.gravatar.com\/avatar\/830d4c57adaae6630765e449a6908047?s=96&d=mm&r=g\",\"contentUrl\":\"https:\/\/secure.gravatar.com\/avatar\/830d4c57adaae6630765e449a6908047?s=96&d=mm&r=g\",\"caption\":\"admpu17wp\"}}]}<\/script>\n<!-- \/ Yoast SEO plugin. -->","yoast_head_json":{"title":"Maxi Abad estuvo en Olavarr\u00eda este domingo en el local Partidario","description":"Maxi Abad estuvo en Olavarr\u00eda este domingo en el local Partidario de la UCR, su llegada respalda a la de Franco Illescas a presidir el comit\u00e9","robots":{"index":"index","follow":"follow","max-snippet":"max-snippet:-1","max-image-preview":"max-image-preview:large","max-video-preview":"max-video-preview:-1"},"canonical":"https:\/\/experienciadevida.com.ar\/portalurbano\/maxi-abad-estuvo-en-olavarria-este-domingo-en-el-local-partidario\/","og_locale":"es_ES","og_type":"article","og_title":"Maxi Abad estuvo en Olavarr\u00eda este domingo en el local Partidario","og_description":"Maxi Abad estuvo en Olavarr\u00eda este domingo en el local Partidario de la UCR, su llegada respalda a la de Franco Illescas a presidir el comit\u00e9","og_url":"https:\/\/experienciadevida.com.ar\/portalurbano\/maxi-abad-estuvo-en-olavarria-este-domingo-en-el-local-partidario\/","article_publisher":"https:\/\/www.facebook.com\/Portal-Urbano-171542830093757\/","article_published_time":"2021-03-14T22:37:54+00:00","article_modified_time":"2021-03-14T22:42:03+00:00","og_image":[{"width":1280,"height":853,"url":"https:\/\/experienciadevida.com.ar\/portalurbano\/wp-content\/uploads\/2021\/03\/Abad-en-Olavarria.jpg","type":"image\/jpeg"}],"author":"admpu17wp","twitter_card":"summary_large_image","twitter_creator":"@portalurbanook","twitter_site":"@portalurbanook","twitter_misc":{"Escrito por":"admpu17wp","Tiempo de lectura":"2 minutos"},"schema":{"@context":"https:\/\/schema.org","@graph":[{"@type":"Article","@id":"https:\/\/experienciadevida.com.ar\/portalurbano\/maxi-abad-estuvo-en-olavarria-este-domingo-en-el-local-partidario\/#article","isPartOf":{"@id":"https:\/\/experienciadevida.com.ar\/portalurbano\/maxi-abad-estuvo-en-olavarria-este-domingo-en-el-local-partidario\/"},"author":{"name":"admpu17wp","@id":"https:\/\/experienciadevida.com.ar\/portalurbano\/#\/schema\/person\/02dd326b1c4b056e9cc972486934a3a7"},"headline":"Maxi Abad estuvo en Olavarr\u00eda este domingo en el local Partidario","datePublished":"2021-03-14T22:37:54+00:00","dateModified":"2021-03-14T22:42:03+00:00","mainEntityOfPage":{"@id":"https:\/\/experienciadevida.com.ar\/portalurbano\/maxi-abad-estuvo-en-olavarria-este-domingo-en-el-local-partidario\/"},"wordCount":263,"publisher":{"@id":"https:\/\/experienciadevida.com.ar\/portalurbano\/#organization"},"articleSection":["Destacadas","Pol\u00edtica"],"inLanguage":"es"},{"@type":"WebPage","@id":"https:\/\/experienciadevida.com.ar\/portalurbano\/maxi-abad-estuvo-en-olavarria-este-domingo-en-el-local-partidario\/","url":"https:\/\/experienciadevida.com.ar\/portalurbano\/maxi-abad-estuvo-en-olavarria-este-domingo-en-el-local-partidario\/","name":"Maxi Abad estuvo en Olavarr\u00eda este domingo en el local Partidario","isPartOf":{"@id":"https:\/\/experienciadevida.com.ar\/portalurbano\/#website"},"datePublished":"2021-03-14T22:37:54+00:00","dateModified":"2021-03-14T22:42:03+00:00","description":"Maxi Abad estuvo en Olavarr\u00eda este domingo en el local Partidario de la UCR, su llegada respalda a la de Franco Illescas a presidir el comit\u00e9","breadcrumb":{"@id":"https:\/\/experienciadevida.com.ar\/portalurbano\/maxi-abad-estuvo-en-olavarria-este-domingo-en-el-local-partidario\/#breadcrumb"},"inLanguage":"es","potentialAction":[{"@type":"ReadAction","target":["https:\/\/experienciadevida.com.ar\/portalurbano\/maxi-abad-estuvo-en-olavarria-este-domingo-en-el-local-partidario\/"]}]},{"@type":"BreadcrumbList","@id":"https:\/\/experienciadevida.com.ar\/portalurbano\/maxi-abad-estuvo-en-olavarria-este-domingo-en-el-local-partidario\/#breadcrumb","itemListElement":[{"@type":"ListItem","position":1,"name":"Portada","item":"https:\/\/experienciadevida.com.ar\/portalurbano\/"},{"@type":"ListItem","position":2,"name":"Maxi Abad estuvo en Olavarr\u00eda este domingo en el local Partidario"}]},{"@type":"WebSite","@id":"https:\/\/experienciadevida.com.ar\/portalurbano\/#website","url":"https:\/\/experienciadevida.com.ar\/portalurbano\/","name":"","description":"","publisher":{"@id":"https:\/\/experienciadevida.com.ar\/portalurbano\/#organization"},"potentialAction":[{"@type":"SearchAction","target":{"@type":"EntryPoint","urlTemplate":"https:\/\/experienciadevida.com.ar\/portalurbano\/?s={search_term_string}"},"query-input":"required name=search_term_string"}],"inLanguage":"es"},{"@type":"Organization","@id":"https:\/\/experienciadevida.com.ar\/portalurbano\/#organization","name":"Portal Urbano","url":"https:\/\/experienciadevida.com.ar\/portalurbano\/","logo":{"@type":"ImageObject","inLanguage":"es","@id":"https:\/\/experienciadevida.com.ar\/portalurbano\/#\/schema\/logo\/image\/","url":"https:\/\/experienciadevida.com.ar\/portalurbano\/wp-content\/uploads\/2019\/09\/Logo-Original.png","contentUrl":"https:\/\/experienciadevida.com.ar\/portalurbano\/wp-content\/uploads\/2019\/09\/Logo-Original.png","width":2236,"height":1216,"caption":"Portal Urbano"},"image":{"@id":"https:\/\/experienciadevida.com.ar\/portalurbano\/#\/schema\/logo\/image\/"},"sameAs":["https:\/\/www.facebook.com\/Portal-Urbano-171542830093757\/","https:\/\/twitter.com\/portalurbanook","https:\/\/www.instagram.com\/_portalurbano\/","https:\/\/www.youtube.com\/channel\/UCXhagIfszH8KxFiOok79zbA?view_as=subscriber"]},{"@type":"Person","@id":"https:\/\/experienciadevida.com.ar\/portalurbano\/#\/schema\/person\/02dd326b1c4b056e9cc972486934a3a7","name":"admpu17wp","image":{"@type":"ImageObject","inLanguage":"es","@id":"https:\/\/experienciadevida.com.ar\/portalurbano\/#\/schema\/person\/image\/","url":"https:\/\/secure.gravatar.com\/avatar\/830d4c57adaae6630765e449a6908047?s=96&d=mm&r=g","contentUrl":"https:\/\/secure.gravatar.com\/avatar\/830d4c57adaae6630765e449a6908047?s=96&d=mm&r=g","caption":"admpu17wp"}}]}},"featured_image_urls":{"full":["https:\/\/experienciadevida.com.ar\/portalurbano\/wp-content\/uploads\/2021\/03\/Abad-en-Olavarria.jpg",1280,853,false],"thumbnail":["https:\/\/experienciadevida.com.ar\/portalurbano\/wp-content\/uploads\/2021\/03\/Abad-en-Olavarria-150x150.jpg",150,150,true],"medium":["https:\/\/experienciadevida.com.ar\/portalurbano\/wp-content\/uploads\/2021\/03\/Abad-en-Olavarria-300x200.jpg",300,200,true],"medium_large":["https:\/\/experienciadevida.com.ar\/portalurbano\/wp-content\/uploads\/2021\/03\/Abad-en-Olavarria-768x512.jpg",640,427,true],"large":["https:\/\/experienciadevida.com.ar\/portalurbano\/wp-content\/uploads\/2021\/03\/Abad-en-Olavarria-1024x682.jpg",640,426,true],"ug_big":["https:\/\/experienciadevida.com.ar\/portalurbano\/wp-content\/uploads\/2021\/03\/Abad-en-Olavarria-768x512.jpg",768,512,true],"1536x1536":["https:\/\/experienciadevida.com.ar\/portalurbano\/wp-content\/uploads\/2021\/03\/Abad-en-Olavarria.jpg",1280,853,false],"2048x2048":["https:\/\/experienciadevida.com.ar\/portalurbano\/wp-content\/uploads\/2021\/03\/Abad-en-Olavarria.jpg",1280,853,false],"newsever-slider-full":["https:\/\/experienciadevida.com.ar\/portalurbano\/wp-content\/uploads\/2021\/03\/Abad-en-Olavarria.jpg",1268,845,false],"newsever-featured":["https:\/\/experienciadevida.com.ar\/portalurbano\/wp-content\/uploads\/2021\/03\/Abad-en-Olavarria.jpg",1024,682,false],"newsever-medium":["https:\/\/experienciadevida.com.ar\/portalurbano\/wp-content\/uploads\/2021\/03\/Abad-en-Olavarria.jpg",713,475,false],"web-stories-poster-portrait":["https:\/\/experienciadevida.com.ar\/portalurbano\/wp-content\/uploads\/2021\/03\/Abad-en-Olavarria.jpg",640,427,false],"web-stories-publisher-logo":["https:\/\/experienciadevida.com.ar\/portalurbano\/wp-content\/uploads\/2021\/03\/Abad-en-Olavarria.jpg",96,64,false],"web-stories-thumbnail":["https:\/\/experienciadevida.com.ar\/portalurbano\/wp-content\/uploads\/2021\/03\/Abad-en-Olavarria.jpg",150,100,false]},"author_info":{"display_name":"admpu17wp","author_link":"https:\/\/experienciadevida.com.ar\/portalurbano\/author\/admpu17wp\/"},"category_info":"<a href=\"https:\/\/experienciadevida.com.ar\/portalurbano\/category\/destacadas\/\" rel=\"category tag\">Destacadas<\/a> <a href=\"https:\/\/experienciadevida.com.ar\/portalurbano\/category\/politica\/\" rel=\"category tag\">Pol\u00edtica<\/a>","tag_info":"Pol\u00edtica","comment_count":"0","amp_enabled":true,"_links":{"self":[{"href":"https:\/\/experienciadevida.com.ar\/portalurbano\/wp-json\/wp\/v2\/posts\/137417"}],"collection":[{"href":"https:\/\/experienciadevida.com.ar\/portalurbano\/wp-json\/wp\/v2\/posts"}],"about":[{"href":"https:\/\/experienciadevida.com.ar\/portalurbano\/wp-json\/wp\/v2\/types\/post"}],"author":[{"embeddable":true,"href":"https:\/\/experienciadevida.com.ar\/portalurbano\/wp-json\/wp\/v2\/users\/1"}],"replies":[{"embeddable":true,"href":"https:\/\/experienciadevida.com.ar\/portalurbano\/wp-json\/wp\/v2\/comments?post=137417"}],"version-history":[{"count":3,"href":"https:\/\/experienciadevida.com.ar\/portalurbano\/wp-json\/wp\/v2\/posts\/137417\/revisions"}],"predecessor-version":[{"id":137421,"href":"https:\/\/experienciadevida.com.ar\/portalurbano\/wp-json\/wp\/v2\/posts\/137417\/revisions\/137421"}],"wp:featuredmedia":[{"embeddable":true,"href":"https:\/\/experienciadevida.com.ar\/portalurbano\/wp-json\/wp\/v2\/media\/137418"}],"wp:attachment":[{"href":"https:\/\/experienciadevida.com.ar\/portalurbano\/wp-json\/wp\/v2\/media?parent=137417"}],"wp:term":[{"taxonomy":"category","embeddable":true,"href":"https:\/\/experienciadevida.com.ar\/portalurbano\/wp-json\/wp\/v2\/categories?post=137417"},{"taxonomy":"post_tag","embeddable":true,"href":"https:\/\/experienciadevida.com.ar\/portalurbano\/wp-json\/wp\/v2\/tags?post=137417"}],"curies":[{"name":"wp","href":"https:\/\/api.w.org\/{rel}","templated":true}]}}