{"id":137406,"date":"2021-03-14T19:04:28","date_gmt":"2021-03-14T22:04:28","guid":{"rendered":"https:\/\/experienciadevida.com.ar\/portalurbano\/?p=137406"},"modified":"2021-03-14T19:06:37","modified_gmt":"2021-03-14T22:06:37","slug":"martilleros-bonaerenses-piden-modificaciones-en-la-ley-de-alquileres","status":"publish","type":"post","link":"https:\/\/experienciadevida.com.ar\/portalurbano\/martilleros-bonaerenses-piden-modificaciones-en-la-ley-de-alquileres\/","title":{"rendered":"Martilleros bonaerenses piden modificaciones en la Ley de Alquileres"},"content":{"rendered":"<p>Martilleros bonaerenses piden modificaciones en la Ley de Alquileres. El punto m\u00e1s objetado es la extensi\u00f3n del plazo m\u00ednimo de contratos de dos a tres a\u00f1os. afirman que muchos propietarios retiraron sus propiedades del mercado.<\/p>\n<p>El vicepresidente del Colegio de Martilleros y Corredores P\u00fablicos de la provincia de Buenos Aires (MartillerosBA), Jos\u00e9 Mar\u00eda Sacco, consider\u00f3 hoy necesario realizar \u201ccambios urgentes en la Ley de Alquileres\u201d ya que \u201cperjudica a todos los eslabones de esta cadena\u201d, desarrolladores, propietarios, constructores, corredores inmobiliarios e inquilinos.<\/p>\n<p>Martilleros bonaerenses piden modificaciones en la ley de alquileres, Para Sacco, la norma vigente desde julio pasado provoc\u00f3 que muchos propietarios retiraran de la oferta sus viviendas \u201cpor la extensi\u00f3n de la vigencia de los contratos de dos a tres a\u00f1os\u201d, lo que deriv\u00f3 en \u201cfuertes subas de las mensualidades\u201d, informaron desde el MartillerosBA.<\/p>\n<p>\u201cEs necesario realizar cambios urgentes en la Ley de Alquileres; as\u00ed como est\u00e1 perjudica a todos los eslabones de esta cadena: a los desarrolladores, a los propietarios, a los constructores, a los corredores inmobiliarios y muy especialmente a los inquilinos quienes -en la Ciudad de Buenos Aires, por caso- debieron sufrir aumentos de hasta 62% en lo que deben pagar por sus viviendas\u201d, asegur\u00f3.<\/p>\n<p>Seg\u00fan Sacco, dos factores de la Ley sancionada en julio de 2020 son los que generan una fuerte distorsi\u00f3n en el mercado: la extensi\u00f3n de la vigencia de los contratos y el m\u00e9todo de ajuste de las tarifas de alquiler.<\/p>\n<p>\u201cEs un plazo demasiado extenso para muchos propietarios, que por eso deciden poner a la venta sus propiedades\u201d, sostuvo el tambi\u00e9n presidente del Colegio de Martilleros de San Mart\u00edn.<\/p>\n<p>Ante este escenario, la entidad que nuclea a casi 10.000 profesionales inmobiliarios trabaja en un proyecto de modificaci\u00f3n de la Ley que presentar\u00e1n pr\u00f3ximamente a legisladores nacionales.<\/p>\n<p>\u201cEstamos elaborando un proyecto, no para derogar la nueva Ley, para la que incluso colaboramos y prestamos apoyo, sino solamente para hacer algunas modificaciones: proponemos volver a los dos a\u00f1os de duraci\u00f3n de los contratos y que el ajuste, en vez de hacerse anualmente, sea acordado entre las partes libremente seg\u00fan las posibilidades de cada parte\u201d, detall\u00f3.<\/p>\n<p>\u201cLa retracci\u00f3n de viviendas para alquiler fue muy marcada y, ante la menor oferta, no hace falta ser economista para saber lo que sucede; este escenario afecta a toda la actividad inmobiliaria pero especialmente al \u00faltimo eslab\u00f3n de la cadena: el inquilino, por eso decimos que esta propuesta es en beneficio de ellos\u201d, remarc\u00f3 Sacco.<\/p>\n<p>\u201c\u00danicamente pedimos que a esa Ley se le modifiquen dos art\u00edculos: el que establece la duraci\u00f3n de los contratos, para que vuelva a ser de 24 meses, y el que fija la frecuencia de la actualizaci\u00f3n de la tarifa: en lugar de una vez al a\u00f1o, que vuelva ser cada seis meses como era antes, pero teniendo en cuenta las reales posibilidades de locatarios y locadores; la idea es construir una relaci\u00f3n sostenible para ambos actores\u201d, remarc\u00f3.<\/p>\n<p>Fuente: DIB<\/p>\n","protected":false},"excerpt":{"rendered":"<p>Martilleros bonaerenses piden modificaciones en la Ley de Alquileres. El punto m\u00e1s objetado es la&#8230;<\/p>\n","protected":false},"author":1,"featured_media":137407,"comment_status":"closed","ping_status":"closed","sticky":false,"template":"","format":"standard","meta":{"content-type":""},"categories":[64,44],"tags":[],"nelio_content":{"isAutoShareEnabled":false,"autoShareEndMode":"default","automationSources":{"useContentSentences":true,"useSocialTemplates":true,"useCustomSentences":false,"customSentences":[]},"followers":[1],"suggestedReferences":[],"includedReferences":[],"efiUrl":"","efiAlt":"","highlights":[]},"yoast_head":"<!-- This site is optimized with the Yoast SEO plugin v20.7 - https:\/\/yoast.com\/wordpress\/plugins\/seo\/ -->\n<title>Martilleros Bonaerenses piden modificaciones en la ley de alquileres<\/title>\n<meta name=\"description\" content=\"Martilleros bonaerenses piden modificaciones en la Ley de Alquileres, el punto m\u00e1s objetado es la extensi\u00f3n del plazo m\u00ednimo de contrato.\" \/>\n<meta name=\"robots\" content=\"index, follow, max-snippet:-1, max-image-preview:large, max-video-preview:-1\" \/>\n<link rel=\"canonical\" href=\"https:\/\/experienciadevida.com.ar\/portalurbano\/martilleros-bonaerenses-piden-modificaciones-en-la-ley-de-alquileres\/\" \/>\n<meta property=\"og:locale\" content=\"es_ES\" \/>\n<meta property=\"og:type\" content=\"article\" \/>\n<meta property=\"og:title\" content=\"Martilleros Bonaerenses piden modificaciones en la ley de alquileres\" \/>\n<meta property=\"og:description\" content=\"Martilleros bonaerenses piden modificaciones en la Ley de Alquileres, el punto m\u00e1s objetado es la extensi\u00f3n del plazo m\u00ednimo de contrato.\" \/>\n<meta property=\"og:url\" content=\"https:\/\/experienciadevida.com.ar\/portalurbano\/martilleros-bonaerenses-piden-modificaciones-en-la-ley-de-alquileres\/\" \/>\n<meta property=\"article:publisher\" content=\"https:\/\/www.facebook.com\/Portal-Urbano-171542830093757\/\" \/>\n<meta property=\"article:published_time\" content=\"2021-03-14T22:04:28+00:00\" \/>\n<meta property=\"article:modified_time\" content=\"2021-03-14T22:06:37+00:00\" \/>\n<meta property=\"og:image\" content=\"https:\/\/experienciadevida.com.ar\/portalurbano\/wp-content\/uploads\/2021\/03\/Martilleros-bonaerenses-piden-modificaciones.jpg\" \/>\n\t<meta property=\"og:image:width\" content=\"512\" \/>\n\t<meta property=\"og:image:height\" content=\"384\" \/>\n\t<meta property=\"og:image:type\" content=\"image\/jpeg\" \/>\n<meta name=\"author\" content=\"admpu17wp\" \/>\n<meta name=\"twitter:card\" content=\"summary_large_image\" \/>\n<meta name=\"twitter:creator\" content=\"@portalurbanook\" \/>\n<meta name=\"twitter:site\" content=\"@portalurbanook\" \/>\n<meta name=\"twitter:label1\" content=\"Escrito por\" \/>\n\t<meta name=\"twitter:data1\" content=\"admpu17wp\" \/>\n\t<meta name=\"twitter:label2\" content=\"Tiempo de lectura\" \/>\n\t<meta name=\"twitter:data2\" content=\"3 minutos\" \/>\n<script type=\"application\/ld+json\" class=\"yoast-schema-graph\">{\"@context\":\"https:\/\/schema.org\",\"@graph\":[{\"@type\":\"Article\",\"@id\":\"https:\/\/experienciadevida.com.ar\/portalurbano\/martilleros-bonaerenses-piden-modificaciones-en-la-ley-de-alquileres\/#article\",\"isPartOf\":{\"@id\":\"https:\/\/experienciadevida.com.ar\/portalurbano\/martilleros-bonaerenses-piden-modificaciones-en-la-ley-de-alquileres\/\"},\"author\":{\"name\":\"admpu17wp\",\"@id\":\"https:\/\/experienciadevida.com.ar\/portalurbano\/#\/schema\/person\/02dd326b1c4b056e9cc972486934a3a7\"},\"headline\":\"Martilleros bonaerenses piden modificaciones en la Ley de Alquileres\",\"datePublished\":\"2021-03-14T22:04:28+00:00\",\"dateModified\":\"2021-03-14T22:06:37+00:00\",\"mainEntityOfPage\":{\"@id\":\"https:\/\/experienciadevida.com.ar\/portalurbano\/martilleros-bonaerenses-piden-modificaciones-en-la-ley-de-alquileres\/\"},\"wordCount\":519,\"publisher\":{\"@id\":\"https:\/\/experienciadevida.com.ar\/portalurbano\/#organization\"},\"articleSection\":[\"Destacadas 2\",\"Provincia\"],\"inLanguage\":\"es\"},{\"@type\":\"WebPage\",\"@id\":\"https:\/\/experienciadevida.com.ar\/portalurbano\/martilleros-bonaerenses-piden-modificaciones-en-la-ley-de-alquileres\/\",\"url\":\"https:\/\/experienciadevida.com.ar\/portalurbano\/martilleros-bonaerenses-piden-modificaciones-en-la-ley-de-alquileres\/\",\"name\":\"Martilleros Bonaerenses piden modificaciones en la ley de alquileres\",\"isPartOf\":{\"@id\":\"https:\/\/experienciadevida.com.ar\/portalurbano\/#website\"},\"datePublished\":\"2021-03-14T22:04:28+00:00\",\"dateModified\":\"2021-03-14T22:06:37+00:00\",\"description\":\"Martilleros bonaerenses piden modificaciones en la Ley de Alquileres, el punto m\u00e1s objetado es la extensi\u00f3n del plazo m\u00ednimo de contrato.\",\"breadcrumb\":{\"@id\":\"https:\/\/experienciadevida.com.ar\/portalurbano\/martilleros-bonaerenses-piden-modificaciones-en-la-ley-de-alquileres\/#breadcrumb\"},\"inLanguage\":\"es\",\"potentialAction\":[{\"@type\":\"ReadAction\",\"target\":[\"https:\/\/experienciadevida.com.ar\/portalurbano\/martilleros-bonaerenses-piden-modificaciones-en-la-ley-de-alquileres\/\"]}]},{\"@type\":\"BreadcrumbList\",\"@id\":\"https:\/\/experienciadevida.com.ar\/portalurbano\/martilleros-bonaerenses-piden-modificaciones-en-la-ley-de-alquileres\/#breadcrumb\",\"itemListElement\":[{\"@type\":\"ListItem\",\"position\":1,\"name\":\"Portada\",\"item\":\"https:\/\/experienciadevida.com.ar\/portalurbano\/\"},{\"@type\":\"ListItem\",\"position\":2,\"name\":\"Martilleros bonaerenses piden modificaciones en la Ley de Alquileres\"}]},{\"@type\":\"WebSite\",\"@id\":\"https:\/\/experienciadevida.com.ar\/portalurbano\/#website\",\"url\":\"https:\/\/experienciadevida.com.ar\/portalurbano\/\",\"name\":\"\",\"description\":\"\",\"publisher\":{\"@id\":\"https:\/\/experienciadevida.com.ar\/portalurbano\/#organization\"},\"potentialAction\":[{\"@type\":\"SearchAction\",\"target\":{\"@type\":\"EntryPoint\",\"urlTemplate\":\"https:\/\/experienciadevida.com.ar\/portalurbano\/?s={search_term_string}\"},\"query-input\":\"required name=search_term_string\"}],\"inLanguage\":\"es\"},{\"@type\":\"Organization\",\"@id\":\"https:\/\/experienciadevida.com.ar\/portalurbano\/#organization\",\"name\":\"Portal Urbano\",\"url\":\"https:\/\/experienciadevida.com.ar\/portalurbano\/\",\"logo\":{\"@type\":\"ImageObject\",\"inLanguage\":\"es\",\"@id\":\"https:\/\/experienciadevida.com.ar\/portalurbano\/#\/schema\/logo\/image\/\",\"url\":\"https:\/\/experienciadevida.com.ar\/portalurbano\/wp-content\/uploads\/2019\/09\/Logo-Original.png\",\"contentUrl\":\"https:\/\/experienciadevida.com.ar\/portalurbano\/wp-content\/uploads\/2019\/09\/Logo-Original.png\",\"width\":2236,\"height\":1216,\"caption\":\"Portal Urbano\"},\"image\":{\"@id\":\"https:\/\/experienciadevida.com.ar\/portalurbano\/#\/schema\/logo\/image\/\"},\"sameAs\":[\"https:\/\/www.facebook.com\/Portal-Urbano-171542830093757\/\",\"https:\/\/twitter.com\/portalurbanook\",\"https:\/\/www.instagram.com\/_portalurbano\/\",\"https:\/\/www.youtube.com\/channel\/UCXhagIfszH8KxFiOok79zbA?view_as=subscriber\"]},{\"@type\":\"Person\",\"@id\":\"https:\/\/experienciadevida.com.ar\/portalurbano\/#\/schema\/person\/02dd326b1c4b056e9cc972486934a3a7\",\"name\":\"admpu17wp\",\"image\":{\"@type\":\"ImageObject\",\"inLanguage\":\"es\",\"@id\":\"https:\/\/experienciadevida.com.ar\/portalurbano\/#\/schema\/person\/image\/\",\"url\":\"https:\/\/secure.gravatar.com\/avatar\/830d4c57adaae6630765e449a6908047?s=96&d=mm&r=g\",\"contentUrl\":\"https:\/\/secure.gravatar.com\/avatar\/830d4c57adaae6630765e449a6908047?s=96&d=mm&r=g\",\"caption\":\"admpu17wp\"}}]}<\/script>\n<!-- \/ Yoast SEO plugin. -->","yoast_head_json":{"title":"Martilleros Bonaerenses piden modificaciones en la ley de alquileres","description":"Martilleros bonaerenses piden modificaciones en la Ley de Alquileres, el punto m\u00e1s objetado es la extensi\u00f3n del plazo m\u00ednimo de contrato.","robots":{"index":"index","follow":"follow","max-snippet":"max-snippet:-1","max-image-preview":"max-image-preview:large","max-video-preview":"max-video-preview:-1"},"canonical":"https:\/\/experienciadevida.com.ar\/portalurbano\/martilleros-bonaerenses-piden-modificaciones-en-la-ley-de-alquileres\/","og_locale":"es_ES","og_type":"article","og_title":"Martilleros Bonaerenses piden modificaciones en la ley de alquileres","og_description":"Martilleros bonaerenses piden modificaciones en la Ley de Alquileres, el punto m\u00e1s objetado es la extensi\u00f3n del plazo m\u00ednimo de contrato.","og_url":"https:\/\/experienciadevida.com.ar\/portalurbano\/martilleros-bonaerenses-piden-modificaciones-en-la-ley-de-alquileres\/","article_publisher":"https:\/\/www.facebook.com\/Portal-Urbano-171542830093757\/","article_published_time":"2021-03-14T22:04:28+00:00","article_modified_time":"2021-03-14T22:06:37+00:00","og_image":[{"width":512,"height":384,"url":"https:\/\/experienciadevida.com.ar\/portalurbano\/wp-content\/uploads\/2021\/03\/Martilleros-bonaerenses-piden-modificaciones.jpg","type":"image\/jpeg"}],"author":"admpu17wp","twitter_card":"summary_large_image","twitter_creator":"@portalurbanook","twitter_site":"@portalurbanook","twitter_misc":{"Escrito por":"admpu17wp","Tiempo de lectura":"3 minutos"},"schema":{"@context":"https:\/\/schema.org","@graph":[{"@type":"Article","@id":"https:\/\/experienciadevida.com.ar\/portalurbano\/martilleros-bonaerenses-piden-modificaciones-en-la-ley-de-alquileres\/#article","isPartOf":{"@id":"https:\/\/experienciadevida.com.ar\/portalurbano\/martilleros-bonaerenses-piden-modificaciones-en-la-ley-de-alquileres\/"},"author":{"name":"admpu17wp","@id":"https:\/\/experienciadevida.com.ar\/portalurbano\/#\/schema\/person\/02dd326b1c4b056e9cc972486934a3a7"},"headline":"Martilleros bonaerenses piden modificaciones en la Ley de Alquileres","datePublished":"2021-03-14T22:04:28+00:00","dateModified":"2021-03-14T22:06:37+00:00","mainEntityOfPage":{"@id":"https:\/\/experienciadevida.com.ar\/portalurbano\/martilleros-bonaerenses-piden-modificaciones-en-la-ley-de-alquileres\/"},"wordCount":519,"publisher":{"@id":"https:\/\/experienciadevida.com.ar\/portalurbano\/#organization"},"articleSection":["Destacadas 2","Provincia"],"inLanguage":"es"},{"@type":"WebPage","@id":"https:\/\/experienciadevida.com.ar\/portalurbano\/martilleros-bonaerenses-piden-modificaciones-en-la-ley-de-alquileres\/","url":"https:\/\/experienciadevida.com.ar\/portalurbano\/martilleros-bonaerenses-piden-modificaciones-en-la-ley-de-alquileres\/","name":"Martilleros Bonaerenses piden modificaciones en la ley de alquileres","isPartOf":{"@id":"https:\/\/experienciadevida.com.ar\/portalurbano\/#website"},"datePublished":"2021-03-14T22:04:28+00:00","dateModified":"2021-03-14T22:06:37+00:00","description":"Martilleros bonaerenses piden modificaciones en la Ley de Alquileres, el punto m\u00e1s objetado es la extensi\u00f3n del plazo m\u00ednimo de contrato.","breadcrumb":{"@id":"https:\/\/experienciadevida.com.ar\/portalurbano\/martilleros-bonaerenses-piden-modificaciones-en-la-ley-de-alquileres\/#breadcrumb"},"inLanguage":"es","potentialAction":[{"@type":"ReadAction","target":["https:\/\/experienciadevida.com.ar\/portalurbano\/martilleros-bonaerenses-piden-modificaciones-en-la-ley-de-alquileres\/"]}]},{"@type":"BreadcrumbList","@id":"https:\/\/experienciadevida.com.ar\/portalurbano\/martilleros-bonaerenses-piden-modificaciones-en-la-ley-de-alquileres\/#breadcrumb","itemListElement":[{"@type":"ListItem","position":1,"name":"Portada","item":"https:\/\/experienciadevida.com.ar\/portalurbano\/"},{"@type":"ListItem","position":2,"name":"Martilleros bonaerenses piden modificaciones en la Ley de Alquileres"}]},{"@type":"WebSite","@id":"https:\/\/experienciadevida.com.ar\/portalurbano\/#website","url":"https:\/\/experienciadevida.com.ar\/portalurbano\/","name":"","description":"","publisher":{"@id":"https:\/\/experienciadevida.com.ar\/portalurbano\/#organization"},"potentialAction":[{"@type":"SearchAction","target":{"@type":"EntryPoint","urlTemplate":"https:\/\/experienciadevida.com.ar\/portalurbano\/?s={search_term_string}"},"query-input":"required name=search_term_string"}],"inLanguage":"es"},{"@type":"Organization","@id":"https:\/\/experienciadevida.com.ar\/portalurbano\/#organization","name":"Portal Urbano","url":"https:\/\/experienciadevida.com.ar\/portalurbano\/","logo":{"@type":"ImageObject","inLanguage":"es","@id":"https:\/\/experienciadevida.com.ar\/portalurbano\/#\/schema\/logo\/image\/","url":"https:\/\/experienciadevida.com.ar\/portalurbano\/wp-content\/uploads\/2019\/09\/Logo-Original.png","contentUrl":"https:\/\/experienciadevida.com.ar\/portalurbano\/wp-content\/uploads\/2019\/09\/Logo-Original.png","width":2236,"height":1216,"caption":"Portal Urbano"},"image":{"@id":"https:\/\/experienciadevida.com.ar\/portalurbano\/#\/schema\/logo\/image\/"},"sameAs":["https:\/\/www.facebook.com\/Portal-Urbano-171542830093757\/","https:\/\/twitter.com\/portalurbanook","https:\/\/www.instagram.com\/_portalurbano\/","https:\/\/www.youtube.com\/channel\/UCXhagIfszH8KxFiOok79zbA?view_as=subscriber"]},{"@type":"Person","@id":"https:\/\/experienciadevida.com.ar\/portalurbano\/#\/schema\/person\/02dd326b1c4b056e9cc972486934a3a7","name":"admpu17wp","image":{"@type":"ImageObject","inLanguage":"es","@id":"https:\/\/experienciadevida.com.ar\/portalurbano\/#\/schema\/person\/image\/","url":"https:\/\/secure.gravatar.com\/avatar\/830d4c57adaae6630765e449a6908047?s=96&d=mm&r=g","contentUrl":"https:\/\/secure.gravatar.com\/avatar\/830d4c57adaae6630765e449a6908047?s=96&d=mm&r=g","caption":"admpu17wp"}}]}},"featured_image_urls":{"full":["https:\/\/experienciadevida.com.ar\/portalurbano\/wp-content\/uploads\/2021\/03\/Martilleros-bonaerenses-piden-modificaciones.jpg",512,384,false],"thumbnail":["https:\/\/experienciadevida.com.ar\/portalurbano\/wp-content\/uploads\/2021\/03\/Martilleros-bonaerenses-piden-modificaciones-150x150.jpg",150,150,true],"medium":["https:\/\/experienciadevida.com.ar\/portalurbano\/wp-content\/uploads\/2021\/03\/Martilleros-bonaerenses-piden-modificaciones-300x225.jpg",300,225,true],"medium_large":["https:\/\/experienciadevida.com.ar\/portalurbano\/wp-content\/uploads\/2021\/03\/Martilleros-bonaerenses-piden-modificaciones.jpg",512,384,false],"large":["https:\/\/experienciadevida.com.ar\/portalurbano\/wp-content\/uploads\/2021\/03\/Martilleros-bonaerenses-piden-modificaciones.jpg",512,384,false],"ug_big":["https:\/\/experienciadevida.com.ar\/portalurbano\/wp-content\/uploads\/2021\/03\/Martilleros-bonaerenses-piden-modificaciones.jpg",512,384,false],"1536x1536":["https:\/\/experienciadevida.com.ar\/portalurbano\/wp-content\/uploads\/2021\/03\/Martilleros-bonaerenses-piden-modificaciones.jpg",512,384,false],"2048x2048":["https:\/\/experienciadevida.com.ar\/portalurbano\/wp-content\/uploads\/2021\/03\/Martilleros-bonaerenses-piden-modificaciones.jpg",512,384,false],"newsever-slider-full":["https:\/\/experienciadevida.com.ar\/portalurbano\/wp-content\/uploads\/2021\/03\/Martilleros-bonaerenses-piden-modificaciones.jpg",512,384,false],"newsever-featured":["https:\/\/experienciadevida.com.ar\/portalurbano\/wp-content\/uploads\/2021\/03\/Martilleros-bonaerenses-piden-modificaciones.jpg",512,384,false],"newsever-medium":["https:\/\/experienciadevida.com.ar\/portalurbano\/wp-content\/uploads\/2021\/03\/Martilleros-bonaerenses-piden-modificaciones.jpg",512,384,false],"web-stories-poster-portrait":["https:\/\/experienciadevida.com.ar\/portalurbano\/wp-content\/uploads\/2021\/03\/Martilleros-bonaerenses-piden-modificaciones.jpg",512,384,false],"web-stories-publisher-logo":["https:\/\/experienciadevida.com.ar\/portalurbano\/wp-content\/uploads\/2021\/03\/Martilleros-bonaerenses-piden-modificaciones.jpg",96,72,false],"web-stories-thumbnail":["https:\/\/experienciadevida.com.ar\/portalurbano\/wp-content\/uploads\/2021\/03\/Martilleros-bonaerenses-piden-modificaciones.jpg",150,113,false]},"author_info":{"display_name":"admpu17wp","author_link":"https:\/\/experienciadevida.com.ar\/portalurbano\/author\/admpu17wp\/"},"category_info":"<a href=\"https:\/\/experienciadevida.com.ar\/portalurbano\/category\/destacadas-2\/\" rel=\"category tag\">Destacadas 2<\/a> <a href=\"https:\/\/experienciadevida.com.ar\/portalurbano\/category\/provincia\/\" rel=\"category tag\">Provincia<\/a>","tag_info":"Provincia","comment_count":"0","amp_enabled":true,"_links":{"self":[{"href":"https:\/\/experienciadevida.com.ar\/portalurbano\/wp-json\/wp\/v2\/posts\/137406"}],"collection":[{"href":"https:\/\/experienciadevida.com.ar\/portalurbano\/wp-json\/wp\/v2\/posts"}],"about":[{"href":"https:\/\/experienciadevida.com.ar\/portalurbano\/wp-json\/wp\/v2\/types\/post"}],"author":[{"embeddable":true,"href":"https:\/\/experienciadevida.com.ar\/portalurbano\/wp-json\/wp\/v2\/users\/1"}],"replies":[{"embeddable":true,"href":"https:\/\/experienciadevida.com.ar\/portalurbano\/wp-json\/wp\/v2\/comments?post=137406"}],"version-history":[{"count":2,"href":"https:\/\/experienciadevida.com.ar\/portalurbano\/wp-json\/wp\/v2\/posts\/137406\/revisions"}],"predecessor-version":[{"id":137410,"href":"https:\/\/experienciadevida.com.ar\/portalurbano\/wp-json\/wp\/v2\/posts\/137406\/revisions\/137410"}],"wp:featuredmedia":[{"embeddable":true,"href":"https:\/\/experienciadevida.com.ar\/portalurbano\/wp-json\/wp\/v2\/media\/137407"}],"wp:attachment":[{"href":"https:\/\/experienciadevida.com.ar\/portalurbano\/wp-json\/wp\/v2\/media?parent=137406"}],"wp:term":[{"taxonomy":"category","embeddable":true,"href":"https:\/\/experienciadevida.com.ar\/portalurbano\/wp-json\/wp\/v2\/categories?post=137406"},{"taxonomy":"post_tag","embeddable":true,"href":"https:\/\/experienciadevida.com.ar\/portalurbano\/wp-json\/wp\/v2\/tags?post=137406"}],"curies":[{"name":"wp","href":"https:\/\/api.w.org\/{rel}","templated":true}]}}