{"id":137377,"date":"2021-03-14T11:49:46","date_gmt":"2021-03-14T14:49:46","guid":{"rendered":"https:\/\/experienciadevida.com.ar\/portalurbano\/?p=137377"},"modified":"2021-03-14T11:50:38","modified_gmt":"2021-03-14T14:50:38","slug":"el-intendente-repudio-el-ataque-a-alberto-fernandez-en-chubut","status":"publish","type":"post","link":"https:\/\/experienciadevida.com.ar\/portalurbano\/el-intendente-repudio-el-ataque-a-alberto-fernandez-en-chubut\/","title":{"rendered":"El Intendente repudi\u00f3 el ataque a Alberto Fern\u00e1ndez en Chubut"},"content":{"rendered":"<p>El Intendente repudi\u00f3 el ataque a Alberto Fern\u00e1ndez en Chubut. El Intendente hizo declaraciones a trav\u00e9s de su perfil de Twitter, sobre el ataque que vivi\u00f3 el Presidente de la Naci\u00f3n.<\/p>\n<p>Opositores y oficialistas repudiaron el ataque al Presidente en la patagonia, coincidieron en que la violencia no es el camino para expresar posiciones pol\u00edticas.<\/p>\n<p>Funcionarios y dirigentes de la oposici\u00f3n y el oficialismo coincidieron en el repudio los incidentes protagonizados por un supuesto grupo de manifestantes antiminer\u00eda, enfrentados con el gobernador de Chubut, Mario Arcioni, que arrojaron piedras contra la camioneta en la que se trasladaba el presidente Alberto Fern\u00e1ndez y su comitiva por la localidad de Lago Puelo, afectada por incendios forestales.<\/p>\n<p>Desde la oposici\u00f3n el Intendente <a href=\"https:\/\/twitter.com\/ezequielgalli\">Ezequiel Galli,<\/a> a trav\u00e9s de su perfil de Twitter expres\u00f3 &#8220;ning\u00fan reclamo justifica violencia y actitudes que ataquen nuestra democracia&#8221;.<\/p>\n<p>&#8220;Mi total repudio a los hechos de Chubut y solidaridad con el Presidente Alberto Fern\u00e1ndez y su equipo&#8221;.<\/p>\n<p>Los incidentes contra la combi que trasladaba a la comitiva oficial fueron generados en la puerta del centro cultural de Lago Puelo, supuestamente por un grupo de manifestantes \u201cantiminer\u00eda\u201d que arroj\u00f3 piedras y rompi\u00f3 dos vidrios traseros del veh\u00edculo, mientras insultaba al gobernador Arcioni.<\/p>\n<p>Luego de que la comitiva se retirara, los manifestantes agredieron tambi\u00e9n a parte de la prensa apostada en el lugar para cubrir la visita presidencial; entre ellos integrantes del equipo de la se\u00f1al televisiva La Naci\u00f3n+, a quienes le gritaban \u201cque se vayan\u201d a la vez que imped\u00edan su labor.<\/p>\n","protected":false},"excerpt":{"rendered":"<p>El Intendente repudi\u00f3 el ataque a Alberto Fern\u00e1ndez en Chubut. El Intendente hizo declaraciones a&#8230;<\/p>\n","protected":false},"author":1,"featured_media":108827,"comment_status":"closed","ping_status":"closed","sticky":false,"template":"","format":"standard","meta":{"content-type":""},"categories":[51,43],"tags":[],"nelio_content":{"isAutoShareEnabled":false,"autoShareEndMode":"default","automationSources":{"useContentSentences":true,"useSocialTemplates":true,"useCustomSentences":false,"customSentences":[]},"followers":[1],"suggestedReferences":[],"includedReferences":[],"efiUrl":"","efiAlt":"","highlights":[]},"yoast_head":"<!-- This site is optimized with the Yoast SEO plugin v20.7 - https:\/\/yoast.com\/wordpress\/plugins\/seo\/ -->\n<title>El Intendente repudi\u00f3 el ataque a Alberto Fern\u00e1ndez en Chubut -<\/title>\n<meta name=\"robots\" content=\"index, follow, max-snippet:-1, max-image-preview:large, max-video-preview:-1\" \/>\n<link rel=\"canonical\" href=\"https:\/\/experienciadevida.com.ar\/portalurbano\/el-intendente-repudio-el-ataque-a-alberto-fernandez-en-chubut\/\" \/>\n<meta property=\"og:locale\" content=\"es_ES\" \/>\n<meta property=\"og:type\" content=\"article\" \/>\n<meta property=\"og:title\" content=\"El Intendente repudi\u00f3 el ataque a Alberto Fern\u00e1ndez en Chubut -\" \/>\n<meta property=\"og:description\" content=\"El Intendente repudi\u00f3 el ataque a Alberto Fern\u00e1ndez en Chubut. El Intendente hizo declaraciones a...\" \/>\n<meta property=\"og:url\" content=\"https:\/\/experienciadevida.com.ar\/portalurbano\/el-intendente-repudio-el-ataque-a-alberto-fernandez-en-chubut\/\" \/>\n<meta property=\"article:publisher\" content=\"https:\/\/www.facebook.com\/Portal-Urbano-171542830093757\/\" \/>\n<meta property=\"article:published_time\" content=\"2021-03-14T14:49:46+00:00\" \/>\n<meta property=\"article:modified_time\" content=\"2021-03-14T14:50:38+00:00\" \/>\n<meta property=\"og:image\" content=\"https:\/\/experienciadevida.com.ar\/portalurbano\/wp-content\/uploads\/2020\/05\/Ezequiel-Galli-1024x683-1-e1588896178313.jpg\" \/>\n\t<meta property=\"og:image:width\" content=\"800\" \/>\n\t<meta property=\"og:image:height\" content=\"534\" \/>\n\t<meta property=\"og:image:type\" content=\"image\/jpeg\" \/>\n<meta name=\"author\" content=\"admpu17wp\" \/>\n<meta name=\"twitter:card\" content=\"summary_large_image\" \/>\n<meta name=\"twitter:creator\" content=\"@portalurbanook\" \/>\n<meta name=\"twitter:site\" content=\"@portalurbanook\" \/>\n<meta name=\"twitter:label1\" content=\"Escrito por\" \/>\n\t<meta name=\"twitter:data1\" content=\"admpu17wp\" \/>\n\t<meta name=\"twitter:label2\" content=\"Tiempo de lectura\" \/>\n\t<meta name=\"twitter:data2\" content=\"2 minutos\" \/>\n<script type=\"application\/ld+json\" class=\"yoast-schema-graph\">{\"@context\":\"https:\/\/schema.org\",\"@graph\":[{\"@type\":\"Article\",\"@id\":\"https:\/\/experienciadevida.com.ar\/portalurbano\/el-intendente-repudio-el-ataque-a-alberto-fernandez-en-chubut\/#article\",\"isPartOf\":{\"@id\":\"https:\/\/experienciadevida.com.ar\/portalurbano\/el-intendente-repudio-el-ataque-a-alberto-fernandez-en-chubut\/\"},\"author\":{\"name\":\"admpu17wp\",\"@id\":\"https:\/\/experienciadevida.com.ar\/portalurbano\/#\/schema\/person\/02dd326b1c4b056e9cc972486934a3a7\"},\"headline\":\"El Intendente repudi\u00f3 el ataque a Alberto Fern\u00e1ndez en Chubut\",\"datePublished\":\"2021-03-14T14:49:46+00:00\",\"dateModified\":\"2021-03-14T14:50:38+00:00\",\"mainEntityOfPage\":{\"@id\":\"https:\/\/experienciadevida.com.ar\/portalurbano\/el-intendente-repudio-el-ataque-a-alberto-fernandez-en-chubut\/\"},\"wordCount\":279,\"publisher\":{\"@id\":\"https:\/\/experienciadevida.com.ar\/portalurbano\/#organization\"},\"articleSection\":[\"Destacadas\",\"Pol\u00edtica\"],\"inLanguage\":\"es\"},{\"@type\":\"WebPage\",\"@id\":\"https:\/\/experienciadevida.com.ar\/portalurbano\/el-intendente-repudio-el-ataque-a-alberto-fernandez-en-chubut\/\",\"url\":\"https:\/\/experienciadevida.com.ar\/portalurbano\/el-intendente-repudio-el-ataque-a-alberto-fernandez-en-chubut\/\",\"name\":\"El Intendente repudi\u00f3 el ataque a Alberto Fern\u00e1ndez en Chubut -\",\"isPartOf\":{\"@id\":\"https:\/\/experienciadevida.com.ar\/portalurbano\/#website\"},\"datePublished\":\"2021-03-14T14:49:46+00:00\",\"dateModified\":\"2021-03-14T14:50:38+00:00\",\"breadcrumb\":{\"@id\":\"https:\/\/experienciadevida.com.ar\/portalurbano\/el-intendente-repudio-el-ataque-a-alberto-fernandez-en-chubut\/#breadcrumb\"},\"inLanguage\":\"es\",\"potentialAction\":[{\"@type\":\"ReadAction\",\"target\":[\"https:\/\/experienciadevida.com.ar\/portalurbano\/el-intendente-repudio-el-ataque-a-alberto-fernandez-en-chubut\/\"]}]},{\"@type\":\"BreadcrumbList\",\"@id\":\"https:\/\/experienciadevida.com.ar\/portalurbano\/el-intendente-repudio-el-ataque-a-alberto-fernandez-en-chubut\/#breadcrumb\",\"itemListElement\":[{\"@type\":\"ListItem\",\"position\":1,\"name\":\"Portada\",\"item\":\"https:\/\/experienciadevida.com.ar\/portalurbano\/\"},{\"@type\":\"ListItem\",\"position\":2,\"name\":\"El Intendente repudi\u00f3 el ataque a Alberto Fern\u00e1ndez en Chubut\"}]},{\"@type\":\"WebSite\",\"@id\":\"https:\/\/experienciadevida.com.ar\/portalurbano\/#website\",\"url\":\"https:\/\/experienciadevida.com.ar\/portalurbano\/\",\"name\":\"\",\"description\":\"\",\"publisher\":{\"@id\":\"https:\/\/experienciadevida.com.ar\/portalurbano\/#organization\"},\"potentialAction\":[{\"@type\":\"SearchAction\",\"target\":{\"@type\":\"EntryPoint\",\"urlTemplate\":\"https:\/\/experienciadevida.com.ar\/portalurbano\/?s={search_term_string}\"},\"query-input\":\"required name=search_term_string\"}],\"inLanguage\":\"es\"},{\"@type\":\"Organization\",\"@id\":\"https:\/\/experienciadevida.com.ar\/portalurbano\/#organization\",\"name\":\"Portal Urbano\",\"url\":\"https:\/\/experienciadevida.com.ar\/portalurbano\/\",\"logo\":{\"@type\":\"ImageObject\",\"inLanguage\":\"es\",\"@id\":\"https:\/\/experienciadevida.com.ar\/portalurbano\/#\/schema\/logo\/image\/\",\"url\":\"https:\/\/experienciadevida.com.ar\/portalurbano\/wp-content\/uploads\/2019\/09\/Logo-Original.png\",\"contentUrl\":\"https:\/\/experienciadevida.com.ar\/portalurbano\/wp-content\/uploads\/2019\/09\/Logo-Original.png\",\"width\":2236,\"height\":1216,\"caption\":\"Portal Urbano\"},\"image\":{\"@id\":\"https:\/\/experienciadevida.com.ar\/portalurbano\/#\/schema\/logo\/image\/\"},\"sameAs\":[\"https:\/\/www.facebook.com\/Portal-Urbano-171542830093757\/\",\"https:\/\/twitter.com\/portalurbanook\",\"https:\/\/www.instagram.com\/_portalurbano\/\",\"https:\/\/www.youtube.com\/channel\/UCXhagIfszH8KxFiOok79zbA?view_as=subscriber\"]},{\"@type\":\"Person\",\"@id\":\"https:\/\/experienciadevida.com.ar\/portalurbano\/#\/schema\/person\/02dd326b1c4b056e9cc972486934a3a7\",\"name\":\"admpu17wp\",\"image\":{\"@type\":\"ImageObject\",\"inLanguage\":\"es\",\"@id\":\"https:\/\/experienciadevida.com.ar\/portalurbano\/#\/schema\/person\/image\/\",\"url\":\"https:\/\/secure.gravatar.com\/avatar\/830d4c57adaae6630765e449a6908047?s=96&d=mm&r=g\",\"contentUrl\":\"https:\/\/secure.gravatar.com\/avatar\/830d4c57adaae6630765e449a6908047?s=96&d=mm&r=g\",\"caption\":\"admpu17wp\"}}]}<\/script>\n<!-- \/ Yoast SEO plugin. -->","yoast_head_json":{"title":"El Intendente repudi\u00f3 el ataque a Alberto Fern\u00e1ndez en Chubut -","robots":{"index":"index","follow":"follow","max-snippet":"max-snippet:-1","max-image-preview":"max-image-preview:large","max-video-preview":"max-video-preview:-1"},"canonical":"https:\/\/experienciadevida.com.ar\/portalurbano\/el-intendente-repudio-el-ataque-a-alberto-fernandez-en-chubut\/","og_locale":"es_ES","og_type":"article","og_title":"El Intendente repudi\u00f3 el ataque a Alberto Fern\u00e1ndez en Chubut -","og_description":"El Intendente repudi\u00f3 el ataque a Alberto Fern\u00e1ndez en Chubut. El Intendente hizo declaraciones a...","og_url":"https:\/\/experienciadevida.com.ar\/portalurbano\/el-intendente-repudio-el-ataque-a-alberto-fernandez-en-chubut\/","article_publisher":"https:\/\/www.facebook.com\/Portal-Urbano-171542830093757\/","article_published_time":"2021-03-14T14:49:46+00:00","article_modified_time":"2021-03-14T14:50:38+00:00","og_image":[{"width":800,"height":534,"url":"https:\/\/experienciadevida.com.ar\/portalurbano\/wp-content\/uploads\/2020\/05\/Ezequiel-Galli-1024x683-1-e1588896178313.jpg","type":"image\/jpeg"}],"author":"admpu17wp","twitter_card":"summary_large_image","twitter_creator":"@portalurbanook","twitter_site":"@portalurbanook","twitter_misc":{"Escrito por":"admpu17wp","Tiempo de lectura":"2 minutos"},"schema":{"@context":"https:\/\/schema.org","@graph":[{"@type":"Article","@id":"https:\/\/experienciadevida.com.ar\/portalurbano\/el-intendente-repudio-el-ataque-a-alberto-fernandez-en-chubut\/#article","isPartOf":{"@id":"https:\/\/experienciadevida.com.ar\/portalurbano\/el-intendente-repudio-el-ataque-a-alberto-fernandez-en-chubut\/"},"author":{"name":"admpu17wp","@id":"https:\/\/experienciadevida.com.ar\/portalurbano\/#\/schema\/person\/02dd326b1c4b056e9cc972486934a3a7"},"headline":"El Intendente repudi\u00f3 el ataque a Alberto Fern\u00e1ndez en Chubut","datePublished":"2021-03-14T14:49:46+00:00","dateModified":"2021-03-14T14:50:38+00:00","mainEntityOfPage":{"@id":"https:\/\/experienciadevida.com.ar\/portalurbano\/el-intendente-repudio-el-ataque-a-alberto-fernandez-en-chubut\/"},"wordCount":279,"publisher":{"@id":"https:\/\/experienciadevida.com.ar\/portalurbano\/#organization"},"articleSection":["Destacadas","Pol\u00edtica"],"inLanguage":"es"},{"@type":"WebPage","@id":"https:\/\/experienciadevida.com.ar\/portalurbano\/el-intendente-repudio-el-ataque-a-alberto-fernandez-en-chubut\/","url":"https:\/\/experienciadevida.com.ar\/portalurbano\/el-intendente-repudio-el-ataque-a-alberto-fernandez-en-chubut\/","name":"El Intendente repudi\u00f3 el ataque a Alberto Fern\u00e1ndez en Chubut -","isPartOf":{"@id":"https:\/\/experienciadevida.com.ar\/portalurbano\/#website"},"datePublished":"2021-03-14T14:49:46+00:00","dateModified":"2021-03-14T14:50:38+00:00","breadcrumb":{"@id":"https:\/\/experienciadevida.com.ar\/portalurbano\/el-intendente-repudio-el-ataque-a-alberto-fernandez-en-chubut\/#breadcrumb"},"inLanguage":"es","potentialAction":[{"@type":"ReadAction","target":["https:\/\/experienciadevida.com.ar\/portalurbano\/el-intendente-repudio-el-ataque-a-alberto-fernandez-en-chubut\/"]}]},{"@type":"BreadcrumbList","@id":"https:\/\/experienciadevida.com.ar\/portalurbano\/el-intendente-repudio-el-ataque-a-alberto-fernandez-en-chubut\/#breadcrumb","itemListElement":[{"@type":"ListItem","position":1,"name":"Portada","item":"https:\/\/experienciadevida.com.ar\/portalurbano\/"},{"@type":"ListItem","position":2,"name":"El Intendente repudi\u00f3 el ataque a Alberto Fern\u00e1ndez en Chubut"}]},{"@type":"WebSite","@id":"https:\/\/experienciadevida.com.ar\/portalurbano\/#website","url":"https:\/\/experienciadevida.com.ar\/portalurbano\/","name":"","description":"","publisher":{"@id":"https:\/\/experienciadevida.com.ar\/portalurbano\/#organization"},"potentialAction":[{"@type":"SearchAction","target":{"@type":"EntryPoint","urlTemplate":"https:\/\/experienciadevida.com.ar\/portalurbano\/?s={search_term_string}"},"query-input":"required name=search_term_string"}],"inLanguage":"es"},{"@type":"Organization","@id":"https:\/\/experienciadevida.com.ar\/portalurbano\/#organization","name":"Portal Urbano","url":"https:\/\/experienciadevida.com.ar\/portalurbano\/","logo":{"@type":"ImageObject","inLanguage":"es","@id":"https:\/\/experienciadevida.com.ar\/portalurbano\/#\/schema\/logo\/image\/","url":"https:\/\/experienciadevida.com.ar\/portalurbano\/wp-content\/uploads\/2019\/09\/Logo-Original.png","contentUrl":"https:\/\/experienciadevida.com.ar\/portalurbano\/wp-content\/uploads\/2019\/09\/Logo-Original.png","width":2236,"height":1216,"caption":"Portal Urbano"},"image":{"@id":"https:\/\/experienciadevida.com.ar\/portalurbano\/#\/schema\/logo\/image\/"},"sameAs":["https:\/\/www.facebook.com\/Portal-Urbano-171542830093757\/","https:\/\/twitter.com\/portalurbanook","https:\/\/www.instagram.com\/_portalurbano\/","https:\/\/www.youtube.com\/channel\/UCXhagIfszH8KxFiOok79zbA?view_as=subscriber"]},{"@type":"Person","@id":"https:\/\/experienciadevida.com.ar\/portalurbano\/#\/schema\/person\/02dd326b1c4b056e9cc972486934a3a7","name":"admpu17wp","image":{"@type":"ImageObject","inLanguage":"es","@id":"https:\/\/experienciadevida.com.ar\/portalurbano\/#\/schema\/person\/image\/","url":"https:\/\/secure.gravatar.com\/avatar\/830d4c57adaae6630765e449a6908047?s=96&d=mm&r=g","contentUrl":"https:\/\/secure.gravatar.com\/avatar\/830d4c57adaae6630765e449a6908047?s=96&d=mm&r=g","caption":"admpu17wp"}}]}},"featured_image_urls":{"full":["https:\/\/experienciadevida.com.ar\/portalurbano\/wp-content\/uploads\/2020\/05\/Ezequiel-Galli-1024x683-1-e1588896178313.jpg",800,534,false],"thumbnail":["https:\/\/experienciadevida.com.ar\/portalurbano\/wp-content\/uploads\/2020\/05\/Ezequiel-Galli-1024x683-1-150x150.jpg",150,150,true],"medium":["https:\/\/experienciadevida.com.ar\/portalurbano\/wp-content\/uploads\/2020\/05\/Ezequiel-Galli-1024x683-1-300x200.jpg",300,200,true],"medium_large":["https:\/\/experienciadevida.com.ar\/portalurbano\/wp-content\/uploads\/2020\/05\/Ezequiel-Galli-1024x683-1-768x512.jpg",640,427,true],"large":["https:\/\/experienciadevida.com.ar\/portalurbano\/wp-content\/uploads\/2020\/05\/Ezequiel-Galli-1024x683-1-e1588896178313.jpg",640,427,false],"ug_big":["https:\/\/experienciadevida.com.ar\/portalurbano\/wp-content\/uploads\/2020\/05\/Ezequiel-Galli-1024x683-1-768x512.jpg",768,512,true],"1536x1536":["https:\/\/experienciadevida.com.ar\/portalurbano\/wp-content\/uploads\/2020\/05\/Ezequiel-Galli-1024x683-1-e1588896178313.jpg",800,534,false],"2048x2048":["https:\/\/experienciadevida.com.ar\/portalurbano\/wp-content\/uploads\/2020\/05\/Ezequiel-Galli-1024x683-1-e1588896178313.jpg",800,534,false],"newsever-slider-full":["https:\/\/experienciadevida.com.ar\/portalurbano\/wp-content\/uploads\/2020\/05\/Ezequiel-Galli-1024x683-1-e1588896178313.jpg",800,534,false],"newsever-featured":["https:\/\/experienciadevida.com.ar\/portalurbano\/wp-content\/uploads\/2020\/05\/Ezequiel-Galli-1024x683-1-e1588896178313.jpg",800,534,false],"newsever-medium":["https:\/\/experienciadevida.com.ar\/portalurbano\/wp-content\/uploads\/2020\/05\/Ezequiel-Galli-1024x683-1-e1588896178313.jpg",712,475,false],"web-stories-poster-portrait":["https:\/\/experienciadevida.com.ar\/portalurbano\/wp-content\/uploads\/2020\/05\/Ezequiel-Galli-1024x683-1-e1588896178313.jpg",640,427,false],"web-stories-publisher-logo":["https:\/\/experienciadevida.com.ar\/portalurbano\/wp-content\/uploads\/2020\/05\/Ezequiel-Galli-1024x683-1-e1588896178313.jpg",96,64,false],"web-stories-thumbnail":["https:\/\/experienciadevida.com.ar\/portalurbano\/wp-content\/uploads\/2020\/05\/Ezequiel-Galli-1024x683-1-e1588896178313.jpg",150,100,false]},"author_info":{"display_name":"admpu17wp","author_link":"https:\/\/experienciadevida.com.ar\/portalurbano\/author\/admpu17wp\/"},"category_info":"<a href=\"https:\/\/experienciadevida.com.ar\/portalurbano\/category\/destacadas\/\" rel=\"category tag\">Destacadas<\/a> <a href=\"https:\/\/experienciadevida.com.ar\/portalurbano\/category\/politica\/\" rel=\"category tag\">Pol\u00edtica<\/a>","tag_info":"Pol\u00edtica","comment_count":"0","amp_enabled":true,"_links":{"self":[{"href":"https:\/\/experienciadevida.com.ar\/portalurbano\/wp-json\/wp\/v2\/posts\/137377"}],"collection":[{"href":"https:\/\/experienciadevida.com.ar\/portalurbano\/wp-json\/wp\/v2\/posts"}],"about":[{"href":"https:\/\/experienciadevida.com.ar\/portalurbano\/wp-json\/wp\/v2\/types\/post"}],"author":[{"embeddable":true,"href":"https:\/\/experienciadevida.com.ar\/portalurbano\/wp-json\/wp\/v2\/users\/1"}],"replies":[{"embeddable":true,"href":"https:\/\/experienciadevida.com.ar\/portalurbano\/wp-json\/wp\/v2\/comments?post=137377"}],"version-history":[{"count":1,"href":"https:\/\/experienciadevida.com.ar\/portalurbano\/wp-json\/wp\/v2\/posts\/137377\/revisions"}],"predecessor-version":[{"id":137378,"href":"https:\/\/experienciadevida.com.ar\/portalurbano\/wp-json\/wp\/v2\/posts\/137377\/revisions\/137378"}],"wp:featuredmedia":[{"embeddable":true,"href":"https:\/\/experienciadevida.com.ar\/portalurbano\/wp-json\/wp\/v2\/media\/108827"}],"wp:attachment":[{"href":"https:\/\/experienciadevida.com.ar\/portalurbano\/wp-json\/wp\/v2\/media?parent=137377"}],"wp:term":[{"taxonomy":"category","embeddable":true,"href":"https:\/\/experienciadevida.com.ar\/portalurbano\/wp-json\/wp\/v2\/categories?post=137377"},{"taxonomy":"post_tag","embeddable":true,"href":"https:\/\/experienciadevida.com.ar\/portalurbano\/wp-json\/wp\/v2\/tags?post=137377"}],"curies":[{"name":"wp","href":"https:\/\/api.w.org\/{rel}","templated":true}]}}