{"id":137363,"date":"2021-03-13T20:35:15","date_gmt":"2021-03-13T23:35:15","guid":{"rendered":"https:\/\/experienciadevida.com.ar\/portalurbano\/?p=137363"},"modified":"2021-03-13T20:38:45","modified_gmt":"2021-03-13T23:38:45","slug":"este-sabado-se-realizo-el-cierre-de-campana-de-la-lista-14-en-ituzaingo","status":"publish","type":"post","link":"https:\/\/experienciadevida.com.ar\/portalurbano\/este-sabado-se-realizo-el-cierre-de-campana-de-la-lista-14-en-ituzaingo\/","title":{"rendered":"Este s\u00e1bado se realiz\u00f3 el cierre de campa\u00f1a de la lista 14 en Ituzaing\u00f3"},"content":{"rendered":"<p>Este s\u00e1bado se realiz\u00f3 el cierre de campa\u00f1a de la lista 14 en Ituzaing\u00f3. Este s\u00e1bado por la ma\u00f1ana y ante un gran marco de p\u00fablico, la lista 14 realiz\u00f3 su acto de cierre de campa\u00f1a encabezado por Mart\u00edn Lousteau y Gustavo Posse, acompa\u00f1ados por Franco Cominotto.<\/p>\n<p>El pr\u00f3ximo 21 de marzo se definen quienes ser\u00e1n las nuevas autoridades de la UCR bonaerense.<\/p>\n<p>Dando cuenta del gran crecimiento que tuvo el espacio desde que comenz\u00f3 la campa\u00f1a, en el acto se pudo observar la presencia de militantes y candidatos de los diferentes distritos de la provincia de Buenos Aires.<\/p>\n<p>El olavarriense Franco Cominotto, candidato a Secretario General, estuvo presente e inst\u00f3 a no escatimar esfuerzos para ir en busca de la victoria en cada rinc\u00f3n de la provincia.<\/p>\n<p>Para Lousteau, &#8220;Posse tiene que ser Presidente del radicalismo de la provincia para demostrar que, en el lugar m\u00e1s dif\u00edcil del pa\u00eds, como es el conurbano, se le puede ganar al peronismo, gestionar bien y volver a ganar\u201d.<\/p>\n<p>Por su parte, el intendente de San Isidro y candidato a presidir el Comit\u00e9 Provincia, Gustavo Posse, asegur\u00f3 que \u201ces la hora de potenciar el radicalismo y de poner sus valores en la agenda pol\u00edtica\u201d. \u201cSe terminaron a\u00f1os de un radicalismo que no emit\u00eda voz ni voto, que fue servil y sumiso al PRO\u201d<\/p>\n","protected":false},"excerpt":{"rendered":"<p>Este s\u00e1bado se realiz\u00f3 el cierre de campa\u00f1a de la lista 14 en Ituzaing\u00f3. Este&#8230;<\/p>\n","protected":false},"author":1,"featured_media":137364,"comment_status":"closed","ping_status":"closed","sticky":false,"template":"","format":"standard","meta":{"content-type":""},"categories":[64,43],"tags":[],"nelio_content":{"isAutoShareEnabled":false,"autoShareEndMode":"default","automationSources":{"useContentSentences":true,"useSocialTemplates":true,"useCustomSentences":false,"customSentences":[]},"followers":[1],"suggestedReferences":[],"includedReferences":[],"efiUrl":"","efiAlt":"","highlights":[]},"yoast_head":"<!-- This site is optimized with the Yoast SEO plugin v20.7 - https:\/\/yoast.com\/wordpress\/plugins\/seo\/ -->\n<title>Este s\u00e1bado se realiz\u00f3 el cierre de campa\u00f1a de la lista 14 en Ituzaing\u00f3<\/title>\n<meta name=\"description\" content=\"Este s\u00e1bado se realiz\u00f3 el cierre de campa\u00f1a de la lista 14 en Ituzaing\u00f3, ante un gran marco de p\u00fablico la lista 14 cerr\u00f3 su acto de cierre.\" \/>\n<meta name=\"robots\" content=\"index, follow, max-snippet:-1, max-image-preview:large, max-video-preview:-1\" \/>\n<link rel=\"canonical\" href=\"https:\/\/experienciadevida.com.ar\/portalurbano\/este-sabado-se-realizo-el-cierre-de-campana-de-la-lista-14-en-ituzaingo\/\" \/>\n<meta property=\"og:locale\" content=\"es_ES\" \/>\n<meta property=\"og:type\" content=\"article\" \/>\n<meta property=\"og:title\" content=\"Este s\u00e1bado se realiz\u00f3 el cierre de campa\u00f1a de la lista 14 en Ituzaing\u00f3\" \/>\n<meta property=\"og:description\" content=\"Este s\u00e1bado se realiz\u00f3 el cierre de campa\u00f1a de la lista 14 en Ituzaing\u00f3, ante un gran marco de p\u00fablico la lista 14 cerr\u00f3 su acto de cierre.\" \/>\n<meta property=\"og:url\" content=\"https:\/\/experienciadevida.com.ar\/portalurbano\/este-sabado-se-realizo-el-cierre-de-campana-de-la-lista-14-en-ituzaingo\/\" \/>\n<meta property=\"article:publisher\" content=\"https:\/\/www.facebook.com\/Portal-Urbano-171542830093757\/\" \/>\n<meta property=\"article:published_time\" content=\"2021-03-13T23:35:15+00:00\" \/>\n<meta property=\"article:modified_time\" content=\"2021-03-13T23:38:45+00:00\" \/>\n<meta property=\"og:image\" content=\"https:\/\/experienciadevida.com.ar\/portalurbano\/wp-content\/uploads\/2021\/03\/Este-sabado-se-realizo.jpg\" \/>\n\t<meta property=\"og:image:width\" content=\"1280\" \/>\n\t<meta property=\"og:image:height\" content=\"854\" \/>\n\t<meta property=\"og:image:type\" content=\"image\/jpeg\" \/>\n<meta name=\"author\" content=\"admpu17wp\" \/>\n<meta name=\"twitter:card\" content=\"summary_large_image\" \/>\n<meta name=\"twitter:creator\" content=\"@portalurbanook\" \/>\n<meta name=\"twitter:site\" content=\"@portalurbanook\" \/>\n<meta name=\"twitter:label1\" content=\"Escrito por\" \/>\n\t<meta name=\"twitter:data1\" content=\"admpu17wp\" \/>\n\t<meta name=\"twitter:label2\" content=\"Tiempo de lectura\" \/>\n\t<meta name=\"twitter:data2\" content=\"1 minuto\" \/>\n<script type=\"application\/ld+json\" class=\"yoast-schema-graph\">{\"@context\":\"https:\/\/schema.org\",\"@graph\":[{\"@type\":\"Article\",\"@id\":\"https:\/\/experienciadevida.com.ar\/portalurbano\/este-sabado-se-realizo-el-cierre-de-campana-de-la-lista-14-en-ituzaingo\/#article\",\"isPartOf\":{\"@id\":\"https:\/\/experienciadevida.com.ar\/portalurbano\/este-sabado-se-realizo-el-cierre-de-campana-de-la-lista-14-en-ituzaingo\/\"},\"author\":{\"name\":\"admpu17wp\",\"@id\":\"https:\/\/experienciadevida.com.ar\/portalurbano\/#\/schema\/person\/02dd326b1c4b056e9cc972486934a3a7\"},\"headline\":\"Este s\u00e1bado se realiz\u00f3 el cierre de campa\u00f1a de la lista 14 en Ituzaing\u00f3\",\"datePublished\":\"2021-03-13T23:35:15+00:00\",\"dateModified\":\"2021-03-13T23:38:45+00:00\",\"mainEntityOfPage\":{\"@id\":\"https:\/\/experienciadevida.com.ar\/portalurbano\/este-sabado-se-realizo-el-cierre-de-campana-de-la-lista-14-en-ituzaingo\/\"},\"wordCount\":250,\"publisher\":{\"@id\":\"https:\/\/experienciadevida.com.ar\/portalurbano\/#organization\"},\"articleSection\":[\"Destacadas 2\",\"Pol\u00edtica\"],\"inLanguage\":\"es\"},{\"@type\":\"WebPage\",\"@id\":\"https:\/\/experienciadevida.com.ar\/portalurbano\/este-sabado-se-realizo-el-cierre-de-campana-de-la-lista-14-en-ituzaingo\/\",\"url\":\"https:\/\/experienciadevida.com.ar\/portalurbano\/este-sabado-se-realizo-el-cierre-de-campana-de-la-lista-14-en-ituzaingo\/\",\"name\":\"Este s\u00e1bado se realiz\u00f3 el cierre de campa\u00f1a de la lista 14 en Ituzaing\u00f3\",\"isPartOf\":{\"@id\":\"https:\/\/experienciadevida.com.ar\/portalurbano\/#website\"},\"datePublished\":\"2021-03-13T23:35:15+00:00\",\"dateModified\":\"2021-03-13T23:38:45+00:00\",\"description\":\"Este s\u00e1bado se realiz\u00f3 el cierre de campa\u00f1a de la lista 14 en Ituzaing\u00f3, ante un gran marco de p\u00fablico la lista 14 cerr\u00f3 su acto de cierre.\",\"breadcrumb\":{\"@id\":\"https:\/\/experienciadevida.com.ar\/portalurbano\/este-sabado-se-realizo-el-cierre-de-campana-de-la-lista-14-en-ituzaingo\/#breadcrumb\"},\"inLanguage\":\"es\",\"potentialAction\":[{\"@type\":\"ReadAction\",\"target\":[\"https:\/\/experienciadevida.com.ar\/portalurbano\/este-sabado-se-realizo-el-cierre-de-campana-de-la-lista-14-en-ituzaingo\/\"]}]},{\"@type\":\"BreadcrumbList\",\"@id\":\"https:\/\/experienciadevida.com.ar\/portalurbano\/este-sabado-se-realizo-el-cierre-de-campana-de-la-lista-14-en-ituzaingo\/#breadcrumb\",\"itemListElement\":[{\"@type\":\"ListItem\",\"position\":1,\"name\":\"Portada\",\"item\":\"https:\/\/experienciadevida.com.ar\/portalurbano\/\"},{\"@type\":\"ListItem\",\"position\":2,\"name\":\"Este s\u00e1bado se realiz\u00f3 el cierre de campa\u00f1a de la lista 14 en Ituzaing\u00f3\"}]},{\"@type\":\"WebSite\",\"@id\":\"https:\/\/experienciadevida.com.ar\/portalurbano\/#website\",\"url\":\"https:\/\/experienciadevida.com.ar\/portalurbano\/\",\"name\":\"\",\"description\":\"\",\"publisher\":{\"@id\":\"https:\/\/experienciadevida.com.ar\/portalurbano\/#organization\"},\"potentialAction\":[{\"@type\":\"SearchAction\",\"target\":{\"@type\":\"EntryPoint\",\"urlTemplate\":\"https:\/\/experienciadevida.com.ar\/portalurbano\/?s={search_term_string}\"},\"query-input\":\"required name=search_term_string\"}],\"inLanguage\":\"es\"},{\"@type\":\"Organization\",\"@id\":\"https:\/\/experienciadevida.com.ar\/portalurbano\/#organization\",\"name\":\"Portal Urbano\",\"url\":\"https:\/\/experienciadevida.com.ar\/portalurbano\/\",\"logo\":{\"@type\":\"ImageObject\",\"inLanguage\":\"es\",\"@id\":\"https:\/\/experienciadevida.com.ar\/portalurbano\/#\/schema\/logo\/image\/\",\"url\":\"https:\/\/experienciadevida.com.ar\/portalurbano\/wp-content\/uploads\/2019\/09\/Logo-Original.png\",\"contentUrl\":\"https:\/\/experienciadevida.com.ar\/portalurbano\/wp-content\/uploads\/2019\/09\/Logo-Original.png\",\"width\":2236,\"height\":1216,\"caption\":\"Portal Urbano\"},\"image\":{\"@id\":\"https:\/\/experienciadevida.com.ar\/portalurbano\/#\/schema\/logo\/image\/\"},\"sameAs\":[\"https:\/\/www.facebook.com\/Portal-Urbano-171542830093757\/\",\"https:\/\/twitter.com\/portalurbanook\",\"https:\/\/www.instagram.com\/_portalurbano\/\",\"https:\/\/www.youtube.com\/channel\/UCXhagIfszH8KxFiOok79zbA?view_as=subscriber\"]},{\"@type\":\"Person\",\"@id\":\"https:\/\/experienciadevida.com.ar\/portalurbano\/#\/schema\/person\/02dd326b1c4b056e9cc972486934a3a7\",\"name\":\"admpu17wp\",\"image\":{\"@type\":\"ImageObject\",\"inLanguage\":\"es\",\"@id\":\"https:\/\/experienciadevida.com.ar\/portalurbano\/#\/schema\/person\/image\/\",\"url\":\"https:\/\/secure.gravatar.com\/avatar\/830d4c57adaae6630765e449a6908047?s=96&d=mm&r=g\",\"contentUrl\":\"https:\/\/secure.gravatar.com\/avatar\/830d4c57adaae6630765e449a6908047?s=96&d=mm&r=g\",\"caption\":\"admpu17wp\"}}]}<\/script>\n<!-- \/ Yoast SEO plugin. -->","yoast_head_json":{"title":"Este s\u00e1bado se realiz\u00f3 el cierre de campa\u00f1a de la lista 14 en Ituzaing\u00f3","description":"Este s\u00e1bado se realiz\u00f3 el cierre de campa\u00f1a de la lista 14 en Ituzaing\u00f3, ante un gran marco de p\u00fablico la lista 14 cerr\u00f3 su acto de cierre.","robots":{"index":"index","follow":"follow","max-snippet":"max-snippet:-1","max-image-preview":"max-image-preview:large","max-video-preview":"max-video-preview:-1"},"canonical":"https:\/\/experienciadevida.com.ar\/portalurbano\/este-sabado-se-realizo-el-cierre-de-campana-de-la-lista-14-en-ituzaingo\/","og_locale":"es_ES","og_type":"article","og_title":"Este s\u00e1bado se realiz\u00f3 el cierre de campa\u00f1a de la lista 14 en Ituzaing\u00f3","og_description":"Este s\u00e1bado se realiz\u00f3 el cierre de campa\u00f1a de la lista 14 en Ituzaing\u00f3, ante un gran marco de p\u00fablico la lista 14 cerr\u00f3 su acto de cierre.","og_url":"https:\/\/experienciadevida.com.ar\/portalurbano\/este-sabado-se-realizo-el-cierre-de-campana-de-la-lista-14-en-ituzaingo\/","article_publisher":"https:\/\/www.facebook.com\/Portal-Urbano-171542830093757\/","article_published_time":"2021-03-13T23:35:15+00:00","article_modified_time":"2021-03-13T23:38:45+00:00","og_image":[{"width":1280,"height":854,"url":"https:\/\/experienciadevida.com.ar\/portalurbano\/wp-content\/uploads\/2021\/03\/Este-sabado-se-realizo.jpg","type":"image\/jpeg"}],"author":"admpu17wp","twitter_card":"summary_large_image","twitter_creator":"@portalurbanook","twitter_site":"@portalurbanook","twitter_misc":{"Escrito por":"admpu17wp","Tiempo de lectura":"1 minuto"},"schema":{"@context":"https:\/\/schema.org","@graph":[{"@type":"Article","@id":"https:\/\/experienciadevida.com.ar\/portalurbano\/este-sabado-se-realizo-el-cierre-de-campana-de-la-lista-14-en-ituzaingo\/#article","isPartOf":{"@id":"https:\/\/experienciadevida.com.ar\/portalurbano\/este-sabado-se-realizo-el-cierre-de-campana-de-la-lista-14-en-ituzaingo\/"},"author":{"name":"admpu17wp","@id":"https:\/\/experienciadevida.com.ar\/portalurbano\/#\/schema\/person\/02dd326b1c4b056e9cc972486934a3a7"},"headline":"Este s\u00e1bado se realiz\u00f3 el cierre de campa\u00f1a de la lista 14 en Ituzaing\u00f3","datePublished":"2021-03-13T23:35:15+00:00","dateModified":"2021-03-13T23:38:45+00:00","mainEntityOfPage":{"@id":"https:\/\/experienciadevida.com.ar\/portalurbano\/este-sabado-se-realizo-el-cierre-de-campana-de-la-lista-14-en-ituzaingo\/"},"wordCount":250,"publisher":{"@id":"https:\/\/experienciadevida.com.ar\/portalurbano\/#organization"},"articleSection":["Destacadas 2","Pol\u00edtica"],"inLanguage":"es"},{"@type":"WebPage","@id":"https:\/\/experienciadevida.com.ar\/portalurbano\/este-sabado-se-realizo-el-cierre-de-campana-de-la-lista-14-en-ituzaingo\/","url":"https:\/\/experienciadevida.com.ar\/portalurbano\/este-sabado-se-realizo-el-cierre-de-campana-de-la-lista-14-en-ituzaingo\/","name":"Este s\u00e1bado se realiz\u00f3 el cierre de campa\u00f1a de la lista 14 en Ituzaing\u00f3","isPartOf":{"@id":"https:\/\/experienciadevida.com.ar\/portalurbano\/#website"},"datePublished":"2021-03-13T23:35:15+00:00","dateModified":"2021-03-13T23:38:45+00:00","description":"Este s\u00e1bado se realiz\u00f3 el cierre de campa\u00f1a de la lista 14 en Ituzaing\u00f3, ante un gran marco de p\u00fablico la lista 14 cerr\u00f3 su acto de cierre.","breadcrumb":{"@id":"https:\/\/experienciadevida.com.ar\/portalurbano\/este-sabado-se-realizo-el-cierre-de-campana-de-la-lista-14-en-ituzaingo\/#breadcrumb"},"inLanguage":"es","potentialAction":[{"@type":"ReadAction","target":["https:\/\/experienciadevida.com.ar\/portalurbano\/este-sabado-se-realizo-el-cierre-de-campana-de-la-lista-14-en-ituzaingo\/"]}]},{"@type":"BreadcrumbList","@id":"https:\/\/experienciadevida.com.ar\/portalurbano\/este-sabado-se-realizo-el-cierre-de-campana-de-la-lista-14-en-ituzaingo\/#breadcrumb","itemListElement":[{"@type":"ListItem","position":1,"name":"Portada","item":"https:\/\/experienciadevida.com.ar\/portalurbano\/"},{"@type":"ListItem","position":2,"name":"Este s\u00e1bado se realiz\u00f3 el cierre de campa\u00f1a de la lista 14 en Ituzaing\u00f3"}]},{"@type":"WebSite","@id":"https:\/\/experienciadevida.com.ar\/portalurbano\/#website","url":"https:\/\/experienciadevida.com.ar\/portalurbano\/","name":"","description":"","publisher":{"@id":"https:\/\/experienciadevida.com.ar\/portalurbano\/#organization"},"potentialAction":[{"@type":"SearchAction","target":{"@type":"EntryPoint","urlTemplate":"https:\/\/experienciadevida.com.ar\/portalurbano\/?s={search_term_string}"},"query-input":"required name=search_term_string"}],"inLanguage":"es"},{"@type":"Organization","@id":"https:\/\/experienciadevida.com.ar\/portalurbano\/#organization","name":"Portal Urbano","url":"https:\/\/experienciadevida.com.ar\/portalurbano\/","logo":{"@type":"ImageObject","inLanguage":"es","@id":"https:\/\/experienciadevida.com.ar\/portalurbano\/#\/schema\/logo\/image\/","url":"https:\/\/experienciadevida.com.ar\/portalurbano\/wp-content\/uploads\/2019\/09\/Logo-Original.png","contentUrl":"https:\/\/experienciadevida.com.ar\/portalurbano\/wp-content\/uploads\/2019\/09\/Logo-Original.png","width":2236,"height":1216,"caption":"Portal Urbano"},"image":{"@id":"https:\/\/experienciadevida.com.ar\/portalurbano\/#\/schema\/logo\/image\/"},"sameAs":["https:\/\/www.facebook.com\/Portal-Urbano-171542830093757\/","https:\/\/twitter.com\/portalurbanook","https:\/\/www.instagram.com\/_portalurbano\/","https:\/\/www.youtube.com\/channel\/UCXhagIfszH8KxFiOok79zbA?view_as=subscriber"]},{"@type":"Person","@id":"https:\/\/experienciadevida.com.ar\/portalurbano\/#\/schema\/person\/02dd326b1c4b056e9cc972486934a3a7","name":"admpu17wp","image":{"@type":"ImageObject","inLanguage":"es","@id":"https:\/\/experienciadevida.com.ar\/portalurbano\/#\/schema\/person\/image\/","url":"https:\/\/secure.gravatar.com\/avatar\/830d4c57adaae6630765e449a6908047?s=96&d=mm&r=g","contentUrl":"https:\/\/secure.gravatar.com\/avatar\/830d4c57adaae6630765e449a6908047?s=96&d=mm&r=g","caption":"admpu17wp"}}]}},"featured_image_urls":{"full":["https:\/\/experienciadevida.com.ar\/portalurbano\/wp-content\/uploads\/2021\/03\/Este-sabado-se-realizo.jpg",1280,854,false],"thumbnail":["https:\/\/experienciadevida.com.ar\/portalurbano\/wp-content\/uploads\/2021\/03\/Este-sabado-se-realizo-150x150.jpg",150,150,true],"medium":["https:\/\/experienciadevida.com.ar\/portalurbano\/wp-content\/uploads\/2021\/03\/Este-sabado-se-realizo-300x200.jpg",300,200,true],"medium_large":["https:\/\/experienciadevida.com.ar\/portalurbano\/wp-content\/uploads\/2021\/03\/Este-sabado-se-realizo-768x512.jpg",640,427,true],"large":["https:\/\/experienciadevida.com.ar\/portalurbano\/wp-content\/uploads\/2021\/03\/Este-sabado-se-realizo-1024x683.jpg",640,427,true],"ug_big":["https:\/\/experienciadevida.com.ar\/portalurbano\/wp-content\/uploads\/2021\/03\/Este-sabado-se-realizo-768x512.jpg",768,512,true],"1536x1536":["https:\/\/experienciadevida.com.ar\/portalurbano\/wp-content\/uploads\/2021\/03\/Este-sabado-se-realizo.jpg",1280,854,false],"2048x2048":["https:\/\/experienciadevida.com.ar\/portalurbano\/wp-content\/uploads\/2021\/03\/Este-sabado-se-realizo.jpg",1280,854,false],"newsever-slider-full":["https:\/\/experienciadevida.com.ar\/portalurbano\/wp-content\/uploads\/2021\/03\/Este-sabado-se-realizo.jpg",1267,845,false],"newsever-featured":["https:\/\/experienciadevida.com.ar\/portalurbano\/wp-content\/uploads\/2021\/03\/Este-sabado-se-realizo.jpg",1024,683,false],"newsever-medium":["https:\/\/experienciadevida.com.ar\/portalurbano\/wp-content\/uploads\/2021\/03\/Este-sabado-se-realizo.jpg",712,475,false],"web-stories-poster-portrait":["https:\/\/experienciadevida.com.ar\/portalurbano\/wp-content\/uploads\/2021\/03\/Este-sabado-se-realizo.jpg",640,427,false],"web-stories-publisher-logo":["https:\/\/experienciadevida.com.ar\/portalurbano\/wp-content\/uploads\/2021\/03\/Este-sabado-se-realizo.jpg",96,64,false],"web-stories-thumbnail":["https:\/\/experienciadevida.com.ar\/portalurbano\/wp-content\/uploads\/2021\/03\/Este-sabado-se-realizo.jpg",150,100,false]},"author_info":{"display_name":"admpu17wp","author_link":"https:\/\/experienciadevida.com.ar\/portalurbano\/author\/admpu17wp\/"},"category_info":"<a href=\"https:\/\/experienciadevida.com.ar\/portalurbano\/category\/destacadas-2\/\" rel=\"category tag\">Destacadas 2<\/a> <a href=\"https:\/\/experienciadevida.com.ar\/portalurbano\/category\/politica\/\" rel=\"category tag\">Pol\u00edtica<\/a>","tag_info":"Pol\u00edtica","comment_count":"0","amp_enabled":true,"_links":{"self":[{"href":"https:\/\/experienciadevida.com.ar\/portalurbano\/wp-json\/wp\/v2\/posts\/137363"}],"collection":[{"href":"https:\/\/experienciadevida.com.ar\/portalurbano\/wp-json\/wp\/v2\/posts"}],"about":[{"href":"https:\/\/experienciadevida.com.ar\/portalurbano\/wp-json\/wp\/v2\/types\/post"}],"author":[{"embeddable":true,"href":"https:\/\/experienciadevida.com.ar\/portalurbano\/wp-json\/wp\/v2\/users\/1"}],"replies":[{"embeddable":true,"href":"https:\/\/experienciadevida.com.ar\/portalurbano\/wp-json\/wp\/v2\/comments?post=137363"}],"version-history":[{"count":2,"href":"https:\/\/experienciadevida.com.ar\/portalurbano\/wp-json\/wp\/v2\/posts\/137363\/revisions"}],"predecessor-version":[{"id":137366,"href":"https:\/\/experienciadevida.com.ar\/portalurbano\/wp-json\/wp\/v2\/posts\/137363\/revisions\/137366"}],"wp:featuredmedia":[{"embeddable":true,"href":"https:\/\/experienciadevida.com.ar\/portalurbano\/wp-json\/wp\/v2\/media\/137364"}],"wp:attachment":[{"href":"https:\/\/experienciadevida.com.ar\/portalurbano\/wp-json\/wp\/v2\/media?parent=137363"}],"wp:term":[{"taxonomy":"category","embeddable":true,"href":"https:\/\/experienciadevida.com.ar\/portalurbano\/wp-json\/wp\/v2\/categories?post=137363"},{"taxonomy":"post_tag","embeddable":true,"href":"https:\/\/experienciadevida.com.ar\/portalurbano\/wp-json\/wp\/v2\/tags?post=137363"}],"curies":[{"name":"wp","href":"https:\/\/api.w.org\/{rel}","templated":true}]}}