{"id":137350,"date":"2021-03-13T15:09:45","date_gmt":"2021-03-13T18:09:45","guid":{"rendered":"https:\/\/experienciadevida.com.ar\/portalurbano\/?p=137350"},"modified":"2021-03-13T15:12:01","modified_gmt":"2021-03-13T18:12:01","slug":"comienza-la-actividad-sistematica-de-la-direccion-de-deportes","status":"publish","type":"post","link":"https:\/\/experienciadevida.com.ar\/portalurbano\/comienza-la-actividad-sistematica-de-la-direccion-de-deportes\/","title":{"rendered":"Comienza la actividad sistem\u00e1tica de la Direcci\u00f3n de Deportes"},"content":{"rendered":"<p>Comienza la actividad sistem\u00e1tica de la Direcci\u00f3n de Deportes. Luego de una exitosa temporada de verano, el pr\u00f3ximo lunes 15 de marzo comenzar\u00e1 la actividad sistem\u00e1tica de la Direcci\u00f3n de Deportes del Municipio.<\/p>\n<p>La propuesta se desarrollar\u00e1 en diferentes espacios del Partido de Olavarr\u00eda, diferenciada para grupos etarios y una gran cantidad de actividades.<\/p>\n<p>En todos los casos se ha establecido un protocolo biosanitario acorde a la actividad y se solicita a quienes est\u00e9n interesados y requieran mayor informaci\u00f3n se comuniquen al tel\u00e9fono de la Direcci\u00f3n: 444127. Para participar de las actividades, deber\u00e1n concurrir al lugar en que se desarrollen las clases e inscribirse all\u00ed.<\/p>\n<p>Gimnasia tendr\u00e1 seis sedes: Quinta Buglione (lunes y mi\u00e9rcoles de 14 a 15 horas y martes y jueves de 13:30 a 14:30 horas), Loma Negra (martes y jueves de 15:30 a 16:30 horas), Colonia San Miguel (martes y jueves de 18 a 19 horas), Centro Cultural Municipal \u201cSan Jos\u00e9 (lunes y mi\u00e9rcoles de 15:30 a 16:30 horas y de 17:30 a 18:30 horas; martes y jueves de 8:30 a 9:30 horas), Mariano Moreno (lunes y mi\u00e9rcoles de 14 a 15 horas) y El Provincial (lunes y mi\u00e9rcoles de 14:30 a 15:30 horas).<\/p>\n<p>Comienza al actividad sistem\u00e1tica de la direcci\u00f3n de deportes gimnasia Infantil se desarrollar\u00e1 en cinco espacios: Quinta Buglione (martes y jueves de 15 a 16 horas), Barrio AOMA (martes y jueves de 17 a 18 horas), Colonia San Miguel (martes y jueves de 17 a 18 horas), Mariano Moreno (lunes y mi\u00e9rcoles de 17:30 a 18:30 horas) y Hogar de Ni\u00f1as San Jos\u00e9 (lunes de 16 a 17 horas).<\/p>\n<p>En el caso de Yoga, las clases se llevar\u00e1n a cabo en Casa del Bicentenario (en principio al aire libre) los lunes y mi\u00e9rcoles a las 9 horas.<\/p>\n<p>Otra de las propuestas desarrolladas por los profesores del staff de la Direcci\u00f3n de Deportes tiene que ver con la actividad deportiva en los barrios. Se dictar\u00e1n clases de f\u00fatbol, handball, b\u00e1dminton, padel y atletismo. Tambi\u00e9n comenzar\u00e1 la Escuelita de Bochas en El Fort\u00edn Tradicionalista para ni\u00f1os, ni\u00f1as y adolescentes.<\/p>\n<p>Comenzar\u00e1 tambi\u00e9n el Programa Recreativo, a cargo del profesor Sebasti\u00e1n Mart\u00ednez, destinado a ni\u00f1os y ni\u00f1as de entre 6 y 12 a\u00f1os, que se lleva a cabo en Sierras Bayas, Hinojo, Sierra Chica, entre otras localidades. En Espigas, el profesor Federico Pita encabeza actividades recreativas para ni\u00f1os, ni\u00f1as, adolescentes y personas mayores.<\/p>\n<p>Asimismo, la Direcci\u00f3n de Deportes colabora con la actividad deportiva de entidades e instituciones como Crecer Juntos, Un D\u00eda Nuevo, Juntos, Callejeadas, Jard\u00edn Bel\u00e9n, Hospital de Hinojo y Espigas.<\/p>\n<p>Finalmente, se trabaja en un programa de acondicionamiento f\u00edsico para grupos reducidos que tendr\u00e1 lugar en Parque Helios Eseverri y Parque Avellaneda.<\/p>\n<p>Propuesta para Personas Adultas Mayores<\/p>\n<p>Quienes est\u00e9n interesados en participar de las diferentes actividades, deber\u00e1n inscribirse comunic\u00e1ndose al tel\u00e9fono de la Direcci\u00f3n de Deportes, 444127.<\/p>\n<p>Habr\u00e1 gimnasia en el Centro Cultural, los lunes y mi\u00e9rcoles en dos turnos: de 8:30 a 9:10 y de 9:20 a 10 horas.<\/p>\n<p>El reacondicionamiento f\u00edsico del Parque Mitre, con la profesora Laura Lamperti, se desarrollar\u00e1 martes y jueves de 8 a 8:45 horas o de 9 a 9:45 horas. En Parque Eva Per\u00f3n, a cargo de Miguel Kuhn, ser\u00e1 tambi\u00e9n los martes y jueves en los mismos horarios. En Parque Avellaneda, tambi\u00e9n martes y jueves de 8 a 8:45 horas o de 9 a 9:45 horas, las clases de reacondicionamiento f\u00edsico ser\u00e1n con la profesora Mar\u00eda Ma\u00edz.<\/p>\n<p>Finalmente, el Gimnasio de Mariano Moreno tendr\u00e1 una variada agenda de turnos, a los que las personas adultas mayores elegir\u00e1n asistir:<\/p>\n<p>Lunes, mi\u00e9rcoles y viernes de 8:20 a 9:20 o de 9:30 a 10:30<\/p>\n<p>Martes y jueves de 13:20 a 14:20 o de 14:30 a 15:30.<\/p>\n","protected":false},"excerpt":{"rendered":"<p>Comienza la actividad sistem\u00e1tica de la Direcci\u00f3n de Deportes. Luego de una exitosa temporada de&#8230;<\/p>\n","protected":false},"author":1,"featured_media":137351,"comment_status":"closed","ping_status":"closed","sticky":false,"template":"","format":"standard","meta":{"content-type":""},"categories":[27,64],"tags":[],"nelio_content":{"isAutoShareEnabled":false,"autoShareEndMode":"default","automationSources":{"useContentSentences":true,"useSocialTemplates":true,"useCustomSentences":false,"customSentences":[]},"followers":[1],"suggestedReferences":[],"includedReferences":[],"efiUrl":"","efiAlt":"","highlights":[]},"yoast_head":"<!-- This site is optimized with the Yoast SEO plugin v20.7 - https:\/\/yoast.com\/wordpress\/plugins\/seo\/ -->\n<title>Comienza la actividad sistem\u00e1tica de la direcci\u00f3n de deportes<\/title>\n<meta name=\"description\" content=\"Comienza la actividad sistem\u00e1tica de la Direcci\u00f3n de Deportes, luego de una exitosa temporada de verano, arranca el pr\u00f3ximo lunes.\" \/>\n<meta name=\"robots\" content=\"index, follow, max-snippet:-1, max-image-preview:large, max-video-preview:-1\" \/>\n<link rel=\"canonical\" href=\"https:\/\/experienciadevida.com.ar\/portalurbano\/comienza-la-actividad-sistematica-de-la-direccion-de-deportes\/\" \/>\n<meta property=\"og:locale\" content=\"es_ES\" \/>\n<meta property=\"og:type\" content=\"article\" \/>\n<meta property=\"og:title\" content=\"Comienza la actividad sistem\u00e1tica de la direcci\u00f3n de deportes\" \/>\n<meta property=\"og:description\" content=\"Comienza la actividad sistem\u00e1tica de la Direcci\u00f3n de Deportes, luego de una exitosa temporada de verano, arranca el pr\u00f3ximo lunes.\" \/>\n<meta property=\"og:url\" content=\"https:\/\/experienciadevida.com.ar\/portalurbano\/comienza-la-actividad-sistematica-de-la-direccion-de-deportes\/\" \/>\n<meta property=\"article:publisher\" content=\"https:\/\/www.facebook.com\/Portal-Urbano-171542830093757\/\" \/>\n<meta property=\"article:published_time\" content=\"2021-03-13T18:09:45+00:00\" \/>\n<meta property=\"article:modified_time\" content=\"2021-03-13T18:12:01+00:00\" \/>\n<meta property=\"og:image\" content=\"https:\/\/experienciadevida.com.ar\/portalurbano\/wp-content\/uploads\/2021\/03\/comienza-la-actividad-sistematica.jpg\" \/>\n\t<meta property=\"og:image:width\" content=\"1024\" \/>\n\t<meta property=\"og:image:height\" content=\"683\" \/>\n\t<meta property=\"og:image:type\" content=\"image\/jpeg\" \/>\n<meta name=\"author\" content=\"admpu17wp\" \/>\n<meta name=\"twitter:card\" content=\"summary_large_image\" \/>\n<meta name=\"twitter:creator\" content=\"@portalurbanook\" \/>\n<meta name=\"twitter:site\" content=\"@portalurbanook\" \/>\n<meta name=\"twitter:label1\" content=\"Escrito por\" \/>\n\t<meta name=\"twitter:data1\" content=\"admpu17wp\" \/>\n\t<meta name=\"twitter:label2\" content=\"Tiempo de lectura\" \/>\n\t<meta name=\"twitter:data2\" content=\"3 minutos\" \/>\n<script type=\"application\/ld+json\" class=\"yoast-schema-graph\">{\"@context\":\"https:\/\/schema.org\",\"@graph\":[{\"@type\":\"Article\",\"@id\":\"https:\/\/experienciadevida.com.ar\/portalurbano\/comienza-la-actividad-sistematica-de-la-direccion-de-deportes\/#article\",\"isPartOf\":{\"@id\":\"https:\/\/experienciadevida.com.ar\/portalurbano\/comienza-la-actividad-sistematica-de-la-direccion-de-deportes\/\"},\"author\":{\"name\":\"admpu17wp\",\"@id\":\"https:\/\/experienciadevida.com.ar\/portalurbano\/#\/schema\/person\/02dd326b1c4b056e9cc972486934a3a7\"},\"headline\":\"Comienza la actividad sistem\u00e1tica de la Direcci\u00f3n de Deportes\",\"datePublished\":\"2021-03-13T18:09:45+00:00\",\"dateModified\":\"2021-03-13T18:12:01+00:00\",\"mainEntityOfPage\":{\"@id\":\"https:\/\/experienciadevida.com.ar\/portalurbano\/comienza-la-actividad-sistematica-de-la-direccion-de-deportes\/\"},\"wordCount\":631,\"publisher\":{\"@id\":\"https:\/\/experienciadevida.com.ar\/portalurbano\/#organization\"},\"articleSection\":[\"Ciudad\",\"Destacadas 2\"],\"inLanguage\":\"es\"},{\"@type\":\"WebPage\",\"@id\":\"https:\/\/experienciadevida.com.ar\/portalurbano\/comienza-la-actividad-sistematica-de-la-direccion-de-deportes\/\",\"url\":\"https:\/\/experienciadevida.com.ar\/portalurbano\/comienza-la-actividad-sistematica-de-la-direccion-de-deportes\/\",\"name\":\"Comienza la actividad sistem\u00e1tica de la direcci\u00f3n de deportes\",\"isPartOf\":{\"@id\":\"https:\/\/experienciadevida.com.ar\/portalurbano\/#website\"},\"datePublished\":\"2021-03-13T18:09:45+00:00\",\"dateModified\":\"2021-03-13T18:12:01+00:00\",\"description\":\"Comienza la actividad sistem\u00e1tica de la Direcci\u00f3n de Deportes, luego de una exitosa temporada de verano, arranca el pr\u00f3ximo lunes.\",\"breadcrumb\":{\"@id\":\"https:\/\/experienciadevida.com.ar\/portalurbano\/comienza-la-actividad-sistematica-de-la-direccion-de-deportes\/#breadcrumb\"},\"inLanguage\":\"es\",\"potentialAction\":[{\"@type\":\"ReadAction\",\"target\":[\"https:\/\/experienciadevida.com.ar\/portalurbano\/comienza-la-actividad-sistematica-de-la-direccion-de-deportes\/\"]}]},{\"@type\":\"BreadcrumbList\",\"@id\":\"https:\/\/experienciadevida.com.ar\/portalurbano\/comienza-la-actividad-sistematica-de-la-direccion-de-deportes\/#breadcrumb\",\"itemListElement\":[{\"@type\":\"ListItem\",\"position\":1,\"name\":\"Portada\",\"item\":\"https:\/\/experienciadevida.com.ar\/portalurbano\/\"},{\"@type\":\"ListItem\",\"position\":2,\"name\":\"Comienza la actividad sistem\u00e1tica de la Direcci\u00f3n de Deportes\"}]},{\"@type\":\"WebSite\",\"@id\":\"https:\/\/experienciadevida.com.ar\/portalurbano\/#website\",\"url\":\"https:\/\/experienciadevida.com.ar\/portalurbano\/\",\"name\":\"\",\"description\":\"\",\"publisher\":{\"@id\":\"https:\/\/experienciadevida.com.ar\/portalurbano\/#organization\"},\"potentialAction\":[{\"@type\":\"SearchAction\",\"target\":{\"@type\":\"EntryPoint\",\"urlTemplate\":\"https:\/\/experienciadevida.com.ar\/portalurbano\/?s={search_term_string}\"},\"query-input\":\"required name=search_term_string\"}],\"inLanguage\":\"es\"},{\"@type\":\"Organization\",\"@id\":\"https:\/\/experienciadevida.com.ar\/portalurbano\/#organization\",\"name\":\"Portal Urbano\",\"url\":\"https:\/\/experienciadevida.com.ar\/portalurbano\/\",\"logo\":{\"@type\":\"ImageObject\",\"inLanguage\":\"es\",\"@id\":\"https:\/\/experienciadevida.com.ar\/portalurbano\/#\/schema\/logo\/image\/\",\"url\":\"https:\/\/experienciadevida.com.ar\/portalurbano\/wp-content\/uploads\/2019\/09\/Logo-Original.png\",\"contentUrl\":\"https:\/\/experienciadevida.com.ar\/portalurbano\/wp-content\/uploads\/2019\/09\/Logo-Original.png\",\"width\":2236,\"height\":1216,\"caption\":\"Portal Urbano\"},\"image\":{\"@id\":\"https:\/\/experienciadevida.com.ar\/portalurbano\/#\/schema\/logo\/image\/\"},\"sameAs\":[\"https:\/\/www.facebook.com\/Portal-Urbano-171542830093757\/\",\"https:\/\/twitter.com\/portalurbanook\",\"https:\/\/www.instagram.com\/_portalurbano\/\",\"https:\/\/www.youtube.com\/channel\/UCXhagIfszH8KxFiOok79zbA?view_as=subscriber\"]},{\"@type\":\"Person\",\"@id\":\"https:\/\/experienciadevida.com.ar\/portalurbano\/#\/schema\/person\/02dd326b1c4b056e9cc972486934a3a7\",\"name\":\"admpu17wp\",\"image\":{\"@type\":\"ImageObject\",\"inLanguage\":\"es\",\"@id\":\"https:\/\/experienciadevida.com.ar\/portalurbano\/#\/schema\/person\/image\/\",\"url\":\"https:\/\/secure.gravatar.com\/avatar\/830d4c57adaae6630765e449a6908047?s=96&d=mm&r=g\",\"contentUrl\":\"https:\/\/secure.gravatar.com\/avatar\/830d4c57adaae6630765e449a6908047?s=96&d=mm&r=g\",\"caption\":\"admpu17wp\"}}]}<\/script>\n<!-- \/ Yoast SEO plugin. -->","yoast_head_json":{"title":"Comienza la actividad sistem\u00e1tica de la direcci\u00f3n de deportes","description":"Comienza la actividad sistem\u00e1tica de la Direcci\u00f3n de Deportes, luego de una exitosa temporada de verano, arranca el pr\u00f3ximo lunes.","robots":{"index":"index","follow":"follow","max-snippet":"max-snippet:-1","max-image-preview":"max-image-preview:large","max-video-preview":"max-video-preview:-1"},"canonical":"https:\/\/experienciadevida.com.ar\/portalurbano\/comienza-la-actividad-sistematica-de-la-direccion-de-deportes\/","og_locale":"es_ES","og_type":"article","og_title":"Comienza la actividad sistem\u00e1tica de la direcci\u00f3n de deportes","og_description":"Comienza la actividad sistem\u00e1tica de la Direcci\u00f3n de Deportes, luego de una exitosa temporada de verano, arranca el pr\u00f3ximo lunes.","og_url":"https:\/\/experienciadevida.com.ar\/portalurbano\/comienza-la-actividad-sistematica-de-la-direccion-de-deportes\/","article_publisher":"https:\/\/www.facebook.com\/Portal-Urbano-171542830093757\/","article_published_time":"2021-03-13T18:09:45+00:00","article_modified_time":"2021-03-13T18:12:01+00:00","og_image":[{"width":1024,"height":683,"url":"https:\/\/experienciadevida.com.ar\/portalurbano\/wp-content\/uploads\/2021\/03\/comienza-la-actividad-sistematica.jpg","type":"image\/jpeg"}],"author":"admpu17wp","twitter_card":"summary_large_image","twitter_creator":"@portalurbanook","twitter_site":"@portalurbanook","twitter_misc":{"Escrito por":"admpu17wp","Tiempo de lectura":"3 minutos"},"schema":{"@context":"https:\/\/schema.org","@graph":[{"@type":"Article","@id":"https:\/\/experienciadevida.com.ar\/portalurbano\/comienza-la-actividad-sistematica-de-la-direccion-de-deportes\/#article","isPartOf":{"@id":"https:\/\/experienciadevida.com.ar\/portalurbano\/comienza-la-actividad-sistematica-de-la-direccion-de-deportes\/"},"author":{"name":"admpu17wp","@id":"https:\/\/experienciadevida.com.ar\/portalurbano\/#\/schema\/person\/02dd326b1c4b056e9cc972486934a3a7"},"headline":"Comienza la actividad sistem\u00e1tica de la Direcci\u00f3n de Deportes","datePublished":"2021-03-13T18:09:45+00:00","dateModified":"2021-03-13T18:12:01+00:00","mainEntityOfPage":{"@id":"https:\/\/experienciadevida.com.ar\/portalurbano\/comienza-la-actividad-sistematica-de-la-direccion-de-deportes\/"},"wordCount":631,"publisher":{"@id":"https:\/\/experienciadevida.com.ar\/portalurbano\/#organization"},"articleSection":["Ciudad","Destacadas 2"],"inLanguage":"es"},{"@type":"WebPage","@id":"https:\/\/experienciadevida.com.ar\/portalurbano\/comienza-la-actividad-sistematica-de-la-direccion-de-deportes\/","url":"https:\/\/experienciadevida.com.ar\/portalurbano\/comienza-la-actividad-sistematica-de-la-direccion-de-deportes\/","name":"Comienza la actividad sistem\u00e1tica de la direcci\u00f3n de deportes","isPartOf":{"@id":"https:\/\/experienciadevida.com.ar\/portalurbano\/#website"},"datePublished":"2021-03-13T18:09:45+00:00","dateModified":"2021-03-13T18:12:01+00:00","description":"Comienza la actividad sistem\u00e1tica de la Direcci\u00f3n de Deportes, luego de una exitosa temporada de verano, arranca el pr\u00f3ximo lunes.","breadcrumb":{"@id":"https:\/\/experienciadevida.com.ar\/portalurbano\/comienza-la-actividad-sistematica-de-la-direccion-de-deportes\/#breadcrumb"},"inLanguage":"es","potentialAction":[{"@type":"ReadAction","target":["https:\/\/experienciadevida.com.ar\/portalurbano\/comienza-la-actividad-sistematica-de-la-direccion-de-deportes\/"]}]},{"@type":"BreadcrumbList","@id":"https:\/\/experienciadevida.com.ar\/portalurbano\/comienza-la-actividad-sistematica-de-la-direccion-de-deportes\/#breadcrumb","itemListElement":[{"@type":"ListItem","position":1,"name":"Portada","item":"https:\/\/experienciadevida.com.ar\/portalurbano\/"},{"@type":"ListItem","position":2,"name":"Comienza la actividad sistem\u00e1tica de la Direcci\u00f3n de Deportes"}]},{"@type":"WebSite","@id":"https:\/\/experienciadevida.com.ar\/portalurbano\/#website","url":"https:\/\/experienciadevida.com.ar\/portalurbano\/","name":"","description":"","publisher":{"@id":"https:\/\/experienciadevida.com.ar\/portalurbano\/#organization"},"potentialAction":[{"@type":"SearchAction","target":{"@type":"EntryPoint","urlTemplate":"https:\/\/experienciadevida.com.ar\/portalurbano\/?s={search_term_string}"},"query-input":"required name=search_term_string"}],"inLanguage":"es"},{"@type":"Organization","@id":"https:\/\/experienciadevida.com.ar\/portalurbano\/#organization","name":"Portal Urbano","url":"https:\/\/experienciadevida.com.ar\/portalurbano\/","logo":{"@type":"ImageObject","inLanguage":"es","@id":"https:\/\/experienciadevida.com.ar\/portalurbano\/#\/schema\/logo\/image\/","url":"https:\/\/experienciadevida.com.ar\/portalurbano\/wp-content\/uploads\/2019\/09\/Logo-Original.png","contentUrl":"https:\/\/experienciadevida.com.ar\/portalurbano\/wp-content\/uploads\/2019\/09\/Logo-Original.png","width":2236,"height":1216,"caption":"Portal Urbano"},"image":{"@id":"https:\/\/experienciadevida.com.ar\/portalurbano\/#\/schema\/logo\/image\/"},"sameAs":["https:\/\/www.facebook.com\/Portal-Urbano-171542830093757\/","https:\/\/twitter.com\/portalurbanook","https:\/\/www.instagram.com\/_portalurbano\/","https:\/\/www.youtube.com\/channel\/UCXhagIfszH8KxFiOok79zbA?view_as=subscriber"]},{"@type":"Person","@id":"https:\/\/experienciadevida.com.ar\/portalurbano\/#\/schema\/person\/02dd326b1c4b056e9cc972486934a3a7","name":"admpu17wp","image":{"@type":"ImageObject","inLanguage":"es","@id":"https:\/\/experienciadevida.com.ar\/portalurbano\/#\/schema\/person\/image\/","url":"https:\/\/secure.gravatar.com\/avatar\/830d4c57adaae6630765e449a6908047?s=96&d=mm&r=g","contentUrl":"https:\/\/secure.gravatar.com\/avatar\/830d4c57adaae6630765e449a6908047?s=96&d=mm&r=g","caption":"admpu17wp"}}]}},"featured_image_urls":{"full":["https:\/\/experienciadevida.com.ar\/portalurbano\/wp-content\/uploads\/2021\/03\/comienza-la-actividad-sistematica.jpg",1024,683,false],"thumbnail":["https:\/\/experienciadevida.com.ar\/portalurbano\/wp-content\/uploads\/2021\/03\/comienza-la-actividad-sistematica-150x150.jpg",150,150,true],"medium":["https:\/\/experienciadevida.com.ar\/portalurbano\/wp-content\/uploads\/2021\/03\/comienza-la-actividad-sistematica-300x200.jpg",300,200,true],"medium_large":["https:\/\/experienciadevida.com.ar\/portalurbano\/wp-content\/uploads\/2021\/03\/comienza-la-actividad-sistematica-768x512.jpg",640,427,true],"large":["https:\/\/experienciadevida.com.ar\/portalurbano\/wp-content\/uploads\/2021\/03\/comienza-la-actividad-sistematica.jpg",640,427,false],"ug_big":["https:\/\/experienciadevida.com.ar\/portalurbano\/wp-content\/uploads\/2021\/03\/comienza-la-actividad-sistematica-768x512.jpg",768,512,true],"1536x1536":["https:\/\/experienciadevida.com.ar\/portalurbano\/wp-content\/uploads\/2021\/03\/comienza-la-actividad-sistematica.jpg",1024,683,false],"2048x2048":["https:\/\/experienciadevida.com.ar\/portalurbano\/wp-content\/uploads\/2021\/03\/comienza-la-actividad-sistematica.jpg",1024,683,false],"newsever-slider-full":["https:\/\/experienciadevida.com.ar\/portalurbano\/wp-content\/uploads\/2021\/03\/comienza-la-actividad-sistematica.jpg",1024,683,false],"newsever-featured":["https:\/\/experienciadevida.com.ar\/portalurbano\/wp-content\/uploads\/2021\/03\/comienza-la-actividad-sistematica.jpg",1024,683,false],"newsever-medium":["https:\/\/experienciadevida.com.ar\/portalurbano\/wp-content\/uploads\/2021\/03\/comienza-la-actividad-sistematica.jpg",712,475,false],"web-stories-poster-portrait":["https:\/\/experienciadevida.com.ar\/portalurbano\/wp-content\/uploads\/2021\/03\/comienza-la-actividad-sistematica.jpg",640,427,false],"web-stories-publisher-logo":["https:\/\/experienciadevida.com.ar\/portalurbano\/wp-content\/uploads\/2021\/03\/comienza-la-actividad-sistematica.jpg",96,64,false],"web-stories-thumbnail":["https:\/\/experienciadevida.com.ar\/portalurbano\/wp-content\/uploads\/2021\/03\/comienza-la-actividad-sistematica.jpg",150,100,false]},"author_info":{"display_name":"admpu17wp","author_link":"https:\/\/experienciadevida.com.ar\/portalurbano\/author\/admpu17wp\/"},"category_info":"<a href=\"https:\/\/experienciadevida.com.ar\/portalurbano\/category\/ciudad\/\" rel=\"category tag\">Ciudad<\/a> <a href=\"https:\/\/experienciadevida.com.ar\/portalurbano\/category\/destacadas-2\/\" rel=\"category tag\">Destacadas 2<\/a>","tag_info":"Destacadas 2","comment_count":"0","amp_enabled":true,"_links":{"self":[{"href":"https:\/\/experienciadevida.com.ar\/portalurbano\/wp-json\/wp\/v2\/posts\/137350"}],"collection":[{"href":"https:\/\/experienciadevida.com.ar\/portalurbano\/wp-json\/wp\/v2\/posts"}],"about":[{"href":"https:\/\/experienciadevida.com.ar\/portalurbano\/wp-json\/wp\/v2\/types\/post"}],"author":[{"embeddable":true,"href":"https:\/\/experienciadevida.com.ar\/portalurbano\/wp-json\/wp\/v2\/users\/1"}],"replies":[{"embeddable":true,"href":"https:\/\/experienciadevida.com.ar\/portalurbano\/wp-json\/wp\/v2\/comments?post=137350"}],"version-history":[{"count":3,"href":"https:\/\/experienciadevida.com.ar\/portalurbano\/wp-json\/wp\/v2\/posts\/137350\/revisions"}],"predecessor-version":[{"id":137354,"href":"https:\/\/experienciadevida.com.ar\/portalurbano\/wp-json\/wp\/v2\/posts\/137350\/revisions\/137354"}],"wp:featuredmedia":[{"embeddable":true,"href":"https:\/\/experienciadevida.com.ar\/portalurbano\/wp-json\/wp\/v2\/media\/137351"}],"wp:attachment":[{"href":"https:\/\/experienciadevida.com.ar\/portalurbano\/wp-json\/wp\/v2\/media?parent=137350"}],"wp:term":[{"taxonomy":"category","embeddable":true,"href":"https:\/\/experienciadevida.com.ar\/portalurbano\/wp-json\/wp\/v2\/categories?post=137350"},{"taxonomy":"post_tag","embeddable":true,"href":"https:\/\/experienciadevida.com.ar\/portalurbano\/wp-json\/wp\/v2\/tags?post=137350"}],"curies":[{"name":"wp","href":"https:\/\/api.w.org\/{rel}","templated":true}]}}