{"id":137338,"date":"2021-03-13T15:02:33","date_gmt":"2021-03-13T18:02:33","guid":{"rendered":"https:\/\/experienciadevida.com.ar\/portalurbano\/?p=137338"},"modified":"2021-03-13T15:08:09","modified_gmt":"2021-03-13T18:08:09","slug":"mas-de-400-personas-se-acercaron-a-el-estado-cerca-tuyo-en-sierras-bayas","status":"publish","type":"post","link":"https:\/\/experienciadevida.com.ar\/portalurbano\/mas-de-400-personas-se-acercaron-a-el-estado-cerca-tuyo-en-sierras-bayas\/","title":{"rendered":"M\u00e1s de 400 personas se acercaron a \u201cEl Estado Cerca Tuyo en Sierras Bayas\u201d"},"content":{"rendered":"<p>M\u00e1s de 400 personas se acercaron a \u201cEl Estado Cerca Tuyo en Sierras Bayas\u201d. El operativo interministerial &#8220;El Estado Cerca Tuyo&#8221; cont\u00f3 nuevamente con una gran cantidad de asistentes que se acercaron a la plaza central de Sierras Bayas a realizar diferentes consultas, tr\u00e1mites y recibir asesoramiento de organismos nacionales y provinciales.<\/p>\n<p>Maximiliano Wesner titular de ANSES destac\u00f3: \u201cCada jornada que pasa es m\u00e1s gratificante, la recepci\u00f3n de los vecinos y vecinas es excelente. Vamos a seguir recorriendo las distintas localidades y barrios de nuestra ciudad tratando de dar respuestas a cada una de las demandas o problem\u00e1ticas de los vecinos del partido de Olavarr\u00eda\u201d.<\/p>\n<p>M\u00e1s de 400 personas se acercaron a &#8220;el estado cerca tuyo en Sierras Bayas&#8221; y por su parte <a href=\"https:\/\/www.facebook.com\/FedericoAguile5\">Federico Aguilera <\/a>resalt\u00f3: \u201cEn el d\u00eda de ayer 100 personas recibieron el DNI que hab\u00edan tramitado en la jornada anterior y hoy tambi\u00e9n, otra gran cantidad de vecinos pudieron realizar sus tr\u00e1mites de forma gratuita y en el acto en el Registro Nacional de Las Personas\u201d.<\/p>\n<p>Adem\u00e1s tambi\u00e9n estuvieron presentes legisladores locales, provinciales y nacionales del Frente de Todos dialogando con los vecinos sobre diferentes consultas.<\/p>\n<p>De la jornada participaron representantes de IOMA, ANSES, Defensor\u00eda de la Provincia de Buenos Aires, Regi\u00f3n Sanitaria IX, Centro de Acceso a la Justicia, Ministerio de Desarrollo Social,\u00a0 Secretar\u00eda de Derechos Humanos, Ministerio de Trabajo, Direcci\u00f3n General de Cultura y de Educaci\u00f3n, Sedronar, Ministerio de las Mujeres, INTA, Registro Civil, Pol\u00edticas de G\u00e9nero y Diversidad Sexual, CNRT, Plan FINES y Registro Nacional de las Personas brindando asesoramiento totalmente gratuito.<\/p>\n<p>\u201cEl Estado Cerca Tuyo\u201d tiene como objetivo acercar las pol\u00edticas p\u00fablicas del Estado nacional y provincial a distintos barrios y localidades de la ciudad con operativos interministeriales para atender consultas de vecinos y vecinas.<\/p>\n<p><a href=\"https:\/\/experienciadevida.com.ar\/portalurbano\/mas-de-400-personas-se-acercaron-a-el-estado-cerca-tuyo-en-sierras-bayas\/400-personas\/\" rel=\"attachment wp-att-137344\"><img decoding=\"async\" class=\"alignnone size-full wp-image-137344\" src=\"https:\/\/experienciadevida.com.ar\/portalurbano\/wp-content\/uploads\/2021\/03\/400-personas.jpg\" alt=\"400 personas \" width=\"1280\" height=\"958\" srcset=\"https:\/\/experienciadevida.com.ar\/portalurbano\/wp-content\/uploads\/2021\/03\/400-personas.jpg 1280w, https:\/\/experienciadevida.com.ar\/portalurbano\/wp-content\/uploads\/2021\/03\/400-personas-300x225.jpg 300w, https:\/\/experienciadevida.com.ar\/portalurbano\/wp-content\/uploads\/2021\/03\/400-personas-1024x766.jpg 1024w, https:\/\/experienciadevida.com.ar\/portalurbano\/wp-content\/uploads\/2021\/03\/400-personas-768x575.jpg 768w\" sizes=\"(max-width: 1280px) 100vw, 1280px\" \/><\/a><\/p>\n<p><a href=\"https:\/\/experienciadevida.com.ar\/portalurbano\/mas-de-400-personas-se-acercaron-a-el-estado-cerca-tuyo-en-sierras-bayas\/personas-4\/\" rel=\"attachment wp-att-137345\"><img decoding=\"async\" class=\"alignnone size-full wp-image-137345\" src=\"https:\/\/experienciadevida.com.ar\/portalurbano\/wp-content\/uploads\/2021\/03\/personas-1.jpg\" alt=\"personas \" width=\"1040\" height=\"780\" srcset=\"https:\/\/experienciadevida.com.ar\/portalurbano\/wp-content\/uploads\/2021\/03\/personas-1.jpg 1040w, https:\/\/experienciadevida.com.ar\/portalurbano\/wp-content\/uploads\/2021\/03\/personas-1-300x225.jpg 300w, https:\/\/experienciadevida.com.ar\/portalurbano\/wp-content\/uploads\/2021\/03\/personas-1-1024x768.jpg 1024w, https:\/\/experienciadevida.com.ar\/portalurbano\/wp-content\/uploads\/2021\/03\/personas-1-768x576.jpg 768w\" sizes=\"(max-width: 1040px) 100vw, 1040px\" \/><\/a><\/p>\n<p><a href=\"https:\/\/experienciadevida.com.ar\/portalurbano\/mas-de-400-personas-se-acercaron-a-el-estado-cerca-tuyo-en-sierras-bayas\/70297f7a-312f-47e0-bcbe-9abd3c16f198\/\" rel=\"attachment wp-att-137347\"><img decoding=\"async\" class=\"alignnone size-full wp-image-137347\" src=\"https:\/\/experienciadevida.com.ar\/portalurbano\/wp-content\/uploads\/2021\/03\/70297f7a-312f-47e0-bcbe-9abd3c16f198.jpg\" alt=\"\" width=\"1232\" height=\"816\" srcset=\"https:\/\/experienciadevida.com.ar\/portalurbano\/wp-content\/uploads\/2021\/03\/70297f7a-312f-47e0-bcbe-9abd3c16f198.jpg 1232w, https:\/\/experienciadevida.com.ar\/portalurbano\/wp-content\/uploads\/2021\/03\/70297f7a-312f-47e0-bcbe-9abd3c16f198-300x199.jpg 300w, https:\/\/experienciadevida.com.ar\/portalurbano\/wp-content\/uploads\/2021\/03\/70297f7a-312f-47e0-bcbe-9abd3c16f198-1024x678.jpg 1024w, https:\/\/experienciadevida.com.ar\/portalurbano\/wp-content\/uploads\/2021\/03\/70297f7a-312f-47e0-bcbe-9abd3c16f198-768x509.jpg 768w\" sizes=\"(max-width: 1232px) 100vw, 1232px\" \/><\/a><\/p>\n<p><a href=\"https:\/\/experienciadevida.com.ar\/portalurbano\/mas-de-400-personas-se-acercaron-a-el-estado-cerca-tuyo-en-sierras-bayas\/ef456ba1-7602-4980-a7d7-f2059135f56b\/\" rel=\"attachment wp-att-137348\"><img decoding=\"async\" class=\"alignnone size-full wp-image-137348\" src=\"https:\/\/experienciadevida.com.ar\/portalurbano\/wp-content\/uploads\/2021\/03\/ef456ba1-7602-4980-a7d7-f2059135f56b.jpg\" alt=\"\" width=\"1144\" height=\"718\" srcset=\"https:\/\/experienciadevida.com.ar\/portalurbano\/wp-content\/uploads\/2021\/03\/ef456ba1-7602-4980-a7d7-f2059135f56b.jpg 1144w, https:\/\/experienciadevida.com.ar\/portalurbano\/wp-content\/uploads\/2021\/03\/ef456ba1-7602-4980-a7d7-f2059135f56b-300x188.jpg 300w, https:\/\/experienciadevida.com.ar\/portalurbano\/wp-content\/uploads\/2021\/03\/ef456ba1-7602-4980-a7d7-f2059135f56b-1024x643.jpg 1024w, https:\/\/experienciadevida.com.ar\/portalurbano\/wp-content\/uploads\/2021\/03\/ef456ba1-7602-4980-a7d7-f2059135f56b-768x482.jpg 768w\" sizes=\"(max-width: 1144px) 100vw, 1144px\" \/><\/a><\/p>\n","protected":false},"excerpt":{"rendered":"<p>M\u00e1s de 400 personas se acercaron a \u201cEl Estado Cerca Tuyo en Sierras Bayas\u201d. El&#8230;<\/p>\n","protected":false},"author":1,"featured_media":137340,"comment_status":"closed","ping_status":"closed","sticky":false,"template":"","format":"standard","meta":{"content-type":""},"categories":[27,51],"tags":[],"nelio_content":{"isAutoShareEnabled":false,"autoShareEndMode":"default","automationSources":{"useContentSentences":true,"useSocialTemplates":true,"useCustomSentences":false,"customSentences":[]},"followers":[1],"suggestedReferences":[],"includedReferences":[],"efiUrl":"","efiAlt":"","highlights":[]},"yoast_head":"<!-- This site is optimized with the Yoast SEO plugin v20.7 - https:\/\/yoast.com\/wordpress\/plugins\/seo\/ -->\n<title>M\u00e1s de 400 personas se acercaron a &quot;el estado cerca tuyo&quot; en S.Bayas<\/title>\n<meta name=\"description\" content=\"M\u00e1s de 400 personas se acercaron a \u201cEl Estado Cerca Tuyo en Sierras Bayas\u201d. El operativo interministerial &quot;El Estado Cerca Tuyo&quot;.\" \/>\n<meta name=\"robots\" content=\"index, follow, max-snippet:-1, max-image-preview:large, max-video-preview:-1\" \/>\n<link rel=\"canonical\" href=\"https:\/\/experienciadevida.com.ar\/portalurbano\/mas-de-400-personas-se-acercaron-a-el-estado-cerca-tuyo-en-sierras-bayas\/\" \/>\n<meta property=\"og:locale\" content=\"es_ES\" \/>\n<meta property=\"og:type\" content=\"article\" \/>\n<meta property=\"og:title\" content=\"M\u00e1s de 400 personas se acercaron a &quot;el estado cerca tuyo&quot; en S.Bayas\" \/>\n<meta property=\"og:description\" content=\"M\u00e1s de 400 personas se acercaron a \u201cEl Estado Cerca Tuyo en Sierras Bayas\u201d. El operativo interministerial &quot;El Estado Cerca Tuyo&quot;.\" \/>\n<meta property=\"og:url\" content=\"https:\/\/experienciadevida.com.ar\/portalurbano\/mas-de-400-personas-se-acercaron-a-el-estado-cerca-tuyo-en-sierras-bayas\/\" \/>\n<meta property=\"article:publisher\" content=\"https:\/\/www.facebook.com\/Portal-Urbano-171542830093757\/\" \/>\n<meta property=\"article:published_time\" content=\"2021-03-13T18:02:33+00:00\" \/>\n<meta property=\"article:modified_time\" content=\"2021-03-13T18:08:09+00:00\" \/>\n<meta property=\"og:image\" content=\"https:\/\/experienciadevida.com.ar\/portalurbano\/wp-content\/uploads\/2021\/03\/Mas-de-400-personas-se-acercaron.jpg\" \/>\n\t<meta property=\"og:image:width\" content=\"1232\" \/>\n\t<meta property=\"og:image:height\" content=\"816\" \/>\n\t<meta property=\"og:image:type\" content=\"image\/jpeg\" \/>\n<meta name=\"author\" content=\"admpu17wp\" \/>\n<meta name=\"twitter:card\" content=\"summary_large_image\" \/>\n<meta name=\"twitter:creator\" content=\"@portalurbanook\" \/>\n<meta name=\"twitter:site\" content=\"@portalurbanook\" \/>\n<meta name=\"twitter:label1\" content=\"Escrito por\" \/>\n\t<meta name=\"twitter:data1\" content=\"admpu17wp\" \/>\n\t<meta name=\"twitter:label2\" content=\"Tiempo de lectura\" \/>\n\t<meta name=\"twitter:data2\" content=\"3 minutos\" \/>\n<script type=\"application\/ld+json\" class=\"yoast-schema-graph\">{\"@context\":\"https:\/\/schema.org\",\"@graph\":[{\"@type\":\"Article\",\"@id\":\"https:\/\/experienciadevida.com.ar\/portalurbano\/mas-de-400-personas-se-acercaron-a-el-estado-cerca-tuyo-en-sierras-bayas\/#article\",\"isPartOf\":{\"@id\":\"https:\/\/experienciadevida.com.ar\/portalurbano\/mas-de-400-personas-se-acercaron-a-el-estado-cerca-tuyo-en-sierras-bayas\/\"},\"author\":{\"name\":\"admpu17wp\",\"@id\":\"https:\/\/experienciadevida.com.ar\/portalurbano\/#\/schema\/person\/02dd326b1c4b056e9cc972486934a3a7\"},\"headline\":\"M\u00e1s de 400 personas se acercaron a \u201cEl Estado Cerca Tuyo en Sierras Bayas\u201d\",\"datePublished\":\"2021-03-13T18:02:33+00:00\",\"dateModified\":\"2021-03-13T18:08:09+00:00\",\"mainEntityOfPage\":{\"@id\":\"https:\/\/experienciadevida.com.ar\/portalurbano\/mas-de-400-personas-se-acercaron-a-el-estado-cerca-tuyo-en-sierras-bayas\/\"},\"wordCount\":325,\"publisher\":{\"@id\":\"https:\/\/experienciadevida.com.ar\/portalurbano\/#organization\"},\"articleSection\":[\"Ciudad\",\"Destacadas\"],\"inLanguage\":\"es\"},{\"@type\":\"WebPage\",\"@id\":\"https:\/\/experienciadevida.com.ar\/portalurbano\/mas-de-400-personas-se-acercaron-a-el-estado-cerca-tuyo-en-sierras-bayas\/\",\"url\":\"https:\/\/experienciadevida.com.ar\/portalurbano\/mas-de-400-personas-se-acercaron-a-el-estado-cerca-tuyo-en-sierras-bayas\/\",\"name\":\"M\u00e1s de 400 personas se acercaron a \\\"el estado cerca tuyo\\\" en S.Bayas\",\"isPartOf\":{\"@id\":\"https:\/\/experienciadevida.com.ar\/portalurbano\/#website\"},\"datePublished\":\"2021-03-13T18:02:33+00:00\",\"dateModified\":\"2021-03-13T18:08:09+00:00\",\"description\":\"M\u00e1s de 400 personas se acercaron a \u201cEl Estado Cerca Tuyo en Sierras Bayas\u201d. El operativo interministerial \\\"El Estado Cerca Tuyo\\\".\",\"breadcrumb\":{\"@id\":\"https:\/\/experienciadevida.com.ar\/portalurbano\/mas-de-400-personas-se-acercaron-a-el-estado-cerca-tuyo-en-sierras-bayas\/#breadcrumb\"},\"inLanguage\":\"es\",\"potentialAction\":[{\"@type\":\"ReadAction\",\"target\":[\"https:\/\/experienciadevida.com.ar\/portalurbano\/mas-de-400-personas-se-acercaron-a-el-estado-cerca-tuyo-en-sierras-bayas\/\"]}]},{\"@type\":\"BreadcrumbList\",\"@id\":\"https:\/\/experienciadevida.com.ar\/portalurbano\/mas-de-400-personas-se-acercaron-a-el-estado-cerca-tuyo-en-sierras-bayas\/#breadcrumb\",\"itemListElement\":[{\"@type\":\"ListItem\",\"position\":1,\"name\":\"Portada\",\"item\":\"https:\/\/experienciadevida.com.ar\/portalurbano\/\"},{\"@type\":\"ListItem\",\"position\":2,\"name\":\"M\u00e1s de 400 personas se acercaron a \u201cEl Estado Cerca Tuyo en Sierras Bayas\u201d\"}]},{\"@type\":\"WebSite\",\"@id\":\"https:\/\/experienciadevida.com.ar\/portalurbano\/#website\",\"url\":\"https:\/\/experienciadevida.com.ar\/portalurbano\/\",\"name\":\"\",\"description\":\"\",\"publisher\":{\"@id\":\"https:\/\/experienciadevida.com.ar\/portalurbano\/#organization\"},\"potentialAction\":[{\"@type\":\"SearchAction\",\"target\":{\"@type\":\"EntryPoint\",\"urlTemplate\":\"https:\/\/experienciadevida.com.ar\/portalurbano\/?s={search_term_string}\"},\"query-input\":\"required name=search_term_string\"}],\"inLanguage\":\"es\"},{\"@type\":\"Organization\",\"@id\":\"https:\/\/experienciadevida.com.ar\/portalurbano\/#organization\",\"name\":\"Portal Urbano\",\"url\":\"https:\/\/experienciadevida.com.ar\/portalurbano\/\",\"logo\":{\"@type\":\"ImageObject\",\"inLanguage\":\"es\",\"@id\":\"https:\/\/experienciadevida.com.ar\/portalurbano\/#\/schema\/logo\/image\/\",\"url\":\"https:\/\/experienciadevida.com.ar\/portalurbano\/wp-content\/uploads\/2019\/09\/Logo-Original.png\",\"contentUrl\":\"https:\/\/experienciadevida.com.ar\/portalurbano\/wp-content\/uploads\/2019\/09\/Logo-Original.png\",\"width\":2236,\"height\":1216,\"caption\":\"Portal Urbano\"},\"image\":{\"@id\":\"https:\/\/experienciadevida.com.ar\/portalurbano\/#\/schema\/logo\/image\/\"},\"sameAs\":[\"https:\/\/www.facebook.com\/Portal-Urbano-171542830093757\/\",\"https:\/\/twitter.com\/portalurbanook\",\"https:\/\/www.instagram.com\/_portalurbano\/\",\"https:\/\/www.youtube.com\/channel\/UCXhagIfszH8KxFiOok79zbA?view_as=subscriber\"]},{\"@type\":\"Person\",\"@id\":\"https:\/\/experienciadevida.com.ar\/portalurbano\/#\/schema\/person\/02dd326b1c4b056e9cc972486934a3a7\",\"name\":\"admpu17wp\",\"image\":{\"@type\":\"ImageObject\",\"inLanguage\":\"es\",\"@id\":\"https:\/\/experienciadevida.com.ar\/portalurbano\/#\/schema\/person\/image\/\",\"url\":\"https:\/\/secure.gravatar.com\/avatar\/830d4c57adaae6630765e449a6908047?s=96&d=mm&r=g\",\"contentUrl\":\"https:\/\/secure.gravatar.com\/avatar\/830d4c57adaae6630765e449a6908047?s=96&d=mm&r=g\",\"caption\":\"admpu17wp\"}}]}<\/script>\n<!-- \/ Yoast SEO plugin. -->","yoast_head_json":{"title":"M\u00e1s de 400 personas se acercaron a \"el estado cerca tuyo\" en S.Bayas","description":"M\u00e1s de 400 personas se acercaron a \u201cEl Estado Cerca Tuyo en Sierras Bayas\u201d. El operativo interministerial \"El Estado Cerca Tuyo\".","robots":{"index":"index","follow":"follow","max-snippet":"max-snippet:-1","max-image-preview":"max-image-preview:large","max-video-preview":"max-video-preview:-1"},"canonical":"https:\/\/experienciadevida.com.ar\/portalurbano\/mas-de-400-personas-se-acercaron-a-el-estado-cerca-tuyo-en-sierras-bayas\/","og_locale":"es_ES","og_type":"article","og_title":"M\u00e1s de 400 personas se acercaron a \"el estado cerca tuyo\" en S.Bayas","og_description":"M\u00e1s de 400 personas se acercaron a \u201cEl Estado Cerca Tuyo en Sierras Bayas\u201d. El operativo interministerial \"El Estado Cerca Tuyo\".","og_url":"https:\/\/experienciadevida.com.ar\/portalurbano\/mas-de-400-personas-se-acercaron-a-el-estado-cerca-tuyo-en-sierras-bayas\/","article_publisher":"https:\/\/www.facebook.com\/Portal-Urbano-171542830093757\/","article_published_time":"2021-03-13T18:02:33+00:00","article_modified_time":"2021-03-13T18:08:09+00:00","og_image":[{"width":1232,"height":816,"url":"https:\/\/experienciadevida.com.ar\/portalurbano\/wp-content\/uploads\/2021\/03\/Mas-de-400-personas-se-acercaron.jpg","type":"image\/jpeg"}],"author":"admpu17wp","twitter_card":"summary_large_image","twitter_creator":"@portalurbanook","twitter_site":"@portalurbanook","twitter_misc":{"Escrito por":"admpu17wp","Tiempo de lectura":"3 minutos"},"schema":{"@context":"https:\/\/schema.org","@graph":[{"@type":"Article","@id":"https:\/\/experienciadevida.com.ar\/portalurbano\/mas-de-400-personas-se-acercaron-a-el-estado-cerca-tuyo-en-sierras-bayas\/#article","isPartOf":{"@id":"https:\/\/experienciadevida.com.ar\/portalurbano\/mas-de-400-personas-se-acercaron-a-el-estado-cerca-tuyo-en-sierras-bayas\/"},"author":{"name":"admpu17wp","@id":"https:\/\/experienciadevida.com.ar\/portalurbano\/#\/schema\/person\/02dd326b1c4b056e9cc972486934a3a7"},"headline":"M\u00e1s de 400 personas se acercaron a \u201cEl Estado Cerca Tuyo en Sierras Bayas\u201d","datePublished":"2021-03-13T18:02:33+00:00","dateModified":"2021-03-13T18:08:09+00:00","mainEntityOfPage":{"@id":"https:\/\/experienciadevida.com.ar\/portalurbano\/mas-de-400-personas-se-acercaron-a-el-estado-cerca-tuyo-en-sierras-bayas\/"},"wordCount":325,"publisher":{"@id":"https:\/\/experienciadevida.com.ar\/portalurbano\/#organization"},"articleSection":["Ciudad","Destacadas"],"inLanguage":"es"},{"@type":"WebPage","@id":"https:\/\/experienciadevida.com.ar\/portalurbano\/mas-de-400-personas-se-acercaron-a-el-estado-cerca-tuyo-en-sierras-bayas\/","url":"https:\/\/experienciadevida.com.ar\/portalurbano\/mas-de-400-personas-se-acercaron-a-el-estado-cerca-tuyo-en-sierras-bayas\/","name":"M\u00e1s de 400 personas se acercaron a \"el estado cerca tuyo\" en S.Bayas","isPartOf":{"@id":"https:\/\/experienciadevida.com.ar\/portalurbano\/#website"},"datePublished":"2021-03-13T18:02:33+00:00","dateModified":"2021-03-13T18:08:09+00:00","description":"M\u00e1s de 400 personas se acercaron a \u201cEl Estado Cerca Tuyo en Sierras Bayas\u201d. El operativo interministerial \"El Estado Cerca Tuyo\".","breadcrumb":{"@id":"https:\/\/experienciadevida.com.ar\/portalurbano\/mas-de-400-personas-se-acercaron-a-el-estado-cerca-tuyo-en-sierras-bayas\/#breadcrumb"},"inLanguage":"es","potentialAction":[{"@type":"ReadAction","target":["https:\/\/experienciadevida.com.ar\/portalurbano\/mas-de-400-personas-se-acercaron-a-el-estado-cerca-tuyo-en-sierras-bayas\/"]}]},{"@type":"BreadcrumbList","@id":"https:\/\/experienciadevida.com.ar\/portalurbano\/mas-de-400-personas-se-acercaron-a-el-estado-cerca-tuyo-en-sierras-bayas\/#breadcrumb","itemListElement":[{"@type":"ListItem","position":1,"name":"Portada","item":"https:\/\/experienciadevida.com.ar\/portalurbano\/"},{"@type":"ListItem","position":2,"name":"M\u00e1s de 400 personas se acercaron a \u201cEl Estado Cerca Tuyo en Sierras Bayas\u201d"}]},{"@type":"WebSite","@id":"https:\/\/experienciadevida.com.ar\/portalurbano\/#website","url":"https:\/\/experienciadevida.com.ar\/portalurbano\/","name":"","description":"","publisher":{"@id":"https:\/\/experienciadevida.com.ar\/portalurbano\/#organization"},"potentialAction":[{"@type":"SearchAction","target":{"@type":"EntryPoint","urlTemplate":"https:\/\/experienciadevida.com.ar\/portalurbano\/?s={search_term_string}"},"query-input":"required name=search_term_string"}],"inLanguage":"es"},{"@type":"Organization","@id":"https:\/\/experienciadevida.com.ar\/portalurbano\/#organization","name":"Portal Urbano","url":"https:\/\/experienciadevida.com.ar\/portalurbano\/","logo":{"@type":"ImageObject","inLanguage":"es","@id":"https:\/\/experienciadevida.com.ar\/portalurbano\/#\/schema\/logo\/image\/","url":"https:\/\/experienciadevida.com.ar\/portalurbano\/wp-content\/uploads\/2019\/09\/Logo-Original.png","contentUrl":"https:\/\/experienciadevida.com.ar\/portalurbano\/wp-content\/uploads\/2019\/09\/Logo-Original.png","width":2236,"height":1216,"caption":"Portal Urbano"},"image":{"@id":"https:\/\/experienciadevida.com.ar\/portalurbano\/#\/schema\/logo\/image\/"},"sameAs":["https:\/\/www.facebook.com\/Portal-Urbano-171542830093757\/","https:\/\/twitter.com\/portalurbanook","https:\/\/www.instagram.com\/_portalurbano\/","https:\/\/www.youtube.com\/channel\/UCXhagIfszH8KxFiOok79zbA?view_as=subscriber"]},{"@type":"Person","@id":"https:\/\/experienciadevida.com.ar\/portalurbano\/#\/schema\/person\/02dd326b1c4b056e9cc972486934a3a7","name":"admpu17wp","image":{"@type":"ImageObject","inLanguage":"es","@id":"https:\/\/experienciadevida.com.ar\/portalurbano\/#\/schema\/person\/image\/","url":"https:\/\/secure.gravatar.com\/avatar\/830d4c57adaae6630765e449a6908047?s=96&d=mm&r=g","contentUrl":"https:\/\/secure.gravatar.com\/avatar\/830d4c57adaae6630765e449a6908047?s=96&d=mm&r=g","caption":"admpu17wp"}}]}},"featured_image_urls":{"full":["https:\/\/experienciadevida.com.ar\/portalurbano\/wp-content\/uploads\/2021\/03\/Mas-de-400-personas-se-acercaron.jpg",1232,816,false],"thumbnail":["https:\/\/experienciadevida.com.ar\/portalurbano\/wp-content\/uploads\/2021\/03\/Mas-de-400-personas-se-acercaron-150x150.jpg",150,150,true],"medium":["https:\/\/experienciadevida.com.ar\/portalurbano\/wp-content\/uploads\/2021\/03\/Mas-de-400-personas-se-acercaron-300x199.jpg",300,199,true],"medium_large":["https:\/\/experienciadevida.com.ar\/portalurbano\/wp-content\/uploads\/2021\/03\/Mas-de-400-personas-se-acercaron-768x509.jpg",640,424,true],"large":["https:\/\/experienciadevida.com.ar\/portalurbano\/wp-content\/uploads\/2021\/03\/Mas-de-400-personas-se-acercaron-1024x678.jpg",640,424,true],"ug_big":["https:\/\/experienciadevida.com.ar\/portalurbano\/wp-content\/uploads\/2021\/03\/Mas-de-400-personas-se-acercaron-768x509.jpg",768,509,true],"1536x1536":["https:\/\/experienciadevida.com.ar\/portalurbano\/wp-content\/uploads\/2021\/03\/Mas-de-400-personas-se-acercaron.jpg",1232,816,false],"2048x2048":["https:\/\/experienciadevida.com.ar\/portalurbano\/wp-content\/uploads\/2021\/03\/Mas-de-400-personas-se-acercaron.jpg",1232,816,false],"newsever-slider-full":["https:\/\/experienciadevida.com.ar\/portalurbano\/wp-content\/uploads\/2021\/03\/Mas-de-400-personas-se-acercaron.jpg",1232,816,false],"newsever-featured":["https:\/\/experienciadevida.com.ar\/portalurbano\/wp-content\/uploads\/2021\/03\/Mas-de-400-personas-se-acercaron.jpg",1024,678,false],"newsever-medium":["https:\/\/experienciadevida.com.ar\/portalurbano\/wp-content\/uploads\/2021\/03\/Mas-de-400-personas-se-acercaron.jpg",717,475,false],"web-stories-poster-portrait":["https:\/\/experienciadevida.com.ar\/portalurbano\/wp-content\/uploads\/2021\/03\/Mas-de-400-personas-se-acercaron.jpg",640,424,false],"web-stories-publisher-logo":["https:\/\/experienciadevida.com.ar\/portalurbano\/wp-content\/uploads\/2021\/03\/Mas-de-400-personas-se-acercaron.jpg",96,64,false],"web-stories-thumbnail":["https:\/\/experienciadevida.com.ar\/portalurbano\/wp-content\/uploads\/2021\/03\/Mas-de-400-personas-se-acercaron.jpg",150,99,false]},"author_info":{"display_name":"admpu17wp","author_link":"https:\/\/experienciadevida.com.ar\/portalurbano\/author\/admpu17wp\/"},"category_info":"<a href=\"https:\/\/experienciadevida.com.ar\/portalurbano\/category\/ciudad\/\" rel=\"category tag\">Ciudad<\/a> <a href=\"https:\/\/experienciadevida.com.ar\/portalurbano\/category\/destacadas\/\" rel=\"category tag\">Destacadas<\/a>","tag_info":"Destacadas","comment_count":"0","amp_enabled":true,"_links":{"self":[{"href":"https:\/\/experienciadevida.com.ar\/portalurbano\/wp-json\/wp\/v2\/posts\/137338"}],"collection":[{"href":"https:\/\/experienciadevida.com.ar\/portalurbano\/wp-json\/wp\/v2\/posts"}],"about":[{"href":"https:\/\/experienciadevida.com.ar\/portalurbano\/wp-json\/wp\/v2\/types\/post"}],"author":[{"embeddable":true,"href":"https:\/\/experienciadevida.com.ar\/portalurbano\/wp-json\/wp\/v2\/users\/1"}],"replies":[{"embeddable":true,"href":"https:\/\/experienciadevida.com.ar\/portalurbano\/wp-json\/wp\/v2\/comments?post=137338"}],"version-history":[{"count":4,"href":"https:\/\/experienciadevida.com.ar\/portalurbano\/wp-json\/wp\/v2\/posts\/137338\/revisions"}],"predecessor-version":[{"id":137342,"href":"https:\/\/experienciadevida.com.ar\/portalurbano\/wp-json\/wp\/v2\/posts\/137338\/revisions\/137342"}],"wp:featuredmedia":[{"embeddable":true,"href":"https:\/\/experienciadevida.com.ar\/portalurbano\/wp-json\/wp\/v2\/media\/137340"}],"wp:attachment":[{"href":"https:\/\/experienciadevida.com.ar\/portalurbano\/wp-json\/wp\/v2\/media?parent=137338"}],"wp:term":[{"taxonomy":"category","embeddable":true,"href":"https:\/\/experienciadevida.com.ar\/portalurbano\/wp-json\/wp\/v2\/categories?post=137338"},{"taxonomy":"post_tag","embeddable":true,"href":"https:\/\/experienciadevida.com.ar\/portalurbano\/wp-json\/wp\/v2\/tags?post=137338"}],"curies":[{"name":"wp","href":"https:\/\/api.w.org\/{rel}","templated":true}]}}