{"id":137327,"date":"2021-03-13T11:40:19","date_gmt":"2021-03-13T14:40:19","guid":{"rendered":"https:\/\/experienciadevida.com.ar\/portalurbano\/?p=137327"},"modified":"2021-03-13T11:43:56","modified_gmt":"2021-03-13T14:43:56","slug":"semana-de-sensibilizacion-y-concientizacion-sobre-el-uso-de-la-sal","status":"publish","type":"post","link":"https:\/\/experienciadevida.com.ar\/portalurbano\/semana-de-sensibilizacion-y-concientizacion-sobre-el-uso-de-la-sal\/","title":{"rendered":"Semana de sensibilizaci\u00f3n y concientizaci\u00f3n sobre el uso de la sal"},"content":{"rendered":"<p>Semana de sensibilizaci\u00f3n\u00a0 y concientizaci\u00f3n sobre el uso de la sal. En el mes de marzo se conmemora a nivel mundial la Semana de Sensibilizaci\u00f3n sobre la Sal, con el objetivo de promover la implementaci\u00f3n de acciones para reducir el consumo de sal en la poblaci\u00f3n y proteger la salud cardiovascular.<\/p>\n<p>El tema para el corriente a\u00f1o es \u201c\u00a1Esconder y Buscar!\u201d, que subraya el problema de la sal \u201cescondida\u201d en muchos productos procesados, listos para consumir y en los alimentos de los restaurantes, y las dificultades que los consumidores enfrentan para buscar opciones bajas en sal.<\/p>\n<p>Semana de sensibilizaci\u00f3n y concientizaci\u00f3n sobre el uso de la sal, en este sentido, la Direcci\u00f3n de Bromatolog\u00eda del Municipio adhiere a dicha conmemoraci\u00f3n mediante la difusi\u00f3n de pautas para detectar la sal en los productos procesados. Tales pautas fueron elaboradas por personal del Ministerio de Salud de la Naci\u00f3n.<\/p>\n<p>El consumo habitual de sal en exceso es perjudicial para la salud: aumenta la presi\u00f3n arterial a cualquier edad y contribuye a las enfermedades del coraz\u00f3n, principal causa de muerte en la poblaci\u00f3n adulta de nuestro pa\u00eds.<\/p>\n<p>Semana de sensibilizaci\u00f3n y concientizaci\u00f3n sobre el uso de la sal, en Argentina, se estima que se consumen 10 a 12 gramos diarios de sal, mientras la Organizaci\u00f3n Mundial de la Salud (OMS) recomienda menos de 5 gramos por d\u00eda (1 cucharadita). Adem\u00e1s, se calcula que la mayor cantidad de sal que consumimos proviene de los alimentos procesados, y no de la que a\u00f1adimos al cocinar o comer.<\/p>\n<p>En este sentido, es importante diferenciar los conceptos de sal y sodio. La sal es un compuesto que abunda en la naturaleza y est\u00e1 formada por el mineral sodio, responsable del sabor salado. Los alimentos naturales (frutas, verduras, legumbres y carnes frescas) aportan peque\u00f1as cantidades de sodio que son las que nuestro organismo necesita para su funcionamiento.<\/p>\n<p>La sal (cloruro de sodio) es la principal fuente de sodio en nuestra alimentaci\u00f3n. Pero podemos distinguir entre la sal visible, aquella que agregamos al cocinar o servir las comidas en la mesa, y la sal invisible, la que proviene fundamentalmente de alimentos procesados (por ejemplo: fiambres, embutidos, caldos, conservas, etc.), que aportan alrededor del 70% del sodio consumido.<\/p>\n<p>La sal tiene m\u00faltiples usos en la elaboraci\u00f3n de alimentos: conservar, aportar humedad, textura, color, entre otros. Adem\u00e1s de a\u00f1adirse espec\u00edficamente como sal, el sodio se incorpora como parte de aditivos, es decir compuestos que cumplen funciones espec\u00edficas, por ejemplo: leudantes qu\u00edmicos (bicarbonato de sodio), resaltadores del sabor (glutamato de sodio), conservantes (lactato de sodio), etc.<\/p>\n<p>Alimentos con mayor contenido de sal<\/p>\n<p>Los grupos de alimentos que aportan mayor cantidad de sal son: panificados, galletitas, productos de copet\u00edn; productos c\u00e1rnicos; quesos, sopas, caldos, aderezos y conservas. Algunos alimentos contienen elevada cantidad de sal y no son salados, ya que suelen presentar otros ingredientes que enmascaran su sabor.<\/p>\n<p>Busc\u00e1 la etiqueta (mir\u00e1, compar\u00e1 y eleg\u00ed)<\/p>\n<p>En la tabla nutricional: mir\u00e1 el contenido de sodio por porci\u00f3n, compar\u00e1 con otro producto similar y eleg\u00ed el de menor valor de sodio.<\/p>\n<p>En la lista de ingredientes: identific\u00e1 si tiene sal a\u00f1adida y\/o alg\u00fan aditivo con sodio.<\/p>\n<p>Record\u00e1 que el consumo total de sal recomendado es menos de 5 gramos por d\u00eda! Para calcular la relaci\u00f3n sal\/sodio, ten\u00e9 en cuenta que la cantidad de sal es igual a la cantidad de sodio multiplicada por 2.5 (sal = sodio x 2.5).<\/p>\n<p>Busc\u00e1 la etiqueta (mir\u00e1, compar\u00e1 y eleg\u00ed)<\/p>\n<p>Moder\u00e1 el consumo de alimentos procesados.<br \/>\nCocin\u00e1 sin sal, y de ser necesario, agreg\u00e1 un poco luego de la cocci\u00f3n.<br \/>\nEvit\u00e1 el salero en la mesa, tambi\u00e9n contribuye a desarrollar un h\u00e1bito saludable en los ni\u00f1os.<br \/>\nRealz\u00e1 el sabor de las comidas con hierbas arom\u00e1ticas frescas, especias, jugo de lim\u00f3n, ajo, etc.<br \/>\nAument\u00e1 el consumo de frutas y verduras.<\/p>\n","protected":false},"excerpt":{"rendered":"<p>Semana de sensibilizaci\u00f3n\u00a0 y concientizaci\u00f3n sobre el uso de la sal. En el mes de&#8230;<\/p>\n","protected":false},"author":1,"featured_media":137328,"comment_status":"closed","ping_status":"closed","sticky":false,"template":"","format":"standard","meta":{"content-type":""},"categories":[27,51],"tags":[],"nelio_content":{"isAutoShareEnabled":false,"autoShareEndMode":"default","automationSources":{"useContentSentences":true,"useSocialTemplates":true,"useCustomSentences":false,"customSentences":[]},"followers":[1],"suggestedReferences":[],"includedReferences":[],"efiUrl":"","efiAlt":"","highlights":[]},"yoast_head":"<!-- This site is optimized with the Yoast SEO plugin v20.7 - https:\/\/yoast.com\/wordpress\/plugins\/seo\/ -->\n<title>Semana de sensibilizaci\u00f3n y concientizaci\u00f3n sobre el uso de la sal<\/title>\n<meta name=\"description\" content=\"Semana de sensibilizaci\u00f3n\u00a0 y concientizaci\u00f3n sobre el uso de la sal, con el objetivo de promover la implementaci\u00f3n de acciones para reducirlo\" \/>\n<meta name=\"robots\" content=\"index, follow, max-snippet:-1, max-image-preview:large, max-video-preview:-1\" \/>\n<link rel=\"canonical\" href=\"https:\/\/experienciadevida.com.ar\/portalurbano\/semana-de-sensibilizacion-y-concientizacion-sobre-el-uso-de-la-sal\/\" \/>\n<meta property=\"og:locale\" content=\"es_ES\" \/>\n<meta property=\"og:type\" content=\"article\" \/>\n<meta property=\"og:title\" content=\"Semana de sensibilizaci\u00f3n y concientizaci\u00f3n sobre el uso de la sal\" \/>\n<meta property=\"og:description\" content=\"Semana de sensibilizaci\u00f3n\u00a0 y concientizaci\u00f3n sobre el uso de la sal, con el objetivo de promover la implementaci\u00f3n de acciones para reducirlo\" \/>\n<meta property=\"og:url\" content=\"https:\/\/experienciadevida.com.ar\/portalurbano\/semana-de-sensibilizacion-y-concientizacion-sobre-el-uso-de-la-sal\/\" \/>\n<meta property=\"article:publisher\" content=\"https:\/\/www.facebook.com\/Portal-Urbano-171542830093757\/\" \/>\n<meta property=\"article:published_time\" content=\"2021-03-13T14:40:19+00:00\" \/>\n<meta property=\"article:modified_time\" content=\"2021-03-13T14:43:56+00:00\" \/>\n<meta property=\"og:image\" content=\"https:\/\/experienciadevida.com.ar\/portalurbano\/wp-content\/uploads\/2021\/03\/Semana-de-sensibilizacion-y-concientizacion.jpg\" \/>\n\t<meta property=\"og:image:width\" content=\"1024\" \/>\n\t<meta property=\"og:image:height\" content=\"685\" \/>\n\t<meta property=\"og:image:type\" content=\"image\/jpeg\" \/>\n<meta name=\"author\" content=\"admpu17wp\" \/>\n<meta name=\"twitter:card\" content=\"summary_large_image\" \/>\n<meta name=\"twitter:creator\" content=\"@portalurbanook\" \/>\n<meta name=\"twitter:site\" content=\"@portalurbanook\" \/>\n<meta name=\"twitter:label1\" content=\"Escrito por\" \/>\n\t<meta name=\"twitter:data1\" content=\"admpu17wp\" \/>\n\t<meta name=\"twitter:label2\" content=\"Tiempo de lectura\" \/>\n\t<meta name=\"twitter:data2\" content=\"3 minutos\" \/>\n<script type=\"application\/ld+json\" class=\"yoast-schema-graph\">{\"@context\":\"https:\/\/schema.org\",\"@graph\":[{\"@type\":\"Article\",\"@id\":\"https:\/\/experienciadevida.com.ar\/portalurbano\/semana-de-sensibilizacion-y-concientizacion-sobre-el-uso-de-la-sal\/#article\",\"isPartOf\":{\"@id\":\"https:\/\/experienciadevida.com.ar\/portalurbano\/semana-de-sensibilizacion-y-concientizacion-sobre-el-uso-de-la-sal\/\"},\"author\":{\"name\":\"admpu17wp\",\"@id\":\"https:\/\/experienciadevida.com.ar\/portalurbano\/#\/schema\/person\/02dd326b1c4b056e9cc972486934a3a7\"},\"headline\":\"Semana de sensibilizaci\u00f3n y concientizaci\u00f3n sobre el uso de la sal\",\"datePublished\":\"2021-03-13T14:40:19+00:00\",\"dateModified\":\"2021-03-13T14:43:56+00:00\",\"mainEntityOfPage\":{\"@id\":\"https:\/\/experienciadevida.com.ar\/portalurbano\/semana-de-sensibilizacion-y-concientizacion-sobre-el-uso-de-la-sal\/\"},\"wordCount\":680,\"publisher\":{\"@id\":\"https:\/\/experienciadevida.com.ar\/portalurbano\/#organization\"},\"articleSection\":[\"Ciudad\",\"Destacadas\"],\"inLanguage\":\"es\"},{\"@type\":\"WebPage\",\"@id\":\"https:\/\/experienciadevida.com.ar\/portalurbano\/semana-de-sensibilizacion-y-concientizacion-sobre-el-uso-de-la-sal\/\",\"url\":\"https:\/\/experienciadevida.com.ar\/portalurbano\/semana-de-sensibilizacion-y-concientizacion-sobre-el-uso-de-la-sal\/\",\"name\":\"Semana de sensibilizaci\u00f3n y concientizaci\u00f3n sobre el uso de la sal\",\"isPartOf\":{\"@id\":\"https:\/\/experienciadevida.com.ar\/portalurbano\/#website\"},\"datePublished\":\"2021-03-13T14:40:19+00:00\",\"dateModified\":\"2021-03-13T14:43:56+00:00\",\"description\":\"Semana de sensibilizaci\u00f3n\u00a0 y concientizaci\u00f3n sobre el uso de la sal, con el objetivo de promover la implementaci\u00f3n de acciones para reducirlo\",\"breadcrumb\":{\"@id\":\"https:\/\/experienciadevida.com.ar\/portalurbano\/semana-de-sensibilizacion-y-concientizacion-sobre-el-uso-de-la-sal\/#breadcrumb\"},\"inLanguage\":\"es\",\"potentialAction\":[{\"@type\":\"ReadAction\",\"target\":[\"https:\/\/experienciadevida.com.ar\/portalurbano\/semana-de-sensibilizacion-y-concientizacion-sobre-el-uso-de-la-sal\/\"]}]},{\"@type\":\"BreadcrumbList\",\"@id\":\"https:\/\/experienciadevida.com.ar\/portalurbano\/semana-de-sensibilizacion-y-concientizacion-sobre-el-uso-de-la-sal\/#breadcrumb\",\"itemListElement\":[{\"@type\":\"ListItem\",\"position\":1,\"name\":\"Portada\",\"item\":\"https:\/\/experienciadevida.com.ar\/portalurbano\/\"},{\"@type\":\"ListItem\",\"position\":2,\"name\":\"Semana de sensibilizaci\u00f3n y concientizaci\u00f3n sobre el uso de la sal\"}]},{\"@type\":\"WebSite\",\"@id\":\"https:\/\/experienciadevida.com.ar\/portalurbano\/#website\",\"url\":\"https:\/\/experienciadevida.com.ar\/portalurbano\/\",\"name\":\"\",\"description\":\"\",\"publisher\":{\"@id\":\"https:\/\/experienciadevida.com.ar\/portalurbano\/#organization\"},\"potentialAction\":[{\"@type\":\"SearchAction\",\"target\":{\"@type\":\"EntryPoint\",\"urlTemplate\":\"https:\/\/experienciadevida.com.ar\/portalurbano\/?s={search_term_string}\"},\"query-input\":\"required name=search_term_string\"}],\"inLanguage\":\"es\"},{\"@type\":\"Organization\",\"@id\":\"https:\/\/experienciadevida.com.ar\/portalurbano\/#organization\",\"name\":\"Portal Urbano\",\"url\":\"https:\/\/experienciadevida.com.ar\/portalurbano\/\",\"logo\":{\"@type\":\"ImageObject\",\"inLanguage\":\"es\",\"@id\":\"https:\/\/experienciadevida.com.ar\/portalurbano\/#\/schema\/logo\/image\/\",\"url\":\"https:\/\/experienciadevida.com.ar\/portalurbano\/wp-content\/uploads\/2019\/09\/Logo-Original.png\",\"contentUrl\":\"https:\/\/experienciadevida.com.ar\/portalurbano\/wp-content\/uploads\/2019\/09\/Logo-Original.png\",\"width\":2236,\"height\":1216,\"caption\":\"Portal Urbano\"},\"image\":{\"@id\":\"https:\/\/experienciadevida.com.ar\/portalurbano\/#\/schema\/logo\/image\/\"},\"sameAs\":[\"https:\/\/www.facebook.com\/Portal-Urbano-171542830093757\/\",\"https:\/\/twitter.com\/portalurbanook\",\"https:\/\/www.instagram.com\/_portalurbano\/\",\"https:\/\/www.youtube.com\/channel\/UCXhagIfszH8KxFiOok79zbA?view_as=subscriber\"]},{\"@type\":\"Person\",\"@id\":\"https:\/\/experienciadevida.com.ar\/portalurbano\/#\/schema\/person\/02dd326b1c4b056e9cc972486934a3a7\",\"name\":\"admpu17wp\",\"image\":{\"@type\":\"ImageObject\",\"inLanguage\":\"es\",\"@id\":\"https:\/\/experienciadevida.com.ar\/portalurbano\/#\/schema\/person\/image\/\",\"url\":\"https:\/\/secure.gravatar.com\/avatar\/830d4c57adaae6630765e449a6908047?s=96&d=mm&r=g\",\"contentUrl\":\"https:\/\/secure.gravatar.com\/avatar\/830d4c57adaae6630765e449a6908047?s=96&d=mm&r=g\",\"caption\":\"admpu17wp\"}}]}<\/script>\n<!-- \/ Yoast SEO plugin. -->","yoast_head_json":{"title":"Semana de sensibilizaci\u00f3n y concientizaci\u00f3n sobre el uso de la sal","description":"Semana de sensibilizaci\u00f3n\u00a0 y concientizaci\u00f3n sobre el uso de la sal, con el objetivo de promover la implementaci\u00f3n de acciones para reducirlo","robots":{"index":"index","follow":"follow","max-snippet":"max-snippet:-1","max-image-preview":"max-image-preview:large","max-video-preview":"max-video-preview:-1"},"canonical":"https:\/\/experienciadevida.com.ar\/portalurbano\/semana-de-sensibilizacion-y-concientizacion-sobre-el-uso-de-la-sal\/","og_locale":"es_ES","og_type":"article","og_title":"Semana de sensibilizaci\u00f3n y concientizaci\u00f3n sobre el uso de la sal","og_description":"Semana de sensibilizaci\u00f3n\u00a0 y concientizaci\u00f3n sobre el uso de la sal, con el objetivo de promover la implementaci\u00f3n de acciones para reducirlo","og_url":"https:\/\/experienciadevida.com.ar\/portalurbano\/semana-de-sensibilizacion-y-concientizacion-sobre-el-uso-de-la-sal\/","article_publisher":"https:\/\/www.facebook.com\/Portal-Urbano-171542830093757\/","article_published_time":"2021-03-13T14:40:19+00:00","article_modified_time":"2021-03-13T14:43:56+00:00","og_image":[{"width":1024,"height":685,"url":"https:\/\/experienciadevida.com.ar\/portalurbano\/wp-content\/uploads\/2021\/03\/Semana-de-sensibilizacion-y-concientizacion.jpg","type":"image\/jpeg"}],"author":"admpu17wp","twitter_card":"summary_large_image","twitter_creator":"@portalurbanook","twitter_site":"@portalurbanook","twitter_misc":{"Escrito por":"admpu17wp","Tiempo de lectura":"3 minutos"},"schema":{"@context":"https:\/\/schema.org","@graph":[{"@type":"Article","@id":"https:\/\/experienciadevida.com.ar\/portalurbano\/semana-de-sensibilizacion-y-concientizacion-sobre-el-uso-de-la-sal\/#article","isPartOf":{"@id":"https:\/\/experienciadevida.com.ar\/portalurbano\/semana-de-sensibilizacion-y-concientizacion-sobre-el-uso-de-la-sal\/"},"author":{"name":"admpu17wp","@id":"https:\/\/experienciadevida.com.ar\/portalurbano\/#\/schema\/person\/02dd326b1c4b056e9cc972486934a3a7"},"headline":"Semana de sensibilizaci\u00f3n y concientizaci\u00f3n sobre el uso de la sal","datePublished":"2021-03-13T14:40:19+00:00","dateModified":"2021-03-13T14:43:56+00:00","mainEntityOfPage":{"@id":"https:\/\/experienciadevida.com.ar\/portalurbano\/semana-de-sensibilizacion-y-concientizacion-sobre-el-uso-de-la-sal\/"},"wordCount":680,"publisher":{"@id":"https:\/\/experienciadevida.com.ar\/portalurbano\/#organization"},"articleSection":["Ciudad","Destacadas"],"inLanguage":"es"},{"@type":"WebPage","@id":"https:\/\/experienciadevida.com.ar\/portalurbano\/semana-de-sensibilizacion-y-concientizacion-sobre-el-uso-de-la-sal\/","url":"https:\/\/experienciadevida.com.ar\/portalurbano\/semana-de-sensibilizacion-y-concientizacion-sobre-el-uso-de-la-sal\/","name":"Semana de sensibilizaci\u00f3n y concientizaci\u00f3n sobre el uso de la sal","isPartOf":{"@id":"https:\/\/experienciadevida.com.ar\/portalurbano\/#website"},"datePublished":"2021-03-13T14:40:19+00:00","dateModified":"2021-03-13T14:43:56+00:00","description":"Semana de sensibilizaci\u00f3n\u00a0 y concientizaci\u00f3n sobre el uso de la sal, con el objetivo de promover la implementaci\u00f3n de acciones para reducirlo","breadcrumb":{"@id":"https:\/\/experienciadevida.com.ar\/portalurbano\/semana-de-sensibilizacion-y-concientizacion-sobre-el-uso-de-la-sal\/#breadcrumb"},"inLanguage":"es","potentialAction":[{"@type":"ReadAction","target":["https:\/\/experienciadevida.com.ar\/portalurbano\/semana-de-sensibilizacion-y-concientizacion-sobre-el-uso-de-la-sal\/"]}]},{"@type":"BreadcrumbList","@id":"https:\/\/experienciadevida.com.ar\/portalurbano\/semana-de-sensibilizacion-y-concientizacion-sobre-el-uso-de-la-sal\/#breadcrumb","itemListElement":[{"@type":"ListItem","position":1,"name":"Portada","item":"https:\/\/experienciadevida.com.ar\/portalurbano\/"},{"@type":"ListItem","position":2,"name":"Semana de sensibilizaci\u00f3n y concientizaci\u00f3n sobre el uso de la sal"}]},{"@type":"WebSite","@id":"https:\/\/experienciadevida.com.ar\/portalurbano\/#website","url":"https:\/\/experienciadevida.com.ar\/portalurbano\/","name":"","description":"","publisher":{"@id":"https:\/\/experienciadevida.com.ar\/portalurbano\/#organization"},"potentialAction":[{"@type":"SearchAction","target":{"@type":"EntryPoint","urlTemplate":"https:\/\/experienciadevida.com.ar\/portalurbano\/?s={search_term_string}"},"query-input":"required name=search_term_string"}],"inLanguage":"es"},{"@type":"Organization","@id":"https:\/\/experienciadevida.com.ar\/portalurbano\/#organization","name":"Portal Urbano","url":"https:\/\/experienciadevida.com.ar\/portalurbano\/","logo":{"@type":"ImageObject","inLanguage":"es","@id":"https:\/\/experienciadevida.com.ar\/portalurbano\/#\/schema\/logo\/image\/","url":"https:\/\/experienciadevida.com.ar\/portalurbano\/wp-content\/uploads\/2019\/09\/Logo-Original.png","contentUrl":"https:\/\/experienciadevida.com.ar\/portalurbano\/wp-content\/uploads\/2019\/09\/Logo-Original.png","width":2236,"height":1216,"caption":"Portal Urbano"},"image":{"@id":"https:\/\/experienciadevida.com.ar\/portalurbano\/#\/schema\/logo\/image\/"},"sameAs":["https:\/\/www.facebook.com\/Portal-Urbano-171542830093757\/","https:\/\/twitter.com\/portalurbanook","https:\/\/www.instagram.com\/_portalurbano\/","https:\/\/www.youtube.com\/channel\/UCXhagIfszH8KxFiOok79zbA?view_as=subscriber"]},{"@type":"Person","@id":"https:\/\/experienciadevida.com.ar\/portalurbano\/#\/schema\/person\/02dd326b1c4b056e9cc972486934a3a7","name":"admpu17wp","image":{"@type":"ImageObject","inLanguage":"es","@id":"https:\/\/experienciadevida.com.ar\/portalurbano\/#\/schema\/person\/image\/","url":"https:\/\/secure.gravatar.com\/avatar\/830d4c57adaae6630765e449a6908047?s=96&d=mm&r=g","contentUrl":"https:\/\/secure.gravatar.com\/avatar\/830d4c57adaae6630765e449a6908047?s=96&d=mm&r=g","caption":"admpu17wp"}}]}},"featured_image_urls":{"full":["https:\/\/experienciadevida.com.ar\/portalurbano\/wp-content\/uploads\/2021\/03\/Semana-de-sensibilizacion-y-concientizacion.jpg",1024,685,false],"thumbnail":["https:\/\/experienciadevida.com.ar\/portalurbano\/wp-content\/uploads\/2021\/03\/Semana-de-sensibilizacion-y-concientizacion-150x150.jpg",150,150,true],"medium":["https:\/\/experienciadevida.com.ar\/portalurbano\/wp-content\/uploads\/2021\/03\/Semana-de-sensibilizacion-y-concientizacion-300x201.jpg",300,201,true],"medium_large":["https:\/\/experienciadevida.com.ar\/portalurbano\/wp-content\/uploads\/2021\/03\/Semana-de-sensibilizacion-y-concientizacion-768x514.jpg",640,428,true],"large":["https:\/\/experienciadevida.com.ar\/portalurbano\/wp-content\/uploads\/2021\/03\/Semana-de-sensibilizacion-y-concientizacion.jpg",640,428,false],"ug_big":["https:\/\/experienciadevida.com.ar\/portalurbano\/wp-content\/uploads\/2021\/03\/Semana-de-sensibilizacion-y-concientizacion-768x514.jpg",768,514,true],"1536x1536":["https:\/\/experienciadevida.com.ar\/portalurbano\/wp-content\/uploads\/2021\/03\/Semana-de-sensibilizacion-y-concientizacion.jpg",1024,685,false],"2048x2048":["https:\/\/experienciadevida.com.ar\/portalurbano\/wp-content\/uploads\/2021\/03\/Semana-de-sensibilizacion-y-concientizacion.jpg",1024,685,false],"newsever-slider-full":["https:\/\/experienciadevida.com.ar\/portalurbano\/wp-content\/uploads\/2021\/03\/Semana-de-sensibilizacion-y-concientizacion.jpg",1024,685,false],"newsever-featured":["https:\/\/experienciadevida.com.ar\/portalurbano\/wp-content\/uploads\/2021\/03\/Semana-de-sensibilizacion-y-concientizacion.jpg",1024,685,false],"newsever-medium":["https:\/\/experienciadevida.com.ar\/portalurbano\/wp-content\/uploads\/2021\/03\/Semana-de-sensibilizacion-y-concientizacion.jpg",710,475,false],"web-stories-poster-portrait":["https:\/\/experienciadevida.com.ar\/portalurbano\/wp-content\/uploads\/2021\/03\/Semana-de-sensibilizacion-y-concientizacion.jpg",640,428,false],"web-stories-publisher-logo":["https:\/\/experienciadevida.com.ar\/portalurbano\/wp-content\/uploads\/2021\/03\/Semana-de-sensibilizacion-y-concientizacion.jpg",96,64,false],"web-stories-thumbnail":["https:\/\/experienciadevida.com.ar\/portalurbano\/wp-content\/uploads\/2021\/03\/Semana-de-sensibilizacion-y-concientizacion.jpg",150,100,false]},"author_info":{"display_name":"admpu17wp","author_link":"https:\/\/experienciadevida.com.ar\/portalurbano\/author\/admpu17wp\/"},"category_info":"<a href=\"https:\/\/experienciadevida.com.ar\/portalurbano\/category\/ciudad\/\" rel=\"category tag\">Ciudad<\/a> <a href=\"https:\/\/experienciadevida.com.ar\/portalurbano\/category\/destacadas\/\" rel=\"category tag\">Destacadas<\/a>","tag_info":"Destacadas","comment_count":"0","amp_enabled":true,"_links":{"self":[{"href":"https:\/\/experienciadevida.com.ar\/portalurbano\/wp-json\/wp\/v2\/posts\/137327"}],"collection":[{"href":"https:\/\/experienciadevida.com.ar\/portalurbano\/wp-json\/wp\/v2\/posts"}],"about":[{"href":"https:\/\/experienciadevida.com.ar\/portalurbano\/wp-json\/wp\/v2\/types\/post"}],"author":[{"embeddable":true,"href":"https:\/\/experienciadevida.com.ar\/portalurbano\/wp-json\/wp\/v2\/users\/1"}],"replies":[{"embeddable":true,"href":"https:\/\/experienciadevida.com.ar\/portalurbano\/wp-json\/wp\/v2\/comments?post=137327"}],"version-history":[{"count":2,"href":"https:\/\/experienciadevida.com.ar\/portalurbano\/wp-json\/wp\/v2\/posts\/137327\/revisions"}],"predecessor-version":[{"id":137331,"href":"https:\/\/experienciadevida.com.ar\/portalurbano\/wp-json\/wp\/v2\/posts\/137327\/revisions\/137331"}],"wp:featuredmedia":[{"embeddable":true,"href":"https:\/\/experienciadevida.com.ar\/portalurbano\/wp-json\/wp\/v2\/media\/137328"}],"wp:attachment":[{"href":"https:\/\/experienciadevida.com.ar\/portalurbano\/wp-json\/wp\/v2\/media?parent=137327"}],"wp:term":[{"taxonomy":"category","embeddable":true,"href":"https:\/\/experienciadevida.com.ar\/portalurbano\/wp-json\/wp\/v2\/categories?post=137327"},{"taxonomy":"post_tag","embeddable":true,"href":"https:\/\/experienciadevida.com.ar\/portalurbano\/wp-json\/wp\/v2\/tags?post=137327"}],"curies":[{"name":"wp","href":"https:\/\/api.w.org\/{rel}","templated":true}]}}