{"id":137319,"date":"2021-03-13T10:48:52","date_gmt":"2021-03-13T13:48:52","guid":{"rendered":"https:\/\/experienciadevida.com.ar\/portalurbano\/?p=137319"},"modified":"2021-03-13T10:51:31","modified_gmt":"2021-03-13T13:51:31","slug":"se-realizara-una-feria-por-el-dia-internacional-del-artesano","status":"publish","type":"post","link":"https:\/\/experienciadevida.com.ar\/portalurbano\/se-realizara-una-feria-por-el-dia-internacional-del-artesano\/","title":{"rendered":"Se realizar\u00e1 una feria por el d\u00eda internacional del artesano"},"content":{"rendered":"<p>Se realizar\u00e1 una feria por el d\u00eda internacional del artesano. El 19 de marzo se celebra el D\u00eda Internacional del Artesano y, en el marco de esta fecha conmemorativa, se realizar\u00e1 una feria de artesanos en la Plaza Aguado.<\/p>\n<p>La misma se llevar\u00e1 a cabo los d\u00edas 18, 19, 20 y 21 de marzo, de 17 a 22 horas.<\/p>\n<p>La propuesta, organizada desde la Direcci\u00f3n de Cultura, est\u00e1 destinada a todos los artesanos registrados y fiscalizados y tiene como finalidad brindar un espacio de exposici\u00f3n, venta y visibilizaci\u00f3n de sus productos.<\/p>\n<p>El D\u00eda del Artesano conmemora el trabajo de todos y todas, de cada uno de los artesanos, que cada d\u00eda realizan trabajos artesanos creativos.<\/p>\n<p>El artesano se destaca por su gran creatividad para elaborar objetos \u00fanicos, sin intervenci\u00f3n de maquinaria y con la utilizaci\u00f3n de diferentes materias primas.<\/p>\n<p><a href=\"https:\/\/experienciadevida.com.ar\/portalurbano\/se-realizara-una-feria-por-el-dia-internacional-del-artesano\/se-realizara\/\" rel=\"attachment wp-att-137322\"><img decoding=\"async\" class=\"alignnone size-full wp-image-137322\" src=\"https:\/\/experienciadevida.com.ar\/portalurbano\/wp-content\/uploads\/2021\/03\/se-realizara.jpeg\" alt=\"se realizar\u00e1 \" width=\"1280\" height=\"960\" srcset=\"https:\/\/experienciadevida.com.ar\/portalurbano\/wp-content\/uploads\/2021\/03\/se-realizara.jpeg 1280w, https:\/\/experienciadevida.com.ar\/portalurbano\/wp-content\/uploads\/2021\/03\/se-realizara-300x225.jpeg 300w, https:\/\/experienciadevida.com.ar\/portalurbano\/wp-content\/uploads\/2021\/03\/se-realizara-1024x768.jpeg 1024w, https:\/\/experienciadevida.com.ar\/portalurbano\/wp-content\/uploads\/2021\/03\/se-realizara-768x576.jpeg 768w\" sizes=\"(max-width: 1280px) 100vw, 1280px\" \/><\/a><\/p>\n","protected":false},"excerpt":{"rendered":"<p>Se realizar\u00e1 una feria por el d\u00eda internacional del artesano. El 19 de marzo se&#8230;<\/p>\n","protected":false},"author":1,"featured_media":137320,"comment_status":"closed","ping_status":"closed","sticky":false,"template":"","format":"standard","meta":{"content-type":""},"categories":[27,64],"tags":[],"nelio_content":{"isAutoShareEnabled":false,"autoShareEndMode":"default","automationSources":{"useContentSentences":true,"useSocialTemplates":true,"useCustomSentences":false,"customSentences":[]},"followers":[1],"suggestedReferences":[],"includedReferences":[],"efiUrl":"","efiAlt":"","highlights":[]},"yoast_head":"<!-- This site is optimized with the Yoast SEO plugin v20.7 - https:\/\/yoast.com\/wordpress\/plugins\/seo\/ -->\n<title>Se realizar\u00e1 una feria por el d\u00eda internacional del artesano<\/title>\n<meta name=\"description\" content=\"Se realizar\u00e1 una feria por el d\u00eda internacional del artesano. El 19 de marzo se celebra el D\u00eda Internacional del Artesano y se har\u00e1 una feria\" \/>\n<meta name=\"robots\" content=\"index, follow, max-snippet:-1, max-image-preview:large, max-video-preview:-1\" \/>\n<link rel=\"canonical\" href=\"https:\/\/experienciadevida.com.ar\/portalurbano\/se-realizara-una-feria-por-el-dia-internacional-del-artesano\/\" \/>\n<meta property=\"og:locale\" content=\"es_ES\" \/>\n<meta property=\"og:type\" content=\"article\" \/>\n<meta property=\"og:title\" content=\"Se realizar\u00e1 una feria por el d\u00eda internacional del artesano\" \/>\n<meta property=\"og:description\" content=\"Se realizar\u00e1 una feria por el d\u00eda internacional del artesano. El 19 de marzo se celebra el D\u00eda Internacional del Artesano y se har\u00e1 una feria\" \/>\n<meta property=\"og:url\" content=\"https:\/\/experienciadevida.com.ar\/portalurbano\/se-realizara-una-feria-por-el-dia-internacional-del-artesano\/\" \/>\n<meta property=\"article:publisher\" content=\"https:\/\/www.facebook.com\/Portal-Urbano-171542830093757\/\" \/>\n<meta property=\"article:published_time\" content=\"2021-03-13T13:48:52+00:00\" \/>\n<meta property=\"article:modified_time\" content=\"2021-03-13T13:51:31+00:00\" \/>\n<meta property=\"og:image\" content=\"https:\/\/experienciadevida.com.ar\/portalurbano\/wp-content\/uploads\/2021\/03\/Se-realizara-una-feria.jpeg\" \/>\n\t<meta property=\"og:image:width\" content=\"1280\" \/>\n\t<meta property=\"og:image:height\" content=\"960\" \/>\n\t<meta property=\"og:image:type\" content=\"image\/jpeg\" \/>\n<meta name=\"author\" content=\"admpu17wp\" \/>\n<meta name=\"twitter:card\" content=\"summary_large_image\" \/>\n<meta name=\"twitter:creator\" content=\"@portalurbanook\" \/>\n<meta name=\"twitter:site\" content=\"@portalurbanook\" \/>\n<meta name=\"twitter:label1\" content=\"Escrito por\" \/>\n\t<meta name=\"twitter:data1\" content=\"admpu17wp\" \/>\n\t<meta name=\"twitter:label2\" content=\"Tiempo de lectura\" \/>\n\t<meta name=\"twitter:data2\" content=\"1 minuto\" \/>\n<script type=\"application\/ld+json\" class=\"yoast-schema-graph\">{\"@context\":\"https:\/\/schema.org\",\"@graph\":[{\"@type\":\"Article\",\"@id\":\"https:\/\/experienciadevida.com.ar\/portalurbano\/se-realizara-una-feria-por-el-dia-internacional-del-artesano\/#article\",\"isPartOf\":{\"@id\":\"https:\/\/experienciadevida.com.ar\/portalurbano\/se-realizara-una-feria-por-el-dia-internacional-del-artesano\/\"},\"author\":{\"name\":\"admpu17wp\",\"@id\":\"https:\/\/experienciadevida.com.ar\/portalurbano\/#\/schema\/person\/02dd326b1c4b056e9cc972486934a3a7\"},\"headline\":\"Se realizar\u00e1 una feria por el d\u00eda internacional del artesano\",\"datePublished\":\"2021-03-13T13:48:52+00:00\",\"dateModified\":\"2021-03-13T13:51:31+00:00\",\"mainEntityOfPage\":{\"@id\":\"https:\/\/experienciadevida.com.ar\/portalurbano\/se-realizara-una-feria-por-el-dia-internacional-del-artesano\/\"},\"wordCount\":153,\"publisher\":{\"@id\":\"https:\/\/experienciadevida.com.ar\/portalurbano\/#organization\"},\"articleSection\":[\"Ciudad\",\"Destacadas 2\"],\"inLanguage\":\"es\"},{\"@type\":\"WebPage\",\"@id\":\"https:\/\/experienciadevida.com.ar\/portalurbano\/se-realizara-una-feria-por-el-dia-internacional-del-artesano\/\",\"url\":\"https:\/\/experienciadevida.com.ar\/portalurbano\/se-realizara-una-feria-por-el-dia-internacional-del-artesano\/\",\"name\":\"Se realizar\u00e1 una feria por el d\u00eda internacional del artesano\",\"isPartOf\":{\"@id\":\"https:\/\/experienciadevida.com.ar\/portalurbano\/#website\"},\"datePublished\":\"2021-03-13T13:48:52+00:00\",\"dateModified\":\"2021-03-13T13:51:31+00:00\",\"description\":\"Se realizar\u00e1 una feria por el d\u00eda internacional del artesano. El 19 de marzo se celebra el D\u00eda Internacional del Artesano y se har\u00e1 una feria\",\"breadcrumb\":{\"@id\":\"https:\/\/experienciadevida.com.ar\/portalurbano\/se-realizara-una-feria-por-el-dia-internacional-del-artesano\/#breadcrumb\"},\"inLanguage\":\"es\",\"potentialAction\":[{\"@type\":\"ReadAction\",\"target\":[\"https:\/\/experienciadevida.com.ar\/portalurbano\/se-realizara-una-feria-por-el-dia-internacional-del-artesano\/\"]}]},{\"@type\":\"BreadcrumbList\",\"@id\":\"https:\/\/experienciadevida.com.ar\/portalurbano\/se-realizara-una-feria-por-el-dia-internacional-del-artesano\/#breadcrumb\",\"itemListElement\":[{\"@type\":\"ListItem\",\"position\":1,\"name\":\"Portada\",\"item\":\"https:\/\/experienciadevida.com.ar\/portalurbano\/\"},{\"@type\":\"ListItem\",\"position\":2,\"name\":\"Se realizar\u00e1 una feria por el d\u00eda internacional del artesano\"}]},{\"@type\":\"WebSite\",\"@id\":\"https:\/\/experienciadevida.com.ar\/portalurbano\/#website\",\"url\":\"https:\/\/experienciadevida.com.ar\/portalurbano\/\",\"name\":\"\",\"description\":\"\",\"publisher\":{\"@id\":\"https:\/\/experienciadevida.com.ar\/portalurbano\/#organization\"},\"potentialAction\":[{\"@type\":\"SearchAction\",\"target\":{\"@type\":\"EntryPoint\",\"urlTemplate\":\"https:\/\/experienciadevida.com.ar\/portalurbano\/?s={search_term_string}\"},\"query-input\":\"required name=search_term_string\"}],\"inLanguage\":\"es\"},{\"@type\":\"Organization\",\"@id\":\"https:\/\/experienciadevida.com.ar\/portalurbano\/#organization\",\"name\":\"Portal Urbano\",\"url\":\"https:\/\/experienciadevida.com.ar\/portalurbano\/\",\"logo\":{\"@type\":\"ImageObject\",\"inLanguage\":\"es\",\"@id\":\"https:\/\/experienciadevida.com.ar\/portalurbano\/#\/schema\/logo\/image\/\",\"url\":\"https:\/\/experienciadevida.com.ar\/portalurbano\/wp-content\/uploads\/2019\/09\/Logo-Original.png\",\"contentUrl\":\"https:\/\/experienciadevida.com.ar\/portalurbano\/wp-content\/uploads\/2019\/09\/Logo-Original.png\",\"width\":2236,\"height\":1216,\"caption\":\"Portal Urbano\"},\"image\":{\"@id\":\"https:\/\/experienciadevida.com.ar\/portalurbano\/#\/schema\/logo\/image\/\"},\"sameAs\":[\"https:\/\/www.facebook.com\/Portal-Urbano-171542830093757\/\",\"https:\/\/twitter.com\/portalurbanook\",\"https:\/\/www.instagram.com\/_portalurbano\/\",\"https:\/\/www.youtube.com\/channel\/UCXhagIfszH8KxFiOok79zbA?view_as=subscriber\"]},{\"@type\":\"Person\",\"@id\":\"https:\/\/experienciadevida.com.ar\/portalurbano\/#\/schema\/person\/02dd326b1c4b056e9cc972486934a3a7\",\"name\":\"admpu17wp\",\"image\":{\"@type\":\"ImageObject\",\"inLanguage\":\"es\",\"@id\":\"https:\/\/experienciadevida.com.ar\/portalurbano\/#\/schema\/person\/image\/\",\"url\":\"https:\/\/secure.gravatar.com\/avatar\/830d4c57adaae6630765e449a6908047?s=96&d=mm&r=g\",\"contentUrl\":\"https:\/\/secure.gravatar.com\/avatar\/830d4c57adaae6630765e449a6908047?s=96&d=mm&r=g\",\"caption\":\"admpu17wp\"}}]}<\/script>\n<!-- \/ Yoast SEO plugin. -->","yoast_head_json":{"title":"Se realizar\u00e1 una feria por el d\u00eda internacional del artesano","description":"Se realizar\u00e1 una feria por el d\u00eda internacional del artesano. El 19 de marzo se celebra el D\u00eda Internacional del Artesano y se har\u00e1 una feria","robots":{"index":"index","follow":"follow","max-snippet":"max-snippet:-1","max-image-preview":"max-image-preview:large","max-video-preview":"max-video-preview:-1"},"canonical":"https:\/\/experienciadevida.com.ar\/portalurbano\/se-realizara-una-feria-por-el-dia-internacional-del-artesano\/","og_locale":"es_ES","og_type":"article","og_title":"Se realizar\u00e1 una feria por el d\u00eda internacional del artesano","og_description":"Se realizar\u00e1 una feria por el d\u00eda internacional del artesano. El 19 de marzo se celebra el D\u00eda Internacional del Artesano y se har\u00e1 una feria","og_url":"https:\/\/experienciadevida.com.ar\/portalurbano\/se-realizara-una-feria-por-el-dia-internacional-del-artesano\/","article_publisher":"https:\/\/www.facebook.com\/Portal-Urbano-171542830093757\/","article_published_time":"2021-03-13T13:48:52+00:00","article_modified_time":"2021-03-13T13:51:31+00:00","og_image":[{"width":1280,"height":960,"url":"https:\/\/experienciadevida.com.ar\/portalurbano\/wp-content\/uploads\/2021\/03\/Se-realizara-una-feria.jpeg","type":"image\/jpeg"}],"author":"admpu17wp","twitter_card":"summary_large_image","twitter_creator":"@portalurbanook","twitter_site":"@portalurbanook","twitter_misc":{"Escrito por":"admpu17wp","Tiempo de lectura":"1 minuto"},"schema":{"@context":"https:\/\/schema.org","@graph":[{"@type":"Article","@id":"https:\/\/experienciadevida.com.ar\/portalurbano\/se-realizara-una-feria-por-el-dia-internacional-del-artesano\/#article","isPartOf":{"@id":"https:\/\/experienciadevida.com.ar\/portalurbano\/se-realizara-una-feria-por-el-dia-internacional-del-artesano\/"},"author":{"name":"admpu17wp","@id":"https:\/\/experienciadevida.com.ar\/portalurbano\/#\/schema\/person\/02dd326b1c4b056e9cc972486934a3a7"},"headline":"Se realizar\u00e1 una feria por el d\u00eda internacional del artesano","datePublished":"2021-03-13T13:48:52+00:00","dateModified":"2021-03-13T13:51:31+00:00","mainEntityOfPage":{"@id":"https:\/\/experienciadevida.com.ar\/portalurbano\/se-realizara-una-feria-por-el-dia-internacional-del-artesano\/"},"wordCount":153,"publisher":{"@id":"https:\/\/experienciadevida.com.ar\/portalurbano\/#organization"},"articleSection":["Ciudad","Destacadas 2"],"inLanguage":"es"},{"@type":"WebPage","@id":"https:\/\/experienciadevida.com.ar\/portalurbano\/se-realizara-una-feria-por-el-dia-internacional-del-artesano\/","url":"https:\/\/experienciadevida.com.ar\/portalurbano\/se-realizara-una-feria-por-el-dia-internacional-del-artesano\/","name":"Se realizar\u00e1 una feria por el d\u00eda internacional del artesano","isPartOf":{"@id":"https:\/\/experienciadevida.com.ar\/portalurbano\/#website"},"datePublished":"2021-03-13T13:48:52+00:00","dateModified":"2021-03-13T13:51:31+00:00","description":"Se realizar\u00e1 una feria por el d\u00eda internacional del artesano. El 19 de marzo se celebra el D\u00eda Internacional del Artesano y se har\u00e1 una feria","breadcrumb":{"@id":"https:\/\/experienciadevida.com.ar\/portalurbano\/se-realizara-una-feria-por-el-dia-internacional-del-artesano\/#breadcrumb"},"inLanguage":"es","potentialAction":[{"@type":"ReadAction","target":["https:\/\/experienciadevida.com.ar\/portalurbano\/se-realizara-una-feria-por-el-dia-internacional-del-artesano\/"]}]},{"@type":"BreadcrumbList","@id":"https:\/\/experienciadevida.com.ar\/portalurbano\/se-realizara-una-feria-por-el-dia-internacional-del-artesano\/#breadcrumb","itemListElement":[{"@type":"ListItem","position":1,"name":"Portada","item":"https:\/\/experienciadevida.com.ar\/portalurbano\/"},{"@type":"ListItem","position":2,"name":"Se realizar\u00e1 una feria por el d\u00eda internacional del artesano"}]},{"@type":"WebSite","@id":"https:\/\/experienciadevida.com.ar\/portalurbano\/#website","url":"https:\/\/experienciadevida.com.ar\/portalurbano\/","name":"","description":"","publisher":{"@id":"https:\/\/experienciadevida.com.ar\/portalurbano\/#organization"},"potentialAction":[{"@type":"SearchAction","target":{"@type":"EntryPoint","urlTemplate":"https:\/\/experienciadevida.com.ar\/portalurbano\/?s={search_term_string}"},"query-input":"required name=search_term_string"}],"inLanguage":"es"},{"@type":"Organization","@id":"https:\/\/experienciadevida.com.ar\/portalurbano\/#organization","name":"Portal Urbano","url":"https:\/\/experienciadevida.com.ar\/portalurbano\/","logo":{"@type":"ImageObject","inLanguage":"es","@id":"https:\/\/experienciadevida.com.ar\/portalurbano\/#\/schema\/logo\/image\/","url":"https:\/\/experienciadevida.com.ar\/portalurbano\/wp-content\/uploads\/2019\/09\/Logo-Original.png","contentUrl":"https:\/\/experienciadevida.com.ar\/portalurbano\/wp-content\/uploads\/2019\/09\/Logo-Original.png","width":2236,"height":1216,"caption":"Portal Urbano"},"image":{"@id":"https:\/\/experienciadevida.com.ar\/portalurbano\/#\/schema\/logo\/image\/"},"sameAs":["https:\/\/www.facebook.com\/Portal-Urbano-171542830093757\/","https:\/\/twitter.com\/portalurbanook","https:\/\/www.instagram.com\/_portalurbano\/","https:\/\/www.youtube.com\/channel\/UCXhagIfszH8KxFiOok79zbA?view_as=subscriber"]},{"@type":"Person","@id":"https:\/\/experienciadevida.com.ar\/portalurbano\/#\/schema\/person\/02dd326b1c4b056e9cc972486934a3a7","name":"admpu17wp","image":{"@type":"ImageObject","inLanguage":"es","@id":"https:\/\/experienciadevida.com.ar\/portalurbano\/#\/schema\/person\/image\/","url":"https:\/\/secure.gravatar.com\/avatar\/830d4c57adaae6630765e449a6908047?s=96&d=mm&r=g","contentUrl":"https:\/\/secure.gravatar.com\/avatar\/830d4c57adaae6630765e449a6908047?s=96&d=mm&r=g","caption":"admpu17wp"}}]}},"featured_image_urls":{"full":["https:\/\/experienciadevida.com.ar\/portalurbano\/wp-content\/uploads\/2021\/03\/Se-realizara-una-feria.jpeg",1280,960,false],"thumbnail":["https:\/\/experienciadevida.com.ar\/portalurbano\/wp-content\/uploads\/2021\/03\/Se-realizara-una-feria-150x150.jpeg",150,150,true],"medium":["https:\/\/experienciadevida.com.ar\/portalurbano\/wp-content\/uploads\/2021\/03\/Se-realizara-una-feria-300x225.jpeg",300,225,true],"medium_large":["https:\/\/experienciadevida.com.ar\/portalurbano\/wp-content\/uploads\/2021\/03\/Se-realizara-una-feria-768x576.jpeg",640,480,true],"large":["https:\/\/experienciadevida.com.ar\/portalurbano\/wp-content\/uploads\/2021\/03\/Se-realizara-una-feria-1024x768.jpeg",640,480,true],"ug_big":["https:\/\/experienciadevida.com.ar\/portalurbano\/wp-content\/uploads\/2021\/03\/Se-realizara-una-feria-768x576.jpeg",768,576,true],"1536x1536":["https:\/\/experienciadevida.com.ar\/portalurbano\/wp-content\/uploads\/2021\/03\/Se-realizara-una-feria.jpeg",1280,960,false],"2048x2048":["https:\/\/experienciadevida.com.ar\/portalurbano\/wp-content\/uploads\/2021\/03\/Se-realizara-una-feria.jpeg",1280,960,false],"newsever-slider-full":["https:\/\/experienciadevida.com.ar\/portalurbano\/wp-content\/uploads\/2021\/03\/Se-realizara-una-feria.jpeg",1127,845,false],"newsever-featured":["https:\/\/experienciadevida.com.ar\/portalurbano\/wp-content\/uploads\/2021\/03\/Se-realizara-una-feria.jpeg",1024,768,false],"newsever-medium":["https:\/\/experienciadevida.com.ar\/portalurbano\/wp-content\/uploads\/2021\/03\/Se-realizara-una-feria.jpeg",633,475,false],"web-stories-poster-portrait":["https:\/\/experienciadevida.com.ar\/portalurbano\/wp-content\/uploads\/2021\/03\/Se-realizara-una-feria.jpeg",640,480,false],"web-stories-publisher-logo":["https:\/\/experienciadevida.com.ar\/portalurbano\/wp-content\/uploads\/2021\/03\/Se-realizara-una-feria.jpeg",96,72,false],"web-stories-thumbnail":["https:\/\/experienciadevida.com.ar\/portalurbano\/wp-content\/uploads\/2021\/03\/Se-realizara-una-feria.jpeg",150,113,false]},"author_info":{"display_name":"admpu17wp","author_link":"https:\/\/experienciadevida.com.ar\/portalurbano\/author\/admpu17wp\/"},"category_info":"<a href=\"https:\/\/experienciadevida.com.ar\/portalurbano\/category\/ciudad\/\" rel=\"category tag\">Ciudad<\/a> <a href=\"https:\/\/experienciadevida.com.ar\/portalurbano\/category\/destacadas-2\/\" rel=\"category tag\">Destacadas 2<\/a>","tag_info":"Destacadas 2","comment_count":"0","amp_enabled":true,"_links":{"self":[{"href":"https:\/\/experienciadevida.com.ar\/portalurbano\/wp-json\/wp\/v2\/posts\/137319"}],"collection":[{"href":"https:\/\/experienciadevida.com.ar\/portalurbano\/wp-json\/wp\/v2\/posts"}],"about":[{"href":"https:\/\/experienciadevida.com.ar\/portalurbano\/wp-json\/wp\/v2\/types\/post"}],"author":[{"embeddable":true,"href":"https:\/\/experienciadevida.com.ar\/portalurbano\/wp-json\/wp\/v2\/users\/1"}],"replies":[{"embeddable":true,"href":"https:\/\/experienciadevida.com.ar\/portalurbano\/wp-json\/wp\/v2\/comments?post=137319"}],"version-history":[{"count":2,"href":"https:\/\/experienciadevida.com.ar\/portalurbano\/wp-json\/wp\/v2\/posts\/137319\/revisions"}],"predecessor-version":[{"id":137323,"href":"https:\/\/experienciadevida.com.ar\/portalurbano\/wp-json\/wp\/v2\/posts\/137319\/revisions\/137323"}],"wp:featuredmedia":[{"embeddable":true,"href":"https:\/\/experienciadevida.com.ar\/portalurbano\/wp-json\/wp\/v2\/media\/137320"}],"wp:attachment":[{"href":"https:\/\/experienciadevida.com.ar\/portalurbano\/wp-json\/wp\/v2\/media?parent=137319"}],"wp:term":[{"taxonomy":"category","embeddable":true,"href":"https:\/\/experienciadevida.com.ar\/portalurbano\/wp-json\/wp\/v2\/categories?post=137319"},{"taxonomy":"post_tag","embeddable":true,"href":"https:\/\/experienciadevida.com.ar\/portalurbano\/wp-json\/wp\/v2\/tags?post=137319"}],"curies":[{"name":"wp","href":"https:\/\/api.w.org\/{rel}","templated":true}]}}