{"id":137265,"date":"2021-03-12T12:25:46","date_gmt":"2021-03-12T15:25:46","guid":{"rendered":"https:\/\/experienciadevida.com.ar\/portalurbano\/?p=137265"},"modified":"2021-03-12T12:28:09","modified_gmt":"2021-03-12T15:28:09","slug":"el-municipio-destinara-mas-de-14-millones-de-pesos-para-el-mantenimiento-del-camino-a-la-piedra","status":"publish","type":"post","link":"https:\/\/experienciadevida.com.ar\/portalurbano\/el-municipio-destinara-mas-de-14-millones-de-pesos-para-el-mantenimiento-del-camino-a-la-piedra\/","title":{"rendered":"El Municipio destinar\u00e1 m\u00e1s de 14 millones de pesos para el mantenimiento del Camino a la Piedra"},"content":{"rendered":"<p>El Municipio destinar\u00e1 m\u00e1s de 14 millones de pesos para el mantenimiento del Camino a la Piedra. Para este 2021, el Municipio realizar\u00e1 una importante inversi\u00f3n en el mantenimiento del Camino a la Piedra, reafirmando su compromiso de seguir trabajando en pos de mejorar y preservar el estado de los caminos de la producci\u00f3n, para el crecimiento y el desarrollo econ\u00f3mico local.<\/p>\n<p>En este sentido, d\u00edas atr\u00e1s, se llev\u00f3 a cabo la apertura de la licitaci\u00f3n p\u00fablica, en el Palacio San Mart\u00edn, que cont\u00f3 con la participaci\u00f3n de dos empresas oferentes.<\/p>\n<p>El Municipio destinar\u00e1 m\u00e1s de 14 millones de pesos para el mantenimiento de camino a la piedra, se trata de la firma de Rub\u00e9n Horacio Sacchi quien present\u00f3 una oferta de $14.188.022,72, mientras que la empresa de Eduardo Javier Rivolta presupuest\u00f3 $20.364.911,64.<\/p>\n<p>El Camino a la Piedra, es uno de los sectores m\u00e1s transitados diariamente, dado el importante flujo de transporte de carga, desde las principales canteras distribuidas en la zona hacia distintos destinos de la regi\u00f3n y del pa\u00eds, por lo que es necesario llevar adelante un permanente mantenimiento.<\/p>\n<p>El Municipio destinar\u00e1 m\u00e1s de 14 millones de pesos para el mantenimiento de camino a la piedra, los trabajos de conservaci\u00f3n se desarrollan en una extensi\u00f3n total de 24,70 kil\u00f3metros divididos en tres tramos: el primero es de 19,50 kil\u00f3metros que va desde la Ruta Nacional N\u00ba 226 hasta el Enlace \u201cN\u00e9stor Kirchner\u201d. En tanto que el segundo segmento de 3,60 kil\u00f3metros desde Sierras Bayas hasta el Enlace y el tercer sector de trabajo es de 1,60 kil\u00f3metros desde Colonia San Miguel a Canteras Piatti.<\/p>\n<p>El plan de mantenimiento consiste en un regado continuo con dos regadores como m\u00ednimo, tres repasos semanales en toda la traza con motoniveladora y bacheo.<\/p>\n<p>Adem\u00e1s comprende los trabajos de limpieza y conformado de cunetas, con la remoci\u00f3n, carga y transporte de acopio que la empresa adjudicatario determine de cualquier material que puede aparecer.<\/p>\n<p>&nbsp;<\/p>\n","protected":false},"excerpt":{"rendered":"<p>El Municipio destinar\u00e1 m\u00e1s de 14 millones de pesos para el mantenimiento del Camino a&#8230;<\/p>\n","protected":false},"author":1,"featured_media":137266,"comment_status":"closed","ping_status":"closed","sticky":false,"template":"","format":"standard","meta":{"content-type":""},"categories":[27,64],"tags":[],"nelio_content":{"isAutoShareEnabled":false,"autoShareEndMode":"default","automationSources":{"useContentSentences":true,"useSocialTemplates":true,"useCustomSentences":false,"customSentences":[]},"followers":[1],"suggestedReferences":[],"includedReferences":[],"efiUrl":"","efiAlt":"","highlights":[]},"yoast_head":"<!-- This site is optimized with the Yoast SEO plugin v20.7 - https:\/\/yoast.com\/wordpress\/plugins\/seo\/ -->\n<title>El Municipio destinar\u00e1 m\u00e1s de 14 millones de pesos para mantenimiento<\/title>\n<meta name=\"description\" content=\"El Municipio destinar\u00e1 m\u00e1s de 14 millones de pesos para el mantenimiento del Camino a la Piedra, para este 2021 se realizar\u00e1 una inversi\u00f3n\" \/>\n<meta name=\"robots\" content=\"index, follow, max-snippet:-1, max-image-preview:large, max-video-preview:-1\" \/>\n<link rel=\"canonical\" href=\"https:\/\/experienciadevida.com.ar\/portalurbano\/el-municipio-destinara-mas-de-14-millones-de-pesos-para-el-mantenimiento-del-camino-a-la-piedra\/\" \/>\n<meta property=\"og:locale\" content=\"es_ES\" \/>\n<meta property=\"og:type\" content=\"article\" \/>\n<meta property=\"og:title\" content=\"El Municipio destinar\u00e1 m\u00e1s de 14 millones de pesos para mantenimiento\" \/>\n<meta property=\"og:description\" content=\"El Municipio destinar\u00e1 m\u00e1s de 14 millones de pesos para el mantenimiento del Camino a la Piedra, para este 2021 se realizar\u00e1 una inversi\u00f3n\" \/>\n<meta property=\"og:url\" content=\"https:\/\/experienciadevida.com.ar\/portalurbano\/el-municipio-destinara-mas-de-14-millones-de-pesos-para-el-mantenimiento-del-camino-a-la-piedra\/\" \/>\n<meta property=\"article:publisher\" content=\"https:\/\/www.facebook.com\/Portal-Urbano-171542830093757\/\" \/>\n<meta property=\"article:published_time\" content=\"2021-03-12T15:25:46+00:00\" \/>\n<meta property=\"article:modified_time\" content=\"2021-03-12T15:28:09+00:00\" \/>\n<meta property=\"og:image\" content=\"https:\/\/experienciadevida.com.ar\/portalurbano\/wp-content\/uploads\/2021\/03\/El-Municipio-destinara-mas-de-14.jpg\" \/>\n\t<meta property=\"og:image:width\" content=\"1024\" \/>\n\t<meta property=\"og:image:height\" content=\"682\" \/>\n\t<meta property=\"og:image:type\" content=\"image\/jpeg\" \/>\n<meta name=\"author\" content=\"admpu17wp\" \/>\n<meta name=\"twitter:card\" content=\"summary_large_image\" \/>\n<meta name=\"twitter:creator\" content=\"@portalurbanook\" \/>\n<meta name=\"twitter:site\" content=\"@portalurbanook\" \/>\n<meta name=\"twitter:label1\" content=\"Escrito por\" \/>\n\t<meta name=\"twitter:data1\" content=\"admpu17wp\" \/>\n\t<meta name=\"twitter:label2\" content=\"Tiempo de lectura\" \/>\n\t<meta name=\"twitter:data2\" content=\"2 minutos\" \/>\n<script type=\"application\/ld+json\" class=\"yoast-schema-graph\">{\"@context\":\"https:\/\/schema.org\",\"@graph\":[{\"@type\":\"Article\",\"@id\":\"https:\/\/experienciadevida.com.ar\/portalurbano\/el-municipio-destinara-mas-de-14-millones-de-pesos-para-el-mantenimiento-del-camino-a-la-piedra\/#article\",\"isPartOf\":{\"@id\":\"https:\/\/experienciadevida.com.ar\/portalurbano\/el-municipio-destinara-mas-de-14-millones-de-pesos-para-el-mantenimiento-del-camino-a-la-piedra\/\"},\"author\":{\"name\":\"admpu17wp\",\"@id\":\"https:\/\/experienciadevida.com.ar\/portalurbano\/#\/schema\/person\/02dd326b1c4b056e9cc972486934a3a7\"},\"headline\":\"El Municipio destinar\u00e1 m\u00e1s de 14 millones de pesos para el mantenimiento del Camino a la Piedra\",\"datePublished\":\"2021-03-12T15:25:46+00:00\",\"dateModified\":\"2021-03-12T15:28:09+00:00\",\"mainEntityOfPage\":{\"@id\":\"https:\/\/experienciadevida.com.ar\/portalurbano\/el-municipio-destinara-mas-de-14-millones-de-pesos-para-el-mantenimiento-del-camino-a-la-piedra\/\"},\"wordCount\":353,\"publisher\":{\"@id\":\"https:\/\/experienciadevida.com.ar\/portalurbano\/#organization\"},\"articleSection\":[\"Ciudad\",\"Destacadas 2\"],\"inLanguage\":\"es\"},{\"@type\":\"WebPage\",\"@id\":\"https:\/\/experienciadevida.com.ar\/portalurbano\/el-municipio-destinara-mas-de-14-millones-de-pesos-para-el-mantenimiento-del-camino-a-la-piedra\/\",\"url\":\"https:\/\/experienciadevida.com.ar\/portalurbano\/el-municipio-destinara-mas-de-14-millones-de-pesos-para-el-mantenimiento-del-camino-a-la-piedra\/\",\"name\":\"El Municipio destinar\u00e1 m\u00e1s de 14 millones de pesos para mantenimiento\",\"isPartOf\":{\"@id\":\"https:\/\/experienciadevida.com.ar\/portalurbano\/#website\"},\"datePublished\":\"2021-03-12T15:25:46+00:00\",\"dateModified\":\"2021-03-12T15:28:09+00:00\",\"description\":\"El Municipio destinar\u00e1 m\u00e1s de 14 millones de pesos para el mantenimiento del Camino a la Piedra, para este 2021 se realizar\u00e1 una inversi\u00f3n\",\"breadcrumb\":{\"@id\":\"https:\/\/experienciadevida.com.ar\/portalurbano\/el-municipio-destinara-mas-de-14-millones-de-pesos-para-el-mantenimiento-del-camino-a-la-piedra\/#breadcrumb\"},\"inLanguage\":\"es\",\"potentialAction\":[{\"@type\":\"ReadAction\",\"target\":[\"https:\/\/experienciadevida.com.ar\/portalurbano\/el-municipio-destinara-mas-de-14-millones-de-pesos-para-el-mantenimiento-del-camino-a-la-piedra\/\"]}]},{\"@type\":\"BreadcrumbList\",\"@id\":\"https:\/\/experienciadevida.com.ar\/portalurbano\/el-municipio-destinara-mas-de-14-millones-de-pesos-para-el-mantenimiento-del-camino-a-la-piedra\/#breadcrumb\",\"itemListElement\":[{\"@type\":\"ListItem\",\"position\":1,\"name\":\"Portada\",\"item\":\"https:\/\/experienciadevida.com.ar\/portalurbano\/\"},{\"@type\":\"ListItem\",\"position\":2,\"name\":\"El Municipio destinar\u00e1 m\u00e1s de 14 millones de pesos para el mantenimiento del Camino a la Piedra\"}]},{\"@type\":\"WebSite\",\"@id\":\"https:\/\/experienciadevida.com.ar\/portalurbano\/#website\",\"url\":\"https:\/\/experienciadevida.com.ar\/portalurbano\/\",\"name\":\"\",\"description\":\"\",\"publisher\":{\"@id\":\"https:\/\/experienciadevida.com.ar\/portalurbano\/#organization\"},\"potentialAction\":[{\"@type\":\"SearchAction\",\"target\":{\"@type\":\"EntryPoint\",\"urlTemplate\":\"https:\/\/experienciadevida.com.ar\/portalurbano\/?s={search_term_string}\"},\"query-input\":\"required name=search_term_string\"}],\"inLanguage\":\"es\"},{\"@type\":\"Organization\",\"@id\":\"https:\/\/experienciadevida.com.ar\/portalurbano\/#organization\",\"name\":\"Portal Urbano\",\"url\":\"https:\/\/experienciadevida.com.ar\/portalurbano\/\",\"logo\":{\"@type\":\"ImageObject\",\"inLanguage\":\"es\",\"@id\":\"https:\/\/experienciadevida.com.ar\/portalurbano\/#\/schema\/logo\/image\/\",\"url\":\"https:\/\/experienciadevida.com.ar\/portalurbano\/wp-content\/uploads\/2019\/09\/Logo-Original.png\",\"contentUrl\":\"https:\/\/experienciadevida.com.ar\/portalurbano\/wp-content\/uploads\/2019\/09\/Logo-Original.png\",\"width\":2236,\"height\":1216,\"caption\":\"Portal Urbano\"},\"image\":{\"@id\":\"https:\/\/experienciadevida.com.ar\/portalurbano\/#\/schema\/logo\/image\/\"},\"sameAs\":[\"https:\/\/www.facebook.com\/Portal-Urbano-171542830093757\/\",\"https:\/\/twitter.com\/portalurbanook\",\"https:\/\/www.instagram.com\/_portalurbano\/\",\"https:\/\/www.youtube.com\/channel\/UCXhagIfszH8KxFiOok79zbA?view_as=subscriber\"]},{\"@type\":\"Person\",\"@id\":\"https:\/\/experienciadevida.com.ar\/portalurbano\/#\/schema\/person\/02dd326b1c4b056e9cc972486934a3a7\",\"name\":\"admpu17wp\",\"image\":{\"@type\":\"ImageObject\",\"inLanguage\":\"es\",\"@id\":\"https:\/\/experienciadevida.com.ar\/portalurbano\/#\/schema\/person\/image\/\",\"url\":\"https:\/\/secure.gravatar.com\/avatar\/830d4c57adaae6630765e449a6908047?s=96&d=mm&r=g\",\"contentUrl\":\"https:\/\/secure.gravatar.com\/avatar\/830d4c57adaae6630765e449a6908047?s=96&d=mm&r=g\",\"caption\":\"admpu17wp\"}}]}<\/script>\n<!-- \/ Yoast SEO plugin. -->","yoast_head_json":{"title":"El Municipio destinar\u00e1 m\u00e1s de 14 millones de pesos para mantenimiento","description":"El Municipio destinar\u00e1 m\u00e1s de 14 millones de pesos para el mantenimiento del Camino a la Piedra, para este 2021 se realizar\u00e1 una inversi\u00f3n","robots":{"index":"index","follow":"follow","max-snippet":"max-snippet:-1","max-image-preview":"max-image-preview:large","max-video-preview":"max-video-preview:-1"},"canonical":"https:\/\/experienciadevida.com.ar\/portalurbano\/el-municipio-destinara-mas-de-14-millones-de-pesos-para-el-mantenimiento-del-camino-a-la-piedra\/","og_locale":"es_ES","og_type":"article","og_title":"El Municipio destinar\u00e1 m\u00e1s de 14 millones de pesos para mantenimiento","og_description":"El Municipio destinar\u00e1 m\u00e1s de 14 millones de pesos para el mantenimiento del Camino a la Piedra, para este 2021 se realizar\u00e1 una inversi\u00f3n","og_url":"https:\/\/experienciadevida.com.ar\/portalurbano\/el-municipio-destinara-mas-de-14-millones-de-pesos-para-el-mantenimiento-del-camino-a-la-piedra\/","article_publisher":"https:\/\/www.facebook.com\/Portal-Urbano-171542830093757\/","article_published_time":"2021-03-12T15:25:46+00:00","article_modified_time":"2021-03-12T15:28:09+00:00","og_image":[{"width":1024,"height":682,"url":"https:\/\/experienciadevida.com.ar\/portalurbano\/wp-content\/uploads\/2021\/03\/El-Municipio-destinara-mas-de-14.jpg","type":"image\/jpeg"}],"author":"admpu17wp","twitter_card":"summary_large_image","twitter_creator":"@portalurbanook","twitter_site":"@portalurbanook","twitter_misc":{"Escrito por":"admpu17wp","Tiempo de lectura":"2 minutos"},"schema":{"@context":"https:\/\/schema.org","@graph":[{"@type":"Article","@id":"https:\/\/experienciadevida.com.ar\/portalurbano\/el-municipio-destinara-mas-de-14-millones-de-pesos-para-el-mantenimiento-del-camino-a-la-piedra\/#article","isPartOf":{"@id":"https:\/\/experienciadevida.com.ar\/portalurbano\/el-municipio-destinara-mas-de-14-millones-de-pesos-para-el-mantenimiento-del-camino-a-la-piedra\/"},"author":{"name":"admpu17wp","@id":"https:\/\/experienciadevida.com.ar\/portalurbano\/#\/schema\/person\/02dd326b1c4b056e9cc972486934a3a7"},"headline":"El Municipio destinar\u00e1 m\u00e1s de 14 millones de pesos para el mantenimiento del Camino a la Piedra","datePublished":"2021-03-12T15:25:46+00:00","dateModified":"2021-03-12T15:28:09+00:00","mainEntityOfPage":{"@id":"https:\/\/experienciadevida.com.ar\/portalurbano\/el-municipio-destinara-mas-de-14-millones-de-pesos-para-el-mantenimiento-del-camino-a-la-piedra\/"},"wordCount":353,"publisher":{"@id":"https:\/\/experienciadevida.com.ar\/portalurbano\/#organization"},"articleSection":["Ciudad","Destacadas 2"],"inLanguage":"es"},{"@type":"WebPage","@id":"https:\/\/experienciadevida.com.ar\/portalurbano\/el-municipio-destinara-mas-de-14-millones-de-pesos-para-el-mantenimiento-del-camino-a-la-piedra\/","url":"https:\/\/experienciadevida.com.ar\/portalurbano\/el-municipio-destinara-mas-de-14-millones-de-pesos-para-el-mantenimiento-del-camino-a-la-piedra\/","name":"El Municipio destinar\u00e1 m\u00e1s de 14 millones de pesos para mantenimiento","isPartOf":{"@id":"https:\/\/experienciadevida.com.ar\/portalurbano\/#website"},"datePublished":"2021-03-12T15:25:46+00:00","dateModified":"2021-03-12T15:28:09+00:00","description":"El Municipio destinar\u00e1 m\u00e1s de 14 millones de pesos para el mantenimiento del Camino a la Piedra, para este 2021 se realizar\u00e1 una inversi\u00f3n","breadcrumb":{"@id":"https:\/\/experienciadevida.com.ar\/portalurbano\/el-municipio-destinara-mas-de-14-millones-de-pesos-para-el-mantenimiento-del-camino-a-la-piedra\/#breadcrumb"},"inLanguage":"es","potentialAction":[{"@type":"ReadAction","target":["https:\/\/experienciadevida.com.ar\/portalurbano\/el-municipio-destinara-mas-de-14-millones-de-pesos-para-el-mantenimiento-del-camino-a-la-piedra\/"]}]},{"@type":"BreadcrumbList","@id":"https:\/\/experienciadevida.com.ar\/portalurbano\/el-municipio-destinara-mas-de-14-millones-de-pesos-para-el-mantenimiento-del-camino-a-la-piedra\/#breadcrumb","itemListElement":[{"@type":"ListItem","position":1,"name":"Portada","item":"https:\/\/experienciadevida.com.ar\/portalurbano\/"},{"@type":"ListItem","position":2,"name":"El Municipio destinar\u00e1 m\u00e1s de 14 millones de pesos para el mantenimiento del Camino a la Piedra"}]},{"@type":"WebSite","@id":"https:\/\/experienciadevida.com.ar\/portalurbano\/#website","url":"https:\/\/experienciadevida.com.ar\/portalurbano\/","name":"","description":"","publisher":{"@id":"https:\/\/experienciadevida.com.ar\/portalurbano\/#organization"},"potentialAction":[{"@type":"SearchAction","target":{"@type":"EntryPoint","urlTemplate":"https:\/\/experienciadevida.com.ar\/portalurbano\/?s={search_term_string}"},"query-input":"required name=search_term_string"}],"inLanguage":"es"},{"@type":"Organization","@id":"https:\/\/experienciadevida.com.ar\/portalurbano\/#organization","name":"Portal Urbano","url":"https:\/\/experienciadevida.com.ar\/portalurbano\/","logo":{"@type":"ImageObject","inLanguage":"es","@id":"https:\/\/experienciadevida.com.ar\/portalurbano\/#\/schema\/logo\/image\/","url":"https:\/\/experienciadevida.com.ar\/portalurbano\/wp-content\/uploads\/2019\/09\/Logo-Original.png","contentUrl":"https:\/\/experienciadevida.com.ar\/portalurbano\/wp-content\/uploads\/2019\/09\/Logo-Original.png","width":2236,"height":1216,"caption":"Portal Urbano"},"image":{"@id":"https:\/\/experienciadevida.com.ar\/portalurbano\/#\/schema\/logo\/image\/"},"sameAs":["https:\/\/www.facebook.com\/Portal-Urbano-171542830093757\/","https:\/\/twitter.com\/portalurbanook","https:\/\/www.instagram.com\/_portalurbano\/","https:\/\/www.youtube.com\/channel\/UCXhagIfszH8KxFiOok79zbA?view_as=subscriber"]},{"@type":"Person","@id":"https:\/\/experienciadevida.com.ar\/portalurbano\/#\/schema\/person\/02dd326b1c4b056e9cc972486934a3a7","name":"admpu17wp","image":{"@type":"ImageObject","inLanguage":"es","@id":"https:\/\/experienciadevida.com.ar\/portalurbano\/#\/schema\/person\/image\/","url":"https:\/\/secure.gravatar.com\/avatar\/830d4c57adaae6630765e449a6908047?s=96&d=mm&r=g","contentUrl":"https:\/\/secure.gravatar.com\/avatar\/830d4c57adaae6630765e449a6908047?s=96&d=mm&r=g","caption":"admpu17wp"}}]}},"featured_image_urls":{"full":["https:\/\/experienciadevida.com.ar\/portalurbano\/wp-content\/uploads\/2021\/03\/El-Municipio-destinara-mas-de-14.jpg",1024,682,false],"thumbnail":["https:\/\/experienciadevida.com.ar\/portalurbano\/wp-content\/uploads\/2021\/03\/El-Municipio-destinara-mas-de-14-150x150.jpg",150,150,true],"medium":["https:\/\/experienciadevida.com.ar\/portalurbano\/wp-content\/uploads\/2021\/03\/El-Municipio-destinara-mas-de-14-300x200.jpg",300,200,true],"medium_large":["https:\/\/experienciadevida.com.ar\/portalurbano\/wp-content\/uploads\/2021\/03\/El-Municipio-destinara-mas-de-14-768x512.jpg",640,427,true],"large":["https:\/\/experienciadevida.com.ar\/portalurbano\/wp-content\/uploads\/2021\/03\/El-Municipio-destinara-mas-de-14.jpg",640,426,false],"ug_big":["https:\/\/experienciadevida.com.ar\/portalurbano\/wp-content\/uploads\/2021\/03\/El-Municipio-destinara-mas-de-14-768x512.jpg",768,512,true],"1536x1536":["https:\/\/experienciadevida.com.ar\/portalurbano\/wp-content\/uploads\/2021\/03\/El-Municipio-destinara-mas-de-14.jpg",1024,682,false],"2048x2048":["https:\/\/experienciadevida.com.ar\/portalurbano\/wp-content\/uploads\/2021\/03\/El-Municipio-destinara-mas-de-14.jpg",1024,682,false],"newsever-slider-full":["https:\/\/experienciadevida.com.ar\/portalurbano\/wp-content\/uploads\/2021\/03\/El-Municipio-destinara-mas-de-14.jpg",1024,682,false],"newsever-featured":["https:\/\/experienciadevida.com.ar\/portalurbano\/wp-content\/uploads\/2021\/03\/El-Municipio-destinara-mas-de-14.jpg",1024,682,false],"newsever-medium":["https:\/\/experienciadevida.com.ar\/portalurbano\/wp-content\/uploads\/2021\/03\/El-Municipio-destinara-mas-de-14.jpg",713,475,false],"web-stories-poster-portrait":["https:\/\/experienciadevida.com.ar\/portalurbano\/wp-content\/uploads\/2021\/03\/El-Municipio-destinara-mas-de-14.jpg",640,426,false],"web-stories-publisher-logo":["https:\/\/experienciadevida.com.ar\/portalurbano\/wp-content\/uploads\/2021\/03\/El-Municipio-destinara-mas-de-14.jpg",96,64,false],"web-stories-thumbnail":["https:\/\/experienciadevida.com.ar\/portalurbano\/wp-content\/uploads\/2021\/03\/El-Municipio-destinara-mas-de-14.jpg",150,100,false]},"author_info":{"display_name":"admpu17wp","author_link":"https:\/\/experienciadevida.com.ar\/portalurbano\/author\/admpu17wp\/"},"category_info":"<a href=\"https:\/\/experienciadevida.com.ar\/portalurbano\/category\/ciudad\/\" rel=\"category tag\">Ciudad<\/a> <a href=\"https:\/\/experienciadevida.com.ar\/portalurbano\/category\/destacadas-2\/\" rel=\"category tag\">Destacadas 2<\/a>","tag_info":"Destacadas 2","comment_count":"0","amp_enabled":true,"_links":{"self":[{"href":"https:\/\/experienciadevida.com.ar\/portalurbano\/wp-json\/wp\/v2\/posts\/137265"}],"collection":[{"href":"https:\/\/experienciadevida.com.ar\/portalurbano\/wp-json\/wp\/v2\/posts"}],"about":[{"href":"https:\/\/experienciadevida.com.ar\/portalurbano\/wp-json\/wp\/v2\/types\/post"}],"author":[{"embeddable":true,"href":"https:\/\/experienciadevida.com.ar\/portalurbano\/wp-json\/wp\/v2\/users\/1"}],"replies":[{"embeddable":true,"href":"https:\/\/experienciadevida.com.ar\/portalurbano\/wp-json\/wp\/v2\/comments?post=137265"}],"version-history":[{"count":2,"href":"https:\/\/experienciadevida.com.ar\/portalurbano\/wp-json\/wp\/v2\/posts\/137265\/revisions"}],"predecessor-version":[{"id":137268,"href":"https:\/\/experienciadevida.com.ar\/portalurbano\/wp-json\/wp\/v2\/posts\/137265\/revisions\/137268"}],"wp:featuredmedia":[{"embeddable":true,"href":"https:\/\/experienciadevida.com.ar\/portalurbano\/wp-json\/wp\/v2\/media\/137266"}],"wp:attachment":[{"href":"https:\/\/experienciadevida.com.ar\/portalurbano\/wp-json\/wp\/v2\/media?parent=137265"}],"wp:term":[{"taxonomy":"category","embeddable":true,"href":"https:\/\/experienciadevida.com.ar\/portalurbano\/wp-json\/wp\/v2\/categories?post=137265"},{"taxonomy":"post_tag","embeddable":true,"href":"https:\/\/experienciadevida.com.ar\/portalurbano\/wp-json\/wp\/v2\/tags?post=137265"}],"curies":[{"name":"wp","href":"https:\/\/api.w.org\/{rel}","templated":true}]}}