{"id":137253,"date":"2021-03-12T12:08:28","date_gmt":"2021-03-12T15:08:28","guid":{"rendered":"https:\/\/experienciadevida.com.ar\/portalurbano\/?p=137253"},"modified":"2021-03-12T12:09:20","modified_gmt":"2021-03-12T15:09:20","slug":"la-inflacion-de-febrero-fue-del-36-casi-el-doble-que-el-mismo-mes-en-2020","status":"publish","type":"post","link":"https:\/\/experienciadevida.com.ar\/portalurbano\/la-inflacion-de-febrero-fue-del-36-casi-el-doble-que-el-mismo-mes-en-2020\/","title":{"rendered":"La inflaci\u00f3n de febrero fue del 3,6%, casi el doble que el mismo mes en 2020"},"content":{"rendered":"<p>La inflaci\u00f3n de febrero fue del 3,6%, casi el doble que el mismo mes en 2020, lo inform\u00f3 el Indec. Los alimentos aumentaron un 3,8%, por encima del promedio general.<\/p>\n<p>La inflaci\u00f3n de febrero fue del 3,6%, casi el doble que el mismo mes del a\u00f1o pasado, lo que confirma un \u201crecalentamiento\u201d en la evoluci\u00f3n de los precios por quinto mes consecutivo, desde octubre pasado.<\/p>\n<p>Seg\u00fan inform\u00f3 esta tarde el Indec, la suba del mes pasado estuvo empujada principalmente por la evoluci\u00f3n del rubro \u201cRestaurantes y hoteles\u201d, que se increment\u00f3 un 5,4% y fue el de mayor aumento en el per\u00edodo. Le siguieron la divisi\u00f3n de Transporte (4,8%), y los Alimentos y bebidas no alcoh\u00f3licas (3,8%).<\/p>\n<p>Con estos n\u00fameros, la inflaci\u00f3n acumulada en el a\u00f1o es del 7,8%, lo que amenaza con complicar los planes del Gobierno para este a\u00f1o, cuando espera una inflaci\u00f3n del 29%.<\/p>\n<p>En tanto, la variaci\u00f3n interanual llega al 40,7%. Si bien desde el Ministerio de Econom\u00eda destacaron que esa cifra es inferior al 50,3% interanual de febrero de 2020, los n\u00fameros muestran que el acumulado de los \u00faltimos 12 meses volvi\u00f3 a crecer a partir de noviembre, cuando hab\u00eda tocado un m\u00ednimo del 3,85.<\/p>\n<p>Por rubros:<\/p>\n<p>De acuerdo al informe oficial, dentro de la divisi\u00f3n \u201cRestaurantes y hoteles\u201d (el de mayor aumento el mes pasado) la suba estuvo impulsada por incrementos observados en restaurantes, bares y casas de comidas\u201d.<\/p>\n<p>En tanto, el aumento en la divisi\u00f3n Transporte (4,8%), obedeci\u00f3 principalmente a subas en la adquisici\u00f3n de veh\u00edculos y en los combustibles -que anotaron varias subas en pocos d\u00edas-.<\/p>\n<p>Por su parte, el rubro Alimentos -el de mayor peso en el \u00edndice general), aument\u00f3 3,8%, por encima del promedio general pero 1 puntos menos que lo registrado en enero. En esta divisi\u00f3n pesaron los aumentos observados en Frutas; Verduras, tub\u00e9rculos y legumbres; Aceites, grasas y manteca; e infusiones.<\/p>\n<p>En cuanto al resto de los rubros, Equipamientos del hogar aument\u00f3 4,6%; Bebidas alcoh\u00f3licas un 3,6%; Salud, 3,5%; Vestimenta, 2,8%; y Recreaci\u00f3n y Cultura, 2,3%. Las divisiones Comunicaci\u00f3n (1,8%) y Educaci\u00f3n (0,1%) fueron las de menor incremento mensual en febrero.<\/p>\n<p>Como viene ocurriendo desde la asunci\u00f3n de Alberto Fern\u00e1ndez, los precios de los productos regulados (electricidad, gas y otras tarifas), aumentaron por debajo del nivel general (2,2%) debido al congelamiento de sus principales rubros. En tanto, los productos estacionales aumentaron un 3,1%, con subas en verduras, indumentaria y hoteles y restaurantes, por la temporada de verano.<\/p>\n<p>Finalmente, un n\u00famero preocupante es el de la inflaci\u00f3n n\u00facleo, que mide los productos desestacionalizados (es decir, aquellos que no cambian de forma importante en las diferentes \u00e9pocas del a\u00f1o): fue del 4,1% y muestran que los pr\u00f3ximos meses podr\u00edan continuar con fuertes aumentos.<\/p>\n<p>Fuente: DIB<\/p>\n","protected":false},"excerpt":{"rendered":"<p>La inflaci\u00f3n de febrero fue del 3,6%, casi el doble que el mismo mes en&#8230;<\/p>\n","protected":false},"author":1,"featured_media":137254,"comment_status":"closed","ping_status":"closed","sticky":false,"template":"","format":"standard","meta":{"content-type":""},"categories":[39],"tags":[],"nelio_content":{"isAutoShareEnabled":false,"autoShareEndMode":"default","automationSources":{"useContentSentences":true,"useSocialTemplates":true,"useCustomSentences":false,"customSentences":[]},"followers":[1],"suggestedReferences":[],"includedReferences":[],"efiUrl":"","efiAlt":"","highlights":[]},"yoast_head":"<!-- This site is optimized with the Yoast SEO plugin v20.7 - https:\/\/yoast.com\/wordpress\/plugins\/seo\/ -->\n<title>La inflaci\u00f3n de febrero fue del 3,6% casi el doble que en 2020<\/title>\n<meta name=\"description\" content=\"La inflaci\u00f3n de febrero fue del 3,6%, casi el doble que el mismo mes en 2020, lo inform\u00f3 el Indec. Los alimentos aumentaron un 3,8%\" \/>\n<meta name=\"robots\" content=\"index, follow, max-snippet:-1, max-image-preview:large, max-video-preview:-1\" \/>\n<link rel=\"canonical\" href=\"https:\/\/experienciadevida.com.ar\/portalurbano\/la-inflacion-de-febrero-fue-del-36-casi-el-doble-que-el-mismo-mes-en-2020\/\" \/>\n<meta property=\"og:locale\" content=\"es_ES\" \/>\n<meta property=\"og:type\" content=\"article\" \/>\n<meta property=\"og:title\" content=\"La inflaci\u00f3n de febrero fue del 3,6% casi el doble que en 2020\" \/>\n<meta property=\"og:description\" content=\"La inflaci\u00f3n de febrero fue del 3,6%, casi el doble que el mismo mes en 2020, lo inform\u00f3 el Indec. Los alimentos aumentaron un 3,8%\" \/>\n<meta property=\"og:url\" content=\"https:\/\/experienciadevida.com.ar\/portalurbano\/la-inflacion-de-febrero-fue-del-36-casi-el-doble-que-el-mismo-mes-en-2020\/\" \/>\n<meta property=\"article:publisher\" content=\"https:\/\/www.facebook.com\/Portal-Urbano-171542830093757\/\" \/>\n<meta property=\"article:published_time\" content=\"2021-03-12T15:08:28+00:00\" \/>\n<meta property=\"article:modified_time\" content=\"2021-03-12T15:09:20+00:00\" \/>\n<meta property=\"og:image\" content=\"https:\/\/experienciadevida.com.ar\/portalurbano\/wp-content\/uploads\/2021\/03\/La-inflacion-de-febrero.png\" \/>\n\t<meta property=\"og:image:width\" content=\"696\" \/>\n\t<meta property=\"og:image:height\" content=\"407\" \/>\n\t<meta property=\"og:image:type\" content=\"image\/png\" \/>\n<meta name=\"author\" content=\"admpu17wp\" \/>\n<meta name=\"twitter:card\" content=\"summary_large_image\" \/>\n<meta name=\"twitter:creator\" content=\"@portalurbanook\" \/>\n<meta name=\"twitter:site\" content=\"@portalurbanook\" \/>\n<meta name=\"twitter:label1\" content=\"Escrito por\" \/>\n\t<meta name=\"twitter:data1\" content=\"admpu17wp\" \/>\n\t<meta name=\"twitter:label2\" content=\"Tiempo de lectura\" \/>\n\t<meta name=\"twitter:data2\" content=\"2 minutos\" \/>\n<script type=\"application\/ld+json\" class=\"yoast-schema-graph\">{\"@context\":\"https:\/\/schema.org\",\"@graph\":[{\"@type\":\"Article\",\"@id\":\"https:\/\/experienciadevida.com.ar\/portalurbano\/la-inflacion-de-febrero-fue-del-36-casi-el-doble-que-el-mismo-mes-en-2020\/#article\",\"isPartOf\":{\"@id\":\"https:\/\/experienciadevida.com.ar\/portalurbano\/la-inflacion-de-febrero-fue-del-36-casi-el-doble-que-el-mismo-mes-en-2020\/\"},\"author\":{\"name\":\"admpu17wp\",\"@id\":\"https:\/\/experienciadevida.com.ar\/portalurbano\/#\/schema\/person\/02dd326b1c4b056e9cc972486934a3a7\"},\"headline\":\"La inflaci\u00f3n de febrero fue del 3,6%, casi el doble que el mismo mes en 2020\",\"datePublished\":\"2021-03-12T15:08:28+00:00\",\"dateModified\":\"2021-03-12T15:09:20+00:00\",\"mainEntityOfPage\":{\"@id\":\"https:\/\/experienciadevida.com.ar\/portalurbano\/la-inflacion-de-febrero-fue-del-36-casi-el-doble-que-el-mismo-mes-en-2020\/\"},\"wordCount\":480,\"publisher\":{\"@id\":\"https:\/\/experienciadevida.com.ar\/portalurbano\/#organization\"},\"articleSection\":[\"Naci\u00f3n\"],\"inLanguage\":\"es\"},{\"@type\":\"WebPage\",\"@id\":\"https:\/\/experienciadevida.com.ar\/portalurbano\/la-inflacion-de-febrero-fue-del-36-casi-el-doble-que-el-mismo-mes-en-2020\/\",\"url\":\"https:\/\/experienciadevida.com.ar\/portalurbano\/la-inflacion-de-febrero-fue-del-36-casi-el-doble-que-el-mismo-mes-en-2020\/\",\"name\":\"La inflaci\u00f3n de febrero fue del 3,6% casi el doble que en 2020\",\"isPartOf\":{\"@id\":\"https:\/\/experienciadevida.com.ar\/portalurbano\/#website\"},\"datePublished\":\"2021-03-12T15:08:28+00:00\",\"dateModified\":\"2021-03-12T15:09:20+00:00\",\"description\":\"La inflaci\u00f3n de febrero fue del 3,6%, casi el doble que el mismo mes en 2020, lo inform\u00f3 el Indec. Los alimentos aumentaron un 3,8%\",\"breadcrumb\":{\"@id\":\"https:\/\/experienciadevida.com.ar\/portalurbano\/la-inflacion-de-febrero-fue-del-36-casi-el-doble-que-el-mismo-mes-en-2020\/#breadcrumb\"},\"inLanguage\":\"es\",\"potentialAction\":[{\"@type\":\"ReadAction\",\"target\":[\"https:\/\/experienciadevida.com.ar\/portalurbano\/la-inflacion-de-febrero-fue-del-36-casi-el-doble-que-el-mismo-mes-en-2020\/\"]}]},{\"@type\":\"BreadcrumbList\",\"@id\":\"https:\/\/experienciadevida.com.ar\/portalurbano\/la-inflacion-de-febrero-fue-del-36-casi-el-doble-que-el-mismo-mes-en-2020\/#breadcrumb\",\"itemListElement\":[{\"@type\":\"ListItem\",\"position\":1,\"name\":\"Portada\",\"item\":\"https:\/\/experienciadevida.com.ar\/portalurbano\/\"},{\"@type\":\"ListItem\",\"position\":2,\"name\":\"La inflaci\u00f3n de febrero fue del 3,6%, casi el doble que el mismo mes en 2020\"}]},{\"@type\":\"WebSite\",\"@id\":\"https:\/\/experienciadevida.com.ar\/portalurbano\/#website\",\"url\":\"https:\/\/experienciadevida.com.ar\/portalurbano\/\",\"name\":\"\",\"description\":\"\",\"publisher\":{\"@id\":\"https:\/\/experienciadevida.com.ar\/portalurbano\/#organization\"},\"potentialAction\":[{\"@type\":\"SearchAction\",\"target\":{\"@type\":\"EntryPoint\",\"urlTemplate\":\"https:\/\/experienciadevida.com.ar\/portalurbano\/?s={search_term_string}\"},\"query-input\":\"required name=search_term_string\"}],\"inLanguage\":\"es\"},{\"@type\":\"Organization\",\"@id\":\"https:\/\/experienciadevida.com.ar\/portalurbano\/#organization\",\"name\":\"Portal Urbano\",\"url\":\"https:\/\/experienciadevida.com.ar\/portalurbano\/\",\"logo\":{\"@type\":\"ImageObject\",\"inLanguage\":\"es\",\"@id\":\"https:\/\/experienciadevida.com.ar\/portalurbano\/#\/schema\/logo\/image\/\",\"url\":\"https:\/\/experienciadevida.com.ar\/portalurbano\/wp-content\/uploads\/2019\/09\/Logo-Original.png\",\"contentUrl\":\"https:\/\/experienciadevida.com.ar\/portalurbano\/wp-content\/uploads\/2019\/09\/Logo-Original.png\",\"width\":2236,\"height\":1216,\"caption\":\"Portal Urbano\"},\"image\":{\"@id\":\"https:\/\/experienciadevida.com.ar\/portalurbano\/#\/schema\/logo\/image\/\"},\"sameAs\":[\"https:\/\/www.facebook.com\/Portal-Urbano-171542830093757\/\",\"https:\/\/twitter.com\/portalurbanook\",\"https:\/\/www.instagram.com\/_portalurbano\/\",\"https:\/\/www.youtube.com\/channel\/UCXhagIfszH8KxFiOok79zbA?view_as=subscriber\"]},{\"@type\":\"Person\",\"@id\":\"https:\/\/experienciadevida.com.ar\/portalurbano\/#\/schema\/person\/02dd326b1c4b056e9cc972486934a3a7\",\"name\":\"admpu17wp\",\"image\":{\"@type\":\"ImageObject\",\"inLanguage\":\"es\",\"@id\":\"https:\/\/experienciadevida.com.ar\/portalurbano\/#\/schema\/person\/image\/\",\"url\":\"https:\/\/secure.gravatar.com\/avatar\/830d4c57adaae6630765e449a6908047?s=96&d=mm&r=g\",\"contentUrl\":\"https:\/\/secure.gravatar.com\/avatar\/830d4c57adaae6630765e449a6908047?s=96&d=mm&r=g\",\"caption\":\"admpu17wp\"}}]}<\/script>\n<!-- \/ Yoast SEO plugin. -->","yoast_head_json":{"title":"La inflaci\u00f3n de febrero fue del 3,6% casi el doble que en 2020","description":"La inflaci\u00f3n de febrero fue del 3,6%, casi el doble que el mismo mes en 2020, lo inform\u00f3 el Indec. Los alimentos aumentaron un 3,8%","robots":{"index":"index","follow":"follow","max-snippet":"max-snippet:-1","max-image-preview":"max-image-preview:large","max-video-preview":"max-video-preview:-1"},"canonical":"https:\/\/experienciadevida.com.ar\/portalurbano\/la-inflacion-de-febrero-fue-del-36-casi-el-doble-que-el-mismo-mes-en-2020\/","og_locale":"es_ES","og_type":"article","og_title":"La inflaci\u00f3n de febrero fue del 3,6% casi el doble que en 2020","og_description":"La inflaci\u00f3n de febrero fue del 3,6%, casi el doble que el mismo mes en 2020, lo inform\u00f3 el Indec. Los alimentos aumentaron un 3,8%","og_url":"https:\/\/experienciadevida.com.ar\/portalurbano\/la-inflacion-de-febrero-fue-del-36-casi-el-doble-que-el-mismo-mes-en-2020\/","article_publisher":"https:\/\/www.facebook.com\/Portal-Urbano-171542830093757\/","article_published_time":"2021-03-12T15:08:28+00:00","article_modified_time":"2021-03-12T15:09:20+00:00","og_image":[{"width":696,"height":407,"url":"https:\/\/experienciadevida.com.ar\/portalurbano\/wp-content\/uploads\/2021\/03\/La-inflacion-de-febrero.png","type":"image\/png"}],"author":"admpu17wp","twitter_card":"summary_large_image","twitter_creator":"@portalurbanook","twitter_site":"@portalurbanook","twitter_misc":{"Escrito por":"admpu17wp","Tiempo de lectura":"2 minutos"},"schema":{"@context":"https:\/\/schema.org","@graph":[{"@type":"Article","@id":"https:\/\/experienciadevida.com.ar\/portalurbano\/la-inflacion-de-febrero-fue-del-36-casi-el-doble-que-el-mismo-mes-en-2020\/#article","isPartOf":{"@id":"https:\/\/experienciadevida.com.ar\/portalurbano\/la-inflacion-de-febrero-fue-del-36-casi-el-doble-que-el-mismo-mes-en-2020\/"},"author":{"name":"admpu17wp","@id":"https:\/\/experienciadevida.com.ar\/portalurbano\/#\/schema\/person\/02dd326b1c4b056e9cc972486934a3a7"},"headline":"La inflaci\u00f3n de febrero fue del 3,6%, casi el doble que el mismo mes en 2020","datePublished":"2021-03-12T15:08:28+00:00","dateModified":"2021-03-12T15:09:20+00:00","mainEntityOfPage":{"@id":"https:\/\/experienciadevida.com.ar\/portalurbano\/la-inflacion-de-febrero-fue-del-36-casi-el-doble-que-el-mismo-mes-en-2020\/"},"wordCount":480,"publisher":{"@id":"https:\/\/experienciadevida.com.ar\/portalurbano\/#organization"},"articleSection":["Naci\u00f3n"],"inLanguage":"es"},{"@type":"WebPage","@id":"https:\/\/experienciadevida.com.ar\/portalurbano\/la-inflacion-de-febrero-fue-del-36-casi-el-doble-que-el-mismo-mes-en-2020\/","url":"https:\/\/experienciadevida.com.ar\/portalurbano\/la-inflacion-de-febrero-fue-del-36-casi-el-doble-que-el-mismo-mes-en-2020\/","name":"La inflaci\u00f3n de febrero fue del 3,6% casi el doble que en 2020","isPartOf":{"@id":"https:\/\/experienciadevida.com.ar\/portalurbano\/#website"},"datePublished":"2021-03-12T15:08:28+00:00","dateModified":"2021-03-12T15:09:20+00:00","description":"La inflaci\u00f3n de febrero fue del 3,6%, casi el doble que el mismo mes en 2020, lo inform\u00f3 el Indec. Los alimentos aumentaron un 3,8%","breadcrumb":{"@id":"https:\/\/experienciadevida.com.ar\/portalurbano\/la-inflacion-de-febrero-fue-del-36-casi-el-doble-que-el-mismo-mes-en-2020\/#breadcrumb"},"inLanguage":"es","potentialAction":[{"@type":"ReadAction","target":["https:\/\/experienciadevida.com.ar\/portalurbano\/la-inflacion-de-febrero-fue-del-36-casi-el-doble-que-el-mismo-mes-en-2020\/"]}]},{"@type":"BreadcrumbList","@id":"https:\/\/experienciadevida.com.ar\/portalurbano\/la-inflacion-de-febrero-fue-del-36-casi-el-doble-que-el-mismo-mes-en-2020\/#breadcrumb","itemListElement":[{"@type":"ListItem","position":1,"name":"Portada","item":"https:\/\/experienciadevida.com.ar\/portalurbano\/"},{"@type":"ListItem","position":2,"name":"La inflaci\u00f3n de febrero fue del 3,6%, casi el doble que el mismo mes en 2020"}]},{"@type":"WebSite","@id":"https:\/\/experienciadevida.com.ar\/portalurbano\/#website","url":"https:\/\/experienciadevida.com.ar\/portalurbano\/","name":"","description":"","publisher":{"@id":"https:\/\/experienciadevida.com.ar\/portalurbano\/#organization"},"potentialAction":[{"@type":"SearchAction","target":{"@type":"EntryPoint","urlTemplate":"https:\/\/experienciadevida.com.ar\/portalurbano\/?s={search_term_string}"},"query-input":"required name=search_term_string"}],"inLanguage":"es"},{"@type":"Organization","@id":"https:\/\/experienciadevida.com.ar\/portalurbano\/#organization","name":"Portal Urbano","url":"https:\/\/experienciadevida.com.ar\/portalurbano\/","logo":{"@type":"ImageObject","inLanguage":"es","@id":"https:\/\/experienciadevida.com.ar\/portalurbano\/#\/schema\/logo\/image\/","url":"https:\/\/experienciadevida.com.ar\/portalurbano\/wp-content\/uploads\/2019\/09\/Logo-Original.png","contentUrl":"https:\/\/experienciadevida.com.ar\/portalurbano\/wp-content\/uploads\/2019\/09\/Logo-Original.png","width":2236,"height":1216,"caption":"Portal Urbano"},"image":{"@id":"https:\/\/experienciadevida.com.ar\/portalurbano\/#\/schema\/logo\/image\/"},"sameAs":["https:\/\/www.facebook.com\/Portal-Urbano-171542830093757\/","https:\/\/twitter.com\/portalurbanook","https:\/\/www.instagram.com\/_portalurbano\/","https:\/\/www.youtube.com\/channel\/UCXhagIfszH8KxFiOok79zbA?view_as=subscriber"]},{"@type":"Person","@id":"https:\/\/experienciadevida.com.ar\/portalurbano\/#\/schema\/person\/02dd326b1c4b056e9cc972486934a3a7","name":"admpu17wp","image":{"@type":"ImageObject","inLanguage":"es","@id":"https:\/\/experienciadevida.com.ar\/portalurbano\/#\/schema\/person\/image\/","url":"https:\/\/secure.gravatar.com\/avatar\/830d4c57adaae6630765e449a6908047?s=96&d=mm&r=g","contentUrl":"https:\/\/secure.gravatar.com\/avatar\/830d4c57adaae6630765e449a6908047?s=96&d=mm&r=g","caption":"admpu17wp"}}]}},"featured_image_urls":{"full":["https:\/\/experienciadevida.com.ar\/portalurbano\/wp-content\/uploads\/2021\/03\/La-inflacion-de-febrero.png",696,407,false],"thumbnail":["https:\/\/experienciadevida.com.ar\/portalurbano\/wp-content\/uploads\/2021\/03\/La-inflacion-de-febrero-150x150.png",150,150,true],"medium":["https:\/\/experienciadevida.com.ar\/portalurbano\/wp-content\/uploads\/2021\/03\/La-inflacion-de-febrero-300x175.png",300,175,true],"medium_large":["https:\/\/experienciadevida.com.ar\/portalurbano\/wp-content\/uploads\/2021\/03\/La-inflacion-de-febrero.png",640,374,false],"large":["https:\/\/experienciadevida.com.ar\/portalurbano\/wp-content\/uploads\/2021\/03\/La-inflacion-de-febrero.png",640,374,false],"ug_big":["https:\/\/experienciadevida.com.ar\/portalurbano\/wp-content\/uploads\/2021\/03\/La-inflacion-de-febrero.png",696,407,false],"1536x1536":["https:\/\/experienciadevida.com.ar\/portalurbano\/wp-content\/uploads\/2021\/03\/La-inflacion-de-febrero.png",696,407,false],"2048x2048":["https:\/\/experienciadevida.com.ar\/portalurbano\/wp-content\/uploads\/2021\/03\/La-inflacion-de-febrero.png",696,407,false],"newsever-slider-full":["https:\/\/experienciadevida.com.ar\/portalurbano\/wp-content\/uploads\/2021\/03\/La-inflacion-de-febrero.png",696,407,false],"newsever-featured":["https:\/\/experienciadevida.com.ar\/portalurbano\/wp-content\/uploads\/2021\/03\/La-inflacion-de-febrero.png",696,407,false],"newsever-medium":["https:\/\/experienciadevida.com.ar\/portalurbano\/wp-content\/uploads\/2021\/03\/La-inflacion-de-febrero.png",696,407,false],"web-stories-poster-portrait":["https:\/\/experienciadevida.com.ar\/portalurbano\/wp-content\/uploads\/2021\/03\/La-inflacion-de-febrero.png",640,374,false],"web-stories-publisher-logo":["https:\/\/experienciadevida.com.ar\/portalurbano\/wp-content\/uploads\/2021\/03\/La-inflacion-de-febrero.png",96,56,false],"web-stories-thumbnail":["https:\/\/experienciadevida.com.ar\/portalurbano\/wp-content\/uploads\/2021\/03\/La-inflacion-de-febrero.png",150,88,false]},"author_info":{"display_name":"admpu17wp","author_link":"https:\/\/experienciadevida.com.ar\/portalurbano\/author\/admpu17wp\/"},"category_info":"<a href=\"https:\/\/experienciadevida.com.ar\/portalurbano\/category\/nacion\/\" rel=\"category tag\">Naci\u00f3n<\/a>","tag_info":"Naci\u00f3n","comment_count":"0","amp_enabled":true,"_links":{"self":[{"href":"https:\/\/experienciadevida.com.ar\/portalurbano\/wp-json\/wp\/v2\/posts\/137253"}],"collection":[{"href":"https:\/\/experienciadevida.com.ar\/portalurbano\/wp-json\/wp\/v2\/posts"}],"about":[{"href":"https:\/\/experienciadevida.com.ar\/portalurbano\/wp-json\/wp\/v2\/types\/post"}],"author":[{"embeddable":true,"href":"https:\/\/experienciadevida.com.ar\/portalurbano\/wp-json\/wp\/v2\/users\/1"}],"replies":[{"embeddable":true,"href":"https:\/\/experienciadevida.com.ar\/portalurbano\/wp-json\/wp\/v2\/comments?post=137253"}],"version-history":[{"count":2,"href":"https:\/\/experienciadevida.com.ar\/portalurbano\/wp-json\/wp\/v2\/posts\/137253\/revisions"}],"predecessor-version":[{"id":137256,"href":"https:\/\/experienciadevida.com.ar\/portalurbano\/wp-json\/wp\/v2\/posts\/137253\/revisions\/137256"}],"wp:featuredmedia":[{"embeddable":true,"href":"https:\/\/experienciadevida.com.ar\/portalurbano\/wp-json\/wp\/v2\/media\/137254"}],"wp:attachment":[{"href":"https:\/\/experienciadevida.com.ar\/portalurbano\/wp-json\/wp\/v2\/media?parent=137253"}],"wp:term":[{"taxonomy":"category","embeddable":true,"href":"https:\/\/experienciadevida.com.ar\/portalurbano\/wp-json\/wp\/v2\/categories?post=137253"},{"taxonomy":"post_tag","embeddable":true,"href":"https:\/\/experienciadevida.com.ar\/portalurbano\/wp-json\/wp\/v2\/tags?post=137253"}],"curies":[{"name":"wp","href":"https:\/\/api.w.org\/{rel}","templated":true}]}}