{"id":137242,"date":"2021-03-12T10:53:30","date_gmt":"2021-03-12T13:53:30","guid":{"rendered":"https:\/\/experienciadevida.com.ar\/portalurbano\/?p=137242"},"modified":"2021-03-12T11:00:47","modified_gmt":"2021-03-12T14:00:47","slug":"aulas-seguras-capacitacion-para-escuelas-artisticas-municipales","status":"publish","type":"post","link":"https:\/\/experienciadevida.com.ar\/portalurbano\/aulas-seguras-capacitacion-para-escuelas-artisticas-municipales\/","title":{"rendered":"Aulas Seguras: capacitaci\u00f3n para Escuelas Art\u00edsticas Municipales"},"content":{"rendered":"<p>Aulas Seguras: capacitaci\u00f3n para Escuelas Art\u00edsticas Municipales. Personal de la Secretar\u00eda de Salud del Municipio brind\u00f3 una capacitaci\u00f3n destinada a referentes de las Escuelas Art\u00edsticas Municipales, en el marco del Programa \u201cAulas Seguras\u201d.<\/p>\n<p>Dicha capacitaci\u00f3n se llev\u00f3 a cabo este viernes 12 de marzo con sede en el Centro Cultural Municipal \u201cSan Jos\u00e9\u201d, de cara al inicio del ciclo lectivo.<\/p>\n<p>En el marco de la reuni\u00f3n informativa se realiz\u00f3 la presentaci\u00f3n de protocolo, diagn\u00f3stico y seguimiento Covid19 a abordar en cada una de las instituciones educativas del Partido de Olavarr\u00eda.<\/p>\n<p>Se recuerda que las Escuelas Art\u00edsticas Municipales reabren bajo la modalidad presencial, tal como fuera anunciado oportunamente desde la Subsecretar\u00eda de Cultura y Educaci\u00f3n del Municipio.<\/p>\n<p>Actualmente se trabaja en definir y organizar los protocolos sanitarios correspondientes, en pos de garantizar la continuidad de la presencialidad de los\/as alumnos\/as en cada taller.<\/p>\n<p>La inscripci\u00f3n comenzar\u00e1 el lunes 15 de marzo (de manera presencial) y se desarrollar\u00e1 de 17 a 19 horas en los siguientes lugares:<\/p>\n<p>Escuela Municipal de M\u00fasica \u201cHermanos Rossi \u201c- Avda. Pringles 3027-Tel: 444014.<br \/>\nEscuela Municipal de Orfebrer\u00eda y Artesan\u00edas Tradicionales \u201cMaestro Armando Ferreira \u201d \u2013 Bol\u00edvar 3332 \u2013 Tel: 443645.<br \/>\nEscuela Municipal de Cer\u00e1mica de Sierra Bayas \u2013 Alsina entre Roca y Brown.<br \/>\nEscuela Municipal de Danza \u2013 Casa del Bicentenario (Bol\u00edvar y Cerrito) \u2013 Tel: 418454.<br \/>\nEscuela Municipal de Artes Pl\u00e1sticas Leopoldo Boccazzi \u2013 San Mart\u00edn y Pourtal\u00e9 \u2013 Tel: 419036.<br \/>\nEscuela Municipal de Artes Pl\u00e1sticas Sierra Bayas \u2013 Avda. Urquiza 1746.<br \/>\nEscuela Municipal de Teatro \u2013 Casa de la Cultura (Cnel. Su\u00e1rez 2924) \u2013 Tel: 426043.<br \/>\nEscuela Municipal de Ajedrez \u2013 Casa de la Cultura (Cnel. Su\u00e1rez 2924) \u2013 Tel: 426043.<br \/>\nEscuela Municipal Literaria Alfonsina \u2013 Casa de la Cultura (Cnel. Su\u00e1rez 2924) \u2013 Tel: 426043.<br \/>\nEscuela Municipal de Cer\u00e1mica Olavarr\u00eda- Casa de la Cultura (Cnel. Su\u00e1rez 2924) \u2013 Tel: 426043.<br \/>\nLas clases dar\u00e1n inicio el 5 de abril. Ante cualquier duda e inquietud pueden comunicarse al mail: escuelasartisticas@olavarria.gov.ar. Tambi\u00e9n podr\u00e1n acercarse de lunes a viernes de 09:00 a 12:30 horas a la Casa de la Cultura (Coronel Su\u00e1rez 2924) o comunicarse telef\u00f3nicamente al (02284) 426043.<\/p>\n<p><a href=\"https:\/\/experienciadevida.com.ar\/portalurbano\/aulas-seguras-capacitacion-para-escuelas-artisticas-municipales\/aulas-2\/\" rel=\"attachment wp-att-137246\"><img decoding=\"async\" class=\"alignnone size-full wp-image-137246\" src=\"https:\/\/experienciadevida.com.ar\/portalurbano\/wp-content\/uploads\/2021\/03\/aulas.jpeg\" alt=\"aulas \" width=\"1032\" height=\"774\" srcset=\"https:\/\/experienciadevida.com.ar\/portalurbano\/wp-content\/uploads\/2021\/03\/aulas.jpeg 1032w, https:\/\/experienciadevida.com.ar\/portalurbano\/wp-content\/uploads\/2021\/03\/aulas-300x225.jpeg 300w, https:\/\/experienciadevida.com.ar\/portalurbano\/wp-content\/uploads\/2021\/03\/aulas-1024x768.jpeg 1024w, https:\/\/experienciadevida.com.ar\/portalurbano\/wp-content\/uploads\/2021\/03\/aulas-768x576.jpeg 768w\" sizes=\"(max-width: 1032px) 100vw, 1032px\" \/><\/a><\/p>\n","protected":false},"excerpt":{"rendered":"<p>Aulas Seguras: capacitaci\u00f3n para Escuelas Art\u00edsticas Municipales. Personal de la Secretar\u00eda de Salud del Municipio&#8230;<\/p>\n","protected":false},"author":1,"featured_media":137243,"comment_status":"closed","ping_status":"closed","sticky":false,"template":"","format":"standard","meta":{"content-type":""},"categories":[27,51],"tags":[],"nelio_content":{"isAutoShareEnabled":false,"autoShareEndMode":"default","automationSources":{"useContentSentences":true,"useSocialTemplates":true,"useCustomSentences":false,"customSentences":[]},"followers":[1],"suggestedReferences":[],"includedReferences":[],"efiUrl":"","efiAlt":"","highlights":[]},"yoast_head":"<!-- This site is optimized with the Yoast SEO plugin v20.7 - https:\/\/yoast.com\/wordpress\/plugins\/seo\/ -->\n<title>Aulas seguras: capacitaci\u00f3n para escuelas art\u00edsticas municipales<\/title>\n<meta name=\"description\" content=\"Aulas Seguras: capacitaci\u00f3n para Escuelas Art\u00edsticas Municipales, Personal de la Secretar\u00eda de Salud del Municipio brind\u00f3 una capacitaci\u00f3n\" \/>\n<meta name=\"robots\" content=\"index, follow, max-snippet:-1, max-image-preview:large, max-video-preview:-1\" \/>\n<link rel=\"canonical\" href=\"https:\/\/experienciadevida.com.ar\/portalurbano\/aulas-seguras-capacitacion-para-escuelas-artisticas-municipales\/\" \/>\n<meta property=\"og:locale\" content=\"es_ES\" \/>\n<meta property=\"og:type\" content=\"article\" \/>\n<meta property=\"og:title\" content=\"Aulas seguras: capacitaci\u00f3n para escuelas art\u00edsticas municipales\" \/>\n<meta property=\"og:description\" content=\"Aulas Seguras: capacitaci\u00f3n para Escuelas Art\u00edsticas Municipales, Personal de la Secretar\u00eda de Salud del Municipio brind\u00f3 una capacitaci\u00f3n\" \/>\n<meta property=\"og:url\" content=\"https:\/\/experienciadevida.com.ar\/portalurbano\/aulas-seguras-capacitacion-para-escuelas-artisticas-municipales\/\" \/>\n<meta property=\"article:publisher\" content=\"https:\/\/www.facebook.com\/Portal-Urbano-171542830093757\/\" \/>\n<meta property=\"article:published_time\" content=\"2021-03-12T13:53:30+00:00\" \/>\n<meta property=\"article:modified_time\" content=\"2021-03-12T14:00:47+00:00\" \/>\n<meta property=\"og:image\" content=\"https:\/\/experienciadevida.com.ar\/portalurbano\/wp-content\/uploads\/2021\/03\/aulas-seguras.jpeg\" \/>\n\t<meta property=\"og:image:width\" content=\"1032\" \/>\n\t<meta property=\"og:image:height\" content=\"774\" \/>\n\t<meta property=\"og:image:type\" content=\"image\/jpeg\" \/>\n<meta name=\"author\" content=\"admpu17wp\" \/>\n<meta name=\"twitter:card\" content=\"summary_large_image\" \/>\n<meta name=\"twitter:creator\" content=\"@portalurbanook\" \/>\n<meta name=\"twitter:site\" content=\"@portalurbanook\" \/>\n<meta name=\"twitter:label1\" content=\"Escrito por\" \/>\n\t<meta name=\"twitter:data1\" content=\"admpu17wp\" \/>\n\t<meta name=\"twitter:label2\" content=\"Tiempo de lectura\" \/>\n\t<meta name=\"twitter:data2\" content=\"2 minutos\" \/>\n<script type=\"application\/ld+json\" class=\"yoast-schema-graph\">{\"@context\":\"https:\/\/schema.org\",\"@graph\":[{\"@type\":\"Article\",\"@id\":\"https:\/\/experienciadevida.com.ar\/portalurbano\/aulas-seguras-capacitacion-para-escuelas-artisticas-municipales\/#article\",\"isPartOf\":{\"@id\":\"https:\/\/experienciadevida.com.ar\/portalurbano\/aulas-seguras-capacitacion-para-escuelas-artisticas-municipales\/\"},\"author\":{\"name\":\"admpu17wp\",\"@id\":\"https:\/\/experienciadevida.com.ar\/portalurbano\/#\/schema\/person\/02dd326b1c4b056e9cc972486934a3a7\"},\"headline\":\"Aulas Seguras: capacitaci\u00f3n para Escuelas Art\u00edsticas Municipales\",\"datePublished\":\"2021-03-12T13:53:30+00:00\",\"dateModified\":\"2021-03-12T14:00:47+00:00\",\"mainEntityOfPage\":{\"@id\":\"https:\/\/experienciadevida.com.ar\/portalurbano\/aulas-seguras-capacitacion-para-escuelas-artisticas-municipales\/\"},\"wordCount\":359,\"publisher\":{\"@id\":\"https:\/\/experienciadevida.com.ar\/portalurbano\/#organization\"},\"articleSection\":[\"Ciudad\",\"Destacadas\"],\"inLanguage\":\"es\"},{\"@type\":\"WebPage\",\"@id\":\"https:\/\/experienciadevida.com.ar\/portalurbano\/aulas-seguras-capacitacion-para-escuelas-artisticas-municipales\/\",\"url\":\"https:\/\/experienciadevida.com.ar\/portalurbano\/aulas-seguras-capacitacion-para-escuelas-artisticas-municipales\/\",\"name\":\"Aulas seguras: capacitaci\u00f3n para escuelas art\u00edsticas municipales\",\"isPartOf\":{\"@id\":\"https:\/\/experienciadevida.com.ar\/portalurbano\/#website\"},\"datePublished\":\"2021-03-12T13:53:30+00:00\",\"dateModified\":\"2021-03-12T14:00:47+00:00\",\"description\":\"Aulas Seguras: capacitaci\u00f3n para Escuelas Art\u00edsticas Municipales, Personal de la Secretar\u00eda de Salud del Municipio brind\u00f3 una capacitaci\u00f3n\",\"breadcrumb\":{\"@id\":\"https:\/\/experienciadevida.com.ar\/portalurbano\/aulas-seguras-capacitacion-para-escuelas-artisticas-municipales\/#breadcrumb\"},\"inLanguage\":\"es\",\"potentialAction\":[{\"@type\":\"ReadAction\",\"target\":[\"https:\/\/experienciadevida.com.ar\/portalurbano\/aulas-seguras-capacitacion-para-escuelas-artisticas-municipales\/\"]}]},{\"@type\":\"BreadcrumbList\",\"@id\":\"https:\/\/experienciadevida.com.ar\/portalurbano\/aulas-seguras-capacitacion-para-escuelas-artisticas-municipales\/#breadcrumb\",\"itemListElement\":[{\"@type\":\"ListItem\",\"position\":1,\"name\":\"Portada\",\"item\":\"https:\/\/experienciadevida.com.ar\/portalurbano\/\"},{\"@type\":\"ListItem\",\"position\":2,\"name\":\"Aulas Seguras: capacitaci\u00f3n para Escuelas Art\u00edsticas Municipales\"}]},{\"@type\":\"WebSite\",\"@id\":\"https:\/\/experienciadevida.com.ar\/portalurbano\/#website\",\"url\":\"https:\/\/experienciadevida.com.ar\/portalurbano\/\",\"name\":\"\",\"description\":\"\",\"publisher\":{\"@id\":\"https:\/\/experienciadevida.com.ar\/portalurbano\/#organization\"},\"potentialAction\":[{\"@type\":\"SearchAction\",\"target\":{\"@type\":\"EntryPoint\",\"urlTemplate\":\"https:\/\/experienciadevida.com.ar\/portalurbano\/?s={search_term_string}\"},\"query-input\":\"required name=search_term_string\"}],\"inLanguage\":\"es\"},{\"@type\":\"Organization\",\"@id\":\"https:\/\/experienciadevida.com.ar\/portalurbano\/#organization\",\"name\":\"Portal Urbano\",\"url\":\"https:\/\/experienciadevida.com.ar\/portalurbano\/\",\"logo\":{\"@type\":\"ImageObject\",\"inLanguage\":\"es\",\"@id\":\"https:\/\/experienciadevida.com.ar\/portalurbano\/#\/schema\/logo\/image\/\",\"url\":\"https:\/\/experienciadevida.com.ar\/portalurbano\/wp-content\/uploads\/2019\/09\/Logo-Original.png\",\"contentUrl\":\"https:\/\/experienciadevida.com.ar\/portalurbano\/wp-content\/uploads\/2019\/09\/Logo-Original.png\",\"width\":2236,\"height\":1216,\"caption\":\"Portal Urbano\"},\"image\":{\"@id\":\"https:\/\/experienciadevida.com.ar\/portalurbano\/#\/schema\/logo\/image\/\"},\"sameAs\":[\"https:\/\/www.facebook.com\/Portal-Urbano-171542830093757\/\",\"https:\/\/twitter.com\/portalurbanook\",\"https:\/\/www.instagram.com\/_portalurbano\/\",\"https:\/\/www.youtube.com\/channel\/UCXhagIfszH8KxFiOok79zbA?view_as=subscriber\"]},{\"@type\":\"Person\",\"@id\":\"https:\/\/experienciadevida.com.ar\/portalurbano\/#\/schema\/person\/02dd326b1c4b056e9cc972486934a3a7\",\"name\":\"admpu17wp\",\"image\":{\"@type\":\"ImageObject\",\"inLanguage\":\"es\",\"@id\":\"https:\/\/experienciadevida.com.ar\/portalurbano\/#\/schema\/person\/image\/\",\"url\":\"https:\/\/secure.gravatar.com\/avatar\/830d4c57adaae6630765e449a6908047?s=96&d=mm&r=g\",\"contentUrl\":\"https:\/\/secure.gravatar.com\/avatar\/830d4c57adaae6630765e449a6908047?s=96&d=mm&r=g\",\"caption\":\"admpu17wp\"}}]}<\/script>\n<!-- \/ Yoast SEO plugin. -->","yoast_head_json":{"title":"Aulas seguras: capacitaci\u00f3n para escuelas art\u00edsticas municipales","description":"Aulas Seguras: capacitaci\u00f3n para Escuelas Art\u00edsticas Municipales, Personal de la Secretar\u00eda de Salud del Municipio brind\u00f3 una capacitaci\u00f3n","robots":{"index":"index","follow":"follow","max-snippet":"max-snippet:-1","max-image-preview":"max-image-preview:large","max-video-preview":"max-video-preview:-1"},"canonical":"https:\/\/experienciadevida.com.ar\/portalurbano\/aulas-seguras-capacitacion-para-escuelas-artisticas-municipales\/","og_locale":"es_ES","og_type":"article","og_title":"Aulas seguras: capacitaci\u00f3n para escuelas art\u00edsticas municipales","og_description":"Aulas Seguras: capacitaci\u00f3n para Escuelas Art\u00edsticas Municipales, Personal de la Secretar\u00eda de Salud del Municipio brind\u00f3 una capacitaci\u00f3n","og_url":"https:\/\/experienciadevida.com.ar\/portalurbano\/aulas-seguras-capacitacion-para-escuelas-artisticas-municipales\/","article_publisher":"https:\/\/www.facebook.com\/Portal-Urbano-171542830093757\/","article_published_time":"2021-03-12T13:53:30+00:00","article_modified_time":"2021-03-12T14:00:47+00:00","og_image":[{"width":1032,"height":774,"url":"https:\/\/experienciadevida.com.ar\/portalurbano\/wp-content\/uploads\/2021\/03\/aulas-seguras.jpeg","type":"image\/jpeg"}],"author":"admpu17wp","twitter_card":"summary_large_image","twitter_creator":"@portalurbanook","twitter_site":"@portalurbanook","twitter_misc":{"Escrito por":"admpu17wp","Tiempo de lectura":"2 minutos"},"schema":{"@context":"https:\/\/schema.org","@graph":[{"@type":"Article","@id":"https:\/\/experienciadevida.com.ar\/portalurbano\/aulas-seguras-capacitacion-para-escuelas-artisticas-municipales\/#article","isPartOf":{"@id":"https:\/\/experienciadevida.com.ar\/portalurbano\/aulas-seguras-capacitacion-para-escuelas-artisticas-municipales\/"},"author":{"name":"admpu17wp","@id":"https:\/\/experienciadevida.com.ar\/portalurbano\/#\/schema\/person\/02dd326b1c4b056e9cc972486934a3a7"},"headline":"Aulas Seguras: capacitaci\u00f3n para Escuelas Art\u00edsticas Municipales","datePublished":"2021-03-12T13:53:30+00:00","dateModified":"2021-03-12T14:00:47+00:00","mainEntityOfPage":{"@id":"https:\/\/experienciadevida.com.ar\/portalurbano\/aulas-seguras-capacitacion-para-escuelas-artisticas-municipales\/"},"wordCount":359,"publisher":{"@id":"https:\/\/experienciadevida.com.ar\/portalurbano\/#organization"},"articleSection":["Ciudad","Destacadas"],"inLanguage":"es"},{"@type":"WebPage","@id":"https:\/\/experienciadevida.com.ar\/portalurbano\/aulas-seguras-capacitacion-para-escuelas-artisticas-municipales\/","url":"https:\/\/experienciadevida.com.ar\/portalurbano\/aulas-seguras-capacitacion-para-escuelas-artisticas-municipales\/","name":"Aulas seguras: capacitaci\u00f3n para escuelas art\u00edsticas municipales","isPartOf":{"@id":"https:\/\/experienciadevida.com.ar\/portalurbano\/#website"},"datePublished":"2021-03-12T13:53:30+00:00","dateModified":"2021-03-12T14:00:47+00:00","description":"Aulas Seguras: capacitaci\u00f3n para Escuelas Art\u00edsticas Municipales, Personal de la Secretar\u00eda de Salud del Municipio brind\u00f3 una capacitaci\u00f3n","breadcrumb":{"@id":"https:\/\/experienciadevida.com.ar\/portalurbano\/aulas-seguras-capacitacion-para-escuelas-artisticas-municipales\/#breadcrumb"},"inLanguage":"es","potentialAction":[{"@type":"ReadAction","target":["https:\/\/experienciadevida.com.ar\/portalurbano\/aulas-seguras-capacitacion-para-escuelas-artisticas-municipales\/"]}]},{"@type":"BreadcrumbList","@id":"https:\/\/experienciadevida.com.ar\/portalurbano\/aulas-seguras-capacitacion-para-escuelas-artisticas-municipales\/#breadcrumb","itemListElement":[{"@type":"ListItem","position":1,"name":"Portada","item":"https:\/\/experienciadevida.com.ar\/portalurbano\/"},{"@type":"ListItem","position":2,"name":"Aulas Seguras: capacitaci\u00f3n para Escuelas Art\u00edsticas Municipales"}]},{"@type":"WebSite","@id":"https:\/\/experienciadevida.com.ar\/portalurbano\/#website","url":"https:\/\/experienciadevida.com.ar\/portalurbano\/","name":"","description":"","publisher":{"@id":"https:\/\/experienciadevida.com.ar\/portalurbano\/#organization"},"potentialAction":[{"@type":"SearchAction","target":{"@type":"EntryPoint","urlTemplate":"https:\/\/experienciadevida.com.ar\/portalurbano\/?s={search_term_string}"},"query-input":"required name=search_term_string"}],"inLanguage":"es"},{"@type":"Organization","@id":"https:\/\/experienciadevida.com.ar\/portalurbano\/#organization","name":"Portal Urbano","url":"https:\/\/experienciadevida.com.ar\/portalurbano\/","logo":{"@type":"ImageObject","inLanguage":"es","@id":"https:\/\/experienciadevida.com.ar\/portalurbano\/#\/schema\/logo\/image\/","url":"https:\/\/experienciadevida.com.ar\/portalurbano\/wp-content\/uploads\/2019\/09\/Logo-Original.png","contentUrl":"https:\/\/experienciadevida.com.ar\/portalurbano\/wp-content\/uploads\/2019\/09\/Logo-Original.png","width":2236,"height":1216,"caption":"Portal Urbano"},"image":{"@id":"https:\/\/experienciadevida.com.ar\/portalurbano\/#\/schema\/logo\/image\/"},"sameAs":["https:\/\/www.facebook.com\/Portal-Urbano-171542830093757\/","https:\/\/twitter.com\/portalurbanook","https:\/\/www.instagram.com\/_portalurbano\/","https:\/\/www.youtube.com\/channel\/UCXhagIfszH8KxFiOok79zbA?view_as=subscriber"]},{"@type":"Person","@id":"https:\/\/experienciadevida.com.ar\/portalurbano\/#\/schema\/person\/02dd326b1c4b056e9cc972486934a3a7","name":"admpu17wp","image":{"@type":"ImageObject","inLanguage":"es","@id":"https:\/\/experienciadevida.com.ar\/portalurbano\/#\/schema\/person\/image\/","url":"https:\/\/secure.gravatar.com\/avatar\/830d4c57adaae6630765e449a6908047?s=96&d=mm&r=g","contentUrl":"https:\/\/secure.gravatar.com\/avatar\/830d4c57adaae6630765e449a6908047?s=96&d=mm&r=g","caption":"admpu17wp"}}]}},"featured_image_urls":{"full":["https:\/\/experienciadevida.com.ar\/portalurbano\/wp-content\/uploads\/2021\/03\/aulas-seguras.jpeg",1032,774,false],"thumbnail":["https:\/\/experienciadevida.com.ar\/portalurbano\/wp-content\/uploads\/2021\/03\/aulas-seguras-150x150.jpeg",150,150,true],"medium":["https:\/\/experienciadevida.com.ar\/portalurbano\/wp-content\/uploads\/2021\/03\/aulas-seguras-300x225.jpeg",300,225,true],"medium_large":["https:\/\/experienciadevida.com.ar\/portalurbano\/wp-content\/uploads\/2021\/03\/aulas-seguras-768x576.jpeg",640,480,true],"large":["https:\/\/experienciadevida.com.ar\/portalurbano\/wp-content\/uploads\/2021\/03\/aulas-seguras-1024x768.jpeg",640,480,true],"ug_big":["https:\/\/experienciadevida.com.ar\/portalurbano\/wp-content\/uploads\/2021\/03\/aulas-seguras-768x576.jpeg",768,576,true],"1536x1536":["https:\/\/experienciadevida.com.ar\/portalurbano\/wp-content\/uploads\/2021\/03\/aulas-seguras.jpeg",1032,774,false],"2048x2048":["https:\/\/experienciadevida.com.ar\/portalurbano\/wp-content\/uploads\/2021\/03\/aulas-seguras.jpeg",1032,774,false],"newsever-slider-full":["https:\/\/experienciadevida.com.ar\/portalurbano\/wp-content\/uploads\/2021\/03\/aulas-seguras.jpeg",1032,774,false],"newsever-featured":["https:\/\/experienciadevida.com.ar\/portalurbano\/wp-content\/uploads\/2021\/03\/aulas-seguras.jpeg",1024,768,false],"newsever-medium":["https:\/\/experienciadevida.com.ar\/portalurbano\/wp-content\/uploads\/2021\/03\/aulas-seguras.jpeg",633,475,false],"web-stories-poster-portrait":["https:\/\/experienciadevida.com.ar\/portalurbano\/wp-content\/uploads\/2021\/03\/aulas-seguras.jpeg",640,480,false],"web-stories-publisher-logo":["https:\/\/experienciadevida.com.ar\/portalurbano\/wp-content\/uploads\/2021\/03\/aulas-seguras.jpeg",96,72,false],"web-stories-thumbnail":["https:\/\/experienciadevida.com.ar\/portalurbano\/wp-content\/uploads\/2021\/03\/aulas-seguras.jpeg",150,113,false]},"author_info":{"display_name":"admpu17wp","author_link":"https:\/\/experienciadevida.com.ar\/portalurbano\/author\/admpu17wp\/"},"category_info":"<a href=\"https:\/\/experienciadevida.com.ar\/portalurbano\/category\/ciudad\/\" rel=\"category tag\">Ciudad<\/a> <a href=\"https:\/\/experienciadevida.com.ar\/portalurbano\/category\/destacadas\/\" rel=\"category tag\">Destacadas<\/a>","tag_info":"Destacadas","comment_count":"0","amp_enabled":true,"_links":{"self":[{"href":"https:\/\/experienciadevida.com.ar\/portalurbano\/wp-json\/wp\/v2\/posts\/137242"}],"collection":[{"href":"https:\/\/experienciadevida.com.ar\/portalurbano\/wp-json\/wp\/v2\/posts"}],"about":[{"href":"https:\/\/experienciadevida.com.ar\/portalurbano\/wp-json\/wp\/v2\/types\/post"}],"author":[{"embeddable":true,"href":"https:\/\/experienciadevida.com.ar\/portalurbano\/wp-json\/wp\/v2\/users\/1"}],"replies":[{"embeddable":true,"href":"https:\/\/experienciadevida.com.ar\/portalurbano\/wp-json\/wp\/v2\/comments?post=137242"}],"version-history":[{"count":3,"href":"https:\/\/experienciadevida.com.ar\/portalurbano\/wp-json\/wp\/v2\/posts\/137242\/revisions"}],"predecessor-version":[{"id":137247,"href":"https:\/\/experienciadevida.com.ar\/portalurbano\/wp-json\/wp\/v2\/posts\/137242\/revisions\/137247"}],"wp:featuredmedia":[{"embeddable":true,"href":"https:\/\/experienciadevida.com.ar\/portalurbano\/wp-json\/wp\/v2\/media\/137243"}],"wp:attachment":[{"href":"https:\/\/experienciadevida.com.ar\/portalurbano\/wp-json\/wp\/v2\/media?parent=137242"}],"wp:term":[{"taxonomy":"category","embeddable":true,"href":"https:\/\/experienciadevida.com.ar\/portalurbano\/wp-json\/wp\/v2\/categories?post=137242"},{"taxonomy":"post_tag","embeddable":true,"href":"https:\/\/experienciadevida.com.ar\/portalurbano\/wp-json\/wp\/v2\/tags?post=137242"}],"curies":[{"name":"wp","href":"https:\/\/api.w.org\/{rel}","templated":true}]}}