{"id":137209,"date":"2021-03-11T21:05:13","date_gmt":"2021-03-12T00:05:13","guid":{"rendered":"https:\/\/experienciadevida.com.ar\/portalurbano\/?p=137209"},"modified":"2021-03-11T21:08:29","modified_gmt":"2021-03-12T00:08:29","slug":"celeste-arouxet-con-un-10-del-impuesto-a-la-piedra-cambiariamos-la-realidad-de-olavarria","status":"publish","type":"post","link":"https:\/\/experienciadevida.com.ar\/portalurbano\/celeste-arouxet-con-un-10-del-impuesto-a-la-piedra-cambiariamos-la-realidad-de-olavarria\/","title":{"rendered":"Celeste Arouxet: &#8220;con un 10% del impuesto a la piedra cambiar\u00edamos la realidad de Olavarr\u00eda"},"content":{"rendered":"<p><a href=\"https:\/\/www.facebook.com\/celeste.arouxet\">Celeste Arouxet<\/a>: &#8220;<em>con un 10% del impuesto a la piedra cambiar\u00edamos la realidad de Olavarr\u00eda&#8221;,<\/em> as\u00ed lo dijo la edil de radicales en juntos por el cambio en una nueva sesi\u00f3n ordinaria del per\u00edodo 2021 que se desarroll\u00f3 en la Sociedad Espa\u00f1ola donde se trataron varios proyectos.<\/p>\n<p>El primero de los proyectos en tratarse fue el de la Agrupaci\u00f3n Unidad Popular Olavarr\u00eda, un proyecto de comunicaci\u00f3n solicitando al DEM destinar un tercio de lo recadado por el derecho de explotaci\u00f3n de canteras a las localidades del Partido para infraestructura y salud.<\/p>\n<p>Celeste Arouxet en lo que respecta a este proyecto mencion\u00f3 <em>&#8220;es un reclamo que viene de hace a\u00f1os, el de la inversi\u00f3n en las localidades, esto es porque no se est\u00e1 utilizando el impuesto, a\u00f1o tras a\u00f1o, las empresas van haciendo que el Municipio rerecaude cada vez m\u00e1s en eso que deber\u00eda ser una inversi\u00f3n y lo que estamos mirando en nuestro patrimonio es la peor desinversi\u00f3n en los \u00faltimos 20 a\u00f1os de Olavarr\u00eda, utilizando m\u00e1s de mil y pico de millones del impuesto a la piedra que se van en gastos corrientes. Vemos que hay varios expedientes, en el d\u00eda de ayer presentamos una ordenanza para la construcci\u00f3n de 2300 viviendas en Olavarr\u00eda que tambi\u00e9n solicita\u00a0 que se se utilicen en la explotaci\u00f3n de cantera, tenemos que pedir por favor que un impuesto que deber\u00eda utilizarse para invertir para la gente, se deje de usar en gastos corrientes que es inapropiado&#8221;.<\/em><\/p>\n<p><em>&#8220;Va a llegar el momento que vamos a tener 40 expedientes que van a pedir que se utilice el impuesto a la piedra, las localidades ya pidieron, el barrio AOMA lo pide, no es muy dif\u00edcil lo que hay que hacer, <strong>con un 10% del impuesto a la piedra cambiamos la realidad de Olavarr\u00eda<\/strong>, creo que es hora de empezar a trabajar empezar a cumplir en la afectaci\u00f3n de los recursos de la ciudad como corresponde, las cosas se tienen que empezar a hacer con seriedad porque la plata no es del Intendente\u00a0 es de la gente y la desinversi\u00f3n la va a pagar la gente&#8221;.<\/em><\/p>\n<p>El proyecto fue aprobado por mayor\u00eda.<\/p>\n","protected":false},"excerpt":{"rendered":"<p>Celeste Arouxet: &#8220;con un 10% del impuesto a la piedra cambiar\u00edamos la realidad de Olavarr\u00eda&#8221;,&#8230;<\/p>\n","protected":false},"author":1,"featured_media":137211,"comment_status":"closed","ping_status":"closed","sticky":false,"template":"","format":"standard","meta":{"content-type":""},"categories":[27,64],"tags":[],"nelio_content":{"isAutoShareEnabled":false,"autoShareEndMode":"default","automationSources":{"useContentSentences":true,"useSocialTemplates":true,"useCustomSentences":false,"customSentences":[]},"followers":[1],"suggestedReferences":[],"includedReferences":[],"efiUrl":"","efiAlt":"","highlights":[]},"yoast_head":"<!-- This site is optimized with the Yoast SEO plugin v20.7 - https:\/\/yoast.com\/wordpress\/plugins\/seo\/ -->\n<title>Celeste Arouxet: &quot;Con un 10% del impuesto a la piedra cambiar\u00edamos&quot;<\/title>\n<meta name=\"description\" content=\"Celeste Arouxet: &quot;con un 10% del impuesto a la piedra cambiar\u00edamos la realidad de Olavarr\u00eda&quot;, as\u00ed lo dijo la edil de radicales.\" \/>\n<meta name=\"robots\" content=\"index, follow, max-snippet:-1, max-image-preview:large, max-video-preview:-1\" \/>\n<link rel=\"canonical\" href=\"https:\/\/experienciadevida.com.ar\/portalurbano\/celeste-arouxet-con-un-10-del-impuesto-a-la-piedra-cambiariamos-la-realidad-de-olavarria\/\" \/>\n<meta property=\"og:locale\" content=\"es_ES\" \/>\n<meta property=\"og:type\" content=\"article\" \/>\n<meta property=\"og:title\" content=\"Celeste Arouxet: &quot;Con un 10% del impuesto a la piedra cambiar\u00edamos&quot;\" \/>\n<meta property=\"og:description\" content=\"Celeste Arouxet: &quot;con un 10% del impuesto a la piedra cambiar\u00edamos la realidad de Olavarr\u00eda&quot;, as\u00ed lo dijo la edil de radicales.\" \/>\n<meta property=\"og:url\" content=\"https:\/\/experienciadevida.com.ar\/portalurbano\/celeste-arouxet-con-un-10-del-impuesto-a-la-piedra-cambiariamos-la-realidad-de-olavarria\/\" \/>\n<meta property=\"article:publisher\" content=\"https:\/\/www.facebook.com\/Portal-Urbano-171542830093757\/\" \/>\n<meta property=\"article:published_time\" content=\"2021-03-12T00:05:13+00:00\" \/>\n<meta property=\"article:modified_time\" content=\"2021-03-12T00:08:29+00:00\" \/>\n<meta property=\"og:image\" content=\"https:\/\/experienciadevida.com.ar\/portalurbano\/wp-content\/uploads\/2021\/03\/Celeste-Arouxet.jpg\" \/>\n\t<meta property=\"og:image:width\" content=\"1160\" \/>\n\t<meta property=\"og:image:height\" content=\"522\" \/>\n\t<meta property=\"og:image:type\" content=\"image\/jpeg\" \/>\n<meta name=\"author\" content=\"admpu17wp\" \/>\n<meta name=\"twitter:card\" content=\"summary_large_image\" \/>\n<meta name=\"twitter:creator\" content=\"@portalurbanook\" \/>\n<meta name=\"twitter:site\" content=\"@portalurbanook\" \/>\n<meta name=\"twitter:label1\" content=\"Escrito por\" \/>\n\t<meta name=\"twitter:data1\" content=\"admpu17wp\" \/>\n\t<meta name=\"twitter:label2\" content=\"Tiempo de lectura\" \/>\n\t<meta name=\"twitter:data2\" content=\"2 minutos\" \/>\n<script type=\"application\/ld+json\" class=\"yoast-schema-graph\">{\"@context\":\"https:\/\/schema.org\",\"@graph\":[{\"@type\":\"Article\",\"@id\":\"https:\/\/experienciadevida.com.ar\/portalurbano\/celeste-arouxet-con-un-10-del-impuesto-a-la-piedra-cambiariamos-la-realidad-de-olavarria\/#article\",\"isPartOf\":{\"@id\":\"https:\/\/experienciadevida.com.ar\/portalurbano\/celeste-arouxet-con-un-10-del-impuesto-a-la-piedra-cambiariamos-la-realidad-de-olavarria\/\"},\"author\":{\"name\":\"admpu17wp\",\"@id\":\"https:\/\/experienciadevida.com.ar\/portalurbano\/#\/schema\/person\/02dd326b1c4b056e9cc972486934a3a7\"},\"headline\":\"Celeste Arouxet: &#8220;con un 10% del impuesto a la piedra cambiar\u00edamos la realidad de Olavarr\u00eda\",\"datePublished\":\"2021-03-12T00:05:13+00:00\",\"dateModified\":\"2021-03-12T00:08:29+00:00\",\"mainEntityOfPage\":{\"@id\":\"https:\/\/experienciadevida.com.ar\/portalurbano\/celeste-arouxet-con-un-10-del-impuesto-a-la-piedra-cambiariamos-la-realidad-de-olavarria\/\"},\"wordCount\":396,\"publisher\":{\"@id\":\"https:\/\/experienciadevida.com.ar\/portalurbano\/#organization\"},\"articleSection\":[\"Ciudad\",\"Destacadas 2\"],\"inLanguage\":\"es\"},{\"@type\":\"WebPage\",\"@id\":\"https:\/\/experienciadevida.com.ar\/portalurbano\/celeste-arouxet-con-un-10-del-impuesto-a-la-piedra-cambiariamos-la-realidad-de-olavarria\/\",\"url\":\"https:\/\/experienciadevida.com.ar\/portalurbano\/celeste-arouxet-con-un-10-del-impuesto-a-la-piedra-cambiariamos-la-realidad-de-olavarria\/\",\"name\":\"Celeste Arouxet: \\\"Con un 10% del impuesto a la piedra cambiar\u00edamos\\\"\",\"isPartOf\":{\"@id\":\"https:\/\/experienciadevida.com.ar\/portalurbano\/#website\"},\"datePublished\":\"2021-03-12T00:05:13+00:00\",\"dateModified\":\"2021-03-12T00:08:29+00:00\",\"description\":\"Celeste Arouxet: \\\"con un 10% del impuesto a la piedra cambiar\u00edamos la realidad de Olavarr\u00eda\\\", as\u00ed lo dijo la edil de radicales.\",\"breadcrumb\":{\"@id\":\"https:\/\/experienciadevida.com.ar\/portalurbano\/celeste-arouxet-con-un-10-del-impuesto-a-la-piedra-cambiariamos-la-realidad-de-olavarria\/#breadcrumb\"},\"inLanguage\":\"es\",\"potentialAction\":[{\"@type\":\"ReadAction\",\"target\":[\"https:\/\/experienciadevida.com.ar\/portalurbano\/celeste-arouxet-con-un-10-del-impuesto-a-la-piedra-cambiariamos-la-realidad-de-olavarria\/\"]}]},{\"@type\":\"BreadcrumbList\",\"@id\":\"https:\/\/experienciadevida.com.ar\/portalurbano\/celeste-arouxet-con-un-10-del-impuesto-a-la-piedra-cambiariamos-la-realidad-de-olavarria\/#breadcrumb\",\"itemListElement\":[{\"@type\":\"ListItem\",\"position\":1,\"name\":\"Portada\",\"item\":\"https:\/\/experienciadevida.com.ar\/portalurbano\/\"},{\"@type\":\"ListItem\",\"position\":2,\"name\":\"Celeste Arouxet: \u00abcon un 10% del impuesto a la piedra cambiar\u00edamos la realidad de Olavarr\u00eda\"}]},{\"@type\":\"WebSite\",\"@id\":\"https:\/\/experienciadevida.com.ar\/portalurbano\/#website\",\"url\":\"https:\/\/experienciadevida.com.ar\/portalurbano\/\",\"name\":\"\",\"description\":\"\",\"publisher\":{\"@id\":\"https:\/\/experienciadevida.com.ar\/portalurbano\/#organization\"},\"potentialAction\":[{\"@type\":\"SearchAction\",\"target\":{\"@type\":\"EntryPoint\",\"urlTemplate\":\"https:\/\/experienciadevida.com.ar\/portalurbano\/?s={search_term_string}\"},\"query-input\":\"required name=search_term_string\"}],\"inLanguage\":\"es\"},{\"@type\":\"Organization\",\"@id\":\"https:\/\/experienciadevida.com.ar\/portalurbano\/#organization\",\"name\":\"Portal Urbano\",\"url\":\"https:\/\/experienciadevida.com.ar\/portalurbano\/\",\"logo\":{\"@type\":\"ImageObject\",\"inLanguage\":\"es\",\"@id\":\"https:\/\/experienciadevida.com.ar\/portalurbano\/#\/schema\/logo\/image\/\",\"url\":\"https:\/\/experienciadevida.com.ar\/portalurbano\/wp-content\/uploads\/2019\/09\/Logo-Original.png\",\"contentUrl\":\"https:\/\/experienciadevida.com.ar\/portalurbano\/wp-content\/uploads\/2019\/09\/Logo-Original.png\",\"width\":2236,\"height\":1216,\"caption\":\"Portal Urbano\"},\"image\":{\"@id\":\"https:\/\/experienciadevida.com.ar\/portalurbano\/#\/schema\/logo\/image\/\"},\"sameAs\":[\"https:\/\/www.facebook.com\/Portal-Urbano-171542830093757\/\",\"https:\/\/twitter.com\/portalurbanook\",\"https:\/\/www.instagram.com\/_portalurbano\/\",\"https:\/\/www.youtube.com\/channel\/UCXhagIfszH8KxFiOok79zbA?view_as=subscriber\"]},{\"@type\":\"Person\",\"@id\":\"https:\/\/experienciadevida.com.ar\/portalurbano\/#\/schema\/person\/02dd326b1c4b056e9cc972486934a3a7\",\"name\":\"admpu17wp\",\"image\":{\"@type\":\"ImageObject\",\"inLanguage\":\"es\",\"@id\":\"https:\/\/experienciadevida.com.ar\/portalurbano\/#\/schema\/person\/image\/\",\"url\":\"https:\/\/secure.gravatar.com\/avatar\/830d4c57adaae6630765e449a6908047?s=96&d=mm&r=g\",\"contentUrl\":\"https:\/\/secure.gravatar.com\/avatar\/830d4c57adaae6630765e449a6908047?s=96&d=mm&r=g\",\"caption\":\"admpu17wp\"}}]}<\/script>\n<!-- \/ Yoast SEO plugin. -->","yoast_head_json":{"title":"Celeste Arouxet: \"Con un 10% del impuesto a la piedra cambiar\u00edamos\"","description":"Celeste Arouxet: \"con un 10% del impuesto a la piedra cambiar\u00edamos la realidad de Olavarr\u00eda\", as\u00ed lo dijo la edil de radicales.","robots":{"index":"index","follow":"follow","max-snippet":"max-snippet:-1","max-image-preview":"max-image-preview:large","max-video-preview":"max-video-preview:-1"},"canonical":"https:\/\/experienciadevida.com.ar\/portalurbano\/celeste-arouxet-con-un-10-del-impuesto-a-la-piedra-cambiariamos-la-realidad-de-olavarria\/","og_locale":"es_ES","og_type":"article","og_title":"Celeste Arouxet: \"Con un 10% del impuesto a la piedra cambiar\u00edamos\"","og_description":"Celeste Arouxet: \"con un 10% del impuesto a la piedra cambiar\u00edamos la realidad de Olavarr\u00eda\", as\u00ed lo dijo la edil de radicales.","og_url":"https:\/\/experienciadevida.com.ar\/portalurbano\/celeste-arouxet-con-un-10-del-impuesto-a-la-piedra-cambiariamos-la-realidad-de-olavarria\/","article_publisher":"https:\/\/www.facebook.com\/Portal-Urbano-171542830093757\/","article_published_time":"2021-03-12T00:05:13+00:00","article_modified_time":"2021-03-12T00:08:29+00:00","og_image":[{"width":1160,"height":522,"url":"https:\/\/experienciadevida.com.ar\/portalurbano\/wp-content\/uploads\/2021\/03\/Celeste-Arouxet.jpg","type":"image\/jpeg"}],"author":"admpu17wp","twitter_card":"summary_large_image","twitter_creator":"@portalurbanook","twitter_site":"@portalurbanook","twitter_misc":{"Escrito por":"admpu17wp","Tiempo de lectura":"2 minutos"},"schema":{"@context":"https:\/\/schema.org","@graph":[{"@type":"Article","@id":"https:\/\/experienciadevida.com.ar\/portalurbano\/celeste-arouxet-con-un-10-del-impuesto-a-la-piedra-cambiariamos-la-realidad-de-olavarria\/#article","isPartOf":{"@id":"https:\/\/experienciadevida.com.ar\/portalurbano\/celeste-arouxet-con-un-10-del-impuesto-a-la-piedra-cambiariamos-la-realidad-de-olavarria\/"},"author":{"name":"admpu17wp","@id":"https:\/\/experienciadevida.com.ar\/portalurbano\/#\/schema\/person\/02dd326b1c4b056e9cc972486934a3a7"},"headline":"Celeste Arouxet: &#8220;con un 10% del impuesto a la piedra cambiar\u00edamos la realidad de Olavarr\u00eda","datePublished":"2021-03-12T00:05:13+00:00","dateModified":"2021-03-12T00:08:29+00:00","mainEntityOfPage":{"@id":"https:\/\/experienciadevida.com.ar\/portalurbano\/celeste-arouxet-con-un-10-del-impuesto-a-la-piedra-cambiariamos-la-realidad-de-olavarria\/"},"wordCount":396,"publisher":{"@id":"https:\/\/experienciadevida.com.ar\/portalurbano\/#organization"},"articleSection":["Ciudad","Destacadas 2"],"inLanguage":"es"},{"@type":"WebPage","@id":"https:\/\/experienciadevida.com.ar\/portalurbano\/celeste-arouxet-con-un-10-del-impuesto-a-la-piedra-cambiariamos-la-realidad-de-olavarria\/","url":"https:\/\/experienciadevida.com.ar\/portalurbano\/celeste-arouxet-con-un-10-del-impuesto-a-la-piedra-cambiariamos-la-realidad-de-olavarria\/","name":"Celeste Arouxet: \"Con un 10% del impuesto a la piedra cambiar\u00edamos\"","isPartOf":{"@id":"https:\/\/experienciadevida.com.ar\/portalurbano\/#website"},"datePublished":"2021-03-12T00:05:13+00:00","dateModified":"2021-03-12T00:08:29+00:00","description":"Celeste Arouxet: \"con un 10% del impuesto a la piedra cambiar\u00edamos la realidad de Olavarr\u00eda\", as\u00ed lo dijo la edil de radicales.","breadcrumb":{"@id":"https:\/\/experienciadevida.com.ar\/portalurbano\/celeste-arouxet-con-un-10-del-impuesto-a-la-piedra-cambiariamos-la-realidad-de-olavarria\/#breadcrumb"},"inLanguage":"es","potentialAction":[{"@type":"ReadAction","target":["https:\/\/experienciadevida.com.ar\/portalurbano\/celeste-arouxet-con-un-10-del-impuesto-a-la-piedra-cambiariamos-la-realidad-de-olavarria\/"]}]},{"@type":"BreadcrumbList","@id":"https:\/\/experienciadevida.com.ar\/portalurbano\/celeste-arouxet-con-un-10-del-impuesto-a-la-piedra-cambiariamos-la-realidad-de-olavarria\/#breadcrumb","itemListElement":[{"@type":"ListItem","position":1,"name":"Portada","item":"https:\/\/experienciadevida.com.ar\/portalurbano\/"},{"@type":"ListItem","position":2,"name":"Celeste Arouxet: \u00abcon un 10% del impuesto a la piedra cambiar\u00edamos la realidad de Olavarr\u00eda"}]},{"@type":"WebSite","@id":"https:\/\/experienciadevida.com.ar\/portalurbano\/#website","url":"https:\/\/experienciadevida.com.ar\/portalurbano\/","name":"","description":"","publisher":{"@id":"https:\/\/experienciadevida.com.ar\/portalurbano\/#organization"},"potentialAction":[{"@type":"SearchAction","target":{"@type":"EntryPoint","urlTemplate":"https:\/\/experienciadevida.com.ar\/portalurbano\/?s={search_term_string}"},"query-input":"required name=search_term_string"}],"inLanguage":"es"},{"@type":"Organization","@id":"https:\/\/experienciadevida.com.ar\/portalurbano\/#organization","name":"Portal Urbano","url":"https:\/\/experienciadevida.com.ar\/portalurbano\/","logo":{"@type":"ImageObject","inLanguage":"es","@id":"https:\/\/experienciadevida.com.ar\/portalurbano\/#\/schema\/logo\/image\/","url":"https:\/\/experienciadevida.com.ar\/portalurbano\/wp-content\/uploads\/2019\/09\/Logo-Original.png","contentUrl":"https:\/\/experienciadevida.com.ar\/portalurbano\/wp-content\/uploads\/2019\/09\/Logo-Original.png","width":2236,"height":1216,"caption":"Portal Urbano"},"image":{"@id":"https:\/\/experienciadevida.com.ar\/portalurbano\/#\/schema\/logo\/image\/"},"sameAs":["https:\/\/www.facebook.com\/Portal-Urbano-171542830093757\/","https:\/\/twitter.com\/portalurbanook","https:\/\/www.instagram.com\/_portalurbano\/","https:\/\/www.youtube.com\/channel\/UCXhagIfszH8KxFiOok79zbA?view_as=subscriber"]},{"@type":"Person","@id":"https:\/\/experienciadevida.com.ar\/portalurbano\/#\/schema\/person\/02dd326b1c4b056e9cc972486934a3a7","name":"admpu17wp","image":{"@type":"ImageObject","inLanguage":"es","@id":"https:\/\/experienciadevida.com.ar\/portalurbano\/#\/schema\/person\/image\/","url":"https:\/\/secure.gravatar.com\/avatar\/830d4c57adaae6630765e449a6908047?s=96&d=mm&r=g","contentUrl":"https:\/\/secure.gravatar.com\/avatar\/830d4c57adaae6630765e449a6908047?s=96&d=mm&r=g","caption":"admpu17wp"}}]}},"featured_image_urls":{"full":["https:\/\/experienciadevida.com.ar\/portalurbano\/wp-content\/uploads\/2021\/03\/Celeste-Arouxet.jpg",1160,522,false],"thumbnail":["https:\/\/experienciadevida.com.ar\/portalurbano\/wp-content\/uploads\/2021\/03\/Celeste-Arouxet-150x150.jpg",150,150,true],"medium":["https:\/\/experienciadevida.com.ar\/portalurbano\/wp-content\/uploads\/2021\/03\/Celeste-Arouxet-300x135.jpg",300,135,true],"medium_large":["https:\/\/experienciadevida.com.ar\/portalurbano\/wp-content\/uploads\/2021\/03\/Celeste-Arouxet-768x346.jpg",640,288,true],"large":["https:\/\/experienciadevida.com.ar\/portalurbano\/wp-content\/uploads\/2021\/03\/Celeste-Arouxet-1024x461.jpg",640,288,true],"ug_big":["https:\/\/experienciadevida.com.ar\/portalurbano\/wp-content\/uploads\/2021\/03\/Celeste-Arouxet-768x346.jpg",768,346,true],"1536x1536":["https:\/\/experienciadevida.com.ar\/portalurbano\/wp-content\/uploads\/2021\/03\/Celeste-Arouxet.jpg",1160,522,false],"2048x2048":["https:\/\/experienciadevida.com.ar\/portalurbano\/wp-content\/uploads\/2021\/03\/Celeste-Arouxet.jpg",1160,522,false],"newsever-slider-full":["https:\/\/experienciadevida.com.ar\/portalurbano\/wp-content\/uploads\/2021\/03\/Celeste-Arouxet.jpg",1160,522,false],"newsever-featured":["https:\/\/experienciadevida.com.ar\/portalurbano\/wp-content\/uploads\/2021\/03\/Celeste-Arouxet.jpg",1024,461,false],"newsever-medium":["https:\/\/experienciadevida.com.ar\/portalurbano\/wp-content\/uploads\/2021\/03\/Celeste-Arouxet.jpg",720,324,false],"web-stories-poster-portrait":["https:\/\/experienciadevida.com.ar\/portalurbano\/wp-content\/uploads\/2021\/03\/Celeste-Arouxet.jpg",640,288,false],"web-stories-publisher-logo":["https:\/\/experienciadevida.com.ar\/portalurbano\/wp-content\/uploads\/2021\/03\/Celeste-Arouxet.jpg",96,43,false],"web-stories-thumbnail":["https:\/\/experienciadevida.com.ar\/portalurbano\/wp-content\/uploads\/2021\/03\/Celeste-Arouxet.jpg",150,68,false]},"author_info":{"display_name":"admpu17wp","author_link":"https:\/\/experienciadevida.com.ar\/portalurbano\/author\/admpu17wp\/"},"category_info":"<a href=\"https:\/\/experienciadevida.com.ar\/portalurbano\/category\/ciudad\/\" rel=\"category tag\">Ciudad<\/a> <a href=\"https:\/\/experienciadevida.com.ar\/portalurbano\/category\/destacadas-2\/\" rel=\"category tag\">Destacadas 2<\/a>","tag_info":"Destacadas 2","comment_count":"0","amp_enabled":true,"_links":{"self":[{"href":"https:\/\/experienciadevida.com.ar\/portalurbano\/wp-json\/wp\/v2\/posts\/137209"}],"collection":[{"href":"https:\/\/experienciadevida.com.ar\/portalurbano\/wp-json\/wp\/v2\/posts"}],"about":[{"href":"https:\/\/experienciadevida.com.ar\/portalurbano\/wp-json\/wp\/v2\/types\/post"}],"author":[{"embeddable":true,"href":"https:\/\/experienciadevida.com.ar\/portalurbano\/wp-json\/wp\/v2\/users\/1"}],"replies":[{"embeddable":true,"href":"https:\/\/experienciadevida.com.ar\/portalurbano\/wp-json\/wp\/v2\/comments?post=137209"}],"version-history":[{"count":3,"href":"https:\/\/experienciadevida.com.ar\/portalurbano\/wp-json\/wp\/v2\/posts\/137209\/revisions"}],"predecessor-version":[{"id":137214,"href":"https:\/\/experienciadevida.com.ar\/portalurbano\/wp-json\/wp\/v2\/posts\/137209\/revisions\/137214"}],"wp:featuredmedia":[{"embeddable":true,"href":"https:\/\/experienciadevida.com.ar\/portalurbano\/wp-json\/wp\/v2\/media\/137211"}],"wp:attachment":[{"href":"https:\/\/experienciadevida.com.ar\/portalurbano\/wp-json\/wp\/v2\/media?parent=137209"}],"wp:term":[{"taxonomy":"category","embeddable":true,"href":"https:\/\/experienciadevida.com.ar\/portalurbano\/wp-json\/wp\/v2\/categories?post=137209"},{"taxonomy":"post_tag","embeddable":true,"href":"https:\/\/experienciadevida.com.ar\/portalurbano\/wp-json\/wp\/v2\/tags?post=137209"}],"curies":[{"name":"wp","href":"https:\/\/api.w.org\/{rel}","templated":true}]}}