{"id":137197,"date":"2021-03-11T13:13:34","date_gmt":"2021-03-11T16:13:34","guid":{"rendered":"https:\/\/experienciadevida.com.ar\/portalurbano\/?p=137197"},"modified":"2021-03-11T13:16:13","modified_gmt":"2021-03-11T16:16:13","slug":"juntos-por-el-cambio-rechazo-el-pedido-que-el-frente-de-todos-le-hizo-a-coopelectric-para-que-cumpla-con-la-quita-de-montos-por-contribuciones","status":"publish","type":"post","link":"https:\/\/experienciadevida.com.ar\/portalurbano\/juntos-por-el-cambio-rechazo-el-pedido-que-el-frente-de-todos-le-hizo-a-coopelectric-para-que-cumpla-con-la-quita-de-montos-por-contribuciones\/","title":{"rendered":"Juntos por el cambio rechaz\u00f3 el pedido que el  Frente de Todos le hizo a Coopelectric para que cumpla con la quita de montos por contribuciones"},"content":{"rendered":"<p>Juntos por el cambio rechaz\u00f3 el pedido que el <a href=\"https:\/\/www.facebook.com\/FrenteDeTodosOlavarria\">Frente de Todos<\/a> le hizo a Coopelectric para que cumpla con la quita de montos por contribuciones. El Frente de Todos present\u00f3 un proyecto para solicitar el cumplimiento efectivo de la ordenanza sancionada en diciembre del 2020 que fijaba la eliminaci\u00f3n de los conceptos \u201cContribuci\u00f3n Accionaria\u201d, \u201cContribuci\u00f3n Accionaria Transitoria\u201d y \u201cContribuci\u00f3n Renovaci\u00f3n Medidor\u201d de la factura de agua. Si bien el proyecto fue aprobado, no cont\u00f3 con el apoyo de Juntos por el cambio.<\/p>\n<p>Sobre la postura expresada por Juntos por el Cambio, Juan S\u00e1nchez declar\u00f3: \u201cEl argumento que Juntos por el Cambio tiene para rechazar el cumplimiento de la ordenanza es la decisi\u00f3n tomada por Coopelectric y comunicada a trav\u00e9s del concejal Marinangeli. Todos los vecinos de Olavarr\u00eda tienen que pagar conceptos que fueron derogados y la connivencia de estos dos espacios habilita a no cumplir\u201d.<\/p>\n<p>Juntos por el cambio rechaz\u00f3 el pedido que el Frente de Todos le hizo a coopelectric y por su parte Guillermo Santell\u00e1n expuso: \u201cAsistimos una vez m\u00e1s a la confirmaci\u00f3n de cu\u00e1les son los poderes que est\u00e1n detr\u00e1s de todas estas cosas, la cooperativa de luz con el gobierno de Galli es vergonzante, no solo utilizan una pr\u00e1ctica realmente discutible desde lo \u00e9tico, sino que son absolutamente descarados\u201d.<\/p>\n<p>Por \u00faltimo Ubaldo Garc\u00eda sostuvo: \u201cMe parece lamentable que este cuerpo no exija a la cooperativa cumplir con la ordenanza que se sancion\u00f3 en este recinto. La ordenanza aprobada en diciembre es clara y hace referencia a la eliminaci\u00f3n de aquellas contribuciones que no tienen relaci\u00f3n con la tarifa y deb\u00eda entrar en vigencia una vez sancionada. M\u00e1s del 50% de la factura de agua son cargos por contribuciones que en enero deber\u00edan haber sido eliminadas\u201d.<\/p>\n","protected":false},"excerpt":{"rendered":"<p>Juntos por el cambio rechaz\u00f3 el pedido que el Frente de Todos le hizo a&#8230;<\/p>\n","protected":false},"author":1,"featured_media":137198,"comment_status":"closed","ping_status":"closed","sticky":false,"template":"","format":"standard","meta":{"content-type":""},"categories":[51,43],"tags":[],"nelio_content":{"isAutoShareEnabled":false,"autoShareEndMode":"default","automationSources":{"useContentSentences":true,"useSocialTemplates":true,"useCustomSentences":false,"customSentences":[]},"followers":[1],"suggestedReferences":[],"includedReferences":[],"efiUrl":"","efiAlt":"","highlights":[]},"yoast_head":"<!-- This site is optimized with the Yoast SEO plugin v20.7 - https:\/\/yoast.com\/wordpress\/plugins\/seo\/ -->\n<title>Juntos por el cambio rechaz\u00f3 el pedido que el FDT le hizo a coopelectric<\/title>\n<meta name=\"description\" content=\"Juntos por el cambio rechaz\u00f3 el pedido que el Frente de Todos le hizo a Coopelectric para que cumpla con la quita de montos.\" \/>\n<meta name=\"robots\" content=\"index, follow, max-snippet:-1, max-image-preview:large, max-video-preview:-1\" \/>\n<link rel=\"canonical\" href=\"https:\/\/experienciadevida.com.ar\/portalurbano\/juntos-por-el-cambio-rechazo-el-pedido-que-el-frente-de-todos-le-hizo-a-coopelectric-para-que-cumpla-con-la-quita-de-montos-por-contribuciones\/\" \/>\n<meta property=\"og:locale\" content=\"es_ES\" \/>\n<meta property=\"og:type\" content=\"article\" \/>\n<meta property=\"og:title\" content=\"Juntos por el cambio rechaz\u00f3 el pedido que el FDT le hizo a coopelectric\" \/>\n<meta property=\"og:description\" content=\"Juntos por el cambio rechaz\u00f3 el pedido que el Frente de Todos le hizo a Coopelectric para que cumpla con la quita de montos.\" \/>\n<meta property=\"og:url\" content=\"https:\/\/experienciadevida.com.ar\/portalurbano\/juntos-por-el-cambio-rechazo-el-pedido-que-el-frente-de-todos-le-hizo-a-coopelectric-para-que-cumpla-con-la-quita-de-montos-por-contribuciones\/\" \/>\n<meta property=\"article:publisher\" content=\"https:\/\/www.facebook.com\/Portal-Urbano-171542830093757\/\" \/>\n<meta property=\"article:published_time\" content=\"2021-03-11T16:13:34+00:00\" \/>\n<meta property=\"article:modified_time\" content=\"2021-03-11T16:16:13+00:00\" \/>\n<meta property=\"og:image\" content=\"https:\/\/experienciadevida.com.ar\/portalurbano\/wp-content\/uploads\/2021\/03\/Juntos-por-el-cambio-rechazo.jpg\" \/>\n\t<meta property=\"og:image:width\" content=\"765\" \/>\n\t<meta property=\"og:image:height\" content=\"344\" \/>\n\t<meta property=\"og:image:type\" content=\"image\/jpeg\" \/>\n<meta name=\"author\" content=\"admpu17wp\" \/>\n<meta name=\"twitter:card\" content=\"summary_large_image\" \/>\n<meta name=\"twitter:creator\" content=\"@portalurbanook\" \/>\n<meta name=\"twitter:site\" content=\"@portalurbanook\" \/>\n<meta name=\"twitter:label1\" content=\"Escrito por\" \/>\n\t<meta name=\"twitter:data1\" content=\"admpu17wp\" \/>\n\t<meta name=\"twitter:label2\" content=\"Tiempo de lectura\" \/>\n\t<meta name=\"twitter:data2\" content=\"2 minutos\" \/>\n<script type=\"application\/ld+json\" class=\"yoast-schema-graph\">{\"@context\":\"https:\/\/schema.org\",\"@graph\":[{\"@type\":\"Article\",\"@id\":\"https:\/\/experienciadevida.com.ar\/portalurbano\/juntos-por-el-cambio-rechazo-el-pedido-que-el-frente-de-todos-le-hizo-a-coopelectric-para-que-cumpla-con-la-quita-de-montos-por-contribuciones\/#article\",\"isPartOf\":{\"@id\":\"https:\/\/experienciadevida.com.ar\/portalurbano\/juntos-por-el-cambio-rechazo-el-pedido-que-el-frente-de-todos-le-hizo-a-coopelectric-para-que-cumpla-con-la-quita-de-montos-por-contribuciones\/\"},\"author\":{\"name\":\"admpu17wp\",\"@id\":\"https:\/\/experienciadevida.com.ar\/portalurbano\/#\/schema\/person\/02dd326b1c4b056e9cc972486934a3a7\"},\"headline\":\"Juntos por el cambio rechaz\u00f3 el pedido que el Frente de Todos le hizo a Coopelectric para que cumpla con la quita de montos por contribuciones\",\"datePublished\":\"2021-03-11T16:13:34+00:00\",\"dateModified\":\"2021-03-11T16:16:13+00:00\",\"mainEntityOfPage\":{\"@id\":\"https:\/\/experienciadevida.com.ar\/portalurbano\/juntos-por-el-cambio-rechazo-el-pedido-que-el-frente-de-todos-le-hizo-a-coopelectric-para-que-cumpla-con-la-quita-de-montos-por-contribuciones\/\"},\"wordCount\":336,\"publisher\":{\"@id\":\"https:\/\/experienciadevida.com.ar\/portalurbano\/#organization\"},\"articleSection\":[\"Destacadas\",\"Pol\u00edtica\"],\"inLanguage\":\"es\"},{\"@type\":\"WebPage\",\"@id\":\"https:\/\/experienciadevida.com.ar\/portalurbano\/juntos-por-el-cambio-rechazo-el-pedido-que-el-frente-de-todos-le-hizo-a-coopelectric-para-que-cumpla-con-la-quita-de-montos-por-contribuciones\/\",\"url\":\"https:\/\/experienciadevida.com.ar\/portalurbano\/juntos-por-el-cambio-rechazo-el-pedido-que-el-frente-de-todos-le-hizo-a-coopelectric-para-que-cumpla-con-la-quita-de-montos-por-contribuciones\/\",\"name\":\"Juntos por el cambio rechaz\u00f3 el pedido que el FDT le hizo a coopelectric\",\"isPartOf\":{\"@id\":\"https:\/\/experienciadevida.com.ar\/portalurbano\/#website\"},\"datePublished\":\"2021-03-11T16:13:34+00:00\",\"dateModified\":\"2021-03-11T16:16:13+00:00\",\"description\":\"Juntos por el cambio rechaz\u00f3 el pedido que el Frente de Todos le hizo a Coopelectric para que cumpla con la quita de montos.\",\"breadcrumb\":{\"@id\":\"https:\/\/experienciadevida.com.ar\/portalurbano\/juntos-por-el-cambio-rechazo-el-pedido-que-el-frente-de-todos-le-hizo-a-coopelectric-para-que-cumpla-con-la-quita-de-montos-por-contribuciones\/#breadcrumb\"},\"inLanguage\":\"es\",\"potentialAction\":[{\"@type\":\"ReadAction\",\"target\":[\"https:\/\/experienciadevida.com.ar\/portalurbano\/juntos-por-el-cambio-rechazo-el-pedido-que-el-frente-de-todos-le-hizo-a-coopelectric-para-que-cumpla-con-la-quita-de-montos-por-contribuciones\/\"]}]},{\"@type\":\"BreadcrumbList\",\"@id\":\"https:\/\/experienciadevida.com.ar\/portalurbano\/juntos-por-el-cambio-rechazo-el-pedido-que-el-frente-de-todos-le-hizo-a-coopelectric-para-que-cumpla-con-la-quita-de-montos-por-contribuciones\/#breadcrumb\",\"itemListElement\":[{\"@type\":\"ListItem\",\"position\":1,\"name\":\"Portada\",\"item\":\"https:\/\/experienciadevida.com.ar\/portalurbano\/\"},{\"@type\":\"ListItem\",\"position\":2,\"name\":\"Juntos por el cambio rechaz\u00f3 el pedido que el Frente de Todos le hizo a Coopelectric para que cumpla con la quita de montos por contribuciones\"}]},{\"@type\":\"WebSite\",\"@id\":\"https:\/\/experienciadevida.com.ar\/portalurbano\/#website\",\"url\":\"https:\/\/experienciadevida.com.ar\/portalurbano\/\",\"name\":\"\",\"description\":\"\",\"publisher\":{\"@id\":\"https:\/\/experienciadevida.com.ar\/portalurbano\/#organization\"},\"potentialAction\":[{\"@type\":\"SearchAction\",\"target\":{\"@type\":\"EntryPoint\",\"urlTemplate\":\"https:\/\/experienciadevida.com.ar\/portalurbano\/?s={search_term_string}\"},\"query-input\":\"required name=search_term_string\"}],\"inLanguage\":\"es\"},{\"@type\":\"Organization\",\"@id\":\"https:\/\/experienciadevida.com.ar\/portalurbano\/#organization\",\"name\":\"Portal Urbano\",\"url\":\"https:\/\/experienciadevida.com.ar\/portalurbano\/\",\"logo\":{\"@type\":\"ImageObject\",\"inLanguage\":\"es\",\"@id\":\"https:\/\/experienciadevida.com.ar\/portalurbano\/#\/schema\/logo\/image\/\",\"url\":\"https:\/\/experienciadevida.com.ar\/portalurbano\/wp-content\/uploads\/2019\/09\/Logo-Original.png\",\"contentUrl\":\"https:\/\/experienciadevida.com.ar\/portalurbano\/wp-content\/uploads\/2019\/09\/Logo-Original.png\",\"width\":2236,\"height\":1216,\"caption\":\"Portal Urbano\"},\"image\":{\"@id\":\"https:\/\/experienciadevida.com.ar\/portalurbano\/#\/schema\/logo\/image\/\"},\"sameAs\":[\"https:\/\/www.facebook.com\/Portal-Urbano-171542830093757\/\",\"https:\/\/twitter.com\/portalurbanook\",\"https:\/\/www.instagram.com\/_portalurbano\/\",\"https:\/\/www.youtube.com\/channel\/UCXhagIfszH8KxFiOok79zbA?view_as=subscriber\"]},{\"@type\":\"Person\",\"@id\":\"https:\/\/experienciadevida.com.ar\/portalurbano\/#\/schema\/person\/02dd326b1c4b056e9cc972486934a3a7\",\"name\":\"admpu17wp\",\"image\":{\"@type\":\"ImageObject\",\"inLanguage\":\"es\",\"@id\":\"https:\/\/experienciadevida.com.ar\/portalurbano\/#\/schema\/person\/image\/\",\"url\":\"https:\/\/secure.gravatar.com\/avatar\/830d4c57adaae6630765e449a6908047?s=96&d=mm&r=g\",\"contentUrl\":\"https:\/\/secure.gravatar.com\/avatar\/830d4c57adaae6630765e449a6908047?s=96&d=mm&r=g\",\"caption\":\"admpu17wp\"}}]}<\/script>\n<!-- \/ Yoast SEO plugin. -->","yoast_head_json":{"title":"Juntos por el cambio rechaz\u00f3 el pedido que el FDT le hizo a coopelectric","description":"Juntos por el cambio rechaz\u00f3 el pedido que el Frente de Todos le hizo a Coopelectric para que cumpla con la quita de montos.","robots":{"index":"index","follow":"follow","max-snippet":"max-snippet:-1","max-image-preview":"max-image-preview:large","max-video-preview":"max-video-preview:-1"},"canonical":"https:\/\/experienciadevida.com.ar\/portalurbano\/juntos-por-el-cambio-rechazo-el-pedido-que-el-frente-de-todos-le-hizo-a-coopelectric-para-que-cumpla-con-la-quita-de-montos-por-contribuciones\/","og_locale":"es_ES","og_type":"article","og_title":"Juntos por el cambio rechaz\u00f3 el pedido que el FDT le hizo a coopelectric","og_description":"Juntos por el cambio rechaz\u00f3 el pedido que el Frente de Todos le hizo a Coopelectric para que cumpla con la quita de montos.","og_url":"https:\/\/experienciadevida.com.ar\/portalurbano\/juntos-por-el-cambio-rechazo-el-pedido-que-el-frente-de-todos-le-hizo-a-coopelectric-para-que-cumpla-con-la-quita-de-montos-por-contribuciones\/","article_publisher":"https:\/\/www.facebook.com\/Portal-Urbano-171542830093757\/","article_published_time":"2021-03-11T16:13:34+00:00","article_modified_time":"2021-03-11T16:16:13+00:00","og_image":[{"width":765,"height":344,"url":"https:\/\/experienciadevida.com.ar\/portalurbano\/wp-content\/uploads\/2021\/03\/Juntos-por-el-cambio-rechazo.jpg","type":"image\/jpeg"}],"author":"admpu17wp","twitter_card":"summary_large_image","twitter_creator":"@portalurbanook","twitter_site":"@portalurbanook","twitter_misc":{"Escrito por":"admpu17wp","Tiempo de lectura":"2 minutos"},"schema":{"@context":"https:\/\/schema.org","@graph":[{"@type":"Article","@id":"https:\/\/experienciadevida.com.ar\/portalurbano\/juntos-por-el-cambio-rechazo-el-pedido-que-el-frente-de-todos-le-hizo-a-coopelectric-para-que-cumpla-con-la-quita-de-montos-por-contribuciones\/#article","isPartOf":{"@id":"https:\/\/experienciadevida.com.ar\/portalurbano\/juntos-por-el-cambio-rechazo-el-pedido-que-el-frente-de-todos-le-hizo-a-coopelectric-para-que-cumpla-con-la-quita-de-montos-por-contribuciones\/"},"author":{"name":"admpu17wp","@id":"https:\/\/experienciadevida.com.ar\/portalurbano\/#\/schema\/person\/02dd326b1c4b056e9cc972486934a3a7"},"headline":"Juntos por el cambio rechaz\u00f3 el pedido que el Frente de Todos le hizo a Coopelectric para que cumpla con la quita de montos por contribuciones","datePublished":"2021-03-11T16:13:34+00:00","dateModified":"2021-03-11T16:16:13+00:00","mainEntityOfPage":{"@id":"https:\/\/experienciadevida.com.ar\/portalurbano\/juntos-por-el-cambio-rechazo-el-pedido-que-el-frente-de-todos-le-hizo-a-coopelectric-para-que-cumpla-con-la-quita-de-montos-por-contribuciones\/"},"wordCount":336,"publisher":{"@id":"https:\/\/experienciadevida.com.ar\/portalurbano\/#organization"},"articleSection":["Destacadas","Pol\u00edtica"],"inLanguage":"es"},{"@type":"WebPage","@id":"https:\/\/experienciadevida.com.ar\/portalurbano\/juntos-por-el-cambio-rechazo-el-pedido-que-el-frente-de-todos-le-hizo-a-coopelectric-para-que-cumpla-con-la-quita-de-montos-por-contribuciones\/","url":"https:\/\/experienciadevida.com.ar\/portalurbano\/juntos-por-el-cambio-rechazo-el-pedido-que-el-frente-de-todos-le-hizo-a-coopelectric-para-que-cumpla-con-la-quita-de-montos-por-contribuciones\/","name":"Juntos por el cambio rechaz\u00f3 el pedido que el FDT le hizo a coopelectric","isPartOf":{"@id":"https:\/\/experienciadevida.com.ar\/portalurbano\/#website"},"datePublished":"2021-03-11T16:13:34+00:00","dateModified":"2021-03-11T16:16:13+00:00","description":"Juntos por el cambio rechaz\u00f3 el pedido que el Frente de Todos le hizo a Coopelectric para que cumpla con la quita de montos.","breadcrumb":{"@id":"https:\/\/experienciadevida.com.ar\/portalurbano\/juntos-por-el-cambio-rechazo-el-pedido-que-el-frente-de-todos-le-hizo-a-coopelectric-para-que-cumpla-con-la-quita-de-montos-por-contribuciones\/#breadcrumb"},"inLanguage":"es","potentialAction":[{"@type":"ReadAction","target":["https:\/\/experienciadevida.com.ar\/portalurbano\/juntos-por-el-cambio-rechazo-el-pedido-que-el-frente-de-todos-le-hizo-a-coopelectric-para-que-cumpla-con-la-quita-de-montos-por-contribuciones\/"]}]},{"@type":"BreadcrumbList","@id":"https:\/\/experienciadevida.com.ar\/portalurbano\/juntos-por-el-cambio-rechazo-el-pedido-que-el-frente-de-todos-le-hizo-a-coopelectric-para-que-cumpla-con-la-quita-de-montos-por-contribuciones\/#breadcrumb","itemListElement":[{"@type":"ListItem","position":1,"name":"Portada","item":"https:\/\/experienciadevida.com.ar\/portalurbano\/"},{"@type":"ListItem","position":2,"name":"Juntos por el cambio rechaz\u00f3 el pedido que el Frente de Todos le hizo a Coopelectric para que cumpla con la quita de montos por contribuciones"}]},{"@type":"WebSite","@id":"https:\/\/experienciadevida.com.ar\/portalurbano\/#website","url":"https:\/\/experienciadevida.com.ar\/portalurbano\/","name":"","description":"","publisher":{"@id":"https:\/\/experienciadevida.com.ar\/portalurbano\/#organization"},"potentialAction":[{"@type":"SearchAction","target":{"@type":"EntryPoint","urlTemplate":"https:\/\/experienciadevida.com.ar\/portalurbano\/?s={search_term_string}"},"query-input":"required name=search_term_string"}],"inLanguage":"es"},{"@type":"Organization","@id":"https:\/\/experienciadevida.com.ar\/portalurbano\/#organization","name":"Portal Urbano","url":"https:\/\/experienciadevida.com.ar\/portalurbano\/","logo":{"@type":"ImageObject","inLanguage":"es","@id":"https:\/\/experienciadevida.com.ar\/portalurbano\/#\/schema\/logo\/image\/","url":"https:\/\/experienciadevida.com.ar\/portalurbano\/wp-content\/uploads\/2019\/09\/Logo-Original.png","contentUrl":"https:\/\/experienciadevida.com.ar\/portalurbano\/wp-content\/uploads\/2019\/09\/Logo-Original.png","width":2236,"height":1216,"caption":"Portal Urbano"},"image":{"@id":"https:\/\/experienciadevida.com.ar\/portalurbano\/#\/schema\/logo\/image\/"},"sameAs":["https:\/\/www.facebook.com\/Portal-Urbano-171542830093757\/","https:\/\/twitter.com\/portalurbanook","https:\/\/www.instagram.com\/_portalurbano\/","https:\/\/www.youtube.com\/channel\/UCXhagIfszH8KxFiOok79zbA?view_as=subscriber"]},{"@type":"Person","@id":"https:\/\/experienciadevida.com.ar\/portalurbano\/#\/schema\/person\/02dd326b1c4b056e9cc972486934a3a7","name":"admpu17wp","image":{"@type":"ImageObject","inLanguage":"es","@id":"https:\/\/experienciadevida.com.ar\/portalurbano\/#\/schema\/person\/image\/","url":"https:\/\/secure.gravatar.com\/avatar\/830d4c57adaae6630765e449a6908047?s=96&d=mm&r=g","contentUrl":"https:\/\/secure.gravatar.com\/avatar\/830d4c57adaae6630765e449a6908047?s=96&d=mm&r=g","caption":"admpu17wp"}}]}},"featured_image_urls":{"full":["https:\/\/experienciadevida.com.ar\/portalurbano\/wp-content\/uploads\/2021\/03\/Juntos-por-el-cambio-rechazo.jpg",765,344,false],"thumbnail":["https:\/\/experienciadevida.com.ar\/portalurbano\/wp-content\/uploads\/2021\/03\/Juntos-por-el-cambio-rechazo-150x150.jpg",150,150,true],"medium":["https:\/\/experienciadevida.com.ar\/portalurbano\/wp-content\/uploads\/2021\/03\/Juntos-por-el-cambio-rechazo-300x135.jpg",300,135,true],"medium_large":["https:\/\/experienciadevida.com.ar\/portalurbano\/wp-content\/uploads\/2021\/03\/Juntos-por-el-cambio-rechazo.jpg",640,288,false],"large":["https:\/\/experienciadevida.com.ar\/portalurbano\/wp-content\/uploads\/2021\/03\/Juntos-por-el-cambio-rechazo.jpg",640,288,false],"ug_big":["https:\/\/experienciadevida.com.ar\/portalurbano\/wp-content\/uploads\/2021\/03\/Juntos-por-el-cambio-rechazo.jpg",765,344,false],"1536x1536":["https:\/\/experienciadevida.com.ar\/portalurbano\/wp-content\/uploads\/2021\/03\/Juntos-por-el-cambio-rechazo.jpg",765,344,false],"2048x2048":["https:\/\/experienciadevida.com.ar\/portalurbano\/wp-content\/uploads\/2021\/03\/Juntos-por-el-cambio-rechazo.jpg",765,344,false],"newsever-slider-full":["https:\/\/experienciadevida.com.ar\/portalurbano\/wp-content\/uploads\/2021\/03\/Juntos-por-el-cambio-rechazo.jpg",765,344,false],"newsever-featured":["https:\/\/experienciadevida.com.ar\/portalurbano\/wp-content\/uploads\/2021\/03\/Juntos-por-el-cambio-rechazo.jpg",765,344,false],"newsever-medium":["https:\/\/experienciadevida.com.ar\/portalurbano\/wp-content\/uploads\/2021\/03\/Juntos-por-el-cambio-rechazo.jpg",720,324,false],"web-stories-poster-portrait":["https:\/\/experienciadevida.com.ar\/portalurbano\/wp-content\/uploads\/2021\/03\/Juntos-por-el-cambio-rechazo.jpg",640,288,false],"web-stories-publisher-logo":["https:\/\/experienciadevida.com.ar\/portalurbano\/wp-content\/uploads\/2021\/03\/Juntos-por-el-cambio-rechazo.jpg",96,43,false],"web-stories-thumbnail":["https:\/\/experienciadevida.com.ar\/portalurbano\/wp-content\/uploads\/2021\/03\/Juntos-por-el-cambio-rechazo.jpg",150,67,false]},"author_info":{"display_name":"admpu17wp","author_link":"https:\/\/experienciadevida.com.ar\/portalurbano\/author\/admpu17wp\/"},"category_info":"<a href=\"https:\/\/experienciadevida.com.ar\/portalurbano\/category\/destacadas\/\" rel=\"category tag\">Destacadas<\/a> <a href=\"https:\/\/experienciadevida.com.ar\/portalurbano\/category\/politica\/\" rel=\"category tag\">Pol\u00edtica<\/a>","tag_info":"Pol\u00edtica","comment_count":"0","amp_enabled":true,"_links":{"self":[{"href":"https:\/\/experienciadevida.com.ar\/portalurbano\/wp-json\/wp\/v2\/posts\/137197"}],"collection":[{"href":"https:\/\/experienciadevida.com.ar\/portalurbano\/wp-json\/wp\/v2\/posts"}],"about":[{"href":"https:\/\/experienciadevida.com.ar\/portalurbano\/wp-json\/wp\/v2\/types\/post"}],"author":[{"embeddable":true,"href":"https:\/\/experienciadevida.com.ar\/portalurbano\/wp-json\/wp\/v2\/users\/1"}],"replies":[{"embeddable":true,"href":"https:\/\/experienciadevida.com.ar\/portalurbano\/wp-json\/wp\/v2\/comments?post=137197"}],"version-history":[{"count":3,"href":"https:\/\/experienciadevida.com.ar\/portalurbano\/wp-json\/wp\/v2\/posts\/137197\/revisions"}],"predecessor-version":[{"id":137201,"href":"https:\/\/experienciadevida.com.ar\/portalurbano\/wp-json\/wp\/v2\/posts\/137197\/revisions\/137201"}],"wp:featuredmedia":[{"embeddable":true,"href":"https:\/\/experienciadevida.com.ar\/portalurbano\/wp-json\/wp\/v2\/media\/137198"}],"wp:attachment":[{"href":"https:\/\/experienciadevida.com.ar\/portalurbano\/wp-json\/wp\/v2\/media?parent=137197"}],"wp:term":[{"taxonomy":"category","embeddable":true,"href":"https:\/\/experienciadevida.com.ar\/portalurbano\/wp-json\/wp\/v2\/categories?post=137197"},{"taxonomy":"post_tag","embeddable":true,"href":"https:\/\/experienciadevida.com.ar\/portalurbano\/wp-json\/wp\/v2\/tags?post=137197"}],"curies":[{"name":"wp","href":"https:\/\/api.w.org\/{rel}","templated":true}]}}