{"id":137156,"date":"2021-03-11T11:22:47","date_gmt":"2021-03-11T14:22:47","guid":{"rendered":"https:\/\/experienciadevida.com.ar\/portalurbano\/?p=137156"},"modified":"2021-03-11T11:31:12","modified_gmt":"2021-03-11T14:31:12","slug":"yesica-salguero-me-fui-de-olavarria-por-las-amenazas-y-por-miedo","status":"publish","type":"post","link":"https:\/\/experienciadevida.com.ar\/portalurbano\/yesica-salguero-me-fui-de-olavarria-por-las-amenazas-y-por-miedo\/","title":{"rendered":"Yesica Salguero: &#8220;Me fui de Olavarr\u00eda por las amenazas y por miedo&#8221;"},"content":{"rendered":"<p><em>Yesica Salguero: &#8220;me fui de Olavarr\u00eda por las amenazas y por miedo&#8221;<\/em>. En la jornada de ayer, este medio dialog\u00f3 con la mam\u00e1 de Enzo Marconi, <a href=\"https:\/\/www.facebook.com\/yesica.salguero.1\">Yesica Salguero<\/a>, quien se tuvo que ir de nuestra ciudad tras reiteradas amenazas del acusado del homicidio del joven.<\/p>\n<p><a href=\"https:\/\/experienciadevida.com.ar\/portalurbano\/barrio-jardin-recibio-un-disparo-en-el-abdomen-y-murio\/\">El hecho ocurri\u00f3 en un monoblock del barrio Jard\u00edn el 9 de febrero del 2020, cuando recibi\u00f3 un disparo en el abdomen por parte de un chico de 19 a\u00f1os que ten\u00eda un arma de fuego.<\/a> El joven llego en estado grave al hospital luego de ser trasladado por una ambulancia hacia ese nosocomio acompa\u00f1ado de un operativo que realizo polic\u00eda local para realizar el traslado lo m\u00e1s r\u00e1pido posible dada la gravedad del caso. Una vez en el hospital a pesar de los esfuerzos de los m\u00e9dicos falleci\u00f3<\/p>\n<p>Tras varias amenazas y sentirse desprotegida Yesica se fue de Olavarr\u00eda y este medio dialog\u00f3 con ella quien expres\u00f3 <em>&#8220;ahora estamos bien y seguros que es lo importante, la tranquilidad para m\u00ed es importante, ya no se pod\u00eda vivir m\u00e1s all\u00e1, lamentablemente no tuvimos apoyo ni de la justicia ni tampoco nos brindaron seguridad para nosotros, no nos qued\u00f3 alternativa que tener que\u00a0 irnos. De Olavarr\u00eda me fui el 18 de febrero&#8221;.<\/em><\/p>\n<p><em>&#8220;Me fui antes que empezaran las clases. Lo dej\u00e9 asentado en asistencia\u00a0 a la v\u00edctima que me fui, estoy muy indignada con impotencia porque no nos protegieron en ning\u00fan momento, tenemos amenazas desde el primer d\u00eda y no hicieron nada, nos dejaron abandonados. El tema no era con mi familia era conmigo, el iba hacia d\u00f3nde yo viv\u00eda y trataba de hacerse ver donde yo viv\u00eda&#8221;.<\/em><\/p>\n<p>Por otro lado mencion\u00f3 <em>&#8220;la \u00faltima amenaza fue estando con mis hijos, mand\u00f3 a un amigo de \u00e9l a apretarme, entonces no aguant\u00e9 m\u00e1s y me tuve que ir, porque no voy a exponer m\u00e1s a mis hijos. Mi lucha va a seguir todos los meses, en fechas puntuales voy a ir a Olavarr\u00eda a hacer marchas&#8221;.<\/em><\/p>\n<p><em>&#8220;Me siento protegida donde estoy, tranquila por mis hijos, ya que no pod\u00edan ir ni a la esquina. No tuve ninguna respuesta de la justicia y sigo pidiendo la renuncia de la Fiscal, porque no nos protegieron hasta que nos tuvimos que ir.\u00a0 La vida de Enzo no les importa, para mi no era uno m\u00e1s, era mi hijo&#8221;.<\/em><\/p>\n<p>Por \u00faltimo Yesica expres\u00f3 &#8220;<em>mi hijo era todo lo contrario a la persona que lo mat\u00f3, me pregunto que pasa porque todav\u00eda est\u00e1 en libertad&#8221;.<\/em><\/p>\n<p><em>&#8220;La justicia tristemente es lenta, no s\u00e9 que est\u00e1n esperando. Di a conocer esto ahora porque dej\u00e9 pasar el tiempo, por miedo y quer\u00eda que \u00e9l creyera que segu\u00eda en Olavarr\u00eda&#8221;.<\/em><\/p>\n<p>Adem\u00e1s <em>&#8220;ojal\u00e1 que lo metan preso y que no suceda nunca m\u00e1s, quiero que haya justicia que no est\u00e9 en libertad&#8221;.<\/em><\/p>\n","protected":false},"excerpt":{"rendered":"<p>Yesica Salguero: &#8220;me fui de Olavarr\u00eda por las amenazas y por miedo&#8221;. En la jornada&#8230;<\/p>\n","protected":false},"author":1,"featured_media":117453,"comment_status":"closed","ping_status":"closed","sticky":false,"template":"","format":"standard","meta":{"content-type":""},"categories":[27,51],"tags":[],"nelio_content":{"isAutoShareEnabled":false,"autoShareEndMode":"default","automationSources":{"useContentSentences":true,"useSocialTemplates":true,"useCustomSentences":false,"customSentences":[]},"followers":[1],"suggestedReferences":[],"includedReferences":[],"efiUrl":"","efiAlt":"","highlights":[]},"yoast_head":"<!-- This site is optimized with the Yoast SEO plugin v20.7 - https:\/\/yoast.com\/wordpress\/plugins\/seo\/ -->\n<title>Yesica Salguero: &quot;Me fui de Olavarr\u00eda por las amenazas y por miedo&quot;<\/title>\n<meta name=\"description\" content=\"Yesica Salguero: &quot;me fui de Olavarr\u00eda por las amenazas y por miedo&quot;, este medio dialog\u00f3 con la mam\u00e1 del joven que fue asesinado.\" \/>\n<meta name=\"robots\" content=\"index, follow, max-snippet:-1, max-image-preview:large, max-video-preview:-1\" \/>\n<link rel=\"canonical\" href=\"https:\/\/experienciadevida.com.ar\/portalurbano\/yesica-salguero-me-fui-de-olavarria-por-las-amenazas-y-por-miedo\/\" \/>\n<meta property=\"og:locale\" content=\"es_ES\" \/>\n<meta property=\"og:type\" content=\"article\" \/>\n<meta property=\"og:title\" content=\"Yesica Salguero: &quot;Me fui de Olavarr\u00eda por las amenazas y por miedo&quot;\" \/>\n<meta property=\"og:description\" content=\"Yesica Salguero: &quot;me fui de Olavarr\u00eda por las amenazas y por miedo&quot;, este medio dialog\u00f3 con la mam\u00e1 del joven que fue asesinado.\" \/>\n<meta property=\"og:url\" content=\"https:\/\/experienciadevida.com.ar\/portalurbano\/yesica-salguero-me-fui-de-olavarria-por-las-amenazas-y-por-miedo\/\" \/>\n<meta property=\"article:publisher\" content=\"https:\/\/www.facebook.com\/Portal-Urbano-171542830093757\/\" \/>\n<meta property=\"article:published_time\" content=\"2021-03-11T14:22:47+00:00\" \/>\n<meta property=\"article:modified_time\" content=\"2021-03-11T14:31:12+00:00\" \/>\n<meta property=\"og:image\" content=\"https:\/\/experienciadevida.com.ar\/portalurbano\/wp-content\/uploads\/2020\/08\/ENZOMARCONI5.jpg\" \/>\n\t<meta property=\"og:image:width\" content=\"765\" \/>\n\t<meta property=\"og:image:height\" content=\"510\" \/>\n\t<meta property=\"og:image:type\" content=\"image\/jpeg\" \/>\n<meta name=\"author\" content=\"admpu17wp\" \/>\n<meta name=\"twitter:card\" content=\"summary_large_image\" \/>\n<meta name=\"twitter:creator\" content=\"@portalurbanook\" \/>\n<meta name=\"twitter:site\" content=\"@portalurbanook\" \/>\n<meta name=\"twitter:label1\" content=\"Escrito por\" \/>\n\t<meta name=\"twitter:data1\" content=\"admpu17wp\" \/>\n\t<meta name=\"twitter:label2\" content=\"Tiempo de lectura\" \/>\n\t<meta name=\"twitter:data2\" content=\"3 minutos\" \/>\n<script type=\"application\/ld+json\" class=\"yoast-schema-graph\">{\"@context\":\"https:\/\/schema.org\",\"@graph\":[{\"@type\":\"Article\",\"@id\":\"https:\/\/experienciadevida.com.ar\/portalurbano\/yesica-salguero-me-fui-de-olavarria-por-las-amenazas-y-por-miedo\/#article\",\"isPartOf\":{\"@id\":\"https:\/\/experienciadevida.com.ar\/portalurbano\/yesica-salguero-me-fui-de-olavarria-por-las-amenazas-y-por-miedo\/\"},\"author\":{\"name\":\"admpu17wp\",\"@id\":\"https:\/\/experienciadevida.com.ar\/portalurbano\/#\/schema\/person\/02dd326b1c4b056e9cc972486934a3a7\"},\"headline\":\"Yesica Salguero: &#8220;Me fui de Olavarr\u00eda por las amenazas y por miedo&#8221;\",\"datePublished\":\"2021-03-11T14:22:47+00:00\",\"dateModified\":\"2021-03-11T14:31:12+00:00\",\"mainEntityOfPage\":{\"@id\":\"https:\/\/experienciadevida.com.ar\/portalurbano\/yesica-salguero-me-fui-de-olavarria-por-las-amenazas-y-por-miedo\/\"},\"wordCount\":505,\"publisher\":{\"@id\":\"https:\/\/experienciadevida.com.ar\/portalurbano\/#organization\"},\"articleSection\":[\"Ciudad\",\"Destacadas\"],\"inLanguage\":\"es\"},{\"@type\":\"WebPage\",\"@id\":\"https:\/\/experienciadevida.com.ar\/portalurbano\/yesica-salguero-me-fui-de-olavarria-por-las-amenazas-y-por-miedo\/\",\"url\":\"https:\/\/experienciadevida.com.ar\/portalurbano\/yesica-salguero-me-fui-de-olavarria-por-las-amenazas-y-por-miedo\/\",\"name\":\"Yesica Salguero: \\\"Me fui de Olavarr\u00eda por las amenazas y por miedo\\\"\",\"isPartOf\":{\"@id\":\"https:\/\/experienciadevida.com.ar\/portalurbano\/#website\"},\"datePublished\":\"2021-03-11T14:22:47+00:00\",\"dateModified\":\"2021-03-11T14:31:12+00:00\",\"description\":\"Yesica Salguero: \\\"me fui de Olavarr\u00eda por las amenazas y por miedo\\\", este medio dialog\u00f3 con la mam\u00e1 del joven que fue asesinado.\",\"breadcrumb\":{\"@id\":\"https:\/\/experienciadevida.com.ar\/portalurbano\/yesica-salguero-me-fui-de-olavarria-por-las-amenazas-y-por-miedo\/#breadcrumb\"},\"inLanguage\":\"es\",\"potentialAction\":[{\"@type\":\"ReadAction\",\"target\":[\"https:\/\/experienciadevida.com.ar\/portalurbano\/yesica-salguero-me-fui-de-olavarria-por-las-amenazas-y-por-miedo\/\"]}]},{\"@type\":\"BreadcrumbList\",\"@id\":\"https:\/\/experienciadevida.com.ar\/portalurbano\/yesica-salguero-me-fui-de-olavarria-por-las-amenazas-y-por-miedo\/#breadcrumb\",\"itemListElement\":[{\"@type\":\"ListItem\",\"position\":1,\"name\":\"Portada\",\"item\":\"https:\/\/experienciadevida.com.ar\/portalurbano\/\"},{\"@type\":\"ListItem\",\"position\":2,\"name\":\"Yesica Salguero: \u00abMe fui de Olavarr\u00eda por las amenazas y por miedo\u00bb\"}]},{\"@type\":\"WebSite\",\"@id\":\"https:\/\/experienciadevida.com.ar\/portalurbano\/#website\",\"url\":\"https:\/\/experienciadevida.com.ar\/portalurbano\/\",\"name\":\"\",\"description\":\"\",\"publisher\":{\"@id\":\"https:\/\/experienciadevida.com.ar\/portalurbano\/#organization\"},\"potentialAction\":[{\"@type\":\"SearchAction\",\"target\":{\"@type\":\"EntryPoint\",\"urlTemplate\":\"https:\/\/experienciadevida.com.ar\/portalurbano\/?s={search_term_string}\"},\"query-input\":\"required name=search_term_string\"}],\"inLanguage\":\"es\"},{\"@type\":\"Organization\",\"@id\":\"https:\/\/experienciadevida.com.ar\/portalurbano\/#organization\",\"name\":\"Portal Urbano\",\"url\":\"https:\/\/experienciadevida.com.ar\/portalurbano\/\",\"logo\":{\"@type\":\"ImageObject\",\"inLanguage\":\"es\",\"@id\":\"https:\/\/experienciadevida.com.ar\/portalurbano\/#\/schema\/logo\/image\/\",\"url\":\"https:\/\/experienciadevida.com.ar\/portalurbano\/wp-content\/uploads\/2019\/09\/Logo-Original.png\",\"contentUrl\":\"https:\/\/experienciadevida.com.ar\/portalurbano\/wp-content\/uploads\/2019\/09\/Logo-Original.png\",\"width\":2236,\"height\":1216,\"caption\":\"Portal Urbano\"},\"image\":{\"@id\":\"https:\/\/experienciadevida.com.ar\/portalurbano\/#\/schema\/logo\/image\/\"},\"sameAs\":[\"https:\/\/www.facebook.com\/Portal-Urbano-171542830093757\/\",\"https:\/\/twitter.com\/portalurbanook\",\"https:\/\/www.instagram.com\/_portalurbano\/\",\"https:\/\/www.youtube.com\/channel\/UCXhagIfszH8KxFiOok79zbA?view_as=subscriber\"]},{\"@type\":\"Person\",\"@id\":\"https:\/\/experienciadevida.com.ar\/portalurbano\/#\/schema\/person\/02dd326b1c4b056e9cc972486934a3a7\",\"name\":\"admpu17wp\",\"image\":{\"@type\":\"ImageObject\",\"inLanguage\":\"es\",\"@id\":\"https:\/\/experienciadevida.com.ar\/portalurbano\/#\/schema\/person\/image\/\",\"url\":\"https:\/\/secure.gravatar.com\/avatar\/830d4c57adaae6630765e449a6908047?s=96&d=mm&r=g\",\"contentUrl\":\"https:\/\/secure.gravatar.com\/avatar\/830d4c57adaae6630765e449a6908047?s=96&d=mm&r=g\",\"caption\":\"admpu17wp\"}}]}<\/script>\n<!-- \/ Yoast SEO plugin. -->","yoast_head_json":{"title":"Yesica Salguero: \"Me fui de Olavarr\u00eda por las amenazas y por miedo\"","description":"Yesica Salguero: \"me fui de Olavarr\u00eda por las amenazas y por miedo\", este medio dialog\u00f3 con la mam\u00e1 del joven que fue asesinado.","robots":{"index":"index","follow":"follow","max-snippet":"max-snippet:-1","max-image-preview":"max-image-preview:large","max-video-preview":"max-video-preview:-1"},"canonical":"https:\/\/experienciadevida.com.ar\/portalurbano\/yesica-salguero-me-fui-de-olavarria-por-las-amenazas-y-por-miedo\/","og_locale":"es_ES","og_type":"article","og_title":"Yesica Salguero: \"Me fui de Olavarr\u00eda por las amenazas y por miedo\"","og_description":"Yesica Salguero: \"me fui de Olavarr\u00eda por las amenazas y por miedo\", este medio dialog\u00f3 con la mam\u00e1 del joven que fue asesinado.","og_url":"https:\/\/experienciadevida.com.ar\/portalurbano\/yesica-salguero-me-fui-de-olavarria-por-las-amenazas-y-por-miedo\/","article_publisher":"https:\/\/www.facebook.com\/Portal-Urbano-171542830093757\/","article_published_time":"2021-03-11T14:22:47+00:00","article_modified_time":"2021-03-11T14:31:12+00:00","og_image":[{"width":765,"height":510,"url":"https:\/\/experienciadevida.com.ar\/portalurbano\/wp-content\/uploads\/2020\/08\/ENZOMARCONI5.jpg","type":"image\/jpeg"}],"author":"admpu17wp","twitter_card":"summary_large_image","twitter_creator":"@portalurbanook","twitter_site":"@portalurbanook","twitter_misc":{"Escrito por":"admpu17wp","Tiempo de lectura":"3 minutos"},"schema":{"@context":"https:\/\/schema.org","@graph":[{"@type":"Article","@id":"https:\/\/experienciadevida.com.ar\/portalurbano\/yesica-salguero-me-fui-de-olavarria-por-las-amenazas-y-por-miedo\/#article","isPartOf":{"@id":"https:\/\/experienciadevida.com.ar\/portalurbano\/yesica-salguero-me-fui-de-olavarria-por-las-amenazas-y-por-miedo\/"},"author":{"name":"admpu17wp","@id":"https:\/\/experienciadevida.com.ar\/portalurbano\/#\/schema\/person\/02dd326b1c4b056e9cc972486934a3a7"},"headline":"Yesica Salguero: &#8220;Me fui de Olavarr\u00eda por las amenazas y por miedo&#8221;","datePublished":"2021-03-11T14:22:47+00:00","dateModified":"2021-03-11T14:31:12+00:00","mainEntityOfPage":{"@id":"https:\/\/experienciadevida.com.ar\/portalurbano\/yesica-salguero-me-fui-de-olavarria-por-las-amenazas-y-por-miedo\/"},"wordCount":505,"publisher":{"@id":"https:\/\/experienciadevida.com.ar\/portalurbano\/#organization"},"articleSection":["Ciudad","Destacadas"],"inLanguage":"es"},{"@type":"WebPage","@id":"https:\/\/experienciadevida.com.ar\/portalurbano\/yesica-salguero-me-fui-de-olavarria-por-las-amenazas-y-por-miedo\/","url":"https:\/\/experienciadevida.com.ar\/portalurbano\/yesica-salguero-me-fui-de-olavarria-por-las-amenazas-y-por-miedo\/","name":"Yesica Salguero: \"Me fui de Olavarr\u00eda por las amenazas y por miedo\"","isPartOf":{"@id":"https:\/\/experienciadevida.com.ar\/portalurbano\/#website"},"datePublished":"2021-03-11T14:22:47+00:00","dateModified":"2021-03-11T14:31:12+00:00","description":"Yesica Salguero: \"me fui de Olavarr\u00eda por las amenazas y por miedo\", este medio dialog\u00f3 con la mam\u00e1 del joven que fue asesinado.","breadcrumb":{"@id":"https:\/\/experienciadevida.com.ar\/portalurbano\/yesica-salguero-me-fui-de-olavarria-por-las-amenazas-y-por-miedo\/#breadcrumb"},"inLanguage":"es","potentialAction":[{"@type":"ReadAction","target":["https:\/\/experienciadevida.com.ar\/portalurbano\/yesica-salguero-me-fui-de-olavarria-por-las-amenazas-y-por-miedo\/"]}]},{"@type":"BreadcrumbList","@id":"https:\/\/experienciadevida.com.ar\/portalurbano\/yesica-salguero-me-fui-de-olavarria-por-las-amenazas-y-por-miedo\/#breadcrumb","itemListElement":[{"@type":"ListItem","position":1,"name":"Portada","item":"https:\/\/experienciadevida.com.ar\/portalurbano\/"},{"@type":"ListItem","position":2,"name":"Yesica Salguero: \u00abMe fui de Olavarr\u00eda por las amenazas y por miedo\u00bb"}]},{"@type":"WebSite","@id":"https:\/\/experienciadevida.com.ar\/portalurbano\/#website","url":"https:\/\/experienciadevida.com.ar\/portalurbano\/","name":"","description":"","publisher":{"@id":"https:\/\/experienciadevida.com.ar\/portalurbano\/#organization"},"potentialAction":[{"@type":"SearchAction","target":{"@type":"EntryPoint","urlTemplate":"https:\/\/experienciadevida.com.ar\/portalurbano\/?s={search_term_string}"},"query-input":"required name=search_term_string"}],"inLanguage":"es"},{"@type":"Organization","@id":"https:\/\/experienciadevida.com.ar\/portalurbano\/#organization","name":"Portal Urbano","url":"https:\/\/experienciadevida.com.ar\/portalurbano\/","logo":{"@type":"ImageObject","inLanguage":"es","@id":"https:\/\/experienciadevida.com.ar\/portalurbano\/#\/schema\/logo\/image\/","url":"https:\/\/experienciadevida.com.ar\/portalurbano\/wp-content\/uploads\/2019\/09\/Logo-Original.png","contentUrl":"https:\/\/experienciadevida.com.ar\/portalurbano\/wp-content\/uploads\/2019\/09\/Logo-Original.png","width":2236,"height":1216,"caption":"Portal Urbano"},"image":{"@id":"https:\/\/experienciadevida.com.ar\/portalurbano\/#\/schema\/logo\/image\/"},"sameAs":["https:\/\/www.facebook.com\/Portal-Urbano-171542830093757\/","https:\/\/twitter.com\/portalurbanook","https:\/\/www.instagram.com\/_portalurbano\/","https:\/\/www.youtube.com\/channel\/UCXhagIfszH8KxFiOok79zbA?view_as=subscriber"]},{"@type":"Person","@id":"https:\/\/experienciadevida.com.ar\/portalurbano\/#\/schema\/person\/02dd326b1c4b056e9cc972486934a3a7","name":"admpu17wp","image":{"@type":"ImageObject","inLanguage":"es","@id":"https:\/\/experienciadevida.com.ar\/portalurbano\/#\/schema\/person\/image\/","url":"https:\/\/secure.gravatar.com\/avatar\/830d4c57adaae6630765e449a6908047?s=96&d=mm&r=g","contentUrl":"https:\/\/secure.gravatar.com\/avatar\/830d4c57adaae6630765e449a6908047?s=96&d=mm&r=g","caption":"admpu17wp"}}]}},"featured_image_urls":{"full":["https:\/\/experienciadevida.com.ar\/portalurbano\/wp-content\/uploads\/2020\/08\/ENZOMARCONI5.jpg",765,510,false],"thumbnail":["https:\/\/experienciadevida.com.ar\/portalurbano\/wp-content\/uploads\/2020\/08\/ENZOMARCONI5-150x150.jpg",150,150,true],"medium":["https:\/\/experienciadevida.com.ar\/portalurbano\/wp-content\/uploads\/2020\/08\/ENZOMARCONI5-300x200.jpg",300,200,true],"medium_large":["https:\/\/experienciadevida.com.ar\/portalurbano\/wp-content\/uploads\/2020\/08\/ENZOMARCONI5.jpg",640,427,false],"large":["https:\/\/experienciadevida.com.ar\/portalurbano\/wp-content\/uploads\/2020\/08\/ENZOMARCONI5.jpg",640,427,false],"ug_big":["https:\/\/experienciadevida.com.ar\/portalurbano\/wp-content\/uploads\/2020\/08\/ENZOMARCONI5.jpg",765,510,false],"1536x1536":["https:\/\/experienciadevida.com.ar\/portalurbano\/wp-content\/uploads\/2020\/08\/ENZOMARCONI5.jpg",765,510,false],"2048x2048":["https:\/\/experienciadevida.com.ar\/portalurbano\/wp-content\/uploads\/2020\/08\/ENZOMARCONI5.jpg",765,510,false],"newsever-slider-full":["https:\/\/experienciadevida.com.ar\/portalurbano\/wp-content\/uploads\/2020\/08\/ENZOMARCONI5.jpg",765,510,false],"newsever-featured":["https:\/\/experienciadevida.com.ar\/portalurbano\/wp-content\/uploads\/2020\/08\/ENZOMARCONI5.jpg",765,510,false],"newsever-medium":["https:\/\/experienciadevida.com.ar\/portalurbano\/wp-content\/uploads\/2020\/08\/ENZOMARCONI5.jpg",713,475,false],"web-stories-poster-portrait":["https:\/\/experienciadevida.com.ar\/portalurbano\/wp-content\/uploads\/2020\/08\/ENZOMARCONI5.jpg",640,427,false],"web-stories-publisher-logo":["https:\/\/experienciadevida.com.ar\/portalurbano\/wp-content\/uploads\/2020\/08\/ENZOMARCONI5.jpg",96,64,false],"web-stories-thumbnail":["https:\/\/experienciadevida.com.ar\/portalurbano\/wp-content\/uploads\/2020\/08\/ENZOMARCONI5.jpg",150,100,false]},"author_info":{"display_name":"admpu17wp","author_link":"https:\/\/experienciadevida.com.ar\/portalurbano\/author\/admpu17wp\/"},"category_info":"<a href=\"https:\/\/experienciadevida.com.ar\/portalurbano\/category\/ciudad\/\" rel=\"category tag\">Ciudad<\/a> <a href=\"https:\/\/experienciadevida.com.ar\/portalurbano\/category\/destacadas\/\" rel=\"category tag\">Destacadas<\/a>","tag_info":"Destacadas","comment_count":"0","amp_enabled":true,"_links":{"self":[{"href":"https:\/\/experienciadevida.com.ar\/portalurbano\/wp-json\/wp\/v2\/posts\/137156"}],"collection":[{"href":"https:\/\/experienciadevida.com.ar\/portalurbano\/wp-json\/wp\/v2\/posts"}],"about":[{"href":"https:\/\/experienciadevida.com.ar\/portalurbano\/wp-json\/wp\/v2\/types\/post"}],"author":[{"embeddable":true,"href":"https:\/\/experienciadevida.com.ar\/portalurbano\/wp-json\/wp\/v2\/users\/1"}],"replies":[{"embeddable":true,"href":"https:\/\/experienciadevida.com.ar\/portalurbano\/wp-json\/wp\/v2\/comments?post=137156"}],"version-history":[{"count":5,"href":"https:\/\/experienciadevida.com.ar\/portalurbano\/wp-json\/wp\/v2\/posts\/137156\/revisions"}],"predecessor-version":[{"id":137158,"href":"https:\/\/experienciadevida.com.ar\/portalurbano\/wp-json\/wp\/v2\/posts\/137156\/revisions\/137158"}],"wp:featuredmedia":[{"embeddable":true,"href":"https:\/\/experienciadevida.com.ar\/portalurbano\/wp-json\/wp\/v2\/media\/117453"}],"wp:attachment":[{"href":"https:\/\/experienciadevida.com.ar\/portalurbano\/wp-json\/wp\/v2\/media?parent=137156"}],"wp:term":[{"taxonomy":"category","embeddable":true,"href":"https:\/\/experienciadevida.com.ar\/portalurbano\/wp-json\/wp\/v2\/categories?post=137156"},{"taxonomy":"post_tag","embeddable":true,"href":"https:\/\/experienciadevida.com.ar\/portalurbano\/wp-json\/wp\/v2\/tags?post=137156"}],"curies":[{"name":"wp","href":"https:\/\/api.w.org\/{rel}","templated":true}]}}