{"id":137131,"date":"2021-03-10T19:46:54","date_gmt":"2021-03-10T22:46:54","guid":{"rendered":"https:\/\/experienciadevida.com.ar\/portalurbano\/?p=137131"},"modified":"2021-03-10T19:49:11","modified_gmt":"2021-03-10T22:49:11","slug":"la-union-industrial-olavarria-presento-el-departamento-de-tecnologia-y-modernizacion","status":"publish","type":"post","link":"https:\/\/experienciadevida.com.ar\/portalurbano\/la-union-industrial-olavarria-presento-el-departamento-de-tecnologia-y-modernizacion\/","title":{"rendered":"La Uni\u00f3n Industrial Olavarr\u00eda present\u00f3 el Departamento de Tecnolog\u00eda y Modernizaci\u00f3n"},"content":{"rendered":"<p>La Uni\u00f3n Industrial Olavarr\u00eda present\u00f3 el Departamento de Tecnolog\u00eda y Modernizaci\u00f3n. El objetivo de este espacio es profundizar en conceptos, soluciones, nuevas tecnolog\u00edas, y asesor\u00edas en general para las empresas asociadas a la UIO.<\/p>\n<p>El mismo estar\u00e1 a cargo de Mario Giacomaso quien afirm\u00f3 que \u201ces un orgullo que la industria del conocimiento haya sido invitada por la Uni\u00f3n Industrial, ya que es totalmente nueva pero est\u00e1 en crecimiento .<\/p>\n<p>La uni\u00f3n industrial Olavarr\u00eda present\u00f3 el departamento de tecnolog\u00eda y modernizaci\u00f3n, queremos hablar de transformaci\u00f3n digital, de modernizaci\u00f3n, de la inteligencia artificial aplicada en las organizaciones en una ciudad tan industrializada como Olavarr\u00eda, de firmas electr\u00f3nicas, contratos inteligentes. Hoy la tecnolog\u00eda de vanguardia es para todos y la ciudad est\u00e1 en condiciones de generarla\u201d<\/p>\n<p>Por otro lado Cesar Longo Presidente de la UIO asegur\u00f3 que \u201ces muy importante saber que esto es algo que no solamente puede hacer Google, sino que est\u00e1 al alcance de la mano y va a generar mano de obra calificada a trav\u00e9s de un convenio que se firm\u00f3 para que venga una carrera terciaria de sistemas\u201d<\/p>\n<p>De esta manera la Tecnicatura Universitaria de Desarrollo y Aplicaci\u00f3n Inform\u00e1tica es un impulso gigante para esta Industria, en la cual se anotaron m\u00e1s de 140 personas, la primera vez que Exactas viene a la ciudad.<\/p>\n<p>Por \u00faltimo Sergio Corso, Secretario de la UIO declar\u00f3 que \u201cInsistimos en cuestiones que tengan que ver con propuestas de valor y la econom\u00eda del conocimiento es el estado del arte de esto. Es un orgullo y tenemos muchas expectativas de que esta iniciativa crezca y se desarrolle gracias al potencial que hay en Olavarr\u00eda\u201d<\/p>\n","protected":false},"excerpt":{"rendered":"<p>La Uni\u00f3n Industrial Olavarr\u00eda present\u00f3 el Departamento de Tecnolog\u00eda y Modernizaci\u00f3n. El objetivo de este&#8230;<\/p>\n","protected":false},"author":1,"featured_media":137132,"comment_status":"closed","ping_status":"closed","sticky":false,"template":"","format":"standard","meta":{"content-type":""},"categories":[27,51],"tags":[],"nelio_content":{"isAutoShareEnabled":false,"autoShareEndMode":"default","automationSources":{"useContentSentences":true,"useSocialTemplates":true,"useCustomSentences":false,"customSentences":[]},"followers":[1],"suggestedReferences":[],"includedReferences":[],"efiUrl":"","efiAlt":"","highlights":[]},"yoast_head":"<!-- This site is optimized with the Yoast SEO plugin v20.7 - https:\/\/yoast.com\/wordpress\/plugins\/seo\/ -->\n<title>La uni\u00f3n industrial Olavarr\u00eda present\u00f3 el departamento de tecnolog\u00eda<\/title>\n<meta name=\"description\" content=\"La Uni\u00f3n Industrial Olavarr\u00eda present\u00f3 el Departamento de Tecnolog\u00eda y Modernizaci\u00f3n, el objetivo es profundizar conceptos y soluciones.\" \/>\n<meta name=\"robots\" content=\"index, follow, max-snippet:-1, max-image-preview:large, max-video-preview:-1\" \/>\n<link rel=\"canonical\" href=\"https:\/\/experienciadevida.com.ar\/portalurbano\/la-union-industrial-olavarria-presento-el-departamento-de-tecnologia-y-modernizacion\/\" \/>\n<meta property=\"og:locale\" content=\"es_ES\" \/>\n<meta property=\"og:type\" content=\"article\" \/>\n<meta property=\"og:title\" content=\"La uni\u00f3n industrial Olavarr\u00eda present\u00f3 el departamento de tecnolog\u00eda\" \/>\n<meta property=\"og:description\" content=\"La Uni\u00f3n Industrial Olavarr\u00eda present\u00f3 el Departamento de Tecnolog\u00eda y Modernizaci\u00f3n, el objetivo es profundizar conceptos y soluciones.\" \/>\n<meta property=\"og:url\" content=\"https:\/\/experienciadevida.com.ar\/portalurbano\/la-union-industrial-olavarria-presento-el-departamento-de-tecnologia-y-modernizacion\/\" \/>\n<meta property=\"article:publisher\" content=\"https:\/\/www.facebook.com\/Portal-Urbano-171542830093757\/\" \/>\n<meta property=\"article:published_time\" content=\"2021-03-10T22:46:54+00:00\" \/>\n<meta property=\"article:modified_time\" content=\"2021-03-10T22:49:11+00:00\" \/>\n<meta property=\"og:image\" content=\"https:\/\/experienciadevida.com.ar\/portalurbano\/wp-content\/uploads\/2021\/03\/La-Union-Industrial-Olavarria.jpg\" \/>\n\t<meta property=\"og:image:width\" content=\"1280\" \/>\n\t<meta property=\"og:image:height\" content=\"958\" \/>\n\t<meta property=\"og:image:type\" content=\"image\/jpeg\" \/>\n<meta name=\"author\" content=\"admpu17wp\" \/>\n<meta name=\"twitter:card\" content=\"summary_large_image\" \/>\n<meta name=\"twitter:creator\" content=\"@portalurbanook\" \/>\n<meta name=\"twitter:site\" content=\"@portalurbanook\" \/>\n<meta name=\"twitter:label1\" content=\"Escrito por\" \/>\n\t<meta name=\"twitter:data1\" content=\"admpu17wp\" \/>\n\t<meta name=\"twitter:label2\" content=\"Tiempo de lectura\" \/>\n\t<meta name=\"twitter:data2\" content=\"2 minutos\" \/>\n<script type=\"application\/ld+json\" class=\"yoast-schema-graph\">{\"@context\":\"https:\/\/schema.org\",\"@graph\":[{\"@type\":\"Article\",\"@id\":\"https:\/\/experienciadevida.com.ar\/portalurbano\/la-union-industrial-olavarria-presento-el-departamento-de-tecnologia-y-modernizacion\/#article\",\"isPartOf\":{\"@id\":\"https:\/\/experienciadevida.com.ar\/portalurbano\/la-union-industrial-olavarria-presento-el-departamento-de-tecnologia-y-modernizacion\/\"},\"author\":{\"name\":\"admpu17wp\",\"@id\":\"https:\/\/experienciadevida.com.ar\/portalurbano\/#\/schema\/person\/02dd326b1c4b056e9cc972486934a3a7\"},\"headline\":\"La Uni\u00f3n Industrial Olavarr\u00eda present\u00f3 el Departamento de Tecnolog\u00eda y Modernizaci\u00f3n\",\"datePublished\":\"2021-03-10T22:46:54+00:00\",\"dateModified\":\"2021-03-10T22:49:11+00:00\",\"mainEntityOfPage\":{\"@id\":\"https:\/\/experienciadevida.com.ar\/portalurbano\/la-union-industrial-olavarria-presento-el-departamento-de-tecnologia-y-modernizacion\/\"},\"wordCount\":307,\"publisher\":{\"@id\":\"https:\/\/experienciadevida.com.ar\/portalurbano\/#organization\"},\"articleSection\":[\"Ciudad\",\"Destacadas\"],\"inLanguage\":\"es\"},{\"@type\":\"WebPage\",\"@id\":\"https:\/\/experienciadevida.com.ar\/portalurbano\/la-union-industrial-olavarria-presento-el-departamento-de-tecnologia-y-modernizacion\/\",\"url\":\"https:\/\/experienciadevida.com.ar\/portalurbano\/la-union-industrial-olavarria-presento-el-departamento-de-tecnologia-y-modernizacion\/\",\"name\":\"La uni\u00f3n industrial Olavarr\u00eda present\u00f3 el departamento de tecnolog\u00eda\",\"isPartOf\":{\"@id\":\"https:\/\/experienciadevida.com.ar\/portalurbano\/#website\"},\"datePublished\":\"2021-03-10T22:46:54+00:00\",\"dateModified\":\"2021-03-10T22:49:11+00:00\",\"description\":\"La Uni\u00f3n Industrial Olavarr\u00eda present\u00f3 el Departamento de Tecnolog\u00eda y Modernizaci\u00f3n, el objetivo es profundizar conceptos y soluciones.\",\"breadcrumb\":{\"@id\":\"https:\/\/experienciadevida.com.ar\/portalurbano\/la-union-industrial-olavarria-presento-el-departamento-de-tecnologia-y-modernizacion\/#breadcrumb\"},\"inLanguage\":\"es\",\"potentialAction\":[{\"@type\":\"ReadAction\",\"target\":[\"https:\/\/experienciadevida.com.ar\/portalurbano\/la-union-industrial-olavarria-presento-el-departamento-de-tecnologia-y-modernizacion\/\"]}]},{\"@type\":\"BreadcrumbList\",\"@id\":\"https:\/\/experienciadevida.com.ar\/portalurbano\/la-union-industrial-olavarria-presento-el-departamento-de-tecnologia-y-modernizacion\/#breadcrumb\",\"itemListElement\":[{\"@type\":\"ListItem\",\"position\":1,\"name\":\"Portada\",\"item\":\"https:\/\/experienciadevida.com.ar\/portalurbano\/\"},{\"@type\":\"ListItem\",\"position\":2,\"name\":\"La Uni\u00f3n Industrial Olavarr\u00eda present\u00f3 el Departamento de Tecnolog\u00eda y Modernizaci\u00f3n\"}]},{\"@type\":\"WebSite\",\"@id\":\"https:\/\/experienciadevida.com.ar\/portalurbano\/#website\",\"url\":\"https:\/\/experienciadevida.com.ar\/portalurbano\/\",\"name\":\"\",\"description\":\"\",\"publisher\":{\"@id\":\"https:\/\/experienciadevida.com.ar\/portalurbano\/#organization\"},\"potentialAction\":[{\"@type\":\"SearchAction\",\"target\":{\"@type\":\"EntryPoint\",\"urlTemplate\":\"https:\/\/experienciadevida.com.ar\/portalurbano\/?s={search_term_string}\"},\"query-input\":\"required name=search_term_string\"}],\"inLanguage\":\"es\"},{\"@type\":\"Organization\",\"@id\":\"https:\/\/experienciadevida.com.ar\/portalurbano\/#organization\",\"name\":\"Portal Urbano\",\"url\":\"https:\/\/experienciadevida.com.ar\/portalurbano\/\",\"logo\":{\"@type\":\"ImageObject\",\"inLanguage\":\"es\",\"@id\":\"https:\/\/experienciadevida.com.ar\/portalurbano\/#\/schema\/logo\/image\/\",\"url\":\"https:\/\/experienciadevida.com.ar\/portalurbano\/wp-content\/uploads\/2019\/09\/Logo-Original.png\",\"contentUrl\":\"https:\/\/experienciadevida.com.ar\/portalurbano\/wp-content\/uploads\/2019\/09\/Logo-Original.png\",\"width\":2236,\"height\":1216,\"caption\":\"Portal Urbano\"},\"image\":{\"@id\":\"https:\/\/experienciadevida.com.ar\/portalurbano\/#\/schema\/logo\/image\/\"},\"sameAs\":[\"https:\/\/www.facebook.com\/Portal-Urbano-171542830093757\/\",\"https:\/\/twitter.com\/portalurbanook\",\"https:\/\/www.instagram.com\/_portalurbano\/\",\"https:\/\/www.youtube.com\/channel\/UCXhagIfszH8KxFiOok79zbA?view_as=subscriber\"]},{\"@type\":\"Person\",\"@id\":\"https:\/\/experienciadevida.com.ar\/portalurbano\/#\/schema\/person\/02dd326b1c4b056e9cc972486934a3a7\",\"name\":\"admpu17wp\",\"image\":{\"@type\":\"ImageObject\",\"inLanguage\":\"es\",\"@id\":\"https:\/\/experienciadevida.com.ar\/portalurbano\/#\/schema\/person\/image\/\",\"url\":\"https:\/\/secure.gravatar.com\/avatar\/830d4c57adaae6630765e449a6908047?s=96&d=mm&r=g\",\"contentUrl\":\"https:\/\/secure.gravatar.com\/avatar\/830d4c57adaae6630765e449a6908047?s=96&d=mm&r=g\",\"caption\":\"admpu17wp\"}}]}<\/script>\n<!-- \/ Yoast SEO plugin. -->","yoast_head_json":{"title":"La uni\u00f3n industrial Olavarr\u00eda present\u00f3 el departamento de tecnolog\u00eda","description":"La Uni\u00f3n Industrial Olavarr\u00eda present\u00f3 el Departamento de Tecnolog\u00eda y Modernizaci\u00f3n, el objetivo es profundizar conceptos y soluciones.","robots":{"index":"index","follow":"follow","max-snippet":"max-snippet:-1","max-image-preview":"max-image-preview:large","max-video-preview":"max-video-preview:-1"},"canonical":"https:\/\/experienciadevida.com.ar\/portalurbano\/la-union-industrial-olavarria-presento-el-departamento-de-tecnologia-y-modernizacion\/","og_locale":"es_ES","og_type":"article","og_title":"La uni\u00f3n industrial Olavarr\u00eda present\u00f3 el departamento de tecnolog\u00eda","og_description":"La Uni\u00f3n Industrial Olavarr\u00eda present\u00f3 el Departamento de Tecnolog\u00eda y Modernizaci\u00f3n, el objetivo es profundizar conceptos y soluciones.","og_url":"https:\/\/experienciadevida.com.ar\/portalurbano\/la-union-industrial-olavarria-presento-el-departamento-de-tecnologia-y-modernizacion\/","article_publisher":"https:\/\/www.facebook.com\/Portal-Urbano-171542830093757\/","article_published_time":"2021-03-10T22:46:54+00:00","article_modified_time":"2021-03-10T22:49:11+00:00","og_image":[{"width":1280,"height":958,"url":"https:\/\/experienciadevida.com.ar\/portalurbano\/wp-content\/uploads\/2021\/03\/La-Union-Industrial-Olavarria.jpg","type":"image\/jpeg"}],"author":"admpu17wp","twitter_card":"summary_large_image","twitter_creator":"@portalurbanook","twitter_site":"@portalurbanook","twitter_misc":{"Escrito por":"admpu17wp","Tiempo de lectura":"2 minutos"},"schema":{"@context":"https:\/\/schema.org","@graph":[{"@type":"Article","@id":"https:\/\/experienciadevida.com.ar\/portalurbano\/la-union-industrial-olavarria-presento-el-departamento-de-tecnologia-y-modernizacion\/#article","isPartOf":{"@id":"https:\/\/experienciadevida.com.ar\/portalurbano\/la-union-industrial-olavarria-presento-el-departamento-de-tecnologia-y-modernizacion\/"},"author":{"name":"admpu17wp","@id":"https:\/\/experienciadevida.com.ar\/portalurbano\/#\/schema\/person\/02dd326b1c4b056e9cc972486934a3a7"},"headline":"La Uni\u00f3n Industrial Olavarr\u00eda present\u00f3 el Departamento de Tecnolog\u00eda y Modernizaci\u00f3n","datePublished":"2021-03-10T22:46:54+00:00","dateModified":"2021-03-10T22:49:11+00:00","mainEntityOfPage":{"@id":"https:\/\/experienciadevida.com.ar\/portalurbano\/la-union-industrial-olavarria-presento-el-departamento-de-tecnologia-y-modernizacion\/"},"wordCount":307,"publisher":{"@id":"https:\/\/experienciadevida.com.ar\/portalurbano\/#organization"},"articleSection":["Ciudad","Destacadas"],"inLanguage":"es"},{"@type":"WebPage","@id":"https:\/\/experienciadevida.com.ar\/portalurbano\/la-union-industrial-olavarria-presento-el-departamento-de-tecnologia-y-modernizacion\/","url":"https:\/\/experienciadevida.com.ar\/portalurbano\/la-union-industrial-olavarria-presento-el-departamento-de-tecnologia-y-modernizacion\/","name":"La uni\u00f3n industrial Olavarr\u00eda present\u00f3 el departamento de tecnolog\u00eda","isPartOf":{"@id":"https:\/\/experienciadevida.com.ar\/portalurbano\/#website"},"datePublished":"2021-03-10T22:46:54+00:00","dateModified":"2021-03-10T22:49:11+00:00","description":"La Uni\u00f3n Industrial Olavarr\u00eda present\u00f3 el Departamento de Tecnolog\u00eda y Modernizaci\u00f3n, el objetivo es profundizar conceptos y soluciones.","breadcrumb":{"@id":"https:\/\/experienciadevida.com.ar\/portalurbano\/la-union-industrial-olavarria-presento-el-departamento-de-tecnologia-y-modernizacion\/#breadcrumb"},"inLanguage":"es","potentialAction":[{"@type":"ReadAction","target":["https:\/\/experienciadevida.com.ar\/portalurbano\/la-union-industrial-olavarria-presento-el-departamento-de-tecnologia-y-modernizacion\/"]}]},{"@type":"BreadcrumbList","@id":"https:\/\/experienciadevida.com.ar\/portalurbano\/la-union-industrial-olavarria-presento-el-departamento-de-tecnologia-y-modernizacion\/#breadcrumb","itemListElement":[{"@type":"ListItem","position":1,"name":"Portada","item":"https:\/\/experienciadevida.com.ar\/portalurbano\/"},{"@type":"ListItem","position":2,"name":"La Uni\u00f3n Industrial Olavarr\u00eda present\u00f3 el Departamento de Tecnolog\u00eda y Modernizaci\u00f3n"}]},{"@type":"WebSite","@id":"https:\/\/experienciadevida.com.ar\/portalurbano\/#website","url":"https:\/\/experienciadevida.com.ar\/portalurbano\/","name":"","description":"","publisher":{"@id":"https:\/\/experienciadevida.com.ar\/portalurbano\/#organization"},"potentialAction":[{"@type":"SearchAction","target":{"@type":"EntryPoint","urlTemplate":"https:\/\/experienciadevida.com.ar\/portalurbano\/?s={search_term_string}"},"query-input":"required name=search_term_string"}],"inLanguage":"es"},{"@type":"Organization","@id":"https:\/\/experienciadevida.com.ar\/portalurbano\/#organization","name":"Portal Urbano","url":"https:\/\/experienciadevida.com.ar\/portalurbano\/","logo":{"@type":"ImageObject","inLanguage":"es","@id":"https:\/\/experienciadevida.com.ar\/portalurbano\/#\/schema\/logo\/image\/","url":"https:\/\/experienciadevida.com.ar\/portalurbano\/wp-content\/uploads\/2019\/09\/Logo-Original.png","contentUrl":"https:\/\/experienciadevida.com.ar\/portalurbano\/wp-content\/uploads\/2019\/09\/Logo-Original.png","width":2236,"height":1216,"caption":"Portal Urbano"},"image":{"@id":"https:\/\/experienciadevida.com.ar\/portalurbano\/#\/schema\/logo\/image\/"},"sameAs":["https:\/\/www.facebook.com\/Portal-Urbano-171542830093757\/","https:\/\/twitter.com\/portalurbanook","https:\/\/www.instagram.com\/_portalurbano\/","https:\/\/www.youtube.com\/channel\/UCXhagIfszH8KxFiOok79zbA?view_as=subscriber"]},{"@type":"Person","@id":"https:\/\/experienciadevida.com.ar\/portalurbano\/#\/schema\/person\/02dd326b1c4b056e9cc972486934a3a7","name":"admpu17wp","image":{"@type":"ImageObject","inLanguage":"es","@id":"https:\/\/experienciadevida.com.ar\/portalurbano\/#\/schema\/person\/image\/","url":"https:\/\/secure.gravatar.com\/avatar\/830d4c57adaae6630765e449a6908047?s=96&d=mm&r=g","contentUrl":"https:\/\/secure.gravatar.com\/avatar\/830d4c57adaae6630765e449a6908047?s=96&d=mm&r=g","caption":"admpu17wp"}}]}},"featured_image_urls":{"full":["https:\/\/experienciadevida.com.ar\/portalurbano\/wp-content\/uploads\/2021\/03\/La-Union-Industrial-Olavarria.jpg",1280,958,false],"thumbnail":["https:\/\/experienciadevida.com.ar\/portalurbano\/wp-content\/uploads\/2021\/03\/La-Union-Industrial-Olavarria-150x150.jpg",150,150,true],"medium":["https:\/\/experienciadevida.com.ar\/portalurbano\/wp-content\/uploads\/2021\/03\/La-Union-Industrial-Olavarria-300x225.jpg",300,225,true],"medium_large":["https:\/\/experienciadevida.com.ar\/portalurbano\/wp-content\/uploads\/2021\/03\/La-Union-Industrial-Olavarria-768x575.jpg",640,479,true],"large":["https:\/\/experienciadevida.com.ar\/portalurbano\/wp-content\/uploads\/2021\/03\/La-Union-Industrial-Olavarria-1024x766.jpg",640,479,true],"ug_big":["https:\/\/experienciadevida.com.ar\/portalurbano\/wp-content\/uploads\/2021\/03\/La-Union-Industrial-Olavarria-768x575.jpg",768,575,true],"1536x1536":["https:\/\/experienciadevida.com.ar\/portalurbano\/wp-content\/uploads\/2021\/03\/La-Union-Industrial-Olavarria.jpg",1280,958,false],"2048x2048":["https:\/\/experienciadevida.com.ar\/portalurbano\/wp-content\/uploads\/2021\/03\/La-Union-Industrial-Olavarria.jpg",1280,958,false],"newsever-slider-full":["https:\/\/experienciadevida.com.ar\/portalurbano\/wp-content\/uploads\/2021\/03\/La-Union-Industrial-Olavarria.jpg",1129,845,false],"newsever-featured":["https:\/\/experienciadevida.com.ar\/portalurbano\/wp-content\/uploads\/2021\/03\/La-Union-Industrial-Olavarria.jpg",1024,766,false],"newsever-medium":["https:\/\/experienciadevida.com.ar\/portalurbano\/wp-content\/uploads\/2021\/03\/La-Union-Industrial-Olavarria.jpg",635,475,false],"web-stories-poster-portrait":["https:\/\/experienciadevida.com.ar\/portalurbano\/wp-content\/uploads\/2021\/03\/La-Union-Industrial-Olavarria.jpg",640,479,false],"web-stories-publisher-logo":["https:\/\/experienciadevida.com.ar\/portalurbano\/wp-content\/uploads\/2021\/03\/La-Union-Industrial-Olavarria.jpg",96,72,false],"web-stories-thumbnail":["https:\/\/experienciadevida.com.ar\/portalurbano\/wp-content\/uploads\/2021\/03\/La-Union-Industrial-Olavarria.jpg",150,112,false]},"author_info":{"display_name":"admpu17wp","author_link":"https:\/\/experienciadevida.com.ar\/portalurbano\/author\/admpu17wp\/"},"category_info":"<a href=\"https:\/\/experienciadevida.com.ar\/portalurbano\/category\/ciudad\/\" rel=\"category tag\">Ciudad<\/a> <a href=\"https:\/\/experienciadevida.com.ar\/portalurbano\/category\/destacadas\/\" rel=\"category tag\">Destacadas<\/a>","tag_info":"Destacadas","comment_count":"0","amp_enabled":true,"_links":{"self":[{"href":"https:\/\/experienciadevida.com.ar\/portalurbano\/wp-json\/wp\/v2\/posts\/137131"}],"collection":[{"href":"https:\/\/experienciadevida.com.ar\/portalurbano\/wp-json\/wp\/v2\/posts"}],"about":[{"href":"https:\/\/experienciadevida.com.ar\/portalurbano\/wp-json\/wp\/v2\/types\/post"}],"author":[{"embeddable":true,"href":"https:\/\/experienciadevida.com.ar\/portalurbano\/wp-json\/wp\/v2\/users\/1"}],"replies":[{"embeddable":true,"href":"https:\/\/experienciadevida.com.ar\/portalurbano\/wp-json\/wp\/v2\/comments?post=137131"}],"version-history":[{"count":2,"href":"https:\/\/experienciadevida.com.ar\/portalurbano\/wp-json\/wp\/v2\/posts\/137131\/revisions"}],"predecessor-version":[{"id":137135,"href":"https:\/\/experienciadevida.com.ar\/portalurbano\/wp-json\/wp\/v2\/posts\/137131\/revisions\/137135"}],"wp:featuredmedia":[{"embeddable":true,"href":"https:\/\/experienciadevida.com.ar\/portalurbano\/wp-json\/wp\/v2\/media\/137132"}],"wp:attachment":[{"href":"https:\/\/experienciadevida.com.ar\/portalurbano\/wp-json\/wp\/v2\/media?parent=137131"}],"wp:term":[{"taxonomy":"category","embeddable":true,"href":"https:\/\/experienciadevida.com.ar\/portalurbano\/wp-json\/wp\/v2\/categories?post=137131"},{"taxonomy":"post_tag","embeddable":true,"href":"https:\/\/experienciadevida.com.ar\/portalurbano\/wp-json\/wp\/v2\/tags?post=137131"}],"curies":[{"name":"wp","href":"https:\/\/api.w.org\/{rel}","templated":true}]}}