{"id":137123,"date":"2021-03-10T17:26:23","date_gmt":"2021-03-10T20:26:23","guid":{"rendered":"https:\/\/experienciadevida.com.ar\/portalurbano\/?p=137123"},"modified":"2021-03-10T17:29:21","modified_gmt":"2021-03-10T20:29:21","slug":"gaston-sarachu-se-reunio-con-el-intendente-de-gonzales-chaves","status":"publish","type":"post","link":"https:\/\/experienciadevida.com.ar\/portalurbano\/gaston-sarachu-se-reunio-con-el-intendente-de-gonzales-chaves\/","title":{"rendered":"Gast\u00f3n Sarachu se reuni\u00f3 con el Intendente de Gonzales Chaves"},"content":{"rendered":"<p>CNRT: Gast\u00f3n Sarachu se reuni\u00f3 con el Intendente de Gonzales Chaves. El Subdelegado de la CNRT en Olavarr\u00eda, Gast\u00f3n Sarachu, particip\u00f3 de una reuni\u00f3n en Adolfo Gonzales Chaves con el intendente de esa ciudad Marcelo Santill\u00e1n y el Delegado Regional de la CNRT en Bahia Blanca, Daniel Medina.<\/p>\n<p>Representantes de la CNRT se reunieron ayer con el Intendente de Adolfo Gonzales Chaves, Marcelo Santill\u00e1n. Con la presencia de Gast\u00f3n Sarachu, Subdelegado de la CNRT Olavarr\u00eda, el encuentro cont\u00f3 con el Secretario de Producci\u00f3n, Jos\u00e9 Garibotti, el Secretario de Seguridad, Jorge Carabajal, y el Delegado Regional de la Comisi\u00f3n Nacional de Regulaci\u00f3n del Transporte (CNRT), Daniel Medina.<\/p>\n<p>Gast\u00f3n Sarachu indic\u00f3 que entre los diversos temas que se trataron se hizo hincapi\u00e9 en lograr una mayor agilidad en la reserva de pasajes para usuarios con discapacidad y trasplantados.<\/p>\n<p>Gast\u00f3n Sarachu, Subdelegado de la CNRT Olavarr\u00eda, y Daniel Medina, Delegado Regional de CNRT, presentaron una nueva modalidad de reserva de pasajes, con un sistema de cargas totalmente online, lo que permite que las personas que requieran este servicio eviten ir a la terminal y, de una forma m\u00e1s accesible, puedan adquirir los pasajes para viajes nacionales.<\/p>\n<p>Esto, adem\u00e1s, permite una mejor calidad de seguimiento para que las empresas cumplan con el servicio.<\/p>\n<p>Por su parte, tambi\u00e9n se dialog\u00f3 para trabajar en conjunto en los controles de estaciones y unidades de pasajeros y de cargas, para brindar mayor seguridad en las rutas y a los usuarios del transporte.<\/p>\n<p>Por \u00faltimo el funcionario del organismo Nacional expres\u00f3 que desde la CNRT Olavarr\u00eda ya se ha tomado contacto con los jefes comunales y funcionarios Municipales de Azul, Bol\u00edvar, Benito Ju\u00e1rez y Tandil, previendo para los pr\u00f3ximos d\u00edas ampliar los v\u00ednculos con otros distritos del centro de la provincia.<\/p>\n","protected":false},"excerpt":{"rendered":"<p>CNRT: Gast\u00f3n Sarachu se reuni\u00f3 con el Intendente de Gonzales Chaves. El Subdelegado de la&#8230;<\/p>\n","protected":false},"author":1,"featured_media":137124,"comment_status":"closed","ping_status":"closed","sticky":false,"template":"","format":"standard","meta":{"content-type":""},"categories":[27,64],"tags":[],"nelio_content":{"isAutoShareEnabled":false,"autoShareEndMode":"default","automationSources":{"useContentSentences":true,"useSocialTemplates":true,"useCustomSentences":false,"customSentences":[]},"followers":[1],"suggestedReferences":[],"includedReferences":[],"efiUrl":"","efiAlt":"","highlights":[]},"yoast_head":"<!-- This site is optimized with the Yoast SEO plugin v20.7 - https:\/\/yoast.com\/wordpress\/plugins\/seo\/ -->\n<title>Gast\u00f3n Sarachu se reuni\u00f3 con el Intendente de Gonz\u00e1lez Chaves<\/title>\n<meta name=\"description\" content=\"CNRT: Gast\u00f3n Sarachu se reuni\u00f3 con el Intendente de Gonzales Chaves, se hizo hincapi\u00e9 en lograr una mayor agilidad en la reserva de pasajes.\" \/>\n<meta name=\"robots\" content=\"index, follow, max-snippet:-1, max-image-preview:large, max-video-preview:-1\" \/>\n<link rel=\"canonical\" href=\"https:\/\/experienciadevida.com.ar\/portalurbano\/gaston-sarachu-se-reunio-con-el-intendente-de-gonzales-chaves\/\" \/>\n<meta property=\"og:locale\" content=\"es_ES\" \/>\n<meta property=\"og:type\" content=\"article\" \/>\n<meta property=\"og:title\" content=\"Gast\u00f3n Sarachu se reuni\u00f3 con el Intendente de Gonz\u00e1lez Chaves\" \/>\n<meta property=\"og:description\" content=\"CNRT: Gast\u00f3n Sarachu se reuni\u00f3 con el Intendente de Gonzales Chaves, se hizo hincapi\u00e9 en lograr una mayor agilidad en la reserva de pasajes.\" \/>\n<meta property=\"og:url\" content=\"https:\/\/experienciadevida.com.ar\/portalurbano\/gaston-sarachu-se-reunio-con-el-intendente-de-gonzales-chaves\/\" \/>\n<meta property=\"article:publisher\" content=\"https:\/\/www.facebook.com\/Portal-Urbano-171542830093757\/\" \/>\n<meta property=\"article:published_time\" content=\"2021-03-10T20:26:23+00:00\" \/>\n<meta property=\"article:modified_time\" content=\"2021-03-10T20:29:21+00:00\" \/>\n<meta property=\"og:image\" content=\"https:\/\/experienciadevida.com.ar\/portalurbano\/wp-content\/uploads\/2021\/03\/Gaston-Sarachu.jpeg\" \/>\n\t<meta property=\"og:image:width\" content=\"1040\" \/>\n\t<meta property=\"og:image:height\" content=\"780\" \/>\n\t<meta property=\"og:image:type\" content=\"image\/jpeg\" \/>\n<meta name=\"author\" content=\"admpu17wp\" \/>\n<meta name=\"twitter:card\" content=\"summary_large_image\" \/>\n<meta name=\"twitter:creator\" content=\"@portalurbanook\" \/>\n<meta name=\"twitter:site\" content=\"@portalurbanook\" \/>\n<meta name=\"twitter:label1\" content=\"Escrito por\" \/>\n\t<meta name=\"twitter:data1\" content=\"admpu17wp\" \/>\n\t<meta name=\"twitter:label2\" content=\"Tiempo de lectura\" \/>\n\t<meta name=\"twitter:data2\" content=\"2 minutos\" \/>\n<script type=\"application\/ld+json\" class=\"yoast-schema-graph\">{\"@context\":\"https:\/\/schema.org\",\"@graph\":[{\"@type\":\"Article\",\"@id\":\"https:\/\/experienciadevida.com.ar\/portalurbano\/gaston-sarachu-se-reunio-con-el-intendente-de-gonzales-chaves\/#article\",\"isPartOf\":{\"@id\":\"https:\/\/experienciadevida.com.ar\/portalurbano\/gaston-sarachu-se-reunio-con-el-intendente-de-gonzales-chaves\/\"},\"author\":{\"name\":\"admpu17wp\",\"@id\":\"https:\/\/experienciadevida.com.ar\/portalurbano\/#\/schema\/person\/02dd326b1c4b056e9cc972486934a3a7\"},\"headline\":\"Gast\u00f3n Sarachu se reuni\u00f3 con el Intendente de Gonzales Chaves\",\"datePublished\":\"2021-03-10T20:26:23+00:00\",\"dateModified\":\"2021-03-10T20:29:21+00:00\",\"mainEntityOfPage\":{\"@id\":\"https:\/\/experienciadevida.com.ar\/portalurbano\/gaston-sarachu-se-reunio-con-el-intendente-de-gonzales-chaves\/\"},\"wordCount\":326,\"publisher\":{\"@id\":\"https:\/\/experienciadevida.com.ar\/portalurbano\/#organization\"},\"articleSection\":[\"Ciudad\",\"Destacadas 2\"],\"inLanguage\":\"es\"},{\"@type\":\"WebPage\",\"@id\":\"https:\/\/experienciadevida.com.ar\/portalurbano\/gaston-sarachu-se-reunio-con-el-intendente-de-gonzales-chaves\/\",\"url\":\"https:\/\/experienciadevida.com.ar\/portalurbano\/gaston-sarachu-se-reunio-con-el-intendente-de-gonzales-chaves\/\",\"name\":\"Gast\u00f3n Sarachu se reuni\u00f3 con el Intendente de Gonz\u00e1lez Chaves\",\"isPartOf\":{\"@id\":\"https:\/\/experienciadevida.com.ar\/portalurbano\/#website\"},\"datePublished\":\"2021-03-10T20:26:23+00:00\",\"dateModified\":\"2021-03-10T20:29:21+00:00\",\"description\":\"CNRT: Gast\u00f3n Sarachu se reuni\u00f3 con el Intendente de Gonzales Chaves, se hizo hincapi\u00e9 en lograr una mayor agilidad en la reserva de pasajes.\",\"breadcrumb\":{\"@id\":\"https:\/\/experienciadevida.com.ar\/portalurbano\/gaston-sarachu-se-reunio-con-el-intendente-de-gonzales-chaves\/#breadcrumb\"},\"inLanguage\":\"es\",\"potentialAction\":[{\"@type\":\"ReadAction\",\"target\":[\"https:\/\/experienciadevida.com.ar\/portalurbano\/gaston-sarachu-se-reunio-con-el-intendente-de-gonzales-chaves\/\"]}]},{\"@type\":\"BreadcrumbList\",\"@id\":\"https:\/\/experienciadevida.com.ar\/portalurbano\/gaston-sarachu-se-reunio-con-el-intendente-de-gonzales-chaves\/#breadcrumb\",\"itemListElement\":[{\"@type\":\"ListItem\",\"position\":1,\"name\":\"Portada\",\"item\":\"https:\/\/experienciadevida.com.ar\/portalurbano\/\"},{\"@type\":\"ListItem\",\"position\":2,\"name\":\"Gast\u00f3n Sarachu se reuni\u00f3 con el Intendente de Gonzales Chaves\"}]},{\"@type\":\"WebSite\",\"@id\":\"https:\/\/experienciadevida.com.ar\/portalurbano\/#website\",\"url\":\"https:\/\/experienciadevida.com.ar\/portalurbano\/\",\"name\":\"\",\"description\":\"\",\"publisher\":{\"@id\":\"https:\/\/experienciadevida.com.ar\/portalurbano\/#organization\"},\"potentialAction\":[{\"@type\":\"SearchAction\",\"target\":{\"@type\":\"EntryPoint\",\"urlTemplate\":\"https:\/\/experienciadevida.com.ar\/portalurbano\/?s={search_term_string}\"},\"query-input\":\"required name=search_term_string\"}],\"inLanguage\":\"es\"},{\"@type\":\"Organization\",\"@id\":\"https:\/\/experienciadevida.com.ar\/portalurbano\/#organization\",\"name\":\"Portal Urbano\",\"url\":\"https:\/\/experienciadevida.com.ar\/portalurbano\/\",\"logo\":{\"@type\":\"ImageObject\",\"inLanguage\":\"es\",\"@id\":\"https:\/\/experienciadevida.com.ar\/portalurbano\/#\/schema\/logo\/image\/\",\"url\":\"https:\/\/experienciadevida.com.ar\/portalurbano\/wp-content\/uploads\/2019\/09\/Logo-Original.png\",\"contentUrl\":\"https:\/\/experienciadevida.com.ar\/portalurbano\/wp-content\/uploads\/2019\/09\/Logo-Original.png\",\"width\":2236,\"height\":1216,\"caption\":\"Portal Urbano\"},\"image\":{\"@id\":\"https:\/\/experienciadevida.com.ar\/portalurbano\/#\/schema\/logo\/image\/\"},\"sameAs\":[\"https:\/\/www.facebook.com\/Portal-Urbano-171542830093757\/\",\"https:\/\/twitter.com\/portalurbanook\",\"https:\/\/www.instagram.com\/_portalurbano\/\",\"https:\/\/www.youtube.com\/channel\/UCXhagIfszH8KxFiOok79zbA?view_as=subscriber\"]},{\"@type\":\"Person\",\"@id\":\"https:\/\/experienciadevida.com.ar\/portalurbano\/#\/schema\/person\/02dd326b1c4b056e9cc972486934a3a7\",\"name\":\"admpu17wp\",\"image\":{\"@type\":\"ImageObject\",\"inLanguage\":\"es\",\"@id\":\"https:\/\/experienciadevida.com.ar\/portalurbano\/#\/schema\/person\/image\/\",\"url\":\"https:\/\/secure.gravatar.com\/avatar\/830d4c57adaae6630765e449a6908047?s=96&d=mm&r=g\",\"contentUrl\":\"https:\/\/secure.gravatar.com\/avatar\/830d4c57adaae6630765e449a6908047?s=96&d=mm&r=g\",\"caption\":\"admpu17wp\"}}]}<\/script>\n<!-- \/ Yoast SEO plugin. -->","yoast_head_json":{"title":"Gast\u00f3n Sarachu se reuni\u00f3 con el Intendente de Gonz\u00e1lez Chaves","description":"CNRT: Gast\u00f3n Sarachu se reuni\u00f3 con el Intendente de Gonzales Chaves, se hizo hincapi\u00e9 en lograr una mayor agilidad en la reserva de pasajes.","robots":{"index":"index","follow":"follow","max-snippet":"max-snippet:-1","max-image-preview":"max-image-preview:large","max-video-preview":"max-video-preview:-1"},"canonical":"https:\/\/experienciadevida.com.ar\/portalurbano\/gaston-sarachu-se-reunio-con-el-intendente-de-gonzales-chaves\/","og_locale":"es_ES","og_type":"article","og_title":"Gast\u00f3n Sarachu se reuni\u00f3 con el Intendente de Gonz\u00e1lez Chaves","og_description":"CNRT: Gast\u00f3n Sarachu se reuni\u00f3 con el Intendente de Gonzales Chaves, se hizo hincapi\u00e9 en lograr una mayor agilidad en la reserva de pasajes.","og_url":"https:\/\/experienciadevida.com.ar\/portalurbano\/gaston-sarachu-se-reunio-con-el-intendente-de-gonzales-chaves\/","article_publisher":"https:\/\/www.facebook.com\/Portal-Urbano-171542830093757\/","article_published_time":"2021-03-10T20:26:23+00:00","article_modified_time":"2021-03-10T20:29:21+00:00","og_image":[{"width":1040,"height":780,"url":"https:\/\/experienciadevida.com.ar\/portalurbano\/wp-content\/uploads\/2021\/03\/Gaston-Sarachu.jpeg","type":"image\/jpeg"}],"author":"admpu17wp","twitter_card":"summary_large_image","twitter_creator":"@portalurbanook","twitter_site":"@portalurbanook","twitter_misc":{"Escrito por":"admpu17wp","Tiempo de lectura":"2 minutos"},"schema":{"@context":"https:\/\/schema.org","@graph":[{"@type":"Article","@id":"https:\/\/experienciadevida.com.ar\/portalurbano\/gaston-sarachu-se-reunio-con-el-intendente-de-gonzales-chaves\/#article","isPartOf":{"@id":"https:\/\/experienciadevida.com.ar\/portalurbano\/gaston-sarachu-se-reunio-con-el-intendente-de-gonzales-chaves\/"},"author":{"name":"admpu17wp","@id":"https:\/\/experienciadevida.com.ar\/portalurbano\/#\/schema\/person\/02dd326b1c4b056e9cc972486934a3a7"},"headline":"Gast\u00f3n Sarachu se reuni\u00f3 con el Intendente de Gonzales Chaves","datePublished":"2021-03-10T20:26:23+00:00","dateModified":"2021-03-10T20:29:21+00:00","mainEntityOfPage":{"@id":"https:\/\/experienciadevida.com.ar\/portalurbano\/gaston-sarachu-se-reunio-con-el-intendente-de-gonzales-chaves\/"},"wordCount":326,"publisher":{"@id":"https:\/\/experienciadevida.com.ar\/portalurbano\/#organization"},"articleSection":["Ciudad","Destacadas 2"],"inLanguage":"es"},{"@type":"WebPage","@id":"https:\/\/experienciadevida.com.ar\/portalurbano\/gaston-sarachu-se-reunio-con-el-intendente-de-gonzales-chaves\/","url":"https:\/\/experienciadevida.com.ar\/portalurbano\/gaston-sarachu-se-reunio-con-el-intendente-de-gonzales-chaves\/","name":"Gast\u00f3n Sarachu se reuni\u00f3 con el Intendente de Gonz\u00e1lez Chaves","isPartOf":{"@id":"https:\/\/experienciadevida.com.ar\/portalurbano\/#website"},"datePublished":"2021-03-10T20:26:23+00:00","dateModified":"2021-03-10T20:29:21+00:00","description":"CNRT: Gast\u00f3n Sarachu se reuni\u00f3 con el Intendente de Gonzales Chaves, se hizo hincapi\u00e9 en lograr una mayor agilidad en la reserva de pasajes.","breadcrumb":{"@id":"https:\/\/experienciadevida.com.ar\/portalurbano\/gaston-sarachu-se-reunio-con-el-intendente-de-gonzales-chaves\/#breadcrumb"},"inLanguage":"es","potentialAction":[{"@type":"ReadAction","target":["https:\/\/experienciadevida.com.ar\/portalurbano\/gaston-sarachu-se-reunio-con-el-intendente-de-gonzales-chaves\/"]}]},{"@type":"BreadcrumbList","@id":"https:\/\/experienciadevida.com.ar\/portalurbano\/gaston-sarachu-se-reunio-con-el-intendente-de-gonzales-chaves\/#breadcrumb","itemListElement":[{"@type":"ListItem","position":1,"name":"Portada","item":"https:\/\/experienciadevida.com.ar\/portalurbano\/"},{"@type":"ListItem","position":2,"name":"Gast\u00f3n Sarachu se reuni\u00f3 con el Intendente de Gonzales Chaves"}]},{"@type":"WebSite","@id":"https:\/\/experienciadevida.com.ar\/portalurbano\/#website","url":"https:\/\/experienciadevida.com.ar\/portalurbano\/","name":"","description":"","publisher":{"@id":"https:\/\/experienciadevida.com.ar\/portalurbano\/#organization"},"potentialAction":[{"@type":"SearchAction","target":{"@type":"EntryPoint","urlTemplate":"https:\/\/experienciadevida.com.ar\/portalurbano\/?s={search_term_string}"},"query-input":"required name=search_term_string"}],"inLanguage":"es"},{"@type":"Organization","@id":"https:\/\/experienciadevida.com.ar\/portalurbano\/#organization","name":"Portal Urbano","url":"https:\/\/experienciadevida.com.ar\/portalurbano\/","logo":{"@type":"ImageObject","inLanguage":"es","@id":"https:\/\/experienciadevida.com.ar\/portalurbano\/#\/schema\/logo\/image\/","url":"https:\/\/experienciadevida.com.ar\/portalurbano\/wp-content\/uploads\/2019\/09\/Logo-Original.png","contentUrl":"https:\/\/experienciadevida.com.ar\/portalurbano\/wp-content\/uploads\/2019\/09\/Logo-Original.png","width":2236,"height":1216,"caption":"Portal Urbano"},"image":{"@id":"https:\/\/experienciadevida.com.ar\/portalurbano\/#\/schema\/logo\/image\/"},"sameAs":["https:\/\/www.facebook.com\/Portal-Urbano-171542830093757\/","https:\/\/twitter.com\/portalurbanook","https:\/\/www.instagram.com\/_portalurbano\/","https:\/\/www.youtube.com\/channel\/UCXhagIfszH8KxFiOok79zbA?view_as=subscriber"]},{"@type":"Person","@id":"https:\/\/experienciadevida.com.ar\/portalurbano\/#\/schema\/person\/02dd326b1c4b056e9cc972486934a3a7","name":"admpu17wp","image":{"@type":"ImageObject","inLanguage":"es","@id":"https:\/\/experienciadevida.com.ar\/portalurbano\/#\/schema\/person\/image\/","url":"https:\/\/secure.gravatar.com\/avatar\/830d4c57adaae6630765e449a6908047?s=96&d=mm&r=g","contentUrl":"https:\/\/secure.gravatar.com\/avatar\/830d4c57adaae6630765e449a6908047?s=96&d=mm&r=g","caption":"admpu17wp"}}]}},"featured_image_urls":{"full":["https:\/\/experienciadevida.com.ar\/portalurbano\/wp-content\/uploads\/2021\/03\/Gaston-Sarachu.jpeg",1040,780,false],"thumbnail":["https:\/\/experienciadevida.com.ar\/portalurbano\/wp-content\/uploads\/2021\/03\/Gaston-Sarachu-150x150.jpeg",150,150,true],"medium":["https:\/\/experienciadevida.com.ar\/portalurbano\/wp-content\/uploads\/2021\/03\/Gaston-Sarachu-300x225.jpeg",300,225,true],"medium_large":["https:\/\/experienciadevida.com.ar\/portalurbano\/wp-content\/uploads\/2021\/03\/Gaston-Sarachu-768x576.jpeg",640,480,true],"large":["https:\/\/experienciadevida.com.ar\/portalurbano\/wp-content\/uploads\/2021\/03\/Gaston-Sarachu-1024x768.jpeg",640,480,true],"ug_big":["https:\/\/experienciadevida.com.ar\/portalurbano\/wp-content\/uploads\/2021\/03\/Gaston-Sarachu-768x576.jpeg",768,576,true],"1536x1536":["https:\/\/experienciadevida.com.ar\/portalurbano\/wp-content\/uploads\/2021\/03\/Gaston-Sarachu.jpeg",1040,780,false],"2048x2048":["https:\/\/experienciadevida.com.ar\/portalurbano\/wp-content\/uploads\/2021\/03\/Gaston-Sarachu.jpeg",1040,780,false],"newsever-slider-full":["https:\/\/experienciadevida.com.ar\/portalurbano\/wp-content\/uploads\/2021\/03\/Gaston-Sarachu.jpeg",1040,780,false],"newsever-featured":["https:\/\/experienciadevida.com.ar\/portalurbano\/wp-content\/uploads\/2021\/03\/Gaston-Sarachu.jpeg",1024,768,false],"newsever-medium":["https:\/\/experienciadevida.com.ar\/portalurbano\/wp-content\/uploads\/2021\/03\/Gaston-Sarachu.jpeg",633,475,false],"web-stories-poster-portrait":["https:\/\/experienciadevida.com.ar\/portalurbano\/wp-content\/uploads\/2021\/03\/Gaston-Sarachu.jpeg",640,480,false],"web-stories-publisher-logo":["https:\/\/experienciadevida.com.ar\/portalurbano\/wp-content\/uploads\/2021\/03\/Gaston-Sarachu.jpeg",96,72,false],"web-stories-thumbnail":["https:\/\/experienciadevida.com.ar\/portalurbano\/wp-content\/uploads\/2021\/03\/Gaston-Sarachu.jpeg",150,113,false]},"author_info":{"display_name":"admpu17wp","author_link":"https:\/\/experienciadevida.com.ar\/portalurbano\/author\/admpu17wp\/"},"category_info":"<a href=\"https:\/\/experienciadevida.com.ar\/portalurbano\/category\/ciudad\/\" rel=\"category tag\">Ciudad<\/a> <a href=\"https:\/\/experienciadevida.com.ar\/portalurbano\/category\/destacadas-2\/\" rel=\"category tag\">Destacadas 2<\/a>","tag_info":"Destacadas 2","comment_count":"0","amp_enabled":true,"_links":{"self":[{"href":"https:\/\/experienciadevida.com.ar\/portalurbano\/wp-json\/wp\/v2\/posts\/137123"}],"collection":[{"href":"https:\/\/experienciadevida.com.ar\/portalurbano\/wp-json\/wp\/v2\/posts"}],"about":[{"href":"https:\/\/experienciadevida.com.ar\/portalurbano\/wp-json\/wp\/v2\/types\/post"}],"author":[{"embeddable":true,"href":"https:\/\/experienciadevida.com.ar\/portalurbano\/wp-json\/wp\/v2\/users\/1"}],"replies":[{"embeddable":true,"href":"https:\/\/experienciadevida.com.ar\/portalurbano\/wp-json\/wp\/v2\/comments?post=137123"}],"version-history":[{"count":3,"href":"https:\/\/experienciadevida.com.ar\/portalurbano\/wp-json\/wp\/v2\/posts\/137123\/revisions"}],"predecessor-version":[{"id":137127,"href":"https:\/\/experienciadevida.com.ar\/portalurbano\/wp-json\/wp\/v2\/posts\/137123\/revisions\/137127"}],"wp:featuredmedia":[{"embeddable":true,"href":"https:\/\/experienciadevida.com.ar\/portalurbano\/wp-json\/wp\/v2\/media\/137124"}],"wp:attachment":[{"href":"https:\/\/experienciadevida.com.ar\/portalurbano\/wp-json\/wp\/v2\/media?parent=137123"}],"wp:term":[{"taxonomy":"category","embeddable":true,"href":"https:\/\/experienciadevida.com.ar\/portalurbano\/wp-json\/wp\/v2\/categories?post=137123"},{"taxonomy":"post_tag","embeddable":true,"href":"https:\/\/experienciadevida.com.ar\/portalurbano\/wp-json\/wp\/v2\/tags?post=137123"}],"curies":[{"name":"wp","href":"https:\/\/api.w.org\/{rel}","templated":true}]}}