{"id":137097,"date":"2021-03-10T14:10:53","date_gmt":"2021-03-10T17:10:53","guid":{"rendered":"https:\/\/experienciadevida.com.ar\/portalurbano\/?p=137097"},"modified":"2021-03-10T14:14:25","modified_gmt":"2021-03-10T17:14:25","slug":"mas-de-un-centenar-de-familias-firmaron-sus-titulos-de-propiedad","status":"publish","type":"post","link":"https:\/\/experienciadevida.com.ar\/portalurbano\/mas-de-un-centenar-de-familias-firmaron-sus-titulos-de-propiedad\/","title":{"rendered":"M\u00e1s de un centenar de familias firmaron sus t\u00edtulos de propiedad"},"content":{"rendered":"<p>M\u00e1s de un centenar de familias firmaron sus t\u00edtulos de propiedad. Este mi\u00e9rcoles al mediod\u00eda, en el patio del Centro Cultural Municipal \u201cSan Jos\u00e9\u201d, el intendente Ezequiel Galli encabez\u00f3 el acto de firma de 103 t\u00edtulos de propiedad. Estuvo acompa\u00f1ado por la directora de Escrituraci\u00f3n Social de la Escriban\u00eda General de Gobierno Mar\u00eda L\u00eda Pievani, el subsecretario de Legal y T\u00e9cnica del Municipio Marcelo Fabbi y la directora de Casa de Tierras y Regularizaci\u00f3n Dominial Carolina Espinosa.<\/p>\n<p>\u201cEs muy lindo poder estar en el Centro Cultural al aire libre, para evitar la aglomeraci\u00f3n de personas y poder darle continuidad a la pol\u00edtica p\u00fablica de escrituraci\u00f3n social. Es important\u00edsimo para nosotros. Durante los primeros cuatro a\u00f1os de gobierno hemos podido escriturar una gran cantidad de viviendas y regularizar un gran n\u00famero de cuestiones que ven\u00edan con retrasos. Y poder continuar hoy, con la pol\u00edtica de escrituraci\u00f3n con el gobernador Axel Kicillof y todo su equipo, realmente nos pone muy contentos. Porque lo hicimos con Mar\u00eda Eugenia Vidal, lo podemos continuar con el gobernador Kicillof y son pol\u00edticas de Estado que tienen que tener continuidad\u201d, dijo el Intendente a los presentes.<\/p>\n<p>M\u00e1s de un centenar de familias firmaron sus t\u00edtulos de propiedad, adem\u00e1s asegur\u00f3 que \u201ces muy importante que sepan, las 103 familias que hoy van a firmar, que a partir de la firma que hacen hoy la vivienda es propia, es suya. Si bien no se llevan la carpeta con la escritura, el hecho de firmar ya significa que est\u00e1n regularizando la titularidad de su bien inmueble y eso es important\u00edsimo\u201d.<\/p>\n<p>\u201cLa Escritura es uno de los bienes m\u00e1s preciados, porque significa que esa casa en la que uno vive es propia y pasa a ser un hogar y nadie se los puede quitar. Por eso celebramos estos actos, sabemos la importancia que tienen, porque es muy costoso hacer una escritura y que el Estado acompa\u00f1e a las familias realmente tiene un valor important\u00edsimo, no solo desde lo econ\u00f3mico sino tambi\u00e9n lo que significa para la familia\u201d, se\u00f1al\u00f3 Galli.<\/p>\n<p>Luego de la palabra del Intendente, se firmaron 103 t\u00edtulos de propiedad, de los cuales 16 corresponden a la Ley 24.320, 16 a la Ley 10.830 y 71 a la operatoria del Instituto de la Vivienda.<\/p>\n<p><a href=\"https:\/\/experienciadevida.com.ar\/portalurbano\/mas-de-un-centenar-de-familias-firmaron-sus-titulos-de-propiedad\/centenar\/\" rel=\"attachment wp-att-137101\"><img decoding=\"async\" class=\"alignnone size-full wp-image-137101\" src=\"https:\/\/experienciadevida.com.ar\/portalurbano\/wp-content\/uploads\/2021\/03\/centenar.jpg\" alt=\"centenar \" width=\"2560\" height=\"1711\" srcset=\"https:\/\/experienciadevida.com.ar\/portalurbano\/wp-content\/uploads\/2021\/03\/centenar.jpg 2560w, https:\/\/experienciadevida.com.ar\/portalurbano\/wp-content\/uploads\/2021\/03\/centenar-300x201.jpg 300w, https:\/\/experienciadevida.com.ar\/portalurbano\/wp-content\/uploads\/2021\/03\/centenar-1024x684.jpg 1024w, https:\/\/experienciadevida.com.ar\/portalurbano\/wp-content\/uploads\/2021\/03\/centenar-768x513.jpg 768w, https:\/\/experienciadevida.com.ar\/portalurbano\/wp-content\/uploads\/2021\/03\/centenar-1536x1027.jpg 1536w, https:\/\/experienciadevida.com.ar\/portalurbano\/wp-content\/uploads\/2021\/03\/centenar-2048x1369.jpg 2048w\" sizes=\"(max-width: 2560px) 100vw, 2560px\" \/><\/a><\/p>\n<p><a href=\"https:\/\/experienciadevida.com.ar\/portalurbano\/mas-de-un-centenar-de-familias-firmaron-sus-titulos-de-propiedad\/mas-de-un\/\" rel=\"attachment wp-att-137102\"><img decoding=\"async\" class=\"alignnone size-full wp-image-137102\" src=\"https:\/\/experienciadevida.com.ar\/portalurbano\/wp-content\/uploads\/2021\/03\/mas-de-un.jpg\" alt=\"m\u00e1s de un \" width=\"2560\" height=\"1711\" srcset=\"https:\/\/experienciadevida.com.ar\/portalurbano\/wp-content\/uploads\/2021\/03\/mas-de-un.jpg 2560w, https:\/\/experienciadevida.com.ar\/portalurbano\/wp-content\/uploads\/2021\/03\/mas-de-un-300x201.jpg 300w, https:\/\/experienciadevida.com.ar\/portalurbano\/wp-content\/uploads\/2021\/03\/mas-de-un-1024x684.jpg 1024w, https:\/\/experienciadevida.com.ar\/portalurbano\/wp-content\/uploads\/2021\/03\/mas-de-un-768x513.jpg 768w, https:\/\/experienciadevida.com.ar\/portalurbano\/wp-content\/uploads\/2021\/03\/mas-de-un-1536x1027.jpg 1536w, https:\/\/experienciadevida.com.ar\/portalurbano\/wp-content\/uploads\/2021\/03\/mas-de-un-2048x1369.jpg 2048w\" sizes=\"(max-width: 2560px) 100vw, 2560px\" \/><\/a><\/p>\n<p>&nbsp;<\/p>\n","protected":false},"excerpt":{"rendered":"<p>M\u00e1s de un centenar de familias firmaron sus t\u00edtulos de propiedad. Este mi\u00e9rcoles al mediod\u00eda,&#8230;<\/p>\n","protected":false},"author":1,"featured_media":137098,"comment_status":"closed","ping_status":"closed","sticky":false,"template":"","format":"standard","meta":{"content-type":""},"categories":[27,64],"tags":[],"nelio_content":{"isAutoShareEnabled":false,"autoShareEndMode":"default","automationSources":{"useContentSentences":true,"useSocialTemplates":true,"useCustomSentences":false,"customSentences":[]},"followers":[1],"suggestedReferences":[],"includedReferences":[],"efiUrl":"","efiAlt":"","highlights":[]},"yoast_head":"<!-- This site is optimized with the Yoast SEO plugin v20.7 - https:\/\/yoast.com\/wordpress\/plugins\/seo\/ -->\n<title>M\u00e1s de un centenar de familias firmaron sus t\u00edtulos de propiedad<\/title>\n<meta name=\"description\" content=\"M\u00e1s de un centenar de familias firmaron sus t\u00edtulos de propiedad, fue en el patio del Centro Cultural San Jos\u00e9, y Galli encabez\u00f3 el acto.\" \/>\n<meta name=\"robots\" content=\"index, follow, max-snippet:-1, max-image-preview:large, max-video-preview:-1\" \/>\n<link rel=\"canonical\" href=\"https:\/\/experienciadevida.com.ar\/portalurbano\/mas-de-un-centenar-de-familias-firmaron-sus-titulos-de-propiedad\/\" \/>\n<meta property=\"og:locale\" content=\"es_ES\" \/>\n<meta property=\"og:type\" content=\"article\" \/>\n<meta property=\"og:title\" content=\"M\u00e1s de un centenar de familias firmaron sus t\u00edtulos de propiedad\" \/>\n<meta property=\"og:description\" content=\"M\u00e1s de un centenar de familias firmaron sus t\u00edtulos de propiedad, fue en el patio del Centro Cultural San Jos\u00e9, y Galli encabez\u00f3 el acto.\" \/>\n<meta property=\"og:url\" content=\"https:\/\/experienciadevida.com.ar\/portalurbano\/mas-de-un-centenar-de-familias-firmaron-sus-titulos-de-propiedad\/\" \/>\n<meta property=\"article:publisher\" content=\"https:\/\/www.facebook.com\/Portal-Urbano-171542830093757\/\" \/>\n<meta property=\"article:published_time\" content=\"2021-03-10T17:10:53+00:00\" \/>\n<meta property=\"article:modified_time\" content=\"2021-03-10T17:14:25+00:00\" \/>\n<meta property=\"og:image\" content=\"https:\/\/experienciadevida.com.ar\/portalurbano\/wp-content\/uploads\/2021\/03\/Mas-de-un-centenar.jpg\" \/>\n\t<meta property=\"og:image:width\" content=\"2560\" \/>\n\t<meta property=\"og:image:height\" content=\"1711\" \/>\n\t<meta property=\"og:image:type\" content=\"image\/jpeg\" \/>\n<meta name=\"author\" content=\"admpu17wp\" \/>\n<meta name=\"twitter:card\" content=\"summary_large_image\" \/>\n<meta name=\"twitter:creator\" content=\"@portalurbanook\" \/>\n<meta name=\"twitter:site\" content=\"@portalurbanook\" \/>\n<meta name=\"twitter:label1\" content=\"Escrito por\" \/>\n\t<meta name=\"twitter:data1\" content=\"admpu17wp\" \/>\n\t<meta name=\"twitter:label2\" content=\"Tiempo de lectura\" \/>\n\t<meta name=\"twitter:data2\" content=\"3 minutos\" \/>\n<script type=\"application\/ld+json\" class=\"yoast-schema-graph\">{\"@context\":\"https:\/\/schema.org\",\"@graph\":[{\"@type\":\"Article\",\"@id\":\"https:\/\/experienciadevida.com.ar\/portalurbano\/mas-de-un-centenar-de-familias-firmaron-sus-titulos-de-propiedad\/#article\",\"isPartOf\":{\"@id\":\"https:\/\/experienciadevida.com.ar\/portalurbano\/mas-de-un-centenar-de-familias-firmaron-sus-titulos-de-propiedad\/\"},\"author\":{\"name\":\"admpu17wp\",\"@id\":\"https:\/\/experienciadevida.com.ar\/portalurbano\/#\/schema\/person\/02dd326b1c4b056e9cc972486934a3a7\"},\"headline\":\"M\u00e1s de un centenar de familias firmaron sus t\u00edtulos de propiedad\",\"datePublished\":\"2021-03-10T17:10:53+00:00\",\"dateModified\":\"2021-03-10T17:14:25+00:00\",\"mainEntityOfPage\":{\"@id\":\"https:\/\/experienciadevida.com.ar\/portalurbano\/mas-de-un-centenar-de-familias-firmaron-sus-titulos-de-propiedad\/\"},\"wordCount\":416,\"publisher\":{\"@id\":\"https:\/\/experienciadevida.com.ar\/portalurbano\/#organization\"},\"articleSection\":[\"Ciudad\",\"Destacadas 2\"],\"inLanguage\":\"es\"},{\"@type\":\"WebPage\",\"@id\":\"https:\/\/experienciadevida.com.ar\/portalurbano\/mas-de-un-centenar-de-familias-firmaron-sus-titulos-de-propiedad\/\",\"url\":\"https:\/\/experienciadevida.com.ar\/portalurbano\/mas-de-un-centenar-de-familias-firmaron-sus-titulos-de-propiedad\/\",\"name\":\"M\u00e1s de un centenar de familias firmaron sus t\u00edtulos de propiedad\",\"isPartOf\":{\"@id\":\"https:\/\/experienciadevida.com.ar\/portalurbano\/#website\"},\"datePublished\":\"2021-03-10T17:10:53+00:00\",\"dateModified\":\"2021-03-10T17:14:25+00:00\",\"description\":\"M\u00e1s de un centenar de familias firmaron sus t\u00edtulos de propiedad, fue en el patio del Centro Cultural San Jos\u00e9, y Galli encabez\u00f3 el acto.\",\"breadcrumb\":{\"@id\":\"https:\/\/experienciadevida.com.ar\/portalurbano\/mas-de-un-centenar-de-familias-firmaron-sus-titulos-de-propiedad\/#breadcrumb\"},\"inLanguage\":\"es\",\"potentialAction\":[{\"@type\":\"ReadAction\",\"target\":[\"https:\/\/experienciadevida.com.ar\/portalurbano\/mas-de-un-centenar-de-familias-firmaron-sus-titulos-de-propiedad\/\"]}]},{\"@type\":\"BreadcrumbList\",\"@id\":\"https:\/\/experienciadevida.com.ar\/portalurbano\/mas-de-un-centenar-de-familias-firmaron-sus-titulos-de-propiedad\/#breadcrumb\",\"itemListElement\":[{\"@type\":\"ListItem\",\"position\":1,\"name\":\"Portada\",\"item\":\"https:\/\/experienciadevida.com.ar\/portalurbano\/\"},{\"@type\":\"ListItem\",\"position\":2,\"name\":\"M\u00e1s de un centenar de familias firmaron sus t\u00edtulos de propiedad\"}]},{\"@type\":\"WebSite\",\"@id\":\"https:\/\/experienciadevida.com.ar\/portalurbano\/#website\",\"url\":\"https:\/\/experienciadevida.com.ar\/portalurbano\/\",\"name\":\"\",\"description\":\"\",\"publisher\":{\"@id\":\"https:\/\/experienciadevida.com.ar\/portalurbano\/#organization\"},\"potentialAction\":[{\"@type\":\"SearchAction\",\"target\":{\"@type\":\"EntryPoint\",\"urlTemplate\":\"https:\/\/experienciadevida.com.ar\/portalurbano\/?s={search_term_string}\"},\"query-input\":\"required name=search_term_string\"}],\"inLanguage\":\"es\"},{\"@type\":\"Organization\",\"@id\":\"https:\/\/experienciadevida.com.ar\/portalurbano\/#organization\",\"name\":\"Portal Urbano\",\"url\":\"https:\/\/experienciadevida.com.ar\/portalurbano\/\",\"logo\":{\"@type\":\"ImageObject\",\"inLanguage\":\"es\",\"@id\":\"https:\/\/experienciadevida.com.ar\/portalurbano\/#\/schema\/logo\/image\/\",\"url\":\"https:\/\/experienciadevida.com.ar\/portalurbano\/wp-content\/uploads\/2019\/09\/Logo-Original.png\",\"contentUrl\":\"https:\/\/experienciadevida.com.ar\/portalurbano\/wp-content\/uploads\/2019\/09\/Logo-Original.png\",\"width\":2236,\"height\":1216,\"caption\":\"Portal Urbano\"},\"image\":{\"@id\":\"https:\/\/experienciadevida.com.ar\/portalurbano\/#\/schema\/logo\/image\/\"},\"sameAs\":[\"https:\/\/www.facebook.com\/Portal-Urbano-171542830093757\/\",\"https:\/\/twitter.com\/portalurbanook\",\"https:\/\/www.instagram.com\/_portalurbano\/\",\"https:\/\/www.youtube.com\/channel\/UCXhagIfszH8KxFiOok79zbA?view_as=subscriber\"]},{\"@type\":\"Person\",\"@id\":\"https:\/\/experienciadevida.com.ar\/portalurbano\/#\/schema\/person\/02dd326b1c4b056e9cc972486934a3a7\",\"name\":\"admpu17wp\",\"image\":{\"@type\":\"ImageObject\",\"inLanguage\":\"es\",\"@id\":\"https:\/\/experienciadevida.com.ar\/portalurbano\/#\/schema\/person\/image\/\",\"url\":\"https:\/\/secure.gravatar.com\/avatar\/830d4c57adaae6630765e449a6908047?s=96&d=mm&r=g\",\"contentUrl\":\"https:\/\/secure.gravatar.com\/avatar\/830d4c57adaae6630765e449a6908047?s=96&d=mm&r=g\",\"caption\":\"admpu17wp\"}}]}<\/script>\n<!-- \/ Yoast SEO plugin. -->","yoast_head_json":{"title":"M\u00e1s de un centenar de familias firmaron sus t\u00edtulos de propiedad","description":"M\u00e1s de un centenar de familias firmaron sus t\u00edtulos de propiedad, fue en el patio del Centro Cultural San Jos\u00e9, y Galli encabez\u00f3 el acto.","robots":{"index":"index","follow":"follow","max-snippet":"max-snippet:-1","max-image-preview":"max-image-preview:large","max-video-preview":"max-video-preview:-1"},"canonical":"https:\/\/experienciadevida.com.ar\/portalurbano\/mas-de-un-centenar-de-familias-firmaron-sus-titulos-de-propiedad\/","og_locale":"es_ES","og_type":"article","og_title":"M\u00e1s de un centenar de familias firmaron sus t\u00edtulos de propiedad","og_description":"M\u00e1s de un centenar de familias firmaron sus t\u00edtulos de propiedad, fue en el patio del Centro Cultural San Jos\u00e9, y Galli encabez\u00f3 el acto.","og_url":"https:\/\/experienciadevida.com.ar\/portalurbano\/mas-de-un-centenar-de-familias-firmaron-sus-titulos-de-propiedad\/","article_publisher":"https:\/\/www.facebook.com\/Portal-Urbano-171542830093757\/","article_published_time":"2021-03-10T17:10:53+00:00","article_modified_time":"2021-03-10T17:14:25+00:00","og_image":[{"width":2560,"height":1711,"url":"https:\/\/experienciadevida.com.ar\/portalurbano\/wp-content\/uploads\/2021\/03\/Mas-de-un-centenar.jpg","type":"image\/jpeg"}],"author":"admpu17wp","twitter_card":"summary_large_image","twitter_creator":"@portalurbanook","twitter_site":"@portalurbanook","twitter_misc":{"Escrito por":"admpu17wp","Tiempo de lectura":"3 minutos"},"schema":{"@context":"https:\/\/schema.org","@graph":[{"@type":"Article","@id":"https:\/\/experienciadevida.com.ar\/portalurbano\/mas-de-un-centenar-de-familias-firmaron-sus-titulos-de-propiedad\/#article","isPartOf":{"@id":"https:\/\/experienciadevida.com.ar\/portalurbano\/mas-de-un-centenar-de-familias-firmaron-sus-titulos-de-propiedad\/"},"author":{"name":"admpu17wp","@id":"https:\/\/experienciadevida.com.ar\/portalurbano\/#\/schema\/person\/02dd326b1c4b056e9cc972486934a3a7"},"headline":"M\u00e1s de un centenar de familias firmaron sus t\u00edtulos de propiedad","datePublished":"2021-03-10T17:10:53+00:00","dateModified":"2021-03-10T17:14:25+00:00","mainEntityOfPage":{"@id":"https:\/\/experienciadevida.com.ar\/portalurbano\/mas-de-un-centenar-de-familias-firmaron-sus-titulos-de-propiedad\/"},"wordCount":416,"publisher":{"@id":"https:\/\/experienciadevida.com.ar\/portalurbano\/#organization"},"articleSection":["Ciudad","Destacadas 2"],"inLanguage":"es"},{"@type":"WebPage","@id":"https:\/\/experienciadevida.com.ar\/portalurbano\/mas-de-un-centenar-de-familias-firmaron-sus-titulos-de-propiedad\/","url":"https:\/\/experienciadevida.com.ar\/portalurbano\/mas-de-un-centenar-de-familias-firmaron-sus-titulos-de-propiedad\/","name":"M\u00e1s de un centenar de familias firmaron sus t\u00edtulos de propiedad","isPartOf":{"@id":"https:\/\/experienciadevida.com.ar\/portalurbano\/#website"},"datePublished":"2021-03-10T17:10:53+00:00","dateModified":"2021-03-10T17:14:25+00:00","description":"M\u00e1s de un centenar de familias firmaron sus t\u00edtulos de propiedad, fue en el patio del Centro Cultural San Jos\u00e9, y Galli encabez\u00f3 el acto.","breadcrumb":{"@id":"https:\/\/experienciadevida.com.ar\/portalurbano\/mas-de-un-centenar-de-familias-firmaron-sus-titulos-de-propiedad\/#breadcrumb"},"inLanguage":"es","potentialAction":[{"@type":"ReadAction","target":["https:\/\/experienciadevida.com.ar\/portalurbano\/mas-de-un-centenar-de-familias-firmaron-sus-titulos-de-propiedad\/"]}]},{"@type":"BreadcrumbList","@id":"https:\/\/experienciadevida.com.ar\/portalurbano\/mas-de-un-centenar-de-familias-firmaron-sus-titulos-de-propiedad\/#breadcrumb","itemListElement":[{"@type":"ListItem","position":1,"name":"Portada","item":"https:\/\/experienciadevida.com.ar\/portalurbano\/"},{"@type":"ListItem","position":2,"name":"M\u00e1s de un centenar de familias firmaron sus t\u00edtulos de propiedad"}]},{"@type":"WebSite","@id":"https:\/\/experienciadevida.com.ar\/portalurbano\/#website","url":"https:\/\/experienciadevida.com.ar\/portalurbano\/","name":"","description":"","publisher":{"@id":"https:\/\/experienciadevida.com.ar\/portalurbano\/#organization"},"potentialAction":[{"@type":"SearchAction","target":{"@type":"EntryPoint","urlTemplate":"https:\/\/experienciadevida.com.ar\/portalurbano\/?s={search_term_string}"},"query-input":"required name=search_term_string"}],"inLanguage":"es"},{"@type":"Organization","@id":"https:\/\/experienciadevida.com.ar\/portalurbano\/#organization","name":"Portal Urbano","url":"https:\/\/experienciadevida.com.ar\/portalurbano\/","logo":{"@type":"ImageObject","inLanguage":"es","@id":"https:\/\/experienciadevida.com.ar\/portalurbano\/#\/schema\/logo\/image\/","url":"https:\/\/experienciadevida.com.ar\/portalurbano\/wp-content\/uploads\/2019\/09\/Logo-Original.png","contentUrl":"https:\/\/experienciadevida.com.ar\/portalurbano\/wp-content\/uploads\/2019\/09\/Logo-Original.png","width":2236,"height":1216,"caption":"Portal Urbano"},"image":{"@id":"https:\/\/experienciadevida.com.ar\/portalurbano\/#\/schema\/logo\/image\/"},"sameAs":["https:\/\/www.facebook.com\/Portal-Urbano-171542830093757\/","https:\/\/twitter.com\/portalurbanook","https:\/\/www.instagram.com\/_portalurbano\/","https:\/\/www.youtube.com\/channel\/UCXhagIfszH8KxFiOok79zbA?view_as=subscriber"]},{"@type":"Person","@id":"https:\/\/experienciadevida.com.ar\/portalurbano\/#\/schema\/person\/02dd326b1c4b056e9cc972486934a3a7","name":"admpu17wp","image":{"@type":"ImageObject","inLanguage":"es","@id":"https:\/\/experienciadevida.com.ar\/portalurbano\/#\/schema\/person\/image\/","url":"https:\/\/secure.gravatar.com\/avatar\/830d4c57adaae6630765e449a6908047?s=96&d=mm&r=g","contentUrl":"https:\/\/secure.gravatar.com\/avatar\/830d4c57adaae6630765e449a6908047?s=96&d=mm&r=g","caption":"admpu17wp"}}]}},"featured_image_urls":{"full":["https:\/\/experienciadevida.com.ar\/portalurbano\/wp-content\/uploads\/2021\/03\/Mas-de-un-centenar.jpg",2560,1711,false],"thumbnail":["https:\/\/experienciadevida.com.ar\/portalurbano\/wp-content\/uploads\/2021\/03\/Mas-de-un-centenar-150x150.jpg",150,150,true],"medium":["https:\/\/experienciadevida.com.ar\/portalurbano\/wp-content\/uploads\/2021\/03\/Mas-de-un-centenar-300x201.jpg",300,201,true],"medium_large":["https:\/\/experienciadevida.com.ar\/portalurbano\/wp-content\/uploads\/2021\/03\/Mas-de-un-centenar-768x513.jpg",640,428,true],"large":["https:\/\/experienciadevida.com.ar\/portalurbano\/wp-content\/uploads\/2021\/03\/Mas-de-un-centenar-1024x684.jpg",640,428,true],"ug_big":["https:\/\/experienciadevida.com.ar\/portalurbano\/wp-content\/uploads\/2021\/03\/Mas-de-un-centenar-768x513.jpg",768,513,true],"1536x1536":["https:\/\/experienciadevida.com.ar\/portalurbano\/wp-content\/uploads\/2021\/03\/Mas-de-un-centenar-1536x1027.jpg",1536,1027,true],"2048x2048":["https:\/\/experienciadevida.com.ar\/portalurbano\/wp-content\/uploads\/2021\/03\/Mas-de-un-centenar-2048x1369.jpg",2048,1369,true],"newsever-slider-full":["https:\/\/experienciadevida.com.ar\/portalurbano\/wp-content\/uploads\/2021\/03\/Mas-de-un-centenar.jpg",1264,845,false],"newsever-featured":["https:\/\/experienciadevida.com.ar\/portalurbano\/wp-content\/uploads\/2021\/03\/Mas-de-un-centenar.jpg",1024,684,false],"newsever-medium":["https:\/\/experienciadevida.com.ar\/portalurbano\/wp-content\/uploads\/2021\/03\/Mas-de-un-centenar.jpg",711,475,false],"web-stories-poster-portrait":["https:\/\/experienciadevida.com.ar\/portalurbano\/wp-content\/uploads\/2021\/03\/Mas-de-un-centenar.jpg",640,428,false],"web-stories-publisher-logo":["https:\/\/experienciadevida.com.ar\/portalurbano\/wp-content\/uploads\/2021\/03\/Mas-de-un-centenar.jpg",96,64,false],"web-stories-thumbnail":["https:\/\/experienciadevida.com.ar\/portalurbano\/wp-content\/uploads\/2021\/03\/Mas-de-un-centenar.jpg",150,100,false]},"author_info":{"display_name":"admpu17wp","author_link":"https:\/\/experienciadevida.com.ar\/portalurbano\/author\/admpu17wp\/"},"category_info":"<a href=\"https:\/\/experienciadevida.com.ar\/portalurbano\/category\/ciudad\/\" rel=\"category tag\">Ciudad<\/a> <a href=\"https:\/\/experienciadevida.com.ar\/portalurbano\/category\/destacadas-2\/\" rel=\"category tag\">Destacadas 2<\/a>","tag_info":"Destacadas 2","comment_count":"0","amp_enabled":true,"_links":{"self":[{"href":"https:\/\/experienciadevida.com.ar\/portalurbano\/wp-json\/wp\/v2\/posts\/137097"}],"collection":[{"href":"https:\/\/experienciadevida.com.ar\/portalurbano\/wp-json\/wp\/v2\/posts"}],"about":[{"href":"https:\/\/experienciadevida.com.ar\/portalurbano\/wp-json\/wp\/v2\/types\/post"}],"author":[{"embeddable":true,"href":"https:\/\/experienciadevida.com.ar\/portalurbano\/wp-json\/wp\/v2\/users\/1"}],"replies":[{"embeddable":true,"href":"https:\/\/experienciadevida.com.ar\/portalurbano\/wp-json\/wp\/v2\/comments?post=137097"}],"version-history":[{"count":3,"href":"https:\/\/experienciadevida.com.ar\/portalurbano\/wp-json\/wp\/v2\/posts\/137097\/revisions"}],"predecessor-version":[{"id":137103,"href":"https:\/\/experienciadevida.com.ar\/portalurbano\/wp-json\/wp\/v2\/posts\/137097\/revisions\/137103"}],"wp:featuredmedia":[{"embeddable":true,"href":"https:\/\/experienciadevida.com.ar\/portalurbano\/wp-json\/wp\/v2\/media\/137098"}],"wp:attachment":[{"href":"https:\/\/experienciadevida.com.ar\/portalurbano\/wp-json\/wp\/v2\/media?parent=137097"}],"wp:term":[{"taxonomy":"category","embeddable":true,"href":"https:\/\/experienciadevida.com.ar\/portalurbano\/wp-json\/wp\/v2\/categories?post=137097"},{"taxonomy":"post_tag","embeddable":true,"href":"https:\/\/experienciadevida.com.ar\/portalurbano\/wp-json\/wp\/v2\/tags?post=137097"}],"curies":[{"name":"wp","href":"https:\/\/api.w.org\/{rel}","templated":true}]}}