{"id":137071,"date":"2021-03-10T11:02:43","date_gmt":"2021-03-10T14:02:43","guid":{"rendered":"https:\/\/experienciadevida.com.ar\/portalurbano\/?p=137071"},"modified":"2021-03-10T11:03:25","modified_gmt":"2021-03-10T14:03:25","slug":"la-industria-de-olavarria-reconocida-a-nivel-mundial","status":"publish","type":"post","link":"https:\/\/experienciadevida.com.ar\/portalurbano\/la-industria-de-olavarria-reconocida-a-nivel-mundial\/","title":{"rendered":"La industria de Olavarr\u00eda reconocida a nivel mundial"},"content":{"rendered":"<p>La industria de Olavarr\u00eda reconocida a nivel mundial. Funcionarios de la Secretar\u00eda de Desarrollo Econ\u00f3mico del Municipio de Olavarr\u00eda participaron, en calidad de invitados especiales, del acto anual de premiaci\u00f3n del Premio Nacional 5S; organizado por el comit\u00e9 de la Asociaci\u00f3n Argentina de ex becarios de la AOTS (Asociaci\u00f3n de Becas T\u00e9cnicas en el Extranjero, por sus siglas en ingl\u00e9s).<\/p>\n<p>El evento llevado a cabo de forma virtual el pasado viernes 5 de marzo, cont\u00f3 con la participaci\u00f3n del presidente de AOTS Argentina, Daniel Rosace, miembros de la comisi\u00f3n directiva de AOTS Argentina, entre ellos Jorge Miotti, representantes de empresas y organismos que conforman el comit\u00e9 del citado premio \u2013 INTI, Toyota, Honda, Yamaha, JICA; C\u00e1mara Japonesa de comercio e industria.<\/p>\n<p>A nivel local, formaron parte del mismo el secretario de Desarrollo Econ\u00f3mico Julio Valetutto, la directora de Empresas y Agrupamientos Industriales Edith Schoos y el director de Miner\u00eda Daniel Lencinas.<\/p>\n<p>Durante el acto se distingui\u00f3 a las empresas que durante 2020 realizaron importantes actividades de mejora continua en el marco del management japon\u00e9s, las cuales logran certificar el cumplimiento de los objetivos propuestos en auditor\u00edas peri\u00f3dicas.<\/p>\n<p>Tal como se destac\u00f3 desde la cartera municipal de Desarrollo Econ\u00f3mico, durante el corriente a\u00f1o se pretende profundizar la vinculaci\u00f3n entre la AOTS Argentina y el Municipio de Olavarr\u00eda, dada la importancia de su gesti\u00f3n y el peso de la industria del Partido.<\/p>\n<p>Premio Nacional 5S<\/p>\n<p>El Premio Nacional 5S surge de la necesidad de estimular las pr\u00e1cticas de organizaci\u00f3n y productividad utilizadas por las empresas japonesas con probada efectividad, para incorporarlas en las peque\u00f1as y medianas empresas argentinas.<br \/>\nEl objetivo principal del \u201cPremio Nacional 5S\u201d es el de promover la superaci\u00f3n y generar el orgullo empresario por el trabajo y la calidad. Fomenta indirectamente la b\u00fasqueda en la mejora de resultados entre las empresas participantes, contribuyendo a largo plazo con el crecimiento de la industria nacional. En tal sentido, el proyecto busca premiar cada a\u00f1o a las organizaciones participantes del concurso que est\u00e9n comprometidas con este prop\u00f3sito e implementen adecuadamente un programa de 5S.<\/p>\n<p>Todas las empresas u organizaciones que compiten en esta premiaci\u00f3n en cada categor\u00eda son evaluadas objetiva y profesionalmente por un conjunto de especialistas y reciben, independientemente del resultado del concurso, un detallado informe con indicaci\u00f3n clara de sus fortalezas, aspectos a mejorar y banda de puntaje asignada para cada uno de los factores que son objeto de la evaluaci\u00f3n. Asimismo, las empresas u organizaciones ganadoras contar\u00e1n con las ventajas de la promoci\u00f3n en diferentes medios y eventos a efectos de favorecer su posicionamiento como referentes de calidad y organizaci\u00f3n.<\/p>\n<p>La metodolog\u00eda de las 5S se enfoca en una organizaci\u00f3n de puestos y lugares de trabajo eficientes y metodolog\u00edas de trabajo estandarizadas. Favorece la visualizaci\u00f3n de anomal\u00edas y facilita la eliminaci\u00f3n de actividades que no agregan valor, mejorando la calidad, la productividad y la seguridad laboral.<\/p>\n<p>Sint\u00e9ticamente, las 5S consisten en la implementaci\u00f3n de 5 pasos:<\/p>\n<p>\u200bSeiri: El primer paso consiste en identificar las cosas que son necesarias en el \u00e1rea de trabajo y eliminar las que no lo son.<\/p>\n<p>Seiton: El segundo paso consiste en organizar los elementos considerados como necesarios de manera que se encuentren con facilidad. Su ubicaci\u00f3n debe estar identificada para que cualquiera pueda encontrarlos, y se note a simple vista cuando no est\u00e1n en su lugar.<\/p>\n<p>Seiso: El tercer paso implica limpiar e inspeccionar los equipos y el entorno para identificar los defectos y eliminarlos. Se debe integrar la limpieza como parte del trabajo diario, eliminar los focos generadores de suciedad y conservar los elementos de trabajo en condiciones \u00f3ptimas.<\/p>\n<p>Seiketsu: El cuarto paso consiste en sistematizar los pasos anteriores. Implica seguir un m\u00e9todo para mantener el orden y la limpieza optimizando el tiempo dedicado a ello.<\/p>\n<p>Shitsuke: El objetivo del \u00faltimo paso es convertir en h\u00e1bito los m\u00e9todos definidos.<br \/>\n\u200b\u200bAOTS<\/p>\n<p>AOTS es una organizaci\u00f3n de cooperaci\u00f3n econ\u00f3mica internacional de base privada de Jap\u00f3n, establecida en 1959, que promueve la cooperaci\u00f3n t\u00e9cnica a trav\u00e9s de programas de capacitaci\u00f3n en dicho pa\u00eds y en el extranjero. Su principal prop\u00f3sito es el de promover la cooperaci\u00f3n econ\u00f3mica internacional, fortalecer el desarrollo econ\u00f3mico y desarrollar relaciones amistosas entre dichos pa\u00edses y Jap\u00f3n.<\/p>\n<p>Posee centros de capacitaci\u00f3n en las ciudades de Tokyo, Yokohama, Toyota y Osaka, y oficinas propias en los siguientes pa\u00edses: China (Beijing), Indonesia (Jakarta), Malasia (Kuala Lumpur), Filipinas (Manila), Tailandia (Bangkok), India (New Delhi) y Vietnam (Hanoi). Asimismo, est\u00e1 representada por Asociaciones de Ex Becarios en 43 pa\u00edses, con 11 representaciones en Latinoam\u00e9rica, 7 en Europa, 13 en el Extremo Oriente, 13 en el Sudeste Asi\u00e1tico y 10 en \u00c1frica.<\/p>\n<p>AOTS Argentina fue fundada en el a\u00f1o 1985 con el nombre de Asociaci\u00f3n de Ex Becarios de ABK y AOTS y, en la actualidad, agrupa aproximadamente a algo m\u00e1s de 900 ex becarios de diferentes cursos de capacitaci\u00f3n realizados en los centros que AOTS posee en Jap\u00f3n. Trabaja conjuntamente con otras entidades oficiales japonesas establecidas en la Argentina -como JETRO, JICA y la Embajada de Jap\u00f3n- y con entidades oficiales y privadas nacionales -como el INTI, la Universidad Tecnol\u00f3gica Nacional y la Fundaci\u00f3n Exportar-, con el fin de promover el desarrollo y el buen crecimiento de nuestro pa\u00eds.<\/p>\n","protected":false},"excerpt":{"rendered":"<p>La industria de Olavarr\u00eda reconocida a nivel mundial. Funcionarios de la Secretar\u00eda de Desarrollo Econ\u00f3mico&#8230;<\/p>\n","protected":false},"author":1,"featured_media":137072,"comment_status":"closed","ping_status":"closed","sticky":false,"template":"","format":"standard","meta":{"content-type":""},"categories":[27,64],"tags":[],"nelio_content":{"isAutoShareEnabled":false,"autoShareEndMode":"default","automationSources":{"useContentSentences":true,"useSocialTemplates":true,"useCustomSentences":false,"customSentences":[]},"followers":[1],"suggestedReferences":[],"includedReferences":[],"efiUrl":"","efiAlt":"","highlights":[]},"yoast_head":"<!-- This site is optimized with the Yoast SEO plugin v20.7 - https:\/\/yoast.com\/wordpress\/plugins\/seo\/ -->\n<title>La industria de Olavarr\u00eda reconocida a nivel Mundial<\/title>\n<meta name=\"description\" content=\"La industria de Olavarr\u00eda reconocida a nivel mundial. Funcionarios, participaron, en calidad de invitados especiales, del acto anual.\" \/>\n<meta name=\"robots\" content=\"index, follow, max-snippet:-1, max-image-preview:large, max-video-preview:-1\" \/>\n<link rel=\"canonical\" href=\"https:\/\/experienciadevida.com.ar\/portalurbano\/la-industria-de-olavarria-reconocida-a-nivel-mundial\/\" \/>\n<meta property=\"og:locale\" content=\"es_ES\" \/>\n<meta property=\"og:type\" content=\"article\" \/>\n<meta property=\"og:title\" content=\"La industria de Olavarr\u00eda reconocida a nivel Mundial\" \/>\n<meta property=\"og:description\" content=\"La industria de Olavarr\u00eda reconocida a nivel mundial. Funcionarios, participaron, en calidad de invitados especiales, del acto anual.\" \/>\n<meta property=\"og:url\" content=\"https:\/\/experienciadevida.com.ar\/portalurbano\/la-industria-de-olavarria-reconocida-a-nivel-mundial\/\" \/>\n<meta property=\"article:publisher\" content=\"https:\/\/www.facebook.com\/Portal-Urbano-171542830093757\/\" \/>\n<meta property=\"article:published_time\" content=\"2021-03-10T14:02:43+00:00\" \/>\n<meta property=\"article:modified_time\" content=\"2021-03-10T14:03:25+00:00\" \/>\n<meta property=\"og:image\" content=\"https:\/\/experienciadevida.com.ar\/portalurbano\/wp-content\/uploads\/2021\/03\/La-industria-de-Olavarria-reconocida.jpeg\" \/>\n\t<meta property=\"og:image:width\" content=\"1024\" \/>\n\t<meta property=\"og:image:height\" content=\"564\" \/>\n\t<meta property=\"og:image:type\" content=\"image\/jpeg\" \/>\n<meta name=\"author\" content=\"admpu17wp\" \/>\n<meta name=\"twitter:card\" content=\"summary_large_image\" \/>\n<meta name=\"twitter:creator\" content=\"@portalurbanook\" \/>\n<meta name=\"twitter:site\" content=\"@portalurbanook\" \/>\n<meta name=\"twitter:label1\" content=\"Escrito por\" \/>\n\t<meta name=\"twitter:data1\" content=\"admpu17wp\" \/>\n\t<meta name=\"twitter:label2\" content=\"Tiempo de lectura\" \/>\n\t<meta name=\"twitter:data2\" content=\"4 minutos\" \/>\n<script type=\"application\/ld+json\" class=\"yoast-schema-graph\">{\"@context\":\"https:\/\/schema.org\",\"@graph\":[{\"@type\":\"Article\",\"@id\":\"https:\/\/experienciadevida.com.ar\/portalurbano\/la-industria-de-olavarria-reconocida-a-nivel-mundial\/#article\",\"isPartOf\":{\"@id\":\"https:\/\/experienciadevida.com.ar\/portalurbano\/la-industria-de-olavarria-reconocida-a-nivel-mundial\/\"},\"author\":{\"name\":\"admpu17wp\",\"@id\":\"https:\/\/experienciadevida.com.ar\/portalurbano\/#\/schema\/person\/02dd326b1c4b056e9cc972486934a3a7\"},\"headline\":\"La industria de Olavarr\u00eda reconocida a nivel mundial\",\"datePublished\":\"2021-03-10T14:02:43+00:00\",\"dateModified\":\"2021-03-10T14:03:25+00:00\",\"mainEntityOfPage\":{\"@id\":\"https:\/\/experienciadevida.com.ar\/portalurbano\/la-industria-de-olavarria-reconocida-a-nivel-mundial\/\"},\"wordCount\":938,\"publisher\":{\"@id\":\"https:\/\/experienciadevida.com.ar\/portalurbano\/#organization\"},\"articleSection\":[\"Ciudad\",\"Destacadas 2\"],\"inLanguage\":\"es\"},{\"@type\":\"WebPage\",\"@id\":\"https:\/\/experienciadevida.com.ar\/portalurbano\/la-industria-de-olavarria-reconocida-a-nivel-mundial\/\",\"url\":\"https:\/\/experienciadevida.com.ar\/portalurbano\/la-industria-de-olavarria-reconocida-a-nivel-mundial\/\",\"name\":\"La industria de Olavarr\u00eda reconocida a nivel Mundial\",\"isPartOf\":{\"@id\":\"https:\/\/experienciadevida.com.ar\/portalurbano\/#website\"},\"datePublished\":\"2021-03-10T14:02:43+00:00\",\"dateModified\":\"2021-03-10T14:03:25+00:00\",\"description\":\"La industria de Olavarr\u00eda reconocida a nivel mundial. Funcionarios, participaron, en calidad de invitados especiales, del acto anual.\",\"breadcrumb\":{\"@id\":\"https:\/\/experienciadevida.com.ar\/portalurbano\/la-industria-de-olavarria-reconocida-a-nivel-mundial\/#breadcrumb\"},\"inLanguage\":\"es\",\"potentialAction\":[{\"@type\":\"ReadAction\",\"target\":[\"https:\/\/experienciadevida.com.ar\/portalurbano\/la-industria-de-olavarria-reconocida-a-nivel-mundial\/\"]}]},{\"@type\":\"BreadcrumbList\",\"@id\":\"https:\/\/experienciadevida.com.ar\/portalurbano\/la-industria-de-olavarria-reconocida-a-nivel-mundial\/#breadcrumb\",\"itemListElement\":[{\"@type\":\"ListItem\",\"position\":1,\"name\":\"Portada\",\"item\":\"https:\/\/experienciadevida.com.ar\/portalurbano\/\"},{\"@type\":\"ListItem\",\"position\":2,\"name\":\"La industria de Olavarr\u00eda reconocida a nivel mundial\"}]},{\"@type\":\"WebSite\",\"@id\":\"https:\/\/experienciadevida.com.ar\/portalurbano\/#website\",\"url\":\"https:\/\/experienciadevida.com.ar\/portalurbano\/\",\"name\":\"\",\"description\":\"\",\"publisher\":{\"@id\":\"https:\/\/experienciadevida.com.ar\/portalurbano\/#organization\"},\"potentialAction\":[{\"@type\":\"SearchAction\",\"target\":{\"@type\":\"EntryPoint\",\"urlTemplate\":\"https:\/\/experienciadevida.com.ar\/portalurbano\/?s={search_term_string}\"},\"query-input\":\"required name=search_term_string\"}],\"inLanguage\":\"es\"},{\"@type\":\"Organization\",\"@id\":\"https:\/\/experienciadevida.com.ar\/portalurbano\/#organization\",\"name\":\"Portal Urbano\",\"url\":\"https:\/\/experienciadevida.com.ar\/portalurbano\/\",\"logo\":{\"@type\":\"ImageObject\",\"inLanguage\":\"es\",\"@id\":\"https:\/\/experienciadevida.com.ar\/portalurbano\/#\/schema\/logo\/image\/\",\"url\":\"https:\/\/experienciadevida.com.ar\/portalurbano\/wp-content\/uploads\/2019\/09\/Logo-Original.png\",\"contentUrl\":\"https:\/\/experienciadevida.com.ar\/portalurbano\/wp-content\/uploads\/2019\/09\/Logo-Original.png\",\"width\":2236,\"height\":1216,\"caption\":\"Portal Urbano\"},\"image\":{\"@id\":\"https:\/\/experienciadevida.com.ar\/portalurbano\/#\/schema\/logo\/image\/\"},\"sameAs\":[\"https:\/\/www.facebook.com\/Portal-Urbano-171542830093757\/\",\"https:\/\/twitter.com\/portalurbanook\",\"https:\/\/www.instagram.com\/_portalurbano\/\",\"https:\/\/www.youtube.com\/channel\/UCXhagIfszH8KxFiOok79zbA?view_as=subscriber\"]},{\"@type\":\"Person\",\"@id\":\"https:\/\/experienciadevida.com.ar\/portalurbano\/#\/schema\/person\/02dd326b1c4b056e9cc972486934a3a7\",\"name\":\"admpu17wp\",\"image\":{\"@type\":\"ImageObject\",\"inLanguage\":\"es\",\"@id\":\"https:\/\/experienciadevida.com.ar\/portalurbano\/#\/schema\/person\/image\/\",\"url\":\"https:\/\/secure.gravatar.com\/avatar\/830d4c57adaae6630765e449a6908047?s=96&d=mm&r=g\",\"contentUrl\":\"https:\/\/secure.gravatar.com\/avatar\/830d4c57adaae6630765e449a6908047?s=96&d=mm&r=g\",\"caption\":\"admpu17wp\"}}]}<\/script>\n<!-- \/ Yoast SEO plugin. -->","yoast_head_json":{"title":"La industria de Olavarr\u00eda reconocida a nivel Mundial","description":"La industria de Olavarr\u00eda reconocida a nivel mundial. Funcionarios, participaron, en calidad de invitados especiales, del acto anual.","robots":{"index":"index","follow":"follow","max-snippet":"max-snippet:-1","max-image-preview":"max-image-preview:large","max-video-preview":"max-video-preview:-1"},"canonical":"https:\/\/experienciadevida.com.ar\/portalurbano\/la-industria-de-olavarria-reconocida-a-nivel-mundial\/","og_locale":"es_ES","og_type":"article","og_title":"La industria de Olavarr\u00eda reconocida a nivel Mundial","og_description":"La industria de Olavarr\u00eda reconocida a nivel mundial. Funcionarios, participaron, en calidad de invitados especiales, del acto anual.","og_url":"https:\/\/experienciadevida.com.ar\/portalurbano\/la-industria-de-olavarria-reconocida-a-nivel-mundial\/","article_publisher":"https:\/\/www.facebook.com\/Portal-Urbano-171542830093757\/","article_published_time":"2021-03-10T14:02:43+00:00","article_modified_time":"2021-03-10T14:03:25+00:00","og_image":[{"width":1024,"height":564,"url":"https:\/\/experienciadevida.com.ar\/portalurbano\/wp-content\/uploads\/2021\/03\/La-industria-de-Olavarria-reconocida.jpeg","type":"image\/jpeg"}],"author":"admpu17wp","twitter_card":"summary_large_image","twitter_creator":"@portalurbanook","twitter_site":"@portalurbanook","twitter_misc":{"Escrito por":"admpu17wp","Tiempo de lectura":"4 minutos"},"schema":{"@context":"https:\/\/schema.org","@graph":[{"@type":"Article","@id":"https:\/\/experienciadevida.com.ar\/portalurbano\/la-industria-de-olavarria-reconocida-a-nivel-mundial\/#article","isPartOf":{"@id":"https:\/\/experienciadevida.com.ar\/portalurbano\/la-industria-de-olavarria-reconocida-a-nivel-mundial\/"},"author":{"name":"admpu17wp","@id":"https:\/\/experienciadevida.com.ar\/portalurbano\/#\/schema\/person\/02dd326b1c4b056e9cc972486934a3a7"},"headline":"La industria de Olavarr\u00eda reconocida a nivel mundial","datePublished":"2021-03-10T14:02:43+00:00","dateModified":"2021-03-10T14:03:25+00:00","mainEntityOfPage":{"@id":"https:\/\/experienciadevida.com.ar\/portalurbano\/la-industria-de-olavarria-reconocida-a-nivel-mundial\/"},"wordCount":938,"publisher":{"@id":"https:\/\/experienciadevida.com.ar\/portalurbano\/#organization"},"articleSection":["Ciudad","Destacadas 2"],"inLanguage":"es"},{"@type":"WebPage","@id":"https:\/\/experienciadevida.com.ar\/portalurbano\/la-industria-de-olavarria-reconocida-a-nivel-mundial\/","url":"https:\/\/experienciadevida.com.ar\/portalurbano\/la-industria-de-olavarria-reconocida-a-nivel-mundial\/","name":"La industria de Olavarr\u00eda reconocida a nivel Mundial","isPartOf":{"@id":"https:\/\/experienciadevida.com.ar\/portalurbano\/#website"},"datePublished":"2021-03-10T14:02:43+00:00","dateModified":"2021-03-10T14:03:25+00:00","description":"La industria de Olavarr\u00eda reconocida a nivel mundial. Funcionarios, participaron, en calidad de invitados especiales, del acto anual.","breadcrumb":{"@id":"https:\/\/experienciadevida.com.ar\/portalurbano\/la-industria-de-olavarria-reconocida-a-nivel-mundial\/#breadcrumb"},"inLanguage":"es","potentialAction":[{"@type":"ReadAction","target":["https:\/\/experienciadevida.com.ar\/portalurbano\/la-industria-de-olavarria-reconocida-a-nivel-mundial\/"]}]},{"@type":"BreadcrumbList","@id":"https:\/\/experienciadevida.com.ar\/portalurbano\/la-industria-de-olavarria-reconocida-a-nivel-mundial\/#breadcrumb","itemListElement":[{"@type":"ListItem","position":1,"name":"Portada","item":"https:\/\/experienciadevida.com.ar\/portalurbano\/"},{"@type":"ListItem","position":2,"name":"La industria de Olavarr\u00eda reconocida a nivel mundial"}]},{"@type":"WebSite","@id":"https:\/\/experienciadevida.com.ar\/portalurbano\/#website","url":"https:\/\/experienciadevida.com.ar\/portalurbano\/","name":"","description":"","publisher":{"@id":"https:\/\/experienciadevida.com.ar\/portalurbano\/#organization"},"potentialAction":[{"@type":"SearchAction","target":{"@type":"EntryPoint","urlTemplate":"https:\/\/experienciadevida.com.ar\/portalurbano\/?s={search_term_string}"},"query-input":"required name=search_term_string"}],"inLanguage":"es"},{"@type":"Organization","@id":"https:\/\/experienciadevida.com.ar\/portalurbano\/#organization","name":"Portal Urbano","url":"https:\/\/experienciadevida.com.ar\/portalurbano\/","logo":{"@type":"ImageObject","inLanguage":"es","@id":"https:\/\/experienciadevida.com.ar\/portalurbano\/#\/schema\/logo\/image\/","url":"https:\/\/experienciadevida.com.ar\/portalurbano\/wp-content\/uploads\/2019\/09\/Logo-Original.png","contentUrl":"https:\/\/experienciadevida.com.ar\/portalurbano\/wp-content\/uploads\/2019\/09\/Logo-Original.png","width":2236,"height":1216,"caption":"Portal Urbano"},"image":{"@id":"https:\/\/experienciadevida.com.ar\/portalurbano\/#\/schema\/logo\/image\/"},"sameAs":["https:\/\/www.facebook.com\/Portal-Urbano-171542830093757\/","https:\/\/twitter.com\/portalurbanook","https:\/\/www.instagram.com\/_portalurbano\/","https:\/\/www.youtube.com\/channel\/UCXhagIfszH8KxFiOok79zbA?view_as=subscriber"]},{"@type":"Person","@id":"https:\/\/experienciadevida.com.ar\/portalurbano\/#\/schema\/person\/02dd326b1c4b056e9cc972486934a3a7","name":"admpu17wp","image":{"@type":"ImageObject","inLanguage":"es","@id":"https:\/\/experienciadevida.com.ar\/portalurbano\/#\/schema\/person\/image\/","url":"https:\/\/secure.gravatar.com\/avatar\/830d4c57adaae6630765e449a6908047?s=96&d=mm&r=g","contentUrl":"https:\/\/secure.gravatar.com\/avatar\/830d4c57adaae6630765e449a6908047?s=96&d=mm&r=g","caption":"admpu17wp"}}]}},"featured_image_urls":{"full":["https:\/\/experienciadevida.com.ar\/portalurbano\/wp-content\/uploads\/2021\/03\/La-industria-de-Olavarria-reconocida.jpeg",1024,564,false],"thumbnail":["https:\/\/experienciadevida.com.ar\/portalurbano\/wp-content\/uploads\/2021\/03\/La-industria-de-Olavarria-reconocida-150x150.jpeg",150,150,true],"medium":["https:\/\/experienciadevida.com.ar\/portalurbano\/wp-content\/uploads\/2021\/03\/La-industria-de-Olavarria-reconocida-300x165.jpeg",300,165,true],"medium_large":["https:\/\/experienciadevida.com.ar\/portalurbano\/wp-content\/uploads\/2021\/03\/La-industria-de-Olavarria-reconocida-768x423.jpeg",640,353,true],"large":["https:\/\/experienciadevida.com.ar\/portalurbano\/wp-content\/uploads\/2021\/03\/La-industria-de-Olavarria-reconocida.jpeg",640,353,false],"ug_big":["https:\/\/experienciadevida.com.ar\/portalurbano\/wp-content\/uploads\/2021\/03\/La-industria-de-Olavarria-reconocida-768x423.jpeg",768,423,true],"1536x1536":["https:\/\/experienciadevida.com.ar\/portalurbano\/wp-content\/uploads\/2021\/03\/La-industria-de-Olavarria-reconocida.jpeg",1024,564,false],"2048x2048":["https:\/\/experienciadevida.com.ar\/portalurbano\/wp-content\/uploads\/2021\/03\/La-industria-de-Olavarria-reconocida.jpeg",1024,564,false],"newsever-slider-full":["https:\/\/experienciadevida.com.ar\/portalurbano\/wp-content\/uploads\/2021\/03\/La-industria-de-Olavarria-reconocida.jpeg",1024,564,false],"newsever-featured":["https:\/\/experienciadevida.com.ar\/portalurbano\/wp-content\/uploads\/2021\/03\/La-industria-de-Olavarria-reconocida.jpeg",1024,564,false],"newsever-medium":["https:\/\/experienciadevida.com.ar\/portalurbano\/wp-content\/uploads\/2021\/03\/La-industria-de-Olavarria-reconocida.jpeg",720,397,false],"web-stories-poster-portrait":["https:\/\/experienciadevida.com.ar\/portalurbano\/wp-content\/uploads\/2021\/03\/La-industria-de-Olavarria-reconocida.jpeg",640,353,false],"web-stories-publisher-logo":["https:\/\/experienciadevida.com.ar\/portalurbano\/wp-content\/uploads\/2021\/03\/La-industria-de-Olavarria-reconocida.jpeg",96,53,false],"web-stories-thumbnail":["https:\/\/experienciadevida.com.ar\/portalurbano\/wp-content\/uploads\/2021\/03\/La-industria-de-Olavarria-reconocida.jpeg",150,83,false]},"author_info":{"display_name":"admpu17wp","author_link":"https:\/\/experienciadevida.com.ar\/portalurbano\/author\/admpu17wp\/"},"category_info":"<a href=\"https:\/\/experienciadevida.com.ar\/portalurbano\/category\/ciudad\/\" rel=\"category tag\">Ciudad<\/a> <a href=\"https:\/\/experienciadevida.com.ar\/portalurbano\/category\/destacadas-2\/\" rel=\"category tag\">Destacadas 2<\/a>","tag_info":"Destacadas 2","comment_count":"0","amp_enabled":true,"_links":{"self":[{"href":"https:\/\/experienciadevida.com.ar\/portalurbano\/wp-json\/wp\/v2\/posts\/137071"}],"collection":[{"href":"https:\/\/experienciadevida.com.ar\/portalurbano\/wp-json\/wp\/v2\/posts"}],"about":[{"href":"https:\/\/experienciadevida.com.ar\/portalurbano\/wp-json\/wp\/v2\/types\/post"}],"author":[{"embeddable":true,"href":"https:\/\/experienciadevida.com.ar\/portalurbano\/wp-json\/wp\/v2\/users\/1"}],"replies":[{"embeddable":true,"href":"https:\/\/experienciadevida.com.ar\/portalurbano\/wp-json\/wp\/v2\/comments?post=137071"}],"version-history":[{"count":1,"href":"https:\/\/experienciadevida.com.ar\/portalurbano\/wp-json\/wp\/v2\/posts\/137071\/revisions"}],"predecessor-version":[{"id":137073,"href":"https:\/\/experienciadevida.com.ar\/portalurbano\/wp-json\/wp\/v2\/posts\/137071\/revisions\/137073"}],"wp:featuredmedia":[{"embeddable":true,"href":"https:\/\/experienciadevida.com.ar\/portalurbano\/wp-json\/wp\/v2\/media\/137072"}],"wp:attachment":[{"href":"https:\/\/experienciadevida.com.ar\/portalurbano\/wp-json\/wp\/v2\/media?parent=137071"}],"wp:term":[{"taxonomy":"category","embeddable":true,"href":"https:\/\/experienciadevida.com.ar\/portalurbano\/wp-json\/wp\/v2\/categories?post=137071"},{"taxonomy":"post_tag","embeddable":true,"href":"https:\/\/experienciadevida.com.ar\/portalurbano\/wp-json\/wp\/v2\/tags?post=137071"}],"curies":[{"name":"wp","href":"https:\/\/api.w.org\/{rel}","templated":true}]}}